{"id":5544,"date":"2022-10-21T15:19:43","date_gmt":"2022-10-21T15:19:43","guid":{"rendered":"https:\/\/www.public.sn\/?p=5544"},"modified":"2022-10-21T16:34:17","modified_gmt":"2022-10-21T16:34:17","slug":"guinee-3-mors-dans-les-manifestations","status":"publish","type":"post","link":"https:\/\/www.public.sn\/index.php\/2022\/10\/21\/guinee-3-mors-dans-les-manifestations\/","title":{"rendered":"Guin\u00e9e : 3 morts dans les manifestations."},"content":{"rendered":"\n<p>Trois civils ont \u00e9t\u00e9 tu\u00e9s &nbsp;ce jeudi en Guin\u00e9e au cours de manifestations contre la junte au pouvoir, ont indiqu\u00e9 le collectif organisateur et le minist\u00e8re de la Justice.<\/p><div class=\"publi-paragraphe1\" style=\"margin-top: 10px;margin-bottom: 10px;margin-left: auto;margin-right: auto;text-align: center;\" id=\"publi-3546965831\"><div class=\"publi-adlabel\">Publicit\u00e9<\/div><script async src=\"\/\/pagead2.googlesyndication.com\/pagead\/js\/adsbygoogle.js?client=ca-pub-4089586018074219\" crossorigin=\"anonymous\"><\/script><ins class=\"adsbygoogle\" style=\"display:block;\" data-ad-client=\"ca-pub-4089586018074219\" \ndata-ad-slot=\"2087940154\" \ndata-ad-format=\"auto\"><\/ins>\n<script> \n(adsbygoogle = window.adsbygoogle || []).push({}); \n<\/script>\n<\/div>\n\n\n\n<p>De son c\u00f4t\u00e9, le procureur g\u00e9n\u00e9ral de Conakry a ordonn\u00e9 des poursuites contre ceux qui ont appel\u00e9 \u00e0 manifester ou ont soutenu l&rsquo;appel, et a nomm\u00e9 express\u00e9ment sept figures d&rsquo;opposition dont S\u00e9kou Koundouno, Francis P\u00e9p\u00e9 Haba, Cellou Bald\u00e9, \u00c9tienne Soropogui, Mamadou Sylla, Dembo Sylla, Fod\u00e9 Oussou Fofana, parmi d&rsquo;autres..<\/p>\n\n\n\n<p>Le Front national pour la d\u00e9fense de la Constitution (FNDC), qui avait appel\u00e9 \u00e0 manifester, a indiqu\u00e9 dans un communiqu\u00e9 que les trois personnes d\u00e9c\u00e9d\u00e9es, Thierno Bella Diallo, El hadj Boubacar Diallo et Thierno Moussa Barry avaient \u00e9t\u00e9 victimes de la \u00ab\u00a0r\u00e9pression sauvage\u00a0\u00bb exerc\u00e9e par les forces de s\u00e9curit\u00e9.<\/p>\n\n\n\n<p>Le ministre de la Justice Alphonse Charles Wright a confirm\u00e9 leur d\u00e9c\u00e8s dans un communiqu\u00e9 ce vendredi tout en ajoutant que les causes \u00ab\u00a0restent \u00e0 \u00e9lucider par voie d&rsquo;autopsie\u00a0\u00bb.<\/p>\n\n\n\n<p>Il a ordonn\u00e9 des poursuites, sans se prononcer sur les auteurs pr\u00e9sum\u00e9s. Il a affirm\u00e9 la volont\u00e9 des autorit\u00e9s de combattre l&rsquo;impunit\u00e9.<\/p>\n\n\n\n<p>Les d\u00e9fenseurs des droits accusent r\u00e9guli\u00e8rement les policiers et les gendarmes guin\u00e9ens de faire un usage excessif de la force, et les autorit\u00e9s de fermer les yeux dans un pays coutumier des violences politiques.<\/p>\n\n\n\n<p>Le ministre a ordonn\u00e9 l&rsquo;identification \u00ab\u00a0sans d\u00e9lai\u00a0\u00bb d&rsquo;un membre des forces de s\u00e9curit\u00e9 dont l&rsquo;image est devenue virale sur les r\u00e9seaux sociaux. Une vid\u00e9o le montre en train de faire feu avec un pistolet sur une cible non visible \u00e0 l&rsquo;image.<\/p>\n\n\n\n<p>Parall\u00e8lement, le procureur g\u00e9n\u00e9ral de Conakry Yamoussa Cont\u00e9 a ordonn\u00e9 des poursuites \u00ab\u00a0contre les organisateurs et tous participants (\u00e0 la) manifestation interdite\u00a0\u00bb, dans un communiqu\u00e9 lu sur la t\u00e9l\u00e9vision d&rsquo;Etat.<\/p>\n\n\n\n<p>Samba SY.<\/p>\n<div class=\"publi-apres-le-contenu\" style=\"margin-top: 10px;margin-bottom: 10px;margin-left: auto;margin-right: auto;text-align: center;\" id=\"publi-2710917347\"><div class=\"publi-adlabel\">Publicit\u00e9<\/div><script async src=\"\/\/pagead2.googlesyndication.com\/pagead\/js\/adsbygoogle.js?client=ca-pub-4089586018074219\" crossorigin=\"anonymous\"><\/script><ins class=\"adsbygoogle\" style=\"display:block;\" data-ad-client=\"ca-pub-4089586018074219\" \ndata-ad-slot=\"2087940154\" \ndata-ad-format=\"auto\"><\/ins>\n<script> \n(adsbygoogle = window.adsbygoogle || []).push({}); \n<\/script>\n<\/div>","protected":false},"excerpt":{"rendered":"<p>Trois civils ont \u00e9t\u00e9 tu\u00e9s &nbsp;ce jeudi en Guin\u00e9e au cours de manifestations contre la junte au pouvoir, ont indiqu\u00e9 le collectif organisateur et le minist\u00e8re de la Justice. De son c\u00f4t\u00e9, le procureur g\u00e9n\u00e9ral de Conakry a ordonn\u00e9 des poursuites contre ceux qui ont appel\u00e9 \u00e0 manifester ou ont soutenu l&rsquo;appel, et a nomm\u00e9 express\u00e9ment sept figures d&rsquo;opposition dont S\u00e9kou Koundouno, Francis P\u00e9p\u00e9 Haba, Cellou Bald\u00e9, \u00c9tienne Soropogui, Mamadou Sylla, Dembo Sylla, Fod\u00e9 Oussou Fofana, parmi d&rsquo;autres.. Le Front national pour la d\u00e9fense de la Constitution (FNDC), qui avait appel\u00e9 \u00e0 manifester, a indiqu\u00e9 dans un communiqu\u00e9 que les trois personnes d\u00e9c\u00e9d\u00e9es, Thierno Bella Diallo, El hadj Boubacar Diallo et Thierno Moussa Barry avaient \u00e9t\u00e9 victimes de la \u00ab\u00a0r\u00e9pression sauvage\u00a0\u00bb exerc\u00e9e par les forces de s\u00e9curit\u00e9. Le ministre de la Justice Alphonse Charles Wright a confirm\u00e9 leur d\u00e9c\u00e8s dans un communiqu\u00e9 ce vendredi tout en ajoutant que les causes \u00ab\u00a0restent \u00e0 \u00e9lucider par voie d&rsquo;autopsie\u00a0\u00bb. Il a ordonn\u00e9 des poursuites, sans se prononcer sur les auteurs pr\u00e9sum\u00e9s. Il a affirm\u00e9 la volont\u00e9 des autorit\u00e9s de combattre l&rsquo;impunit\u00e9. Les d\u00e9fenseurs des droits accusent r\u00e9guli\u00e8rement les policiers et les gendarmes guin\u00e9ens de faire un usage excessif de la force, et les autorit\u00e9s de fermer les yeux dans un pays coutumier des violences politiques. Le ministre a ordonn\u00e9 l&rsquo;identification \u00ab\u00a0sans d\u00e9lai\u00a0\u00bb d&rsquo;un membre des forces de s\u00e9curit\u00e9 dont l&rsquo;image est devenue virale sur les r\u00e9seaux sociaux. Une vid\u00e9o le montre en train de faire feu avec un pistolet sur une cible non visible \u00e0 l&rsquo;image. Parall\u00e8lement, le procureur g\u00e9n\u00e9ral de Conakry Yamoussa Cont\u00e9 a ordonn\u00e9 des poursuites \u00ab\u00a0contre les organisateurs et tous participants (\u00e0 la) manifestation interdite\u00a0\u00bb, dans un communiqu\u00e9 lu sur la t\u00e9l\u00e9vision d&rsquo;Etat. Samba SY.<\/p>\n","protected":false},"author":7,"featured_media":5545,"comment_status":"open","ping_status":"open","sticky":false,"template":"","format":"standard","meta":{"_jetpack_memberships_contains_paid_content":false,"footnotes":""},"categories":[375,550],"tags":[1825,1154,492],"class_list":["post-5544","post","type-post","status-publish","format-standard","has-post-thumbnail","hentry","category-actualites","category-afrique-monde","tag-guinee-2","tag-manifestation","tag-mort","entry","has-media","owp-thumbs-layout-horizontal","owp-btn-normal","owp-tabs-layout-horizontal","has-no-thumbnails","has-product-nav"],"yoast_head":"<!-- This site is optimized with the Yoast SEO plugin v25.5 - https:\/\/yoast.com\/wordpress\/plugins\/seo\/ -->\n<title>Guin\u00e9e : 3 morts dans les manifestations. - LE PUBLIC<\/title>\n<meta name=\"robots\" content=\"index, follow, max-snippet:-1, max-image-preview:large, max-video-preview:-1\" \/>\n<link rel=\"canonical\" href=\"https:\/\/www.public.sn\/index.php\/2022\/10\/21\/guinee-3-mors-dans-les-manifestations\/\" \/>\n<meta property=\"og:locale\" content=\"fr_FR\" \/>\n<meta property=\"og:type\" content=\"article\" \/>\n<meta property=\"og:title\" content=\"Guin\u00e9e : 3 morts dans les manifestations. - LE PUBLIC\" \/>\n<meta property=\"og:description\" content=\"Trois civils ont \u00e9t\u00e9 tu\u00e9s &nbsp;ce jeudi en Guin\u00e9e au cours de manifestations contre la junte au pouvoir, ont indiqu\u00e9 le collectif organisateur et le minist\u00e8re de la Justice. De son c\u00f4t\u00e9, le procureur g\u00e9n\u00e9ral de Conakry a ordonn\u00e9 des poursuites contre ceux qui ont appel\u00e9 \u00e0 manifester ou ont soutenu l&rsquo;appel, et a nomm\u00e9 express\u00e9ment sept figures d&rsquo;opposition dont S\u00e9kou Koundouno, Francis P\u00e9p\u00e9 Haba, Cellou Bald\u00e9, \u00c9tienne Soropogui, Mamadou Sylla, Dembo Sylla, Fod\u00e9 Oussou Fofana, parmi d&rsquo;autres.. Le Front national pour la d\u00e9fense de la Constitution (FNDC), qui avait appel\u00e9 \u00e0 manifester, a indiqu\u00e9 dans un communiqu\u00e9 que les trois personnes d\u00e9c\u00e9d\u00e9es, Thierno Bella Diallo, El hadj Boubacar Diallo et Thierno Moussa Barry avaient \u00e9t\u00e9 victimes de la \u00ab\u00a0r\u00e9pression sauvage\u00a0\u00bb exerc\u00e9e par les forces de s\u00e9curit\u00e9. Le ministre de la Justice Alphonse Charles Wright a confirm\u00e9 leur d\u00e9c\u00e8s dans un communiqu\u00e9 ce vendredi tout en ajoutant que les causes \u00ab\u00a0restent \u00e0 \u00e9lucider par voie d&rsquo;autopsie\u00a0\u00bb. Il a ordonn\u00e9 des poursuites, sans se prononcer sur les auteurs pr\u00e9sum\u00e9s. Il a affirm\u00e9 la volont\u00e9 des autorit\u00e9s de combattre l&rsquo;impunit\u00e9. Les d\u00e9fenseurs des droits accusent r\u00e9guli\u00e8rement les policiers et les gendarmes guin\u00e9ens de faire un usage excessif de la force, et les autorit\u00e9s de fermer les yeux dans un pays coutumier des violences politiques. Le ministre a ordonn\u00e9 l&rsquo;identification \u00ab\u00a0sans d\u00e9lai\u00a0\u00bb d&rsquo;un membre des forces de s\u00e9curit\u00e9 dont l&rsquo;image est devenue virale sur les r\u00e9seaux sociaux. Une vid\u00e9o le montre en train de faire feu avec un pistolet sur une cible non visible \u00e0 l&rsquo;image. Parall\u00e8lement, le procureur g\u00e9n\u00e9ral de Conakry Yamoussa Cont\u00e9 a ordonn\u00e9 des poursuites \u00ab\u00a0contre les organisateurs et tous participants (\u00e0 la) manifestation interdite\u00a0\u00bb, dans un communiqu\u00e9 lu sur la t\u00e9l\u00e9vision d&rsquo;Etat. Samba SY.\" \/>\n<meta property=\"og:url\" content=\"https:\/\/www.public.sn\/index.php\/2022\/10\/21\/guinee-3-mors-dans-les-manifestations\/\" \/>\n<meta property=\"og:site_name\" content=\"LE PUBLIC\" \/>\n<meta property=\"article:published_time\" content=\"2022-10-21T15:19:43+00:00\" \/>\n<meta property=\"article:modified_time\" content=\"2022-10-21T16:34:17+00:00\" \/>\n<meta property=\"og:image\" content=\"https:\/\/www.public.sn\/wp-content\/uploads\/2022\/10\/guine-1024x650.jpg\" \/>\n\t<meta property=\"og:image:width\" content=\"1024\" \/>\n\t<meta property=\"og:image:height\" content=\"650\" \/>\n\t<meta property=\"og:image:type\" content=\"image\/jpeg\" \/>\n<meta name=\"author\" content=\"LA REDACTION\" \/>\n<meta name=\"twitter:card\" content=\"summary_large_image\" \/>\n<meta name=\"twitter:label1\" content=\"\u00c9crit par\" \/>\n\t<meta name=\"twitter:data1\" content=\"LA REDACTION\" \/>\n\t<meta name=\"twitter:label2\" content=\"Dur\u00e9e de lecture estim\u00e9e\" \/>\n\t<meta name=\"twitter:data2\" content=\"2 minutes\" \/>\n<script type=\"application\/ld+json\" class=\"yoast-schema-graph\">{\"@context\":\"https:\/\/schema.org\",\"@graph\":[{\"@type\":\"Article\",\"@id\":\"https:\/\/www.public.sn\/index.php\/2022\/10\/21\/guinee-3-mors-dans-les-manifestations\/#article\",\"isPartOf\":{\"@id\":\"https:\/\/www.public.sn\/index.php\/2022\/10\/21\/guinee-3-mors-dans-les-manifestations\/\"},\"author\":{\"name\":\"LA REDACTION\",\"@id\":\"https:\/\/www.public.sn\/#\/schema\/person\/cb76c8e1b8becc6be61fb5e92d6d0224\"},\"headline\":\"Guin\u00e9e : 3 morts dans les manifestations.\",\"datePublished\":\"2022-10-21T15:19:43+00:00\",\"dateModified\":\"2022-10-21T16:34:17+00:00\",\"mainEntityOfPage\":{\"@id\":\"https:\/\/www.public.sn\/index.php\/2022\/10\/21\/guinee-3-mors-dans-les-manifestations\/\"},\"wordCount\":322,\"commentCount\":0,\"publisher\":{\"@id\":\"https:\/\/www.public.sn\/#organization\"},\"image\":{\"@id\":\"https:\/\/www.public.sn\/index.php\/2022\/10\/21\/guinee-3-mors-dans-les-manifestations\/#primaryimage\"},\"thumbnailUrl\":\"https:\/\/www.public.sn\/wp-content\/uploads\/2022\/10\/guine.jpg\",\"keywords\":[\"guinee\",\"manifestation\",\"Mort\"],\"articleSection\":[\"ACTUALIT\u00c9S\",\"AFRIQUE &amp; MONDE\"],\"inLanguage\":\"fr-FR\",\"potentialAction\":[{\"@type\":\"CommentAction\",\"name\":\"Comment\",\"target\":[\"https:\/\/www.public.sn\/index.php\/2022\/10\/21\/guinee-3-mors-dans-les-manifestations\/#respond\"]}]},{\"@type\":\"WebPage\",\"@id\":\"https:\/\/www.public.sn\/index.php\/2022\/10\/21\/guinee-3-mors-dans-les-manifestations\/\",\"url\":\"https:\/\/www.public.sn\/index.php\/2022\/10\/21\/guinee-3-mors-dans-les-manifestations\/\",\"name\":\"Guin\u00e9e : 3 morts dans les manifestations. - LE PUBLIC\",\"isPartOf\":{\"@id\":\"https:\/\/www.public.sn\/#website\"},\"primaryImageOfPage\":{\"@id\":\"https:\/\/www.public.sn\/index.php\/2022\/10\/21\/guinee-3-mors-dans-les-manifestations\/#primaryimage\"},\"image\":{\"@id\":\"https:\/\/www.public.sn\/index.php\/2022\/10\/21\/guinee-3-mors-dans-les-manifestations\/#primaryimage\"},\"thumbnailUrl\":\"https:\/\/www.public.sn\/wp-content\/uploads\/2022\/10\/guine.jpg\",\"datePublished\":\"2022-10-21T15:19:43+00:00\",\"dateModified\":\"2022-10-21T16:34:17+00:00\",\"breadcrumb\":{\"@id\":\"https:\/\/www.public.sn\/index.php\/2022\/10\/21\/guinee-3-mors-dans-les-manifestations\/#breadcrumb\"},\"inLanguage\":\"fr-FR\",\"potentialAction\":[{\"@type\":\"ReadAction\",\"target\":[\"https:\/\/www.public.sn\/index.php\/2022\/10\/21\/guinee-3-mors-dans-les-manifestations\/\"]}]},{\"@type\":\"ImageObject\",\"inLanguage\":\"fr-FR\",\"@id\":\"https:\/\/www.public.sn\/index.php\/2022\/10\/21\/guinee-3-mors-dans-les-manifestations\/#primaryimage\",\"url\":\"https:\/\/www.public.sn\/wp-content\/uploads\/2022\/10\/guine.jpg\",\"contentUrl\":\"https:\/\/www.public.sn\/wp-content\/uploads\/2022\/10\/guine.jpg\",\"width\":2000,\"height\":1269,\"caption\":\"publicsn\"},{\"@type\":\"BreadcrumbList\",\"@id\":\"https:\/\/www.public.sn\/index.php\/2022\/10\/21\/guinee-3-mors-dans-les-manifestations\/#breadcrumb\",\"itemListElement\":[{\"@type\":\"ListItem\",\"position\":1,\"name\":\"Accueil\",\"item\":\"https:\/\/www.public.sn\/\"},{\"@type\":\"ListItem\",\"position\":2,\"name\":\"Guin\u00e9e : 3 morts dans les manifestations.\"}]},{\"@type\":\"WebSite\",\"@id\":\"https:\/\/www.public.sn\/#website\",\"url\":\"https:\/\/www.public.sn\/\",\"name\":\"LE PUBLIC\",\"description\":\"\",\"publisher\":{\"@id\":\"https:\/\/www.public.sn\/#organization\"},\"potentialAction\":[{\"@type\":\"SearchAction\",\"target\":{\"@type\":\"EntryPoint\",\"urlTemplate\":\"https:\/\/www.public.sn\/?s={search_term_string}\"},\"query-input\":{\"@type\":\"PropertyValueSpecification\",\"valueRequired\":true,\"valueName\":\"search_term_string\"}}],\"inLanguage\":\"fr-FR\"},{\"@type\":\"Organization\",\"@id\":\"https:\/\/www.public.sn\/#organization\",\"name\":\"LE PUBLIC\",\"url\":\"https:\/\/www.public.sn\/\",\"logo\":{\"@type\":\"ImageObject\",\"inLanguage\":\"fr-FR\",\"@id\":\"https:\/\/www.public.sn\/#\/schema\/logo\/image\/\",\"url\":\"https:\/\/www.public.sn\/wp-content\/uploads\/2024\/05\/cropped-LOGO-PUBLIC.SN_.png\",\"contentUrl\":\"https:\/\/www.public.sn\/wp-content\/uploads\/2024\/05\/cropped-LOGO-PUBLIC.SN_.png\",\"width\":682,\"height\":192,\"caption\":\"LE PUBLIC\"},\"image\":{\"@id\":\"https:\/\/www.public.sn\/#\/schema\/logo\/image\/\"}},{\"@type\":\"Person\",\"@id\":\"https:\/\/www.public.sn\/#\/schema\/person\/cb76c8e1b8becc6be61fb5e92d6d0224\",\"name\":\"LA REDACTION\",\"image\":{\"@type\":\"ImageObject\",\"inLanguage\":\"fr-FR\",\"@id\":\"https:\/\/www.public.sn\/#\/schema\/person\/image\/\",\"url\":\"https:\/\/secure.gravatar.com\/avatar\/2dce5ddd34b8fef0180efe03aa2a9bee7d953856048f9a16b298190a3178407c?s=96&d=mm&r=g\",\"contentUrl\":\"https:\/\/secure.gravatar.com\/avatar\/2dce5ddd34b8fef0180efe03aa2a9bee7d953856048f9a16b298190a3178407c?s=96&d=mm&r=g\",\"caption\":\"LA REDACTION\"},\"url\":\"https:\/\/www.public.sn\/index.php\/author\/editeurpsn\/\"}]}<\/script>\n<!-- \/ Yoast SEO plugin. -->","yoast_head_json":{"title":"Guin\u00e9e : 3 morts dans les manifestations. - LE PUBLIC","robots":{"index":"index","follow":"follow","max-snippet":"max-snippet:-1","max-image-preview":"max-image-preview:large","max-video-preview":"max-video-preview:-1"},"canonical":"https:\/\/www.public.sn\/index.php\/2022\/10\/21\/guinee-3-mors-dans-les-manifestations\/","og_locale":"fr_FR","og_type":"article","og_title":"Guin\u00e9e : 3 morts dans les manifestations. - LE PUBLIC","og_description":"Trois civils ont \u00e9t\u00e9 tu\u00e9s &nbsp;ce jeudi en Guin\u00e9e au cours de manifestations contre la junte au pouvoir, ont indiqu\u00e9 le collectif organisateur et le minist\u00e8re de la Justice. De son c\u00f4t\u00e9, le procureur g\u00e9n\u00e9ral de Conakry a ordonn\u00e9 des poursuites contre ceux qui ont appel\u00e9 \u00e0 manifester ou ont soutenu l&rsquo;appel, et a nomm\u00e9 express\u00e9ment sept figures d&rsquo;opposition dont S\u00e9kou Koundouno, Francis P\u00e9p\u00e9 Haba, Cellou Bald\u00e9, \u00c9tienne Soropogui, Mamadou Sylla, Dembo Sylla, Fod\u00e9 Oussou Fofana, parmi d&rsquo;autres.. Le Front national pour la d\u00e9fense de la Constitution (FNDC), qui avait appel\u00e9 \u00e0 manifester, a indiqu\u00e9 dans un communiqu\u00e9 que les trois personnes d\u00e9c\u00e9d\u00e9es, Thierno Bella Diallo, El hadj Boubacar Diallo et Thierno Moussa Barry avaient \u00e9t\u00e9 victimes de la \u00ab\u00a0r\u00e9pression sauvage\u00a0\u00bb exerc\u00e9e par les forces de s\u00e9curit\u00e9. Le ministre de la Justice Alphonse Charles Wright a confirm\u00e9 leur d\u00e9c\u00e8s dans un communiqu\u00e9 ce vendredi tout en ajoutant que les causes \u00ab\u00a0restent \u00e0 \u00e9lucider par voie d&rsquo;autopsie\u00a0\u00bb. Il a ordonn\u00e9 des poursuites, sans se prononcer sur les auteurs pr\u00e9sum\u00e9s. Il a affirm\u00e9 la volont\u00e9 des autorit\u00e9s de combattre l&rsquo;impunit\u00e9. Les d\u00e9fenseurs des droits accusent r\u00e9guli\u00e8rement les policiers et les gendarmes guin\u00e9ens de faire un usage excessif de la force, et les autorit\u00e9s de fermer les yeux dans un pays coutumier des violences politiques. Le ministre a ordonn\u00e9 l&rsquo;identification \u00ab\u00a0sans d\u00e9lai\u00a0\u00bb d&rsquo;un membre des forces de s\u00e9curit\u00e9 dont l&rsquo;image est devenue virale sur les r\u00e9seaux sociaux. Une vid\u00e9o le montre en train de faire feu avec un pistolet sur une cible non visible \u00e0 l&rsquo;image. Parall\u00e8lement, le procureur g\u00e9n\u00e9ral de Conakry Yamoussa Cont\u00e9 a ordonn\u00e9 des poursuites \u00ab\u00a0contre les organisateurs et tous participants (\u00e0 la) manifestation interdite\u00a0\u00bb, dans un communiqu\u00e9 lu sur la t\u00e9l\u00e9vision d&rsquo;Etat. Samba SY.","og_url":"https:\/\/www.public.sn\/index.php\/2022\/10\/21\/guinee-3-mors-dans-les-manifestations\/","og_site_name":"LE PUBLIC","article_published_time":"2022-10-21T15:19:43+00:00","article_modified_time":"2022-10-21T16:34:17+00:00","og_image":[{"width":1024,"height":650,"url":"https:\/\/www.public.sn\/wp-content\/uploads\/2022\/10\/guine-1024x650.jpg","type":"image\/jpeg"}],"author":"LA REDACTION","twitter_card":"summary_large_image","twitter_misc":{"\u00c9crit par":"LA REDACTION","Dur\u00e9e de lecture estim\u00e9e":"2 minutes"},"schema":{"@context":"https:\/\/schema.org","@graph":[{"@type":"Article","@id":"https:\/\/www.public.sn\/index.php\/2022\/10\/21\/guinee-3-mors-dans-les-manifestations\/#article","isPartOf":{"@id":"https:\/\/www.public.sn\/index.php\/2022\/10\/21\/guinee-3-mors-dans-les-manifestations\/"},"author":{"name":"LA REDACTION","@id":"https:\/\/www.public.sn\/#\/schema\/person\/cb76c8e1b8becc6be61fb5e92d6d0224"},"headline":"Guin\u00e9e : 3 morts dans les manifestations.","datePublished":"2022-10-21T15:19:43+00:00","dateModified":"2022-10-21T16:34:17+00:00","mainEntityOfPage":{"@id":"https:\/\/www.public.sn\/index.php\/2022\/10\/21\/guinee-3-mors-dans-les-manifestations\/"},"wordCount":322,"commentCount":0,"publisher":{"@id":"https:\/\/www.public.sn\/#organization"},"image":{"@id":"https:\/\/www.public.sn\/index.php\/2022\/10\/21\/guinee-3-mors-dans-les-manifestations\/#primaryimage"},"thumbnailUrl":"https:\/\/www.public.sn\/wp-content\/uploads\/2022\/10\/guine.jpg","keywords":["guinee","manifestation","Mort"],"articleSection":["ACTUALIT\u00c9S","AFRIQUE &amp; MONDE"],"inLanguage":"fr-FR","potentialAction":[{"@type":"CommentAction","name":"Comment","target":["https:\/\/www.public.sn\/index.php\/2022\/10\/21\/guinee-3-mors-dans-les-manifestations\/#respond"]}]},{"@type":"WebPage","@id":"https:\/\/www.public.sn\/index.php\/2022\/10\/21\/guinee-3-mors-dans-les-manifestations\/","url":"https:\/\/www.public.sn\/index.php\/2022\/10\/21\/guinee-3-mors-dans-les-manifestations\/","name":"Guin\u00e9e : 3 morts dans les manifestations. - LE PUBLIC","isPartOf":{"@id":"https:\/\/www.public.sn\/#website"},"primaryImageOfPage":{"@id":"https:\/\/www.public.sn\/index.php\/2022\/10\/21\/guinee-3-mors-dans-les-manifestations\/#primaryimage"},"image":{"@id":"https:\/\/www.public.sn\/index.php\/2022\/10\/21\/guinee-3-mors-dans-les-manifestations\/#primaryimage"},"thumbnailUrl":"https:\/\/www.public.sn\/wp-content\/uploads\/2022\/10\/guine.jpg","datePublished":"2022-10-21T15:19:43+00:00","dateModified":"2022-10-21T16:34:17+00:00","breadcrumb":{"@id":"https:\/\/www.public.sn\/index.php\/2022\/10\/21\/guinee-3-mors-dans-les-manifestations\/#breadcrumb"},"inLanguage":"fr-FR","potentialAction":[{"@type":"ReadAction","target":["https:\/\/www.public.sn\/index.php\/2022\/10\/21\/guinee-3-mors-dans-les-manifestations\/"]}]},{"@type":"ImageObject","inLanguage":"fr-FR","@id":"https:\/\/www.public.sn\/index.php\/2022\/10\/21\/guinee-3-mors-dans-les-manifestations\/#primaryimage","url":"https:\/\/www.public.sn\/wp-content\/uploads\/2022\/10\/guine.jpg","contentUrl":"https:\/\/www.public.sn\/wp-content\/uploads\/2022\/10\/guine.jpg","width":2000,"height":1269,"caption":"publicsn"},{"@type":"BreadcrumbList","@id":"https:\/\/www.public.sn\/index.php\/2022\/10\/21\/guinee-3-mors-dans-les-manifestations\/#breadcrumb","itemListElement":[{"@type":"ListItem","position":1,"name":"Accueil","item":"https:\/\/www.public.sn\/"},{"@type":"ListItem","position":2,"name":"Guin\u00e9e : 3 morts dans les manifestations."}]},{"@type":"WebSite","@id":"https:\/\/www.public.sn\/#website","url":"https:\/\/www.public.sn\/","name":"LE PUBLIC","description":"","publisher":{"@id":"https:\/\/www.public.sn\/#organization"},"potentialAction":[{"@type":"SearchAction","target":{"@type":"EntryPoint","urlTemplate":"https:\/\/www.public.sn\/?s={search_term_string}"},"query-input":{"@type":"PropertyValueSpecification","valueRequired":true,"valueName":"search_term_string"}}],"inLanguage":"fr-FR"},{"@type":"Organization","@id":"https:\/\/www.public.sn\/#organization","name":"LE PUBLIC","url":"https:\/\/www.public.sn\/","logo":{"@type":"ImageObject","inLanguage":"fr-FR","@id":"https:\/\/www.public.sn\/#\/schema\/logo\/image\/","url":"https:\/\/www.public.sn\/wp-content\/uploads\/2024\/05\/cropped-LOGO-PUBLIC.SN_.png","contentUrl":"https:\/\/www.public.sn\/wp-content\/uploads\/2024\/05\/cropped-LOGO-PUBLIC.SN_.png","width":682,"height":192,"caption":"LE PUBLIC"},"image":{"@id":"https:\/\/www.public.sn\/#\/schema\/logo\/image\/"}},{"@type":"Person","@id":"https:\/\/www.public.sn\/#\/schema\/person\/cb76c8e1b8becc6be61fb5e92d6d0224","name":"LA REDACTION","image":{"@type":"ImageObject","inLanguage":"fr-FR","@id":"https:\/\/www.public.sn\/#\/schema\/person\/image\/","url":"https:\/\/secure.gravatar.com\/avatar\/2dce5ddd34b8fef0180efe03aa2a9bee7d953856048f9a16b298190a3178407c?s=96&d=mm&r=g","contentUrl":"https:\/\/secure.gravatar.com\/avatar\/2dce5ddd34b8fef0180efe03aa2a9bee7d953856048f9a16b298190a3178407c?s=96&d=mm&r=g","caption":"LA REDACTION"},"url":"https:\/\/www.public.sn\/index.php\/author\/editeurpsn\/"}]}},"jetpack_featured_media_url":"https:\/\/www.public.sn\/wp-content\/uploads\/2022\/10\/guine.jpg","jetpack_sharing_enabled":true,"_links":{"self":[{"href":"https:\/\/www.public.sn\/index.php\/wp-json\/wp\/v2\/posts\/5544","targetHints":{"allow":["GET"]}}],"collection":[{"href":"https:\/\/www.public.sn\/index.php\/wp-json\/wp\/v2\/posts"}],"about":[{"href":"https:\/\/www.public.sn\/index.php\/wp-json\/wp\/v2\/types\/post"}],"author":[{"embeddable":true,"href":"https:\/\/www.public.sn\/index.php\/wp-json\/wp\/v2\/users\/7"}],"replies":[{"embeddable":true,"href":"https:\/\/www.public.sn\/index.php\/wp-json\/wp\/v2\/comments?post=5544"}],"version-history":[{"count":2,"href":"https:\/\/www.public.sn\/index.php\/wp-json\/wp\/v2\/posts\/5544\/revisions"}],"predecessor-version":[{"id":5564,"href":"https:\/\/www.public.sn\/index.php\/wp-json\/wp\/v2\/posts\/5544\/revisions\/5564"}],"wp:featuredmedia":[{"embeddable":true,"href":"https:\/\/www.public.sn\/index.php\/wp-json\/wp\/v2\/media\/5545"}],"wp:attachment":[{"href":"https:\/\/www.public.sn\/index.php\/wp-json\/wp\/v2\/media?parent=5544"}],"wp:term":[{"taxonomy":"category","embeddable":true,"href":"https:\/\/www.public.sn\/index.php\/wp-json\/wp\/v2\/categories?post=5544"},{"taxonomy":"post_tag","embeddable":true,"href":"https:\/\/www.public.sn\/index.php\/wp-json\/wp\/v2\/tags?post=5544"}],"curies":[{"name":"wp","href":"https:\/\/api.w.org\/{rel}","templated":true}]}}