{"id":5578,"date":"2022-10-21T18:13:13","date_gmt":"2022-10-21T18:13:13","guid":{"rendered":"https:\/\/www.public.sn\/?p=5578"},"modified":"2022-10-21T18:54:23","modified_gmt":"2022-10-21T18:54:23","slug":"fatou-ndiaye-fouta-tampi-president-mo-tass-sama-sey","status":"publish","type":"post","link":"https:\/\/www.public.sn\/index.php\/2022\/10\/21\/fatou-ndiaye-fouta-tampi-president-mo-tass-sama-sey\/","title":{"rendered":"Fatou Ndiaye \u00ab\u00a0Fouta Tampi\u00a0\u00bb. \u00ab\u00a0Pr\u00e9sident mo tass sama seey\u00a0\u00bb"},"content":{"rendered":"\n<p>L\u2019ancienne Pr\u00e9sidente du Mouvement \u00ab&nbsp;Fouta Tampi&nbsp;\u00bb continue d\u2019alimenter le debat malgr\u00e9 les querelles entre elle et sa fille Thiaba Niang.Cette fois ci, elle s\u2019en prend au president de la R\u00e9publique et son gouvernement. Selon Senenews, en marge de l\u2019\u00e9mission \u00ab&nbsp;<strong>Guddi Gui<\/strong>&nbsp;\u00bb de la Dtv, Fatoumata Ndiaye \u00ab&nbsp;Fouta Tampi&nbsp;\u00bb d\u00e9clare avoir divorc\u00e9e de son second mariage \u00e0 cause du Pr\u00e9sident Macky Sall du fait de son engagement aupr\u00e8s &nbsp;du Chef de l\u2019Etat&nbsp;:&nbsp;\u00abPr\u00e9sident mo tass sama sey&nbsp;\u00bb dit elle durant l\u2019\u00e9mission.<\/p><div class=\"publi-paragraphe1\" style=\"margin-top: 10px;margin-bottom: 10px;margin-left: auto;margin-right: auto;text-align: center;\" id=\"publi-861203332\"><div class=\"publi-adlabel\">Publicit\u00e9<\/div><script async src=\"\/\/pagead2.googlesyndication.com\/pagead\/js\/adsbygoogle.js?client=ca-pub-4089586018074219\" crossorigin=\"anonymous\"><\/script><ins class=\"adsbygoogle\" style=\"display:block;\" data-ad-client=\"ca-pub-4089586018074219\" \ndata-ad-slot=\"2087940154\" \ndata-ad-format=\"auto\"><\/ins>\n<script> \n(adsbygoogle = window.adsbygoogle || []).push({}); \n<\/script>\n<\/div>\n\n\n\n<p>Maimouna Niang.<\/p>\n<div class=\"publi-apres-le-contenu\" style=\"margin-top: 10px;margin-bottom: 10px;margin-left: auto;margin-right: auto;text-align: center;\" id=\"publi-4155890896\"><div class=\"publi-adlabel\">Publicit\u00e9<\/div><script async src=\"\/\/pagead2.googlesyndication.com\/pagead\/js\/adsbygoogle.js?client=ca-pub-4089586018074219\" crossorigin=\"anonymous\"><\/script><ins class=\"adsbygoogle\" style=\"display:block;\" data-ad-client=\"ca-pub-4089586018074219\" \ndata-ad-slot=\"2087940154\" \ndata-ad-format=\"auto\"><\/ins>\n<script> \n(adsbygoogle = window.adsbygoogle || []).push({}); \n<\/script>\n<\/div>","protected":false},"excerpt":{"rendered":"<p>L\u2019ancienne Pr\u00e9sidente du Mouvement \u00ab&nbsp;Fouta Tampi&nbsp;\u00bb continue d\u2019alimenter le debat malgr\u00e9 les querelles entre elle et sa fille Thiaba Niang.Cette fois ci, elle s\u2019en prend au president de la R\u00e9publique et son gouvernement. Selon Senenews, en marge de l\u2019\u00e9mission \u00ab&nbsp;Guddi Gui&nbsp;\u00bb de la Dtv, Fatoumata Ndiaye \u00ab&nbsp;Fouta Tampi&nbsp;\u00bb d\u00e9clare avoir divorc\u00e9e de son second mariage \u00e0 cause du Pr\u00e9sident Macky Sall du fait de son engagement aupr\u00e8s &nbsp;du Chef de l\u2019Etat&nbsp;:&nbsp;\u00abPr\u00e9sident mo tass sama sey&nbsp;\u00bb dit elle durant l\u2019\u00e9mission. Maimouna Niang.<\/p>\n","protected":false},"author":1,"featured_media":5579,"comment_status":"open","ping_status":"open","sticky":false,"template":"","format":"standard","meta":{"_jetpack_memberships_contains_paid_content":false,"footnotes":""},"categories":[375,379,1],"tags":[258,1888,11],"class_list":["post-5578","post","type-post","status-publish","format-standard","has-post-thumbnail","hentry","category-actualites","category-faits-divers","category-non-classe","tag-divorce","tag-fatou-ndiaye","tag-macky-sall","entry","has-media","owp-thumbs-layout-horizontal","owp-btn-normal","owp-tabs-layout-horizontal","has-no-thumbnails","has-product-nav"],"yoast_head":"<!-- This site is optimized with the Yoast SEO plugin v25.5 - https:\/\/yoast.com\/wordpress\/plugins\/seo\/ -->\n<title>Fatou Ndiaye \u00ab\u00a0Fouta Tampi\u00a0\u00bb. &quot;Pr\u00e9sident mo tass sama seey&quot; - LE PUBLIC<\/title>\n<meta name=\"robots\" content=\"index, follow, max-snippet:-1, max-image-preview:large, max-video-preview:-1\" \/>\n<link rel=\"canonical\" href=\"https:\/\/www.public.sn\/index.php\/2022\/10\/21\/fatou-ndiaye-fouta-tampi-president-mo-tass-sama-sey\/\" \/>\n<meta property=\"og:locale\" content=\"fr_FR\" \/>\n<meta property=\"og:type\" content=\"article\" \/>\n<meta property=\"og:title\" content=\"Fatou Ndiaye \u00ab\u00a0Fouta Tampi\u00a0\u00bb. &quot;Pr\u00e9sident mo tass sama seey&quot; - LE PUBLIC\" \/>\n<meta property=\"og:description\" content=\"L\u2019ancienne Pr\u00e9sidente du Mouvement \u00ab&nbsp;Fouta Tampi&nbsp;\u00bb continue d\u2019alimenter le debat malgr\u00e9 les querelles entre elle et sa fille Thiaba Niang.Cette fois ci, elle s\u2019en prend au president de la R\u00e9publique et son gouvernement. Selon Senenews, en marge de l\u2019\u00e9mission \u00ab&nbsp;Guddi Gui&nbsp;\u00bb de la Dtv, Fatoumata Ndiaye \u00ab&nbsp;Fouta Tampi&nbsp;\u00bb d\u00e9clare avoir divorc\u00e9e de son second mariage \u00e0 cause du Pr\u00e9sident Macky Sall du fait de son engagement aupr\u00e8s &nbsp;du Chef de l\u2019Etat&nbsp;:&nbsp;\u00abPr\u00e9sident mo tass sama sey&nbsp;\u00bb dit elle durant l\u2019\u00e9mission. Maimouna Niang.\" \/>\n<meta property=\"og:url\" content=\"https:\/\/www.public.sn\/index.php\/2022\/10\/21\/fatou-ndiaye-fouta-tampi-president-mo-tass-sama-sey\/\" \/>\n<meta property=\"og:site_name\" content=\"LE PUBLIC\" \/>\n<meta property=\"article:published_time\" content=\"2022-10-21T18:13:13+00:00\" \/>\n<meta property=\"article:modified_time\" content=\"2022-10-21T18:54:23+00:00\" \/>\n<meta property=\"og:image\" content=\"https:\/\/www.public.sn\/wp-content\/uploads\/2022\/10\/fatou-ndiaye-tampi-678x374-1.jpg\" \/>\n\t<meta property=\"og:image:width\" content=\"678\" \/>\n\t<meta property=\"og:image:height\" content=\"374\" \/>\n\t<meta property=\"og:image:type\" content=\"image\/jpeg\" \/>\n<meta name=\"author\" content=\"LA REDACTION\" \/>\n<meta name=\"twitter:card\" content=\"summary_large_image\" \/>\n<meta name=\"twitter:label1\" content=\"\u00c9crit par\" \/>\n\t<meta name=\"twitter:data1\" content=\"LA REDACTION\" \/>\n\t<meta name=\"twitter:label2\" content=\"Dur\u00e9e de lecture estim\u00e9e\" \/>\n\t<meta name=\"twitter:data2\" content=\"1 minute\" \/>\n<script type=\"application\/ld+json\" class=\"yoast-schema-graph\">{\"@context\":\"https:\/\/schema.org\",\"@graph\":[{\"@type\":\"Article\",\"@id\":\"https:\/\/www.public.sn\/index.php\/2022\/10\/21\/fatou-ndiaye-fouta-tampi-president-mo-tass-sama-sey\/#article\",\"isPartOf\":{\"@id\":\"https:\/\/www.public.sn\/index.php\/2022\/10\/21\/fatou-ndiaye-fouta-tampi-president-mo-tass-sama-sey\/\"},\"author\":{\"name\":\"LA REDACTION\",\"@id\":\"https:\/\/www.public.sn\/#\/schema\/person\/e3f4a11b037d4203902db148f9bc8d5a\"},\"headline\":\"Fatou Ndiaye \u00ab\u00a0Fouta Tampi\u00a0\u00bb. \u00ab\u00a0Pr\u00e9sident mo tass sama seey\u00a0\u00bb\",\"datePublished\":\"2022-10-21T18:13:13+00:00\",\"dateModified\":\"2022-10-21T18:54:23+00:00\",\"mainEntityOfPage\":{\"@id\":\"https:\/\/www.public.sn\/index.php\/2022\/10\/21\/fatou-ndiaye-fouta-tampi-president-mo-tass-sama-sey\/\"},\"wordCount\":115,\"commentCount\":0,\"publisher\":{\"@id\":\"https:\/\/www.public.sn\/#organization\"},\"image\":{\"@id\":\"https:\/\/www.public.sn\/index.php\/2022\/10\/21\/fatou-ndiaye-fouta-tampi-president-mo-tass-sama-sey\/#primaryimage\"},\"thumbnailUrl\":\"https:\/\/www.public.sn\/wp-content\/uploads\/2022\/10\/fatou-ndiaye-tampi-678x374-1.jpg\",\"keywords\":[\"Divorce\",\"Fatou ndiaye\",\"Macky Sall\"],\"articleSection\":[\"ACTUALIT\u00c9S\",\"FAITS DIVERS\",\"S\u00c9N\u00c9GAL\"],\"inLanguage\":\"fr-FR\",\"potentialAction\":[{\"@type\":\"CommentAction\",\"name\":\"Comment\",\"target\":[\"https:\/\/www.public.sn\/index.php\/2022\/10\/21\/fatou-ndiaye-fouta-tampi-president-mo-tass-sama-sey\/#respond\"]}]},{\"@type\":\"WebPage\",\"@id\":\"https:\/\/www.public.sn\/index.php\/2022\/10\/21\/fatou-ndiaye-fouta-tampi-president-mo-tass-sama-sey\/\",\"url\":\"https:\/\/www.public.sn\/index.php\/2022\/10\/21\/fatou-ndiaye-fouta-tampi-president-mo-tass-sama-sey\/\",\"name\":\"Fatou Ndiaye \u00ab\u00a0Fouta Tampi\u00a0\u00bb. \\\"Pr\u00e9sident mo tass sama seey\\\" - LE PUBLIC\",\"isPartOf\":{\"@id\":\"https:\/\/www.public.sn\/#website\"},\"primaryImageOfPage\":{\"@id\":\"https:\/\/www.public.sn\/index.php\/2022\/10\/21\/fatou-ndiaye-fouta-tampi-president-mo-tass-sama-sey\/#primaryimage\"},\"image\":{\"@id\":\"https:\/\/www.public.sn\/index.php\/2022\/10\/21\/fatou-ndiaye-fouta-tampi-president-mo-tass-sama-sey\/#primaryimage\"},\"thumbnailUrl\":\"https:\/\/www.public.sn\/wp-content\/uploads\/2022\/10\/fatou-ndiaye-tampi-678x374-1.jpg\",\"datePublished\":\"2022-10-21T18:13:13+00:00\",\"dateModified\":\"2022-10-21T18:54:23+00:00\",\"breadcrumb\":{\"@id\":\"https:\/\/www.public.sn\/index.php\/2022\/10\/21\/fatou-ndiaye-fouta-tampi-president-mo-tass-sama-sey\/#breadcrumb\"},\"inLanguage\":\"fr-FR\",\"potentialAction\":[{\"@type\":\"ReadAction\",\"target\":[\"https:\/\/www.public.sn\/index.php\/2022\/10\/21\/fatou-ndiaye-fouta-tampi-president-mo-tass-sama-sey\/\"]}]},{\"@type\":\"ImageObject\",\"inLanguage\":\"fr-FR\",\"@id\":\"https:\/\/www.public.sn\/index.php\/2022\/10\/21\/fatou-ndiaye-fouta-tampi-president-mo-tass-sama-sey\/#primaryimage\",\"url\":\"https:\/\/www.public.sn\/wp-content\/uploads\/2022\/10\/fatou-ndiaye-tampi-678x374-1.jpg\",\"contentUrl\":\"https:\/\/www.public.sn\/wp-content\/uploads\/2022\/10\/fatou-ndiaye-tampi-678x374-1.jpg\",\"width\":678,\"height\":374},{\"@type\":\"BreadcrumbList\",\"@id\":\"https:\/\/www.public.sn\/index.php\/2022\/10\/21\/fatou-ndiaye-fouta-tampi-president-mo-tass-sama-sey\/#breadcrumb\",\"itemListElement\":[{\"@type\":\"ListItem\",\"position\":1,\"name\":\"Accueil\",\"item\":\"https:\/\/www.public.sn\/\"},{\"@type\":\"ListItem\",\"position\":2,\"name\":\"Fatou Ndiaye \u00ab\u00a0Fouta Tampi\u00a0\u00bb. \u00ab\u00a0Pr\u00e9sident mo tass sama seey\u00a0\u00bb\"}]},{\"@type\":\"WebSite\",\"@id\":\"https:\/\/www.public.sn\/#website\",\"url\":\"https:\/\/www.public.sn\/\",\"name\":\"LE PUBLIC\",\"description\":\"\",\"publisher\":{\"@id\":\"https:\/\/www.public.sn\/#organization\"},\"potentialAction\":[{\"@type\":\"SearchAction\",\"target\":{\"@type\":\"EntryPoint\",\"urlTemplate\":\"https:\/\/www.public.sn\/?s={search_term_string}\"},\"query-input\":{\"@type\":\"PropertyValueSpecification\",\"valueRequired\":true,\"valueName\":\"search_term_string\"}}],\"inLanguage\":\"fr-FR\"},{\"@type\":\"Organization\",\"@id\":\"https:\/\/www.public.sn\/#organization\",\"name\":\"LE PUBLIC\",\"url\":\"https:\/\/www.public.sn\/\",\"logo\":{\"@type\":\"ImageObject\",\"inLanguage\":\"fr-FR\",\"@id\":\"https:\/\/www.public.sn\/#\/schema\/logo\/image\/\",\"url\":\"https:\/\/www.public.sn\/wp-content\/uploads\/2024\/05\/cropped-LOGO-PUBLIC.SN_.png\",\"contentUrl\":\"https:\/\/www.public.sn\/wp-content\/uploads\/2024\/05\/cropped-LOGO-PUBLIC.SN_.png\",\"width\":682,\"height\":192,\"caption\":\"LE PUBLIC\"},\"image\":{\"@id\":\"https:\/\/www.public.sn\/#\/schema\/logo\/image\/\"}},{\"@type\":\"Person\",\"@id\":\"https:\/\/www.public.sn\/#\/schema\/person\/e3f4a11b037d4203902db148f9bc8d5a\",\"name\":\"LA REDACTION\",\"image\":{\"@type\":\"ImageObject\",\"inLanguage\":\"fr-FR\",\"@id\":\"https:\/\/www.public.sn\/#\/schema\/person\/image\/\",\"url\":\"https:\/\/secure.gravatar.com\/avatar\/d6c030db45db2883c075085c5d6c6258654a801a93766b49af0b82d4f454e2a5?s=96&d=mm&r=g\",\"contentUrl\":\"https:\/\/secure.gravatar.com\/avatar\/d6c030db45db2883c075085c5d6c6258654a801a93766b49af0b82d4f454e2a5?s=96&d=mm&r=g\",\"caption\":\"LA REDACTION\"},\"sameAs\":[\"http:\/\/www.public.sn\"],\"url\":\"https:\/\/www.public.sn\/index.php\/author\/admin7324\/\"}]}<\/script>\n<!-- \/ Yoast SEO plugin. -->","yoast_head_json":{"title":"Fatou Ndiaye \u00ab\u00a0Fouta Tampi\u00a0\u00bb. \"Pr\u00e9sident mo tass sama seey\" - LE PUBLIC","robots":{"index":"index","follow":"follow","max-snippet":"max-snippet:-1","max-image-preview":"max-image-preview:large","max-video-preview":"max-video-preview:-1"},"canonical":"https:\/\/www.public.sn\/index.php\/2022\/10\/21\/fatou-ndiaye-fouta-tampi-president-mo-tass-sama-sey\/","og_locale":"fr_FR","og_type":"article","og_title":"Fatou Ndiaye \u00ab\u00a0Fouta Tampi\u00a0\u00bb. \"Pr\u00e9sident mo tass sama seey\" - LE PUBLIC","og_description":"L\u2019ancienne Pr\u00e9sidente du Mouvement \u00ab&nbsp;Fouta Tampi&nbsp;\u00bb continue d\u2019alimenter le debat malgr\u00e9 les querelles entre elle et sa fille Thiaba Niang.Cette fois ci, elle s\u2019en prend au president de la R\u00e9publique et son gouvernement. Selon Senenews, en marge de l\u2019\u00e9mission \u00ab&nbsp;Guddi Gui&nbsp;\u00bb de la Dtv, Fatoumata Ndiaye \u00ab&nbsp;Fouta Tampi&nbsp;\u00bb d\u00e9clare avoir divorc\u00e9e de son second mariage \u00e0 cause du Pr\u00e9sident Macky Sall du fait de son engagement aupr\u00e8s &nbsp;du Chef de l\u2019Etat&nbsp;:&nbsp;\u00abPr\u00e9sident mo tass sama sey&nbsp;\u00bb dit elle durant l\u2019\u00e9mission. Maimouna Niang.","og_url":"https:\/\/www.public.sn\/index.php\/2022\/10\/21\/fatou-ndiaye-fouta-tampi-president-mo-tass-sama-sey\/","og_site_name":"LE PUBLIC","article_published_time":"2022-10-21T18:13:13+00:00","article_modified_time":"2022-10-21T18:54:23+00:00","og_image":[{"width":678,"height":374,"url":"https:\/\/www.public.sn\/wp-content\/uploads\/2022\/10\/fatou-ndiaye-tampi-678x374-1.jpg","type":"image\/jpeg"}],"author":"LA REDACTION","twitter_card":"summary_large_image","twitter_misc":{"\u00c9crit par":"LA REDACTION","Dur\u00e9e de lecture estim\u00e9e":"1 minute"},"schema":{"@context":"https:\/\/schema.org","@graph":[{"@type":"Article","@id":"https:\/\/www.public.sn\/index.php\/2022\/10\/21\/fatou-ndiaye-fouta-tampi-president-mo-tass-sama-sey\/#article","isPartOf":{"@id":"https:\/\/www.public.sn\/index.php\/2022\/10\/21\/fatou-ndiaye-fouta-tampi-president-mo-tass-sama-sey\/"},"author":{"name":"LA REDACTION","@id":"https:\/\/www.public.sn\/#\/schema\/person\/e3f4a11b037d4203902db148f9bc8d5a"},"headline":"Fatou Ndiaye \u00ab\u00a0Fouta Tampi\u00a0\u00bb. \u00ab\u00a0Pr\u00e9sident mo tass sama seey\u00a0\u00bb","datePublished":"2022-10-21T18:13:13+00:00","dateModified":"2022-10-21T18:54:23+00:00","mainEntityOfPage":{"@id":"https:\/\/www.public.sn\/index.php\/2022\/10\/21\/fatou-ndiaye-fouta-tampi-president-mo-tass-sama-sey\/"},"wordCount":115,"commentCount":0,"publisher":{"@id":"https:\/\/www.public.sn\/#organization"},"image":{"@id":"https:\/\/www.public.sn\/index.php\/2022\/10\/21\/fatou-ndiaye-fouta-tampi-president-mo-tass-sama-sey\/#primaryimage"},"thumbnailUrl":"https:\/\/www.public.sn\/wp-content\/uploads\/2022\/10\/fatou-ndiaye-tampi-678x374-1.jpg","keywords":["Divorce","Fatou ndiaye","Macky Sall"],"articleSection":["ACTUALIT\u00c9S","FAITS DIVERS","S\u00c9N\u00c9GAL"],"inLanguage":"fr-FR","potentialAction":[{"@type":"CommentAction","name":"Comment","target":["https:\/\/www.public.sn\/index.php\/2022\/10\/21\/fatou-ndiaye-fouta-tampi-president-mo-tass-sama-sey\/#respond"]}]},{"@type":"WebPage","@id":"https:\/\/www.public.sn\/index.php\/2022\/10\/21\/fatou-ndiaye-fouta-tampi-president-mo-tass-sama-sey\/","url":"https:\/\/www.public.sn\/index.php\/2022\/10\/21\/fatou-ndiaye-fouta-tampi-president-mo-tass-sama-sey\/","name":"Fatou Ndiaye \u00ab\u00a0Fouta Tampi\u00a0\u00bb. \"Pr\u00e9sident mo tass sama seey\" - LE PUBLIC","isPartOf":{"@id":"https:\/\/www.public.sn\/#website"},"primaryImageOfPage":{"@id":"https:\/\/www.public.sn\/index.php\/2022\/10\/21\/fatou-ndiaye-fouta-tampi-president-mo-tass-sama-sey\/#primaryimage"},"image":{"@id":"https:\/\/www.public.sn\/index.php\/2022\/10\/21\/fatou-ndiaye-fouta-tampi-president-mo-tass-sama-sey\/#primaryimage"},"thumbnailUrl":"https:\/\/www.public.sn\/wp-content\/uploads\/2022\/10\/fatou-ndiaye-tampi-678x374-1.jpg","datePublished":"2022-10-21T18:13:13+00:00","dateModified":"2022-10-21T18:54:23+00:00","breadcrumb":{"@id":"https:\/\/www.public.sn\/index.php\/2022\/10\/21\/fatou-ndiaye-fouta-tampi-president-mo-tass-sama-sey\/#breadcrumb"},"inLanguage":"fr-FR","potentialAction":[{"@type":"ReadAction","target":["https:\/\/www.public.sn\/index.php\/2022\/10\/21\/fatou-ndiaye-fouta-tampi-president-mo-tass-sama-sey\/"]}]},{"@type":"ImageObject","inLanguage":"fr-FR","@id":"https:\/\/www.public.sn\/index.php\/2022\/10\/21\/fatou-ndiaye-fouta-tampi-president-mo-tass-sama-sey\/#primaryimage","url":"https:\/\/www.public.sn\/wp-content\/uploads\/2022\/10\/fatou-ndiaye-tampi-678x374-1.jpg","contentUrl":"https:\/\/www.public.sn\/wp-content\/uploads\/2022\/10\/fatou-ndiaye-tampi-678x374-1.jpg","width":678,"height":374},{"@type":"BreadcrumbList","@id":"https:\/\/www.public.sn\/index.php\/2022\/10\/21\/fatou-ndiaye-fouta-tampi-president-mo-tass-sama-sey\/#breadcrumb","itemListElement":[{"@type":"ListItem","position":1,"name":"Accueil","item":"https:\/\/www.public.sn\/"},{"@type":"ListItem","position":2,"name":"Fatou Ndiaye \u00ab\u00a0Fouta Tampi\u00a0\u00bb. \u00ab\u00a0Pr\u00e9sident mo tass sama seey\u00a0\u00bb"}]},{"@type":"WebSite","@id":"https:\/\/www.public.sn\/#website","url":"https:\/\/www.public.sn\/","name":"LE PUBLIC","description":"","publisher":{"@id":"https:\/\/www.public.sn\/#organization"},"potentialAction":[{"@type":"SearchAction","target":{"@type":"EntryPoint","urlTemplate":"https:\/\/www.public.sn\/?s={search_term_string}"},"query-input":{"@type":"PropertyValueSpecification","valueRequired":true,"valueName":"search_term_string"}}],"inLanguage":"fr-FR"},{"@type":"Organization","@id":"https:\/\/www.public.sn\/#organization","name":"LE PUBLIC","url":"https:\/\/www.public.sn\/","logo":{"@type":"ImageObject","inLanguage":"fr-FR","@id":"https:\/\/www.public.sn\/#\/schema\/logo\/image\/","url":"https:\/\/www.public.sn\/wp-content\/uploads\/2024\/05\/cropped-LOGO-PUBLIC.SN_.png","contentUrl":"https:\/\/www.public.sn\/wp-content\/uploads\/2024\/05\/cropped-LOGO-PUBLIC.SN_.png","width":682,"height":192,"caption":"LE PUBLIC"},"image":{"@id":"https:\/\/www.public.sn\/#\/schema\/logo\/image\/"}},{"@type":"Person","@id":"https:\/\/www.public.sn\/#\/schema\/person\/e3f4a11b037d4203902db148f9bc8d5a","name":"LA REDACTION","image":{"@type":"ImageObject","inLanguage":"fr-FR","@id":"https:\/\/www.public.sn\/#\/schema\/person\/image\/","url":"https:\/\/secure.gravatar.com\/avatar\/d6c030db45db2883c075085c5d6c6258654a801a93766b49af0b82d4f454e2a5?s=96&d=mm&r=g","contentUrl":"https:\/\/secure.gravatar.com\/avatar\/d6c030db45db2883c075085c5d6c6258654a801a93766b49af0b82d4f454e2a5?s=96&d=mm&r=g","caption":"LA REDACTION"},"sameAs":["http:\/\/www.public.sn"],"url":"https:\/\/www.public.sn\/index.php\/author\/admin7324\/"}]}},"jetpack_featured_media_url":"https:\/\/www.public.sn\/wp-content\/uploads\/2022\/10\/fatou-ndiaye-tampi-678x374-1.jpg","jetpack_sharing_enabled":true,"_links":{"self":[{"href":"https:\/\/www.public.sn\/index.php\/wp-json\/wp\/v2\/posts\/5578","targetHints":{"allow":["GET"]}}],"collection":[{"href":"https:\/\/www.public.sn\/index.php\/wp-json\/wp\/v2\/posts"}],"about":[{"href":"https:\/\/www.public.sn\/index.php\/wp-json\/wp\/v2\/types\/post"}],"author":[{"embeddable":true,"href":"https:\/\/www.public.sn\/index.php\/wp-json\/wp\/v2\/users\/1"}],"replies":[{"embeddable":true,"href":"https:\/\/www.public.sn\/index.php\/wp-json\/wp\/v2\/comments?post=5578"}],"version-history":[{"count":2,"href":"https:\/\/www.public.sn\/index.php\/wp-json\/wp\/v2\/posts\/5578\/revisions"}],"predecessor-version":[{"id":5588,"href":"https:\/\/www.public.sn\/index.php\/wp-json\/wp\/v2\/posts\/5578\/revisions\/5588"}],"wp:featuredmedia":[{"embeddable":true,"href":"https:\/\/www.public.sn\/index.php\/wp-json\/wp\/v2\/media\/5579"}],"wp:attachment":[{"href":"https:\/\/www.public.sn\/index.php\/wp-json\/wp\/v2\/media?parent=5578"}],"wp:term":[{"taxonomy":"category","embeddable":true,"href":"https:\/\/www.public.sn\/index.php\/wp-json\/wp\/v2\/categories?post=5578"},{"taxonomy":"post_tag","embeddable":true,"href":"https:\/\/www.public.sn\/index.php\/wp-json\/wp\/v2\/tags?post=5578"}],"curies":[{"name":"wp","href":"https:\/\/api.w.org\/{rel}","templated":true}]}}