{"id":5683,"date":"2022-10-24T14:36:03","date_gmt":"2022-10-24T14:36:03","guid":{"rendered":"https:\/\/www.public.sn\/?p=5683"},"modified":"2022-10-24T14:36:11","modified_gmt":"2022-10-24T14:36:11","slug":"youssou-diallo-repond-a-ibrahima-sene-sur-le-3eme-mandat","status":"publish","type":"post","link":"https:\/\/www.public.sn\/index.php\/2022\/10\/24\/youssou-diallo-repond-a-ibrahima-sene-sur-le-3eme-mandat\/","title":{"rendered":"Youssou Diallo r\u00e9pond \u00e0 Ibrahima S\u00e9ne sur le 3eme mandat."},"content":{"rendered":"\n<p><\/p>\n\n\n\n<p>Le 3eme mandat d\u00e9cri\u00e9 par Ibrahima S\u00e9ne du Parti de l\u2019ind\u00e9pendance et du travail ne semble nullement agr\u00e9e le pr\u00e9sident du club des investisseurs. Pour Youssou Diallo Ibrahima S\u00e9n\u00e9 n\u2019a pas argument\u00e9 juridiquement sa prise de position. Ses propos sur ceux qui d\u00e9fendent un autre mandat de Macky Sall sont outranciers et rel\u00e8vent d\u2019un jugement de valeur.<\/p><div class=\"publi-paragraphe1\" style=\"margin-top: 10px;margin-bottom: 10px;margin-left: auto;margin-right: auto;text-align: center;\" id=\"publi-415926105\"><div class=\"publi-adlabel\">Publicit\u00e9<\/div><script async src=\"\/\/pagead2.googlesyndication.com\/pagead\/js\/adsbygoogle.js?client=ca-pub-4089586018074219\" crossorigin=\"anonymous\"><\/script><ins class=\"adsbygoogle\" style=\"display:block;\" data-ad-client=\"ca-pub-4089586018074219\" \ndata-ad-slot=\"2087940154\" \ndata-ad-format=\"auto\"><\/ins>\n<script> \n(adsbygoogle = window.adsbygoogle || []).push({}); \n<\/script>\n<\/div>\n\n\n\n<p>Bonsoir Ibrahima S\u00e8ne,<\/p>\n\n\n\n<p>J\u2019ai lu ta position sur la candidature ou non du Pr\u00e9sident Macky en 2024. Je respecte ton point de vue, bien qu\u2019il ne soit pas juridiquement argument\u00e9.<\/p>\n\n\n\n<p>Je te prie en retour, aussi, de respecter le point de vue de ceux qui estiment et argumentent, que le Pr\u00e9sident peut juridiquement postuler \u00e0 un autre mandat.<\/p>\n\n\n\n<p>Dire que ceux qui argumentent la possibilit\u00e9 pour le Pr\u00e9sident Macky Sall de postuler \u00e0 un autre mandat, j\u2019en fais partie et je l\u2019ai suffisamment expliqu\u00e9 et publiquement, \u00ab veulent d\u00e9fendre ou conserver des privil\u00e8ges \u00bb, \u00ab d\u2019int\u00e9r\u00eats \u00e9go\u00efstes \u00bb ou qu\u2019ils \u00ab sont affol\u00e9s \u00bb ils \u00ab r\u00eavent du retour au Parti-Etat \u00bb, \u00ab de folie suicidaire \u00bb, \u00ab tentatives de br\u00fbler le S\u00e9n\u00e9gal \u00bb, etc, etc. me semble \u00eatre des propos outranciers et relever de jugements de valeurs faciles, dogmatiques et sans aucune retenue.<\/p>\n\n\n\n<p><\/p>\n\n\n\n<p>C\u2019est m\u00eame une tentative d\u2019excommunication de personnes qui se consacrent pour l\u2019essentiel, tous les jours, \u00e0 servir loyalement le S\u00e9n\u00e9gal et \u00e0 d\u00e9fendre le Pr\u00e9sident et sa politique. Ce genre\u00a0 de caract\u00e9risations graves ne doit pas exister entre allies de la Majorit\u00e9 pr\u00e9sidentielle.<\/p>\n\n\n\n<p><\/p>\n\n\n\n<p>Le S\u00e9n\u00e9gal est un Etat de droit, de libert\u00e9s, de justice mais aussi d\u2019ordre r\u00e9publicain. L\u2019Etat a les moyens et l\u2019obligation de d\u00e9fendre le droit et la justice, l\u2019ordre et la paix, les personnes et les biens. Nous sommes tous, tant que nous sommes, des justiciables et soumis \u00e0 l\u2019autorit\u00e9 de la loi.<\/p>\n\n\n\n<p>Nous avons chacun, le droit d\u2019avoir un avis et une position sur toutes les questions y compris avoir des avis et positions contraires \u00e0 ceux des autres.<\/p>\n\n\n\n<p>Seul le juge constitutionnel peut d\u00e9clarer recevable ou non une candidature \u00e0 la pr\u00e9sidentielle. Pas la rue !<\/p>\n\n\n\n<p><\/p>\n\n\n\n<p>Avoir peur de la rue pour s\u2019aligner, de peur de violences ou troubles \u00e0 venir, ce n\u2019est ni plus, ni moins, qu\u2019une plate capitulation devant ceux qui exercent au quotidien le terrorisme num\u00e9rique et m\u00e9diatique et qui, de plus en plus, font de nombreuses victimes parmi certains intellectuels et pas des moindres .<\/p>\n\n\n\n<p><\/p>\n\n\n\n<p>Le modus operandi de ces terroristes politico-m\u00e9diatiques est simple \u00ab faire croire au commun des S\u00e9n\u00e9galais que si le Pr\u00e9sident Sall se pr\u00e9sente \u00e0 une nouvelle candidature, le pays va br\u00fbler, le pire va arriver ! \u00bb.<\/p>\n\n\n\n<p>Ne capitulons pas devant cette propagande insidieuse, machiav\u00e9lique et m\u00eame diabolique. Faisons confiance \u00e0 l\u2019Etat de droit, \u00e0 la justice, aux forces de l\u2019ordre pour que force reste \u00e0 la loi et non \u00e0 la rue.<\/p>\n\n\n\n<p><\/p>\n\n\n\n<p>Acceptons-nous dans nos contradictions, acceptons d\u2019\u00eatre ensemble, quelque soit la position prise par le Pr\u00e9sident sur la candidature en 2024 et cessons de jouer \u00e0 nous faire peur et de nous tirer dessus.<\/p>\n\n\n\n<p>Youssou Diallo.<\/p>\n\n\n\n<p>Pr\u00e9sident du Club S\u00e9n\u00e9gal \u00c9mergent.<\/p>\n\n\n\n<p>Samba SY.<\/p>\n<div class=\"publi-apres-le-contenu\" style=\"margin-top: 10px;margin-bottom: 10px;margin-left: auto;margin-right: auto;text-align: center;\" id=\"publi-1882251134\"><div class=\"publi-adlabel\">Publicit\u00e9<\/div><script async src=\"\/\/pagead2.googlesyndication.com\/pagead\/js\/adsbygoogle.js?client=ca-pub-4089586018074219\" crossorigin=\"anonymous\"><\/script><ins class=\"adsbygoogle\" style=\"display:block;\" data-ad-client=\"ca-pub-4089586018074219\" \ndata-ad-slot=\"2087940154\" \ndata-ad-format=\"auto\"><\/ins>\n<script> \n(adsbygoogle = window.adsbygoogle || []).push({}); \n<\/script>\n<\/div>","protected":false},"excerpt":{"rendered":"<p>Le 3eme mandat d\u00e9cri\u00e9 par Ibrahima S\u00e9ne du Parti de l\u2019ind\u00e9pendance et du travail ne semble nullement agr\u00e9e le pr\u00e9sident du club des investisseurs. Pour Youssou Diallo Ibrahima S\u00e9n\u00e9 n\u2019a pas argument\u00e9 juridiquement sa prise de position. Ses propos sur ceux qui d\u00e9fendent un autre mandat de Macky Sall sont outranciers et rel\u00e8vent d\u2019un jugement de valeur. Bonsoir Ibrahima S\u00e8ne, J\u2019ai lu ta position sur la candidature ou non du Pr\u00e9sident Macky en 2024. Je respecte ton point de vue, bien qu\u2019il ne soit pas juridiquement argument\u00e9. Je te prie en retour, aussi, de respecter le point de vue de ceux qui estiment et argumentent, que le Pr\u00e9sident peut juridiquement postuler \u00e0 un autre mandat. Dire que ceux qui argumentent la possibilit\u00e9 pour le Pr\u00e9sident Macky Sall de postuler \u00e0 un autre mandat, j\u2019en fais partie et je l\u2019ai suffisamment expliqu\u00e9 et publiquement, \u00ab veulent d\u00e9fendre ou conserver des privil\u00e8ges \u00bb, \u00ab d\u2019int\u00e9r\u00eats \u00e9go\u00efstes \u00bb ou qu\u2019ils \u00ab sont affol\u00e9s \u00bb ils \u00ab r\u00eavent du retour au Parti-Etat \u00bb, \u00ab de folie suicidaire \u00bb, \u00ab tentatives de br\u00fbler le S\u00e9n\u00e9gal \u00bb, etc, etc. me semble \u00eatre des propos outranciers et relever de jugements de valeurs faciles, dogmatiques et sans aucune retenue. C\u2019est m\u00eame une tentative d\u2019excommunication de personnes qui se consacrent pour l\u2019essentiel, tous les jours, \u00e0 servir loyalement le S\u00e9n\u00e9gal et \u00e0 d\u00e9fendre le Pr\u00e9sident et sa politique. Ce genre\u00a0 de caract\u00e9risations graves ne doit pas exister entre allies de la Majorit\u00e9 pr\u00e9sidentielle. Le S\u00e9n\u00e9gal est un Etat de droit, de libert\u00e9s, de justice mais aussi d\u2019ordre r\u00e9publicain. L\u2019Etat a les moyens et l\u2019obligation de d\u00e9fendre le droit et la justice, l\u2019ordre et la paix, les personnes et les biens. Nous sommes tous, tant que nous sommes, des justiciables et soumis \u00e0 l\u2019autorit\u00e9 de la loi. Nous avons chacun, le droit d\u2019avoir un avis et une position sur toutes les questions y compris avoir des avis et positions contraires \u00e0 ceux des autres. Seul le juge constitutionnel peut d\u00e9clarer recevable ou non une candidature \u00e0 la pr\u00e9sidentielle. Pas la rue ! Avoir peur de la rue pour s\u2019aligner, de peur de violences ou troubles \u00e0 venir, ce n\u2019est ni plus, ni moins, qu\u2019une plate capitulation devant ceux qui exercent au quotidien le terrorisme num\u00e9rique et m\u00e9diatique et qui, de plus en plus, font de nombreuses victimes parmi certains intellectuels et pas des moindres . Le modus operandi de ces terroristes politico-m\u00e9diatiques est simple \u00ab faire croire au commun des S\u00e9n\u00e9galais que si le Pr\u00e9sident Sall se pr\u00e9sente \u00e0 une nouvelle candidature, le pays va br\u00fbler, le pire va arriver ! \u00bb. Ne capitulons pas devant cette propagande insidieuse, machiav\u00e9lique et m\u00eame diabolique. Faisons confiance \u00e0 l\u2019Etat de droit, \u00e0 la justice, aux forces de l\u2019ordre pour que force reste \u00e0 la loi et non \u00e0 la rue. Acceptons-nous dans nos contradictions, acceptons d\u2019\u00eatre ensemble, quelque soit la position prise par le Pr\u00e9sident sur la candidature en 2024 et cessons de jouer \u00e0 nous faire peur et de nous tirer dessus. Youssou Diallo. Pr\u00e9sident du Club S\u00e9n\u00e9gal \u00c9mergent. Samba SY.<\/p>\n","protected":false},"author":7,"featured_media":5684,"comment_status":"open","ping_status":"open","sticky":false,"template":"","format":"standard","meta":{"_jetpack_memberships_contains_paid_content":false,"footnotes":""},"categories":[375,1575,1],"tags":[1436,1906,1930],"class_list":["post-5683","post","type-post","status-publish","format-standard","has-post-thumbnail","hentry","category-actualites","category-contributions","category-non-classe","tag-3eme-mandat-2","tag-ibrahima-sene","tag-youssou-diallo","entry","has-media","owp-thumbs-layout-horizontal","owp-btn-normal","owp-tabs-layout-horizontal","has-no-thumbnails","has-product-nav"],"yoast_head":"<!-- This site is optimized with the Yoast SEO plugin v25.5 - https:\/\/yoast.com\/wordpress\/plugins\/seo\/ -->\n<title>Youssou Diallo r\u00e9pond \u00e0 Ibrahima S\u00e9ne sur le 3eme mandat. - LE PUBLIC<\/title>\n<meta name=\"robots\" content=\"index, follow, max-snippet:-1, max-image-preview:large, max-video-preview:-1\" \/>\n<link rel=\"canonical\" href=\"https:\/\/www.public.sn\/index.php\/2022\/10\/24\/youssou-diallo-repond-a-ibrahima-sene-sur-le-3eme-mandat\/\" \/>\n<meta property=\"og:locale\" content=\"fr_FR\" \/>\n<meta property=\"og:type\" content=\"article\" \/>\n<meta property=\"og:title\" content=\"Youssou Diallo r\u00e9pond \u00e0 Ibrahima S\u00e9ne sur le 3eme mandat. - LE PUBLIC\" \/>\n<meta property=\"og:description\" content=\"Le 3eme mandat d\u00e9cri\u00e9 par Ibrahima S\u00e9ne du Parti de l\u2019ind\u00e9pendance et du travail ne semble nullement agr\u00e9e le pr\u00e9sident du club des investisseurs. Pour Youssou Diallo Ibrahima S\u00e9n\u00e9 n\u2019a pas argument\u00e9 juridiquement sa prise de position. Ses propos sur ceux qui d\u00e9fendent un autre mandat de Macky Sall sont outranciers et rel\u00e8vent d\u2019un jugement de valeur. Bonsoir Ibrahima S\u00e8ne, J\u2019ai lu ta position sur la candidature ou non du Pr\u00e9sident Macky en 2024. Je respecte ton point de vue, bien qu\u2019il ne soit pas juridiquement argument\u00e9. Je te prie en retour, aussi, de respecter le point de vue de ceux qui estiment et argumentent, que le Pr\u00e9sident peut juridiquement postuler \u00e0 un autre mandat. Dire que ceux qui argumentent la possibilit\u00e9 pour le Pr\u00e9sident Macky Sall de postuler \u00e0 un autre mandat, j\u2019en fais partie et je l\u2019ai suffisamment expliqu\u00e9 et publiquement, \u00ab veulent d\u00e9fendre ou conserver des privil\u00e8ges \u00bb, \u00ab d\u2019int\u00e9r\u00eats \u00e9go\u00efstes \u00bb ou qu\u2019ils \u00ab sont affol\u00e9s \u00bb ils \u00ab r\u00eavent du retour au Parti-Etat \u00bb, \u00ab de folie suicidaire \u00bb, \u00ab tentatives de br\u00fbler le S\u00e9n\u00e9gal \u00bb, etc, etc. me semble \u00eatre des propos outranciers et relever de jugements de valeurs faciles, dogmatiques et sans aucune retenue. C\u2019est m\u00eame une tentative d\u2019excommunication de personnes qui se consacrent pour l\u2019essentiel, tous les jours, \u00e0 servir loyalement le S\u00e9n\u00e9gal et \u00e0 d\u00e9fendre le Pr\u00e9sident et sa politique. Ce genre\u00a0 de caract\u00e9risations graves ne doit pas exister entre allies de la Majorit\u00e9 pr\u00e9sidentielle. Le S\u00e9n\u00e9gal est un Etat de droit, de libert\u00e9s, de justice mais aussi d\u2019ordre r\u00e9publicain. L\u2019Etat a les moyens et l\u2019obligation de d\u00e9fendre le droit et la justice, l\u2019ordre et la paix, les personnes et les biens. Nous sommes tous, tant que nous sommes, des justiciables et soumis \u00e0 l\u2019autorit\u00e9 de la loi. Nous avons chacun, le droit d\u2019avoir un avis et une position sur toutes les questions y compris avoir des avis et positions contraires \u00e0 ceux des autres. Seul le juge constitutionnel peut d\u00e9clarer recevable ou non une candidature \u00e0 la pr\u00e9sidentielle. Pas la rue ! Avoir peur de la rue pour s\u2019aligner, de peur de violences ou troubles \u00e0 venir, ce n\u2019est ni plus, ni moins, qu\u2019une plate capitulation devant ceux qui exercent au quotidien le terrorisme num\u00e9rique et m\u00e9diatique et qui, de plus en plus, font de nombreuses victimes parmi certains intellectuels et pas des moindres . Le modus operandi de ces terroristes politico-m\u00e9diatiques est simple \u00ab faire croire au commun des S\u00e9n\u00e9galais que si le Pr\u00e9sident Sall se pr\u00e9sente \u00e0 une nouvelle candidature, le pays va br\u00fbler, le pire va arriver ! \u00bb. Ne capitulons pas devant cette propagande insidieuse, machiav\u00e9lique et m\u00eame diabolique. Faisons confiance \u00e0 l\u2019Etat de droit, \u00e0 la justice, aux forces de l\u2019ordre pour que force reste \u00e0 la loi et non \u00e0 la rue. Acceptons-nous dans nos contradictions, acceptons d\u2019\u00eatre ensemble, quelque soit la position prise par le Pr\u00e9sident sur la candidature en 2024 et cessons de jouer \u00e0 nous faire peur et de nous tirer dessus. Youssou Diallo. Pr\u00e9sident du Club S\u00e9n\u00e9gal \u00c9mergent. Samba SY.\" \/>\n<meta property=\"og:url\" content=\"https:\/\/www.public.sn\/index.php\/2022\/10\/24\/youssou-diallo-repond-a-ibrahima-sene-sur-le-3eme-mandat\/\" \/>\n<meta property=\"og:site_name\" content=\"LE PUBLIC\" \/>\n<meta property=\"article:published_time\" content=\"2022-10-24T14:36:03+00:00\" \/>\n<meta property=\"article:modified_time\" content=\"2022-10-24T14:36:11+00:00\" \/>\n<meta property=\"og:image\" content=\"https:\/\/www.public.sn\/wp-content\/uploads\/2022\/10\/youssou-diallo.jpg\" \/>\n\t<meta property=\"og:image:width\" content=\"1024\" \/>\n\t<meta property=\"og:image:height\" content=\"683\" \/>\n\t<meta property=\"og:image:type\" content=\"image\/jpeg\" \/>\n<meta name=\"author\" content=\"LA REDACTION\" \/>\n<meta name=\"twitter:card\" content=\"summary_large_image\" \/>\n<meta name=\"twitter:label1\" content=\"\u00c9crit par\" \/>\n\t<meta name=\"twitter:data1\" content=\"LA REDACTION\" \/>\n\t<meta name=\"twitter:label2\" content=\"Dur\u00e9e de lecture estim\u00e9e\" \/>\n\t<meta name=\"twitter:data2\" content=\"3 minutes\" \/>\n<script type=\"application\/ld+json\" class=\"yoast-schema-graph\">{\"@context\":\"https:\/\/schema.org\",\"@graph\":[{\"@type\":\"Article\",\"@id\":\"https:\/\/www.public.sn\/index.php\/2022\/10\/24\/youssou-diallo-repond-a-ibrahima-sene-sur-le-3eme-mandat\/#article\",\"isPartOf\":{\"@id\":\"https:\/\/www.public.sn\/index.php\/2022\/10\/24\/youssou-diallo-repond-a-ibrahima-sene-sur-le-3eme-mandat\/\"},\"author\":{\"name\":\"LA REDACTION\",\"@id\":\"https:\/\/www.public.sn\/#\/schema\/person\/cb76c8e1b8becc6be61fb5e92d6d0224\"},\"headline\":\"Youssou Diallo r\u00e9pond \u00e0 Ibrahima S\u00e9ne sur le 3eme mandat.\",\"datePublished\":\"2022-10-24T14:36:03+00:00\",\"dateModified\":\"2022-10-24T14:36:11+00:00\",\"mainEntityOfPage\":{\"@id\":\"https:\/\/www.public.sn\/index.php\/2022\/10\/24\/youssou-diallo-repond-a-ibrahima-sene-sur-le-3eme-mandat\/\"},\"wordCount\":562,\"commentCount\":0,\"publisher\":{\"@id\":\"https:\/\/www.public.sn\/#organization\"},\"image\":{\"@id\":\"https:\/\/www.public.sn\/index.php\/2022\/10\/24\/youssou-diallo-repond-a-ibrahima-sene-sur-le-3eme-mandat\/#primaryimage\"},\"thumbnailUrl\":\"https:\/\/www.public.sn\/wp-content\/uploads\/2022\/10\/youssou-diallo.jpg\",\"keywords\":[\"3eme mandat\",\"ibrahima sene\",\"youssou diallo\"],\"articleSection\":[\"ACTUALIT\u00c9S\",\"CONTRIBUTIONS\",\"S\u00c9N\u00c9GAL\"],\"inLanguage\":\"fr-FR\",\"potentialAction\":[{\"@type\":\"CommentAction\",\"name\":\"Comment\",\"target\":[\"https:\/\/www.public.sn\/index.php\/2022\/10\/24\/youssou-diallo-repond-a-ibrahima-sene-sur-le-3eme-mandat\/#respond\"]}]},{\"@type\":\"WebPage\",\"@id\":\"https:\/\/www.public.sn\/index.php\/2022\/10\/24\/youssou-diallo-repond-a-ibrahima-sene-sur-le-3eme-mandat\/\",\"url\":\"https:\/\/www.public.sn\/index.php\/2022\/10\/24\/youssou-diallo-repond-a-ibrahima-sene-sur-le-3eme-mandat\/\",\"name\":\"Youssou Diallo r\u00e9pond \u00e0 Ibrahima S\u00e9ne sur le 3eme mandat. - LE PUBLIC\",\"isPartOf\":{\"@id\":\"https:\/\/www.public.sn\/#website\"},\"primaryImageOfPage\":{\"@id\":\"https:\/\/www.public.sn\/index.php\/2022\/10\/24\/youssou-diallo-repond-a-ibrahima-sene-sur-le-3eme-mandat\/#primaryimage\"},\"image\":{\"@id\":\"https:\/\/www.public.sn\/index.php\/2022\/10\/24\/youssou-diallo-repond-a-ibrahima-sene-sur-le-3eme-mandat\/#primaryimage\"},\"thumbnailUrl\":\"https:\/\/www.public.sn\/wp-content\/uploads\/2022\/10\/youssou-diallo.jpg\",\"datePublished\":\"2022-10-24T14:36:03+00:00\",\"dateModified\":\"2022-10-24T14:36:11+00:00\",\"breadcrumb\":{\"@id\":\"https:\/\/www.public.sn\/index.php\/2022\/10\/24\/youssou-diallo-repond-a-ibrahima-sene-sur-le-3eme-mandat\/#breadcrumb\"},\"inLanguage\":\"fr-FR\",\"potentialAction\":[{\"@type\":\"ReadAction\",\"target\":[\"https:\/\/www.public.sn\/index.php\/2022\/10\/24\/youssou-diallo-repond-a-ibrahima-sene-sur-le-3eme-mandat\/\"]}]},{\"@type\":\"ImageObject\",\"inLanguage\":\"fr-FR\",\"@id\":\"https:\/\/www.public.sn\/index.php\/2022\/10\/24\/youssou-diallo-repond-a-ibrahima-sene-sur-le-3eme-mandat\/#primaryimage\",\"url\":\"https:\/\/www.public.sn\/wp-content\/uploads\/2022\/10\/youssou-diallo.jpg\",\"contentUrl\":\"https:\/\/www.public.sn\/wp-content\/uploads\/2022\/10\/youssou-diallo.jpg\",\"width\":1024,\"height\":683,\"caption\":\"publicsn\"},{\"@type\":\"BreadcrumbList\",\"@id\":\"https:\/\/www.public.sn\/index.php\/2022\/10\/24\/youssou-diallo-repond-a-ibrahima-sene-sur-le-3eme-mandat\/#breadcrumb\",\"itemListElement\":[{\"@type\":\"ListItem\",\"position\":1,\"name\":\"Accueil\",\"item\":\"https:\/\/www.public.sn\/\"},{\"@type\":\"ListItem\",\"position\":2,\"name\":\"Youssou Diallo r\u00e9pond \u00e0 Ibrahima S\u00e9ne sur le 3eme mandat.\"}]},{\"@type\":\"WebSite\",\"@id\":\"https:\/\/www.public.sn\/#website\",\"url\":\"https:\/\/www.public.sn\/\",\"name\":\"LE PUBLIC\",\"description\":\"\",\"publisher\":{\"@id\":\"https:\/\/www.public.sn\/#organization\"},\"potentialAction\":[{\"@type\":\"SearchAction\",\"target\":{\"@type\":\"EntryPoint\",\"urlTemplate\":\"https:\/\/www.public.sn\/?s={search_term_string}\"},\"query-input\":{\"@type\":\"PropertyValueSpecification\",\"valueRequired\":true,\"valueName\":\"search_term_string\"}}],\"inLanguage\":\"fr-FR\"},{\"@type\":\"Organization\",\"@id\":\"https:\/\/www.public.sn\/#organization\",\"name\":\"LE PUBLIC\",\"url\":\"https:\/\/www.public.sn\/\",\"logo\":{\"@type\":\"ImageObject\",\"inLanguage\":\"fr-FR\",\"@id\":\"https:\/\/www.public.sn\/#\/schema\/logo\/image\/\",\"url\":\"https:\/\/www.public.sn\/wp-content\/uploads\/2024\/05\/cropped-LOGO-PUBLIC.SN_.png\",\"contentUrl\":\"https:\/\/www.public.sn\/wp-content\/uploads\/2024\/05\/cropped-LOGO-PUBLIC.SN_.png\",\"width\":682,\"height\":192,\"caption\":\"LE PUBLIC\"},\"image\":{\"@id\":\"https:\/\/www.public.sn\/#\/schema\/logo\/image\/\"}},{\"@type\":\"Person\",\"@id\":\"https:\/\/www.public.sn\/#\/schema\/person\/cb76c8e1b8becc6be61fb5e92d6d0224\",\"name\":\"LA REDACTION\",\"image\":{\"@type\":\"ImageObject\",\"inLanguage\":\"fr-FR\",\"@id\":\"https:\/\/www.public.sn\/#\/schema\/person\/image\/\",\"url\":\"https:\/\/secure.gravatar.com\/avatar\/2dce5ddd34b8fef0180efe03aa2a9bee7d953856048f9a16b298190a3178407c?s=96&d=mm&r=g\",\"contentUrl\":\"https:\/\/secure.gravatar.com\/avatar\/2dce5ddd34b8fef0180efe03aa2a9bee7d953856048f9a16b298190a3178407c?s=96&d=mm&r=g\",\"caption\":\"LA REDACTION\"},\"url\":\"https:\/\/www.public.sn\/index.php\/author\/editeurpsn\/\"}]}<\/script>\n<!-- \/ Yoast SEO plugin. -->","yoast_head_json":{"title":"Youssou Diallo r\u00e9pond \u00e0 Ibrahima S\u00e9ne sur le 3eme mandat. - LE PUBLIC","robots":{"index":"index","follow":"follow","max-snippet":"max-snippet:-1","max-image-preview":"max-image-preview:large","max-video-preview":"max-video-preview:-1"},"canonical":"https:\/\/www.public.sn\/index.php\/2022\/10\/24\/youssou-diallo-repond-a-ibrahima-sene-sur-le-3eme-mandat\/","og_locale":"fr_FR","og_type":"article","og_title":"Youssou Diallo r\u00e9pond \u00e0 Ibrahima S\u00e9ne sur le 3eme mandat. - LE PUBLIC","og_description":"Le 3eme mandat d\u00e9cri\u00e9 par Ibrahima S\u00e9ne du Parti de l\u2019ind\u00e9pendance et du travail ne semble nullement agr\u00e9e le pr\u00e9sident du club des investisseurs. Pour Youssou Diallo Ibrahima S\u00e9n\u00e9 n\u2019a pas argument\u00e9 juridiquement sa prise de position. Ses propos sur ceux qui d\u00e9fendent un autre mandat de Macky Sall sont outranciers et rel\u00e8vent d\u2019un jugement de valeur. Bonsoir Ibrahima S\u00e8ne, J\u2019ai lu ta position sur la candidature ou non du Pr\u00e9sident Macky en 2024. Je respecte ton point de vue, bien qu\u2019il ne soit pas juridiquement argument\u00e9. Je te prie en retour, aussi, de respecter le point de vue de ceux qui estiment et argumentent, que le Pr\u00e9sident peut juridiquement postuler \u00e0 un autre mandat. Dire que ceux qui argumentent la possibilit\u00e9 pour le Pr\u00e9sident Macky Sall de postuler \u00e0 un autre mandat, j\u2019en fais partie et je l\u2019ai suffisamment expliqu\u00e9 et publiquement, \u00ab veulent d\u00e9fendre ou conserver des privil\u00e8ges \u00bb, \u00ab d\u2019int\u00e9r\u00eats \u00e9go\u00efstes \u00bb ou qu\u2019ils \u00ab sont affol\u00e9s \u00bb ils \u00ab r\u00eavent du retour au Parti-Etat \u00bb, \u00ab de folie suicidaire \u00bb, \u00ab tentatives de br\u00fbler le S\u00e9n\u00e9gal \u00bb, etc, etc. me semble \u00eatre des propos outranciers et relever de jugements de valeurs faciles, dogmatiques et sans aucune retenue. C\u2019est m\u00eame une tentative d\u2019excommunication de personnes qui se consacrent pour l\u2019essentiel, tous les jours, \u00e0 servir loyalement le S\u00e9n\u00e9gal et \u00e0 d\u00e9fendre le Pr\u00e9sident et sa politique. Ce genre\u00a0 de caract\u00e9risations graves ne doit pas exister entre allies de la Majorit\u00e9 pr\u00e9sidentielle. Le S\u00e9n\u00e9gal est un Etat de droit, de libert\u00e9s, de justice mais aussi d\u2019ordre r\u00e9publicain. L\u2019Etat a les moyens et l\u2019obligation de d\u00e9fendre le droit et la justice, l\u2019ordre et la paix, les personnes et les biens. Nous sommes tous, tant que nous sommes, des justiciables et soumis \u00e0 l\u2019autorit\u00e9 de la loi. Nous avons chacun, le droit d\u2019avoir un avis et une position sur toutes les questions y compris avoir des avis et positions contraires \u00e0 ceux des autres. Seul le juge constitutionnel peut d\u00e9clarer recevable ou non une candidature \u00e0 la pr\u00e9sidentielle. Pas la rue ! Avoir peur de la rue pour s\u2019aligner, de peur de violences ou troubles \u00e0 venir, ce n\u2019est ni plus, ni moins, qu\u2019une plate capitulation devant ceux qui exercent au quotidien le terrorisme num\u00e9rique et m\u00e9diatique et qui, de plus en plus, font de nombreuses victimes parmi certains intellectuels et pas des moindres . Le modus operandi de ces terroristes politico-m\u00e9diatiques est simple \u00ab faire croire au commun des S\u00e9n\u00e9galais que si le Pr\u00e9sident Sall se pr\u00e9sente \u00e0 une nouvelle candidature, le pays va br\u00fbler, le pire va arriver ! \u00bb. Ne capitulons pas devant cette propagande insidieuse, machiav\u00e9lique et m\u00eame diabolique. Faisons confiance \u00e0 l\u2019Etat de droit, \u00e0 la justice, aux forces de l\u2019ordre pour que force reste \u00e0 la loi et non \u00e0 la rue. Acceptons-nous dans nos contradictions, acceptons d\u2019\u00eatre ensemble, quelque soit la position prise par le Pr\u00e9sident sur la candidature en 2024 et cessons de jouer \u00e0 nous faire peur et de nous tirer dessus. Youssou Diallo. Pr\u00e9sident du Club S\u00e9n\u00e9gal \u00c9mergent. Samba SY.","og_url":"https:\/\/www.public.sn\/index.php\/2022\/10\/24\/youssou-diallo-repond-a-ibrahima-sene-sur-le-3eme-mandat\/","og_site_name":"LE PUBLIC","article_published_time":"2022-10-24T14:36:03+00:00","article_modified_time":"2022-10-24T14:36:11+00:00","og_image":[{"width":1024,"height":683,"url":"https:\/\/www.public.sn\/wp-content\/uploads\/2022\/10\/youssou-diallo.jpg","type":"image\/jpeg"}],"author":"LA REDACTION","twitter_card":"summary_large_image","twitter_misc":{"\u00c9crit par":"LA REDACTION","Dur\u00e9e de lecture estim\u00e9e":"3 minutes"},"schema":{"@context":"https:\/\/schema.org","@graph":[{"@type":"Article","@id":"https:\/\/www.public.sn\/index.php\/2022\/10\/24\/youssou-diallo-repond-a-ibrahima-sene-sur-le-3eme-mandat\/#article","isPartOf":{"@id":"https:\/\/www.public.sn\/index.php\/2022\/10\/24\/youssou-diallo-repond-a-ibrahima-sene-sur-le-3eme-mandat\/"},"author":{"name":"LA REDACTION","@id":"https:\/\/www.public.sn\/#\/schema\/person\/cb76c8e1b8becc6be61fb5e92d6d0224"},"headline":"Youssou Diallo r\u00e9pond \u00e0 Ibrahima S\u00e9ne sur le 3eme mandat.","datePublished":"2022-10-24T14:36:03+00:00","dateModified":"2022-10-24T14:36:11+00:00","mainEntityOfPage":{"@id":"https:\/\/www.public.sn\/index.php\/2022\/10\/24\/youssou-diallo-repond-a-ibrahima-sene-sur-le-3eme-mandat\/"},"wordCount":562,"commentCount":0,"publisher":{"@id":"https:\/\/www.public.sn\/#organization"},"image":{"@id":"https:\/\/www.public.sn\/index.php\/2022\/10\/24\/youssou-diallo-repond-a-ibrahima-sene-sur-le-3eme-mandat\/#primaryimage"},"thumbnailUrl":"https:\/\/www.public.sn\/wp-content\/uploads\/2022\/10\/youssou-diallo.jpg","keywords":["3eme mandat","ibrahima sene","youssou diallo"],"articleSection":["ACTUALIT\u00c9S","CONTRIBUTIONS","S\u00c9N\u00c9GAL"],"inLanguage":"fr-FR","potentialAction":[{"@type":"CommentAction","name":"Comment","target":["https:\/\/www.public.sn\/index.php\/2022\/10\/24\/youssou-diallo-repond-a-ibrahima-sene-sur-le-3eme-mandat\/#respond"]}]},{"@type":"WebPage","@id":"https:\/\/www.public.sn\/index.php\/2022\/10\/24\/youssou-diallo-repond-a-ibrahima-sene-sur-le-3eme-mandat\/","url":"https:\/\/www.public.sn\/index.php\/2022\/10\/24\/youssou-diallo-repond-a-ibrahima-sene-sur-le-3eme-mandat\/","name":"Youssou Diallo r\u00e9pond \u00e0 Ibrahima S\u00e9ne sur le 3eme mandat. - LE PUBLIC","isPartOf":{"@id":"https:\/\/www.public.sn\/#website"},"primaryImageOfPage":{"@id":"https:\/\/www.public.sn\/index.php\/2022\/10\/24\/youssou-diallo-repond-a-ibrahima-sene-sur-le-3eme-mandat\/#primaryimage"},"image":{"@id":"https:\/\/www.public.sn\/index.php\/2022\/10\/24\/youssou-diallo-repond-a-ibrahima-sene-sur-le-3eme-mandat\/#primaryimage"},"thumbnailUrl":"https:\/\/www.public.sn\/wp-content\/uploads\/2022\/10\/youssou-diallo.jpg","datePublished":"2022-10-24T14:36:03+00:00","dateModified":"2022-10-24T14:36:11+00:00","breadcrumb":{"@id":"https:\/\/www.public.sn\/index.php\/2022\/10\/24\/youssou-diallo-repond-a-ibrahima-sene-sur-le-3eme-mandat\/#breadcrumb"},"inLanguage":"fr-FR","potentialAction":[{"@type":"ReadAction","target":["https:\/\/www.public.sn\/index.php\/2022\/10\/24\/youssou-diallo-repond-a-ibrahima-sene-sur-le-3eme-mandat\/"]}]},{"@type":"ImageObject","inLanguage":"fr-FR","@id":"https:\/\/www.public.sn\/index.php\/2022\/10\/24\/youssou-diallo-repond-a-ibrahima-sene-sur-le-3eme-mandat\/#primaryimage","url":"https:\/\/www.public.sn\/wp-content\/uploads\/2022\/10\/youssou-diallo.jpg","contentUrl":"https:\/\/www.public.sn\/wp-content\/uploads\/2022\/10\/youssou-diallo.jpg","width":1024,"height":683,"caption":"publicsn"},{"@type":"BreadcrumbList","@id":"https:\/\/www.public.sn\/index.php\/2022\/10\/24\/youssou-diallo-repond-a-ibrahima-sene-sur-le-3eme-mandat\/#breadcrumb","itemListElement":[{"@type":"ListItem","position":1,"name":"Accueil","item":"https:\/\/www.public.sn\/"},{"@type":"ListItem","position":2,"name":"Youssou Diallo r\u00e9pond \u00e0 Ibrahima S\u00e9ne sur le 3eme mandat."}]},{"@type":"WebSite","@id":"https:\/\/www.public.sn\/#website","url":"https:\/\/www.public.sn\/","name":"LE PUBLIC","description":"","publisher":{"@id":"https:\/\/www.public.sn\/#organization"},"potentialAction":[{"@type":"SearchAction","target":{"@type":"EntryPoint","urlTemplate":"https:\/\/www.public.sn\/?s={search_term_string}"},"query-input":{"@type":"PropertyValueSpecification","valueRequired":true,"valueName":"search_term_string"}}],"inLanguage":"fr-FR"},{"@type":"Organization","@id":"https:\/\/www.public.sn\/#organization","name":"LE PUBLIC","url":"https:\/\/www.public.sn\/","logo":{"@type":"ImageObject","inLanguage":"fr-FR","@id":"https:\/\/www.public.sn\/#\/schema\/logo\/image\/","url":"https:\/\/www.public.sn\/wp-content\/uploads\/2024\/05\/cropped-LOGO-PUBLIC.SN_.png","contentUrl":"https:\/\/www.public.sn\/wp-content\/uploads\/2024\/05\/cropped-LOGO-PUBLIC.SN_.png","width":682,"height":192,"caption":"LE PUBLIC"},"image":{"@id":"https:\/\/www.public.sn\/#\/schema\/logo\/image\/"}},{"@type":"Person","@id":"https:\/\/www.public.sn\/#\/schema\/person\/cb76c8e1b8becc6be61fb5e92d6d0224","name":"LA REDACTION","image":{"@type":"ImageObject","inLanguage":"fr-FR","@id":"https:\/\/www.public.sn\/#\/schema\/person\/image\/","url":"https:\/\/secure.gravatar.com\/avatar\/2dce5ddd34b8fef0180efe03aa2a9bee7d953856048f9a16b298190a3178407c?s=96&d=mm&r=g","contentUrl":"https:\/\/secure.gravatar.com\/avatar\/2dce5ddd34b8fef0180efe03aa2a9bee7d953856048f9a16b298190a3178407c?s=96&d=mm&r=g","caption":"LA REDACTION"},"url":"https:\/\/www.public.sn\/index.php\/author\/editeurpsn\/"}]}},"jetpack_featured_media_url":"https:\/\/www.public.sn\/wp-content\/uploads\/2022\/10\/youssou-diallo.jpg","jetpack_sharing_enabled":true,"_links":{"self":[{"href":"https:\/\/www.public.sn\/index.php\/wp-json\/wp\/v2\/posts\/5683","targetHints":{"allow":["GET"]}}],"collection":[{"href":"https:\/\/www.public.sn\/index.php\/wp-json\/wp\/v2\/posts"}],"about":[{"href":"https:\/\/www.public.sn\/index.php\/wp-json\/wp\/v2\/types\/post"}],"author":[{"embeddable":true,"href":"https:\/\/www.public.sn\/index.php\/wp-json\/wp\/v2\/users\/7"}],"replies":[{"embeddable":true,"href":"https:\/\/www.public.sn\/index.php\/wp-json\/wp\/v2\/comments?post=5683"}],"version-history":[{"count":1,"href":"https:\/\/www.public.sn\/index.php\/wp-json\/wp\/v2\/posts\/5683\/revisions"}],"predecessor-version":[{"id":5685,"href":"https:\/\/www.public.sn\/index.php\/wp-json\/wp\/v2\/posts\/5683\/revisions\/5685"}],"wp:featuredmedia":[{"embeddable":true,"href":"https:\/\/www.public.sn\/index.php\/wp-json\/wp\/v2\/media\/5684"}],"wp:attachment":[{"href":"https:\/\/www.public.sn\/index.php\/wp-json\/wp\/v2\/media?parent=5683"}],"wp:term":[{"taxonomy":"category","embeddable":true,"href":"https:\/\/www.public.sn\/index.php\/wp-json\/wp\/v2\/categories?post=5683"},{"taxonomy":"post_tag","embeddable":true,"href":"https:\/\/www.public.sn\/index.php\/wp-json\/wp\/v2\/tags?post=5683"}],"curies":[{"name":"wp","href":"https:\/\/api.w.org\/{rel}","templated":true}]}}