{"id":5688,"date":"2022-10-24T15:24:02","date_gmt":"2022-10-24T15:24:02","guid":{"rendered":"https:\/\/www.public.sn\/?p=5688"},"modified":"2022-10-24T15:24:05","modified_gmt":"2022-10-24T15:24:05","slug":"tivaouane-peulh-niague-un-collectif-dit-non-au-rattachement-a-keur-massar-nord","status":"publish","type":"post","link":"https:\/\/www.public.sn\/index.php\/2022\/10\/24\/tivaouane-peulh-niague-un-collectif-dit-non-au-rattachement-a-keur-massar-nord\/","title":{"rendered":"Tivaouane Peulh- Niague&nbsp;: Un collectif dit Non au rattachement \u00e0 Keur Massar Nord."},"content":{"rendered":"\n<p><\/p>\n\n\n\n<p><strong>Le feu couve \u00e0 Tivaouane Peulh Niague entre la population, le maire et celui de Keur Massar Nord. Ce dernier est accus\u00e9 de man\u0153uvrer pour rattacher un espace \u00e0 sa commune malgr\u00e9 le d\u00e9cret de limitation de 2021. Le collectif pour la d\u00e9fense des int\u00e9r\u00eats de Tivaouane Peulh Niague s\u2019oppose \u00e0 cette \u00e9ventualit\u00e9 et avertit.<\/strong><\/p><div class=\"publi-paragraphe1\" style=\"margin-top: 10px;margin-bottom: 10px;margin-left: auto;margin-right: auto;text-align: center;\" id=\"publi-1243246499\"><div class=\"publi-adlabel\">Publicit\u00e9<\/div><script async src=\"\/\/pagead2.googlesyndication.com\/pagead\/js\/adsbygoogle.js?client=ca-pub-4089586018074219\" crossorigin=\"anonymous\"><\/script><ins class=\"adsbygoogle\" style=\"display:block;\" data-ad-client=\"ca-pub-4089586018074219\" \ndata-ad-slot=\"2087940154\" \ndata-ad-format=\"auto\"><\/ins>\n<script> \n(adsbygoogle = window.adsbygoogle || []).push({}); \n<\/script>\n<\/div>\n\n\n\n<p><\/p>\n\n\n\n<p>Le collectif pour la d\u00e9fense des int\u00e9r\u00eats de Tivaouane Peulh Niague dit Non \u00e0 la volont\u00e9 de rattacher ladite localit\u00e9 \u00e0 Keur Massar Nord. Les membres du collectif\u00a0 avancent que depuis 3 mois, les maires de Tivaouane Peulh Niague et celui de Keur Massar Nord veulent faire croire que l\u2019espace allant du Champ de Me Abdoulaye Wade au croisement de l\u2019Apix fait partie de la commune de Keur Massar Nord. Une position totalement fausse car aucun document ne le prouve.<\/p>\n\n\n\n<p><\/p>\n\n\n\n<p> Le collectif rappelle que le d\u00e9cret n 2021-688 du 28 Mai 2021 fixe les limites des territoires entre les communes dans le d\u00e9partement de Keur Massar. Et d\u2019ailleurs Niacoulrab et Niacoulrab Extension ont \u00e9t\u00e9 rattach\u00e9es \u00e0 Tivaouane Peulh Niague. Pour eux tout ceci n\u2019est qu\u2019un deal politique entre les deux maires et cela ne passera pas. Le collectif d\u00e9crie les comportements du maire de Keur Massar et avertit qu\u2019il\u00a0 n\u2019entend pas laisser ce dernier poursuivre ses activit\u00e9s dans le p\u00e9rim\u00e8tre de la commune. <\/p>\n\n\n\n<p><\/p>\n\n\n\n<p>\u00a0Le collectif interpelle les autorit\u00e9s notamment le pr\u00e9sident de la R\u00e9publique, le ministre des collectivit\u00e9s territoriales pour une solution d\u00e9finitive aux agissements des maires de Keur Massar Nord et de Tivaouane Peulh Niague.<\/p>\n\n\n\n<p>Samba SY.<\/p>\n<div class=\"publi-apres-le-contenu\" style=\"margin-top: 10px;margin-bottom: 10px;margin-left: auto;margin-right: auto;text-align: center;\" id=\"publi-345846500\"><div class=\"publi-adlabel\">Publicit\u00e9<\/div><script async src=\"\/\/pagead2.googlesyndication.com\/pagead\/js\/adsbygoogle.js?client=ca-pub-4089586018074219\" crossorigin=\"anonymous\"><\/script><ins class=\"adsbygoogle\" style=\"display:block;\" data-ad-client=\"ca-pub-4089586018074219\" \ndata-ad-slot=\"2087940154\" \ndata-ad-format=\"auto\"><\/ins>\n<script> \n(adsbygoogle = window.adsbygoogle || []).push({}); \n<\/script>\n<\/div>","protected":false},"excerpt":{"rendered":"<p>Le feu couve \u00e0 Tivaouane Peulh Niague entre la population, le maire et celui de Keur Massar Nord. Ce dernier est accus\u00e9 de man\u0153uvrer pour rattacher un espace \u00e0 sa commune malgr\u00e9 le d\u00e9cret de limitation de 2021. Le collectif pour la d\u00e9fense des int\u00e9r\u00eats de Tivaouane Peulh Niague s\u2019oppose \u00e0 cette \u00e9ventualit\u00e9 et avertit. Le collectif pour la d\u00e9fense des int\u00e9r\u00eats de Tivaouane Peulh Niague dit Non \u00e0 la volont\u00e9 de rattacher ladite localit\u00e9 \u00e0 Keur Massar Nord. Les membres du collectif\u00a0 avancent que depuis 3 mois, les maires de Tivaouane Peulh Niague et celui de Keur Massar Nord veulent faire croire que l\u2019espace allant du Champ de Me Abdoulaye Wade au croisement de l\u2019Apix fait partie de la commune de Keur Massar Nord. Une position totalement fausse car aucun document ne le prouve. Le collectif rappelle que le d\u00e9cret n 2021-688 du 28 Mai 2021 fixe les limites des territoires entre les communes dans le d\u00e9partement de Keur Massar. Et d\u2019ailleurs Niacoulrab et Niacoulrab Extension ont \u00e9t\u00e9 rattach\u00e9es \u00e0 Tivaouane Peulh Niague. Pour eux tout ceci n\u2019est qu\u2019un deal politique entre les deux maires et cela ne passera pas. Le collectif d\u00e9crie les comportements du maire de Keur Massar et avertit qu\u2019il\u00a0 n\u2019entend pas laisser ce dernier poursuivre ses activit\u00e9s dans le p\u00e9rim\u00e8tre de la commune. \u00a0Le collectif interpelle les autorit\u00e9s notamment le pr\u00e9sident de la R\u00e9publique, le ministre des collectivit\u00e9s territoriales pour une solution d\u00e9finitive aux agissements des maires de Keur Massar Nord et de Tivaouane Peulh Niague. Samba SY.<\/p>\n","protected":false},"author":7,"featured_media":5689,"comment_status":"open","ping_status":"open","sticky":false,"template":"","format":"standard","meta":{"_jetpack_memberships_contains_paid_content":false,"footnotes":""},"categories":[375,1,4],"tags":[1378,1935,1934],"class_list":["post-5688","post","type-post","status-publish","format-standard","has-post-thumbnail","hentry","category-actualites","category-non-classe","category-societe","tag-keur-massar","tag-rattachement","tag-tiv-peulh","entry","has-media","owp-thumbs-layout-horizontal","owp-btn-normal","owp-tabs-layout-horizontal","has-no-thumbnails","has-product-nav"],"yoast_head":"<!-- This site is optimized with the Yoast SEO plugin v25.5 - https:\/\/yoast.com\/wordpress\/plugins\/seo\/ -->\n<title>Tivaouane Peulh- Niague&nbsp;: Un collectif dit Non au rattachement \u00e0 Keur Massar Nord. - LE PUBLIC<\/title>\n<meta name=\"robots\" content=\"index, follow, max-snippet:-1, max-image-preview:large, max-video-preview:-1\" \/>\n<link rel=\"canonical\" href=\"https:\/\/www.public.sn\/index.php\/2022\/10\/24\/tivaouane-peulh-niague-un-collectif-dit-non-au-rattachement-a-keur-massar-nord\/\" \/>\n<meta property=\"og:locale\" content=\"fr_FR\" \/>\n<meta property=\"og:type\" content=\"article\" \/>\n<meta property=\"og:title\" content=\"Tivaouane Peulh- Niague&nbsp;: Un collectif dit Non au rattachement \u00e0 Keur Massar Nord. - LE PUBLIC\" \/>\n<meta property=\"og:description\" content=\"Le feu couve \u00e0 Tivaouane Peulh Niague entre la population, le maire et celui de Keur Massar Nord. Ce dernier est accus\u00e9 de man\u0153uvrer pour rattacher un espace \u00e0 sa commune malgr\u00e9 le d\u00e9cret de limitation de 2021. Le collectif pour la d\u00e9fense des int\u00e9r\u00eats de Tivaouane Peulh Niague s\u2019oppose \u00e0 cette \u00e9ventualit\u00e9 et avertit. Le collectif pour la d\u00e9fense des int\u00e9r\u00eats de Tivaouane Peulh Niague dit Non \u00e0 la volont\u00e9 de rattacher ladite localit\u00e9 \u00e0 Keur Massar Nord. Les membres du collectif\u00a0 avancent que depuis 3 mois, les maires de Tivaouane Peulh Niague et celui de Keur Massar Nord veulent faire croire que l\u2019espace allant du Champ de Me Abdoulaye Wade au croisement de l\u2019Apix fait partie de la commune de Keur Massar Nord. Une position totalement fausse car aucun document ne le prouve. Le collectif rappelle que le d\u00e9cret n 2021-688 du 28 Mai 2021 fixe les limites des territoires entre les communes dans le d\u00e9partement de Keur Massar. Et d\u2019ailleurs Niacoulrab et Niacoulrab Extension ont \u00e9t\u00e9 rattach\u00e9es \u00e0 Tivaouane Peulh Niague. Pour eux tout ceci n\u2019est qu\u2019un deal politique entre les deux maires et cela ne passera pas. Le collectif d\u00e9crie les comportements du maire de Keur Massar et avertit qu\u2019il\u00a0 n\u2019entend pas laisser ce dernier poursuivre ses activit\u00e9s dans le p\u00e9rim\u00e8tre de la commune. \u00a0Le collectif interpelle les autorit\u00e9s notamment le pr\u00e9sident de la R\u00e9publique, le ministre des collectivit\u00e9s territoriales pour une solution d\u00e9finitive aux agissements des maires de Keur Massar Nord et de Tivaouane Peulh Niague. Samba SY.\" \/>\n<meta property=\"og:url\" content=\"https:\/\/www.public.sn\/index.php\/2022\/10\/24\/tivaouane-peulh-niague-un-collectif-dit-non-au-rattachement-a-keur-massar-nord\/\" \/>\n<meta property=\"og:site_name\" content=\"LE PUBLIC\" \/>\n<meta property=\"article:published_time\" content=\"2022-10-24T15:24:02+00:00\" \/>\n<meta property=\"article:modified_time\" content=\"2022-10-24T15:24:05+00:00\" \/>\n<meta property=\"og:image\" content=\"https:\/\/www.public.sn\/wp-content\/uploads\/2022\/10\/keur-massar-nord.jpg\" \/>\n\t<meta property=\"og:image:width\" content=\"808\" \/>\n\t<meta property=\"og:image:height\" content=\"606\" \/>\n\t<meta property=\"og:image:type\" content=\"image\/jpeg\" \/>\n<meta name=\"author\" content=\"LA REDACTION\" \/>\n<meta name=\"twitter:card\" content=\"summary_large_image\" \/>\n<meta name=\"twitter:label1\" content=\"\u00c9crit par\" \/>\n\t<meta name=\"twitter:data1\" content=\"LA REDACTION\" \/>\n\t<meta name=\"twitter:label2\" content=\"Dur\u00e9e de lecture estim\u00e9e\" \/>\n\t<meta name=\"twitter:data2\" content=\"2 minutes\" \/>\n<script type=\"application\/ld+json\" class=\"yoast-schema-graph\">{\"@context\":\"https:\/\/schema.org\",\"@graph\":[{\"@type\":\"Article\",\"@id\":\"https:\/\/www.public.sn\/index.php\/2022\/10\/24\/tivaouane-peulh-niague-un-collectif-dit-non-au-rattachement-a-keur-massar-nord\/#article\",\"isPartOf\":{\"@id\":\"https:\/\/www.public.sn\/index.php\/2022\/10\/24\/tivaouane-peulh-niague-un-collectif-dit-non-au-rattachement-a-keur-massar-nord\/\"},\"author\":{\"name\":\"LA REDACTION\",\"@id\":\"https:\/\/www.public.sn\/#\/schema\/person\/cb76c8e1b8becc6be61fb5e92d6d0224\"},\"headline\":\"Tivaouane Peulh- Niague&nbsp;: Un collectif dit Non au rattachement \u00e0 Keur Massar Nord.\",\"datePublished\":\"2022-10-24T15:24:02+00:00\",\"dateModified\":\"2022-10-24T15:24:05+00:00\",\"mainEntityOfPage\":{\"@id\":\"https:\/\/www.public.sn\/index.php\/2022\/10\/24\/tivaouane-peulh-niague-un-collectif-dit-non-au-rattachement-a-keur-massar-nord\/\"},\"wordCount\":284,\"commentCount\":0,\"publisher\":{\"@id\":\"https:\/\/www.public.sn\/#organization\"},\"image\":{\"@id\":\"https:\/\/www.public.sn\/index.php\/2022\/10\/24\/tivaouane-peulh-niague-un-collectif-dit-non-au-rattachement-a-keur-massar-nord\/#primaryimage\"},\"thumbnailUrl\":\"https:\/\/www.public.sn\/wp-content\/uploads\/2022\/10\/keur-massar-nord.jpg\",\"keywords\":[\"keur massar\",\"rattachement\",\"tiv peulh\"],\"articleSection\":[\"ACTUALIT\u00c9S\",\"S\u00c9N\u00c9GAL\",\"SOCIETE\"],\"inLanguage\":\"fr-FR\",\"potentialAction\":[{\"@type\":\"CommentAction\",\"name\":\"Comment\",\"target\":[\"https:\/\/www.public.sn\/index.php\/2022\/10\/24\/tivaouane-peulh-niague-un-collectif-dit-non-au-rattachement-a-keur-massar-nord\/#respond\"]}]},{\"@type\":\"WebPage\",\"@id\":\"https:\/\/www.public.sn\/index.php\/2022\/10\/24\/tivaouane-peulh-niague-un-collectif-dit-non-au-rattachement-a-keur-massar-nord\/\",\"url\":\"https:\/\/www.public.sn\/index.php\/2022\/10\/24\/tivaouane-peulh-niague-un-collectif-dit-non-au-rattachement-a-keur-massar-nord\/\",\"name\":\"Tivaouane Peulh- Niague&nbsp;: Un collectif dit Non au rattachement \u00e0 Keur Massar Nord. - LE PUBLIC\",\"isPartOf\":{\"@id\":\"https:\/\/www.public.sn\/#website\"},\"primaryImageOfPage\":{\"@id\":\"https:\/\/www.public.sn\/index.php\/2022\/10\/24\/tivaouane-peulh-niague-un-collectif-dit-non-au-rattachement-a-keur-massar-nord\/#primaryimage\"},\"image\":{\"@id\":\"https:\/\/www.public.sn\/index.php\/2022\/10\/24\/tivaouane-peulh-niague-un-collectif-dit-non-au-rattachement-a-keur-massar-nord\/#primaryimage\"},\"thumbnailUrl\":\"https:\/\/www.public.sn\/wp-content\/uploads\/2022\/10\/keur-massar-nord.jpg\",\"datePublished\":\"2022-10-24T15:24:02+00:00\",\"dateModified\":\"2022-10-24T15:24:05+00:00\",\"breadcrumb\":{\"@id\":\"https:\/\/www.public.sn\/index.php\/2022\/10\/24\/tivaouane-peulh-niague-un-collectif-dit-non-au-rattachement-a-keur-massar-nord\/#breadcrumb\"},\"inLanguage\":\"fr-FR\",\"potentialAction\":[{\"@type\":\"ReadAction\",\"target\":[\"https:\/\/www.public.sn\/index.php\/2022\/10\/24\/tivaouane-peulh-niague-un-collectif-dit-non-au-rattachement-a-keur-massar-nord\/\"]}]},{\"@type\":\"ImageObject\",\"inLanguage\":\"fr-FR\",\"@id\":\"https:\/\/www.public.sn\/index.php\/2022\/10\/24\/tivaouane-peulh-niague-un-collectif-dit-non-au-rattachement-a-keur-massar-nord\/#primaryimage\",\"url\":\"https:\/\/www.public.sn\/wp-content\/uploads\/2022\/10\/keur-massar-nord.jpg\",\"contentUrl\":\"https:\/\/www.public.sn\/wp-content\/uploads\/2022\/10\/keur-massar-nord.jpg\",\"width\":808,\"height\":606,\"caption\":\"publicsn\"},{\"@type\":\"BreadcrumbList\",\"@id\":\"https:\/\/www.public.sn\/index.php\/2022\/10\/24\/tivaouane-peulh-niague-un-collectif-dit-non-au-rattachement-a-keur-massar-nord\/#breadcrumb\",\"itemListElement\":[{\"@type\":\"ListItem\",\"position\":1,\"name\":\"Accueil\",\"item\":\"https:\/\/www.public.sn\/\"},{\"@type\":\"ListItem\",\"position\":2,\"name\":\"Tivaouane Peulh- Niague&nbsp;: Un collectif dit Non au rattachement \u00e0 Keur Massar Nord.\"}]},{\"@type\":\"WebSite\",\"@id\":\"https:\/\/www.public.sn\/#website\",\"url\":\"https:\/\/www.public.sn\/\",\"name\":\"LE PUBLIC\",\"description\":\"\",\"publisher\":{\"@id\":\"https:\/\/www.public.sn\/#organization\"},\"potentialAction\":[{\"@type\":\"SearchAction\",\"target\":{\"@type\":\"EntryPoint\",\"urlTemplate\":\"https:\/\/www.public.sn\/?s={search_term_string}\"},\"query-input\":{\"@type\":\"PropertyValueSpecification\",\"valueRequired\":true,\"valueName\":\"search_term_string\"}}],\"inLanguage\":\"fr-FR\"},{\"@type\":\"Organization\",\"@id\":\"https:\/\/www.public.sn\/#organization\",\"name\":\"LE PUBLIC\",\"url\":\"https:\/\/www.public.sn\/\",\"logo\":{\"@type\":\"ImageObject\",\"inLanguage\":\"fr-FR\",\"@id\":\"https:\/\/www.public.sn\/#\/schema\/logo\/image\/\",\"url\":\"https:\/\/www.public.sn\/wp-content\/uploads\/2024\/05\/cropped-LOGO-PUBLIC.SN_.png\",\"contentUrl\":\"https:\/\/www.public.sn\/wp-content\/uploads\/2024\/05\/cropped-LOGO-PUBLIC.SN_.png\",\"width\":682,\"height\":192,\"caption\":\"LE PUBLIC\"},\"image\":{\"@id\":\"https:\/\/www.public.sn\/#\/schema\/logo\/image\/\"}},{\"@type\":\"Person\",\"@id\":\"https:\/\/www.public.sn\/#\/schema\/person\/cb76c8e1b8becc6be61fb5e92d6d0224\",\"name\":\"LA REDACTION\",\"image\":{\"@type\":\"ImageObject\",\"inLanguage\":\"fr-FR\",\"@id\":\"https:\/\/www.public.sn\/#\/schema\/person\/image\/\",\"url\":\"https:\/\/secure.gravatar.com\/avatar\/2dce5ddd34b8fef0180efe03aa2a9bee7d953856048f9a16b298190a3178407c?s=96&d=mm&r=g\",\"contentUrl\":\"https:\/\/secure.gravatar.com\/avatar\/2dce5ddd34b8fef0180efe03aa2a9bee7d953856048f9a16b298190a3178407c?s=96&d=mm&r=g\",\"caption\":\"LA REDACTION\"},\"url\":\"https:\/\/www.public.sn\/index.php\/author\/editeurpsn\/\"}]}<\/script>\n<!-- \/ Yoast SEO plugin. -->","yoast_head_json":{"title":"Tivaouane Peulh- Niague&nbsp;: Un collectif dit Non au rattachement \u00e0 Keur Massar Nord. - LE PUBLIC","robots":{"index":"index","follow":"follow","max-snippet":"max-snippet:-1","max-image-preview":"max-image-preview:large","max-video-preview":"max-video-preview:-1"},"canonical":"https:\/\/www.public.sn\/index.php\/2022\/10\/24\/tivaouane-peulh-niague-un-collectif-dit-non-au-rattachement-a-keur-massar-nord\/","og_locale":"fr_FR","og_type":"article","og_title":"Tivaouane Peulh- Niague&nbsp;: Un collectif dit Non au rattachement \u00e0 Keur Massar Nord. - LE PUBLIC","og_description":"Le feu couve \u00e0 Tivaouane Peulh Niague entre la population, le maire et celui de Keur Massar Nord. Ce dernier est accus\u00e9 de man\u0153uvrer pour rattacher un espace \u00e0 sa commune malgr\u00e9 le d\u00e9cret de limitation de 2021. Le collectif pour la d\u00e9fense des int\u00e9r\u00eats de Tivaouane Peulh Niague s\u2019oppose \u00e0 cette \u00e9ventualit\u00e9 et avertit. Le collectif pour la d\u00e9fense des int\u00e9r\u00eats de Tivaouane Peulh Niague dit Non \u00e0 la volont\u00e9 de rattacher ladite localit\u00e9 \u00e0 Keur Massar Nord. Les membres du collectif\u00a0 avancent que depuis 3 mois, les maires de Tivaouane Peulh Niague et celui de Keur Massar Nord veulent faire croire que l\u2019espace allant du Champ de Me Abdoulaye Wade au croisement de l\u2019Apix fait partie de la commune de Keur Massar Nord. Une position totalement fausse car aucun document ne le prouve. Le collectif rappelle que le d\u00e9cret n 2021-688 du 28 Mai 2021 fixe les limites des territoires entre les communes dans le d\u00e9partement de Keur Massar. Et d\u2019ailleurs Niacoulrab et Niacoulrab Extension ont \u00e9t\u00e9 rattach\u00e9es \u00e0 Tivaouane Peulh Niague. Pour eux tout ceci n\u2019est qu\u2019un deal politique entre les deux maires et cela ne passera pas. Le collectif d\u00e9crie les comportements du maire de Keur Massar et avertit qu\u2019il\u00a0 n\u2019entend pas laisser ce dernier poursuivre ses activit\u00e9s dans le p\u00e9rim\u00e8tre de la commune. \u00a0Le collectif interpelle les autorit\u00e9s notamment le pr\u00e9sident de la R\u00e9publique, le ministre des collectivit\u00e9s territoriales pour une solution d\u00e9finitive aux agissements des maires de Keur Massar Nord et de Tivaouane Peulh Niague. Samba SY.","og_url":"https:\/\/www.public.sn\/index.php\/2022\/10\/24\/tivaouane-peulh-niague-un-collectif-dit-non-au-rattachement-a-keur-massar-nord\/","og_site_name":"LE PUBLIC","article_published_time":"2022-10-24T15:24:02+00:00","article_modified_time":"2022-10-24T15:24:05+00:00","og_image":[{"width":808,"height":606,"url":"https:\/\/www.public.sn\/wp-content\/uploads\/2022\/10\/keur-massar-nord.jpg","type":"image\/jpeg"}],"author":"LA REDACTION","twitter_card":"summary_large_image","twitter_misc":{"\u00c9crit par":"LA REDACTION","Dur\u00e9e de lecture estim\u00e9e":"2 minutes"},"schema":{"@context":"https:\/\/schema.org","@graph":[{"@type":"Article","@id":"https:\/\/www.public.sn\/index.php\/2022\/10\/24\/tivaouane-peulh-niague-un-collectif-dit-non-au-rattachement-a-keur-massar-nord\/#article","isPartOf":{"@id":"https:\/\/www.public.sn\/index.php\/2022\/10\/24\/tivaouane-peulh-niague-un-collectif-dit-non-au-rattachement-a-keur-massar-nord\/"},"author":{"name":"LA REDACTION","@id":"https:\/\/www.public.sn\/#\/schema\/person\/cb76c8e1b8becc6be61fb5e92d6d0224"},"headline":"Tivaouane Peulh- Niague&nbsp;: Un collectif dit Non au rattachement \u00e0 Keur Massar Nord.","datePublished":"2022-10-24T15:24:02+00:00","dateModified":"2022-10-24T15:24:05+00:00","mainEntityOfPage":{"@id":"https:\/\/www.public.sn\/index.php\/2022\/10\/24\/tivaouane-peulh-niague-un-collectif-dit-non-au-rattachement-a-keur-massar-nord\/"},"wordCount":284,"commentCount":0,"publisher":{"@id":"https:\/\/www.public.sn\/#organization"},"image":{"@id":"https:\/\/www.public.sn\/index.php\/2022\/10\/24\/tivaouane-peulh-niague-un-collectif-dit-non-au-rattachement-a-keur-massar-nord\/#primaryimage"},"thumbnailUrl":"https:\/\/www.public.sn\/wp-content\/uploads\/2022\/10\/keur-massar-nord.jpg","keywords":["keur massar","rattachement","tiv peulh"],"articleSection":["ACTUALIT\u00c9S","S\u00c9N\u00c9GAL","SOCIETE"],"inLanguage":"fr-FR","potentialAction":[{"@type":"CommentAction","name":"Comment","target":["https:\/\/www.public.sn\/index.php\/2022\/10\/24\/tivaouane-peulh-niague-un-collectif-dit-non-au-rattachement-a-keur-massar-nord\/#respond"]}]},{"@type":"WebPage","@id":"https:\/\/www.public.sn\/index.php\/2022\/10\/24\/tivaouane-peulh-niague-un-collectif-dit-non-au-rattachement-a-keur-massar-nord\/","url":"https:\/\/www.public.sn\/index.php\/2022\/10\/24\/tivaouane-peulh-niague-un-collectif-dit-non-au-rattachement-a-keur-massar-nord\/","name":"Tivaouane Peulh- Niague&nbsp;: Un collectif dit Non au rattachement \u00e0 Keur Massar Nord. - LE PUBLIC","isPartOf":{"@id":"https:\/\/www.public.sn\/#website"},"primaryImageOfPage":{"@id":"https:\/\/www.public.sn\/index.php\/2022\/10\/24\/tivaouane-peulh-niague-un-collectif-dit-non-au-rattachement-a-keur-massar-nord\/#primaryimage"},"image":{"@id":"https:\/\/www.public.sn\/index.php\/2022\/10\/24\/tivaouane-peulh-niague-un-collectif-dit-non-au-rattachement-a-keur-massar-nord\/#primaryimage"},"thumbnailUrl":"https:\/\/www.public.sn\/wp-content\/uploads\/2022\/10\/keur-massar-nord.jpg","datePublished":"2022-10-24T15:24:02+00:00","dateModified":"2022-10-24T15:24:05+00:00","breadcrumb":{"@id":"https:\/\/www.public.sn\/index.php\/2022\/10\/24\/tivaouane-peulh-niague-un-collectif-dit-non-au-rattachement-a-keur-massar-nord\/#breadcrumb"},"inLanguage":"fr-FR","potentialAction":[{"@type":"ReadAction","target":["https:\/\/www.public.sn\/index.php\/2022\/10\/24\/tivaouane-peulh-niague-un-collectif-dit-non-au-rattachement-a-keur-massar-nord\/"]}]},{"@type":"ImageObject","inLanguage":"fr-FR","@id":"https:\/\/www.public.sn\/index.php\/2022\/10\/24\/tivaouane-peulh-niague-un-collectif-dit-non-au-rattachement-a-keur-massar-nord\/#primaryimage","url":"https:\/\/www.public.sn\/wp-content\/uploads\/2022\/10\/keur-massar-nord.jpg","contentUrl":"https:\/\/www.public.sn\/wp-content\/uploads\/2022\/10\/keur-massar-nord.jpg","width":808,"height":606,"caption":"publicsn"},{"@type":"BreadcrumbList","@id":"https:\/\/www.public.sn\/index.php\/2022\/10\/24\/tivaouane-peulh-niague-un-collectif-dit-non-au-rattachement-a-keur-massar-nord\/#breadcrumb","itemListElement":[{"@type":"ListItem","position":1,"name":"Accueil","item":"https:\/\/www.public.sn\/"},{"@type":"ListItem","position":2,"name":"Tivaouane Peulh- Niague&nbsp;: Un collectif dit Non au rattachement \u00e0 Keur Massar Nord."}]},{"@type":"WebSite","@id":"https:\/\/www.public.sn\/#website","url":"https:\/\/www.public.sn\/","name":"LE PUBLIC","description":"","publisher":{"@id":"https:\/\/www.public.sn\/#organization"},"potentialAction":[{"@type":"SearchAction","target":{"@type":"EntryPoint","urlTemplate":"https:\/\/www.public.sn\/?s={search_term_string}"},"query-input":{"@type":"PropertyValueSpecification","valueRequired":true,"valueName":"search_term_string"}}],"inLanguage":"fr-FR"},{"@type":"Organization","@id":"https:\/\/www.public.sn\/#organization","name":"LE PUBLIC","url":"https:\/\/www.public.sn\/","logo":{"@type":"ImageObject","inLanguage":"fr-FR","@id":"https:\/\/www.public.sn\/#\/schema\/logo\/image\/","url":"https:\/\/www.public.sn\/wp-content\/uploads\/2024\/05\/cropped-LOGO-PUBLIC.SN_.png","contentUrl":"https:\/\/www.public.sn\/wp-content\/uploads\/2024\/05\/cropped-LOGO-PUBLIC.SN_.png","width":682,"height":192,"caption":"LE PUBLIC"},"image":{"@id":"https:\/\/www.public.sn\/#\/schema\/logo\/image\/"}},{"@type":"Person","@id":"https:\/\/www.public.sn\/#\/schema\/person\/cb76c8e1b8becc6be61fb5e92d6d0224","name":"LA REDACTION","image":{"@type":"ImageObject","inLanguage":"fr-FR","@id":"https:\/\/www.public.sn\/#\/schema\/person\/image\/","url":"https:\/\/secure.gravatar.com\/avatar\/2dce5ddd34b8fef0180efe03aa2a9bee7d953856048f9a16b298190a3178407c?s=96&d=mm&r=g","contentUrl":"https:\/\/secure.gravatar.com\/avatar\/2dce5ddd34b8fef0180efe03aa2a9bee7d953856048f9a16b298190a3178407c?s=96&d=mm&r=g","caption":"LA REDACTION"},"url":"https:\/\/www.public.sn\/index.php\/author\/editeurpsn\/"}]}},"jetpack_featured_media_url":"https:\/\/www.public.sn\/wp-content\/uploads\/2022\/10\/keur-massar-nord.jpg","jetpack_sharing_enabled":true,"_links":{"self":[{"href":"https:\/\/www.public.sn\/index.php\/wp-json\/wp\/v2\/posts\/5688","targetHints":{"allow":["GET"]}}],"collection":[{"href":"https:\/\/www.public.sn\/index.php\/wp-json\/wp\/v2\/posts"}],"about":[{"href":"https:\/\/www.public.sn\/index.php\/wp-json\/wp\/v2\/types\/post"}],"author":[{"embeddable":true,"href":"https:\/\/www.public.sn\/index.php\/wp-json\/wp\/v2\/users\/7"}],"replies":[{"embeddable":true,"href":"https:\/\/www.public.sn\/index.php\/wp-json\/wp\/v2\/comments?post=5688"}],"version-history":[{"count":2,"href":"https:\/\/www.public.sn\/index.php\/wp-json\/wp\/v2\/posts\/5688\/revisions"}],"predecessor-version":[{"id":5691,"href":"https:\/\/www.public.sn\/index.php\/wp-json\/wp\/v2\/posts\/5688\/revisions\/5691"}],"wp:featuredmedia":[{"embeddable":true,"href":"https:\/\/www.public.sn\/index.php\/wp-json\/wp\/v2\/media\/5689"}],"wp:attachment":[{"href":"https:\/\/www.public.sn\/index.php\/wp-json\/wp\/v2\/media?parent=5688"}],"wp:term":[{"taxonomy":"category","embeddable":true,"href":"https:\/\/www.public.sn\/index.php\/wp-json\/wp\/v2\/categories?post=5688"},{"taxonomy":"post_tag","embeddable":true,"href":"https:\/\/www.public.sn\/index.php\/wp-json\/wp\/v2\/tags?post=5688"}],"curies":[{"name":"wp","href":"https:\/\/api.w.org\/{rel}","templated":true}]}}