{"id":5707,"date":"2022-10-24T16:52:23","date_gmt":"2022-10-24T16:52:23","guid":{"rendered":"https:\/\/www.public.sn\/?p=5707"},"modified":"2022-10-24T16:52:25","modified_gmt":"2022-10-24T16:52:25","slug":"macky-sall-lafrique-nest-pas-contre-lukraine-mais","status":"publish","type":"post","link":"https:\/\/www.public.sn\/index.php\/2022\/10\/24\/macky-sall-lafrique-nest-pas-contre-lukraine-mais\/","title":{"rendered":"Macky Sall : L&rsquo;Afrique n&rsquo;est pas contre l&rsquo;Ukraine mais&#8230;"},"content":{"rendered":"\n<p>L\u2019indiff\u00e9rence des pays occidentaux face aux agressions contre l\u2019Afrique explique en partie la r\u00e9action de certains pays africains face \u00e0 la guerre entre l\u2019Ukraine et la Russie. Le pr\u00e9sident Macky Sall lors du sommet sur la paix et la s\u00e9curit\u00e9 en Afrique avance que l\u2019Afrique n\u2019est pas contre l\u2019Ukraine mais les pays africains refusent de prendre parti.<\/p><div class=\"publi-paragraphe1\" style=\"margin-top: 10px;margin-bottom: 10px;margin-left: auto;margin-right: auto;text-align: center;\" id=\"publi-4091279872\"><div class=\"publi-adlabel\">Publicit\u00e9<\/div><script async src=\"\/\/pagead2.googlesyndication.com\/pagead\/js\/adsbygoogle.js?client=ca-pub-4089586018074219\" crossorigin=\"anonymous\"><\/script><ins class=\"adsbygoogle\" style=\"display:block;\" data-ad-client=\"ca-pub-4089586018074219\" \ndata-ad-slot=\"2087940154\" \ndata-ad-format=\"auto\"><\/ins>\n<script> \n(adsbygoogle = window.adsbygoogle || []).push({}); \n<\/script>\n<\/div>\n\n\n\n<p><\/p>\n\n\n\n<p>\u00ab\u00a0L&rsquo;Afrique n&rsquo;est pas contre l&rsquo;Ukraine, il ne faut pas qu&rsquo;on ait l\u2019impression que les Africains sont insensibles \u00e0 la situation de l\u2019Ukraine. Ce n&rsquo;est pas \u00e7a du tout\u00a0\u00bb, a d\u00e9clar\u00e9 le chef de l&rsquo;Etat s\u00e9n\u00e9galais lors de la 8 \u00e9dition du Forum international de Dakar, conf\u00e9rence de dirigeants et d&rsquo;experts sur la s\u00e9curit\u00e9 en Afrique.<\/p>\n\n\n\n<p><\/p>\n\n\n\n<p>\u00ab\u00a0Mais les Africains disent qu\u2019au m\u00eame moment o\u00f9 l\u2019Ukraine est en guerre, est envahie, est agress\u00e9e, l&rsquo;Afrique est permanemment agress\u00e9e par le terrorisme\u00a0\u00bb, a-t-il dit. Il a aussi cit\u00e9 l&rsquo;absence de solidarit\u00e9 internationale face \u00e0 la crise \u00e9conomique qui \u00e9prouve le continent et face aux maladies.<\/p>\n\n\n\n<p>\u00ab\u00a0Nous sommes en 2022, nous ne sommes plus pendant l\u2019\u00e8re coloniale. Nous sommes en 2022, donc les pays, m\u00eame s&rsquo;ils sont pauvres, sont d&rsquo;\u00e9gale dignit\u00e9. Il faut qu\u2019on traite leurs probl\u00e8mes avec le m\u00eame respect\u00a0\u00bb, explique t&rsquo;il. <\/p>\n\n\n\n<p>le pr\u00e9sident Macky Sall  a renouvel\u00e9 son appel \u00e0 une meilleure repr\u00e9sentation africaine au sein des organisations internationales comme le Conseil de s\u00e9curit\u00e9 de l&rsquo;ONU ou le G20.<\/p>\n\n\n\n<p>L&#8217;emploi du mot \u00ab\u00a0agress\u00e9e\u00a0\u00bb pour l&rsquo;Ukraine est significatif de la part du pr\u00e9sident de l&rsquo;Union africaine.<\/p>\n\n\n\n<p>L&rsquo;invasion de l&rsquo;Ukraine par la Russie a divis\u00e9 les pays africains, ainsi que l&rsquo;ont montr\u00e9 plusieurs votes aux Nations unies depuis f\u00e9vrier 2022. Pr\u00e8s de la moiti\u00e9 d&rsquo;entre eux se sont encore abstenus ou n&rsquo;ont pas pris part au vote le 12 octobre quand l&rsquo;Assembl\u00e9e g\u00e9n\u00e9rale de l&rsquo;ONU a condamn\u00e9 l&rsquo;annexion par la Russie de territoires ukrainiens.<\/p>\n\n\n\n<p><\/p>\n\n\n\n<p>Le S\u00e9n\u00e9gal, aux relations fortes avec les pays occidentaux, avait surpris le 2 mars en s&rsquo;abstenant lors d&rsquo;un vote de l&rsquo;Assembl\u00e9e g\u00e9n\u00e9rale en faveur d&rsquo;une r\u00e9solution qui exigeait \u00ab\u00a0que la Russie cesse imm\u00e9diatement de recourir \u00e0 la force contre l&rsquo;Ukraine\u00a0\u00bb.<\/p>\n\n\n\n<p>&nbsp;Le S\u00e9n\u00e9gal avait en revanche vot\u00e9 le 24 mars une seconde r\u00e9solution exigeant de la Russie un arr\u00eat imm\u00e9diat de la guerre. Il a aussi vot\u00e9 le 12 octobre pour la condamnation de l&rsquo;annexion.<\/p>\n\n\n\n<p>M. Sall a plaid\u00e9 pour l&rsquo;ouverture de n\u00e9gociations entre les protagonistes de la crise ukrainienne. \u00ab\u00a0Nous devons \u00eatre capables d&rsquo;arr\u00eater cette guerre qui est en train de d\u00e9truire le monde\u00a0\u00bb<\/p>\n\n\n\n<p>Peu auparavant, la secr\u00e9taire d&rsquo;Etat fran\u00e7aise Chrysoula Zacharopoulou avait plaid\u00e9 pour la \u00ab\u00a0solidarit\u00e9\u00a0\u00bb du continent avec les Europ\u00e9ens face \u00e0 l&rsquo;offensive russe.<\/p>\n\n\n\n<p>Celle-ci repr\u00e9sente une \u00ab\u00a0menace existentielle pour la stabilit\u00e9 et l&rsquo;int\u00e9grit\u00e9 de notre continent\u00a0\u00bb, a dit la secr\u00e9taire d\u2019\u00c9tat fran\u00e7aise aupr\u00e8s du minist\u00e8re des Affaires \u00e9trang\u00e8res.<\/p>\n\n\n\n<p>\u00ab\u00a0Tous les Europ\u00e9ens le vivent ainsi. C\u2019est pourquoi nous exprimons une attente de solidarit\u00e9 \u00e0 l&rsquo;\u00e9gard de l&rsquo;Afrique\u00a0\u00bb, a-t-elle dit en pr\u00e9sence du pr\u00e9sident s\u00e9n\u00e9galais, de deux autres chefs d&rsquo;Etat africains et d&rsquo;un certain nombre de ministres des Affaires \u00e9trang\u00e8res.<\/p>\n\n\n\n<p>\u00ab\u00a0Nous ne le dirons jamais assez: la Russie et la seule responsable de cette crise \u00e9conomique, \u00e9nerg\u00e9tique et alimentaire\u00a0\u00bb, a-t-elle rench\u00e9ri. L&rsquo;Afrique a \u00e9t\u00e9 durement affect\u00e9e par les effets de la crise ukrainienne et son impact sur les prix et les approvisionnements, en c\u00e9r\u00e9ales par exemple.<\/p>\n\n\n\n<p>Face aux critiques qui trouvent un large \u00e9cho en Afrique contre une propension de la France ou de pays occidentaux \u00e0 vouloir dicter leur loi \u00e0 leurs partenaires africains, la responsable fran\u00e7aise a assur\u00e9 que la France, quand elle d\u00e9ploie des missions comme la force antijihadiste sah\u00e9lienne Barkhane, n&rsquo;intervenait pas \u00ab\u00a0en substitution\u00a0\u00bb aux arm\u00e9es nationales, mais \u00ab\u00a0en appui\u00a0\u00bb.<\/p>\n\n\n\n<p>Samba SY.<\/p>\n<div class=\"publi-apres-le-contenu\" style=\"margin-top: 10px;margin-bottom: 10px;margin-left: auto;margin-right: auto;text-align: center;\" id=\"publi-4273255835\"><div class=\"publi-adlabel\">Publicit\u00e9<\/div><script async src=\"\/\/pagead2.googlesyndication.com\/pagead\/js\/adsbygoogle.js?client=ca-pub-4089586018074219\" crossorigin=\"anonymous\"><\/script><ins class=\"adsbygoogle\" style=\"display:block;\" data-ad-client=\"ca-pub-4089586018074219\" \ndata-ad-slot=\"2087940154\" \ndata-ad-format=\"auto\"><\/ins>\n<script> \n(adsbygoogle = window.adsbygoogle || []).push({}); \n<\/script>\n<\/div>","protected":false},"excerpt":{"rendered":"<p>L\u2019indiff\u00e9rence des pays occidentaux face aux agressions contre l\u2019Afrique explique en partie la r\u00e9action de certains pays africains face \u00e0 la guerre entre l\u2019Ukraine et la Russie. Le pr\u00e9sident Macky Sall lors du sommet sur la paix et la s\u00e9curit\u00e9 en Afrique avance que l\u2019Afrique n\u2019est pas contre l\u2019Ukraine mais les pays africains refusent de prendre parti. \u00ab\u00a0L&rsquo;Afrique n&rsquo;est pas contre l&rsquo;Ukraine, il ne faut pas qu&rsquo;on ait l\u2019impression que les Africains sont insensibles \u00e0 la situation de l\u2019Ukraine. Ce n&rsquo;est pas \u00e7a du tout\u00a0\u00bb, a d\u00e9clar\u00e9 le chef de l&rsquo;Etat s\u00e9n\u00e9galais lors de la 8 \u00e9dition du Forum international de Dakar, conf\u00e9rence de dirigeants et d&rsquo;experts sur la s\u00e9curit\u00e9 en Afrique. \u00ab\u00a0Mais les Africains disent qu\u2019au m\u00eame moment o\u00f9 l\u2019Ukraine est en guerre, est envahie, est agress\u00e9e, l&rsquo;Afrique est permanemment agress\u00e9e par le terrorisme\u00a0\u00bb, a-t-il dit. Il a aussi cit\u00e9 l&rsquo;absence de solidarit\u00e9 internationale face \u00e0 la crise \u00e9conomique qui \u00e9prouve le continent et face aux maladies. \u00ab\u00a0Nous sommes en 2022, nous ne sommes plus pendant l\u2019\u00e8re coloniale. Nous sommes en 2022, donc les pays, m\u00eame s&rsquo;ils sont pauvres, sont d&rsquo;\u00e9gale dignit\u00e9. Il faut qu\u2019on traite leurs probl\u00e8mes avec le m\u00eame respect\u00a0\u00bb, explique t&rsquo;il. le pr\u00e9sident Macky Sall a renouvel\u00e9 son appel \u00e0 une meilleure repr\u00e9sentation africaine au sein des organisations internationales comme le Conseil de s\u00e9curit\u00e9 de l&rsquo;ONU ou le G20. L&#8217;emploi du mot \u00ab\u00a0agress\u00e9e\u00a0\u00bb pour l&rsquo;Ukraine est significatif de la part du pr\u00e9sident de l&rsquo;Union africaine. L&rsquo;invasion de l&rsquo;Ukraine par la Russie a divis\u00e9 les pays africains, ainsi que l&rsquo;ont montr\u00e9 plusieurs votes aux Nations unies depuis f\u00e9vrier 2022. Pr\u00e8s de la moiti\u00e9 d&rsquo;entre eux se sont encore abstenus ou n&rsquo;ont pas pris part au vote le 12 octobre quand l&rsquo;Assembl\u00e9e g\u00e9n\u00e9rale de l&rsquo;ONU a condamn\u00e9 l&rsquo;annexion par la Russie de territoires ukrainiens. Le S\u00e9n\u00e9gal, aux relations fortes avec les pays occidentaux, avait surpris le 2 mars en s&rsquo;abstenant lors d&rsquo;un vote de l&rsquo;Assembl\u00e9e g\u00e9n\u00e9rale en faveur d&rsquo;une r\u00e9solution qui exigeait \u00ab\u00a0que la Russie cesse imm\u00e9diatement de recourir \u00e0 la force contre l&rsquo;Ukraine\u00a0\u00bb. &nbsp;Le S\u00e9n\u00e9gal avait en revanche vot\u00e9 le 24 mars une seconde r\u00e9solution exigeant de la Russie un arr\u00eat imm\u00e9diat de la guerre. Il a aussi vot\u00e9 le 12 octobre pour la condamnation de l&rsquo;annexion. M. Sall a plaid\u00e9 pour l&rsquo;ouverture de n\u00e9gociations entre les protagonistes de la crise ukrainienne. \u00ab\u00a0Nous devons \u00eatre capables d&rsquo;arr\u00eater cette guerre qui est en train de d\u00e9truire le monde\u00a0\u00bb Peu auparavant, la secr\u00e9taire d&rsquo;Etat fran\u00e7aise Chrysoula Zacharopoulou avait plaid\u00e9 pour la \u00ab\u00a0solidarit\u00e9\u00a0\u00bb du continent avec les Europ\u00e9ens face \u00e0 l&rsquo;offensive russe. Celle-ci repr\u00e9sente une \u00ab\u00a0menace existentielle pour la stabilit\u00e9 et l&rsquo;int\u00e9grit\u00e9 de notre continent\u00a0\u00bb, a dit la secr\u00e9taire d\u2019\u00c9tat fran\u00e7aise aupr\u00e8s du minist\u00e8re des Affaires \u00e9trang\u00e8res. \u00ab\u00a0Tous les Europ\u00e9ens le vivent ainsi. C\u2019est pourquoi nous exprimons une attente de solidarit\u00e9 \u00e0 l&rsquo;\u00e9gard de l&rsquo;Afrique\u00a0\u00bb, a-t-elle dit en pr\u00e9sence du pr\u00e9sident s\u00e9n\u00e9galais, de deux autres chefs d&rsquo;Etat africains et d&rsquo;un certain nombre de ministres des Affaires \u00e9trang\u00e8res. \u00ab\u00a0Nous ne le dirons jamais assez: la Russie et la seule responsable de cette crise \u00e9conomique, \u00e9nerg\u00e9tique et alimentaire\u00a0\u00bb, a-t-elle rench\u00e9ri. L&rsquo;Afrique a \u00e9t\u00e9 durement affect\u00e9e par les effets de la crise ukrainienne et son impact sur les prix et les approvisionnements, en c\u00e9r\u00e9ales par exemple. Face aux critiques qui trouvent un large \u00e9cho en Afrique contre une propension de la France ou de pays occidentaux \u00e0 vouloir dicter leur loi \u00e0 leurs partenaires africains, la responsable fran\u00e7aise a assur\u00e9 que la France, quand elle d\u00e9ploie des missions comme la force antijihadiste sah\u00e9lienne Barkhane, n&rsquo;intervenait pas \u00ab\u00a0en substitution\u00a0\u00bb aux arm\u00e9es nationales, mais \u00ab\u00a0en appui\u00a0\u00bb. Samba SY.<\/p>\n","protected":false},"author":7,"featured_media":5708,"comment_status":"open","ping_status":"open","sticky":false,"template":"","format":"standard","meta":{"_jetpack_memberships_contains_paid_content":false,"footnotes":""},"categories":[375,550,1],"tags":[11,1942,1258],"class_list":["post-5707","post","type-post","status-publish","format-standard","has-post-thumbnail","hentry","category-actualites","category-afrique-monde","category-non-classe","tag-macky-sall","tag-paix-et-securite-2","tag-sommet","entry","has-media","owp-thumbs-layout-horizontal","owp-btn-normal","owp-tabs-layout-horizontal","has-no-thumbnails","has-product-nav"],"yoast_head":"<!-- This site is optimized with the Yoast SEO plugin v25.5 - https:\/\/yoast.com\/wordpress\/plugins\/seo\/ -->\n<title>Macky Sall : L&#039;Afrique n&#039;est pas contre l&#039;Ukraine mais... - LE PUBLIC<\/title>\n<meta name=\"robots\" content=\"index, follow, max-snippet:-1, max-image-preview:large, max-video-preview:-1\" \/>\n<link rel=\"canonical\" href=\"https:\/\/www.public.sn\/index.php\/2022\/10\/24\/macky-sall-lafrique-nest-pas-contre-lukraine-mais\/\" \/>\n<meta property=\"og:locale\" content=\"fr_FR\" \/>\n<meta property=\"og:type\" content=\"article\" \/>\n<meta property=\"og:title\" content=\"Macky Sall : L&#039;Afrique n&#039;est pas contre l&#039;Ukraine mais... - LE PUBLIC\" \/>\n<meta property=\"og:description\" content=\"L\u2019indiff\u00e9rence des pays occidentaux face aux agressions contre l\u2019Afrique explique en partie la r\u00e9action de certains pays africains face \u00e0 la guerre entre l\u2019Ukraine et la Russie. Le pr\u00e9sident Macky Sall lors du sommet sur la paix et la s\u00e9curit\u00e9 en Afrique avance que l\u2019Afrique n\u2019est pas contre l\u2019Ukraine mais les pays africains refusent de prendre parti. \u00ab\u00a0L&rsquo;Afrique n&rsquo;est pas contre l&rsquo;Ukraine, il ne faut pas qu&rsquo;on ait l\u2019impression que les Africains sont insensibles \u00e0 la situation de l\u2019Ukraine. Ce n&rsquo;est pas \u00e7a du tout\u00a0\u00bb, a d\u00e9clar\u00e9 le chef de l&rsquo;Etat s\u00e9n\u00e9galais lors de la 8 \u00e9dition du Forum international de Dakar, conf\u00e9rence de dirigeants et d&rsquo;experts sur la s\u00e9curit\u00e9 en Afrique. \u00ab\u00a0Mais les Africains disent qu\u2019au m\u00eame moment o\u00f9 l\u2019Ukraine est en guerre, est envahie, est agress\u00e9e, l&rsquo;Afrique est permanemment agress\u00e9e par le terrorisme\u00a0\u00bb, a-t-il dit. Il a aussi cit\u00e9 l&rsquo;absence de solidarit\u00e9 internationale face \u00e0 la crise \u00e9conomique qui \u00e9prouve le continent et face aux maladies. \u00ab\u00a0Nous sommes en 2022, nous ne sommes plus pendant l\u2019\u00e8re coloniale. Nous sommes en 2022, donc les pays, m\u00eame s&rsquo;ils sont pauvres, sont d&rsquo;\u00e9gale dignit\u00e9. Il faut qu\u2019on traite leurs probl\u00e8mes avec le m\u00eame respect\u00a0\u00bb, explique t&rsquo;il. le pr\u00e9sident Macky Sall a renouvel\u00e9 son appel \u00e0 une meilleure repr\u00e9sentation africaine au sein des organisations internationales comme le Conseil de s\u00e9curit\u00e9 de l&rsquo;ONU ou le G20. L&#8217;emploi du mot \u00ab\u00a0agress\u00e9e\u00a0\u00bb pour l&rsquo;Ukraine est significatif de la part du pr\u00e9sident de l&rsquo;Union africaine. L&rsquo;invasion de l&rsquo;Ukraine par la Russie a divis\u00e9 les pays africains, ainsi que l&rsquo;ont montr\u00e9 plusieurs votes aux Nations unies depuis f\u00e9vrier 2022. Pr\u00e8s de la moiti\u00e9 d&rsquo;entre eux se sont encore abstenus ou n&rsquo;ont pas pris part au vote le 12 octobre quand l&rsquo;Assembl\u00e9e g\u00e9n\u00e9rale de l&rsquo;ONU a condamn\u00e9 l&rsquo;annexion par la Russie de territoires ukrainiens. Le S\u00e9n\u00e9gal, aux relations fortes avec les pays occidentaux, avait surpris le 2 mars en s&rsquo;abstenant lors d&rsquo;un vote de l&rsquo;Assembl\u00e9e g\u00e9n\u00e9rale en faveur d&rsquo;une r\u00e9solution qui exigeait \u00ab\u00a0que la Russie cesse imm\u00e9diatement de recourir \u00e0 la force contre l&rsquo;Ukraine\u00a0\u00bb. &nbsp;Le S\u00e9n\u00e9gal avait en revanche vot\u00e9 le 24 mars une seconde r\u00e9solution exigeant de la Russie un arr\u00eat imm\u00e9diat de la guerre. Il a aussi vot\u00e9 le 12 octobre pour la condamnation de l&rsquo;annexion. M. Sall a plaid\u00e9 pour l&rsquo;ouverture de n\u00e9gociations entre les protagonistes de la crise ukrainienne. \u00ab\u00a0Nous devons \u00eatre capables d&rsquo;arr\u00eater cette guerre qui est en train de d\u00e9truire le monde\u00a0\u00bb Peu auparavant, la secr\u00e9taire d&rsquo;Etat fran\u00e7aise Chrysoula Zacharopoulou avait plaid\u00e9 pour la \u00ab\u00a0solidarit\u00e9\u00a0\u00bb du continent avec les Europ\u00e9ens face \u00e0 l&rsquo;offensive russe. Celle-ci repr\u00e9sente une \u00ab\u00a0menace existentielle pour la stabilit\u00e9 et l&rsquo;int\u00e9grit\u00e9 de notre continent\u00a0\u00bb, a dit la secr\u00e9taire d\u2019\u00c9tat fran\u00e7aise aupr\u00e8s du minist\u00e8re des Affaires \u00e9trang\u00e8res. \u00ab\u00a0Tous les Europ\u00e9ens le vivent ainsi. C\u2019est pourquoi nous exprimons une attente de solidarit\u00e9 \u00e0 l&rsquo;\u00e9gard de l&rsquo;Afrique\u00a0\u00bb, a-t-elle dit en pr\u00e9sence du pr\u00e9sident s\u00e9n\u00e9galais, de deux autres chefs d&rsquo;Etat africains et d&rsquo;un certain nombre de ministres des Affaires \u00e9trang\u00e8res. \u00ab\u00a0Nous ne le dirons jamais assez: la Russie et la seule responsable de cette crise \u00e9conomique, \u00e9nerg\u00e9tique et alimentaire\u00a0\u00bb, a-t-elle rench\u00e9ri. L&rsquo;Afrique a \u00e9t\u00e9 durement affect\u00e9e par les effets de la crise ukrainienne et son impact sur les prix et les approvisionnements, en c\u00e9r\u00e9ales par exemple. Face aux critiques qui trouvent un large \u00e9cho en Afrique contre une propension de la France ou de pays occidentaux \u00e0 vouloir dicter leur loi \u00e0 leurs partenaires africains, la responsable fran\u00e7aise a assur\u00e9 que la France, quand elle d\u00e9ploie des missions comme la force antijihadiste sah\u00e9lienne Barkhane, n&rsquo;intervenait pas \u00ab\u00a0en substitution\u00a0\u00bb aux arm\u00e9es nationales, mais \u00ab\u00a0en appui\u00a0\u00bb. Samba SY.\" \/>\n<meta property=\"og:url\" content=\"https:\/\/www.public.sn\/index.php\/2022\/10\/24\/macky-sall-lafrique-nest-pas-contre-lukraine-mais\/\" \/>\n<meta property=\"og:site_name\" content=\"LE PUBLIC\" \/>\n<meta property=\"article:published_time\" content=\"2022-10-24T16:52:23+00:00\" \/>\n<meta property=\"article:modified_time\" content=\"2022-10-24T16:52:25+00:00\" \/>\n<meta property=\"og:image\" content=\"https:\/\/www.public.sn\/wp-content\/uploads\/2022\/10\/macky-sall.webp\" \/>\n\t<meta property=\"og:image:width\" content=\"660\" \/>\n\t<meta property=\"og:image:height\" content=\"330\" \/>\n\t<meta property=\"og:image:type\" content=\"image\/webp\" \/>\n<meta name=\"author\" content=\"LA REDACTION\" \/>\n<meta name=\"twitter:card\" content=\"summary_large_image\" \/>\n<meta name=\"twitter:label1\" content=\"\u00c9crit par\" \/>\n\t<meta name=\"twitter:data1\" content=\"LA REDACTION\" \/>\n\t<meta name=\"twitter:label2\" content=\"Dur\u00e9e de lecture estim\u00e9e\" \/>\n\t<meta name=\"twitter:data2\" content=\"4 minutes\" \/>\n<script type=\"application\/ld+json\" class=\"yoast-schema-graph\">{\"@context\":\"https:\/\/schema.org\",\"@graph\":[{\"@type\":\"Article\",\"@id\":\"https:\/\/www.public.sn\/index.php\/2022\/10\/24\/macky-sall-lafrique-nest-pas-contre-lukraine-mais\/#article\",\"isPartOf\":{\"@id\":\"https:\/\/www.public.sn\/index.php\/2022\/10\/24\/macky-sall-lafrique-nest-pas-contre-lukraine-mais\/\"},\"author\":{\"name\":\"LA REDACTION\",\"@id\":\"https:\/\/www.public.sn\/#\/schema\/person\/cb76c8e1b8becc6be61fb5e92d6d0224\"},\"headline\":\"Macky Sall : L&rsquo;Afrique n&rsquo;est pas contre l&rsquo;Ukraine mais&#8230;\",\"datePublished\":\"2022-10-24T16:52:23+00:00\",\"dateModified\":\"2022-10-24T16:52:25+00:00\",\"mainEntityOfPage\":{\"@id\":\"https:\/\/www.public.sn\/index.php\/2022\/10\/24\/macky-sall-lafrique-nest-pas-contre-lukraine-mais\/\"},\"wordCount\":666,\"commentCount\":0,\"publisher\":{\"@id\":\"https:\/\/www.public.sn\/#organization\"},\"image\":{\"@id\":\"https:\/\/www.public.sn\/index.php\/2022\/10\/24\/macky-sall-lafrique-nest-pas-contre-lukraine-mais\/#primaryimage\"},\"thumbnailUrl\":\"https:\/\/www.public.sn\/wp-content\/uploads\/2022\/10\/macky-sall.webp\",\"keywords\":[\"Macky Sall\",\"paix et securite\",\"sommet\"],\"articleSection\":[\"ACTUALIT\u00c9S\",\"AFRIQUE &amp; MONDE\",\"S\u00c9N\u00c9GAL\"],\"inLanguage\":\"fr-FR\",\"potentialAction\":[{\"@type\":\"CommentAction\",\"name\":\"Comment\",\"target\":[\"https:\/\/www.public.sn\/index.php\/2022\/10\/24\/macky-sall-lafrique-nest-pas-contre-lukraine-mais\/#respond\"]}]},{\"@type\":\"WebPage\",\"@id\":\"https:\/\/www.public.sn\/index.php\/2022\/10\/24\/macky-sall-lafrique-nest-pas-contre-lukraine-mais\/\",\"url\":\"https:\/\/www.public.sn\/index.php\/2022\/10\/24\/macky-sall-lafrique-nest-pas-contre-lukraine-mais\/\",\"name\":\"Macky Sall : L'Afrique n'est pas contre l'Ukraine mais... - LE PUBLIC\",\"isPartOf\":{\"@id\":\"https:\/\/www.public.sn\/#website\"},\"primaryImageOfPage\":{\"@id\":\"https:\/\/www.public.sn\/index.php\/2022\/10\/24\/macky-sall-lafrique-nest-pas-contre-lukraine-mais\/#primaryimage\"},\"image\":{\"@id\":\"https:\/\/www.public.sn\/index.php\/2022\/10\/24\/macky-sall-lafrique-nest-pas-contre-lukraine-mais\/#primaryimage\"},\"thumbnailUrl\":\"https:\/\/www.public.sn\/wp-content\/uploads\/2022\/10\/macky-sall.webp\",\"datePublished\":\"2022-10-24T16:52:23+00:00\",\"dateModified\":\"2022-10-24T16:52:25+00:00\",\"breadcrumb\":{\"@id\":\"https:\/\/www.public.sn\/index.php\/2022\/10\/24\/macky-sall-lafrique-nest-pas-contre-lukraine-mais\/#breadcrumb\"},\"inLanguage\":\"fr-FR\",\"potentialAction\":[{\"@type\":\"ReadAction\",\"target\":[\"https:\/\/www.public.sn\/index.php\/2022\/10\/24\/macky-sall-lafrique-nest-pas-contre-lukraine-mais\/\"]}]},{\"@type\":\"ImageObject\",\"inLanguage\":\"fr-FR\",\"@id\":\"https:\/\/www.public.sn\/index.php\/2022\/10\/24\/macky-sall-lafrique-nest-pas-contre-lukraine-mais\/#primaryimage\",\"url\":\"https:\/\/www.public.sn\/wp-content\/uploads\/2022\/10\/macky-sall.webp\",\"contentUrl\":\"https:\/\/www.public.sn\/wp-content\/uploads\/2022\/10\/macky-sall.webp\",\"width\":660,\"height\":330,\"caption\":\"publicsn\"},{\"@type\":\"BreadcrumbList\",\"@id\":\"https:\/\/www.public.sn\/index.php\/2022\/10\/24\/macky-sall-lafrique-nest-pas-contre-lukraine-mais\/#breadcrumb\",\"itemListElement\":[{\"@type\":\"ListItem\",\"position\":1,\"name\":\"Accueil\",\"item\":\"https:\/\/www.public.sn\/\"},{\"@type\":\"ListItem\",\"position\":2,\"name\":\"Macky Sall : L&rsquo;Afrique n&rsquo;est pas contre l&rsquo;Ukraine mais&#8230;\"}]},{\"@type\":\"WebSite\",\"@id\":\"https:\/\/www.public.sn\/#website\",\"url\":\"https:\/\/www.public.sn\/\",\"name\":\"LE PUBLIC\",\"description\":\"\",\"publisher\":{\"@id\":\"https:\/\/www.public.sn\/#organization\"},\"potentialAction\":[{\"@type\":\"SearchAction\",\"target\":{\"@type\":\"EntryPoint\",\"urlTemplate\":\"https:\/\/www.public.sn\/?s={search_term_string}\"},\"query-input\":{\"@type\":\"PropertyValueSpecification\",\"valueRequired\":true,\"valueName\":\"search_term_string\"}}],\"inLanguage\":\"fr-FR\"},{\"@type\":\"Organization\",\"@id\":\"https:\/\/www.public.sn\/#organization\",\"name\":\"LE PUBLIC\",\"url\":\"https:\/\/www.public.sn\/\",\"logo\":{\"@type\":\"ImageObject\",\"inLanguage\":\"fr-FR\",\"@id\":\"https:\/\/www.public.sn\/#\/schema\/logo\/image\/\",\"url\":\"https:\/\/www.public.sn\/wp-content\/uploads\/2024\/05\/cropped-LOGO-PUBLIC.SN_.png\",\"contentUrl\":\"https:\/\/www.public.sn\/wp-content\/uploads\/2024\/05\/cropped-LOGO-PUBLIC.SN_.png\",\"width\":682,\"height\":192,\"caption\":\"LE PUBLIC\"},\"image\":{\"@id\":\"https:\/\/www.public.sn\/#\/schema\/logo\/image\/\"}},{\"@type\":\"Person\",\"@id\":\"https:\/\/www.public.sn\/#\/schema\/person\/cb76c8e1b8becc6be61fb5e92d6d0224\",\"name\":\"LA REDACTION\",\"image\":{\"@type\":\"ImageObject\",\"inLanguage\":\"fr-FR\",\"@id\":\"https:\/\/www.public.sn\/#\/schema\/person\/image\/\",\"url\":\"https:\/\/secure.gravatar.com\/avatar\/2dce5ddd34b8fef0180efe03aa2a9bee7d953856048f9a16b298190a3178407c?s=96&d=mm&r=g\",\"contentUrl\":\"https:\/\/secure.gravatar.com\/avatar\/2dce5ddd34b8fef0180efe03aa2a9bee7d953856048f9a16b298190a3178407c?s=96&d=mm&r=g\",\"caption\":\"LA REDACTION\"},\"url\":\"https:\/\/www.public.sn\/index.php\/author\/editeurpsn\/\"}]}<\/script>\n<!-- \/ Yoast SEO plugin. -->","yoast_head_json":{"title":"Macky Sall : L'Afrique n'est pas contre l'Ukraine mais... - LE PUBLIC","robots":{"index":"index","follow":"follow","max-snippet":"max-snippet:-1","max-image-preview":"max-image-preview:large","max-video-preview":"max-video-preview:-1"},"canonical":"https:\/\/www.public.sn\/index.php\/2022\/10\/24\/macky-sall-lafrique-nest-pas-contre-lukraine-mais\/","og_locale":"fr_FR","og_type":"article","og_title":"Macky Sall : L'Afrique n'est pas contre l'Ukraine mais... - LE PUBLIC","og_description":"L\u2019indiff\u00e9rence des pays occidentaux face aux agressions contre l\u2019Afrique explique en partie la r\u00e9action de certains pays africains face \u00e0 la guerre entre l\u2019Ukraine et la Russie. Le pr\u00e9sident Macky Sall lors du sommet sur la paix et la s\u00e9curit\u00e9 en Afrique avance que l\u2019Afrique n\u2019est pas contre l\u2019Ukraine mais les pays africains refusent de prendre parti. \u00ab\u00a0L&rsquo;Afrique n&rsquo;est pas contre l&rsquo;Ukraine, il ne faut pas qu&rsquo;on ait l\u2019impression que les Africains sont insensibles \u00e0 la situation de l\u2019Ukraine. Ce n&rsquo;est pas \u00e7a du tout\u00a0\u00bb, a d\u00e9clar\u00e9 le chef de l&rsquo;Etat s\u00e9n\u00e9galais lors de la 8 \u00e9dition du Forum international de Dakar, conf\u00e9rence de dirigeants et d&rsquo;experts sur la s\u00e9curit\u00e9 en Afrique. \u00ab\u00a0Mais les Africains disent qu\u2019au m\u00eame moment o\u00f9 l\u2019Ukraine est en guerre, est envahie, est agress\u00e9e, l&rsquo;Afrique est permanemment agress\u00e9e par le terrorisme\u00a0\u00bb, a-t-il dit. Il a aussi cit\u00e9 l&rsquo;absence de solidarit\u00e9 internationale face \u00e0 la crise \u00e9conomique qui \u00e9prouve le continent et face aux maladies. \u00ab\u00a0Nous sommes en 2022, nous ne sommes plus pendant l\u2019\u00e8re coloniale. Nous sommes en 2022, donc les pays, m\u00eame s&rsquo;ils sont pauvres, sont d&rsquo;\u00e9gale dignit\u00e9. Il faut qu\u2019on traite leurs probl\u00e8mes avec le m\u00eame respect\u00a0\u00bb, explique t&rsquo;il. le pr\u00e9sident Macky Sall a renouvel\u00e9 son appel \u00e0 une meilleure repr\u00e9sentation africaine au sein des organisations internationales comme le Conseil de s\u00e9curit\u00e9 de l&rsquo;ONU ou le G20. L&#8217;emploi du mot \u00ab\u00a0agress\u00e9e\u00a0\u00bb pour l&rsquo;Ukraine est significatif de la part du pr\u00e9sident de l&rsquo;Union africaine. L&rsquo;invasion de l&rsquo;Ukraine par la Russie a divis\u00e9 les pays africains, ainsi que l&rsquo;ont montr\u00e9 plusieurs votes aux Nations unies depuis f\u00e9vrier 2022. Pr\u00e8s de la moiti\u00e9 d&rsquo;entre eux se sont encore abstenus ou n&rsquo;ont pas pris part au vote le 12 octobre quand l&rsquo;Assembl\u00e9e g\u00e9n\u00e9rale de l&rsquo;ONU a condamn\u00e9 l&rsquo;annexion par la Russie de territoires ukrainiens. Le S\u00e9n\u00e9gal, aux relations fortes avec les pays occidentaux, avait surpris le 2 mars en s&rsquo;abstenant lors d&rsquo;un vote de l&rsquo;Assembl\u00e9e g\u00e9n\u00e9rale en faveur d&rsquo;une r\u00e9solution qui exigeait \u00ab\u00a0que la Russie cesse imm\u00e9diatement de recourir \u00e0 la force contre l&rsquo;Ukraine\u00a0\u00bb. &nbsp;Le S\u00e9n\u00e9gal avait en revanche vot\u00e9 le 24 mars une seconde r\u00e9solution exigeant de la Russie un arr\u00eat imm\u00e9diat de la guerre. Il a aussi vot\u00e9 le 12 octobre pour la condamnation de l&rsquo;annexion. M. Sall a plaid\u00e9 pour l&rsquo;ouverture de n\u00e9gociations entre les protagonistes de la crise ukrainienne. \u00ab\u00a0Nous devons \u00eatre capables d&rsquo;arr\u00eater cette guerre qui est en train de d\u00e9truire le monde\u00a0\u00bb Peu auparavant, la secr\u00e9taire d&rsquo;Etat fran\u00e7aise Chrysoula Zacharopoulou avait plaid\u00e9 pour la \u00ab\u00a0solidarit\u00e9\u00a0\u00bb du continent avec les Europ\u00e9ens face \u00e0 l&rsquo;offensive russe. Celle-ci repr\u00e9sente une \u00ab\u00a0menace existentielle pour la stabilit\u00e9 et l&rsquo;int\u00e9grit\u00e9 de notre continent\u00a0\u00bb, a dit la secr\u00e9taire d\u2019\u00c9tat fran\u00e7aise aupr\u00e8s du minist\u00e8re des Affaires \u00e9trang\u00e8res. \u00ab\u00a0Tous les Europ\u00e9ens le vivent ainsi. C\u2019est pourquoi nous exprimons une attente de solidarit\u00e9 \u00e0 l&rsquo;\u00e9gard de l&rsquo;Afrique\u00a0\u00bb, a-t-elle dit en pr\u00e9sence du pr\u00e9sident s\u00e9n\u00e9galais, de deux autres chefs d&rsquo;Etat africains et d&rsquo;un certain nombre de ministres des Affaires \u00e9trang\u00e8res. \u00ab\u00a0Nous ne le dirons jamais assez: la Russie et la seule responsable de cette crise \u00e9conomique, \u00e9nerg\u00e9tique et alimentaire\u00a0\u00bb, a-t-elle rench\u00e9ri. L&rsquo;Afrique a \u00e9t\u00e9 durement affect\u00e9e par les effets de la crise ukrainienne et son impact sur les prix et les approvisionnements, en c\u00e9r\u00e9ales par exemple. Face aux critiques qui trouvent un large \u00e9cho en Afrique contre une propension de la France ou de pays occidentaux \u00e0 vouloir dicter leur loi \u00e0 leurs partenaires africains, la responsable fran\u00e7aise a assur\u00e9 que la France, quand elle d\u00e9ploie des missions comme la force antijihadiste sah\u00e9lienne Barkhane, n&rsquo;intervenait pas \u00ab\u00a0en substitution\u00a0\u00bb aux arm\u00e9es nationales, mais \u00ab\u00a0en appui\u00a0\u00bb. Samba SY.","og_url":"https:\/\/www.public.sn\/index.php\/2022\/10\/24\/macky-sall-lafrique-nest-pas-contre-lukraine-mais\/","og_site_name":"LE PUBLIC","article_published_time":"2022-10-24T16:52:23+00:00","article_modified_time":"2022-10-24T16:52:25+00:00","og_image":[{"width":660,"height":330,"url":"https:\/\/www.public.sn\/wp-content\/uploads\/2022\/10\/macky-sall.webp","type":"image\/webp"}],"author":"LA REDACTION","twitter_card":"summary_large_image","twitter_misc":{"\u00c9crit par":"LA REDACTION","Dur\u00e9e de lecture estim\u00e9e":"4 minutes"},"schema":{"@context":"https:\/\/schema.org","@graph":[{"@type":"Article","@id":"https:\/\/www.public.sn\/index.php\/2022\/10\/24\/macky-sall-lafrique-nest-pas-contre-lukraine-mais\/#article","isPartOf":{"@id":"https:\/\/www.public.sn\/index.php\/2022\/10\/24\/macky-sall-lafrique-nest-pas-contre-lukraine-mais\/"},"author":{"name":"LA REDACTION","@id":"https:\/\/www.public.sn\/#\/schema\/person\/cb76c8e1b8becc6be61fb5e92d6d0224"},"headline":"Macky Sall : L&rsquo;Afrique n&rsquo;est pas contre l&rsquo;Ukraine mais&#8230;","datePublished":"2022-10-24T16:52:23+00:00","dateModified":"2022-10-24T16:52:25+00:00","mainEntityOfPage":{"@id":"https:\/\/www.public.sn\/index.php\/2022\/10\/24\/macky-sall-lafrique-nest-pas-contre-lukraine-mais\/"},"wordCount":666,"commentCount":0,"publisher":{"@id":"https:\/\/www.public.sn\/#organization"},"image":{"@id":"https:\/\/www.public.sn\/index.php\/2022\/10\/24\/macky-sall-lafrique-nest-pas-contre-lukraine-mais\/#primaryimage"},"thumbnailUrl":"https:\/\/www.public.sn\/wp-content\/uploads\/2022\/10\/macky-sall.webp","keywords":["Macky Sall","paix et securite","sommet"],"articleSection":["ACTUALIT\u00c9S","AFRIQUE &amp; MONDE","S\u00c9N\u00c9GAL"],"inLanguage":"fr-FR","potentialAction":[{"@type":"CommentAction","name":"Comment","target":["https:\/\/www.public.sn\/index.php\/2022\/10\/24\/macky-sall-lafrique-nest-pas-contre-lukraine-mais\/#respond"]}]},{"@type":"WebPage","@id":"https:\/\/www.public.sn\/index.php\/2022\/10\/24\/macky-sall-lafrique-nest-pas-contre-lukraine-mais\/","url":"https:\/\/www.public.sn\/index.php\/2022\/10\/24\/macky-sall-lafrique-nest-pas-contre-lukraine-mais\/","name":"Macky Sall : L'Afrique n'est pas contre l'Ukraine mais... - LE PUBLIC","isPartOf":{"@id":"https:\/\/www.public.sn\/#website"},"primaryImageOfPage":{"@id":"https:\/\/www.public.sn\/index.php\/2022\/10\/24\/macky-sall-lafrique-nest-pas-contre-lukraine-mais\/#primaryimage"},"image":{"@id":"https:\/\/www.public.sn\/index.php\/2022\/10\/24\/macky-sall-lafrique-nest-pas-contre-lukraine-mais\/#primaryimage"},"thumbnailUrl":"https:\/\/www.public.sn\/wp-content\/uploads\/2022\/10\/macky-sall.webp","datePublished":"2022-10-24T16:52:23+00:00","dateModified":"2022-10-24T16:52:25+00:00","breadcrumb":{"@id":"https:\/\/www.public.sn\/index.php\/2022\/10\/24\/macky-sall-lafrique-nest-pas-contre-lukraine-mais\/#breadcrumb"},"inLanguage":"fr-FR","potentialAction":[{"@type":"ReadAction","target":["https:\/\/www.public.sn\/index.php\/2022\/10\/24\/macky-sall-lafrique-nest-pas-contre-lukraine-mais\/"]}]},{"@type":"ImageObject","inLanguage":"fr-FR","@id":"https:\/\/www.public.sn\/index.php\/2022\/10\/24\/macky-sall-lafrique-nest-pas-contre-lukraine-mais\/#primaryimage","url":"https:\/\/www.public.sn\/wp-content\/uploads\/2022\/10\/macky-sall.webp","contentUrl":"https:\/\/www.public.sn\/wp-content\/uploads\/2022\/10\/macky-sall.webp","width":660,"height":330,"caption":"publicsn"},{"@type":"BreadcrumbList","@id":"https:\/\/www.public.sn\/index.php\/2022\/10\/24\/macky-sall-lafrique-nest-pas-contre-lukraine-mais\/#breadcrumb","itemListElement":[{"@type":"ListItem","position":1,"name":"Accueil","item":"https:\/\/www.public.sn\/"},{"@type":"ListItem","position":2,"name":"Macky Sall : L&rsquo;Afrique n&rsquo;est pas contre l&rsquo;Ukraine mais&#8230;"}]},{"@type":"WebSite","@id":"https:\/\/www.public.sn\/#website","url":"https:\/\/www.public.sn\/","name":"LE PUBLIC","description":"","publisher":{"@id":"https:\/\/www.public.sn\/#organization"},"potentialAction":[{"@type":"SearchAction","target":{"@type":"EntryPoint","urlTemplate":"https:\/\/www.public.sn\/?s={search_term_string}"},"query-input":{"@type":"PropertyValueSpecification","valueRequired":true,"valueName":"search_term_string"}}],"inLanguage":"fr-FR"},{"@type":"Organization","@id":"https:\/\/www.public.sn\/#organization","name":"LE PUBLIC","url":"https:\/\/www.public.sn\/","logo":{"@type":"ImageObject","inLanguage":"fr-FR","@id":"https:\/\/www.public.sn\/#\/schema\/logo\/image\/","url":"https:\/\/www.public.sn\/wp-content\/uploads\/2024\/05\/cropped-LOGO-PUBLIC.SN_.png","contentUrl":"https:\/\/www.public.sn\/wp-content\/uploads\/2024\/05\/cropped-LOGO-PUBLIC.SN_.png","width":682,"height":192,"caption":"LE PUBLIC"},"image":{"@id":"https:\/\/www.public.sn\/#\/schema\/logo\/image\/"}},{"@type":"Person","@id":"https:\/\/www.public.sn\/#\/schema\/person\/cb76c8e1b8becc6be61fb5e92d6d0224","name":"LA REDACTION","image":{"@type":"ImageObject","inLanguage":"fr-FR","@id":"https:\/\/www.public.sn\/#\/schema\/person\/image\/","url":"https:\/\/secure.gravatar.com\/avatar\/2dce5ddd34b8fef0180efe03aa2a9bee7d953856048f9a16b298190a3178407c?s=96&d=mm&r=g","contentUrl":"https:\/\/secure.gravatar.com\/avatar\/2dce5ddd34b8fef0180efe03aa2a9bee7d953856048f9a16b298190a3178407c?s=96&d=mm&r=g","caption":"LA REDACTION"},"url":"https:\/\/www.public.sn\/index.php\/author\/editeurpsn\/"}]}},"jetpack_featured_media_url":"https:\/\/www.public.sn\/wp-content\/uploads\/2022\/10\/macky-sall.webp","jetpack_sharing_enabled":true,"_links":{"self":[{"href":"https:\/\/www.public.sn\/index.php\/wp-json\/wp\/v2\/posts\/5707","targetHints":{"allow":["GET"]}}],"collection":[{"href":"https:\/\/www.public.sn\/index.php\/wp-json\/wp\/v2\/posts"}],"about":[{"href":"https:\/\/www.public.sn\/index.php\/wp-json\/wp\/v2\/types\/post"}],"author":[{"embeddable":true,"href":"https:\/\/www.public.sn\/index.php\/wp-json\/wp\/v2\/users\/7"}],"replies":[{"embeddable":true,"href":"https:\/\/www.public.sn\/index.php\/wp-json\/wp\/v2\/comments?post=5707"}],"version-history":[{"count":2,"href":"https:\/\/www.public.sn\/index.php\/wp-json\/wp\/v2\/posts\/5707\/revisions"}],"predecessor-version":[{"id":5710,"href":"https:\/\/www.public.sn\/index.php\/wp-json\/wp\/v2\/posts\/5707\/revisions\/5710"}],"wp:featuredmedia":[{"embeddable":true,"href":"https:\/\/www.public.sn\/index.php\/wp-json\/wp\/v2\/media\/5708"}],"wp:attachment":[{"href":"https:\/\/www.public.sn\/index.php\/wp-json\/wp\/v2\/media?parent=5707"}],"wp:term":[{"taxonomy":"category","embeddable":true,"href":"https:\/\/www.public.sn\/index.php\/wp-json\/wp\/v2\/categories?post=5707"},{"taxonomy":"post_tag","embeddable":true,"href":"https:\/\/www.public.sn\/index.php\/wp-json\/wp\/v2\/tags?post=5707"}],"curies":[{"name":"wp","href":"https:\/\/api.w.org\/{rel}","templated":true}]}}