{"id":577,"date":"2022-08-25T11:21:24","date_gmt":"2022-08-25T09:21:24","guid":{"rendered":"https:\/\/www.public.sn\/?p=577"},"modified":"2022-08-25T11:23:01","modified_gmt":"2022-08-25T09:23:01","slug":"affaire-sitor-ndour-lex-directeur-du-coud-sera-entendu-sur-le-fonds-du-dossier-en-septembre","status":"publish","type":"post","link":"https:\/\/www.public.sn\/index.php\/2022\/08\/25\/affaire-sitor-ndour-lex-directeur-du-coud-sera-entendu-sur-le-fonds-du-dossier-en-septembre\/","title":{"rendered":"Affaire Sitor Ndour : L&rsquo;ex directeur du Coud sera entendu sur le fonds du dossier en d\u00e9but septembre."},"content":{"rendered":"\n<p><strong><em>Le responsable politique de la mouvance arr\u00eat\u00e9 et poursuit pour des faits de vil sur une mineure de 16 ans  qui serait sa bonne, fera face au magistrat instructeur. Ce face \u00e0 face est pr\u00e9vu en d\u00e9but septembre.<\/em><\/strong><\/p><div class=\"publi-paragraphe1\" style=\"margin-top: 10px;margin-bottom: 10px;margin-left: auto;margin-right: auto;text-align: center;\" id=\"publi-2577517709\"><div class=\"publi-adlabel\">Publicit\u00e9<\/div><script async src=\"\/\/pagead2.googlesyndication.com\/pagead\/js\/adsbygoogle.js?client=ca-pub-4089586018074219\" crossorigin=\"anonymous\"><\/script><ins class=\"adsbygoogle\" style=\"display:block;\" data-ad-client=\"ca-pub-4089586018074219\" \ndata-ad-slot=\"2087940154\" \ndata-ad-format=\"auto\"><\/ins>\n<script> \n(adsbygoogle = window.adsbygoogle || []).push({}); \n<\/script>\n<\/div>\n\n\n\n<p>D\u2019apr\u00e8s le quotidien Les Echos, il sera entendu sur sera entendu sur le fonds de l&rsquo;affaire. <\/p>\n\n\n\n<p>Cependant, le proche du proche du pouvoir, Sitor Ndour a ni\u00e9 les accusations pour lesquelles est plac\u00e9 sous mandat de d\u00e9p\u00f4t. Il dit qu\u2019il s\u2019agit d\u2019une <em>\u00ab\u00a0affaire chantage et de tentative d\u2019extorsion de fonds\u00a0\u00bb<\/em>. Ce qui lui a amen\u00e9 \u00e0 d\u00e9poser une plainte avant son arrestation contre la m\u00e8re de la \u00ab\u00a0suppos\u00e9e victime\u00a0\u00bb pour diffamation.<\/p>\n\n\n\n<p>Par contre, un audio entre lui et la maman de la jeune fille fragilise sa ligne de d\u00e9fense. L\u2019enregistrement est extrait d\u2019une conversation entre la maman de la victime Ndira Dione et l\u2019ex-Dg du Coud.<\/p>\n\n\n\n<p>Peu avant de se rendre \u00e0 l\u2019h\u00f4pital puis \u00e0 la gendarmerie de la Foire, elle avait appel\u00e9 Sitor Ndour pour l\u2019interpeller sur les faits. L\u2019\u00e9change a eu lieu en s\u00e9r\u00e8re.<\/p>\n\n\n\n<p>\u00c0 suivre&#8230;<\/p>\n\n\n\n<p><em>R\u00e9dactions Public SN<\/em><\/p>\n<div class=\"publi-apres-le-contenu\" style=\"margin-top: 10px;margin-bottom: 10px;margin-left: auto;margin-right: auto;text-align: center;\" id=\"publi-3953834770\"><div class=\"publi-adlabel\">Publicit\u00e9<\/div><script async src=\"\/\/pagead2.googlesyndication.com\/pagead\/js\/adsbygoogle.js?client=ca-pub-4089586018074219\" crossorigin=\"anonymous\"><\/script><ins class=\"adsbygoogle\" style=\"display:block;\" data-ad-client=\"ca-pub-4089586018074219\" \ndata-ad-slot=\"2087940154\" \ndata-ad-format=\"auto\"><\/ins>\n<script> \n(adsbygoogle = window.adsbygoogle || []).push({}); \n<\/script>\n<\/div>","protected":false},"excerpt":{"rendered":"<p>Le responsable politique de la mouvance arr\u00eat\u00e9 et poursuit pour des faits de vil sur une mineure de 16 ans qui serait sa bonne, fera face au magistrat instructeur. Ce face \u00e0 face est pr\u00e9vu en d\u00e9but septembre. D\u2019apr\u00e8s le quotidien Les Echos, il sera entendu sur sera entendu sur le fonds de l&rsquo;affaire. Cependant, le proche du proche du pouvoir, Sitor Ndour a ni\u00e9 les accusations pour lesquelles est plac\u00e9 sous mandat de d\u00e9p\u00f4t. Il dit qu\u2019il s\u2019agit d\u2019une \u00ab\u00a0affaire chantage et de tentative d\u2019extorsion de fonds\u00a0\u00bb. Ce qui lui a amen\u00e9 \u00e0 d\u00e9poser une plainte avant son arrestation contre la m\u00e8re de la \u00ab\u00a0suppos\u00e9e victime\u00a0\u00bb pour diffamation. Par contre, un audio entre lui et la maman de la jeune fille fragilise sa ligne de d\u00e9fense. L\u2019enregistrement est extrait d\u2019une conversation entre la maman de la victime Ndira Dione et l\u2019ex-Dg du Coud. Peu avant de se rendre \u00e0 l\u2019h\u00f4pital puis \u00e0 la gendarmerie de la Foire, elle avait appel\u00e9 Sitor Ndour pour l\u2019interpeller sur les faits. L\u2019\u00e9change a eu lieu en s\u00e9r\u00e8re. \u00c0 suivre&#8230; R\u00e9dactions Public SN<\/p>\n","protected":false},"author":1,"featured_media":578,"comment_status":"open","ping_status":"open","sticky":false,"template":"","format":"standard","meta":{"_jetpack_memberships_contains_paid_content":false,"footnotes":""},"categories":[1],"tags":[24,264,265,97,263],"class_list":["post-577","post","type-post","status-publish","format-standard","has-post-thumbnail","hentry","category-non-classe","tag-justice","tag-magistrat","tag-mandat-de-depot","tag-sitor-ndour","tag-viol","entry","has-media","owp-thumbs-layout-horizontal","owp-btn-normal","owp-tabs-layout-horizontal","has-no-thumbnails","has-product-nav"],"yoast_head":"<!-- This site is optimized with the Yoast SEO plugin v25.5 - https:\/\/yoast.com\/wordpress\/plugins\/seo\/ -->\n<title>Affaire Sitor Ndour : L&#039;ex directeur du Coud sera entendu sur le fonds du dossier en d\u00e9but septembre. - LE PUBLIC<\/title>\n<meta name=\"robots\" content=\"index, follow, max-snippet:-1, max-image-preview:large, max-video-preview:-1\" \/>\n<link rel=\"canonical\" href=\"https:\/\/www.public.sn\/index.php\/2022\/08\/25\/affaire-sitor-ndour-lex-directeur-du-coud-sera-entendu-sur-le-fonds-du-dossier-en-septembre\/\" \/>\n<meta property=\"og:locale\" content=\"fr_FR\" \/>\n<meta property=\"og:type\" content=\"article\" \/>\n<meta property=\"og:title\" content=\"Affaire Sitor Ndour : L&#039;ex directeur du Coud sera entendu sur le fonds du dossier en d\u00e9but septembre. - LE PUBLIC\" \/>\n<meta property=\"og:description\" content=\"Le responsable politique de la mouvance arr\u00eat\u00e9 et poursuit pour des faits de vil sur une mineure de 16 ans qui serait sa bonne, fera face au magistrat instructeur. Ce face \u00e0 face est pr\u00e9vu en d\u00e9but septembre. D\u2019apr\u00e8s le quotidien Les Echos, il sera entendu sur sera entendu sur le fonds de l&rsquo;affaire. Cependant, le proche du proche du pouvoir, Sitor Ndour a ni\u00e9 les accusations pour lesquelles est plac\u00e9 sous mandat de d\u00e9p\u00f4t. Il dit qu\u2019il s\u2019agit d\u2019une \u00ab\u00a0affaire chantage et de tentative d\u2019extorsion de fonds\u00a0\u00bb. Ce qui lui a amen\u00e9 \u00e0 d\u00e9poser une plainte avant son arrestation contre la m\u00e8re de la \u00ab\u00a0suppos\u00e9e victime\u00a0\u00bb pour diffamation. Par contre, un audio entre lui et la maman de la jeune fille fragilise sa ligne de d\u00e9fense. L\u2019enregistrement est extrait d\u2019une conversation entre la maman de la victime Ndira Dione et l\u2019ex-Dg du Coud. Peu avant de se rendre \u00e0 l\u2019h\u00f4pital puis \u00e0 la gendarmerie de la Foire, elle avait appel\u00e9 Sitor Ndour pour l\u2019interpeller sur les faits. L\u2019\u00e9change a eu lieu en s\u00e9r\u00e8re. \u00c0 suivre&#8230; R\u00e9dactions Public SN\" \/>\n<meta property=\"og:url\" content=\"https:\/\/www.public.sn\/index.php\/2022\/08\/25\/affaire-sitor-ndour-lex-directeur-du-coud-sera-entendu-sur-le-fonds-du-dossier-en-septembre\/\" \/>\n<meta property=\"og:site_name\" content=\"LE PUBLIC\" \/>\n<meta property=\"article:published_time\" content=\"2022-08-25T09:21:24+00:00\" \/>\n<meta property=\"article:modified_time\" content=\"2022-08-25T09:23:01+00:00\" \/>\n<meta property=\"og:image\" content=\"https:\/\/www.public.sn\/wp-content\/uploads\/2022\/08\/7628067-11786047-696x571-1.webp\" \/>\n\t<meta property=\"og:image:width\" content=\"696\" \/>\n\t<meta property=\"og:image:height\" content=\"571\" \/>\n\t<meta property=\"og:image:type\" content=\"image\/webp\" \/>\n<meta name=\"author\" content=\"LA REDACTION\" \/>\n<meta name=\"twitter:card\" content=\"summary_large_image\" \/>\n<meta name=\"twitter:label1\" content=\"\u00c9crit par\" \/>\n\t<meta name=\"twitter:data1\" content=\"LA REDACTION\" \/>\n\t<meta name=\"twitter:label2\" content=\"Dur\u00e9e de lecture estim\u00e9e\" \/>\n\t<meta name=\"twitter:data2\" content=\"1 minute\" \/>\n<script type=\"application\/ld+json\" class=\"yoast-schema-graph\">{\"@context\":\"https:\/\/schema.org\",\"@graph\":[{\"@type\":\"Article\",\"@id\":\"https:\/\/www.public.sn\/index.php\/2022\/08\/25\/affaire-sitor-ndour-lex-directeur-du-coud-sera-entendu-sur-le-fonds-du-dossier-en-septembre\/#article\",\"isPartOf\":{\"@id\":\"https:\/\/www.public.sn\/index.php\/2022\/08\/25\/affaire-sitor-ndour-lex-directeur-du-coud-sera-entendu-sur-le-fonds-du-dossier-en-septembre\/\"},\"author\":{\"name\":\"LA REDACTION\",\"@id\":\"https:\/\/www.public.sn\/#\/schema\/person\/e3f4a11b037d4203902db148f9bc8d5a\"},\"headline\":\"Affaire Sitor Ndour : L&rsquo;ex directeur du Coud sera entendu sur le fonds du dossier en d\u00e9but septembre.\",\"datePublished\":\"2022-08-25T09:21:24+00:00\",\"dateModified\":\"2022-08-25T09:23:01+00:00\",\"mainEntityOfPage\":{\"@id\":\"https:\/\/www.public.sn\/index.php\/2022\/08\/25\/affaire-sitor-ndour-lex-directeur-du-coud-sera-entendu-sur-le-fonds-du-dossier-en-septembre\/\"},\"wordCount\":216,\"commentCount\":0,\"publisher\":{\"@id\":\"https:\/\/www.public.sn\/#organization\"},\"image\":{\"@id\":\"https:\/\/www.public.sn\/index.php\/2022\/08\/25\/affaire-sitor-ndour-lex-directeur-du-coud-sera-entendu-sur-le-fonds-du-dossier-en-septembre\/#primaryimage\"},\"thumbnailUrl\":\"https:\/\/www.public.sn\/wp-content\/uploads\/2022\/08\/7628067-11786047-696x571-1.webp\",\"keywords\":[\"Justice\",\"Magistrat\",\"Mandat de d\u00e9pot\",\"Sitor Ndour\",\"Viol\"],\"articleSection\":[\"S\u00c9N\u00c9GAL\"],\"inLanguage\":\"fr-FR\",\"potentialAction\":[{\"@type\":\"CommentAction\",\"name\":\"Comment\",\"target\":[\"https:\/\/www.public.sn\/index.php\/2022\/08\/25\/affaire-sitor-ndour-lex-directeur-du-coud-sera-entendu-sur-le-fonds-du-dossier-en-septembre\/#respond\"]}]},{\"@type\":\"WebPage\",\"@id\":\"https:\/\/www.public.sn\/index.php\/2022\/08\/25\/affaire-sitor-ndour-lex-directeur-du-coud-sera-entendu-sur-le-fonds-du-dossier-en-septembre\/\",\"url\":\"https:\/\/www.public.sn\/index.php\/2022\/08\/25\/affaire-sitor-ndour-lex-directeur-du-coud-sera-entendu-sur-le-fonds-du-dossier-en-septembre\/\",\"name\":\"Affaire Sitor Ndour : L'ex directeur du Coud sera entendu sur le fonds du dossier en d\u00e9but septembre. - LE PUBLIC\",\"isPartOf\":{\"@id\":\"https:\/\/www.public.sn\/#website\"},\"primaryImageOfPage\":{\"@id\":\"https:\/\/www.public.sn\/index.php\/2022\/08\/25\/affaire-sitor-ndour-lex-directeur-du-coud-sera-entendu-sur-le-fonds-du-dossier-en-septembre\/#primaryimage\"},\"image\":{\"@id\":\"https:\/\/www.public.sn\/index.php\/2022\/08\/25\/affaire-sitor-ndour-lex-directeur-du-coud-sera-entendu-sur-le-fonds-du-dossier-en-septembre\/#primaryimage\"},\"thumbnailUrl\":\"https:\/\/www.public.sn\/wp-content\/uploads\/2022\/08\/7628067-11786047-696x571-1.webp\",\"datePublished\":\"2022-08-25T09:21:24+00:00\",\"dateModified\":\"2022-08-25T09:23:01+00:00\",\"breadcrumb\":{\"@id\":\"https:\/\/www.public.sn\/index.php\/2022\/08\/25\/affaire-sitor-ndour-lex-directeur-du-coud-sera-entendu-sur-le-fonds-du-dossier-en-septembre\/#breadcrumb\"},\"inLanguage\":\"fr-FR\",\"potentialAction\":[{\"@type\":\"ReadAction\",\"target\":[\"https:\/\/www.public.sn\/index.php\/2022\/08\/25\/affaire-sitor-ndour-lex-directeur-du-coud-sera-entendu-sur-le-fonds-du-dossier-en-septembre\/\"]}]},{\"@type\":\"ImageObject\",\"inLanguage\":\"fr-FR\",\"@id\":\"https:\/\/www.public.sn\/index.php\/2022\/08\/25\/affaire-sitor-ndour-lex-directeur-du-coud-sera-entendu-sur-le-fonds-du-dossier-en-septembre\/#primaryimage\",\"url\":\"https:\/\/www.public.sn\/wp-content\/uploads\/2022\/08\/7628067-11786047-696x571-1.webp\",\"contentUrl\":\"https:\/\/www.public.sn\/wp-content\/uploads\/2022\/08\/7628067-11786047-696x571-1.webp\",\"width\":696,\"height\":571},{\"@type\":\"BreadcrumbList\",\"@id\":\"https:\/\/www.public.sn\/index.php\/2022\/08\/25\/affaire-sitor-ndour-lex-directeur-du-coud-sera-entendu-sur-le-fonds-du-dossier-en-septembre\/#breadcrumb\",\"itemListElement\":[{\"@type\":\"ListItem\",\"position\":1,\"name\":\"Accueil\",\"item\":\"https:\/\/www.public.sn\/\"},{\"@type\":\"ListItem\",\"position\":2,\"name\":\"Affaire Sitor Ndour : L&rsquo;ex directeur du Coud sera entendu sur le fonds du dossier en d\u00e9but septembre.\"}]},{\"@type\":\"WebSite\",\"@id\":\"https:\/\/www.public.sn\/#website\",\"url\":\"https:\/\/www.public.sn\/\",\"name\":\"LE PUBLIC\",\"description\":\"\",\"publisher\":{\"@id\":\"https:\/\/www.public.sn\/#organization\"},\"potentialAction\":[{\"@type\":\"SearchAction\",\"target\":{\"@type\":\"EntryPoint\",\"urlTemplate\":\"https:\/\/www.public.sn\/?s={search_term_string}\"},\"query-input\":{\"@type\":\"PropertyValueSpecification\",\"valueRequired\":true,\"valueName\":\"search_term_string\"}}],\"inLanguage\":\"fr-FR\"},{\"@type\":\"Organization\",\"@id\":\"https:\/\/www.public.sn\/#organization\",\"name\":\"LE PUBLIC\",\"url\":\"https:\/\/www.public.sn\/\",\"logo\":{\"@type\":\"ImageObject\",\"inLanguage\":\"fr-FR\",\"@id\":\"https:\/\/www.public.sn\/#\/schema\/logo\/image\/\",\"url\":\"https:\/\/www.public.sn\/wp-content\/uploads\/2024\/05\/cropped-LOGO-PUBLIC.SN_.png\",\"contentUrl\":\"https:\/\/www.public.sn\/wp-content\/uploads\/2024\/05\/cropped-LOGO-PUBLIC.SN_.png\",\"width\":682,\"height\":192,\"caption\":\"LE PUBLIC\"},\"image\":{\"@id\":\"https:\/\/www.public.sn\/#\/schema\/logo\/image\/\"}},{\"@type\":\"Person\",\"@id\":\"https:\/\/www.public.sn\/#\/schema\/person\/e3f4a11b037d4203902db148f9bc8d5a\",\"name\":\"LA REDACTION\",\"image\":{\"@type\":\"ImageObject\",\"inLanguage\":\"fr-FR\",\"@id\":\"https:\/\/www.public.sn\/#\/schema\/person\/image\/\",\"url\":\"https:\/\/secure.gravatar.com\/avatar\/d6c030db45db2883c075085c5d6c6258654a801a93766b49af0b82d4f454e2a5?s=96&d=mm&r=g\",\"contentUrl\":\"https:\/\/secure.gravatar.com\/avatar\/d6c030db45db2883c075085c5d6c6258654a801a93766b49af0b82d4f454e2a5?s=96&d=mm&r=g\",\"caption\":\"LA REDACTION\"},\"sameAs\":[\"http:\/\/www.public.sn\"],\"url\":\"https:\/\/www.public.sn\/index.php\/author\/admin7324\/\"}]}<\/script>\n<!-- \/ Yoast SEO plugin. -->","yoast_head_json":{"title":"Affaire Sitor Ndour : L'ex directeur du Coud sera entendu sur le fonds du dossier en d\u00e9but septembre. - LE PUBLIC","robots":{"index":"index","follow":"follow","max-snippet":"max-snippet:-1","max-image-preview":"max-image-preview:large","max-video-preview":"max-video-preview:-1"},"canonical":"https:\/\/www.public.sn\/index.php\/2022\/08\/25\/affaire-sitor-ndour-lex-directeur-du-coud-sera-entendu-sur-le-fonds-du-dossier-en-septembre\/","og_locale":"fr_FR","og_type":"article","og_title":"Affaire Sitor Ndour : L'ex directeur du Coud sera entendu sur le fonds du dossier en d\u00e9but septembre. - LE PUBLIC","og_description":"Le responsable politique de la mouvance arr\u00eat\u00e9 et poursuit pour des faits de vil sur une mineure de 16 ans qui serait sa bonne, fera face au magistrat instructeur. Ce face \u00e0 face est pr\u00e9vu en d\u00e9but septembre. D\u2019apr\u00e8s le quotidien Les Echos, il sera entendu sur sera entendu sur le fonds de l&rsquo;affaire. Cependant, le proche du proche du pouvoir, Sitor Ndour a ni\u00e9 les accusations pour lesquelles est plac\u00e9 sous mandat de d\u00e9p\u00f4t. Il dit qu\u2019il s\u2019agit d\u2019une \u00ab\u00a0affaire chantage et de tentative d\u2019extorsion de fonds\u00a0\u00bb. Ce qui lui a amen\u00e9 \u00e0 d\u00e9poser une plainte avant son arrestation contre la m\u00e8re de la \u00ab\u00a0suppos\u00e9e victime\u00a0\u00bb pour diffamation. Par contre, un audio entre lui et la maman de la jeune fille fragilise sa ligne de d\u00e9fense. L\u2019enregistrement est extrait d\u2019une conversation entre la maman de la victime Ndira Dione et l\u2019ex-Dg du Coud. Peu avant de se rendre \u00e0 l\u2019h\u00f4pital puis \u00e0 la gendarmerie de la Foire, elle avait appel\u00e9 Sitor Ndour pour l\u2019interpeller sur les faits. L\u2019\u00e9change a eu lieu en s\u00e9r\u00e8re. \u00c0 suivre&#8230; R\u00e9dactions Public SN","og_url":"https:\/\/www.public.sn\/index.php\/2022\/08\/25\/affaire-sitor-ndour-lex-directeur-du-coud-sera-entendu-sur-le-fonds-du-dossier-en-septembre\/","og_site_name":"LE PUBLIC","article_published_time":"2022-08-25T09:21:24+00:00","article_modified_time":"2022-08-25T09:23:01+00:00","og_image":[{"width":696,"height":571,"url":"https:\/\/www.public.sn\/wp-content\/uploads\/2022\/08\/7628067-11786047-696x571-1.webp","type":"image\/webp"}],"author":"LA REDACTION","twitter_card":"summary_large_image","twitter_misc":{"\u00c9crit par":"LA REDACTION","Dur\u00e9e de lecture estim\u00e9e":"1 minute"},"schema":{"@context":"https:\/\/schema.org","@graph":[{"@type":"Article","@id":"https:\/\/www.public.sn\/index.php\/2022\/08\/25\/affaire-sitor-ndour-lex-directeur-du-coud-sera-entendu-sur-le-fonds-du-dossier-en-septembre\/#article","isPartOf":{"@id":"https:\/\/www.public.sn\/index.php\/2022\/08\/25\/affaire-sitor-ndour-lex-directeur-du-coud-sera-entendu-sur-le-fonds-du-dossier-en-septembre\/"},"author":{"name":"LA REDACTION","@id":"https:\/\/www.public.sn\/#\/schema\/person\/e3f4a11b037d4203902db148f9bc8d5a"},"headline":"Affaire Sitor Ndour : L&rsquo;ex directeur du Coud sera entendu sur le fonds du dossier en d\u00e9but septembre.","datePublished":"2022-08-25T09:21:24+00:00","dateModified":"2022-08-25T09:23:01+00:00","mainEntityOfPage":{"@id":"https:\/\/www.public.sn\/index.php\/2022\/08\/25\/affaire-sitor-ndour-lex-directeur-du-coud-sera-entendu-sur-le-fonds-du-dossier-en-septembre\/"},"wordCount":216,"commentCount":0,"publisher":{"@id":"https:\/\/www.public.sn\/#organization"},"image":{"@id":"https:\/\/www.public.sn\/index.php\/2022\/08\/25\/affaire-sitor-ndour-lex-directeur-du-coud-sera-entendu-sur-le-fonds-du-dossier-en-septembre\/#primaryimage"},"thumbnailUrl":"https:\/\/www.public.sn\/wp-content\/uploads\/2022\/08\/7628067-11786047-696x571-1.webp","keywords":["Justice","Magistrat","Mandat de d\u00e9pot","Sitor Ndour","Viol"],"articleSection":["S\u00c9N\u00c9GAL"],"inLanguage":"fr-FR","potentialAction":[{"@type":"CommentAction","name":"Comment","target":["https:\/\/www.public.sn\/index.php\/2022\/08\/25\/affaire-sitor-ndour-lex-directeur-du-coud-sera-entendu-sur-le-fonds-du-dossier-en-septembre\/#respond"]}]},{"@type":"WebPage","@id":"https:\/\/www.public.sn\/index.php\/2022\/08\/25\/affaire-sitor-ndour-lex-directeur-du-coud-sera-entendu-sur-le-fonds-du-dossier-en-septembre\/","url":"https:\/\/www.public.sn\/index.php\/2022\/08\/25\/affaire-sitor-ndour-lex-directeur-du-coud-sera-entendu-sur-le-fonds-du-dossier-en-septembre\/","name":"Affaire Sitor Ndour : L'ex directeur du Coud sera entendu sur le fonds du dossier en d\u00e9but septembre. - LE PUBLIC","isPartOf":{"@id":"https:\/\/www.public.sn\/#website"},"primaryImageOfPage":{"@id":"https:\/\/www.public.sn\/index.php\/2022\/08\/25\/affaire-sitor-ndour-lex-directeur-du-coud-sera-entendu-sur-le-fonds-du-dossier-en-septembre\/#primaryimage"},"image":{"@id":"https:\/\/www.public.sn\/index.php\/2022\/08\/25\/affaire-sitor-ndour-lex-directeur-du-coud-sera-entendu-sur-le-fonds-du-dossier-en-septembre\/#primaryimage"},"thumbnailUrl":"https:\/\/www.public.sn\/wp-content\/uploads\/2022\/08\/7628067-11786047-696x571-1.webp","datePublished":"2022-08-25T09:21:24+00:00","dateModified":"2022-08-25T09:23:01+00:00","breadcrumb":{"@id":"https:\/\/www.public.sn\/index.php\/2022\/08\/25\/affaire-sitor-ndour-lex-directeur-du-coud-sera-entendu-sur-le-fonds-du-dossier-en-septembre\/#breadcrumb"},"inLanguage":"fr-FR","potentialAction":[{"@type":"ReadAction","target":["https:\/\/www.public.sn\/index.php\/2022\/08\/25\/affaire-sitor-ndour-lex-directeur-du-coud-sera-entendu-sur-le-fonds-du-dossier-en-septembre\/"]}]},{"@type":"ImageObject","inLanguage":"fr-FR","@id":"https:\/\/www.public.sn\/index.php\/2022\/08\/25\/affaire-sitor-ndour-lex-directeur-du-coud-sera-entendu-sur-le-fonds-du-dossier-en-septembre\/#primaryimage","url":"https:\/\/www.public.sn\/wp-content\/uploads\/2022\/08\/7628067-11786047-696x571-1.webp","contentUrl":"https:\/\/www.public.sn\/wp-content\/uploads\/2022\/08\/7628067-11786047-696x571-1.webp","width":696,"height":571},{"@type":"BreadcrumbList","@id":"https:\/\/www.public.sn\/index.php\/2022\/08\/25\/affaire-sitor-ndour-lex-directeur-du-coud-sera-entendu-sur-le-fonds-du-dossier-en-septembre\/#breadcrumb","itemListElement":[{"@type":"ListItem","position":1,"name":"Accueil","item":"https:\/\/www.public.sn\/"},{"@type":"ListItem","position":2,"name":"Affaire Sitor Ndour : L&rsquo;ex directeur du Coud sera entendu sur le fonds du dossier en d\u00e9but septembre."}]},{"@type":"WebSite","@id":"https:\/\/www.public.sn\/#website","url":"https:\/\/www.public.sn\/","name":"LE PUBLIC","description":"","publisher":{"@id":"https:\/\/www.public.sn\/#organization"},"potentialAction":[{"@type":"SearchAction","target":{"@type":"EntryPoint","urlTemplate":"https:\/\/www.public.sn\/?s={search_term_string}"},"query-input":{"@type":"PropertyValueSpecification","valueRequired":true,"valueName":"search_term_string"}}],"inLanguage":"fr-FR"},{"@type":"Organization","@id":"https:\/\/www.public.sn\/#organization","name":"LE PUBLIC","url":"https:\/\/www.public.sn\/","logo":{"@type":"ImageObject","inLanguage":"fr-FR","@id":"https:\/\/www.public.sn\/#\/schema\/logo\/image\/","url":"https:\/\/www.public.sn\/wp-content\/uploads\/2024\/05\/cropped-LOGO-PUBLIC.SN_.png","contentUrl":"https:\/\/www.public.sn\/wp-content\/uploads\/2024\/05\/cropped-LOGO-PUBLIC.SN_.png","width":682,"height":192,"caption":"LE PUBLIC"},"image":{"@id":"https:\/\/www.public.sn\/#\/schema\/logo\/image\/"}},{"@type":"Person","@id":"https:\/\/www.public.sn\/#\/schema\/person\/e3f4a11b037d4203902db148f9bc8d5a","name":"LA REDACTION","image":{"@type":"ImageObject","inLanguage":"fr-FR","@id":"https:\/\/www.public.sn\/#\/schema\/person\/image\/","url":"https:\/\/secure.gravatar.com\/avatar\/d6c030db45db2883c075085c5d6c6258654a801a93766b49af0b82d4f454e2a5?s=96&d=mm&r=g","contentUrl":"https:\/\/secure.gravatar.com\/avatar\/d6c030db45db2883c075085c5d6c6258654a801a93766b49af0b82d4f454e2a5?s=96&d=mm&r=g","caption":"LA REDACTION"},"sameAs":["http:\/\/www.public.sn"],"url":"https:\/\/www.public.sn\/index.php\/author\/admin7324\/"}]}},"jetpack_featured_media_url":"https:\/\/www.public.sn\/wp-content\/uploads\/2022\/08\/7628067-11786047-696x571-1.webp","jetpack_sharing_enabled":true,"_links":{"self":[{"href":"https:\/\/www.public.sn\/index.php\/wp-json\/wp\/v2\/posts\/577","targetHints":{"allow":["GET"]}}],"collection":[{"href":"https:\/\/www.public.sn\/index.php\/wp-json\/wp\/v2\/posts"}],"about":[{"href":"https:\/\/www.public.sn\/index.php\/wp-json\/wp\/v2\/types\/post"}],"author":[{"embeddable":true,"href":"https:\/\/www.public.sn\/index.php\/wp-json\/wp\/v2\/users\/1"}],"replies":[{"embeddable":true,"href":"https:\/\/www.public.sn\/index.php\/wp-json\/wp\/v2\/comments?post=577"}],"version-history":[{"count":3,"href":"https:\/\/www.public.sn\/index.php\/wp-json\/wp\/v2\/posts\/577\/revisions"}],"predecessor-version":[{"id":581,"href":"https:\/\/www.public.sn\/index.php\/wp-json\/wp\/v2\/posts\/577\/revisions\/581"}],"wp:featuredmedia":[{"embeddable":true,"href":"https:\/\/www.public.sn\/index.php\/wp-json\/wp\/v2\/media\/578"}],"wp:attachment":[{"href":"https:\/\/www.public.sn\/index.php\/wp-json\/wp\/v2\/media?parent=577"}],"wp:term":[{"taxonomy":"category","embeddable":true,"href":"https:\/\/www.public.sn\/index.php\/wp-json\/wp\/v2\/categories?post=577"},{"taxonomy":"post_tag","embeddable":true,"href":"https:\/\/www.public.sn\/index.php\/wp-json\/wp\/v2\/tags?post=577"}],"curies":[{"name":"wp","href":"https:\/\/api.w.org\/{rel}","templated":true}]}}