{"id":5770,"date":"2022-10-25T09:41:03","date_gmt":"2022-10-25T09:41:03","guid":{"rendered":"https:\/\/www.public.sn\/?p=5770"},"modified":"2022-10-25T09:41:11","modified_gmt":"2022-10-25T09:41:11","slug":"charles-forster-crache-ses-verites-sur-la-situation-politique-du-senegal-et-tire-sur-pape-djibril-fall-et-certaines-maisons-de-production","status":"publish","type":"post","link":"https:\/\/www.public.sn\/index.php\/2022\/10\/25\/charles-forster-crache-ses-verites-sur-la-situation-politique-du-senegal-et-tire-sur-pape-djibril-fall-et-certaines-maisons-de-production\/","title":{"rendered":"Charles Forster crache ses v\u00e9rit\u00e9s sur la situation politique du S\u00e9n\u00e9gal et tire sur Pape Djibril Fall et certaines maisons de production\u2026"},"content":{"rendered":"\n<p><\/p>\n\n\n\n<p><strong>La Figure embl\u00e9matique de la culture au S\u00e9n\u00e9gal, le com\u00e9dien Charles Forster s&rsquo;est distingu\u00e9 dans le th\u00e9\u00e2tre et le cin\u00e9ma. Il est reconnu aussi pour ses prises de position et son franc-parler. En entretien avec PublicSn, le pr\u00e9sident de l\u2019association des maris battus du S\u00e9n\u00e9gal explique que \u00ab&nbsp;<em>le S\u00e9n\u00e9gal n\u2019a pas un bon gouvernement \u2026&nbsp;<\/em>\u00bb<\/strong><\/p><div class=\"publi-paragraphe1\" style=\"margin-top: 10px;margin-bottom: 10px;margin-left: auto;margin-right: auto;text-align: center;\" id=\"publi-3704501363\"><div class=\"publi-adlabel\">Publicit\u00e9<\/div><script async src=\"\/\/pagead2.googlesyndication.com\/pagead\/js\/adsbygoogle.js?client=ca-pub-4089586018074219\" crossorigin=\"anonymous\"><\/script><ins class=\"adsbygoogle\" style=\"display:block;\" data-ad-client=\"ca-pub-4089586018074219\" \ndata-ad-slot=\"2087940154\" \ndata-ad-format=\"auto\"><\/ins>\n<script> \n(adsbygoogle = window.adsbygoogle || []).push({}); \n<\/script>\n<\/div>\n\n\n\n<p>Poursuivant, il dit&nbsp;\u00ab&nbsp;<em>je suis contre l\u2019avis de Pape Djibril Fall mais c\u2019est la faute a certains com\u00e9diens qui acceptent de prendre ces miettes de 5000frcfa&nbsp;\u00bb.<\/em><\/p>\n\n\n\n<p>&nbsp;\u00ab&nbsp;<em>Un bon acteur culturel ne doit pas qu\u00e9mander son destin, ni son avenir. Il doit d\u00e9passer la classe politique, car c&rsquo;est un porteur de voix. Nous les acteurs culturels, nous ne soutenons pas Mimi Tour\u00e9, ni aucune autre coalition.&nbsp; Nous devons \u00eatre \u00e0 c\u00f4t\u00e9 du peuple, c&rsquo;est-\u00e0-dire faire quelque chose pour l&rsquo;int\u00e9r\u00eat g\u00e9n\u00e9ral<\/em>&nbsp;\u00bb, mart\u00e8le M. Forster.<\/p>\n\n\n\n<p>Mame Marie THIAM<\/p>\n\n\n<p><iframe width=\"875\" height=\"492\" src=\"https:\/\/www.youtube.com\/embed\/7eTR_5gV8ps\" title=\"Charles Foster crache ses v\u00e9rit\u00e9s sur la situation politique et \u00e9gratigne PDF et certaines maisons..\" frameborder=\"0\" allow=\"accelerometer; autoplay; clipboard-write; encrypted-media; gyroscope; picture-in-picture\" allowfullscreen=\"\"><\/iframe><\/p><div class=\"publi-apres-le-contenu\" style=\"margin-top: 10px;margin-bottom: 10px;margin-left: auto;margin-right: auto;text-align: center;\" id=\"publi-327432455\"><div class=\"publi-adlabel\">Publicit\u00e9<\/div><script async src=\"\/\/pagead2.googlesyndication.com\/pagead\/js\/adsbygoogle.js?client=ca-pub-4089586018074219\" crossorigin=\"anonymous\"><\/script><ins class=\"adsbygoogle\" style=\"display:block;\" data-ad-client=\"ca-pub-4089586018074219\" \ndata-ad-slot=\"2087940154\" \ndata-ad-format=\"auto\"><\/ins>\n<script> \n(adsbygoogle = window.adsbygoogle || []).push({}); \n<\/script>\n<\/div>","protected":false},"excerpt":{"rendered":"<p>La Figure embl\u00e9matique de la culture au S\u00e9n\u00e9gal, le com\u00e9dien Charles Forster s&rsquo;est distingu\u00e9 dans le th\u00e9\u00e2tre et le cin\u00e9ma. Il est reconnu aussi pour ses prises de position et son franc-parler. En entretien avec PublicSn, le pr\u00e9sident de l\u2019association des maris battus du S\u00e9n\u00e9gal explique que \u00ab&nbsp;le S\u00e9n\u00e9gal n\u2019a pas un bon gouvernement \u2026&nbsp;\u00bb Poursuivant, il dit&nbsp;\u00ab&nbsp;je suis contre l\u2019avis de Pape Djibril Fall mais c\u2019est la faute a certains com\u00e9diens qui acceptent de prendre ces miettes de 5000frcfa&nbsp;\u00bb. &nbsp;\u00ab&nbsp;Un bon acteur culturel ne doit pas qu\u00e9mander son destin, ni son avenir. Il doit d\u00e9passer la classe politique, car c&rsquo;est un porteur de voix. Nous les acteurs culturels, nous ne soutenons pas Mimi Tour\u00e9, ni aucune autre coalition.&nbsp; Nous devons \u00eatre \u00e0 c\u00f4t\u00e9 du peuple, c&rsquo;est-\u00e0-dire faire quelque chose pour l&rsquo;int\u00e9r\u00eat g\u00e9n\u00e9ral&nbsp;\u00bb, mart\u00e8le M. Forster. Mame Marie THIAM<\/p>\n","protected":false},"author":7,"featured_media":5773,"comment_status":"open","ping_status":"open","sticky":false,"template":"","format":"standard","meta":{"_jetpack_memberships_contains_paid_content":false,"footnotes":""},"categories":[375,4],"tags":[1973,287,1158],"class_list":["post-5770","post","type-post","status-publish","format-standard","has-post-thumbnail","hentry","category-actualites","category-societe","tag-charles-fosrter","tag-pape-djibril-fall","tag-politique","entry","has-media","owp-thumbs-layout-horizontal","owp-btn-normal","owp-tabs-layout-horizontal","has-no-thumbnails","has-product-nav"],"yoast_head":"<!-- This site is optimized with the Yoast SEO plugin v25.5 - https:\/\/yoast.com\/wordpress\/plugins\/seo\/ -->\n<title>Charles Forster crache ses v\u00e9rit\u00e9s sur la situation politique du S\u00e9n\u00e9gal et tire sur Pape Djibril Fall et certaines maisons de production\u2026 - LE PUBLIC<\/title>\n<meta name=\"robots\" content=\"index, follow, max-snippet:-1, max-image-preview:large, max-video-preview:-1\" \/>\n<link rel=\"canonical\" href=\"https:\/\/www.public.sn\/index.php\/2022\/10\/25\/charles-forster-crache-ses-verites-sur-la-situation-politique-du-senegal-et-tire-sur-pape-djibril-fall-et-certaines-maisons-de-production\/\" \/>\n<meta property=\"og:locale\" content=\"fr_FR\" \/>\n<meta property=\"og:type\" content=\"article\" \/>\n<meta property=\"og:title\" content=\"Charles Forster crache ses v\u00e9rit\u00e9s sur la situation politique du S\u00e9n\u00e9gal et tire sur Pape Djibril Fall et certaines maisons de production\u2026 - LE PUBLIC\" \/>\n<meta property=\"og:description\" content=\"La Figure embl\u00e9matique de la culture au S\u00e9n\u00e9gal, le com\u00e9dien Charles Forster s&rsquo;est distingu\u00e9 dans le th\u00e9\u00e2tre et le cin\u00e9ma. Il est reconnu aussi pour ses prises de position et son franc-parler. En entretien avec PublicSn, le pr\u00e9sident de l\u2019association des maris battus du S\u00e9n\u00e9gal explique que \u00ab&nbsp;le S\u00e9n\u00e9gal n\u2019a pas un bon gouvernement \u2026&nbsp;\u00bb Poursuivant, il dit&nbsp;\u00ab&nbsp;je suis contre l\u2019avis de Pape Djibril Fall mais c\u2019est la faute a certains com\u00e9diens qui acceptent de prendre ces miettes de 5000frcfa&nbsp;\u00bb. &nbsp;\u00ab&nbsp;Un bon acteur culturel ne doit pas qu\u00e9mander son destin, ni son avenir. Il doit d\u00e9passer la classe politique, car c&rsquo;est un porteur de voix. Nous les acteurs culturels, nous ne soutenons pas Mimi Tour\u00e9, ni aucune autre coalition.&nbsp; Nous devons \u00eatre \u00e0 c\u00f4t\u00e9 du peuple, c&rsquo;est-\u00e0-dire faire quelque chose pour l&rsquo;int\u00e9r\u00eat g\u00e9n\u00e9ral&nbsp;\u00bb, mart\u00e8le M. Forster. Mame Marie THIAM\" \/>\n<meta property=\"og:url\" content=\"https:\/\/www.public.sn\/index.php\/2022\/10\/25\/charles-forster-crache-ses-verites-sur-la-situation-politique-du-senegal-et-tire-sur-pape-djibril-fall-et-certaines-maisons-de-production\/\" \/>\n<meta property=\"og:site_name\" content=\"LE PUBLIC\" \/>\n<meta property=\"article:published_time\" content=\"2022-10-25T09:41:03+00:00\" \/>\n<meta property=\"article:modified_time\" content=\"2022-10-25T09:41:11+00:00\" \/>\n<meta property=\"og:image\" content=\"https:\/\/www.public.sn\/wp-content\/uploads\/2022\/10\/charles.jpg\" \/>\n\t<meta property=\"og:image:width\" content=\"277\" \/>\n\t<meta property=\"og:image:height\" content=\"182\" \/>\n\t<meta property=\"og:image:type\" content=\"image\/jpeg\" \/>\n<meta name=\"author\" content=\"LA REDACTION\" \/>\n<meta name=\"twitter:card\" content=\"summary_large_image\" \/>\n<meta name=\"twitter:label1\" content=\"\u00c9crit par\" \/>\n\t<meta name=\"twitter:data1\" content=\"LA REDACTION\" \/>\n\t<meta name=\"twitter:label2\" content=\"Dur\u00e9e de lecture estim\u00e9e\" \/>\n\t<meta name=\"twitter:data2\" content=\"1 minute\" \/>\n<script type=\"application\/ld+json\" class=\"yoast-schema-graph\">{\"@context\":\"https:\/\/schema.org\",\"@graph\":[{\"@type\":\"Article\",\"@id\":\"https:\/\/www.public.sn\/index.php\/2022\/10\/25\/charles-forster-crache-ses-verites-sur-la-situation-politique-du-senegal-et-tire-sur-pape-djibril-fall-et-certaines-maisons-de-production\/#article\",\"isPartOf\":{\"@id\":\"https:\/\/www.public.sn\/index.php\/2022\/10\/25\/charles-forster-crache-ses-verites-sur-la-situation-politique-du-senegal-et-tire-sur-pape-djibril-fall-et-certaines-maisons-de-production\/\"},\"author\":{\"name\":\"LA REDACTION\",\"@id\":\"https:\/\/www.public.sn\/#\/schema\/person\/cb76c8e1b8becc6be61fb5e92d6d0224\"},\"headline\":\"Charles Forster crache ses v\u00e9rit\u00e9s sur la situation politique du S\u00e9n\u00e9gal et tire sur Pape Djibril Fall et certaines maisons de production\u2026\",\"datePublished\":\"2022-10-25T09:41:03+00:00\",\"dateModified\":\"2022-10-25T09:41:11+00:00\",\"mainEntityOfPage\":{\"@id\":\"https:\/\/www.public.sn\/index.php\/2022\/10\/25\/charles-forster-crache-ses-verites-sur-la-situation-politique-du-senegal-et-tire-sur-pape-djibril-fall-et-certaines-maisons-de-production\/\"},\"wordCount\":198,\"commentCount\":0,\"publisher\":{\"@id\":\"https:\/\/www.public.sn\/#organization\"},\"image\":{\"@id\":\"https:\/\/www.public.sn\/index.php\/2022\/10\/25\/charles-forster-crache-ses-verites-sur-la-situation-politique-du-senegal-et-tire-sur-pape-djibril-fall-et-certaines-maisons-de-production\/#primaryimage\"},\"thumbnailUrl\":\"https:\/\/www.public.sn\/wp-content\/uploads\/2022\/10\/charles.jpg\",\"keywords\":[\"charles fosrter\",\"Pape Djibril Fall\",\"politique\"],\"articleSection\":[\"ACTUALIT\u00c9S\",\"SOCIETE\"],\"inLanguage\":\"fr-FR\",\"potentialAction\":[{\"@type\":\"CommentAction\",\"name\":\"Comment\",\"target\":[\"https:\/\/www.public.sn\/index.php\/2022\/10\/25\/charles-forster-crache-ses-verites-sur-la-situation-politique-du-senegal-et-tire-sur-pape-djibril-fall-et-certaines-maisons-de-production\/#respond\"]}]},{\"@type\":\"WebPage\",\"@id\":\"https:\/\/www.public.sn\/index.php\/2022\/10\/25\/charles-forster-crache-ses-verites-sur-la-situation-politique-du-senegal-et-tire-sur-pape-djibril-fall-et-certaines-maisons-de-production\/\",\"url\":\"https:\/\/www.public.sn\/index.php\/2022\/10\/25\/charles-forster-crache-ses-verites-sur-la-situation-politique-du-senegal-et-tire-sur-pape-djibril-fall-et-certaines-maisons-de-production\/\",\"name\":\"Charles Forster crache ses v\u00e9rit\u00e9s sur la situation politique du S\u00e9n\u00e9gal et tire sur Pape Djibril Fall et certaines maisons de production\u2026 - LE PUBLIC\",\"isPartOf\":{\"@id\":\"https:\/\/www.public.sn\/#website\"},\"primaryImageOfPage\":{\"@id\":\"https:\/\/www.public.sn\/index.php\/2022\/10\/25\/charles-forster-crache-ses-verites-sur-la-situation-politique-du-senegal-et-tire-sur-pape-djibril-fall-et-certaines-maisons-de-production\/#primaryimage\"},\"image\":{\"@id\":\"https:\/\/www.public.sn\/index.php\/2022\/10\/25\/charles-forster-crache-ses-verites-sur-la-situation-politique-du-senegal-et-tire-sur-pape-djibril-fall-et-certaines-maisons-de-production\/#primaryimage\"},\"thumbnailUrl\":\"https:\/\/www.public.sn\/wp-content\/uploads\/2022\/10\/charles.jpg\",\"datePublished\":\"2022-10-25T09:41:03+00:00\",\"dateModified\":\"2022-10-25T09:41:11+00:00\",\"breadcrumb\":{\"@id\":\"https:\/\/www.public.sn\/index.php\/2022\/10\/25\/charles-forster-crache-ses-verites-sur-la-situation-politique-du-senegal-et-tire-sur-pape-djibril-fall-et-certaines-maisons-de-production\/#breadcrumb\"},\"inLanguage\":\"fr-FR\",\"potentialAction\":[{\"@type\":\"ReadAction\",\"target\":[\"https:\/\/www.public.sn\/index.php\/2022\/10\/25\/charles-forster-crache-ses-verites-sur-la-situation-politique-du-senegal-et-tire-sur-pape-djibril-fall-et-certaines-maisons-de-production\/\"]}]},{\"@type\":\"ImageObject\",\"inLanguage\":\"fr-FR\",\"@id\":\"https:\/\/www.public.sn\/index.php\/2022\/10\/25\/charles-forster-crache-ses-verites-sur-la-situation-politique-du-senegal-et-tire-sur-pape-djibril-fall-et-certaines-maisons-de-production\/#primaryimage\",\"url\":\"https:\/\/www.public.sn\/wp-content\/uploads\/2022\/10\/charles.jpg\",\"contentUrl\":\"https:\/\/www.public.sn\/wp-content\/uploads\/2022\/10\/charles.jpg\",\"width\":277,\"height\":182},{\"@type\":\"BreadcrumbList\",\"@id\":\"https:\/\/www.public.sn\/index.php\/2022\/10\/25\/charles-forster-crache-ses-verites-sur-la-situation-politique-du-senegal-et-tire-sur-pape-djibril-fall-et-certaines-maisons-de-production\/#breadcrumb\",\"itemListElement\":[{\"@type\":\"ListItem\",\"position\":1,\"name\":\"Accueil\",\"item\":\"https:\/\/www.public.sn\/\"},{\"@type\":\"ListItem\",\"position\":2,\"name\":\"Charles Forster crache ses v\u00e9rit\u00e9s sur la situation politique du S\u00e9n\u00e9gal et tire sur Pape Djibril Fall et certaines maisons de production\u2026\"}]},{\"@type\":\"WebSite\",\"@id\":\"https:\/\/www.public.sn\/#website\",\"url\":\"https:\/\/www.public.sn\/\",\"name\":\"LE PUBLIC\",\"description\":\"\",\"publisher\":{\"@id\":\"https:\/\/www.public.sn\/#organization\"},\"potentialAction\":[{\"@type\":\"SearchAction\",\"target\":{\"@type\":\"EntryPoint\",\"urlTemplate\":\"https:\/\/www.public.sn\/?s={search_term_string}\"},\"query-input\":{\"@type\":\"PropertyValueSpecification\",\"valueRequired\":true,\"valueName\":\"search_term_string\"}}],\"inLanguage\":\"fr-FR\"},{\"@type\":\"Organization\",\"@id\":\"https:\/\/www.public.sn\/#organization\",\"name\":\"LE PUBLIC\",\"url\":\"https:\/\/www.public.sn\/\",\"logo\":{\"@type\":\"ImageObject\",\"inLanguage\":\"fr-FR\",\"@id\":\"https:\/\/www.public.sn\/#\/schema\/logo\/image\/\",\"url\":\"https:\/\/www.public.sn\/wp-content\/uploads\/2024\/05\/cropped-LOGO-PUBLIC.SN_.png\",\"contentUrl\":\"https:\/\/www.public.sn\/wp-content\/uploads\/2024\/05\/cropped-LOGO-PUBLIC.SN_.png\",\"width\":682,\"height\":192,\"caption\":\"LE PUBLIC\"},\"image\":{\"@id\":\"https:\/\/www.public.sn\/#\/schema\/logo\/image\/\"}},{\"@type\":\"Person\",\"@id\":\"https:\/\/www.public.sn\/#\/schema\/person\/cb76c8e1b8becc6be61fb5e92d6d0224\",\"name\":\"LA REDACTION\",\"image\":{\"@type\":\"ImageObject\",\"inLanguage\":\"fr-FR\",\"@id\":\"https:\/\/www.public.sn\/#\/schema\/person\/image\/\",\"url\":\"https:\/\/secure.gravatar.com\/avatar\/2dce5ddd34b8fef0180efe03aa2a9bee7d953856048f9a16b298190a3178407c?s=96&d=mm&r=g\",\"contentUrl\":\"https:\/\/secure.gravatar.com\/avatar\/2dce5ddd34b8fef0180efe03aa2a9bee7d953856048f9a16b298190a3178407c?s=96&d=mm&r=g\",\"caption\":\"LA REDACTION\"},\"url\":\"https:\/\/www.public.sn\/index.php\/author\/editeurpsn\/\"}]}<\/script>\n<!-- \/ Yoast SEO plugin. -->","yoast_head_json":{"title":"Charles Forster crache ses v\u00e9rit\u00e9s sur la situation politique du S\u00e9n\u00e9gal et tire sur Pape Djibril Fall et certaines maisons de production\u2026 - LE PUBLIC","robots":{"index":"index","follow":"follow","max-snippet":"max-snippet:-1","max-image-preview":"max-image-preview:large","max-video-preview":"max-video-preview:-1"},"canonical":"https:\/\/www.public.sn\/index.php\/2022\/10\/25\/charles-forster-crache-ses-verites-sur-la-situation-politique-du-senegal-et-tire-sur-pape-djibril-fall-et-certaines-maisons-de-production\/","og_locale":"fr_FR","og_type":"article","og_title":"Charles Forster crache ses v\u00e9rit\u00e9s sur la situation politique du S\u00e9n\u00e9gal et tire sur Pape Djibril Fall et certaines maisons de production\u2026 - LE PUBLIC","og_description":"La Figure embl\u00e9matique de la culture au S\u00e9n\u00e9gal, le com\u00e9dien Charles Forster s&rsquo;est distingu\u00e9 dans le th\u00e9\u00e2tre et le cin\u00e9ma. Il est reconnu aussi pour ses prises de position et son franc-parler. En entretien avec PublicSn, le pr\u00e9sident de l\u2019association des maris battus du S\u00e9n\u00e9gal explique que \u00ab&nbsp;le S\u00e9n\u00e9gal n\u2019a pas un bon gouvernement \u2026&nbsp;\u00bb Poursuivant, il dit&nbsp;\u00ab&nbsp;je suis contre l\u2019avis de Pape Djibril Fall mais c\u2019est la faute a certains com\u00e9diens qui acceptent de prendre ces miettes de 5000frcfa&nbsp;\u00bb. &nbsp;\u00ab&nbsp;Un bon acteur culturel ne doit pas qu\u00e9mander son destin, ni son avenir. Il doit d\u00e9passer la classe politique, car c&rsquo;est un porteur de voix. Nous les acteurs culturels, nous ne soutenons pas Mimi Tour\u00e9, ni aucune autre coalition.&nbsp; Nous devons \u00eatre \u00e0 c\u00f4t\u00e9 du peuple, c&rsquo;est-\u00e0-dire faire quelque chose pour l&rsquo;int\u00e9r\u00eat g\u00e9n\u00e9ral&nbsp;\u00bb, mart\u00e8le M. Forster. Mame Marie THIAM","og_url":"https:\/\/www.public.sn\/index.php\/2022\/10\/25\/charles-forster-crache-ses-verites-sur-la-situation-politique-du-senegal-et-tire-sur-pape-djibril-fall-et-certaines-maisons-de-production\/","og_site_name":"LE PUBLIC","article_published_time":"2022-10-25T09:41:03+00:00","article_modified_time":"2022-10-25T09:41:11+00:00","og_image":[{"width":277,"height":182,"url":"https:\/\/www.public.sn\/wp-content\/uploads\/2022\/10\/charles.jpg","type":"image\/jpeg"}],"author":"LA REDACTION","twitter_card":"summary_large_image","twitter_misc":{"\u00c9crit par":"LA REDACTION","Dur\u00e9e de lecture estim\u00e9e":"1 minute"},"schema":{"@context":"https:\/\/schema.org","@graph":[{"@type":"Article","@id":"https:\/\/www.public.sn\/index.php\/2022\/10\/25\/charles-forster-crache-ses-verites-sur-la-situation-politique-du-senegal-et-tire-sur-pape-djibril-fall-et-certaines-maisons-de-production\/#article","isPartOf":{"@id":"https:\/\/www.public.sn\/index.php\/2022\/10\/25\/charles-forster-crache-ses-verites-sur-la-situation-politique-du-senegal-et-tire-sur-pape-djibril-fall-et-certaines-maisons-de-production\/"},"author":{"name":"LA REDACTION","@id":"https:\/\/www.public.sn\/#\/schema\/person\/cb76c8e1b8becc6be61fb5e92d6d0224"},"headline":"Charles Forster crache ses v\u00e9rit\u00e9s sur la situation politique du S\u00e9n\u00e9gal et tire sur Pape Djibril Fall et certaines maisons de production\u2026","datePublished":"2022-10-25T09:41:03+00:00","dateModified":"2022-10-25T09:41:11+00:00","mainEntityOfPage":{"@id":"https:\/\/www.public.sn\/index.php\/2022\/10\/25\/charles-forster-crache-ses-verites-sur-la-situation-politique-du-senegal-et-tire-sur-pape-djibril-fall-et-certaines-maisons-de-production\/"},"wordCount":198,"commentCount":0,"publisher":{"@id":"https:\/\/www.public.sn\/#organization"},"image":{"@id":"https:\/\/www.public.sn\/index.php\/2022\/10\/25\/charles-forster-crache-ses-verites-sur-la-situation-politique-du-senegal-et-tire-sur-pape-djibril-fall-et-certaines-maisons-de-production\/#primaryimage"},"thumbnailUrl":"https:\/\/www.public.sn\/wp-content\/uploads\/2022\/10\/charles.jpg","keywords":["charles fosrter","Pape Djibril Fall","politique"],"articleSection":["ACTUALIT\u00c9S","SOCIETE"],"inLanguage":"fr-FR","potentialAction":[{"@type":"CommentAction","name":"Comment","target":["https:\/\/www.public.sn\/index.php\/2022\/10\/25\/charles-forster-crache-ses-verites-sur-la-situation-politique-du-senegal-et-tire-sur-pape-djibril-fall-et-certaines-maisons-de-production\/#respond"]}]},{"@type":"WebPage","@id":"https:\/\/www.public.sn\/index.php\/2022\/10\/25\/charles-forster-crache-ses-verites-sur-la-situation-politique-du-senegal-et-tire-sur-pape-djibril-fall-et-certaines-maisons-de-production\/","url":"https:\/\/www.public.sn\/index.php\/2022\/10\/25\/charles-forster-crache-ses-verites-sur-la-situation-politique-du-senegal-et-tire-sur-pape-djibril-fall-et-certaines-maisons-de-production\/","name":"Charles Forster crache ses v\u00e9rit\u00e9s sur la situation politique du S\u00e9n\u00e9gal et tire sur Pape Djibril Fall et certaines maisons de production\u2026 - LE PUBLIC","isPartOf":{"@id":"https:\/\/www.public.sn\/#website"},"primaryImageOfPage":{"@id":"https:\/\/www.public.sn\/index.php\/2022\/10\/25\/charles-forster-crache-ses-verites-sur-la-situation-politique-du-senegal-et-tire-sur-pape-djibril-fall-et-certaines-maisons-de-production\/#primaryimage"},"image":{"@id":"https:\/\/www.public.sn\/index.php\/2022\/10\/25\/charles-forster-crache-ses-verites-sur-la-situation-politique-du-senegal-et-tire-sur-pape-djibril-fall-et-certaines-maisons-de-production\/#primaryimage"},"thumbnailUrl":"https:\/\/www.public.sn\/wp-content\/uploads\/2022\/10\/charles.jpg","datePublished":"2022-10-25T09:41:03+00:00","dateModified":"2022-10-25T09:41:11+00:00","breadcrumb":{"@id":"https:\/\/www.public.sn\/index.php\/2022\/10\/25\/charles-forster-crache-ses-verites-sur-la-situation-politique-du-senegal-et-tire-sur-pape-djibril-fall-et-certaines-maisons-de-production\/#breadcrumb"},"inLanguage":"fr-FR","potentialAction":[{"@type":"ReadAction","target":["https:\/\/www.public.sn\/index.php\/2022\/10\/25\/charles-forster-crache-ses-verites-sur-la-situation-politique-du-senegal-et-tire-sur-pape-djibril-fall-et-certaines-maisons-de-production\/"]}]},{"@type":"ImageObject","inLanguage":"fr-FR","@id":"https:\/\/www.public.sn\/index.php\/2022\/10\/25\/charles-forster-crache-ses-verites-sur-la-situation-politique-du-senegal-et-tire-sur-pape-djibril-fall-et-certaines-maisons-de-production\/#primaryimage","url":"https:\/\/www.public.sn\/wp-content\/uploads\/2022\/10\/charles.jpg","contentUrl":"https:\/\/www.public.sn\/wp-content\/uploads\/2022\/10\/charles.jpg","width":277,"height":182},{"@type":"BreadcrumbList","@id":"https:\/\/www.public.sn\/index.php\/2022\/10\/25\/charles-forster-crache-ses-verites-sur-la-situation-politique-du-senegal-et-tire-sur-pape-djibril-fall-et-certaines-maisons-de-production\/#breadcrumb","itemListElement":[{"@type":"ListItem","position":1,"name":"Accueil","item":"https:\/\/www.public.sn\/"},{"@type":"ListItem","position":2,"name":"Charles Forster crache ses v\u00e9rit\u00e9s sur la situation politique du S\u00e9n\u00e9gal et tire sur Pape Djibril Fall et certaines maisons de production\u2026"}]},{"@type":"WebSite","@id":"https:\/\/www.public.sn\/#website","url":"https:\/\/www.public.sn\/","name":"LE PUBLIC","description":"","publisher":{"@id":"https:\/\/www.public.sn\/#organization"},"potentialAction":[{"@type":"SearchAction","target":{"@type":"EntryPoint","urlTemplate":"https:\/\/www.public.sn\/?s={search_term_string}"},"query-input":{"@type":"PropertyValueSpecification","valueRequired":true,"valueName":"search_term_string"}}],"inLanguage":"fr-FR"},{"@type":"Organization","@id":"https:\/\/www.public.sn\/#organization","name":"LE PUBLIC","url":"https:\/\/www.public.sn\/","logo":{"@type":"ImageObject","inLanguage":"fr-FR","@id":"https:\/\/www.public.sn\/#\/schema\/logo\/image\/","url":"https:\/\/www.public.sn\/wp-content\/uploads\/2024\/05\/cropped-LOGO-PUBLIC.SN_.png","contentUrl":"https:\/\/www.public.sn\/wp-content\/uploads\/2024\/05\/cropped-LOGO-PUBLIC.SN_.png","width":682,"height":192,"caption":"LE PUBLIC"},"image":{"@id":"https:\/\/www.public.sn\/#\/schema\/logo\/image\/"}},{"@type":"Person","@id":"https:\/\/www.public.sn\/#\/schema\/person\/cb76c8e1b8becc6be61fb5e92d6d0224","name":"LA REDACTION","image":{"@type":"ImageObject","inLanguage":"fr-FR","@id":"https:\/\/www.public.sn\/#\/schema\/person\/image\/","url":"https:\/\/secure.gravatar.com\/avatar\/2dce5ddd34b8fef0180efe03aa2a9bee7d953856048f9a16b298190a3178407c?s=96&d=mm&r=g","contentUrl":"https:\/\/secure.gravatar.com\/avatar\/2dce5ddd34b8fef0180efe03aa2a9bee7d953856048f9a16b298190a3178407c?s=96&d=mm&r=g","caption":"LA REDACTION"},"url":"https:\/\/www.public.sn\/index.php\/author\/editeurpsn\/"}]}},"jetpack_featured_media_url":"https:\/\/www.public.sn\/wp-content\/uploads\/2022\/10\/charles.jpg","jetpack_sharing_enabled":true,"_links":{"self":[{"href":"https:\/\/www.public.sn\/index.php\/wp-json\/wp\/v2\/posts\/5770","targetHints":{"allow":["GET"]}}],"collection":[{"href":"https:\/\/www.public.sn\/index.php\/wp-json\/wp\/v2\/posts"}],"about":[{"href":"https:\/\/www.public.sn\/index.php\/wp-json\/wp\/v2\/types\/post"}],"author":[{"embeddable":true,"href":"https:\/\/www.public.sn\/index.php\/wp-json\/wp\/v2\/users\/7"}],"replies":[{"embeddable":true,"href":"https:\/\/www.public.sn\/index.php\/wp-json\/wp\/v2\/comments?post=5770"}],"version-history":[{"count":2,"href":"https:\/\/www.public.sn\/index.php\/wp-json\/wp\/v2\/posts\/5770\/revisions"}],"predecessor-version":[{"id":5775,"href":"https:\/\/www.public.sn\/index.php\/wp-json\/wp\/v2\/posts\/5770\/revisions\/5775"}],"wp:featuredmedia":[{"embeddable":true,"href":"https:\/\/www.public.sn\/index.php\/wp-json\/wp\/v2\/media\/5773"}],"wp:attachment":[{"href":"https:\/\/www.public.sn\/index.php\/wp-json\/wp\/v2\/media?parent=5770"}],"wp:term":[{"taxonomy":"category","embeddable":true,"href":"https:\/\/www.public.sn\/index.php\/wp-json\/wp\/v2\/categories?post=5770"},{"taxonomy":"post_tag","embeddable":true,"href":"https:\/\/www.public.sn\/index.php\/wp-json\/wp\/v2\/tags?post=5770"}],"curies":[{"name":"wp","href":"https:\/\/api.w.org\/{rel}","templated":true}]}}