{"id":5781,"date":"2022-10-25T10:08:40","date_gmt":"2022-10-25T10:08:40","guid":{"rendered":"https:\/\/www.public.sn\/?p=5781"},"modified":"2022-10-25T10:08:42","modified_gmt":"2022-10-25T10:08:42","slug":"les-travaux-de-la-commission-des-finances-vont-demarrer-ce-mardi","status":"publish","type":"post","link":"https:\/\/www.public.sn\/index.php\/2022\/10\/25\/les-travaux-de-la-commission-des-finances-vont-demarrer-ce-mardi\/","title":{"rendered":"Les travaux de la Commission des finances vont d\u00e9marrer ce Mardi"},"content":{"rendered":"<p>Selon la direction de la communication de l\u2019Assembl\u00e9e Nationale, les travaux de la Commission des finances et du contr\u00f4le budg\u00e9taire d\u00e9butent ce mardi 25 octobre 2022, avec l\u2019examen du projet de loi de finances pour l\u2019ann\u00e9e 2023. Les travaux se poursuivront jusqu\u2019au samedi 12 novembre 2022.<\/p><div class=\"publi-paragraphe1\" style=\"margin-top: 10px;margin-bottom: 10px;margin-left: auto;margin-right: auto;text-align: center;\" id=\"publi-2810371243\"><div class=\"publi-adlabel\">Publicit\u00e9<\/div><script async src=\"\/\/pagead2.googlesyndication.com\/pagead\/js\/adsbygoogle.js?client=ca-pub-4089586018074219\" crossorigin=\"anonymous\"><\/script><ins class=\"adsbygoogle\" style=\"display:block;\" data-ad-client=\"ca-pub-4089586018074219\" \ndata-ad-slot=\"2087940154\" \ndata-ad-format=\"auto\"><\/ins>\n<script> \n(adsbygoogle = window.adsbygoogle || []).push({}); \n<\/script>\n<\/div>\n<p>Elle rappelle que conform\u00e9ment au r\u00e8glement int\u00e9rieur de l\u2019Assembl\u00e9e nationale, ces travaux ne sont pas ouverts \u00e0 la presse. Avant d\u2019ajouter que les s\u00e9ances pl\u00e9ni\u00e8res se d\u00e9rouleront apr\u00e8s les travaux des commissions et seront ouvertes \u00e0 la presse comme d\u2019habitude, \u00e0 l\u2019occasion de la session budg\u00e9taire.<br \/>\nMame Marie THIAM<\/p>\n<div class=\"publi-apres-le-contenu\" style=\"margin-top: 10px;margin-bottom: 10px;margin-left: auto;margin-right: auto;text-align: center;\" id=\"publi-1611094198\"><div class=\"publi-adlabel\">Publicit\u00e9<\/div><script async src=\"\/\/pagead2.googlesyndication.com\/pagead\/js\/adsbygoogle.js?client=ca-pub-4089586018074219\" crossorigin=\"anonymous\"><\/script><ins class=\"adsbygoogle\" style=\"display:block;\" data-ad-client=\"ca-pub-4089586018074219\" \ndata-ad-slot=\"2087940154\" \ndata-ad-format=\"auto\"><\/ins>\n<script> \n(adsbygoogle = window.adsbygoogle || []).push({}); \n<\/script>\n<\/div>","protected":false},"excerpt":{"rendered":"<p>Selon la direction de la communication de l\u2019Assembl\u00e9e Nationale, les travaux de la Commission des finances et du contr\u00f4le budg\u00e9taire d\u00e9butent ce mardi 25 octobre 2022, avec l\u2019examen du projet de loi de finances pour l\u2019ann\u00e9e 2023. Les travaux se poursuivront jusqu\u2019au samedi 12 novembre 2022. Elle rappelle que conform\u00e9ment au r\u00e8glement int\u00e9rieur de l\u2019Assembl\u00e9e nationale, ces travaux ne sont pas ouverts \u00e0 la presse. Avant d\u2019ajouter que les s\u00e9ances pl\u00e9ni\u00e8res se d\u00e9rouleront apr\u00e8s les travaux des commissions et seront ouvertes \u00e0 la presse comme d\u2019habitude, \u00e0 l\u2019occasion de la session budg\u00e9taire. Mame Marie THIAM<\/p>\n","protected":false},"author":7,"featured_media":4503,"comment_status":"open","ping_status":"open","sticky":false,"template":"","format":"standard","meta":{"_jetpack_memberships_contains_paid_content":false,"footnotes":""},"categories":[375,3,1,4],"tags":[],"class_list":["post-5781","post","type-post","status-publish","format-standard","has-post-thumbnail","hentry","category-actualites","category-politique","category-non-classe","category-societe","entry","has-media","owp-thumbs-layout-horizontal","owp-btn-normal","owp-tabs-layout-horizontal","has-no-thumbnails","has-product-nav"],"yoast_head":"<!-- This site is optimized with the Yoast SEO plugin v25.5 - https:\/\/yoast.com\/wordpress\/plugins\/seo\/ -->\n<title>Les travaux de la Commission des finances vont d\u00e9marrer ce Mardi - LE PUBLIC<\/title>\n<meta name=\"robots\" content=\"index, follow, max-snippet:-1, max-image-preview:large, max-video-preview:-1\" \/>\n<link rel=\"canonical\" href=\"https:\/\/www.public.sn\/index.php\/2022\/10\/25\/les-travaux-de-la-commission-des-finances-vont-demarrer-ce-mardi\/\" \/>\n<meta property=\"og:locale\" content=\"fr_FR\" \/>\n<meta property=\"og:type\" content=\"article\" \/>\n<meta property=\"og:title\" content=\"Les travaux de la Commission des finances vont d\u00e9marrer ce Mardi - LE PUBLIC\" \/>\n<meta property=\"og:description\" content=\"Selon la direction de la communication de l\u2019Assembl\u00e9e Nationale, les travaux de la Commission des finances et du contr\u00f4le budg\u00e9taire d\u00e9butent ce mardi 25 octobre 2022, avec l\u2019examen du projet de loi de finances pour l\u2019ann\u00e9e 2023. Les travaux se poursuivront jusqu\u2019au samedi 12 novembre 2022. Elle rappelle que conform\u00e9ment au r\u00e8glement int\u00e9rieur de l\u2019Assembl\u00e9e nationale, ces travaux ne sont pas ouverts \u00e0 la presse. Avant d\u2019ajouter que les s\u00e9ances pl\u00e9ni\u00e8res se d\u00e9rouleront apr\u00e8s les travaux des commissions et seront ouvertes \u00e0 la presse comme d\u2019habitude, \u00e0 l\u2019occasion de la session budg\u00e9taire. Mame Marie THIAM\" \/>\n<meta property=\"og:url\" content=\"https:\/\/www.public.sn\/index.php\/2022\/10\/25\/les-travaux-de-la-commission-des-finances-vont-demarrer-ce-mardi\/\" \/>\n<meta property=\"og:site_name\" content=\"LE PUBLIC\" \/>\n<meta property=\"article:published_time\" content=\"2022-10-25T10:08:40+00:00\" \/>\n<meta property=\"article:modified_time\" content=\"2022-10-25T10:08:42+00:00\" \/>\n<meta property=\"og:image\" content=\"https:\/\/www.public.sn\/wp-content\/uploads\/2022\/10\/ASSEMBLE-NATIONALE.webp\" \/>\n\t<meta property=\"og:image:width\" content=\"650\" \/>\n\t<meta property=\"og:image:height\" content=\"380\" \/>\n\t<meta property=\"og:image:type\" content=\"image\/webp\" \/>\n<meta name=\"author\" content=\"LA REDACTION\" \/>\n<meta name=\"twitter:card\" content=\"summary_large_image\" \/>\n<meta name=\"twitter:label1\" content=\"\u00c9crit par\" \/>\n\t<meta name=\"twitter:data1\" content=\"LA REDACTION\" \/>\n\t<meta name=\"twitter:label2\" content=\"Dur\u00e9e de lecture estim\u00e9e\" \/>\n\t<meta name=\"twitter:data2\" content=\"1 minute\" \/>\n<script type=\"application\/ld+json\" class=\"yoast-schema-graph\">{\"@context\":\"https:\/\/schema.org\",\"@graph\":[{\"@type\":\"Article\",\"@id\":\"https:\/\/www.public.sn\/index.php\/2022\/10\/25\/les-travaux-de-la-commission-des-finances-vont-demarrer-ce-mardi\/#article\",\"isPartOf\":{\"@id\":\"https:\/\/www.public.sn\/index.php\/2022\/10\/25\/les-travaux-de-la-commission-des-finances-vont-demarrer-ce-mardi\/\"},\"author\":{\"name\":\"LA REDACTION\",\"@id\":\"https:\/\/www.public.sn\/#\/schema\/person\/cb76c8e1b8becc6be61fb5e92d6d0224\"},\"headline\":\"Les travaux de la Commission des finances vont d\u00e9marrer ce Mardi\",\"datePublished\":\"2022-10-25T10:08:40+00:00\",\"dateModified\":\"2022-10-25T10:08:42+00:00\",\"mainEntityOfPage\":{\"@id\":\"https:\/\/www.public.sn\/index.php\/2022\/10\/25\/les-travaux-de-la-commission-des-finances-vont-demarrer-ce-mardi\/\"},\"wordCount\":122,\"commentCount\":0,\"publisher\":{\"@id\":\"https:\/\/www.public.sn\/#organization\"},\"image\":{\"@id\":\"https:\/\/www.public.sn\/index.php\/2022\/10\/25\/les-travaux-de-la-commission-des-finances-vont-demarrer-ce-mardi\/#primaryimage\"},\"thumbnailUrl\":\"https:\/\/www.public.sn\/wp-content\/uploads\/2022\/10\/ASSEMBLE-NATIONALE.webp\",\"articleSection\":[\"ACTUALIT\u00c9S\",\"POLITIQUE\",\"S\u00c9N\u00c9GAL\",\"SOCIETE\"],\"inLanguage\":\"fr-FR\",\"potentialAction\":[{\"@type\":\"CommentAction\",\"name\":\"Comment\",\"target\":[\"https:\/\/www.public.sn\/index.php\/2022\/10\/25\/les-travaux-de-la-commission-des-finances-vont-demarrer-ce-mardi\/#respond\"]}]},{\"@type\":\"WebPage\",\"@id\":\"https:\/\/www.public.sn\/index.php\/2022\/10\/25\/les-travaux-de-la-commission-des-finances-vont-demarrer-ce-mardi\/\",\"url\":\"https:\/\/www.public.sn\/index.php\/2022\/10\/25\/les-travaux-de-la-commission-des-finances-vont-demarrer-ce-mardi\/\",\"name\":\"Les travaux de la Commission des finances vont d\u00e9marrer ce Mardi - LE PUBLIC\",\"isPartOf\":{\"@id\":\"https:\/\/www.public.sn\/#website\"},\"primaryImageOfPage\":{\"@id\":\"https:\/\/www.public.sn\/index.php\/2022\/10\/25\/les-travaux-de-la-commission-des-finances-vont-demarrer-ce-mardi\/#primaryimage\"},\"image\":{\"@id\":\"https:\/\/www.public.sn\/index.php\/2022\/10\/25\/les-travaux-de-la-commission-des-finances-vont-demarrer-ce-mardi\/#primaryimage\"},\"thumbnailUrl\":\"https:\/\/www.public.sn\/wp-content\/uploads\/2022\/10\/ASSEMBLE-NATIONALE.webp\",\"datePublished\":\"2022-10-25T10:08:40+00:00\",\"dateModified\":\"2022-10-25T10:08:42+00:00\",\"breadcrumb\":{\"@id\":\"https:\/\/www.public.sn\/index.php\/2022\/10\/25\/les-travaux-de-la-commission-des-finances-vont-demarrer-ce-mardi\/#breadcrumb\"},\"inLanguage\":\"fr-FR\",\"potentialAction\":[{\"@type\":\"ReadAction\",\"target\":[\"https:\/\/www.public.sn\/index.php\/2022\/10\/25\/les-travaux-de-la-commission-des-finances-vont-demarrer-ce-mardi\/\"]}]},{\"@type\":\"ImageObject\",\"inLanguage\":\"fr-FR\",\"@id\":\"https:\/\/www.public.sn\/index.php\/2022\/10\/25\/les-travaux-de-la-commission-des-finances-vont-demarrer-ce-mardi\/#primaryimage\",\"url\":\"https:\/\/www.public.sn\/wp-content\/uploads\/2022\/10\/ASSEMBLE-NATIONALE.webp\",\"contentUrl\":\"https:\/\/www.public.sn\/wp-content\/uploads\/2022\/10\/ASSEMBLE-NATIONALE.webp\",\"width\":650,\"height\":380,\"caption\":\"puclicsn\"},{\"@type\":\"BreadcrumbList\",\"@id\":\"https:\/\/www.public.sn\/index.php\/2022\/10\/25\/les-travaux-de-la-commission-des-finances-vont-demarrer-ce-mardi\/#breadcrumb\",\"itemListElement\":[{\"@type\":\"ListItem\",\"position\":1,\"name\":\"Accueil\",\"item\":\"https:\/\/www.public.sn\/\"},{\"@type\":\"ListItem\",\"position\":2,\"name\":\"Les travaux de la Commission des finances vont d\u00e9marrer ce Mardi\"}]},{\"@type\":\"WebSite\",\"@id\":\"https:\/\/www.public.sn\/#website\",\"url\":\"https:\/\/www.public.sn\/\",\"name\":\"LE PUBLIC\",\"description\":\"\",\"publisher\":{\"@id\":\"https:\/\/www.public.sn\/#organization\"},\"potentialAction\":[{\"@type\":\"SearchAction\",\"target\":{\"@type\":\"EntryPoint\",\"urlTemplate\":\"https:\/\/www.public.sn\/?s={search_term_string}\"},\"query-input\":{\"@type\":\"PropertyValueSpecification\",\"valueRequired\":true,\"valueName\":\"search_term_string\"}}],\"inLanguage\":\"fr-FR\"},{\"@type\":\"Organization\",\"@id\":\"https:\/\/www.public.sn\/#organization\",\"name\":\"LE PUBLIC\",\"url\":\"https:\/\/www.public.sn\/\",\"logo\":{\"@type\":\"ImageObject\",\"inLanguage\":\"fr-FR\",\"@id\":\"https:\/\/www.public.sn\/#\/schema\/logo\/image\/\",\"url\":\"https:\/\/www.public.sn\/wp-content\/uploads\/2024\/05\/cropped-LOGO-PUBLIC.SN_.png\",\"contentUrl\":\"https:\/\/www.public.sn\/wp-content\/uploads\/2024\/05\/cropped-LOGO-PUBLIC.SN_.png\",\"width\":682,\"height\":192,\"caption\":\"LE PUBLIC\"},\"image\":{\"@id\":\"https:\/\/www.public.sn\/#\/schema\/logo\/image\/\"}},{\"@type\":\"Person\",\"@id\":\"https:\/\/www.public.sn\/#\/schema\/person\/cb76c8e1b8becc6be61fb5e92d6d0224\",\"name\":\"LA REDACTION\",\"image\":{\"@type\":\"ImageObject\",\"inLanguage\":\"fr-FR\",\"@id\":\"https:\/\/www.public.sn\/#\/schema\/person\/image\/\",\"url\":\"https:\/\/secure.gravatar.com\/avatar\/2dce5ddd34b8fef0180efe03aa2a9bee7d953856048f9a16b298190a3178407c?s=96&d=mm&r=g\",\"contentUrl\":\"https:\/\/secure.gravatar.com\/avatar\/2dce5ddd34b8fef0180efe03aa2a9bee7d953856048f9a16b298190a3178407c?s=96&d=mm&r=g\",\"caption\":\"LA REDACTION\"},\"url\":\"https:\/\/www.public.sn\/index.php\/author\/editeurpsn\/\"}]}<\/script>\n<!-- \/ Yoast SEO plugin. -->","yoast_head_json":{"title":"Les travaux de la Commission des finances vont d\u00e9marrer ce Mardi - LE PUBLIC","robots":{"index":"index","follow":"follow","max-snippet":"max-snippet:-1","max-image-preview":"max-image-preview:large","max-video-preview":"max-video-preview:-1"},"canonical":"https:\/\/www.public.sn\/index.php\/2022\/10\/25\/les-travaux-de-la-commission-des-finances-vont-demarrer-ce-mardi\/","og_locale":"fr_FR","og_type":"article","og_title":"Les travaux de la Commission des finances vont d\u00e9marrer ce Mardi - LE PUBLIC","og_description":"Selon la direction de la communication de l\u2019Assembl\u00e9e Nationale, les travaux de la Commission des finances et du contr\u00f4le budg\u00e9taire d\u00e9butent ce mardi 25 octobre 2022, avec l\u2019examen du projet de loi de finances pour l\u2019ann\u00e9e 2023. Les travaux se poursuivront jusqu\u2019au samedi 12 novembre 2022. Elle rappelle que conform\u00e9ment au r\u00e8glement int\u00e9rieur de l\u2019Assembl\u00e9e nationale, ces travaux ne sont pas ouverts \u00e0 la presse. Avant d\u2019ajouter que les s\u00e9ances pl\u00e9ni\u00e8res se d\u00e9rouleront apr\u00e8s les travaux des commissions et seront ouvertes \u00e0 la presse comme d\u2019habitude, \u00e0 l\u2019occasion de la session budg\u00e9taire. Mame Marie THIAM","og_url":"https:\/\/www.public.sn\/index.php\/2022\/10\/25\/les-travaux-de-la-commission-des-finances-vont-demarrer-ce-mardi\/","og_site_name":"LE PUBLIC","article_published_time":"2022-10-25T10:08:40+00:00","article_modified_time":"2022-10-25T10:08:42+00:00","og_image":[{"width":650,"height":380,"url":"https:\/\/www.public.sn\/wp-content\/uploads\/2022\/10\/ASSEMBLE-NATIONALE.webp","type":"image\/webp"}],"author":"LA REDACTION","twitter_card":"summary_large_image","twitter_misc":{"\u00c9crit par":"LA REDACTION","Dur\u00e9e de lecture estim\u00e9e":"1 minute"},"schema":{"@context":"https:\/\/schema.org","@graph":[{"@type":"Article","@id":"https:\/\/www.public.sn\/index.php\/2022\/10\/25\/les-travaux-de-la-commission-des-finances-vont-demarrer-ce-mardi\/#article","isPartOf":{"@id":"https:\/\/www.public.sn\/index.php\/2022\/10\/25\/les-travaux-de-la-commission-des-finances-vont-demarrer-ce-mardi\/"},"author":{"name":"LA REDACTION","@id":"https:\/\/www.public.sn\/#\/schema\/person\/cb76c8e1b8becc6be61fb5e92d6d0224"},"headline":"Les travaux de la Commission des finances vont d\u00e9marrer ce Mardi","datePublished":"2022-10-25T10:08:40+00:00","dateModified":"2022-10-25T10:08:42+00:00","mainEntityOfPage":{"@id":"https:\/\/www.public.sn\/index.php\/2022\/10\/25\/les-travaux-de-la-commission-des-finances-vont-demarrer-ce-mardi\/"},"wordCount":122,"commentCount":0,"publisher":{"@id":"https:\/\/www.public.sn\/#organization"},"image":{"@id":"https:\/\/www.public.sn\/index.php\/2022\/10\/25\/les-travaux-de-la-commission-des-finances-vont-demarrer-ce-mardi\/#primaryimage"},"thumbnailUrl":"https:\/\/www.public.sn\/wp-content\/uploads\/2022\/10\/ASSEMBLE-NATIONALE.webp","articleSection":["ACTUALIT\u00c9S","POLITIQUE","S\u00c9N\u00c9GAL","SOCIETE"],"inLanguage":"fr-FR","potentialAction":[{"@type":"CommentAction","name":"Comment","target":["https:\/\/www.public.sn\/index.php\/2022\/10\/25\/les-travaux-de-la-commission-des-finances-vont-demarrer-ce-mardi\/#respond"]}]},{"@type":"WebPage","@id":"https:\/\/www.public.sn\/index.php\/2022\/10\/25\/les-travaux-de-la-commission-des-finances-vont-demarrer-ce-mardi\/","url":"https:\/\/www.public.sn\/index.php\/2022\/10\/25\/les-travaux-de-la-commission-des-finances-vont-demarrer-ce-mardi\/","name":"Les travaux de la Commission des finances vont d\u00e9marrer ce Mardi - LE PUBLIC","isPartOf":{"@id":"https:\/\/www.public.sn\/#website"},"primaryImageOfPage":{"@id":"https:\/\/www.public.sn\/index.php\/2022\/10\/25\/les-travaux-de-la-commission-des-finances-vont-demarrer-ce-mardi\/#primaryimage"},"image":{"@id":"https:\/\/www.public.sn\/index.php\/2022\/10\/25\/les-travaux-de-la-commission-des-finances-vont-demarrer-ce-mardi\/#primaryimage"},"thumbnailUrl":"https:\/\/www.public.sn\/wp-content\/uploads\/2022\/10\/ASSEMBLE-NATIONALE.webp","datePublished":"2022-10-25T10:08:40+00:00","dateModified":"2022-10-25T10:08:42+00:00","breadcrumb":{"@id":"https:\/\/www.public.sn\/index.php\/2022\/10\/25\/les-travaux-de-la-commission-des-finances-vont-demarrer-ce-mardi\/#breadcrumb"},"inLanguage":"fr-FR","potentialAction":[{"@type":"ReadAction","target":["https:\/\/www.public.sn\/index.php\/2022\/10\/25\/les-travaux-de-la-commission-des-finances-vont-demarrer-ce-mardi\/"]}]},{"@type":"ImageObject","inLanguage":"fr-FR","@id":"https:\/\/www.public.sn\/index.php\/2022\/10\/25\/les-travaux-de-la-commission-des-finances-vont-demarrer-ce-mardi\/#primaryimage","url":"https:\/\/www.public.sn\/wp-content\/uploads\/2022\/10\/ASSEMBLE-NATIONALE.webp","contentUrl":"https:\/\/www.public.sn\/wp-content\/uploads\/2022\/10\/ASSEMBLE-NATIONALE.webp","width":650,"height":380,"caption":"puclicsn"},{"@type":"BreadcrumbList","@id":"https:\/\/www.public.sn\/index.php\/2022\/10\/25\/les-travaux-de-la-commission-des-finances-vont-demarrer-ce-mardi\/#breadcrumb","itemListElement":[{"@type":"ListItem","position":1,"name":"Accueil","item":"https:\/\/www.public.sn\/"},{"@type":"ListItem","position":2,"name":"Les travaux de la Commission des finances vont d\u00e9marrer ce Mardi"}]},{"@type":"WebSite","@id":"https:\/\/www.public.sn\/#website","url":"https:\/\/www.public.sn\/","name":"LE PUBLIC","description":"","publisher":{"@id":"https:\/\/www.public.sn\/#organization"},"potentialAction":[{"@type":"SearchAction","target":{"@type":"EntryPoint","urlTemplate":"https:\/\/www.public.sn\/?s={search_term_string}"},"query-input":{"@type":"PropertyValueSpecification","valueRequired":true,"valueName":"search_term_string"}}],"inLanguage":"fr-FR"},{"@type":"Organization","@id":"https:\/\/www.public.sn\/#organization","name":"LE PUBLIC","url":"https:\/\/www.public.sn\/","logo":{"@type":"ImageObject","inLanguage":"fr-FR","@id":"https:\/\/www.public.sn\/#\/schema\/logo\/image\/","url":"https:\/\/www.public.sn\/wp-content\/uploads\/2024\/05\/cropped-LOGO-PUBLIC.SN_.png","contentUrl":"https:\/\/www.public.sn\/wp-content\/uploads\/2024\/05\/cropped-LOGO-PUBLIC.SN_.png","width":682,"height":192,"caption":"LE PUBLIC"},"image":{"@id":"https:\/\/www.public.sn\/#\/schema\/logo\/image\/"}},{"@type":"Person","@id":"https:\/\/www.public.sn\/#\/schema\/person\/cb76c8e1b8becc6be61fb5e92d6d0224","name":"LA REDACTION","image":{"@type":"ImageObject","inLanguage":"fr-FR","@id":"https:\/\/www.public.sn\/#\/schema\/person\/image\/","url":"https:\/\/secure.gravatar.com\/avatar\/2dce5ddd34b8fef0180efe03aa2a9bee7d953856048f9a16b298190a3178407c?s=96&d=mm&r=g","contentUrl":"https:\/\/secure.gravatar.com\/avatar\/2dce5ddd34b8fef0180efe03aa2a9bee7d953856048f9a16b298190a3178407c?s=96&d=mm&r=g","caption":"LA REDACTION"},"url":"https:\/\/www.public.sn\/index.php\/author\/editeurpsn\/"}]}},"jetpack_featured_media_url":"https:\/\/www.public.sn\/wp-content\/uploads\/2022\/10\/ASSEMBLE-NATIONALE.webp","jetpack_sharing_enabled":true,"_links":{"self":[{"href":"https:\/\/www.public.sn\/index.php\/wp-json\/wp\/v2\/posts\/5781","targetHints":{"allow":["GET"]}}],"collection":[{"href":"https:\/\/www.public.sn\/index.php\/wp-json\/wp\/v2\/posts"}],"about":[{"href":"https:\/\/www.public.sn\/index.php\/wp-json\/wp\/v2\/types\/post"}],"author":[{"embeddable":true,"href":"https:\/\/www.public.sn\/index.php\/wp-json\/wp\/v2\/users\/7"}],"replies":[{"embeddable":true,"href":"https:\/\/www.public.sn\/index.php\/wp-json\/wp\/v2\/comments?post=5781"}],"version-history":[{"count":1,"href":"https:\/\/www.public.sn\/index.php\/wp-json\/wp\/v2\/posts\/5781\/revisions"}],"predecessor-version":[{"id":5782,"href":"https:\/\/www.public.sn\/index.php\/wp-json\/wp\/v2\/posts\/5781\/revisions\/5782"}],"wp:featuredmedia":[{"embeddable":true,"href":"https:\/\/www.public.sn\/index.php\/wp-json\/wp\/v2\/media\/4503"}],"wp:attachment":[{"href":"https:\/\/www.public.sn\/index.php\/wp-json\/wp\/v2\/media?parent=5781"}],"wp:term":[{"taxonomy":"category","embeddable":true,"href":"https:\/\/www.public.sn\/index.php\/wp-json\/wp\/v2\/categories?post=5781"},{"taxonomy":"post_tag","embeddable":true,"href":"https:\/\/www.public.sn\/index.php\/wp-json\/wp\/v2\/tags?post=5781"}],"curies":[{"name":"wp","href":"https:\/\/api.w.org\/{rel}","templated":true}]}}