{"id":585,"date":"2022-08-25T11:51:10","date_gmt":"2022-08-25T09:51:10","guid":{"rendered":"https:\/\/www.public.sn\/?p=585"},"modified":"2022-08-25T11:51:11","modified_gmt":"2022-08-25T09:51:11","slug":"accusee-par-gabrielle-kane-le-ministre-ndeye-saly-dieng-se-defend-et-precise","status":"publish","type":"post","link":"https:\/\/www.public.sn\/index.php\/2022\/08\/25\/accusee-par-gabrielle-kane-le-ministre-ndeye-saly-dieng-se-defend-et-precise\/","title":{"rendered":"Accus\u00e9e par Gabrielle Kane, le ministre Nd\u00e9ye Saly Dieng se d\u00e9fend et pr\u00e9cise."},"content":{"rendered":"\n<p>Le d\u00e9fenseur des droits femmes et des filles Gabrielle Kane, \u00e0 travers une sortie, avait donn\u00e9 l&rsquo;information selon laquelle elle avait rendu visite au ministre de la Femme, de la famille, du genre et de la protection des enfants Ndeye Saly Diop Dieng pour lui soumettre le cas de la jeune masseuse Adji Sarr, accusatrice du leader de Pastef Ousmane Sonko.<\/p><div class=\"publi-paragraphe1\" style=\"margin-top: 10px;margin-bottom: 10px;margin-left: auto;margin-right: auto;text-align: center;\" id=\"publi-2832912004\"><div class=\"publi-adlabel\">Publicit\u00e9<\/div><script async src=\"\/\/pagead2.googlesyndication.com\/pagead\/js\/adsbygoogle.js?client=ca-pub-4089586018074219\" crossorigin=\"anonymous\"><\/script><ins class=\"adsbygoogle\" style=\"display:block;\" data-ad-client=\"ca-pub-4089586018074219\" \ndata-ad-slot=\"2087940154\" \ndata-ad-format=\"auto\"><\/ins>\n<script> \n(adsbygoogle = window.adsbygoogle || []).push({}); \n<\/script>\n<\/div>\n\n\n\n<p>A l&rsquo;en croire, le ministre Ndeye Saly Diop Dieng avait donn\u00e9 un avis d\u00e9favorable \u00e0 sa requ\u00eate. De telles accusations d\u00e9menties par un communiqu\u00e9 du  Ministre. C\u2019est hier mercredi qu&rsquo;il a publi\u00e9 ce d\u00e9menti des all\u00e9gations de Gabrielle Kane. <em>\u00ab\u00a0Je tiens \u00e0 pr\u00e9ciser que ce propos est une contrev\u00e9rit\u00e9 car lors de notre rencontre jamais cette phrase n\u2019a \u00e9t\u00e9 mentionn\u00e9e\u00a0\u00bb<\/em>, lit-on dans le communiqu\u00e9.<\/p>\n\n\n\n<figure class=\"wp-block-image size-full\"><img fetchpriority=\"high\" decoding=\"async\" width=\"720\" height=\"1018\" src=\"https:\/\/www.public.sn\/wp-content\/uploads\/2022\/08\/communique\u0301-ndeye-s-dieng.jpeg\" alt=\"\" class=\"wp-image-587\" srcset=\"https:\/\/www.public.sn\/wp-content\/uploads\/2022\/08\/communique\u0301-ndeye-s-dieng.jpeg 720w, https:\/\/www.public.sn\/wp-content\/uploads\/2022\/08\/communique\u0301-ndeye-s-dieng-600x848.jpeg 600w, https:\/\/www.public.sn\/wp-content\/uploads\/2022\/08\/communique\u0301-ndeye-s-dieng-212x300.jpeg 212w\" sizes=\"(max-width: 720px) 100vw, 720px\" \/><\/figure>\n\n\n\n<p><em>R\u00e9dactions Public SN<\/em><\/p>\n<div class=\"publi-apres-le-contenu\" style=\"margin-top: 10px;margin-bottom: 10px;margin-left: auto;margin-right: auto;text-align: center;\" id=\"publi-2634915875\"><div class=\"publi-adlabel\">Publicit\u00e9<\/div><script async src=\"\/\/pagead2.googlesyndication.com\/pagead\/js\/adsbygoogle.js?client=ca-pub-4089586018074219\" crossorigin=\"anonymous\"><\/script><ins class=\"adsbygoogle\" style=\"display:block;\" data-ad-client=\"ca-pub-4089586018074219\" \ndata-ad-slot=\"2087940154\" \ndata-ad-format=\"auto\"><\/ins>\n<script> \n(adsbygoogle = window.adsbygoogle || []).push({}); \n<\/script>\n<\/div>","protected":false},"excerpt":{"rendered":"<p>Le d\u00e9fenseur des droits femmes et des filles Gabrielle Kane, \u00e0 travers une sortie, avait donn\u00e9 l&rsquo;information selon laquelle elle avait rendu visite au ministre de la Femme, de la famille, du genre et de la protection des enfants Ndeye Saly Diop Dieng pour lui soumettre le cas de la jeune masseuse Adji Sarr, accusatrice du leader de Pastef Ousmane Sonko. A l&rsquo;en croire, le ministre Ndeye Saly Diop Dieng avait donn\u00e9 un avis d\u00e9favorable \u00e0 sa requ\u00eate. De telles accusations d\u00e9menties par un communiqu\u00e9 du Ministre. C\u2019est hier mercredi qu&rsquo;il a publi\u00e9 ce d\u00e9menti des all\u00e9gations de Gabrielle Kane. \u00ab\u00a0Je tiens \u00e0 pr\u00e9ciser que ce propos est une contrev\u00e9rit\u00e9 car lors de notre rencontre jamais cette phrase n\u2019a \u00e9t\u00e9 mentionn\u00e9e\u00a0\u00bb, lit-on dans le communiqu\u00e9. R\u00e9dactions Public SN<\/p>\n","protected":false},"author":1,"featured_media":586,"comment_status":"open","ping_status":"open","sticky":false,"template":"","format":"standard","meta":{"_jetpack_memberships_contains_paid_content":false,"footnotes":""},"categories":[4],"tags":[99,226,24,270,16],"class_list":["post-585","post","type-post","status-publish","format-standard","has-post-thumbnail","hentry","category-societe","tag-adji-sarr","tag-gabrielle-kane","tag-justice","tag-ndeye-saly-dieng","tag-ousmane-sonko","entry","has-media","owp-thumbs-layout-horizontal","owp-btn-normal","owp-tabs-layout-horizontal","has-no-thumbnails","has-product-nav"],"yoast_head":"<!-- This site is optimized with the Yoast SEO plugin v25.5 - https:\/\/yoast.com\/wordpress\/plugins\/seo\/ -->\n<title>Accus\u00e9e par Gabrielle Kane, le ministre Nd\u00e9ye Saly Dieng se d\u00e9fend et pr\u00e9cise. - LE PUBLIC<\/title>\n<meta name=\"robots\" content=\"index, follow, max-snippet:-1, max-image-preview:large, max-video-preview:-1\" \/>\n<link rel=\"canonical\" href=\"https:\/\/www.public.sn\/index.php\/2022\/08\/25\/accusee-par-gabrielle-kane-le-ministre-ndeye-saly-dieng-se-defend-et-precise\/\" \/>\n<meta property=\"og:locale\" content=\"fr_FR\" \/>\n<meta property=\"og:type\" content=\"article\" \/>\n<meta property=\"og:title\" content=\"Accus\u00e9e par Gabrielle Kane, le ministre Nd\u00e9ye Saly Dieng se d\u00e9fend et pr\u00e9cise. - LE PUBLIC\" \/>\n<meta property=\"og:description\" content=\"Le d\u00e9fenseur des droits femmes et des filles Gabrielle Kane, \u00e0 travers une sortie, avait donn\u00e9 l&rsquo;information selon laquelle elle avait rendu visite au ministre de la Femme, de la famille, du genre et de la protection des enfants Ndeye Saly Diop Dieng pour lui soumettre le cas de la jeune masseuse Adji Sarr, accusatrice du leader de Pastef Ousmane Sonko. A l&rsquo;en croire, le ministre Ndeye Saly Diop Dieng avait donn\u00e9 un avis d\u00e9favorable \u00e0 sa requ\u00eate. De telles accusations d\u00e9menties par un communiqu\u00e9 du Ministre. C\u2019est hier mercredi qu&rsquo;il a publi\u00e9 ce d\u00e9menti des all\u00e9gations de Gabrielle Kane. \u00ab\u00a0Je tiens \u00e0 pr\u00e9ciser que ce propos est une contrev\u00e9rit\u00e9 car lors de notre rencontre jamais cette phrase n\u2019a \u00e9t\u00e9 mentionn\u00e9e\u00a0\u00bb, lit-on dans le communiqu\u00e9. R\u00e9dactions Public SN\" \/>\n<meta property=\"og:url\" content=\"https:\/\/www.public.sn\/index.php\/2022\/08\/25\/accusee-par-gabrielle-kane-le-ministre-ndeye-saly-dieng-se-defend-et-precise\/\" \/>\n<meta property=\"og:site_name\" content=\"LE PUBLIC\" \/>\n<meta property=\"article:published_time\" content=\"2022-08-25T09:51:10+00:00\" \/>\n<meta property=\"article:modified_time\" content=\"2022-08-25T09:51:11+00:00\" \/>\n<meta property=\"og:image\" content=\"https:\/\/www.public.sn\/wp-content\/uploads\/2022\/08\/60430098-44226872.jpeg\" \/>\n\t<meta property=\"og:image:width\" content=\"699\" \/>\n\t<meta property=\"og:image:height\" content=\"516\" \/>\n\t<meta property=\"og:image:type\" content=\"image\/jpeg\" \/>\n<meta name=\"author\" content=\"LA REDACTION\" \/>\n<meta name=\"twitter:card\" content=\"summary_large_image\" \/>\n<meta name=\"twitter:label1\" content=\"\u00c9crit par\" \/>\n\t<meta name=\"twitter:data1\" content=\"LA REDACTION\" \/>\n\t<meta name=\"twitter:label2\" content=\"Dur\u00e9e de lecture estim\u00e9e\" \/>\n\t<meta name=\"twitter:data2\" content=\"1 minute\" \/>\n<script type=\"application\/ld+json\" class=\"yoast-schema-graph\">{\"@context\":\"https:\/\/schema.org\",\"@graph\":[{\"@type\":\"Article\",\"@id\":\"https:\/\/www.public.sn\/index.php\/2022\/08\/25\/accusee-par-gabrielle-kane-le-ministre-ndeye-saly-dieng-se-defend-et-precise\/#article\",\"isPartOf\":{\"@id\":\"https:\/\/www.public.sn\/index.php\/2022\/08\/25\/accusee-par-gabrielle-kane-le-ministre-ndeye-saly-dieng-se-defend-et-precise\/\"},\"author\":{\"name\":\"LA REDACTION\",\"@id\":\"https:\/\/www.public.sn\/#\/schema\/person\/e3f4a11b037d4203902db148f9bc8d5a\"},\"headline\":\"Accus\u00e9e par Gabrielle Kane, le ministre Nd\u00e9ye Saly Dieng se d\u00e9fend et pr\u00e9cise.\",\"datePublished\":\"2022-08-25T09:51:10+00:00\",\"dateModified\":\"2022-08-25T09:51:11+00:00\",\"mainEntityOfPage\":{\"@id\":\"https:\/\/www.public.sn\/index.php\/2022\/08\/25\/accusee-par-gabrielle-kane-le-ministre-ndeye-saly-dieng-se-defend-et-precise\/\"},\"wordCount\":154,\"commentCount\":0,\"publisher\":{\"@id\":\"https:\/\/www.public.sn\/#organization\"},\"image\":{\"@id\":\"https:\/\/www.public.sn\/index.php\/2022\/08\/25\/accusee-par-gabrielle-kane-le-ministre-ndeye-saly-dieng-se-defend-et-precise\/#primaryimage\"},\"thumbnailUrl\":\"https:\/\/www.public.sn\/wp-content\/uploads\/2022\/08\/60430098-44226872.jpeg\",\"keywords\":[\"Adji Sarr\",\"Gabrielle Kane\",\"Justice\",\"Nd\u00e9ye Saly Dieng\",\"Ousmane Sonko\"],\"articleSection\":[\"SOCIETE\"],\"inLanguage\":\"fr-FR\",\"potentialAction\":[{\"@type\":\"CommentAction\",\"name\":\"Comment\",\"target\":[\"https:\/\/www.public.sn\/index.php\/2022\/08\/25\/accusee-par-gabrielle-kane-le-ministre-ndeye-saly-dieng-se-defend-et-precise\/#respond\"]}]},{\"@type\":\"WebPage\",\"@id\":\"https:\/\/www.public.sn\/index.php\/2022\/08\/25\/accusee-par-gabrielle-kane-le-ministre-ndeye-saly-dieng-se-defend-et-precise\/\",\"url\":\"https:\/\/www.public.sn\/index.php\/2022\/08\/25\/accusee-par-gabrielle-kane-le-ministre-ndeye-saly-dieng-se-defend-et-precise\/\",\"name\":\"Accus\u00e9e par Gabrielle Kane, le ministre Nd\u00e9ye Saly Dieng se d\u00e9fend et pr\u00e9cise. - LE PUBLIC\",\"isPartOf\":{\"@id\":\"https:\/\/www.public.sn\/#website\"},\"primaryImageOfPage\":{\"@id\":\"https:\/\/www.public.sn\/index.php\/2022\/08\/25\/accusee-par-gabrielle-kane-le-ministre-ndeye-saly-dieng-se-defend-et-precise\/#primaryimage\"},\"image\":{\"@id\":\"https:\/\/www.public.sn\/index.php\/2022\/08\/25\/accusee-par-gabrielle-kane-le-ministre-ndeye-saly-dieng-se-defend-et-precise\/#primaryimage\"},\"thumbnailUrl\":\"https:\/\/www.public.sn\/wp-content\/uploads\/2022\/08\/60430098-44226872.jpeg\",\"datePublished\":\"2022-08-25T09:51:10+00:00\",\"dateModified\":\"2022-08-25T09:51:11+00:00\",\"breadcrumb\":{\"@id\":\"https:\/\/www.public.sn\/index.php\/2022\/08\/25\/accusee-par-gabrielle-kane-le-ministre-ndeye-saly-dieng-se-defend-et-precise\/#breadcrumb\"},\"inLanguage\":\"fr-FR\",\"potentialAction\":[{\"@type\":\"ReadAction\",\"target\":[\"https:\/\/www.public.sn\/index.php\/2022\/08\/25\/accusee-par-gabrielle-kane-le-ministre-ndeye-saly-dieng-se-defend-et-precise\/\"]}]},{\"@type\":\"ImageObject\",\"inLanguage\":\"fr-FR\",\"@id\":\"https:\/\/www.public.sn\/index.php\/2022\/08\/25\/accusee-par-gabrielle-kane-le-ministre-ndeye-saly-dieng-se-defend-et-precise\/#primaryimage\",\"url\":\"https:\/\/www.public.sn\/wp-content\/uploads\/2022\/08\/60430098-44226872.jpeg\",\"contentUrl\":\"https:\/\/www.public.sn\/wp-content\/uploads\/2022\/08\/60430098-44226872.jpeg\",\"width\":699,\"height\":516},{\"@type\":\"BreadcrumbList\",\"@id\":\"https:\/\/www.public.sn\/index.php\/2022\/08\/25\/accusee-par-gabrielle-kane-le-ministre-ndeye-saly-dieng-se-defend-et-precise\/#breadcrumb\",\"itemListElement\":[{\"@type\":\"ListItem\",\"position\":1,\"name\":\"Accueil\",\"item\":\"https:\/\/www.public.sn\/\"},{\"@type\":\"ListItem\",\"position\":2,\"name\":\"Accus\u00e9e par Gabrielle Kane, le ministre Nd\u00e9ye Saly Dieng se d\u00e9fend et pr\u00e9cise.\"}]},{\"@type\":\"WebSite\",\"@id\":\"https:\/\/www.public.sn\/#website\",\"url\":\"https:\/\/www.public.sn\/\",\"name\":\"LE PUBLIC\",\"description\":\"\",\"publisher\":{\"@id\":\"https:\/\/www.public.sn\/#organization\"},\"potentialAction\":[{\"@type\":\"SearchAction\",\"target\":{\"@type\":\"EntryPoint\",\"urlTemplate\":\"https:\/\/www.public.sn\/?s={search_term_string}\"},\"query-input\":{\"@type\":\"PropertyValueSpecification\",\"valueRequired\":true,\"valueName\":\"search_term_string\"}}],\"inLanguage\":\"fr-FR\"},{\"@type\":\"Organization\",\"@id\":\"https:\/\/www.public.sn\/#organization\",\"name\":\"LE PUBLIC\",\"url\":\"https:\/\/www.public.sn\/\",\"logo\":{\"@type\":\"ImageObject\",\"inLanguage\":\"fr-FR\",\"@id\":\"https:\/\/www.public.sn\/#\/schema\/logo\/image\/\",\"url\":\"https:\/\/www.public.sn\/wp-content\/uploads\/2024\/05\/cropped-LOGO-PUBLIC.SN_.png\",\"contentUrl\":\"https:\/\/www.public.sn\/wp-content\/uploads\/2024\/05\/cropped-LOGO-PUBLIC.SN_.png\",\"width\":682,\"height\":192,\"caption\":\"LE PUBLIC\"},\"image\":{\"@id\":\"https:\/\/www.public.sn\/#\/schema\/logo\/image\/\"}},{\"@type\":\"Person\",\"@id\":\"https:\/\/www.public.sn\/#\/schema\/person\/e3f4a11b037d4203902db148f9bc8d5a\",\"name\":\"LA REDACTION\",\"image\":{\"@type\":\"ImageObject\",\"inLanguage\":\"fr-FR\",\"@id\":\"https:\/\/www.public.sn\/#\/schema\/person\/image\/\",\"url\":\"https:\/\/secure.gravatar.com\/avatar\/d6c030db45db2883c075085c5d6c6258654a801a93766b49af0b82d4f454e2a5?s=96&d=mm&r=g\",\"contentUrl\":\"https:\/\/secure.gravatar.com\/avatar\/d6c030db45db2883c075085c5d6c6258654a801a93766b49af0b82d4f454e2a5?s=96&d=mm&r=g\",\"caption\":\"LA REDACTION\"},\"sameAs\":[\"http:\/\/www.public.sn\"],\"url\":\"https:\/\/www.public.sn\/index.php\/author\/admin7324\/\"}]}<\/script>\n<!-- \/ Yoast SEO plugin. -->","yoast_head_json":{"title":"Accus\u00e9e par Gabrielle Kane, le ministre Nd\u00e9ye Saly Dieng se d\u00e9fend et pr\u00e9cise. - LE PUBLIC","robots":{"index":"index","follow":"follow","max-snippet":"max-snippet:-1","max-image-preview":"max-image-preview:large","max-video-preview":"max-video-preview:-1"},"canonical":"https:\/\/www.public.sn\/index.php\/2022\/08\/25\/accusee-par-gabrielle-kane-le-ministre-ndeye-saly-dieng-se-defend-et-precise\/","og_locale":"fr_FR","og_type":"article","og_title":"Accus\u00e9e par Gabrielle Kane, le ministre Nd\u00e9ye Saly Dieng se d\u00e9fend et pr\u00e9cise. - LE PUBLIC","og_description":"Le d\u00e9fenseur des droits femmes et des filles Gabrielle Kane, \u00e0 travers une sortie, avait donn\u00e9 l&rsquo;information selon laquelle elle avait rendu visite au ministre de la Femme, de la famille, du genre et de la protection des enfants Ndeye Saly Diop Dieng pour lui soumettre le cas de la jeune masseuse Adji Sarr, accusatrice du leader de Pastef Ousmane Sonko. A l&rsquo;en croire, le ministre Ndeye Saly Diop Dieng avait donn\u00e9 un avis d\u00e9favorable \u00e0 sa requ\u00eate. De telles accusations d\u00e9menties par un communiqu\u00e9 du Ministre. C\u2019est hier mercredi qu&rsquo;il a publi\u00e9 ce d\u00e9menti des all\u00e9gations de Gabrielle Kane. \u00ab\u00a0Je tiens \u00e0 pr\u00e9ciser que ce propos est une contrev\u00e9rit\u00e9 car lors de notre rencontre jamais cette phrase n\u2019a \u00e9t\u00e9 mentionn\u00e9e\u00a0\u00bb, lit-on dans le communiqu\u00e9. R\u00e9dactions Public SN","og_url":"https:\/\/www.public.sn\/index.php\/2022\/08\/25\/accusee-par-gabrielle-kane-le-ministre-ndeye-saly-dieng-se-defend-et-precise\/","og_site_name":"LE PUBLIC","article_published_time":"2022-08-25T09:51:10+00:00","article_modified_time":"2022-08-25T09:51:11+00:00","og_image":[{"width":699,"height":516,"url":"https:\/\/www.public.sn\/wp-content\/uploads\/2022\/08\/60430098-44226872.jpeg","type":"image\/jpeg"}],"author":"LA REDACTION","twitter_card":"summary_large_image","twitter_misc":{"\u00c9crit par":"LA REDACTION","Dur\u00e9e de lecture estim\u00e9e":"1 minute"},"schema":{"@context":"https:\/\/schema.org","@graph":[{"@type":"Article","@id":"https:\/\/www.public.sn\/index.php\/2022\/08\/25\/accusee-par-gabrielle-kane-le-ministre-ndeye-saly-dieng-se-defend-et-precise\/#article","isPartOf":{"@id":"https:\/\/www.public.sn\/index.php\/2022\/08\/25\/accusee-par-gabrielle-kane-le-ministre-ndeye-saly-dieng-se-defend-et-precise\/"},"author":{"name":"LA REDACTION","@id":"https:\/\/www.public.sn\/#\/schema\/person\/e3f4a11b037d4203902db148f9bc8d5a"},"headline":"Accus\u00e9e par Gabrielle Kane, le ministre Nd\u00e9ye Saly Dieng se d\u00e9fend et pr\u00e9cise.","datePublished":"2022-08-25T09:51:10+00:00","dateModified":"2022-08-25T09:51:11+00:00","mainEntityOfPage":{"@id":"https:\/\/www.public.sn\/index.php\/2022\/08\/25\/accusee-par-gabrielle-kane-le-ministre-ndeye-saly-dieng-se-defend-et-precise\/"},"wordCount":154,"commentCount":0,"publisher":{"@id":"https:\/\/www.public.sn\/#organization"},"image":{"@id":"https:\/\/www.public.sn\/index.php\/2022\/08\/25\/accusee-par-gabrielle-kane-le-ministre-ndeye-saly-dieng-se-defend-et-precise\/#primaryimage"},"thumbnailUrl":"https:\/\/www.public.sn\/wp-content\/uploads\/2022\/08\/60430098-44226872.jpeg","keywords":["Adji Sarr","Gabrielle Kane","Justice","Nd\u00e9ye Saly Dieng","Ousmane Sonko"],"articleSection":["SOCIETE"],"inLanguage":"fr-FR","potentialAction":[{"@type":"CommentAction","name":"Comment","target":["https:\/\/www.public.sn\/index.php\/2022\/08\/25\/accusee-par-gabrielle-kane-le-ministre-ndeye-saly-dieng-se-defend-et-precise\/#respond"]}]},{"@type":"WebPage","@id":"https:\/\/www.public.sn\/index.php\/2022\/08\/25\/accusee-par-gabrielle-kane-le-ministre-ndeye-saly-dieng-se-defend-et-precise\/","url":"https:\/\/www.public.sn\/index.php\/2022\/08\/25\/accusee-par-gabrielle-kane-le-ministre-ndeye-saly-dieng-se-defend-et-precise\/","name":"Accus\u00e9e par Gabrielle Kane, le ministre Nd\u00e9ye Saly Dieng se d\u00e9fend et pr\u00e9cise. - LE PUBLIC","isPartOf":{"@id":"https:\/\/www.public.sn\/#website"},"primaryImageOfPage":{"@id":"https:\/\/www.public.sn\/index.php\/2022\/08\/25\/accusee-par-gabrielle-kane-le-ministre-ndeye-saly-dieng-se-defend-et-precise\/#primaryimage"},"image":{"@id":"https:\/\/www.public.sn\/index.php\/2022\/08\/25\/accusee-par-gabrielle-kane-le-ministre-ndeye-saly-dieng-se-defend-et-precise\/#primaryimage"},"thumbnailUrl":"https:\/\/www.public.sn\/wp-content\/uploads\/2022\/08\/60430098-44226872.jpeg","datePublished":"2022-08-25T09:51:10+00:00","dateModified":"2022-08-25T09:51:11+00:00","breadcrumb":{"@id":"https:\/\/www.public.sn\/index.php\/2022\/08\/25\/accusee-par-gabrielle-kane-le-ministre-ndeye-saly-dieng-se-defend-et-precise\/#breadcrumb"},"inLanguage":"fr-FR","potentialAction":[{"@type":"ReadAction","target":["https:\/\/www.public.sn\/index.php\/2022\/08\/25\/accusee-par-gabrielle-kane-le-ministre-ndeye-saly-dieng-se-defend-et-precise\/"]}]},{"@type":"ImageObject","inLanguage":"fr-FR","@id":"https:\/\/www.public.sn\/index.php\/2022\/08\/25\/accusee-par-gabrielle-kane-le-ministre-ndeye-saly-dieng-se-defend-et-precise\/#primaryimage","url":"https:\/\/www.public.sn\/wp-content\/uploads\/2022\/08\/60430098-44226872.jpeg","contentUrl":"https:\/\/www.public.sn\/wp-content\/uploads\/2022\/08\/60430098-44226872.jpeg","width":699,"height":516},{"@type":"BreadcrumbList","@id":"https:\/\/www.public.sn\/index.php\/2022\/08\/25\/accusee-par-gabrielle-kane-le-ministre-ndeye-saly-dieng-se-defend-et-precise\/#breadcrumb","itemListElement":[{"@type":"ListItem","position":1,"name":"Accueil","item":"https:\/\/www.public.sn\/"},{"@type":"ListItem","position":2,"name":"Accus\u00e9e par Gabrielle Kane, le ministre Nd\u00e9ye Saly Dieng se d\u00e9fend et pr\u00e9cise."}]},{"@type":"WebSite","@id":"https:\/\/www.public.sn\/#website","url":"https:\/\/www.public.sn\/","name":"LE PUBLIC","description":"","publisher":{"@id":"https:\/\/www.public.sn\/#organization"},"potentialAction":[{"@type":"SearchAction","target":{"@type":"EntryPoint","urlTemplate":"https:\/\/www.public.sn\/?s={search_term_string}"},"query-input":{"@type":"PropertyValueSpecification","valueRequired":true,"valueName":"search_term_string"}}],"inLanguage":"fr-FR"},{"@type":"Organization","@id":"https:\/\/www.public.sn\/#organization","name":"LE PUBLIC","url":"https:\/\/www.public.sn\/","logo":{"@type":"ImageObject","inLanguage":"fr-FR","@id":"https:\/\/www.public.sn\/#\/schema\/logo\/image\/","url":"https:\/\/www.public.sn\/wp-content\/uploads\/2024\/05\/cropped-LOGO-PUBLIC.SN_.png","contentUrl":"https:\/\/www.public.sn\/wp-content\/uploads\/2024\/05\/cropped-LOGO-PUBLIC.SN_.png","width":682,"height":192,"caption":"LE PUBLIC"},"image":{"@id":"https:\/\/www.public.sn\/#\/schema\/logo\/image\/"}},{"@type":"Person","@id":"https:\/\/www.public.sn\/#\/schema\/person\/e3f4a11b037d4203902db148f9bc8d5a","name":"LA REDACTION","image":{"@type":"ImageObject","inLanguage":"fr-FR","@id":"https:\/\/www.public.sn\/#\/schema\/person\/image\/","url":"https:\/\/secure.gravatar.com\/avatar\/d6c030db45db2883c075085c5d6c6258654a801a93766b49af0b82d4f454e2a5?s=96&d=mm&r=g","contentUrl":"https:\/\/secure.gravatar.com\/avatar\/d6c030db45db2883c075085c5d6c6258654a801a93766b49af0b82d4f454e2a5?s=96&d=mm&r=g","caption":"LA REDACTION"},"sameAs":["http:\/\/www.public.sn"],"url":"https:\/\/www.public.sn\/index.php\/author\/admin7324\/"}]}},"jetpack_featured_media_url":"https:\/\/www.public.sn\/wp-content\/uploads\/2022\/08\/60430098-44226872.jpeg","jetpack_sharing_enabled":true,"_links":{"self":[{"href":"https:\/\/www.public.sn\/index.php\/wp-json\/wp\/v2\/posts\/585","targetHints":{"allow":["GET"]}}],"collection":[{"href":"https:\/\/www.public.sn\/index.php\/wp-json\/wp\/v2\/posts"}],"about":[{"href":"https:\/\/www.public.sn\/index.php\/wp-json\/wp\/v2\/types\/post"}],"author":[{"embeddable":true,"href":"https:\/\/www.public.sn\/index.php\/wp-json\/wp\/v2\/users\/1"}],"replies":[{"embeddable":true,"href":"https:\/\/www.public.sn\/index.php\/wp-json\/wp\/v2\/comments?post=585"}],"version-history":[{"count":1,"href":"https:\/\/www.public.sn\/index.php\/wp-json\/wp\/v2\/posts\/585\/revisions"}],"predecessor-version":[{"id":588,"href":"https:\/\/www.public.sn\/index.php\/wp-json\/wp\/v2\/posts\/585\/revisions\/588"}],"wp:featuredmedia":[{"embeddable":true,"href":"https:\/\/www.public.sn\/index.php\/wp-json\/wp\/v2\/media\/586"}],"wp:attachment":[{"href":"https:\/\/www.public.sn\/index.php\/wp-json\/wp\/v2\/media?parent=585"}],"wp:term":[{"taxonomy":"category","embeddable":true,"href":"https:\/\/www.public.sn\/index.php\/wp-json\/wp\/v2\/categories?post=585"},{"taxonomy":"post_tag","embeddable":true,"href":"https:\/\/www.public.sn\/index.php\/wp-json\/wp\/v2\/tags?post=585"}],"curies":[{"name":"wp","href":"https:\/\/api.w.org\/{rel}","templated":true}]}}