{"id":5869,"date":"2022-10-25T18:42:03","date_gmt":"2022-10-25T18:42:03","guid":{"rendered":"https:\/\/www.public.sn\/?p=5869"},"modified":"2022-10-25T18:44:54","modified_gmt":"2022-10-25T18:44:54","slug":"apres-2-ans-en-prison-le-tribunal-le-declare-innocent","status":"publish","type":"post","link":"https:\/\/www.public.sn\/index.php\/2022\/10\/25\/apres-2-ans-en-prison-le-tribunal-le-declare-innocent\/","title":{"rendered":"Apr\u00e8s 2 ans en prison, le tribunal le d\u00e9clare innocent."},"content":{"rendered":"\n<p><\/p>\n\n\n\n<p><strong>L\u2019on dit tr\u00e8s souvent que la vengeance est un plat qui se mange froid. Et surtout lorsqu\u2019il s\u2019agit d\u2019une dame qui \u00e0 une dent contre vous. Cela Ndiaga Seck l\u2019a appris \u00e0 ses d\u00e9pends. Il aura pass\u00e9 deux ans en prison avant d\u2019\u00eatre acquitt\u00e9 pour le d\u00e9lit de viol sur une d\u00e9ficiente mentale.<\/strong><\/p><div class=\"publi-paragraphe1\" style=\"margin-top: 10px;margin-bottom: 10px;margin-left: auto;margin-right: auto;text-align: center;\" id=\"publi-3197994743\"><div class=\"publi-adlabel\">Publicit\u00e9<\/div><script async src=\"\/\/pagead2.googlesyndication.com\/pagead\/js\/adsbygoogle.js?client=ca-pub-4089586018074219\" crossorigin=\"anonymous\"><\/script><ins class=\"adsbygoogle\" style=\"display:block;\" data-ad-client=\"ca-pub-4089586018074219\" \ndata-ad-slot=\"2087940154\" \ndata-ad-format=\"auto\"><\/ins>\n<script> \n(adsbygoogle = window.adsbygoogle || []).push({}); \n<\/script>\n<\/div>\n\n\n\n<p>Tout serait parti d\u2019un t\u00e9moignage de Fatoumata Dieng affirmant avoir vu le mareyeur assouvir ses d\u00e9sirs sexuels sur une d\u00e9ficiente mentale. Ce jour l\u00e0 en sortant du bar, Ndiaga \u00e9tait tr\u00e8s loin de s\u2019imaginer que sa vie allait basculer. Il rencontre Fatoumata Dieng qui avait une dent contre elle pour un cr\u00e9dit de poissons refus\u00e9 et celle-ci cria si fort que tout le quartier fut ameuter. <\/p>\n\n\n\n<p><\/p>\n\n\n\n<p>Tr\u00e8s vite Ndiaga fut appr\u00e9hend\u00e9 et remis \u00e0 la Police de Mback\u00e9. Apr\u00e8s audition et malgr\u00e9 ses d\u00e9n\u00e9gations, il a \u00e9t\u00e9 conduit devant le juge. Entendu et avec le t\u00e9moignage de Fatoumata Dieng, il est plac\u00e9 sous mandat de d\u00e9p\u00f4t. Pendant 2 ans et 8 mois, il aura attendu pour \u00ab\u00a0laver son honneur\u00a0\u00bb. <\/p>\n\n\n\n<p><\/p>\n\n\n\n<p>Devant la barre, il r\u00e9it\u00e8re ses propos tenus \u00e0 l\u2019enqu\u00eate pr\u00e9liminaire et devant le juge. Apr\u00e8s plusieurs interrogations les juges du tribunal de Mback\u00e9, se rendent compte que tout ceci n\u2019\u00e9tait qu\u2019un plan bien ourdi par Fatoumata Dieng pour le mettre au gnouf. Col\u00e8re du pr\u00e9sident du tribunal qui lui rappelle que son comportement peut lui co\u00fbter cher si ce dernier porte plainte pour faux t\u00e9moignage. <\/p>\n\n\n\n<p>Le seul\u00a0 tort du mareyeur a \u00e9t\u00e9 d\u2019avoir refus\u00e9 \u00a0de donner \u00e0 cr\u00e9dit des poissons \u00e0 son accusatrice. Mais il aura fallu 2ans et 8 mois pour pour l\u2019innocenter.<\/p>\n\n\n\n<p><\/p>\n\n\n\n<p><strong>Samba SY.<\/strong><\/p>\n<div class=\"publi-apres-le-contenu\" style=\"margin-top: 10px;margin-bottom: 10px;margin-left: auto;margin-right: auto;text-align: center;\" id=\"publi-3098046824\"><div class=\"publi-adlabel\">Publicit\u00e9<\/div><script async src=\"\/\/pagead2.googlesyndication.com\/pagead\/js\/adsbygoogle.js?client=ca-pub-4089586018074219\" crossorigin=\"anonymous\"><\/script><ins class=\"adsbygoogle\" style=\"display:block;\" data-ad-client=\"ca-pub-4089586018074219\" \ndata-ad-slot=\"2087940154\" \ndata-ad-format=\"auto\"><\/ins>\n<script> \n(adsbygoogle = window.adsbygoogle || []).push({}); \n<\/script>\n<\/div>","protected":false},"excerpt":{"rendered":"<p>L\u2019on dit tr\u00e8s souvent que la vengeance est un plat qui se mange froid. Et surtout lorsqu\u2019il s\u2019agit d\u2019une dame qui \u00e0 une dent contre vous. Cela Ndiaga Seck l\u2019a appris \u00e0 ses d\u00e9pends. Il aura pass\u00e9 deux ans en prison avant d\u2019\u00eatre acquitt\u00e9 pour le d\u00e9lit de viol sur une d\u00e9ficiente mentale. Tout serait parti d\u2019un t\u00e9moignage de Fatoumata Dieng affirmant avoir vu le mareyeur assouvir ses d\u00e9sirs sexuels sur une d\u00e9ficiente mentale. Ce jour l\u00e0 en sortant du bar, Ndiaga \u00e9tait tr\u00e8s loin de s\u2019imaginer que sa vie allait basculer. Il rencontre Fatoumata Dieng qui avait une dent contre elle pour un cr\u00e9dit de poissons refus\u00e9 et celle-ci cria si fort que tout le quartier fut ameuter. Tr\u00e8s vite Ndiaga fut appr\u00e9hend\u00e9 et remis \u00e0 la Police de Mback\u00e9. Apr\u00e8s audition et malgr\u00e9 ses d\u00e9n\u00e9gations, il a \u00e9t\u00e9 conduit devant le juge. Entendu et avec le t\u00e9moignage de Fatoumata Dieng, il est plac\u00e9 sous mandat de d\u00e9p\u00f4t. Pendant 2 ans et 8 mois, il aura attendu pour \u00ab\u00a0laver son honneur\u00a0\u00bb. Devant la barre, il r\u00e9it\u00e8re ses propos tenus \u00e0 l\u2019enqu\u00eate pr\u00e9liminaire et devant le juge. Apr\u00e8s plusieurs interrogations les juges du tribunal de Mback\u00e9, se rendent compte que tout ceci n\u2019\u00e9tait qu\u2019un plan bien ourdi par Fatoumata Dieng pour le mettre au gnouf. Col\u00e8re du pr\u00e9sident du tribunal qui lui rappelle que son comportement peut lui co\u00fbter cher si ce dernier porte plainte pour faux t\u00e9moignage. Le seul\u00a0 tort du mareyeur a \u00e9t\u00e9 d\u2019avoir refus\u00e9 \u00a0de donner \u00e0 cr\u00e9dit des poissons \u00e0 son accusatrice. Mais il aura fallu 2ans et 8 mois pour pour l\u2019innocenter. Samba SY.<\/p>\n","protected":false},"author":7,"featured_media":5870,"comment_status":"open","ping_status":"open","sticky":false,"template":"","format":"standard","meta":{"_jetpack_memberships_contains_paid_content":false,"footnotes":""},"categories":[375,379,1,372],"tags":[],"class_list":["post-5869","post","type-post","status-publish","format-standard","has-post-thumbnail","hentry","category-actualites","category-faits-divers","category-non-classe","category-vedette","entry","has-media","owp-thumbs-layout-horizontal","owp-btn-normal","owp-tabs-layout-horizontal","has-no-thumbnails","has-product-nav"],"yoast_head":"<!-- This site is optimized with the Yoast SEO plugin v25.5 - https:\/\/yoast.com\/wordpress\/plugins\/seo\/ -->\n<title>Apr\u00e8s 2 ans en prison, le tribunal le d\u00e9clare innocent. - LE PUBLIC<\/title>\n<meta name=\"robots\" content=\"index, follow, max-snippet:-1, max-image-preview:large, max-video-preview:-1\" \/>\n<link rel=\"canonical\" href=\"https:\/\/www.public.sn\/index.php\/2022\/10\/25\/apres-2-ans-en-prison-le-tribunal-le-declare-innocent\/\" \/>\n<meta property=\"og:locale\" content=\"fr_FR\" \/>\n<meta property=\"og:type\" content=\"article\" \/>\n<meta property=\"og:title\" content=\"Apr\u00e8s 2 ans en prison, le tribunal le d\u00e9clare innocent. - LE PUBLIC\" \/>\n<meta property=\"og:description\" content=\"L\u2019on dit tr\u00e8s souvent que la vengeance est un plat qui se mange froid. Et surtout lorsqu\u2019il s\u2019agit d\u2019une dame qui \u00e0 une dent contre vous. Cela Ndiaga Seck l\u2019a appris \u00e0 ses d\u00e9pends. Il aura pass\u00e9 deux ans en prison avant d\u2019\u00eatre acquitt\u00e9 pour le d\u00e9lit de viol sur une d\u00e9ficiente mentale. Tout serait parti d\u2019un t\u00e9moignage de Fatoumata Dieng affirmant avoir vu le mareyeur assouvir ses d\u00e9sirs sexuels sur une d\u00e9ficiente mentale. Ce jour l\u00e0 en sortant du bar, Ndiaga \u00e9tait tr\u00e8s loin de s\u2019imaginer que sa vie allait basculer. Il rencontre Fatoumata Dieng qui avait une dent contre elle pour un cr\u00e9dit de poissons refus\u00e9 et celle-ci cria si fort que tout le quartier fut ameuter. Tr\u00e8s vite Ndiaga fut appr\u00e9hend\u00e9 et remis \u00e0 la Police de Mback\u00e9. Apr\u00e8s audition et malgr\u00e9 ses d\u00e9n\u00e9gations, il a \u00e9t\u00e9 conduit devant le juge. Entendu et avec le t\u00e9moignage de Fatoumata Dieng, il est plac\u00e9 sous mandat de d\u00e9p\u00f4t. Pendant 2 ans et 8 mois, il aura attendu pour \u00ab\u00a0laver son honneur\u00a0\u00bb. Devant la barre, il r\u00e9it\u00e8re ses propos tenus \u00e0 l\u2019enqu\u00eate pr\u00e9liminaire et devant le juge. Apr\u00e8s plusieurs interrogations les juges du tribunal de Mback\u00e9, se rendent compte que tout ceci n\u2019\u00e9tait qu\u2019un plan bien ourdi par Fatoumata Dieng pour le mettre au gnouf. Col\u00e8re du pr\u00e9sident du tribunal qui lui rappelle que son comportement peut lui co\u00fbter cher si ce dernier porte plainte pour faux t\u00e9moignage. Le seul\u00a0 tort du mareyeur a \u00e9t\u00e9 d\u2019avoir refus\u00e9 \u00a0de donner \u00e0 cr\u00e9dit des poissons \u00e0 son accusatrice. Mais il aura fallu 2ans et 8 mois pour pour l\u2019innocenter. Samba SY.\" \/>\n<meta property=\"og:url\" content=\"https:\/\/www.public.sn\/index.php\/2022\/10\/25\/apres-2-ans-en-prison-le-tribunal-le-declare-innocent\/\" \/>\n<meta property=\"og:site_name\" content=\"LE PUBLIC\" \/>\n<meta property=\"article:published_time\" content=\"2022-10-25T18:42:03+00:00\" \/>\n<meta property=\"article:modified_time\" content=\"2022-10-25T18:44:54+00:00\" \/>\n<meta property=\"og:image\" content=\"https:\/\/www.public.sn\/wp-content\/uploads\/2022\/10\/TRIBUNAL.jpg\" \/>\n\t<meta property=\"og:image:width\" content=\"664\" \/>\n\t<meta property=\"og:image:height\" content=\"372\" \/>\n\t<meta property=\"og:image:type\" content=\"image\/jpeg\" \/>\n<meta name=\"author\" content=\"LA REDACTION\" \/>\n<meta name=\"twitter:card\" content=\"summary_large_image\" \/>\n<meta name=\"twitter:label1\" content=\"\u00c9crit par\" \/>\n\t<meta name=\"twitter:data1\" content=\"LA REDACTION\" \/>\n\t<meta name=\"twitter:label2\" content=\"Dur\u00e9e de lecture estim\u00e9e\" \/>\n\t<meta name=\"twitter:data2\" content=\"2 minutes\" \/>\n<script type=\"application\/ld+json\" class=\"yoast-schema-graph\">{\"@context\":\"https:\/\/schema.org\",\"@graph\":[{\"@type\":\"Article\",\"@id\":\"https:\/\/www.public.sn\/index.php\/2022\/10\/25\/apres-2-ans-en-prison-le-tribunal-le-declare-innocent\/#article\",\"isPartOf\":{\"@id\":\"https:\/\/www.public.sn\/index.php\/2022\/10\/25\/apres-2-ans-en-prison-le-tribunal-le-declare-innocent\/\"},\"author\":{\"name\":\"LA REDACTION\",\"@id\":\"https:\/\/www.public.sn\/#\/schema\/person\/cb76c8e1b8becc6be61fb5e92d6d0224\"},\"headline\":\"Apr\u00e8s 2 ans en prison, le tribunal le d\u00e9clare innocent.\",\"datePublished\":\"2022-10-25T18:42:03+00:00\",\"dateModified\":\"2022-10-25T18:44:54+00:00\",\"mainEntityOfPage\":{\"@id\":\"https:\/\/www.public.sn\/index.php\/2022\/10\/25\/apres-2-ans-en-prison-le-tribunal-le-declare-innocent\/\"},\"wordCount\":311,\"commentCount\":0,\"publisher\":{\"@id\":\"https:\/\/www.public.sn\/#organization\"},\"image\":{\"@id\":\"https:\/\/www.public.sn\/index.php\/2022\/10\/25\/apres-2-ans-en-prison-le-tribunal-le-declare-innocent\/#primaryimage\"},\"thumbnailUrl\":\"https:\/\/www.public.sn\/wp-content\/uploads\/2022\/10\/TRIBUNAL.jpg\",\"articleSection\":[\"ACTUALIT\u00c9S\",\"FAITS DIVERS\",\"S\u00c9N\u00c9GAL\",\"VEDETTE\"],\"inLanguage\":\"fr-FR\",\"potentialAction\":[{\"@type\":\"CommentAction\",\"name\":\"Comment\",\"target\":[\"https:\/\/www.public.sn\/index.php\/2022\/10\/25\/apres-2-ans-en-prison-le-tribunal-le-declare-innocent\/#respond\"]}]},{\"@type\":\"WebPage\",\"@id\":\"https:\/\/www.public.sn\/index.php\/2022\/10\/25\/apres-2-ans-en-prison-le-tribunal-le-declare-innocent\/\",\"url\":\"https:\/\/www.public.sn\/index.php\/2022\/10\/25\/apres-2-ans-en-prison-le-tribunal-le-declare-innocent\/\",\"name\":\"Apr\u00e8s 2 ans en prison, le tribunal le d\u00e9clare innocent. - LE PUBLIC\",\"isPartOf\":{\"@id\":\"https:\/\/www.public.sn\/#website\"},\"primaryImageOfPage\":{\"@id\":\"https:\/\/www.public.sn\/index.php\/2022\/10\/25\/apres-2-ans-en-prison-le-tribunal-le-declare-innocent\/#primaryimage\"},\"image\":{\"@id\":\"https:\/\/www.public.sn\/index.php\/2022\/10\/25\/apres-2-ans-en-prison-le-tribunal-le-declare-innocent\/#primaryimage\"},\"thumbnailUrl\":\"https:\/\/www.public.sn\/wp-content\/uploads\/2022\/10\/TRIBUNAL.jpg\",\"datePublished\":\"2022-10-25T18:42:03+00:00\",\"dateModified\":\"2022-10-25T18:44:54+00:00\",\"breadcrumb\":{\"@id\":\"https:\/\/www.public.sn\/index.php\/2022\/10\/25\/apres-2-ans-en-prison-le-tribunal-le-declare-innocent\/#breadcrumb\"},\"inLanguage\":\"fr-FR\",\"potentialAction\":[{\"@type\":\"ReadAction\",\"target\":[\"https:\/\/www.public.sn\/index.php\/2022\/10\/25\/apres-2-ans-en-prison-le-tribunal-le-declare-innocent\/\"]}]},{\"@type\":\"ImageObject\",\"inLanguage\":\"fr-FR\",\"@id\":\"https:\/\/www.public.sn\/index.php\/2022\/10\/25\/apres-2-ans-en-prison-le-tribunal-le-declare-innocent\/#primaryimage\",\"url\":\"https:\/\/www.public.sn\/wp-content\/uploads\/2022\/10\/TRIBUNAL.jpg\",\"contentUrl\":\"https:\/\/www.public.sn\/wp-content\/uploads\/2022\/10\/TRIBUNAL.jpg\",\"width\":664,\"height\":372,\"caption\":\"publicsn\"},{\"@type\":\"BreadcrumbList\",\"@id\":\"https:\/\/www.public.sn\/index.php\/2022\/10\/25\/apres-2-ans-en-prison-le-tribunal-le-declare-innocent\/#breadcrumb\",\"itemListElement\":[{\"@type\":\"ListItem\",\"position\":1,\"name\":\"Accueil\",\"item\":\"https:\/\/www.public.sn\/\"},{\"@type\":\"ListItem\",\"position\":2,\"name\":\"Apr\u00e8s 2 ans en prison, le tribunal le d\u00e9clare innocent.\"}]},{\"@type\":\"WebSite\",\"@id\":\"https:\/\/www.public.sn\/#website\",\"url\":\"https:\/\/www.public.sn\/\",\"name\":\"LE PUBLIC\",\"description\":\"\",\"publisher\":{\"@id\":\"https:\/\/www.public.sn\/#organization\"},\"potentialAction\":[{\"@type\":\"SearchAction\",\"target\":{\"@type\":\"EntryPoint\",\"urlTemplate\":\"https:\/\/www.public.sn\/?s={search_term_string}\"},\"query-input\":{\"@type\":\"PropertyValueSpecification\",\"valueRequired\":true,\"valueName\":\"search_term_string\"}}],\"inLanguage\":\"fr-FR\"},{\"@type\":\"Organization\",\"@id\":\"https:\/\/www.public.sn\/#organization\",\"name\":\"LE PUBLIC\",\"url\":\"https:\/\/www.public.sn\/\",\"logo\":{\"@type\":\"ImageObject\",\"inLanguage\":\"fr-FR\",\"@id\":\"https:\/\/www.public.sn\/#\/schema\/logo\/image\/\",\"url\":\"https:\/\/www.public.sn\/wp-content\/uploads\/2024\/05\/cropped-LOGO-PUBLIC.SN_.png\",\"contentUrl\":\"https:\/\/www.public.sn\/wp-content\/uploads\/2024\/05\/cropped-LOGO-PUBLIC.SN_.png\",\"width\":682,\"height\":192,\"caption\":\"LE PUBLIC\"},\"image\":{\"@id\":\"https:\/\/www.public.sn\/#\/schema\/logo\/image\/\"}},{\"@type\":\"Person\",\"@id\":\"https:\/\/www.public.sn\/#\/schema\/person\/cb76c8e1b8becc6be61fb5e92d6d0224\",\"name\":\"LA REDACTION\",\"image\":{\"@type\":\"ImageObject\",\"inLanguage\":\"fr-FR\",\"@id\":\"https:\/\/www.public.sn\/#\/schema\/person\/image\/\",\"url\":\"https:\/\/secure.gravatar.com\/avatar\/2dce5ddd34b8fef0180efe03aa2a9bee7d953856048f9a16b298190a3178407c?s=96&d=mm&r=g\",\"contentUrl\":\"https:\/\/secure.gravatar.com\/avatar\/2dce5ddd34b8fef0180efe03aa2a9bee7d953856048f9a16b298190a3178407c?s=96&d=mm&r=g\",\"caption\":\"LA REDACTION\"},\"url\":\"https:\/\/www.public.sn\/index.php\/author\/editeurpsn\/\"}]}<\/script>\n<!-- \/ Yoast SEO plugin. -->","yoast_head_json":{"title":"Apr\u00e8s 2 ans en prison, le tribunal le d\u00e9clare innocent. - LE PUBLIC","robots":{"index":"index","follow":"follow","max-snippet":"max-snippet:-1","max-image-preview":"max-image-preview:large","max-video-preview":"max-video-preview:-1"},"canonical":"https:\/\/www.public.sn\/index.php\/2022\/10\/25\/apres-2-ans-en-prison-le-tribunal-le-declare-innocent\/","og_locale":"fr_FR","og_type":"article","og_title":"Apr\u00e8s 2 ans en prison, le tribunal le d\u00e9clare innocent. - LE PUBLIC","og_description":"L\u2019on dit tr\u00e8s souvent que la vengeance est un plat qui se mange froid. Et surtout lorsqu\u2019il s\u2019agit d\u2019une dame qui \u00e0 une dent contre vous. Cela Ndiaga Seck l\u2019a appris \u00e0 ses d\u00e9pends. Il aura pass\u00e9 deux ans en prison avant d\u2019\u00eatre acquitt\u00e9 pour le d\u00e9lit de viol sur une d\u00e9ficiente mentale. Tout serait parti d\u2019un t\u00e9moignage de Fatoumata Dieng affirmant avoir vu le mareyeur assouvir ses d\u00e9sirs sexuels sur une d\u00e9ficiente mentale. Ce jour l\u00e0 en sortant du bar, Ndiaga \u00e9tait tr\u00e8s loin de s\u2019imaginer que sa vie allait basculer. Il rencontre Fatoumata Dieng qui avait une dent contre elle pour un cr\u00e9dit de poissons refus\u00e9 et celle-ci cria si fort que tout le quartier fut ameuter. Tr\u00e8s vite Ndiaga fut appr\u00e9hend\u00e9 et remis \u00e0 la Police de Mback\u00e9. Apr\u00e8s audition et malgr\u00e9 ses d\u00e9n\u00e9gations, il a \u00e9t\u00e9 conduit devant le juge. Entendu et avec le t\u00e9moignage de Fatoumata Dieng, il est plac\u00e9 sous mandat de d\u00e9p\u00f4t. Pendant 2 ans et 8 mois, il aura attendu pour \u00ab\u00a0laver son honneur\u00a0\u00bb. Devant la barre, il r\u00e9it\u00e8re ses propos tenus \u00e0 l\u2019enqu\u00eate pr\u00e9liminaire et devant le juge. Apr\u00e8s plusieurs interrogations les juges du tribunal de Mback\u00e9, se rendent compte que tout ceci n\u2019\u00e9tait qu\u2019un plan bien ourdi par Fatoumata Dieng pour le mettre au gnouf. Col\u00e8re du pr\u00e9sident du tribunal qui lui rappelle que son comportement peut lui co\u00fbter cher si ce dernier porte plainte pour faux t\u00e9moignage. Le seul\u00a0 tort du mareyeur a \u00e9t\u00e9 d\u2019avoir refus\u00e9 \u00a0de donner \u00e0 cr\u00e9dit des poissons \u00e0 son accusatrice. Mais il aura fallu 2ans et 8 mois pour pour l\u2019innocenter. Samba SY.","og_url":"https:\/\/www.public.sn\/index.php\/2022\/10\/25\/apres-2-ans-en-prison-le-tribunal-le-declare-innocent\/","og_site_name":"LE PUBLIC","article_published_time":"2022-10-25T18:42:03+00:00","article_modified_time":"2022-10-25T18:44:54+00:00","og_image":[{"width":664,"height":372,"url":"https:\/\/www.public.sn\/wp-content\/uploads\/2022\/10\/TRIBUNAL.jpg","type":"image\/jpeg"}],"author":"LA REDACTION","twitter_card":"summary_large_image","twitter_misc":{"\u00c9crit par":"LA REDACTION","Dur\u00e9e de lecture estim\u00e9e":"2 minutes"},"schema":{"@context":"https:\/\/schema.org","@graph":[{"@type":"Article","@id":"https:\/\/www.public.sn\/index.php\/2022\/10\/25\/apres-2-ans-en-prison-le-tribunal-le-declare-innocent\/#article","isPartOf":{"@id":"https:\/\/www.public.sn\/index.php\/2022\/10\/25\/apres-2-ans-en-prison-le-tribunal-le-declare-innocent\/"},"author":{"name":"LA REDACTION","@id":"https:\/\/www.public.sn\/#\/schema\/person\/cb76c8e1b8becc6be61fb5e92d6d0224"},"headline":"Apr\u00e8s 2 ans en prison, le tribunal le d\u00e9clare innocent.","datePublished":"2022-10-25T18:42:03+00:00","dateModified":"2022-10-25T18:44:54+00:00","mainEntityOfPage":{"@id":"https:\/\/www.public.sn\/index.php\/2022\/10\/25\/apres-2-ans-en-prison-le-tribunal-le-declare-innocent\/"},"wordCount":311,"commentCount":0,"publisher":{"@id":"https:\/\/www.public.sn\/#organization"},"image":{"@id":"https:\/\/www.public.sn\/index.php\/2022\/10\/25\/apres-2-ans-en-prison-le-tribunal-le-declare-innocent\/#primaryimage"},"thumbnailUrl":"https:\/\/www.public.sn\/wp-content\/uploads\/2022\/10\/TRIBUNAL.jpg","articleSection":["ACTUALIT\u00c9S","FAITS DIVERS","S\u00c9N\u00c9GAL","VEDETTE"],"inLanguage":"fr-FR","potentialAction":[{"@type":"CommentAction","name":"Comment","target":["https:\/\/www.public.sn\/index.php\/2022\/10\/25\/apres-2-ans-en-prison-le-tribunal-le-declare-innocent\/#respond"]}]},{"@type":"WebPage","@id":"https:\/\/www.public.sn\/index.php\/2022\/10\/25\/apres-2-ans-en-prison-le-tribunal-le-declare-innocent\/","url":"https:\/\/www.public.sn\/index.php\/2022\/10\/25\/apres-2-ans-en-prison-le-tribunal-le-declare-innocent\/","name":"Apr\u00e8s 2 ans en prison, le tribunal le d\u00e9clare innocent. - LE PUBLIC","isPartOf":{"@id":"https:\/\/www.public.sn\/#website"},"primaryImageOfPage":{"@id":"https:\/\/www.public.sn\/index.php\/2022\/10\/25\/apres-2-ans-en-prison-le-tribunal-le-declare-innocent\/#primaryimage"},"image":{"@id":"https:\/\/www.public.sn\/index.php\/2022\/10\/25\/apres-2-ans-en-prison-le-tribunal-le-declare-innocent\/#primaryimage"},"thumbnailUrl":"https:\/\/www.public.sn\/wp-content\/uploads\/2022\/10\/TRIBUNAL.jpg","datePublished":"2022-10-25T18:42:03+00:00","dateModified":"2022-10-25T18:44:54+00:00","breadcrumb":{"@id":"https:\/\/www.public.sn\/index.php\/2022\/10\/25\/apres-2-ans-en-prison-le-tribunal-le-declare-innocent\/#breadcrumb"},"inLanguage":"fr-FR","potentialAction":[{"@type":"ReadAction","target":["https:\/\/www.public.sn\/index.php\/2022\/10\/25\/apres-2-ans-en-prison-le-tribunal-le-declare-innocent\/"]}]},{"@type":"ImageObject","inLanguage":"fr-FR","@id":"https:\/\/www.public.sn\/index.php\/2022\/10\/25\/apres-2-ans-en-prison-le-tribunal-le-declare-innocent\/#primaryimage","url":"https:\/\/www.public.sn\/wp-content\/uploads\/2022\/10\/TRIBUNAL.jpg","contentUrl":"https:\/\/www.public.sn\/wp-content\/uploads\/2022\/10\/TRIBUNAL.jpg","width":664,"height":372,"caption":"publicsn"},{"@type":"BreadcrumbList","@id":"https:\/\/www.public.sn\/index.php\/2022\/10\/25\/apres-2-ans-en-prison-le-tribunal-le-declare-innocent\/#breadcrumb","itemListElement":[{"@type":"ListItem","position":1,"name":"Accueil","item":"https:\/\/www.public.sn\/"},{"@type":"ListItem","position":2,"name":"Apr\u00e8s 2 ans en prison, le tribunal le d\u00e9clare innocent."}]},{"@type":"WebSite","@id":"https:\/\/www.public.sn\/#website","url":"https:\/\/www.public.sn\/","name":"LE PUBLIC","description":"","publisher":{"@id":"https:\/\/www.public.sn\/#organization"},"potentialAction":[{"@type":"SearchAction","target":{"@type":"EntryPoint","urlTemplate":"https:\/\/www.public.sn\/?s={search_term_string}"},"query-input":{"@type":"PropertyValueSpecification","valueRequired":true,"valueName":"search_term_string"}}],"inLanguage":"fr-FR"},{"@type":"Organization","@id":"https:\/\/www.public.sn\/#organization","name":"LE PUBLIC","url":"https:\/\/www.public.sn\/","logo":{"@type":"ImageObject","inLanguage":"fr-FR","@id":"https:\/\/www.public.sn\/#\/schema\/logo\/image\/","url":"https:\/\/www.public.sn\/wp-content\/uploads\/2024\/05\/cropped-LOGO-PUBLIC.SN_.png","contentUrl":"https:\/\/www.public.sn\/wp-content\/uploads\/2024\/05\/cropped-LOGO-PUBLIC.SN_.png","width":682,"height":192,"caption":"LE PUBLIC"},"image":{"@id":"https:\/\/www.public.sn\/#\/schema\/logo\/image\/"}},{"@type":"Person","@id":"https:\/\/www.public.sn\/#\/schema\/person\/cb76c8e1b8becc6be61fb5e92d6d0224","name":"LA REDACTION","image":{"@type":"ImageObject","inLanguage":"fr-FR","@id":"https:\/\/www.public.sn\/#\/schema\/person\/image\/","url":"https:\/\/secure.gravatar.com\/avatar\/2dce5ddd34b8fef0180efe03aa2a9bee7d953856048f9a16b298190a3178407c?s=96&d=mm&r=g","contentUrl":"https:\/\/secure.gravatar.com\/avatar\/2dce5ddd34b8fef0180efe03aa2a9bee7d953856048f9a16b298190a3178407c?s=96&d=mm&r=g","caption":"LA REDACTION"},"url":"https:\/\/www.public.sn\/index.php\/author\/editeurpsn\/"}]}},"jetpack_featured_media_url":"https:\/\/www.public.sn\/wp-content\/uploads\/2022\/10\/TRIBUNAL.jpg","jetpack_sharing_enabled":true,"_links":{"self":[{"href":"https:\/\/www.public.sn\/index.php\/wp-json\/wp\/v2\/posts\/5869","targetHints":{"allow":["GET"]}}],"collection":[{"href":"https:\/\/www.public.sn\/index.php\/wp-json\/wp\/v2\/posts"}],"about":[{"href":"https:\/\/www.public.sn\/index.php\/wp-json\/wp\/v2\/types\/post"}],"author":[{"embeddable":true,"href":"https:\/\/www.public.sn\/index.php\/wp-json\/wp\/v2\/users\/7"}],"replies":[{"embeddable":true,"href":"https:\/\/www.public.sn\/index.php\/wp-json\/wp\/v2\/comments?post=5869"}],"version-history":[{"count":3,"href":"https:\/\/www.public.sn\/index.php\/wp-json\/wp\/v2\/posts\/5869\/revisions"}],"predecessor-version":[{"id":5874,"href":"https:\/\/www.public.sn\/index.php\/wp-json\/wp\/v2\/posts\/5869\/revisions\/5874"}],"wp:featuredmedia":[{"embeddable":true,"href":"https:\/\/www.public.sn\/index.php\/wp-json\/wp\/v2\/media\/5870"}],"wp:attachment":[{"href":"https:\/\/www.public.sn\/index.php\/wp-json\/wp\/v2\/media?parent=5869"}],"wp:term":[{"taxonomy":"category","embeddable":true,"href":"https:\/\/www.public.sn\/index.php\/wp-json\/wp\/v2\/categories?post=5869"},{"taxonomy":"post_tag","embeddable":true,"href":"https:\/\/www.public.sn\/index.php\/wp-json\/wp\/v2\/tags?post=5869"}],"curies":[{"name":"wp","href":"https:\/\/api.w.org\/{rel}","templated":true}]}}