{"id":5885,"date":"2022-10-26T08:22:56","date_gmt":"2022-10-26T08:22:56","guid":{"rendered":"https:\/\/www.public.sn\/?p=5885"},"modified":"2022-10-26T08:22:58","modified_gmt":"2022-10-26T08:22:58","slug":"aibd-vol-des-deux-scanners-de-2-milliards-de-fcfa","status":"publish","type":"post","link":"https:\/\/www.public.sn\/index.php\/2022\/10\/26\/aibd-vol-des-deux-scanners-de-2-milliards-de-fcfa\/","title":{"rendered":"AIBD\u00a0: Vol des deux scanners de 2 Milliards de FCFA."},"content":{"rendered":"\n<p><\/p>\n\n\n\n<p><strong>Une affaire de vol de scanner pollue l\u2019atmosph\u00e8re \u00e0 l\u2019A\u00e9roport internationale Blaise Diagne. Une cadre du nom de Kh. D a d\u00e9cid\u00e9 de porter plainte contre ses deux coll\u00e8gues \u00a0Mamadou Diop et Moussa Sagna, deux responsables du Syndicat des travailleurs de l\u2019a\u00e9ronautique civile du S\u00e9n\u00e9gal.<\/strong><\/p><div class=\"publi-paragraphe1\" style=\"margin-top: 10px;margin-bottom: 10px;margin-left: auto;margin-right: auto;text-align: center;\" id=\"publi-3041054929\"><div class=\"publi-adlabel\">Publicit\u00e9<\/div><script async src=\"\/\/pagead2.googlesyndication.com\/pagead\/js\/adsbygoogle.js?client=ca-pub-4089586018074219\" crossorigin=\"anonymous\"><\/script><ins class=\"adsbygoogle\" style=\"display:block;\" data-ad-client=\"ca-pub-4089586018074219\" \ndata-ad-slot=\"2087940154\" \ndata-ad-format=\"auto\"><\/ins>\n<script> \n(adsbygoogle = window.adsbygoogle || []).push({}); \n<\/script>\n<\/div>\n\n\n\n<p><\/p>\n\n\n\n<p>Dans le quotidien \u00a0l\u2019AS de ce Mercredi l\u2019on apprend que Kh Diagne a port\u00e9 l\u2019affaire devant la division des investigations criminelles. Celle-ci se sent diffam\u00e9e par des syndicalistes sur le vol de ces scanners dont le co\u00fbt unitaire est estim\u00e9 \u00e0 2 Milliards de FCFA. <\/p>\n\n\n\n<p><\/p>\n\n\n\n<p>Toutefois la nature de la diffamation n\u2019a pas \u00e9t\u00e9 pr\u00e9cis\u00e9e. Du cot\u00e9 des syndicalistes, l\u2019on s\u2019\u00e9tonne de cette plainte car pour eux, ce sont bien eux qui doivent porter plainte pour que toute la lumi\u00e8re soit faite sur le vol de ces scanners. Source A avance que le vol des scanners \u00e9tait bien \u00ab\u00a0camoufl\u00e9\u00a0\u00bb et c\u2019est la plainte de la dame Kh . Diagne qui a mis \u00e0 nu cette affaire.<\/p>\n\n\n\n<p>Samba SY.<\/p>\n<div class=\"publi-apres-le-contenu\" style=\"margin-top: 10px;margin-bottom: 10px;margin-left: auto;margin-right: auto;text-align: center;\" id=\"publi-4094355507\"><div class=\"publi-adlabel\">Publicit\u00e9<\/div><script async src=\"\/\/pagead2.googlesyndication.com\/pagead\/js\/adsbygoogle.js?client=ca-pub-4089586018074219\" crossorigin=\"anonymous\"><\/script><ins class=\"adsbygoogle\" style=\"display:block;\" data-ad-client=\"ca-pub-4089586018074219\" \ndata-ad-slot=\"2087940154\" \ndata-ad-format=\"auto\"><\/ins>\n<script> \n(adsbygoogle = window.adsbygoogle || []).push({}); \n<\/script>\n<\/div>","protected":false},"excerpt":{"rendered":"<p>Une affaire de vol de scanner pollue l\u2019atmosph\u00e8re \u00e0 l\u2019A\u00e9roport internationale Blaise Diagne. Une cadre du nom de Kh. D a d\u00e9cid\u00e9 de porter plainte contre ses deux coll\u00e8gues \u00a0Mamadou Diop et Moussa Sagna, deux responsables du Syndicat des travailleurs de l\u2019a\u00e9ronautique civile du S\u00e9n\u00e9gal. Dans le quotidien \u00a0l\u2019AS de ce Mercredi l\u2019on apprend que Kh Diagne a port\u00e9 l\u2019affaire devant la division des investigations criminelles. Celle-ci se sent diffam\u00e9e par des syndicalistes sur le vol de ces scanners dont le co\u00fbt unitaire est estim\u00e9 \u00e0 2 Milliards de FCFA. Toutefois la nature de la diffamation n\u2019a pas \u00e9t\u00e9 pr\u00e9cis\u00e9e. Du cot\u00e9 des syndicalistes, l\u2019on s\u2019\u00e9tonne de cette plainte car pour eux, ce sont bien eux qui doivent porter plainte pour que toute la lumi\u00e8re soit faite sur le vol de ces scanners. Source A avance que le vol des scanners \u00e9tait bien \u00ab\u00a0camoufl\u00e9\u00a0\u00bb et c\u2019est la plainte de la dame Kh . Diagne qui a mis \u00e0 nu cette affaire. Samba SY.<\/p>\n","protected":false},"author":7,"featured_media":5886,"comment_status":"open","ping_status":"open","sticky":false,"template":"","format":"standard","meta":{"_jetpack_memberships_contains_paid_content":false,"footnotes":""},"categories":[375,379,1],"tags":[41,2025,237],"class_list":["post-5885","post","type-post","status-publish","format-standard","has-post-thumbnail","hentry","category-actualites","category-faits-divers","category-non-classe","tag-aibd","tag-scanners","tag-vol","entry","has-media","owp-thumbs-layout-horizontal","owp-btn-normal","owp-tabs-layout-horizontal","has-no-thumbnails","has-product-nav"],"yoast_head":"<!-- This site is optimized with the Yoast SEO plugin v25.5 - https:\/\/yoast.com\/wordpress\/plugins\/seo\/ -->\n<title>AIBD\u00a0: Vol des deux scanners de 2 Milliards de FCFA. - LE PUBLIC<\/title>\n<meta name=\"robots\" content=\"index, follow, max-snippet:-1, max-image-preview:large, max-video-preview:-1\" \/>\n<link rel=\"canonical\" href=\"https:\/\/www.public.sn\/index.php\/2022\/10\/26\/aibd-vol-des-deux-scanners-de-2-milliards-de-fcfa\/\" \/>\n<meta property=\"og:locale\" content=\"fr_FR\" \/>\n<meta property=\"og:type\" content=\"article\" \/>\n<meta property=\"og:title\" content=\"AIBD\u00a0: Vol des deux scanners de 2 Milliards de FCFA. - LE PUBLIC\" \/>\n<meta property=\"og:description\" content=\"Une affaire de vol de scanner pollue l\u2019atmosph\u00e8re \u00e0 l\u2019A\u00e9roport internationale Blaise Diagne. Une cadre du nom de Kh. D a d\u00e9cid\u00e9 de porter plainte contre ses deux coll\u00e8gues \u00a0Mamadou Diop et Moussa Sagna, deux responsables du Syndicat des travailleurs de l\u2019a\u00e9ronautique civile du S\u00e9n\u00e9gal. Dans le quotidien \u00a0l\u2019AS de ce Mercredi l\u2019on apprend que Kh Diagne a port\u00e9 l\u2019affaire devant la division des investigations criminelles. Celle-ci se sent diffam\u00e9e par des syndicalistes sur le vol de ces scanners dont le co\u00fbt unitaire est estim\u00e9 \u00e0 2 Milliards de FCFA. Toutefois la nature de la diffamation n\u2019a pas \u00e9t\u00e9 pr\u00e9cis\u00e9e. Du cot\u00e9 des syndicalistes, l\u2019on s\u2019\u00e9tonne de cette plainte car pour eux, ce sont bien eux qui doivent porter plainte pour que toute la lumi\u00e8re soit faite sur le vol de ces scanners. Source A avance que le vol des scanners \u00e9tait bien \u00ab\u00a0camoufl\u00e9\u00a0\u00bb et c\u2019est la plainte de la dame Kh . Diagne qui a mis \u00e0 nu cette affaire. Samba SY.\" \/>\n<meta property=\"og:url\" content=\"https:\/\/www.public.sn\/index.php\/2022\/10\/26\/aibd-vol-des-deux-scanners-de-2-milliards-de-fcfa\/\" \/>\n<meta property=\"og:site_name\" content=\"LE PUBLIC\" \/>\n<meta property=\"article:published_time\" content=\"2022-10-26T08:22:56+00:00\" \/>\n<meta property=\"article:modified_time\" content=\"2022-10-26T08:22:58+00:00\" \/>\n<meta property=\"og:image\" content=\"https:\/\/www.public.sn\/wp-content\/uploads\/2022\/10\/aibs.jpg\" \/>\n\t<meta property=\"og:image:width\" content=\"696\" \/>\n\t<meta property=\"og:image:height\" content=\"522\" \/>\n\t<meta property=\"og:image:type\" content=\"image\/jpeg\" \/>\n<meta name=\"author\" content=\"LA REDACTION\" \/>\n<meta name=\"twitter:card\" content=\"summary_large_image\" \/>\n<meta name=\"twitter:label1\" content=\"\u00c9crit par\" \/>\n\t<meta name=\"twitter:data1\" content=\"LA REDACTION\" \/>\n\t<meta name=\"twitter:label2\" content=\"Dur\u00e9e de lecture estim\u00e9e\" \/>\n\t<meta name=\"twitter:data2\" content=\"1 minute\" \/>\n<script type=\"application\/ld+json\" class=\"yoast-schema-graph\">{\"@context\":\"https:\/\/schema.org\",\"@graph\":[{\"@type\":\"Article\",\"@id\":\"https:\/\/www.public.sn\/index.php\/2022\/10\/26\/aibd-vol-des-deux-scanners-de-2-milliards-de-fcfa\/#article\",\"isPartOf\":{\"@id\":\"https:\/\/www.public.sn\/index.php\/2022\/10\/26\/aibd-vol-des-deux-scanners-de-2-milliards-de-fcfa\/\"},\"author\":{\"name\":\"LA REDACTION\",\"@id\":\"https:\/\/www.public.sn\/#\/schema\/person\/cb76c8e1b8becc6be61fb5e92d6d0224\"},\"headline\":\"AIBD\u00a0: Vol des deux scanners de 2 Milliards de FCFA.\",\"datePublished\":\"2022-10-26T08:22:56+00:00\",\"dateModified\":\"2022-10-26T08:22:58+00:00\",\"mainEntityOfPage\":{\"@id\":\"https:\/\/www.public.sn\/index.php\/2022\/10\/26\/aibd-vol-des-deux-scanners-de-2-milliards-de-fcfa\/\"},\"wordCount\":189,\"commentCount\":0,\"publisher\":{\"@id\":\"https:\/\/www.public.sn\/#organization\"},\"image\":{\"@id\":\"https:\/\/www.public.sn\/index.php\/2022\/10\/26\/aibd-vol-des-deux-scanners-de-2-milliards-de-fcfa\/#primaryimage\"},\"thumbnailUrl\":\"https:\/\/www.public.sn\/wp-content\/uploads\/2022\/10\/aibs.jpg\",\"keywords\":[\"AIBD\",\"scanners\",\"Vol\"],\"articleSection\":[\"ACTUALIT\u00c9S\",\"FAITS DIVERS\",\"S\u00c9N\u00c9GAL\"],\"inLanguage\":\"fr-FR\",\"potentialAction\":[{\"@type\":\"CommentAction\",\"name\":\"Comment\",\"target\":[\"https:\/\/www.public.sn\/index.php\/2022\/10\/26\/aibd-vol-des-deux-scanners-de-2-milliards-de-fcfa\/#respond\"]}]},{\"@type\":\"WebPage\",\"@id\":\"https:\/\/www.public.sn\/index.php\/2022\/10\/26\/aibd-vol-des-deux-scanners-de-2-milliards-de-fcfa\/\",\"url\":\"https:\/\/www.public.sn\/index.php\/2022\/10\/26\/aibd-vol-des-deux-scanners-de-2-milliards-de-fcfa\/\",\"name\":\"AIBD\u00a0: Vol des deux scanners de 2 Milliards de FCFA. - LE PUBLIC\",\"isPartOf\":{\"@id\":\"https:\/\/www.public.sn\/#website\"},\"primaryImageOfPage\":{\"@id\":\"https:\/\/www.public.sn\/index.php\/2022\/10\/26\/aibd-vol-des-deux-scanners-de-2-milliards-de-fcfa\/#primaryimage\"},\"image\":{\"@id\":\"https:\/\/www.public.sn\/index.php\/2022\/10\/26\/aibd-vol-des-deux-scanners-de-2-milliards-de-fcfa\/#primaryimage\"},\"thumbnailUrl\":\"https:\/\/www.public.sn\/wp-content\/uploads\/2022\/10\/aibs.jpg\",\"datePublished\":\"2022-10-26T08:22:56+00:00\",\"dateModified\":\"2022-10-26T08:22:58+00:00\",\"breadcrumb\":{\"@id\":\"https:\/\/www.public.sn\/index.php\/2022\/10\/26\/aibd-vol-des-deux-scanners-de-2-milliards-de-fcfa\/#breadcrumb\"},\"inLanguage\":\"fr-FR\",\"potentialAction\":[{\"@type\":\"ReadAction\",\"target\":[\"https:\/\/www.public.sn\/index.php\/2022\/10\/26\/aibd-vol-des-deux-scanners-de-2-milliards-de-fcfa\/\"]}]},{\"@type\":\"ImageObject\",\"inLanguage\":\"fr-FR\",\"@id\":\"https:\/\/www.public.sn\/index.php\/2022\/10\/26\/aibd-vol-des-deux-scanners-de-2-milliards-de-fcfa\/#primaryimage\",\"url\":\"https:\/\/www.public.sn\/wp-content\/uploads\/2022\/10\/aibs.jpg\",\"contentUrl\":\"https:\/\/www.public.sn\/wp-content\/uploads\/2022\/10\/aibs.jpg\",\"width\":696,\"height\":522,\"caption\":\"publicsn\"},{\"@type\":\"BreadcrumbList\",\"@id\":\"https:\/\/www.public.sn\/index.php\/2022\/10\/26\/aibd-vol-des-deux-scanners-de-2-milliards-de-fcfa\/#breadcrumb\",\"itemListElement\":[{\"@type\":\"ListItem\",\"position\":1,\"name\":\"Accueil\",\"item\":\"https:\/\/www.public.sn\/\"},{\"@type\":\"ListItem\",\"position\":2,\"name\":\"AIBD\u00a0: Vol des deux scanners de 2 Milliards de FCFA.\"}]},{\"@type\":\"WebSite\",\"@id\":\"https:\/\/www.public.sn\/#website\",\"url\":\"https:\/\/www.public.sn\/\",\"name\":\"LE PUBLIC\",\"description\":\"\",\"publisher\":{\"@id\":\"https:\/\/www.public.sn\/#organization\"},\"potentialAction\":[{\"@type\":\"SearchAction\",\"target\":{\"@type\":\"EntryPoint\",\"urlTemplate\":\"https:\/\/www.public.sn\/?s={search_term_string}\"},\"query-input\":{\"@type\":\"PropertyValueSpecification\",\"valueRequired\":true,\"valueName\":\"search_term_string\"}}],\"inLanguage\":\"fr-FR\"},{\"@type\":\"Organization\",\"@id\":\"https:\/\/www.public.sn\/#organization\",\"name\":\"LE PUBLIC\",\"url\":\"https:\/\/www.public.sn\/\",\"logo\":{\"@type\":\"ImageObject\",\"inLanguage\":\"fr-FR\",\"@id\":\"https:\/\/www.public.sn\/#\/schema\/logo\/image\/\",\"url\":\"https:\/\/www.public.sn\/wp-content\/uploads\/2024\/05\/cropped-LOGO-PUBLIC.SN_.png\",\"contentUrl\":\"https:\/\/www.public.sn\/wp-content\/uploads\/2024\/05\/cropped-LOGO-PUBLIC.SN_.png\",\"width\":682,\"height\":192,\"caption\":\"LE PUBLIC\"},\"image\":{\"@id\":\"https:\/\/www.public.sn\/#\/schema\/logo\/image\/\"}},{\"@type\":\"Person\",\"@id\":\"https:\/\/www.public.sn\/#\/schema\/person\/cb76c8e1b8becc6be61fb5e92d6d0224\",\"name\":\"LA REDACTION\",\"image\":{\"@type\":\"ImageObject\",\"inLanguage\":\"fr-FR\",\"@id\":\"https:\/\/www.public.sn\/#\/schema\/person\/image\/\",\"url\":\"https:\/\/secure.gravatar.com\/avatar\/2dce5ddd34b8fef0180efe03aa2a9bee7d953856048f9a16b298190a3178407c?s=96&d=mm&r=g\",\"contentUrl\":\"https:\/\/secure.gravatar.com\/avatar\/2dce5ddd34b8fef0180efe03aa2a9bee7d953856048f9a16b298190a3178407c?s=96&d=mm&r=g\",\"caption\":\"LA REDACTION\"},\"url\":\"https:\/\/www.public.sn\/index.php\/author\/editeurpsn\/\"}]}<\/script>\n<!-- \/ Yoast SEO plugin. -->","yoast_head_json":{"title":"AIBD\u00a0: Vol des deux scanners de 2 Milliards de FCFA. - LE PUBLIC","robots":{"index":"index","follow":"follow","max-snippet":"max-snippet:-1","max-image-preview":"max-image-preview:large","max-video-preview":"max-video-preview:-1"},"canonical":"https:\/\/www.public.sn\/index.php\/2022\/10\/26\/aibd-vol-des-deux-scanners-de-2-milliards-de-fcfa\/","og_locale":"fr_FR","og_type":"article","og_title":"AIBD\u00a0: Vol des deux scanners de 2 Milliards de FCFA. - LE PUBLIC","og_description":"Une affaire de vol de scanner pollue l\u2019atmosph\u00e8re \u00e0 l\u2019A\u00e9roport internationale Blaise Diagne. Une cadre du nom de Kh. D a d\u00e9cid\u00e9 de porter plainte contre ses deux coll\u00e8gues \u00a0Mamadou Diop et Moussa Sagna, deux responsables du Syndicat des travailleurs de l\u2019a\u00e9ronautique civile du S\u00e9n\u00e9gal. Dans le quotidien \u00a0l\u2019AS de ce Mercredi l\u2019on apprend que Kh Diagne a port\u00e9 l\u2019affaire devant la division des investigations criminelles. Celle-ci se sent diffam\u00e9e par des syndicalistes sur le vol de ces scanners dont le co\u00fbt unitaire est estim\u00e9 \u00e0 2 Milliards de FCFA. Toutefois la nature de la diffamation n\u2019a pas \u00e9t\u00e9 pr\u00e9cis\u00e9e. Du cot\u00e9 des syndicalistes, l\u2019on s\u2019\u00e9tonne de cette plainte car pour eux, ce sont bien eux qui doivent porter plainte pour que toute la lumi\u00e8re soit faite sur le vol de ces scanners. Source A avance que le vol des scanners \u00e9tait bien \u00ab\u00a0camoufl\u00e9\u00a0\u00bb et c\u2019est la plainte de la dame Kh . Diagne qui a mis \u00e0 nu cette affaire. Samba SY.","og_url":"https:\/\/www.public.sn\/index.php\/2022\/10\/26\/aibd-vol-des-deux-scanners-de-2-milliards-de-fcfa\/","og_site_name":"LE PUBLIC","article_published_time":"2022-10-26T08:22:56+00:00","article_modified_time":"2022-10-26T08:22:58+00:00","og_image":[{"width":696,"height":522,"url":"https:\/\/www.public.sn\/wp-content\/uploads\/2022\/10\/aibs.jpg","type":"image\/jpeg"}],"author":"LA REDACTION","twitter_card":"summary_large_image","twitter_misc":{"\u00c9crit par":"LA REDACTION","Dur\u00e9e de lecture estim\u00e9e":"1 minute"},"schema":{"@context":"https:\/\/schema.org","@graph":[{"@type":"Article","@id":"https:\/\/www.public.sn\/index.php\/2022\/10\/26\/aibd-vol-des-deux-scanners-de-2-milliards-de-fcfa\/#article","isPartOf":{"@id":"https:\/\/www.public.sn\/index.php\/2022\/10\/26\/aibd-vol-des-deux-scanners-de-2-milliards-de-fcfa\/"},"author":{"name":"LA REDACTION","@id":"https:\/\/www.public.sn\/#\/schema\/person\/cb76c8e1b8becc6be61fb5e92d6d0224"},"headline":"AIBD\u00a0: Vol des deux scanners de 2 Milliards de FCFA.","datePublished":"2022-10-26T08:22:56+00:00","dateModified":"2022-10-26T08:22:58+00:00","mainEntityOfPage":{"@id":"https:\/\/www.public.sn\/index.php\/2022\/10\/26\/aibd-vol-des-deux-scanners-de-2-milliards-de-fcfa\/"},"wordCount":189,"commentCount":0,"publisher":{"@id":"https:\/\/www.public.sn\/#organization"},"image":{"@id":"https:\/\/www.public.sn\/index.php\/2022\/10\/26\/aibd-vol-des-deux-scanners-de-2-milliards-de-fcfa\/#primaryimage"},"thumbnailUrl":"https:\/\/www.public.sn\/wp-content\/uploads\/2022\/10\/aibs.jpg","keywords":["AIBD","scanners","Vol"],"articleSection":["ACTUALIT\u00c9S","FAITS DIVERS","S\u00c9N\u00c9GAL"],"inLanguage":"fr-FR","potentialAction":[{"@type":"CommentAction","name":"Comment","target":["https:\/\/www.public.sn\/index.php\/2022\/10\/26\/aibd-vol-des-deux-scanners-de-2-milliards-de-fcfa\/#respond"]}]},{"@type":"WebPage","@id":"https:\/\/www.public.sn\/index.php\/2022\/10\/26\/aibd-vol-des-deux-scanners-de-2-milliards-de-fcfa\/","url":"https:\/\/www.public.sn\/index.php\/2022\/10\/26\/aibd-vol-des-deux-scanners-de-2-milliards-de-fcfa\/","name":"AIBD\u00a0: Vol des deux scanners de 2 Milliards de FCFA. - LE PUBLIC","isPartOf":{"@id":"https:\/\/www.public.sn\/#website"},"primaryImageOfPage":{"@id":"https:\/\/www.public.sn\/index.php\/2022\/10\/26\/aibd-vol-des-deux-scanners-de-2-milliards-de-fcfa\/#primaryimage"},"image":{"@id":"https:\/\/www.public.sn\/index.php\/2022\/10\/26\/aibd-vol-des-deux-scanners-de-2-milliards-de-fcfa\/#primaryimage"},"thumbnailUrl":"https:\/\/www.public.sn\/wp-content\/uploads\/2022\/10\/aibs.jpg","datePublished":"2022-10-26T08:22:56+00:00","dateModified":"2022-10-26T08:22:58+00:00","breadcrumb":{"@id":"https:\/\/www.public.sn\/index.php\/2022\/10\/26\/aibd-vol-des-deux-scanners-de-2-milliards-de-fcfa\/#breadcrumb"},"inLanguage":"fr-FR","potentialAction":[{"@type":"ReadAction","target":["https:\/\/www.public.sn\/index.php\/2022\/10\/26\/aibd-vol-des-deux-scanners-de-2-milliards-de-fcfa\/"]}]},{"@type":"ImageObject","inLanguage":"fr-FR","@id":"https:\/\/www.public.sn\/index.php\/2022\/10\/26\/aibd-vol-des-deux-scanners-de-2-milliards-de-fcfa\/#primaryimage","url":"https:\/\/www.public.sn\/wp-content\/uploads\/2022\/10\/aibs.jpg","contentUrl":"https:\/\/www.public.sn\/wp-content\/uploads\/2022\/10\/aibs.jpg","width":696,"height":522,"caption":"publicsn"},{"@type":"BreadcrumbList","@id":"https:\/\/www.public.sn\/index.php\/2022\/10\/26\/aibd-vol-des-deux-scanners-de-2-milliards-de-fcfa\/#breadcrumb","itemListElement":[{"@type":"ListItem","position":1,"name":"Accueil","item":"https:\/\/www.public.sn\/"},{"@type":"ListItem","position":2,"name":"AIBD\u00a0: Vol des deux scanners de 2 Milliards de FCFA."}]},{"@type":"WebSite","@id":"https:\/\/www.public.sn\/#website","url":"https:\/\/www.public.sn\/","name":"LE PUBLIC","description":"","publisher":{"@id":"https:\/\/www.public.sn\/#organization"},"potentialAction":[{"@type":"SearchAction","target":{"@type":"EntryPoint","urlTemplate":"https:\/\/www.public.sn\/?s={search_term_string}"},"query-input":{"@type":"PropertyValueSpecification","valueRequired":true,"valueName":"search_term_string"}}],"inLanguage":"fr-FR"},{"@type":"Organization","@id":"https:\/\/www.public.sn\/#organization","name":"LE PUBLIC","url":"https:\/\/www.public.sn\/","logo":{"@type":"ImageObject","inLanguage":"fr-FR","@id":"https:\/\/www.public.sn\/#\/schema\/logo\/image\/","url":"https:\/\/www.public.sn\/wp-content\/uploads\/2024\/05\/cropped-LOGO-PUBLIC.SN_.png","contentUrl":"https:\/\/www.public.sn\/wp-content\/uploads\/2024\/05\/cropped-LOGO-PUBLIC.SN_.png","width":682,"height":192,"caption":"LE PUBLIC"},"image":{"@id":"https:\/\/www.public.sn\/#\/schema\/logo\/image\/"}},{"@type":"Person","@id":"https:\/\/www.public.sn\/#\/schema\/person\/cb76c8e1b8becc6be61fb5e92d6d0224","name":"LA REDACTION","image":{"@type":"ImageObject","inLanguage":"fr-FR","@id":"https:\/\/www.public.sn\/#\/schema\/person\/image\/","url":"https:\/\/secure.gravatar.com\/avatar\/2dce5ddd34b8fef0180efe03aa2a9bee7d953856048f9a16b298190a3178407c?s=96&d=mm&r=g","contentUrl":"https:\/\/secure.gravatar.com\/avatar\/2dce5ddd34b8fef0180efe03aa2a9bee7d953856048f9a16b298190a3178407c?s=96&d=mm&r=g","caption":"LA REDACTION"},"url":"https:\/\/www.public.sn\/index.php\/author\/editeurpsn\/"}]}},"jetpack_featured_media_url":"https:\/\/www.public.sn\/wp-content\/uploads\/2022\/10\/aibs.jpg","jetpack_sharing_enabled":true,"_links":{"self":[{"href":"https:\/\/www.public.sn\/index.php\/wp-json\/wp\/v2\/posts\/5885","targetHints":{"allow":["GET"]}}],"collection":[{"href":"https:\/\/www.public.sn\/index.php\/wp-json\/wp\/v2\/posts"}],"about":[{"href":"https:\/\/www.public.sn\/index.php\/wp-json\/wp\/v2\/types\/post"}],"author":[{"embeddable":true,"href":"https:\/\/www.public.sn\/index.php\/wp-json\/wp\/v2\/users\/7"}],"replies":[{"embeddable":true,"href":"https:\/\/www.public.sn\/index.php\/wp-json\/wp\/v2\/comments?post=5885"}],"version-history":[{"count":1,"href":"https:\/\/www.public.sn\/index.php\/wp-json\/wp\/v2\/posts\/5885\/revisions"}],"predecessor-version":[{"id":5887,"href":"https:\/\/www.public.sn\/index.php\/wp-json\/wp\/v2\/posts\/5885\/revisions\/5887"}],"wp:featuredmedia":[{"embeddable":true,"href":"https:\/\/www.public.sn\/index.php\/wp-json\/wp\/v2\/media\/5886"}],"wp:attachment":[{"href":"https:\/\/www.public.sn\/index.php\/wp-json\/wp\/v2\/media?parent=5885"}],"wp:term":[{"taxonomy":"category","embeddable":true,"href":"https:\/\/www.public.sn\/index.php\/wp-json\/wp\/v2\/categories?post=5885"},{"taxonomy":"post_tag","embeddable":true,"href":"https:\/\/www.public.sn\/index.php\/wp-json\/wp\/v2\/tags?post=5885"}],"curies":[{"name":"wp","href":"https:\/\/api.w.org\/{rel}","templated":true}]}}