{"id":5925,"date":"2022-10-26T09:29:24","date_gmt":"2022-10-26T09:29:24","guid":{"rendered":"https:\/\/www.public.sn\/?p=5925"},"modified":"2022-10-26T09:29:26","modified_gmt":"2022-10-26T09:29:26","slug":"ligue-des-champions-abdoulaye-seck-realise-un-exploit","status":"publish","type":"post","link":"https:\/\/www.public.sn\/index.php\/2022\/10\/26\/ligue-des-champions-abdoulaye-seck-realise-un-exploit\/","title":{"rendered":"Ligue des Champions\u00a0: Abdoulaye Seck r\u00e9alise un exploit."},"content":{"rendered":"\n<p><\/p>\n\n\n\n<p>Le match entre le PSG et le Macabi Haifa a \u00e9t\u00e9 tr\u00e8s d\u00e9cisif pour le d\u00e9fenseur s\u00e9n\u00e9galais du club isra\u00e9lite. Malgr\u00e9 la lourde d\u00e9faite devant le trio M\u00e9ssi-Mbapp\u00e9-Neymar, Abdoulaye Seck a r\u00e9ussi \u00e0 marqu\u00e9 2 buts aux parisiens.<\/p><div class=\"publi-paragraphe1\" style=\"margin-top: 10px;margin-bottom: 10px;margin-left: auto;margin-right: auto;text-align: center;\" id=\"publi-3242120203\"><div class=\"publi-adlabel\">Publicit\u00e9<\/div><script async src=\"\/\/pagead2.googlesyndication.com\/pagead\/js\/adsbygoogle.js?client=ca-pub-4089586018074219\" crossorigin=\"anonymous\"><\/script><ins class=\"adsbygoogle\" style=\"display:block;\" data-ad-client=\"ca-pub-4089586018074219\" \ndata-ad-slot=\"2087940154\" \ndata-ad-format=\"auto\"><\/ins>\n<script> \n(adsbygoogle = window.adsbygoogle || []).push({}); \n<\/script>\n<\/div>\n\n\n\n<p><\/p>\n\n\n\n<p>Le puissant d\u00e9fenseur Mbourois, a r\u00e9duit la marque pour les isra\u00e9liens \u00e0 la 38\u00e8me minute sur un coup-franc rapidement jou\u00e9 au second poteau o\u00f9 il a repris ce centre plongeant avant de r\u00e9cidiver \u00e0 la 50\u00e8me, et ainsi battre un vieux record.<\/p>\n\n\n\n<p><\/p>\n\n\n\n<p> L\u2019ancien joueur de Diambars devient le premier d\u00e9fenseur \u00e0 inscrire un doubl\u00e9 au Parc des Princes, toutes comp\u00e9titions confondues, depuis 2015.<\/p>\n\n\n\n<p>Samba SY.<\/p>\n<div class=\"publi-apres-le-contenu\" style=\"margin-top: 10px;margin-bottom: 10px;margin-left: auto;margin-right: auto;text-align: center;\" id=\"publi-3169430702\"><div class=\"publi-adlabel\">Publicit\u00e9<\/div><script async src=\"\/\/pagead2.googlesyndication.com\/pagead\/js\/adsbygoogle.js?client=ca-pub-4089586018074219\" crossorigin=\"anonymous\"><\/script><ins class=\"adsbygoogle\" style=\"display:block;\" data-ad-client=\"ca-pub-4089586018074219\" \ndata-ad-slot=\"2087940154\" \ndata-ad-format=\"auto\"><\/ins>\n<script> \n(adsbygoogle = window.adsbygoogle || []).push({}); \n<\/script>\n<\/div>","protected":false},"excerpt":{"rendered":"<p>Le match entre le PSG et le Macabi Haifa a \u00e9t\u00e9 tr\u00e8s d\u00e9cisif pour le d\u00e9fenseur s\u00e9n\u00e9galais du club isra\u00e9lite. Malgr\u00e9 la lourde d\u00e9faite devant le trio M\u00e9ssi-Mbapp\u00e9-Neymar, Abdoulaye Seck a r\u00e9ussi \u00e0 marqu\u00e9 2 buts aux parisiens. Le puissant d\u00e9fenseur Mbourois, a r\u00e9duit la marque pour les isra\u00e9liens \u00e0 la 38\u00e8me minute sur un coup-franc rapidement jou\u00e9 au second poteau o\u00f9 il a repris ce centre plongeant avant de r\u00e9cidiver \u00e0 la 50\u00e8me, et ainsi battre un vieux record. L\u2019ancien joueur de Diambars devient le premier d\u00e9fenseur \u00e0 inscrire un doubl\u00e9 au Parc des Princes, toutes comp\u00e9titions confondues, depuis 2015. Samba SY.<\/p>\n","protected":false},"author":7,"featured_media":5926,"comment_status":"open","ping_status":"open","sticky":false,"template":"","format":"standard","meta":{"_jetpack_memberships_contains_paid_content":false,"footnotes":""},"categories":[375,1,7],"tags":[2041,2040,1262],"class_list":["post-5925","post","type-post","status-publish","format-standard","has-post-thumbnail","hentry","category-actualites","category-non-classe","category-sport","tag-abdoulaye-seck","tag-league-des-champions","tag-sport","entry","has-media","owp-thumbs-layout-horizontal","owp-btn-normal","owp-tabs-layout-horizontal","has-no-thumbnails","has-product-nav"],"yoast_head":"<!-- This site is optimized with the Yoast SEO plugin v25.5 - https:\/\/yoast.com\/wordpress\/plugins\/seo\/ -->\n<title>Ligue des Champions\u00a0: Abdoulaye Seck r\u00e9alise un exploit. - LE PUBLIC<\/title>\n<meta name=\"robots\" content=\"index, follow, max-snippet:-1, max-image-preview:large, max-video-preview:-1\" \/>\n<link rel=\"canonical\" href=\"https:\/\/www.public.sn\/index.php\/2022\/10\/26\/ligue-des-champions-abdoulaye-seck-realise-un-exploit\/\" \/>\n<meta property=\"og:locale\" content=\"fr_FR\" \/>\n<meta property=\"og:type\" content=\"article\" \/>\n<meta property=\"og:title\" content=\"Ligue des Champions\u00a0: Abdoulaye Seck r\u00e9alise un exploit. - LE PUBLIC\" \/>\n<meta property=\"og:description\" content=\"Le match entre le PSG et le Macabi Haifa a \u00e9t\u00e9 tr\u00e8s d\u00e9cisif pour le d\u00e9fenseur s\u00e9n\u00e9galais du club isra\u00e9lite. Malgr\u00e9 la lourde d\u00e9faite devant le trio M\u00e9ssi-Mbapp\u00e9-Neymar, Abdoulaye Seck a r\u00e9ussi \u00e0 marqu\u00e9 2 buts aux parisiens. Le puissant d\u00e9fenseur Mbourois, a r\u00e9duit la marque pour les isra\u00e9liens \u00e0 la 38\u00e8me minute sur un coup-franc rapidement jou\u00e9 au second poteau o\u00f9 il a repris ce centre plongeant avant de r\u00e9cidiver \u00e0 la 50\u00e8me, et ainsi battre un vieux record. L\u2019ancien joueur de Diambars devient le premier d\u00e9fenseur \u00e0 inscrire un doubl\u00e9 au Parc des Princes, toutes comp\u00e9titions confondues, depuis 2015. Samba SY.\" \/>\n<meta property=\"og:url\" content=\"https:\/\/www.public.sn\/index.php\/2022\/10\/26\/ligue-des-champions-abdoulaye-seck-realise-un-exploit\/\" \/>\n<meta property=\"og:site_name\" content=\"LE PUBLIC\" \/>\n<meta property=\"article:published_time\" content=\"2022-10-26T09:29:24+00:00\" \/>\n<meta property=\"article:modified_time\" content=\"2022-10-26T09:29:26+00:00\" \/>\n<meta property=\"og:image\" content=\"https:\/\/www.public.sn\/wp-content\/uploads\/2022\/10\/seck.jpg\" \/>\n\t<meta property=\"og:image:width\" content=\"639\" \/>\n\t<meta property=\"og:image:height\" content=\"463\" \/>\n\t<meta property=\"og:image:type\" content=\"image\/jpeg\" \/>\n<meta name=\"author\" content=\"LA REDACTION\" \/>\n<meta name=\"twitter:card\" content=\"summary_large_image\" \/>\n<meta name=\"twitter:label1\" content=\"\u00c9crit par\" \/>\n\t<meta name=\"twitter:data1\" content=\"LA REDACTION\" \/>\n\t<meta name=\"twitter:label2\" content=\"Dur\u00e9e de lecture estim\u00e9e\" \/>\n\t<meta name=\"twitter:data2\" content=\"1 minute\" \/>\n<script type=\"application\/ld+json\" class=\"yoast-schema-graph\">{\"@context\":\"https:\/\/schema.org\",\"@graph\":[{\"@type\":\"Article\",\"@id\":\"https:\/\/www.public.sn\/index.php\/2022\/10\/26\/ligue-des-champions-abdoulaye-seck-realise-un-exploit\/#article\",\"isPartOf\":{\"@id\":\"https:\/\/www.public.sn\/index.php\/2022\/10\/26\/ligue-des-champions-abdoulaye-seck-realise-un-exploit\/\"},\"author\":{\"name\":\"LA REDACTION\",\"@id\":\"https:\/\/www.public.sn\/#\/schema\/person\/cb76c8e1b8becc6be61fb5e92d6d0224\"},\"headline\":\"Ligue des Champions\u00a0: Abdoulaye Seck r\u00e9alise un exploit.\",\"datePublished\":\"2022-10-26T09:29:24+00:00\",\"dateModified\":\"2022-10-26T09:29:26+00:00\",\"mainEntityOfPage\":{\"@id\":\"https:\/\/www.public.sn\/index.php\/2022\/10\/26\/ligue-des-champions-abdoulaye-seck-realise-un-exploit\/\"},\"wordCount\":123,\"commentCount\":0,\"publisher\":{\"@id\":\"https:\/\/www.public.sn\/#organization\"},\"image\":{\"@id\":\"https:\/\/www.public.sn\/index.php\/2022\/10\/26\/ligue-des-champions-abdoulaye-seck-realise-un-exploit\/#primaryimage\"},\"thumbnailUrl\":\"https:\/\/www.public.sn\/wp-content\/uploads\/2022\/10\/seck.jpg\",\"keywords\":[\"abdoulaye seck\",\"league des champions\",\"Sport\"],\"articleSection\":[\"ACTUALIT\u00c9S\",\"S\u00c9N\u00c9GAL\",\"SPORTS\"],\"inLanguage\":\"fr-FR\",\"potentialAction\":[{\"@type\":\"CommentAction\",\"name\":\"Comment\",\"target\":[\"https:\/\/www.public.sn\/index.php\/2022\/10\/26\/ligue-des-champions-abdoulaye-seck-realise-un-exploit\/#respond\"]}]},{\"@type\":\"WebPage\",\"@id\":\"https:\/\/www.public.sn\/index.php\/2022\/10\/26\/ligue-des-champions-abdoulaye-seck-realise-un-exploit\/\",\"url\":\"https:\/\/www.public.sn\/index.php\/2022\/10\/26\/ligue-des-champions-abdoulaye-seck-realise-un-exploit\/\",\"name\":\"Ligue des Champions\u00a0: Abdoulaye Seck r\u00e9alise un exploit. - LE PUBLIC\",\"isPartOf\":{\"@id\":\"https:\/\/www.public.sn\/#website\"},\"primaryImageOfPage\":{\"@id\":\"https:\/\/www.public.sn\/index.php\/2022\/10\/26\/ligue-des-champions-abdoulaye-seck-realise-un-exploit\/#primaryimage\"},\"image\":{\"@id\":\"https:\/\/www.public.sn\/index.php\/2022\/10\/26\/ligue-des-champions-abdoulaye-seck-realise-un-exploit\/#primaryimage\"},\"thumbnailUrl\":\"https:\/\/www.public.sn\/wp-content\/uploads\/2022\/10\/seck.jpg\",\"datePublished\":\"2022-10-26T09:29:24+00:00\",\"dateModified\":\"2022-10-26T09:29:26+00:00\",\"breadcrumb\":{\"@id\":\"https:\/\/www.public.sn\/index.php\/2022\/10\/26\/ligue-des-champions-abdoulaye-seck-realise-un-exploit\/#breadcrumb\"},\"inLanguage\":\"fr-FR\",\"potentialAction\":[{\"@type\":\"ReadAction\",\"target\":[\"https:\/\/www.public.sn\/index.php\/2022\/10\/26\/ligue-des-champions-abdoulaye-seck-realise-un-exploit\/\"]}]},{\"@type\":\"ImageObject\",\"inLanguage\":\"fr-FR\",\"@id\":\"https:\/\/www.public.sn\/index.php\/2022\/10\/26\/ligue-des-champions-abdoulaye-seck-realise-un-exploit\/#primaryimage\",\"url\":\"https:\/\/www.public.sn\/wp-content\/uploads\/2022\/10\/seck.jpg\",\"contentUrl\":\"https:\/\/www.public.sn\/wp-content\/uploads\/2022\/10\/seck.jpg\",\"width\":639,\"height\":463,\"caption\":\"publicsn\"},{\"@type\":\"BreadcrumbList\",\"@id\":\"https:\/\/www.public.sn\/index.php\/2022\/10\/26\/ligue-des-champions-abdoulaye-seck-realise-un-exploit\/#breadcrumb\",\"itemListElement\":[{\"@type\":\"ListItem\",\"position\":1,\"name\":\"Accueil\",\"item\":\"https:\/\/www.public.sn\/\"},{\"@type\":\"ListItem\",\"position\":2,\"name\":\"Ligue des Champions\u00a0: Abdoulaye Seck r\u00e9alise un exploit.\"}]},{\"@type\":\"WebSite\",\"@id\":\"https:\/\/www.public.sn\/#website\",\"url\":\"https:\/\/www.public.sn\/\",\"name\":\"LE PUBLIC\",\"description\":\"\",\"publisher\":{\"@id\":\"https:\/\/www.public.sn\/#organization\"},\"potentialAction\":[{\"@type\":\"SearchAction\",\"target\":{\"@type\":\"EntryPoint\",\"urlTemplate\":\"https:\/\/www.public.sn\/?s={search_term_string}\"},\"query-input\":{\"@type\":\"PropertyValueSpecification\",\"valueRequired\":true,\"valueName\":\"search_term_string\"}}],\"inLanguage\":\"fr-FR\"},{\"@type\":\"Organization\",\"@id\":\"https:\/\/www.public.sn\/#organization\",\"name\":\"LE PUBLIC\",\"url\":\"https:\/\/www.public.sn\/\",\"logo\":{\"@type\":\"ImageObject\",\"inLanguage\":\"fr-FR\",\"@id\":\"https:\/\/www.public.sn\/#\/schema\/logo\/image\/\",\"url\":\"https:\/\/www.public.sn\/wp-content\/uploads\/2024\/05\/cropped-LOGO-PUBLIC.SN_.png\",\"contentUrl\":\"https:\/\/www.public.sn\/wp-content\/uploads\/2024\/05\/cropped-LOGO-PUBLIC.SN_.png\",\"width\":682,\"height\":192,\"caption\":\"LE PUBLIC\"},\"image\":{\"@id\":\"https:\/\/www.public.sn\/#\/schema\/logo\/image\/\"}},{\"@type\":\"Person\",\"@id\":\"https:\/\/www.public.sn\/#\/schema\/person\/cb76c8e1b8becc6be61fb5e92d6d0224\",\"name\":\"LA REDACTION\",\"image\":{\"@type\":\"ImageObject\",\"inLanguage\":\"fr-FR\",\"@id\":\"https:\/\/www.public.sn\/#\/schema\/person\/image\/\",\"url\":\"https:\/\/secure.gravatar.com\/avatar\/2dce5ddd34b8fef0180efe03aa2a9bee7d953856048f9a16b298190a3178407c?s=96&d=mm&r=g\",\"contentUrl\":\"https:\/\/secure.gravatar.com\/avatar\/2dce5ddd34b8fef0180efe03aa2a9bee7d953856048f9a16b298190a3178407c?s=96&d=mm&r=g\",\"caption\":\"LA REDACTION\"},\"url\":\"https:\/\/www.public.sn\/index.php\/author\/editeurpsn\/\"}]}<\/script>\n<!-- \/ Yoast SEO plugin. -->","yoast_head_json":{"title":"Ligue des Champions\u00a0: Abdoulaye Seck r\u00e9alise un exploit. - LE PUBLIC","robots":{"index":"index","follow":"follow","max-snippet":"max-snippet:-1","max-image-preview":"max-image-preview:large","max-video-preview":"max-video-preview:-1"},"canonical":"https:\/\/www.public.sn\/index.php\/2022\/10\/26\/ligue-des-champions-abdoulaye-seck-realise-un-exploit\/","og_locale":"fr_FR","og_type":"article","og_title":"Ligue des Champions\u00a0: Abdoulaye Seck r\u00e9alise un exploit. - LE PUBLIC","og_description":"Le match entre le PSG et le Macabi Haifa a \u00e9t\u00e9 tr\u00e8s d\u00e9cisif pour le d\u00e9fenseur s\u00e9n\u00e9galais du club isra\u00e9lite. Malgr\u00e9 la lourde d\u00e9faite devant le trio M\u00e9ssi-Mbapp\u00e9-Neymar, Abdoulaye Seck a r\u00e9ussi \u00e0 marqu\u00e9 2 buts aux parisiens. Le puissant d\u00e9fenseur Mbourois, a r\u00e9duit la marque pour les isra\u00e9liens \u00e0 la 38\u00e8me minute sur un coup-franc rapidement jou\u00e9 au second poteau o\u00f9 il a repris ce centre plongeant avant de r\u00e9cidiver \u00e0 la 50\u00e8me, et ainsi battre un vieux record. L\u2019ancien joueur de Diambars devient le premier d\u00e9fenseur \u00e0 inscrire un doubl\u00e9 au Parc des Princes, toutes comp\u00e9titions confondues, depuis 2015. Samba SY.","og_url":"https:\/\/www.public.sn\/index.php\/2022\/10\/26\/ligue-des-champions-abdoulaye-seck-realise-un-exploit\/","og_site_name":"LE PUBLIC","article_published_time":"2022-10-26T09:29:24+00:00","article_modified_time":"2022-10-26T09:29:26+00:00","og_image":[{"width":639,"height":463,"url":"https:\/\/www.public.sn\/wp-content\/uploads\/2022\/10\/seck.jpg","type":"image\/jpeg"}],"author":"LA REDACTION","twitter_card":"summary_large_image","twitter_misc":{"\u00c9crit par":"LA REDACTION","Dur\u00e9e de lecture estim\u00e9e":"1 minute"},"schema":{"@context":"https:\/\/schema.org","@graph":[{"@type":"Article","@id":"https:\/\/www.public.sn\/index.php\/2022\/10\/26\/ligue-des-champions-abdoulaye-seck-realise-un-exploit\/#article","isPartOf":{"@id":"https:\/\/www.public.sn\/index.php\/2022\/10\/26\/ligue-des-champions-abdoulaye-seck-realise-un-exploit\/"},"author":{"name":"LA REDACTION","@id":"https:\/\/www.public.sn\/#\/schema\/person\/cb76c8e1b8becc6be61fb5e92d6d0224"},"headline":"Ligue des Champions\u00a0: Abdoulaye Seck r\u00e9alise un exploit.","datePublished":"2022-10-26T09:29:24+00:00","dateModified":"2022-10-26T09:29:26+00:00","mainEntityOfPage":{"@id":"https:\/\/www.public.sn\/index.php\/2022\/10\/26\/ligue-des-champions-abdoulaye-seck-realise-un-exploit\/"},"wordCount":123,"commentCount":0,"publisher":{"@id":"https:\/\/www.public.sn\/#organization"},"image":{"@id":"https:\/\/www.public.sn\/index.php\/2022\/10\/26\/ligue-des-champions-abdoulaye-seck-realise-un-exploit\/#primaryimage"},"thumbnailUrl":"https:\/\/www.public.sn\/wp-content\/uploads\/2022\/10\/seck.jpg","keywords":["abdoulaye seck","league des champions","Sport"],"articleSection":["ACTUALIT\u00c9S","S\u00c9N\u00c9GAL","SPORTS"],"inLanguage":"fr-FR","potentialAction":[{"@type":"CommentAction","name":"Comment","target":["https:\/\/www.public.sn\/index.php\/2022\/10\/26\/ligue-des-champions-abdoulaye-seck-realise-un-exploit\/#respond"]}]},{"@type":"WebPage","@id":"https:\/\/www.public.sn\/index.php\/2022\/10\/26\/ligue-des-champions-abdoulaye-seck-realise-un-exploit\/","url":"https:\/\/www.public.sn\/index.php\/2022\/10\/26\/ligue-des-champions-abdoulaye-seck-realise-un-exploit\/","name":"Ligue des Champions\u00a0: Abdoulaye Seck r\u00e9alise un exploit. - LE PUBLIC","isPartOf":{"@id":"https:\/\/www.public.sn\/#website"},"primaryImageOfPage":{"@id":"https:\/\/www.public.sn\/index.php\/2022\/10\/26\/ligue-des-champions-abdoulaye-seck-realise-un-exploit\/#primaryimage"},"image":{"@id":"https:\/\/www.public.sn\/index.php\/2022\/10\/26\/ligue-des-champions-abdoulaye-seck-realise-un-exploit\/#primaryimage"},"thumbnailUrl":"https:\/\/www.public.sn\/wp-content\/uploads\/2022\/10\/seck.jpg","datePublished":"2022-10-26T09:29:24+00:00","dateModified":"2022-10-26T09:29:26+00:00","breadcrumb":{"@id":"https:\/\/www.public.sn\/index.php\/2022\/10\/26\/ligue-des-champions-abdoulaye-seck-realise-un-exploit\/#breadcrumb"},"inLanguage":"fr-FR","potentialAction":[{"@type":"ReadAction","target":["https:\/\/www.public.sn\/index.php\/2022\/10\/26\/ligue-des-champions-abdoulaye-seck-realise-un-exploit\/"]}]},{"@type":"ImageObject","inLanguage":"fr-FR","@id":"https:\/\/www.public.sn\/index.php\/2022\/10\/26\/ligue-des-champions-abdoulaye-seck-realise-un-exploit\/#primaryimage","url":"https:\/\/www.public.sn\/wp-content\/uploads\/2022\/10\/seck.jpg","contentUrl":"https:\/\/www.public.sn\/wp-content\/uploads\/2022\/10\/seck.jpg","width":639,"height":463,"caption":"publicsn"},{"@type":"BreadcrumbList","@id":"https:\/\/www.public.sn\/index.php\/2022\/10\/26\/ligue-des-champions-abdoulaye-seck-realise-un-exploit\/#breadcrumb","itemListElement":[{"@type":"ListItem","position":1,"name":"Accueil","item":"https:\/\/www.public.sn\/"},{"@type":"ListItem","position":2,"name":"Ligue des Champions\u00a0: Abdoulaye Seck r\u00e9alise un exploit."}]},{"@type":"WebSite","@id":"https:\/\/www.public.sn\/#website","url":"https:\/\/www.public.sn\/","name":"LE PUBLIC","description":"","publisher":{"@id":"https:\/\/www.public.sn\/#organization"},"potentialAction":[{"@type":"SearchAction","target":{"@type":"EntryPoint","urlTemplate":"https:\/\/www.public.sn\/?s={search_term_string}"},"query-input":{"@type":"PropertyValueSpecification","valueRequired":true,"valueName":"search_term_string"}}],"inLanguage":"fr-FR"},{"@type":"Organization","@id":"https:\/\/www.public.sn\/#organization","name":"LE PUBLIC","url":"https:\/\/www.public.sn\/","logo":{"@type":"ImageObject","inLanguage":"fr-FR","@id":"https:\/\/www.public.sn\/#\/schema\/logo\/image\/","url":"https:\/\/www.public.sn\/wp-content\/uploads\/2024\/05\/cropped-LOGO-PUBLIC.SN_.png","contentUrl":"https:\/\/www.public.sn\/wp-content\/uploads\/2024\/05\/cropped-LOGO-PUBLIC.SN_.png","width":682,"height":192,"caption":"LE PUBLIC"},"image":{"@id":"https:\/\/www.public.sn\/#\/schema\/logo\/image\/"}},{"@type":"Person","@id":"https:\/\/www.public.sn\/#\/schema\/person\/cb76c8e1b8becc6be61fb5e92d6d0224","name":"LA REDACTION","image":{"@type":"ImageObject","inLanguage":"fr-FR","@id":"https:\/\/www.public.sn\/#\/schema\/person\/image\/","url":"https:\/\/secure.gravatar.com\/avatar\/2dce5ddd34b8fef0180efe03aa2a9bee7d953856048f9a16b298190a3178407c?s=96&d=mm&r=g","contentUrl":"https:\/\/secure.gravatar.com\/avatar\/2dce5ddd34b8fef0180efe03aa2a9bee7d953856048f9a16b298190a3178407c?s=96&d=mm&r=g","caption":"LA REDACTION"},"url":"https:\/\/www.public.sn\/index.php\/author\/editeurpsn\/"}]}},"jetpack_featured_media_url":"https:\/\/www.public.sn\/wp-content\/uploads\/2022\/10\/seck.jpg","jetpack_sharing_enabled":true,"_links":{"self":[{"href":"https:\/\/www.public.sn\/index.php\/wp-json\/wp\/v2\/posts\/5925","targetHints":{"allow":["GET"]}}],"collection":[{"href":"https:\/\/www.public.sn\/index.php\/wp-json\/wp\/v2\/posts"}],"about":[{"href":"https:\/\/www.public.sn\/index.php\/wp-json\/wp\/v2\/types\/post"}],"author":[{"embeddable":true,"href":"https:\/\/www.public.sn\/index.php\/wp-json\/wp\/v2\/users\/7"}],"replies":[{"embeddable":true,"href":"https:\/\/www.public.sn\/index.php\/wp-json\/wp\/v2\/comments?post=5925"}],"version-history":[{"count":1,"href":"https:\/\/www.public.sn\/index.php\/wp-json\/wp\/v2\/posts\/5925\/revisions"}],"predecessor-version":[{"id":5927,"href":"https:\/\/www.public.sn\/index.php\/wp-json\/wp\/v2\/posts\/5925\/revisions\/5927"}],"wp:featuredmedia":[{"embeddable":true,"href":"https:\/\/www.public.sn\/index.php\/wp-json\/wp\/v2\/media\/5926"}],"wp:attachment":[{"href":"https:\/\/www.public.sn\/index.php\/wp-json\/wp\/v2\/media?parent=5925"}],"wp:term":[{"taxonomy":"category","embeddable":true,"href":"https:\/\/www.public.sn\/index.php\/wp-json\/wp\/v2\/categories?post=5925"},{"taxonomy":"post_tag","embeddable":true,"href":"https:\/\/www.public.sn\/index.php\/wp-json\/wp\/v2\/tags?post=5925"}],"curies":[{"name":"wp","href":"https:\/\/api.w.org\/{rel}","templated":true}]}}