{"id":5958,"date":"2022-10-26T13:42:06","date_gmt":"2022-10-26T13:42:06","guid":{"rendered":"https:\/\/www.public.sn\/?p=5958"},"modified":"2022-10-26T13:42:08","modified_gmt":"2022-10-26T13:42:08","slug":"dysfonctionnements-et-mauvaises-conditions-de-travail-ca-grogne-au-cmu","status":"publish","type":"post","link":"https:\/\/www.public.sn\/index.php\/2022\/10\/26\/dysfonctionnements-et-mauvaises-conditions-de-travail-ca-grogne-au-cmu\/","title":{"rendered":"Dysfonctionnements et mauvaises conditions de travail\u00a0: \u00e7a grogne au CMU."},"content":{"rendered":"\n<p>La direction de l\u2019agence de la couverture maladie universelle ignore l\u2019instruction du Pr\u00e9sident de la R\u00e9publique et le communiqu\u00e9 du minist\u00e8re des finances relative \u00e0 l\u2019augmentation des salaires des agents de l\u2019Etat, estiment les travailleurs.<\/p><div class=\"publi-paragraphe1\" style=\"margin-top: 10px;margin-bottom: 10px;margin-left: auto;margin-right: auto;text-align: center;\" id=\"publi-3348121991\"><div class=\"publi-adlabel\">Publicit\u00e9<\/div><script async src=\"\/\/pagead2.googlesyndication.com\/pagead\/js\/adsbygoogle.js?client=ca-pub-4089586018074219\" crossorigin=\"anonymous\"><\/script><ins class=\"adsbygoogle\" style=\"display:block;\" data-ad-client=\"ca-pub-4089586018074219\" \ndata-ad-slot=\"2087940154\" \ndata-ad-format=\"auto\"><\/ins>\n<script> \n(adsbygoogle = window.adsbygoogle || []).push({}); \n<\/script>\n<\/div>\n\n\n\n<p>Selon l\u2019As quotidien, la section Sames-Anacmun Sdt-3S et le coll\u00e8ge des d\u00e9l\u00e9gu\u00e9s du personnel de l\u2019Agence d\u00e9noncent les mauvaises conditions de travail auxquels ils sont confront\u00e9s et l\u2019inertie de la direction g\u00e9n\u00e9rale.&nbsp; \u00ab&nbsp; Malgr\u00e9 les nombreuses rencontres et les diff\u00e9rents courriers de relance, la direction g\u00e9n\u00e9rale s\u2019enlise dans une inertie et un dilatoire manifestes devant les pr\u00e9occupations qui assaillent les employ\u00e9s. Des injustices &nbsp;flagrantes et de toute nature sont subies&nbsp; par le personnel qui se battent pour l\u2019atteinte des objectifs&nbsp; vis\u00e9s par le chef de l\u2019Etat&nbsp;\u00bb se d\u00e9solent&nbsp; les travailleurs. Il r\u00e9sulte selon eux, l\u2019augmentation sans cesse de la charge financi\u00e8re de l\u2019agence et les dettes non pay\u00e9es aux structures de sant\u00e9 et aux mutuelles de sant\u00e9 qui en ont besoin pour leur fonctionnement.<\/p>\n\n\n\n<p>A ce titre, ils demandent au minist\u00e8re du d\u00e9veloppement communautaire de l\u2019\u00e9quit\u00e9 sociale et territoriale et au Pr\u00e9sident de la R\u00e9publique, d\u2019user de leur influence pour la correction de ces manquements.<\/p>\n\n\n\n<p>Maimouna Diallo.<\/p>\n<div class=\"publi-apres-le-contenu\" style=\"margin-top: 10px;margin-bottom: 10px;margin-left: auto;margin-right: auto;text-align: center;\" id=\"publi-956493895\"><div class=\"publi-adlabel\">Publicit\u00e9<\/div><script async src=\"\/\/pagead2.googlesyndication.com\/pagead\/js\/adsbygoogle.js?client=ca-pub-4089586018074219\" crossorigin=\"anonymous\"><\/script><ins class=\"adsbygoogle\" style=\"display:block;\" data-ad-client=\"ca-pub-4089586018074219\" \ndata-ad-slot=\"2087940154\" \ndata-ad-format=\"auto\"><\/ins>\n<script> \n(adsbygoogle = window.adsbygoogle || []).push({}); \n<\/script>\n<\/div>","protected":false},"excerpt":{"rendered":"<p>La direction de l\u2019agence de la couverture maladie universelle ignore l\u2019instruction du Pr\u00e9sident de la R\u00e9publique et le communiqu\u00e9 du minist\u00e8re des finances relative \u00e0 l\u2019augmentation des salaires des agents de l\u2019Etat, estiment les travailleurs. Selon l\u2019As quotidien, la section Sames-Anacmun Sdt-3S et le coll\u00e8ge des d\u00e9l\u00e9gu\u00e9s du personnel de l\u2019Agence d\u00e9noncent les mauvaises conditions de travail auxquels ils sont confront\u00e9s et l\u2019inertie de la direction g\u00e9n\u00e9rale.&nbsp; \u00ab&nbsp; Malgr\u00e9 les nombreuses rencontres et les diff\u00e9rents courriers de relance, la direction g\u00e9n\u00e9rale s\u2019enlise dans une inertie et un dilatoire manifestes devant les pr\u00e9occupations qui assaillent les employ\u00e9s. Des injustices &nbsp;flagrantes et de toute nature sont subies&nbsp; par le personnel qui se battent pour l\u2019atteinte des objectifs&nbsp; vis\u00e9s par le chef de l\u2019Etat&nbsp;\u00bb se d\u00e9solent&nbsp; les travailleurs. Il r\u00e9sulte selon eux, l\u2019augmentation sans cesse de la charge financi\u00e8re de l\u2019agence et les dettes non pay\u00e9es aux structures de sant\u00e9 et aux mutuelles de sant\u00e9 qui en ont besoin pour leur fonctionnement. A ce titre, ils demandent au minist\u00e8re du d\u00e9veloppement communautaire de l\u2019\u00e9quit\u00e9 sociale et territoriale et au Pr\u00e9sident de la R\u00e9publique, d\u2019user de leur influence pour la correction de ces manquements. Maimouna Diallo.<\/p>\n","protected":false},"author":7,"featured_media":5961,"comment_status":"open","ping_status":"open","sticky":false,"template":"","format":"standard","meta":{"_jetpack_memberships_contains_paid_content":false,"footnotes":""},"categories":[1574,1],"tags":[2057,195,766],"class_list":["post-5958","post","type-post","status-publish","format-standard","has-post-thumbnail","hentry","category-sante","category-non-classe","tag-cmu","tag-sante","tag-senegal","entry","has-media","owp-thumbs-layout-horizontal","owp-btn-normal","owp-tabs-layout-horizontal","has-no-thumbnails","has-product-nav"],"yoast_head":"<!-- This site is optimized with the Yoast SEO plugin v25.5 - https:\/\/yoast.com\/wordpress\/plugins\/seo\/ -->\n<title>Dysfonctionnements et mauvaises conditions de travail\u00a0: \u00e7a grogne au CMU. - LE PUBLIC<\/title>\n<meta name=\"robots\" content=\"index, follow, max-snippet:-1, max-image-preview:large, max-video-preview:-1\" \/>\n<link rel=\"canonical\" href=\"https:\/\/www.public.sn\/index.php\/2022\/10\/26\/dysfonctionnements-et-mauvaises-conditions-de-travail-ca-grogne-au-cmu\/\" \/>\n<meta property=\"og:locale\" content=\"fr_FR\" \/>\n<meta property=\"og:type\" content=\"article\" \/>\n<meta property=\"og:title\" content=\"Dysfonctionnements et mauvaises conditions de travail\u00a0: \u00e7a grogne au CMU. - LE PUBLIC\" \/>\n<meta property=\"og:description\" content=\"La direction de l\u2019agence de la couverture maladie universelle ignore l\u2019instruction du Pr\u00e9sident de la R\u00e9publique et le communiqu\u00e9 du minist\u00e8re des finances relative \u00e0 l\u2019augmentation des salaires des agents de l\u2019Etat, estiment les travailleurs. Selon l\u2019As quotidien, la section Sames-Anacmun Sdt-3S et le coll\u00e8ge des d\u00e9l\u00e9gu\u00e9s du personnel de l\u2019Agence d\u00e9noncent les mauvaises conditions de travail auxquels ils sont confront\u00e9s et l\u2019inertie de la direction g\u00e9n\u00e9rale.&nbsp; \u00ab&nbsp; Malgr\u00e9 les nombreuses rencontres et les diff\u00e9rents courriers de relance, la direction g\u00e9n\u00e9rale s\u2019enlise dans une inertie et un dilatoire manifestes devant les pr\u00e9occupations qui assaillent les employ\u00e9s. Des injustices &nbsp;flagrantes et de toute nature sont subies&nbsp; par le personnel qui se battent pour l\u2019atteinte des objectifs&nbsp; vis\u00e9s par le chef de l\u2019Etat&nbsp;\u00bb se d\u00e9solent&nbsp; les travailleurs. Il r\u00e9sulte selon eux, l\u2019augmentation sans cesse de la charge financi\u00e8re de l\u2019agence et les dettes non pay\u00e9es aux structures de sant\u00e9 et aux mutuelles de sant\u00e9 qui en ont besoin pour leur fonctionnement. A ce titre, ils demandent au minist\u00e8re du d\u00e9veloppement communautaire de l\u2019\u00e9quit\u00e9 sociale et territoriale et au Pr\u00e9sident de la R\u00e9publique, d\u2019user de leur influence pour la correction de ces manquements. Maimouna Diallo.\" \/>\n<meta property=\"og:url\" content=\"https:\/\/www.public.sn\/index.php\/2022\/10\/26\/dysfonctionnements-et-mauvaises-conditions-de-travail-ca-grogne-au-cmu\/\" \/>\n<meta property=\"og:site_name\" content=\"LE PUBLIC\" \/>\n<meta property=\"article:published_time\" content=\"2022-10-26T13:42:06+00:00\" \/>\n<meta property=\"article:modified_time\" content=\"2022-10-26T13:42:08+00:00\" \/>\n<meta property=\"og:image\" content=\"https:\/\/www.public.sn\/wp-content\/uploads\/2022\/10\/CMU-denoncent.jpg\" \/>\n\t<meta property=\"og:image:width\" content=\"612\" \/>\n\t<meta property=\"og:image:height\" content=\"298\" \/>\n\t<meta property=\"og:image:type\" content=\"image\/jpeg\" \/>\n<meta name=\"author\" content=\"LA REDACTION\" \/>\n<meta name=\"twitter:card\" content=\"summary_large_image\" \/>\n<meta name=\"twitter:label1\" content=\"\u00c9crit par\" \/>\n\t<meta name=\"twitter:data1\" content=\"LA REDACTION\" \/>\n\t<meta name=\"twitter:label2\" content=\"Dur\u00e9e de lecture estim\u00e9e\" \/>\n\t<meta name=\"twitter:data2\" content=\"1 minute\" \/>\n<script type=\"application\/ld+json\" class=\"yoast-schema-graph\">{\"@context\":\"https:\/\/schema.org\",\"@graph\":[{\"@type\":\"Article\",\"@id\":\"https:\/\/www.public.sn\/index.php\/2022\/10\/26\/dysfonctionnements-et-mauvaises-conditions-de-travail-ca-grogne-au-cmu\/#article\",\"isPartOf\":{\"@id\":\"https:\/\/www.public.sn\/index.php\/2022\/10\/26\/dysfonctionnements-et-mauvaises-conditions-de-travail-ca-grogne-au-cmu\/\"},\"author\":{\"name\":\"LA REDACTION\",\"@id\":\"https:\/\/www.public.sn\/#\/schema\/person\/cb76c8e1b8becc6be61fb5e92d6d0224\"},\"headline\":\"Dysfonctionnements et mauvaises conditions de travail\u00a0: \u00e7a grogne au CMU.\",\"datePublished\":\"2022-10-26T13:42:06+00:00\",\"dateModified\":\"2022-10-26T13:42:08+00:00\",\"mainEntityOfPage\":{\"@id\":\"https:\/\/www.public.sn\/index.php\/2022\/10\/26\/dysfonctionnements-et-mauvaises-conditions-de-travail-ca-grogne-au-cmu\/\"},\"wordCount\":247,\"commentCount\":0,\"publisher\":{\"@id\":\"https:\/\/www.public.sn\/#organization\"},\"image\":{\"@id\":\"https:\/\/www.public.sn\/index.php\/2022\/10\/26\/dysfonctionnements-et-mauvaises-conditions-de-travail-ca-grogne-au-cmu\/#primaryimage\"},\"thumbnailUrl\":\"https:\/\/www.public.sn\/wp-content\/uploads\/2022\/10\/CMU-denoncent.jpg\",\"keywords\":[\"CMU\",\"Sant\u00e9\",\"S\u00e9n\u00e9gal\"],\"articleSection\":[\"SANT\u00c9\",\"S\u00c9N\u00c9GAL\"],\"inLanguage\":\"fr-FR\",\"potentialAction\":[{\"@type\":\"CommentAction\",\"name\":\"Comment\",\"target\":[\"https:\/\/www.public.sn\/index.php\/2022\/10\/26\/dysfonctionnements-et-mauvaises-conditions-de-travail-ca-grogne-au-cmu\/#respond\"]}]},{\"@type\":\"WebPage\",\"@id\":\"https:\/\/www.public.sn\/index.php\/2022\/10\/26\/dysfonctionnements-et-mauvaises-conditions-de-travail-ca-grogne-au-cmu\/\",\"url\":\"https:\/\/www.public.sn\/index.php\/2022\/10\/26\/dysfonctionnements-et-mauvaises-conditions-de-travail-ca-grogne-au-cmu\/\",\"name\":\"Dysfonctionnements et mauvaises conditions de travail\u00a0: \u00e7a grogne au CMU. - LE PUBLIC\",\"isPartOf\":{\"@id\":\"https:\/\/www.public.sn\/#website\"},\"primaryImageOfPage\":{\"@id\":\"https:\/\/www.public.sn\/index.php\/2022\/10\/26\/dysfonctionnements-et-mauvaises-conditions-de-travail-ca-grogne-au-cmu\/#primaryimage\"},\"image\":{\"@id\":\"https:\/\/www.public.sn\/index.php\/2022\/10\/26\/dysfonctionnements-et-mauvaises-conditions-de-travail-ca-grogne-au-cmu\/#primaryimage\"},\"thumbnailUrl\":\"https:\/\/www.public.sn\/wp-content\/uploads\/2022\/10\/CMU-denoncent.jpg\",\"datePublished\":\"2022-10-26T13:42:06+00:00\",\"dateModified\":\"2022-10-26T13:42:08+00:00\",\"breadcrumb\":{\"@id\":\"https:\/\/www.public.sn\/index.php\/2022\/10\/26\/dysfonctionnements-et-mauvaises-conditions-de-travail-ca-grogne-au-cmu\/#breadcrumb\"},\"inLanguage\":\"fr-FR\",\"potentialAction\":[{\"@type\":\"ReadAction\",\"target\":[\"https:\/\/www.public.sn\/index.php\/2022\/10\/26\/dysfonctionnements-et-mauvaises-conditions-de-travail-ca-grogne-au-cmu\/\"]}]},{\"@type\":\"ImageObject\",\"inLanguage\":\"fr-FR\",\"@id\":\"https:\/\/www.public.sn\/index.php\/2022\/10\/26\/dysfonctionnements-et-mauvaises-conditions-de-travail-ca-grogne-au-cmu\/#primaryimage\",\"url\":\"https:\/\/www.public.sn\/wp-content\/uploads\/2022\/10\/CMU-denoncent.jpg\",\"contentUrl\":\"https:\/\/www.public.sn\/wp-content\/uploads\/2022\/10\/CMU-denoncent.jpg\",\"width\":612,\"height\":298,\"caption\":\"public sn\"},{\"@type\":\"BreadcrumbList\",\"@id\":\"https:\/\/www.public.sn\/index.php\/2022\/10\/26\/dysfonctionnements-et-mauvaises-conditions-de-travail-ca-grogne-au-cmu\/#breadcrumb\",\"itemListElement\":[{\"@type\":\"ListItem\",\"position\":1,\"name\":\"Accueil\",\"item\":\"https:\/\/www.public.sn\/\"},{\"@type\":\"ListItem\",\"position\":2,\"name\":\"Dysfonctionnements et mauvaises conditions de travail\u00a0: \u00e7a grogne au CMU.\"}]},{\"@type\":\"WebSite\",\"@id\":\"https:\/\/www.public.sn\/#website\",\"url\":\"https:\/\/www.public.sn\/\",\"name\":\"LE PUBLIC\",\"description\":\"\",\"publisher\":{\"@id\":\"https:\/\/www.public.sn\/#organization\"},\"potentialAction\":[{\"@type\":\"SearchAction\",\"target\":{\"@type\":\"EntryPoint\",\"urlTemplate\":\"https:\/\/www.public.sn\/?s={search_term_string}\"},\"query-input\":{\"@type\":\"PropertyValueSpecification\",\"valueRequired\":true,\"valueName\":\"search_term_string\"}}],\"inLanguage\":\"fr-FR\"},{\"@type\":\"Organization\",\"@id\":\"https:\/\/www.public.sn\/#organization\",\"name\":\"LE PUBLIC\",\"url\":\"https:\/\/www.public.sn\/\",\"logo\":{\"@type\":\"ImageObject\",\"inLanguage\":\"fr-FR\",\"@id\":\"https:\/\/www.public.sn\/#\/schema\/logo\/image\/\",\"url\":\"https:\/\/www.public.sn\/wp-content\/uploads\/2024\/05\/cropped-LOGO-PUBLIC.SN_.png\",\"contentUrl\":\"https:\/\/www.public.sn\/wp-content\/uploads\/2024\/05\/cropped-LOGO-PUBLIC.SN_.png\",\"width\":682,\"height\":192,\"caption\":\"LE PUBLIC\"},\"image\":{\"@id\":\"https:\/\/www.public.sn\/#\/schema\/logo\/image\/\"}},{\"@type\":\"Person\",\"@id\":\"https:\/\/www.public.sn\/#\/schema\/person\/cb76c8e1b8becc6be61fb5e92d6d0224\",\"name\":\"LA REDACTION\",\"image\":{\"@type\":\"ImageObject\",\"inLanguage\":\"fr-FR\",\"@id\":\"https:\/\/www.public.sn\/#\/schema\/person\/image\/\",\"url\":\"https:\/\/secure.gravatar.com\/avatar\/2dce5ddd34b8fef0180efe03aa2a9bee7d953856048f9a16b298190a3178407c?s=96&d=mm&r=g\",\"contentUrl\":\"https:\/\/secure.gravatar.com\/avatar\/2dce5ddd34b8fef0180efe03aa2a9bee7d953856048f9a16b298190a3178407c?s=96&d=mm&r=g\",\"caption\":\"LA REDACTION\"},\"url\":\"https:\/\/www.public.sn\/index.php\/author\/editeurpsn\/\"}]}<\/script>\n<!-- \/ Yoast SEO plugin. -->","yoast_head_json":{"title":"Dysfonctionnements et mauvaises conditions de travail\u00a0: \u00e7a grogne au CMU. - LE PUBLIC","robots":{"index":"index","follow":"follow","max-snippet":"max-snippet:-1","max-image-preview":"max-image-preview:large","max-video-preview":"max-video-preview:-1"},"canonical":"https:\/\/www.public.sn\/index.php\/2022\/10\/26\/dysfonctionnements-et-mauvaises-conditions-de-travail-ca-grogne-au-cmu\/","og_locale":"fr_FR","og_type":"article","og_title":"Dysfonctionnements et mauvaises conditions de travail\u00a0: \u00e7a grogne au CMU. - LE PUBLIC","og_description":"La direction de l\u2019agence de la couverture maladie universelle ignore l\u2019instruction du Pr\u00e9sident de la R\u00e9publique et le communiqu\u00e9 du minist\u00e8re des finances relative \u00e0 l\u2019augmentation des salaires des agents de l\u2019Etat, estiment les travailleurs. Selon l\u2019As quotidien, la section Sames-Anacmun Sdt-3S et le coll\u00e8ge des d\u00e9l\u00e9gu\u00e9s du personnel de l\u2019Agence d\u00e9noncent les mauvaises conditions de travail auxquels ils sont confront\u00e9s et l\u2019inertie de la direction g\u00e9n\u00e9rale.&nbsp; \u00ab&nbsp; Malgr\u00e9 les nombreuses rencontres et les diff\u00e9rents courriers de relance, la direction g\u00e9n\u00e9rale s\u2019enlise dans une inertie et un dilatoire manifestes devant les pr\u00e9occupations qui assaillent les employ\u00e9s. Des injustices &nbsp;flagrantes et de toute nature sont subies&nbsp; par le personnel qui se battent pour l\u2019atteinte des objectifs&nbsp; vis\u00e9s par le chef de l\u2019Etat&nbsp;\u00bb se d\u00e9solent&nbsp; les travailleurs. Il r\u00e9sulte selon eux, l\u2019augmentation sans cesse de la charge financi\u00e8re de l\u2019agence et les dettes non pay\u00e9es aux structures de sant\u00e9 et aux mutuelles de sant\u00e9 qui en ont besoin pour leur fonctionnement. A ce titre, ils demandent au minist\u00e8re du d\u00e9veloppement communautaire de l\u2019\u00e9quit\u00e9 sociale et territoriale et au Pr\u00e9sident de la R\u00e9publique, d\u2019user de leur influence pour la correction de ces manquements. Maimouna Diallo.","og_url":"https:\/\/www.public.sn\/index.php\/2022\/10\/26\/dysfonctionnements-et-mauvaises-conditions-de-travail-ca-grogne-au-cmu\/","og_site_name":"LE PUBLIC","article_published_time":"2022-10-26T13:42:06+00:00","article_modified_time":"2022-10-26T13:42:08+00:00","og_image":[{"width":612,"height":298,"url":"https:\/\/www.public.sn\/wp-content\/uploads\/2022\/10\/CMU-denoncent.jpg","type":"image\/jpeg"}],"author":"LA REDACTION","twitter_card":"summary_large_image","twitter_misc":{"\u00c9crit par":"LA REDACTION","Dur\u00e9e de lecture estim\u00e9e":"1 minute"},"schema":{"@context":"https:\/\/schema.org","@graph":[{"@type":"Article","@id":"https:\/\/www.public.sn\/index.php\/2022\/10\/26\/dysfonctionnements-et-mauvaises-conditions-de-travail-ca-grogne-au-cmu\/#article","isPartOf":{"@id":"https:\/\/www.public.sn\/index.php\/2022\/10\/26\/dysfonctionnements-et-mauvaises-conditions-de-travail-ca-grogne-au-cmu\/"},"author":{"name":"LA REDACTION","@id":"https:\/\/www.public.sn\/#\/schema\/person\/cb76c8e1b8becc6be61fb5e92d6d0224"},"headline":"Dysfonctionnements et mauvaises conditions de travail\u00a0: \u00e7a grogne au CMU.","datePublished":"2022-10-26T13:42:06+00:00","dateModified":"2022-10-26T13:42:08+00:00","mainEntityOfPage":{"@id":"https:\/\/www.public.sn\/index.php\/2022\/10\/26\/dysfonctionnements-et-mauvaises-conditions-de-travail-ca-grogne-au-cmu\/"},"wordCount":247,"commentCount":0,"publisher":{"@id":"https:\/\/www.public.sn\/#organization"},"image":{"@id":"https:\/\/www.public.sn\/index.php\/2022\/10\/26\/dysfonctionnements-et-mauvaises-conditions-de-travail-ca-grogne-au-cmu\/#primaryimage"},"thumbnailUrl":"https:\/\/www.public.sn\/wp-content\/uploads\/2022\/10\/CMU-denoncent.jpg","keywords":["CMU","Sant\u00e9","S\u00e9n\u00e9gal"],"articleSection":["SANT\u00c9","S\u00c9N\u00c9GAL"],"inLanguage":"fr-FR","potentialAction":[{"@type":"CommentAction","name":"Comment","target":["https:\/\/www.public.sn\/index.php\/2022\/10\/26\/dysfonctionnements-et-mauvaises-conditions-de-travail-ca-grogne-au-cmu\/#respond"]}]},{"@type":"WebPage","@id":"https:\/\/www.public.sn\/index.php\/2022\/10\/26\/dysfonctionnements-et-mauvaises-conditions-de-travail-ca-grogne-au-cmu\/","url":"https:\/\/www.public.sn\/index.php\/2022\/10\/26\/dysfonctionnements-et-mauvaises-conditions-de-travail-ca-grogne-au-cmu\/","name":"Dysfonctionnements et mauvaises conditions de travail\u00a0: \u00e7a grogne au CMU. - LE PUBLIC","isPartOf":{"@id":"https:\/\/www.public.sn\/#website"},"primaryImageOfPage":{"@id":"https:\/\/www.public.sn\/index.php\/2022\/10\/26\/dysfonctionnements-et-mauvaises-conditions-de-travail-ca-grogne-au-cmu\/#primaryimage"},"image":{"@id":"https:\/\/www.public.sn\/index.php\/2022\/10\/26\/dysfonctionnements-et-mauvaises-conditions-de-travail-ca-grogne-au-cmu\/#primaryimage"},"thumbnailUrl":"https:\/\/www.public.sn\/wp-content\/uploads\/2022\/10\/CMU-denoncent.jpg","datePublished":"2022-10-26T13:42:06+00:00","dateModified":"2022-10-26T13:42:08+00:00","breadcrumb":{"@id":"https:\/\/www.public.sn\/index.php\/2022\/10\/26\/dysfonctionnements-et-mauvaises-conditions-de-travail-ca-grogne-au-cmu\/#breadcrumb"},"inLanguage":"fr-FR","potentialAction":[{"@type":"ReadAction","target":["https:\/\/www.public.sn\/index.php\/2022\/10\/26\/dysfonctionnements-et-mauvaises-conditions-de-travail-ca-grogne-au-cmu\/"]}]},{"@type":"ImageObject","inLanguage":"fr-FR","@id":"https:\/\/www.public.sn\/index.php\/2022\/10\/26\/dysfonctionnements-et-mauvaises-conditions-de-travail-ca-grogne-au-cmu\/#primaryimage","url":"https:\/\/www.public.sn\/wp-content\/uploads\/2022\/10\/CMU-denoncent.jpg","contentUrl":"https:\/\/www.public.sn\/wp-content\/uploads\/2022\/10\/CMU-denoncent.jpg","width":612,"height":298,"caption":"public sn"},{"@type":"BreadcrumbList","@id":"https:\/\/www.public.sn\/index.php\/2022\/10\/26\/dysfonctionnements-et-mauvaises-conditions-de-travail-ca-grogne-au-cmu\/#breadcrumb","itemListElement":[{"@type":"ListItem","position":1,"name":"Accueil","item":"https:\/\/www.public.sn\/"},{"@type":"ListItem","position":2,"name":"Dysfonctionnements et mauvaises conditions de travail\u00a0: \u00e7a grogne au CMU."}]},{"@type":"WebSite","@id":"https:\/\/www.public.sn\/#website","url":"https:\/\/www.public.sn\/","name":"LE PUBLIC","description":"","publisher":{"@id":"https:\/\/www.public.sn\/#organization"},"potentialAction":[{"@type":"SearchAction","target":{"@type":"EntryPoint","urlTemplate":"https:\/\/www.public.sn\/?s={search_term_string}"},"query-input":{"@type":"PropertyValueSpecification","valueRequired":true,"valueName":"search_term_string"}}],"inLanguage":"fr-FR"},{"@type":"Organization","@id":"https:\/\/www.public.sn\/#organization","name":"LE PUBLIC","url":"https:\/\/www.public.sn\/","logo":{"@type":"ImageObject","inLanguage":"fr-FR","@id":"https:\/\/www.public.sn\/#\/schema\/logo\/image\/","url":"https:\/\/www.public.sn\/wp-content\/uploads\/2024\/05\/cropped-LOGO-PUBLIC.SN_.png","contentUrl":"https:\/\/www.public.sn\/wp-content\/uploads\/2024\/05\/cropped-LOGO-PUBLIC.SN_.png","width":682,"height":192,"caption":"LE PUBLIC"},"image":{"@id":"https:\/\/www.public.sn\/#\/schema\/logo\/image\/"}},{"@type":"Person","@id":"https:\/\/www.public.sn\/#\/schema\/person\/cb76c8e1b8becc6be61fb5e92d6d0224","name":"LA REDACTION","image":{"@type":"ImageObject","inLanguage":"fr-FR","@id":"https:\/\/www.public.sn\/#\/schema\/person\/image\/","url":"https:\/\/secure.gravatar.com\/avatar\/2dce5ddd34b8fef0180efe03aa2a9bee7d953856048f9a16b298190a3178407c?s=96&d=mm&r=g","contentUrl":"https:\/\/secure.gravatar.com\/avatar\/2dce5ddd34b8fef0180efe03aa2a9bee7d953856048f9a16b298190a3178407c?s=96&d=mm&r=g","caption":"LA REDACTION"},"url":"https:\/\/www.public.sn\/index.php\/author\/editeurpsn\/"}]}},"jetpack_featured_media_url":"https:\/\/www.public.sn\/wp-content\/uploads\/2022\/10\/CMU-denoncent.jpg","jetpack_sharing_enabled":true,"_links":{"self":[{"href":"https:\/\/www.public.sn\/index.php\/wp-json\/wp\/v2\/posts\/5958","targetHints":{"allow":["GET"]}}],"collection":[{"href":"https:\/\/www.public.sn\/index.php\/wp-json\/wp\/v2\/posts"}],"about":[{"href":"https:\/\/www.public.sn\/index.php\/wp-json\/wp\/v2\/types\/post"}],"author":[{"embeddable":true,"href":"https:\/\/www.public.sn\/index.php\/wp-json\/wp\/v2\/users\/7"}],"replies":[{"embeddable":true,"href":"https:\/\/www.public.sn\/index.php\/wp-json\/wp\/v2\/comments?post=5958"}],"version-history":[{"count":2,"href":"https:\/\/www.public.sn\/index.php\/wp-json\/wp\/v2\/posts\/5958\/revisions"}],"predecessor-version":[{"id":5963,"href":"https:\/\/www.public.sn\/index.php\/wp-json\/wp\/v2\/posts\/5958\/revisions\/5963"}],"wp:featuredmedia":[{"embeddable":true,"href":"https:\/\/www.public.sn\/index.php\/wp-json\/wp\/v2\/media\/5961"}],"wp:attachment":[{"href":"https:\/\/www.public.sn\/index.php\/wp-json\/wp\/v2\/media?parent=5958"}],"wp:term":[{"taxonomy":"category","embeddable":true,"href":"https:\/\/www.public.sn\/index.php\/wp-json\/wp\/v2\/categories?post=5958"},{"taxonomy":"post_tag","embeddable":true,"href":"https:\/\/www.public.sn\/index.php\/wp-json\/wp\/v2\/tags?post=5958"}],"curies":[{"name":"wp","href":"https:\/\/api.w.org\/{rel}","templated":true}]}}