{"id":6015,"date":"2022-10-27T08:24:01","date_gmt":"2022-10-27T08:24:01","guid":{"rendered":"https:\/\/www.public.sn\/?p=6015"},"modified":"2022-10-27T08:24:04","modified_gmt":"2022-10-27T08:24:04","slug":"zone-des-niayes-les-horticulteurs-dans-des-difficultes-veulent-des-assises","status":"publish","type":"post","link":"https:\/\/www.public.sn\/index.php\/2022\/10\/27\/zone-des-niayes-les-horticulteurs-dans-des-difficultes-veulent-des-assises\/","title":{"rendered":"Zone des Niayes : Les horticulteurs dans des difficult\u00e9s veulent des Assises."},"content":{"rendered":"\n<p><\/p>\n\n\n\n<p>L\u2019association des horticulteurs de la Zone des Niayes est dans le d\u00e9sarroi. Ils disent rencontr\u00e9s beaucoup de difficult\u00e9s relatives \u00e0 l\u2019expropriation fonci\u00e8re dont ils sont victimes. Ils avancent \u00e9galement qu\u2019ils n\u2019ont ni financement encore moins d\u2019assistance des autorit\u00e9s. <\/p><div class=\"publi-paragraphe1\" style=\"margin-top: 10px;margin-bottom: 10px;margin-left: auto;margin-right: auto;text-align: center;\" id=\"publi-204653998\"><div class=\"publi-adlabel\">Publicit\u00e9<\/div><script async src=\"\/\/pagead2.googlesyndication.com\/pagead\/js\/adsbygoogle.js?client=ca-pub-4089586018074219\" crossorigin=\"anonymous\"><\/script><ins class=\"adsbygoogle\" style=\"display:block;\" data-ad-client=\"ca-pub-4089586018074219\" \ndata-ad-slot=\"2087940154\" \ndata-ad-format=\"auto\"><\/ins>\n<script> \n(adsbygoogle = window.adsbygoogle || []).push({}); \n<\/script>\n<\/div>\n\n\n\n<p><\/p>\n\n\n\n<p>Ces horticulteurs appellent \u00e0 la tenue des assises nationales de l\u2019horticulture afin d\u2019apporter des solutions aux maux qui gangr\u00e8nent la soci\u00e9t\u00e9. L\u2019association dit avoir beaucoup de dettes au niveau des banques et risque de ne pas participer \u00e0 la campagne de cette ann\u00e9e. <\/p>\n\n\n\n<p><\/p>\n\n\n\n<p>C\u2019est ainsi qu\u2019elle interpelle les autorit\u00e9s pour des mesures urgentes pour le d\u00e9veloppement de l\u2019horticulture.<\/p>\n\n\n\n<p>Samba SY.<\/p>\n<div class=\"publi-apres-le-contenu\" style=\"margin-top: 10px;margin-bottom: 10px;margin-left: auto;margin-right: auto;text-align: center;\" id=\"publi-3150825200\"><div class=\"publi-adlabel\">Publicit\u00e9<\/div><script async src=\"\/\/pagead2.googlesyndication.com\/pagead\/js\/adsbygoogle.js?client=ca-pub-4089586018074219\" crossorigin=\"anonymous\"><\/script><ins class=\"adsbygoogle\" style=\"display:block;\" data-ad-client=\"ca-pub-4089586018074219\" \ndata-ad-slot=\"2087940154\" \ndata-ad-format=\"auto\"><\/ins>\n<script> \n(adsbygoogle = window.adsbygoogle || []).push({}); \n<\/script>\n<\/div>","protected":false},"excerpt":{"rendered":"<p>L\u2019association des horticulteurs de la Zone des Niayes est dans le d\u00e9sarroi. Ils disent rencontr\u00e9s beaucoup de difficult\u00e9s relatives \u00e0 l\u2019expropriation fonci\u00e8re dont ils sont victimes. Ils avancent \u00e9galement qu\u2019ils n\u2019ont ni financement encore moins d\u2019assistance des autorit\u00e9s. Ces horticulteurs appellent \u00e0 la tenue des assises nationales de l\u2019horticulture afin d\u2019apporter des solutions aux maux qui gangr\u00e8nent la soci\u00e9t\u00e9. L\u2019association dit avoir beaucoup de dettes au niveau des banques et risque de ne pas participer \u00e0 la campagne de cette ann\u00e9e. C\u2019est ainsi qu\u2019elle interpelle les autorit\u00e9s pour des mesures urgentes pour le d\u00e9veloppement de l\u2019horticulture. Samba SY.<\/p>\n","protected":false},"author":7,"featured_media":6020,"comment_status":"open","ping_status":"open","sticky":false,"template":"","format":"standard","meta":{"_jetpack_memberships_contains_paid_content":false,"footnotes":""},"categories":[375,1,4],"tags":[1235,2075,2076],"class_list":["post-6015","post","type-post","status-publish","format-standard","has-post-thumbnail","hentry","category-actualites","category-non-classe","category-societe","tag-assises","tag-horticulteur","tag-zone-des-niayes","entry","has-media","owp-thumbs-layout-horizontal","owp-btn-normal","owp-tabs-layout-horizontal","has-no-thumbnails","has-product-nav"],"yoast_head":"<!-- This site is optimized with the Yoast SEO plugin v25.5 - https:\/\/yoast.com\/wordpress\/plugins\/seo\/ -->\n<title>Zone des Niayes : Les horticulteurs dans des difficult\u00e9s veulent des Assises. - LE PUBLIC<\/title>\n<meta name=\"robots\" content=\"index, follow, max-snippet:-1, max-image-preview:large, max-video-preview:-1\" \/>\n<link rel=\"canonical\" href=\"https:\/\/www.public.sn\/index.php\/2022\/10\/27\/zone-des-niayes-les-horticulteurs-dans-des-difficultes-veulent-des-assises\/\" \/>\n<meta property=\"og:locale\" content=\"fr_FR\" \/>\n<meta property=\"og:type\" content=\"article\" \/>\n<meta property=\"og:title\" content=\"Zone des Niayes : Les horticulteurs dans des difficult\u00e9s veulent des Assises. - LE PUBLIC\" \/>\n<meta property=\"og:description\" content=\"L\u2019association des horticulteurs de la Zone des Niayes est dans le d\u00e9sarroi. Ils disent rencontr\u00e9s beaucoup de difficult\u00e9s relatives \u00e0 l\u2019expropriation fonci\u00e8re dont ils sont victimes. Ils avancent \u00e9galement qu\u2019ils n\u2019ont ni financement encore moins d\u2019assistance des autorit\u00e9s. Ces horticulteurs appellent \u00e0 la tenue des assises nationales de l\u2019horticulture afin d\u2019apporter des solutions aux maux qui gangr\u00e8nent la soci\u00e9t\u00e9. L\u2019association dit avoir beaucoup de dettes au niveau des banques et risque de ne pas participer \u00e0 la campagne de cette ann\u00e9e. C\u2019est ainsi qu\u2019elle interpelle les autorit\u00e9s pour des mesures urgentes pour le d\u00e9veloppement de l\u2019horticulture. Samba SY.\" \/>\n<meta property=\"og:url\" content=\"https:\/\/www.public.sn\/index.php\/2022\/10\/27\/zone-des-niayes-les-horticulteurs-dans-des-difficultes-veulent-des-assises\/\" \/>\n<meta property=\"og:site_name\" content=\"LE PUBLIC\" \/>\n<meta property=\"article:published_time\" content=\"2022-10-27T08:24:01+00:00\" \/>\n<meta property=\"article:modified_time\" content=\"2022-10-27T08:24:04+00:00\" \/>\n<meta property=\"og:image\" content=\"https:\/\/www.public.sn\/wp-content\/uploads\/2022\/10\/NIAYE.jpg\" \/>\n\t<meta property=\"og:image:width\" content=\"601\" \/>\n\t<meta property=\"og:image:height\" content=\"375\" \/>\n\t<meta property=\"og:image:type\" content=\"image\/jpeg\" \/>\n<meta name=\"author\" content=\"LA REDACTION\" \/>\n<meta name=\"twitter:card\" content=\"summary_large_image\" \/>\n<meta name=\"twitter:label1\" content=\"\u00c9crit par\" \/>\n\t<meta name=\"twitter:data1\" content=\"LA REDACTION\" \/>\n\t<meta name=\"twitter:label2\" content=\"Dur\u00e9e de lecture estim\u00e9e\" \/>\n\t<meta name=\"twitter:data2\" content=\"1 minute\" \/>\n<script type=\"application\/ld+json\" class=\"yoast-schema-graph\">{\"@context\":\"https:\/\/schema.org\",\"@graph\":[{\"@type\":\"Article\",\"@id\":\"https:\/\/www.public.sn\/index.php\/2022\/10\/27\/zone-des-niayes-les-horticulteurs-dans-des-difficultes-veulent-des-assises\/#article\",\"isPartOf\":{\"@id\":\"https:\/\/www.public.sn\/index.php\/2022\/10\/27\/zone-des-niayes-les-horticulteurs-dans-des-difficultes-veulent-des-assises\/\"},\"author\":{\"name\":\"LA REDACTION\",\"@id\":\"https:\/\/www.public.sn\/#\/schema\/person\/cb76c8e1b8becc6be61fb5e92d6d0224\"},\"headline\":\"Zone des Niayes : Les horticulteurs dans des difficult\u00e9s veulent des Assises.\",\"datePublished\":\"2022-10-27T08:24:01+00:00\",\"dateModified\":\"2022-10-27T08:24:04+00:00\",\"mainEntityOfPage\":{\"@id\":\"https:\/\/www.public.sn\/index.php\/2022\/10\/27\/zone-des-niayes-les-horticulteurs-dans-des-difficultes-veulent-des-assises\/\"},\"wordCount\":128,\"commentCount\":0,\"publisher\":{\"@id\":\"https:\/\/www.public.sn\/#organization\"},\"image\":{\"@id\":\"https:\/\/www.public.sn\/index.php\/2022\/10\/27\/zone-des-niayes-les-horticulteurs-dans-des-difficultes-veulent-des-assises\/#primaryimage\"},\"thumbnailUrl\":\"https:\/\/www.public.sn\/wp-content\/uploads\/2022\/10\/NIAYE.jpg\",\"keywords\":[\"Assises\",\"horticulteur\",\"zone des niayes\"],\"articleSection\":[\"ACTUALIT\u00c9S\",\"S\u00c9N\u00c9GAL\",\"SOCIETE\"],\"inLanguage\":\"fr-FR\",\"potentialAction\":[{\"@type\":\"CommentAction\",\"name\":\"Comment\",\"target\":[\"https:\/\/www.public.sn\/index.php\/2022\/10\/27\/zone-des-niayes-les-horticulteurs-dans-des-difficultes-veulent-des-assises\/#respond\"]}]},{\"@type\":\"WebPage\",\"@id\":\"https:\/\/www.public.sn\/index.php\/2022\/10\/27\/zone-des-niayes-les-horticulteurs-dans-des-difficultes-veulent-des-assises\/\",\"url\":\"https:\/\/www.public.sn\/index.php\/2022\/10\/27\/zone-des-niayes-les-horticulteurs-dans-des-difficultes-veulent-des-assises\/\",\"name\":\"Zone des Niayes : Les horticulteurs dans des difficult\u00e9s veulent des Assises. - LE PUBLIC\",\"isPartOf\":{\"@id\":\"https:\/\/www.public.sn\/#website\"},\"primaryImageOfPage\":{\"@id\":\"https:\/\/www.public.sn\/index.php\/2022\/10\/27\/zone-des-niayes-les-horticulteurs-dans-des-difficultes-veulent-des-assises\/#primaryimage\"},\"image\":{\"@id\":\"https:\/\/www.public.sn\/index.php\/2022\/10\/27\/zone-des-niayes-les-horticulteurs-dans-des-difficultes-veulent-des-assises\/#primaryimage\"},\"thumbnailUrl\":\"https:\/\/www.public.sn\/wp-content\/uploads\/2022\/10\/NIAYE.jpg\",\"datePublished\":\"2022-10-27T08:24:01+00:00\",\"dateModified\":\"2022-10-27T08:24:04+00:00\",\"breadcrumb\":{\"@id\":\"https:\/\/www.public.sn\/index.php\/2022\/10\/27\/zone-des-niayes-les-horticulteurs-dans-des-difficultes-veulent-des-assises\/#breadcrumb\"},\"inLanguage\":\"fr-FR\",\"potentialAction\":[{\"@type\":\"ReadAction\",\"target\":[\"https:\/\/www.public.sn\/index.php\/2022\/10\/27\/zone-des-niayes-les-horticulteurs-dans-des-difficultes-veulent-des-assises\/\"]}]},{\"@type\":\"ImageObject\",\"inLanguage\":\"fr-FR\",\"@id\":\"https:\/\/www.public.sn\/index.php\/2022\/10\/27\/zone-des-niayes-les-horticulteurs-dans-des-difficultes-veulent-des-assises\/#primaryimage\",\"url\":\"https:\/\/www.public.sn\/wp-content\/uploads\/2022\/10\/NIAYE.jpg\",\"contentUrl\":\"https:\/\/www.public.sn\/wp-content\/uploads\/2022\/10\/NIAYE.jpg\",\"width\":601,\"height\":375,\"caption\":\"publicsn\"},{\"@type\":\"BreadcrumbList\",\"@id\":\"https:\/\/www.public.sn\/index.php\/2022\/10\/27\/zone-des-niayes-les-horticulteurs-dans-des-difficultes-veulent-des-assises\/#breadcrumb\",\"itemListElement\":[{\"@type\":\"ListItem\",\"position\":1,\"name\":\"Accueil\",\"item\":\"https:\/\/www.public.sn\/\"},{\"@type\":\"ListItem\",\"position\":2,\"name\":\"Zone des Niayes : Les horticulteurs dans des difficult\u00e9s veulent des Assises.\"}]},{\"@type\":\"WebSite\",\"@id\":\"https:\/\/www.public.sn\/#website\",\"url\":\"https:\/\/www.public.sn\/\",\"name\":\"LE PUBLIC\",\"description\":\"\",\"publisher\":{\"@id\":\"https:\/\/www.public.sn\/#organization\"},\"potentialAction\":[{\"@type\":\"SearchAction\",\"target\":{\"@type\":\"EntryPoint\",\"urlTemplate\":\"https:\/\/www.public.sn\/?s={search_term_string}\"},\"query-input\":{\"@type\":\"PropertyValueSpecification\",\"valueRequired\":true,\"valueName\":\"search_term_string\"}}],\"inLanguage\":\"fr-FR\"},{\"@type\":\"Organization\",\"@id\":\"https:\/\/www.public.sn\/#organization\",\"name\":\"LE PUBLIC\",\"url\":\"https:\/\/www.public.sn\/\",\"logo\":{\"@type\":\"ImageObject\",\"inLanguage\":\"fr-FR\",\"@id\":\"https:\/\/www.public.sn\/#\/schema\/logo\/image\/\",\"url\":\"https:\/\/www.public.sn\/wp-content\/uploads\/2024\/05\/cropped-LOGO-PUBLIC.SN_.png\",\"contentUrl\":\"https:\/\/www.public.sn\/wp-content\/uploads\/2024\/05\/cropped-LOGO-PUBLIC.SN_.png\",\"width\":682,\"height\":192,\"caption\":\"LE PUBLIC\"},\"image\":{\"@id\":\"https:\/\/www.public.sn\/#\/schema\/logo\/image\/\"}},{\"@type\":\"Person\",\"@id\":\"https:\/\/www.public.sn\/#\/schema\/person\/cb76c8e1b8becc6be61fb5e92d6d0224\",\"name\":\"LA REDACTION\",\"image\":{\"@type\":\"ImageObject\",\"inLanguage\":\"fr-FR\",\"@id\":\"https:\/\/www.public.sn\/#\/schema\/person\/image\/\",\"url\":\"https:\/\/secure.gravatar.com\/avatar\/2dce5ddd34b8fef0180efe03aa2a9bee7d953856048f9a16b298190a3178407c?s=96&d=mm&r=g\",\"contentUrl\":\"https:\/\/secure.gravatar.com\/avatar\/2dce5ddd34b8fef0180efe03aa2a9bee7d953856048f9a16b298190a3178407c?s=96&d=mm&r=g\",\"caption\":\"LA REDACTION\"},\"url\":\"https:\/\/www.public.sn\/index.php\/author\/editeurpsn\/\"}]}<\/script>\n<!-- \/ Yoast SEO plugin. -->","yoast_head_json":{"title":"Zone des Niayes : Les horticulteurs dans des difficult\u00e9s veulent des Assises. - LE PUBLIC","robots":{"index":"index","follow":"follow","max-snippet":"max-snippet:-1","max-image-preview":"max-image-preview:large","max-video-preview":"max-video-preview:-1"},"canonical":"https:\/\/www.public.sn\/index.php\/2022\/10\/27\/zone-des-niayes-les-horticulteurs-dans-des-difficultes-veulent-des-assises\/","og_locale":"fr_FR","og_type":"article","og_title":"Zone des Niayes : Les horticulteurs dans des difficult\u00e9s veulent des Assises. - LE PUBLIC","og_description":"L\u2019association des horticulteurs de la Zone des Niayes est dans le d\u00e9sarroi. Ils disent rencontr\u00e9s beaucoup de difficult\u00e9s relatives \u00e0 l\u2019expropriation fonci\u00e8re dont ils sont victimes. Ils avancent \u00e9galement qu\u2019ils n\u2019ont ni financement encore moins d\u2019assistance des autorit\u00e9s. Ces horticulteurs appellent \u00e0 la tenue des assises nationales de l\u2019horticulture afin d\u2019apporter des solutions aux maux qui gangr\u00e8nent la soci\u00e9t\u00e9. L\u2019association dit avoir beaucoup de dettes au niveau des banques et risque de ne pas participer \u00e0 la campagne de cette ann\u00e9e. C\u2019est ainsi qu\u2019elle interpelle les autorit\u00e9s pour des mesures urgentes pour le d\u00e9veloppement de l\u2019horticulture. Samba SY.","og_url":"https:\/\/www.public.sn\/index.php\/2022\/10\/27\/zone-des-niayes-les-horticulteurs-dans-des-difficultes-veulent-des-assises\/","og_site_name":"LE PUBLIC","article_published_time":"2022-10-27T08:24:01+00:00","article_modified_time":"2022-10-27T08:24:04+00:00","og_image":[{"width":601,"height":375,"url":"https:\/\/www.public.sn\/wp-content\/uploads\/2022\/10\/NIAYE.jpg","type":"image\/jpeg"}],"author":"LA REDACTION","twitter_card":"summary_large_image","twitter_misc":{"\u00c9crit par":"LA REDACTION","Dur\u00e9e de lecture estim\u00e9e":"1 minute"},"schema":{"@context":"https:\/\/schema.org","@graph":[{"@type":"Article","@id":"https:\/\/www.public.sn\/index.php\/2022\/10\/27\/zone-des-niayes-les-horticulteurs-dans-des-difficultes-veulent-des-assises\/#article","isPartOf":{"@id":"https:\/\/www.public.sn\/index.php\/2022\/10\/27\/zone-des-niayes-les-horticulteurs-dans-des-difficultes-veulent-des-assises\/"},"author":{"name":"LA REDACTION","@id":"https:\/\/www.public.sn\/#\/schema\/person\/cb76c8e1b8becc6be61fb5e92d6d0224"},"headline":"Zone des Niayes : Les horticulteurs dans des difficult\u00e9s veulent des Assises.","datePublished":"2022-10-27T08:24:01+00:00","dateModified":"2022-10-27T08:24:04+00:00","mainEntityOfPage":{"@id":"https:\/\/www.public.sn\/index.php\/2022\/10\/27\/zone-des-niayes-les-horticulteurs-dans-des-difficultes-veulent-des-assises\/"},"wordCount":128,"commentCount":0,"publisher":{"@id":"https:\/\/www.public.sn\/#organization"},"image":{"@id":"https:\/\/www.public.sn\/index.php\/2022\/10\/27\/zone-des-niayes-les-horticulteurs-dans-des-difficultes-veulent-des-assises\/#primaryimage"},"thumbnailUrl":"https:\/\/www.public.sn\/wp-content\/uploads\/2022\/10\/NIAYE.jpg","keywords":["Assises","horticulteur","zone des niayes"],"articleSection":["ACTUALIT\u00c9S","S\u00c9N\u00c9GAL","SOCIETE"],"inLanguage":"fr-FR","potentialAction":[{"@type":"CommentAction","name":"Comment","target":["https:\/\/www.public.sn\/index.php\/2022\/10\/27\/zone-des-niayes-les-horticulteurs-dans-des-difficultes-veulent-des-assises\/#respond"]}]},{"@type":"WebPage","@id":"https:\/\/www.public.sn\/index.php\/2022\/10\/27\/zone-des-niayes-les-horticulteurs-dans-des-difficultes-veulent-des-assises\/","url":"https:\/\/www.public.sn\/index.php\/2022\/10\/27\/zone-des-niayes-les-horticulteurs-dans-des-difficultes-veulent-des-assises\/","name":"Zone des Niayes : Les horticulteurs dans des difficult\u00e9s veulent des Assises. - LE PUBLIC","isPartOf":{"@id":"https:\/\/www.public.sn\/#website"},"primaryImageOfPage":{"@id":"https:\/\/www.public.sn\/index.php\/2022\/10\/27\/zone-des-niayes-les-horticulteurs-dans-des-difficultes-veulent-des-assises\/#primaryimage"},"image":{"@id":"https:\/\/www.public.sn\/index.php\/2022\/10\/27\/zone-des-niayes-les-horticulteurs-dans-des-difficultes-veulent-des-assises\/#primaryimage"},"thumbnailUrl":"https:\/\/www.public.sn\/wp-content\/uploads\/2022\/10\/NIAYE.jpg","datePublished":"2022-10-27T08:24:01+00:00","dateModified":"2022-10-27T08:24:04+00:00","breadcrumb":{"@id":"https:\/\/www.public.sn\/index.php\/2022\/10\/27\/zone-des-niayes-les-horticulteurs-dans-des-difficultes-veulent-des-assises\/#breadcrumb"},"inLanguage":"fr-FR","potentialAction":[{"@type":"ReadAction","target":["https:\/\/www.public.sn\/index.php\/2022\/10\/27\/zone-des-niayes-les-horticulteurs-dans-des-difficultes-veulent-des-assises\/"]}]},{"@type":"ImageObject","inLanguage":"fr-FR","@id":"https:\/\/www.public.sn\/index.php\/2022\/10\/27\/zone-des-niayes-les-horticulteurs-dans-des-difficultes-veulent-des-assises\/#primaryimage","url":"https:\/\/www.public.sn\/wp-content\/uploads\/2022\/10\/NIAYE.jpg","contentUrl":"https:\/\/www.public.sn\/wp-content\/uploads\/2022\/10\/NIAYE.jpg","width":601,"height":375,"caption":"publicsn"},{"@type":"BreadcrumbList","@id":"https:\/\/www.public.sn\/index.php\/2022\/10\/27\/zone-des-niayes-les-horticulteurs-dans-des-difficultes-veulent-des-assises\/#breadcrumb","itemListElement":[{"@type":"ListItem","position":1,"name":"Accueil","item":"https:\/\/www.public.sn\/"},{"@type":"ListItem","position":2,"name":"Zone des Niayes : Les horticulteurs dans des difficult\u00e9s veulent des Assises."}]},{"@type":"WebSite","@id":"https:\/\/www.public.sn\/#website","url":"https:\/\/www.public.sn\/","name":"LE PUBLIC","description":"","publisher":{"@id":"https:\/\/www.public.sn\/#organization"},"potentialAction":[{"@type":"SearchAction","target":{"@type":"EntryPoint","urlTemplate":"https:\/\/www.public.sn\/?s={search_term_string}"},"query-input":{"@type":"PropertyValueSpecification","valueRequired":true,"valueName":"search_term_string"}}],"inLanguage":"fr-FR"},{"@type":"Organization","@id":"https:\/\/www.public.sn\/#organization","name":"LE PUBLIC","url":"https:\/\/www.public.sn\/","logo":{"@type":"ImageObject","inLanguage":"fr-FR","@id":"https:\/\/www.public.sn\/#\/schema\/logo\/image\/","url":"https:\/\/www.public.sn\/wp-content\/uploads\/2024\/05\/cropped-LOGO-PUBLIC.SN_.png","contentUrl":"https:\/\/www.public.sn\/wp-content\/uploads\/2024\/05\/cropped-LOGO-PUBLIC.SN_.png","width":682,"height":192,"caption":"LE PUBLIC"},"image":{"@id":"https:\/\/www.public.sn\/#\/schema\/logo\/image\/"}},{"@type":"Person","@id":"https:\/\/www.public.sn\/#\/schema\/person\/cb76c8e1b8becc6be61fb5e92d6d0224","name":"LA REDACTION","image":{"@type":"ImageObject","inLanguage":"fr-FR","@id":"https:\/\/www.public.sn\/#\/schema\/person\/image\/","url":"https:\/\/secure.gravatar.com\/avatar\/2dce5ddd34b8fef0180efe03aa2a9bee7d953856048f9a16b298190a3178407c?s=96&d=mm&r=g","contentUrl":"https:\/\/secure.gravatar.com\/avatar\/2dce5ddd34b8fef0180efe03aa2a9bee7d953856048f9a16b298190a3178407c?s=96&d=mm&r=g","caption":"LA REDACTION"},"url":"https:\/\/www.public.sn\/index.php\/author\/editeurpsn\/"}]}},"jetpack_featured_media_url":"https:\/\/www.public.sn\/wp-content\/uploads\/2022\/10\/NIAYE.jpg","jetpack_sharing_enabled":true,"_links":{"self":[{"href":"https:\/\/www.public.sn\/index.php\/wp-json\/wp\/v2\/posts\/6015","targetHints":{"allow":["GET"]}}],"collection":[{"href":"https:\/\/www.public.sn\/index.php\/wp-json\/wp\/v2\/posts"}],"about":[{"href":"https:\/\/www.public.sn\/index.php\/wp-json\/wp\/v2\/types\/post"}],"author":[{"embeddable":true,"href":"https:\/\/www.public.sn\/index.php\/wp-json\/wp\/v2\/users\/7"}],"replies":[{"embeddable":true,"href":"https:\/\/www.public.sn\/index.php\/wp-json\/wp\/v2\/comments?post=6015"}],"version-history":[{"count":1,"href":"https:\/\/www.public.sn\/index.php\/wp-json\/wp\/v2\/posts\/6015\/revisions"}],"predecessor-version":[{"id":6021,"href":"https:\/\/www.public.sn\/index.php\/wp-json\/wp\/v2\/posts\/6015\/revisions\/6021"}],"wp:featuredmedia":[{"embeddable":true,"href":"https:\/\/www.public.sn\/index.php\/wp-json\/wp\/v2\/media\/6020"}],"wp:attachment":[{"href":"https:\/\/www.public.sn\/index.php\/wp-json\/wp\/v2\/media?parent=6015"}],"wp:term":[{"taxonomy":"category","embeddable":true,"href":"https:\/\/www.public.sn\/index.php\/wp-json\/wp\/v2\/categories?post=6015"},{"taxonomy":"post_tag","embeddable":true,"href":"https:\/\/www.public.sn\/index.php\/wp-json\/wp\/v2\/tags?post=6015"}],"curies":[{"name":"wp","href":"https:\/\/api.w.org\/{rel}","templated":true}]}}