{"id":6037,"date":"2022-10-27T09:05:52","date_gmt":"2022-10-27T09:05:52","guid":{"rendered":"https:\/\/www.public.sn\/?p=6037"},"modified":"2022-10-27T09:05:54","modified_gmt":"2022-10-27T09:05:54","slug":"refus-de-visas-aux-senegalais-par-les-emirats-le-ministere-des-affaires-etrangeres-dement","status":"publish","type":"post","link":"https:\/\/www.public.sn\/index.php\/2022\/10\/27\/refus-de-visas-aux-senegalais-par-les-emirats-le-ministere-des-affaires-etrangeres-dement\/","title":{"rendered":"Refus de Visas aux s\u00e9n\u00e9galais par les Emirats\u00a0: Le minist\u00e8re des affaires \u00e9trang\u00e8res d\u00e9ment."},"content":{"rendered":"\n<p><\/p>\n\n\n\n<p><strong>Le message avait circul\u00e9 depuis quelques jours que les Emirats Arabes Unis avaient pris la d\u00e9cision de ne plus accorder de visas au S\u00e9n\u00e9gal mais aussi \u00e0 d\u2019autres pays africains. Faux r\u00e9pond le minist\u00e8re des affaires \u00e9trang\u00e8res.<\/strong><\/p><div class=\"publi-paragraphe1\" style=\"margin-top: 10px;margin-bottom: 10px;margin-left: auto;margin-right: auto;text-align: center;\" id=\"publi-2400562531\"><div class=\"publi-adlabel\">Publicit\u00e9<\/div><script async src=\"\/\/pagead2.googlesyndication.com\/pagead\/js\/adsbygoogle.js?client=ca-pub-4089586018074219\" crossorigin=\"anonymous\"><\/script><ins class=\"adsbygoogle\" style=\"display:block;\" data-ad-client=\"ca-pub-4089586018074219\" \ndata-ad-slot=\"2087940154\" \ndata-ad-format=\"auto\"><\/ins>\n<script> \n(adsbygoogle = window.adsbygoogle || []).push({}); \n<\/script>\n<\/div>\n\n\n\n<p><\/p>\n\n\n\n<p>Voici son communiqu\u00e9\u00a0:<\/p>\n\n\n\n<p>\u00ab Des messages diffus\u00e9s dans la presse et les r\u00e9seaux sociaux font \u00e9tat d&rsquo;une d\u00e9cision des Emirats arabes Unis qui priverait les ressortissants s\u00e9n\u00e9galais et d\u2019autres pays africains du visa d\u2019entr\u00e9e dans ce pays.<\/p>\n\n\n\n<p><\/p>\n\n\n\n<p>Le Minist\u00e8re des Affaires \u00e9trang\u00e8res et des S\u00e9n\u00e9galais de l\u2019Ext\u00e9rieur pr\u00e9cise que ces informations sont fausses. Les ressortissants s\u00e9n\u00e9galais ont toujours la possibilit\u00e9 de se rendre aux Emirats Arabes Unis dans les conditions fix\u00e9es par les autorit\u00e9s \u00e9miraties comp\u00e9tentes \u00bb.<\/p>\n\n\n\n<p>Samba SY.<\/p>\n<div class=\"publi-apres-le-contenu\" style=\"margin-top: 10px;margin-bottom: 10px;margin-left: auto;margin-right: auto;text-align: center;\" id=\"publi-1428442225\"><div class=\"publi-adlabel\">Publicit\u00e9<\/div><script async src=\"\/\/pagead2.googlesyndication.com\/pagead\/js\/adsbygoogle.js?client=ca-pub-4089586018074219\" crossorigin=\"anonymous\"><\/script><ins class=\"adsbygoogle\" style=\"display:block;\" data-ad-client=\"ca-pub-4089586018074219\" \ndata-ad-slot=\"2087940154\" \ndata-ad-format=\"auto\"><\/ins>\n<script> \n(adsbygoogle = window.adsbygoogle || []).push({}); \n<\/script>\n<\/div>","protected":false},"excerpt":{"rendered":"<p>Le message avait circul\u00e9 depuis quelques jours que les Emirats Arabes Unis avaient pris la d\u00e9cision de ne plus accorder de visas au S\u00e9n\u00e9gal mais aussi \u00e0 d\u2019autres pays africains. Faux r\u00e9pond le minist\u00e8re des affaires \u00e9trang\u00e8res. Voici son communiqu\u00e9\u00a0: \u00ab Des messages diffus\u00e9s dans la presse et les r\u00e9seaux sociaux font \u00e9tat d&rsquo;une d\u00e9cision des Emirats arabes Unis qui priverait les ressortissants s\u00e9n\u00e9galais et d\u2019autres pays africains du visa d\u2019entr\u00e9e dans ce pays. Le Minist\u00e8re des Affaires \u00e9trang\u00e8res et des S\u00e9n\u00e9galais de l\u2019Ext\u00e9rieur pr\u00e9cise que ces informations sont fausses. Les ressortissants s\u00e9n\u00e9galais ont toujours la possibilit\u00e9 de se rendre aux Emirats Arabes Unis dans les conditions fix\u00e9es par les autorit\u00e9s \u00e9miraties comp\u00e9tentes \u00bb. Samba SY.<\/p>\n","protected":false},"author":7,"featured_media":6038,"comment_status":"open","ping_status":"open","sticky":false,"template":"","format":"standard","meta":{"_jetpack_memberships_contains_paid_content":false,"footnotes":""},"categories":[375,550,1],"tags":[2082,2083,833],"class_list":["post-6037","post","type-post","status-publish","format-standard","has-post-thumbnail","hentry","category-actualites","category-afrique-monde","category-non-classe","tag-emirats-arabes-unis","tag-senegalais-2","tag-visas","entry","has-media","owp-thumbs-layout-horizontal","owp-btn-normal","owp-tabs-layout-horizontal","has-no-thumbnails","has-product-nav"],"yoast_head":"<!-- This site is optimized with the Yoast SEO plugin v25.5 - https:\/\/yoast.com\/wordpress\/plugins\/seo\/ -->\n<title>Refus de Visas aux s\u00e9n\u00e9galais par les Emirats\u00a0: Le minist\u00e8re des affaires \u00e9trang\u00e8res d\u00e9ment. - LE PUBLIC<\/title>\n<meta name=\"robots\" content=\"index, follow, max-snippet:-1, max-image-preview:large, max-video-preview:-1\" \/>\n<link rel=\"canonical\" href=\"https:\/\/www.public.sn\/index.php\/2022\/10\/27\/refus-de-visas-aux-senegalais-par-les-emirats-le-ministere-des-affaires-etrangeres-dement\/\" \/>\n<meta property=\"og:locale\" content=\"fr_FR\" \/>\n<meta property=\"og:type\" content=\"article\" \/>\n<meta property=\"og:title\" content=\"Refus de Visas aux s\u00e9n\u00e9galais par les Emirats\u00a0: Le minist\u00e8re des affaires \u00e9trang\u00e8res d\u00e9ment. - LE PUBLIC\" \/>\n<meta property=\"og:description\" content=\"Le message avait circul\u00e9 depuis quelques jours que les Emirats Arabes Unis avaient pris la d\u00e9cision de ne plus accorder de visas au S\u00e9n\u00e9gal mais aussi \u00e0 d\u2019autres pays africains. Faux r\u00e9pond le minist\u00e8re des affaires \u00e9trang\u00e8res. Voici son communiqu\u00e9\u00a0: \u00ab Des messages diffus\u00e9s dans la presse et les r\u00e9seaux sociaux font \u00e9tat d&rsquo;une d\u00e9cision des Emirats arabes Unis qui priverait les ressortissants s\u00e9n\u00e9galais et d\u2019autres pays africains du visa d\u2019entr\u00e9e dans ce pays. Le Minist\u00e8re des Affaires \u00e9trang\u00e8res et des S\u00e9n\u00e9galais de l\u2019Ext\u00e9rieur pr\u00e9cise que ces informations sont fausses. Les ressortissants s\u00e9n\u00e9galais ont toujours la possibilit\u00e9 de se rendre aux Emirats Arabes Unis dans les conditions fix\u00e9es par les autorit\u00e9s \u00e9miraties comp\u00e9tentes \u00bb. Samba SY.\" \/>\n<meta property=\"og:url\" content=\"https:\/\/www.public.sn\/index.php\/2022\/10\/27\/refus-de-visas-aux-senegalais-par-les-emirats-le-ministere-des-affaires-etrangeres-dement\/\" \/>\n<meta property=\"og:site_name\" content=\"LE PUBLIC\" \/>\n<meta property=\"article:published_time\" content=\"2022-10-27T09:05:52+00:00\" \/>\n<meta property=\"article:modified_time\" content=\"2022-10-27T09:05:54+00:00\" \/>\n<meta property=\"og:image\" content=\"https:\/\/www.public.sn\/wp-content\/uploads\/2022\/10\/Ministere-des-affaires-etrangeres-.jpg\" \/>\n\t<meta property=\"og:image:width\" content=\"800\" \/>\n\t<meta property=\"og:image:height\" content=\"480\" \/>\n\t<meta property=\"og:image:type\" content=\"image\/jpeg\" \/>\n<meta name=\"author\" content=\"LA REDACTION\" \/>\n<meta name=\"twitter:card\" content=\"summary_large_image\" \/>\n<meta name=\"twitter:label1\" content=\"\u00c9crit par\" \/>\n\t<meta name=\"twitter:data1\" content=\"LA REDACTION\" \/>\n\t<meta name=\"twitter:label2\" content=\"Dur\u00e9e de lecture estim\u00e9e\" \/>\n\t<meta name=\"twitter:data2\" content=\"1 minute\" \/>\n<script type=\"application\/ld+json\" class=\"yoast-schema-graph\">{\"@context\":\"https:\/\/schema.org\",\"@graph\":[{\"@type\":\"Article\",\"@id\":\"https:\/\/www.public.sn\/index.php\/2022\/10\/27\/refus-de-visas-aux-senegalais-par-les-emirats-le-ministere-des-affaires-etrangeres-dement\/#article\",\"isPartOf\":{\"@id\":\"https:\/\/www.public.sn\/index.php\/2022\/10\/27\/refus-de-visas-aux-senegalais-par-les-emirats-le-ministere-des-affaires-etrangeres-dement\/\"},\"author\":{\"name\":\"LA REDACTION\",\"@id\":\"https:\/\/www.public.sn\/#\/schema\/person\/cb76c8e1b8becc6be61fb5e92d6d0224\"},\"headline\":\"Refus de Visas aux s\u00e9n\u00e9galais par les Emirats\u00a0: Le minist\u00e8re des affaires \u00e9trang\u00e8res d\u00e9ment.\",\"datePublished\":\"2022-10-27T09:05:52+00:00\",\"dateModified\":\"2022-10-27T09:05:54+00:00\",\"mainEntityOfPage\":{\"@id\":\"https:\/\/www.public.sn\/index.php\/2022\/10\/27\/refus-de-visas-aux-senegalais-par-les-emirats-le-ministere-des-affaires-etrangeres-dement\/\"},\"wordCount\":159,\"commentCount\":0,\"publisher\":{\"@id\":\"https:\/\/www.public.sn\/#organization\"},\"image\":{\"@id\":\"https:\/\/www.public.sn\/index.php\/2022\/10\/27\/refus-de-visas-aux-senegalais-par-les-emirats-le-ministere-des-affaires-etrangeres-dement\/#primaryimage\"},\"thumbnailUrl\":\"https:\/\/www.public.sn\/wp-content\/uploads\/2022\/10\/Ministere-des-affaires-etrangeres-.jpg\",\"keywords\":[\"emirats arabes unis\",\"senegalais\",\"Visas\"],\"articleSection\":[\"ACTUALIT\u00c9S\",\"AFRIQUE &amp; MONDE\",\"S\u00c9N\u00c9GAL\"],\"inLanguage\":\"fr-FR\",\"potentialAction\":[{\"@type\":\"CommentAction\",\"name\":\"Comment\",\"target\":[\"https:\/\/www.public.sn\/index.php\/2022\/10\/27\/refus-de-visas-aux-senegalais-par-les-emirats-le-ministere-des-affaires-etrangeres-dement\/#respond\"]}]},{\"@type\":\"WebPage\",\"@id\":\"https:\/\/www.public.sn\/index.php\/2022\/10\/27\/refus-de-visas-aux-senegalais-par-les-emirats-le-ministere-des-affaires-etrangeres-dement\/\",\"url\":\"https:\/\/www.public.sn\/index.php\/2022\/10\/27\/refus-de-visas-aux-senegalais-par-les-emirats-le-ministere-des-affaires-etrangeres-dement\/\",\"name\":\"Refus de Visas aux s\u00e9n\u00e9galais par les Emirats\u00a0: Le minist\u00e8re des affaires \u00e9trang\u00e8res d\u00e9ment. - LE PUBLIC\",\"isPartOf\":{\"@id\":\"https:\/\/www.public.sn\/#website\"},\"primaryImageOfPage\":{\"@id\":\"https:\/\/www.public.sn\/index.php\/2022\/10\/27\/refus-de-visas-aux-senegalais-par-les-emirats-le-ministere-des-affaires-etrangeres-dement\/#primaryimage\"},\"image\":{\"@id\":\"https:\/\/www.public.sn\/index.php\/2022\/10\/27\/refus-de-visas-aux-senegalais-par-les-emirats-le-ministere-des-affaires-etrangeres-dement\/#primaryimage\"},\"thumbnailUrl\":\"https:\/\/www.public.sn\/wp-content\/uploads\/2022\/10\/Ministere-des-affaires-etrangeres-.jpg\",\"datePublished\":\"2022-10-27T09:05:52+00:00\",\"dateModified\":\"2022-10-27T09:05:54+00:00\",\"breadcrumb\":{\"@id\":\"https:\/\/www.public.sn\/index.php\/2022\/10\/27\/refus-de-visas-aux-senegalais-par-les-emirats-le-ministere-des-affaires-etrangeres-dement\/#breadcrumb\"},\"inLanguage\":\"fr-FR\",\"potentialAction\":[{\"@type\":\"ReadAction\",\"target\":[\"https:\/\/www.public.sn\/index.php\/2022\/10\/27\/refus-de-visas-aux-senegalais-par-les-emirats-le-ministere-des-affaires-etrangeres-dement\/\"]}]},{\"@type\":\"ImageObject\",\"inLanguage\":\"fr-FR\",\"@id\":\"https:\/\/www.public.sn\/index.php\/2022\/10\/27\/refus-de-visas-aux-senegalais-par-les-emirats-le-ministere-des-affaires-etrangeres-dement\/#primaryimage\",\"url\":\"https:\/\/www.public.sn\/wp-content\/uploads\/2022\/10\/Ministere-des-affaires-etrangeres-.jpg\",\"contentUrl\":\"https:\/\/www.public.sn\/wp-content\/uploads\/2022\/10\/Ministere-des-affaires-etrangeres-.jpg\",\"width\":800,\"height\":480,\"caption\":\"publicsn\"},{\"@type\":\"BreadcrumbList\",\"@id\":\"https:\/\/www.public.sn\/index.php\/2022\/10\/27\/refus-de-visas-aux-senegalais-par-les-emirats-le-ministere-des-affaires-etrangeres-dement\/#breadcrumb\",\"itemListElement\":[{\"@type\":\"ListItem\",\"position\":1,\"name\":\"Accueil\",\"item\":\"https:\/\/www.public.sn\/\"},{\"@type\":\"ListItem\",\"position\":2,\"name\":\"Refus de Visas aux s\u00e9n\u00e9galais par les Emirats\u00a0: Le minist\u00e8re des affaires \u00e9trang\u00e8res d\u00e9ment.\"}]},{\"@type\":\"WebSite\",\"@id\":\"https:\/\/www.public.sn\/#website\",\"url\":\"https:\/\/www.public.sn\/\",\"name\":\"LE PUBLIC\",\"description\":\"\",\"publisher\":{\"@id\":\"https:\/\/www.public.sn\/#organization\"},\"potentialAction\":[{\"@type\":\"SearchAction\",\"target\":{\"@type\":\"EntryPoint\",\"urlTemplate\":\"https:\/\/www.public.sn\/?s={search_term_string}\"},\"query-input\":{\"@type\":\"PropertyValueSpecification\",\"valueRequired\":true,\"valueName\":\"search_term_string\"}}],\"inLanguage\":\"fr-FR\"},{\"@type\":\"Organization\",\"@id\":\"https:\/\/www.public.sn\/#organization\",\"name\":\"LE PUBLIC\",\"url\":\"https:\/\/www.public.sn\/\",\"logo\":{\"@type\":\"ImageObject\",\"inLanguage\":\"fr-FR\",\"@id\":\"https:\/\/www.public.sn\/#\/schema\/logo\/image\/\",\"url\":\"https:\/\/www.public.sn\/wp-content\/uploads\/2024\/05\/cropped-LOGO-PUBLIC.SN_.png\",\"contentUrl\":\"https:\/\/www.public.sn\/wp-content\/uploads\/2024\/05\/cropped-LOGO-PUBLIC.SN_.png\",\"width\":682,\"height\":192,\"caption\":\"LE PUBLIC\"},\"image\":{\"@id\":\"https:\/\/www.public.sn\/#\/schema\/logo\/image\/\"}},{\"@type\":\"Person\",\"@id\":\"https:\/\/www.public.sn\/#\/schema\/person\/cb76c8e1b8becc6be61fb5e92d6d0224\",\"name\":\"LA REDACTION\",\"image\":{\"@type\":\"ImageObject\",\"inLanguage\":\"fr-FR\",\"@id\":\"https:\/\/www.public.sn\/#\/schema\/person\/image\/\",\"url\":\"https:\/\/secure.gravatar.com\/avatar\/2dce5ddd34b8fef0180efe03aa2a9bee7d953856048f9a16b298190a3178407c?s=96&d=mm&r=g\",\"contentUrl\":\"https:\/\/secure.gravatar.com\/avatar\/2dce5ddd34b8fef0180efe03aa2a9bee7d953856048f9a16b298190a3178407c?s=96&d=mm&r=g\",\"caption\":\"LA REDACTION\"},\"url\":\"https:\/\/www.public.sn\/index.php\/author\/editeurpsn\/\"}]}<\/script>\n<!-- \/ Yoast SEO plugin. -->","yoast_head_json":{"title":"Refus de Visas aux s\u00e9n\u00e9galais par les Emirats\u00a0: Le minist\u00e8re des affaires \u00e9trang\u00e8res d\u00e9ment. - LE PUBLIC","robots":{"index":"index","follow":"follow","max-snippet":"max-snippet:-1","max-image-preview":"max-image-preview:large","max-video-preview":"max-video-preview:-1"},"canonical":"https:\/\/www.public.sn\/index.php\/2022\/10\/27\/refus-de-visas-aux-senegalais-par-les-emirats-le-ministere-des-affaires-etrangeres-dement\/","og_locale":"fr_FR","og_type":"article","og_title":"Refus de Visas aux s\u00e9n\u00e9galais par les Emirats\u00a0: Le minist\u00e8re des affaires \u00e9trang\u00e8res d\u00e9ment. - LE PUBLIC","og_description":"Le message avait circul\u00e9 depuis quelques jours que les Emirats Arabes Unis avaient pris la d\u00e9cision de ne plus accorder de visas au S\u00e9n\u00e9gal mais aussi \u00e0 d\u2019autres pays africains. Faux r\u00e9pond le minist\u00e8re des affaires \u00e9trang\u00e8res. Voici son communiqu\u00e9\u00a0: \u00ab Des messages diffus\u00e9s dans la presse et les r\u00e9seaux sociaux font \u00e9tat d&rsquo;une d\u00e9cision des Emirats arabes Unis qui priverait les ressortissants s\u00e9n\u00e9galais et d\u2019autres pays africains du visa d\u2019entr\u00e9e dans ce pays. Le Minist\u00e8re des Affaires \u00e9trang\u00e8res et des S\u00e9n\u00e9galais de l\u2019Ext\u00e9rieur pr\u00e9cise que ces informations sont fausses. Les ressortissants s\u00e9n\u00e9galais ont toujours la possibilit\u00e9 de se rendre aux Emirats Arabes Unis dans les conditions fix\u00e9es par les autorit\u00e9s \u00e9miraties comp\u00e9tentes \u00bb. Samba SY.","og_url":"https:\/\/www.public.sn\/index.php\/2022\/10\/27\/refus-de-visas-aux-senegalais-par-les-emirats-le-ministere-des-affaires-etrangeres-dement\/","og_site_name":"LE PUBLIC","article_published_time":"2022-10-27T09:05:52+00:00","article_modified_time":"2022-10-27T09:05:54+00:00","og_image":[{"width":800,"height":480,"url":"https:\/\/www.public.sn\/wp-content\/uploads\/2022\/10\/Ministere-des-affaires-etrangeres-.jpg","type":"image\/jpeg"}],"author":"LA REDACTION","twitter_card":"summary_large_image","twitter_misc":{"\u00c9crit par":"LA REDACTION","Dur\u00e9e de lecture estim\u00e9e":"1 minute"},"schema":{"@context":"https:\/\/schema.org","@graph":[{"@type":"Article","@id":"https:\/\/www.public.sn\/index.php\/2022\/10\/27\/refus-de-visas-aux-senegalais-par-les-emirats-le-ministere-des-affaires-etrangeres-dement\/#article","isPartOf":{"@id":"https:\/\/www.public.sn\/index.php\/2022\/10\/27\/refus-de-visas-aux-senegalais-par-les-emirats-le-ministere-des-affaires-etrangeres-dement\/"},"author":{"name":"LA REDACTION","@id":"https:\/\/www.public.sn\/#\/schema\/person\/cb76c8e1b8becc6be61fb5e92d6d0224"},"headline":"Refus de Visas aux s\u00e9n\u00e9galais par les Emirats\u00a0: Le minist\u00e8re des affaires \u00e9trang\u00e8res d\u00e9ment.","datePublished":"2022-10-27T09:05:52+00:00","dateModified":"2022-10-27T09:05:54+00:00","mainEntityOfPage":{"@id":"https:\/\/www.public.sn\/index.php\/2022\/10\/27\/refus-de-visas-aux-senegalais-par-les-emirats-le-ministere-des-affaires-etrangeres-dement\/"},"wordCount":159,"commentCount":0,"publisher":{"@id":"https:\/\/www.public.sn\/#organization"},"image":{"@id":"https:\/\/www.public.sn\/index.php\/2022\/10\/27\/refus-de-visas-aux-senegalais-par-les-emirats-le-ministere-des-affaires-etrangeres-dement\/#primaryimage"},"thumbnailUrl":"https:\/\/www.public.sn\/wp-content\/uploads\/2022\/10\/Ministere-des-affaires-etrangeres-.jpg","keywords":["emirats arabes unis","senegalais","Visas"],"articleSection":["ACTUALIT\u00c9S","AFRIQUE &amp; MONDE","S\u00c9N\u00c9GAL"],"inLanguage":"fr-FR","potentialAction":[{"@type":"CommentAction","name":"Comment","target":["https:\/\/www.public.sn\/index.php\/2022\/10\/27\/refus-de-visas-aux-senegalais-par-les-emirats-le-ministere-des-affaires-etrangeres-dement\/#respond"]}]},{"@type":"WebPage","@id":"https:\/\/www.public.sn\/index.php\/2022\/10\/27\/refus-de-visas-aux-senegalais-par-les-emirats-le-ministere-des-affaires-etrangeres-dement\/","url":"https:\/\/www.public.sn\/index.php\/2022\/10\/27\/refus-de-visas-aux-senegalais-par-les-emirats-le-ministere-des-affaires-etrangeres-dement\/","name":"Refus de Visas aux s\u00e9n\u00e9galais par les Emirats\u00a0: Le minist\u00e8re des affaires \u00e9trang\u00e8res d\u00e9ment. - LE PUBLIC","isPartOf":{"@id":"https:\/\/www.public.sn\/#website"},"primaryImageOfPage":{"@id":"https:\/\/www.public.sn\/index.php\/2022\/10\/27\/refus-de-visas-aux-senegalais-par-les-emirats-le-ministere-des-affaires-etrangeres-dement\/#primaryimage"},"image":{"@id":"https:\/\/www.public.sn\/index.php\/2022\/10\/27\/refus-de-visas-aux-senegalais-par-les-emirats-le-ministere-des-affaires-etrangeres-dement\/#primaryimage"},"thumbnailUrl":"https:\/\/www.public.sn\/wp-content\/uploads\/2022\/10\/Ministere-des-affaires-etrangeres-.jpg","datePublished":"2022-10-27T09:05:52+00:00","dateModified":"2022-10-27T09:05:54+00:00","breadcrumb":{"@id":"https:\/\/www.public.sn\/index.php\/2022\/10\/27\/refus-de-visas-aux-senegalais-par-les-emirats-le-ministere-des-affaires-etrangeres-dement\/#breadcrumb"},"inLanguage":"fr-FR","potentialAction":[{"@type":"ReadAction","target":["https:\/\/www.public.sn\/index.php\/2022\/10\/27\/refus-de-visas-aux-senegalais-par-les-emirats-le-ministere-des-affaires-etrangeres-dement\/"]}]},{"@type":"ImageObject","inLanguage":"fr-FR","@id":"https:\/\/www.public.sn\/index.php\/2022\/10\/27\/refus-de-visas-aux-senegalais-par-les-emirats-le-ministere-des-affaires-etrangeres-dement\/#primaryimage","url":"https:\/\/www.public.sn\/wp-content\/uploads\/2022\/10\/Ministere-des-affaires-etrangeres-.jpg","contentUrl":"https:\/\/www.public.sn\/wp-content\/uploads\/2022\/10\/Ministere-des-affaires-etrangeres-.jpg","width":800,"height":480,"caption":"publicsn"},{"@type":"BreadcrumbList","@id":"https:\/\/www.public.sn\/index.php\/2022\/10\/27\/refus-de-visas-aux-senegalais-par-les-emirats-le-ministere-des-affaires-etrangeres-dement\/#breadcrumb","itemListElement":[{"@type":"ListItem","position":1,"name":"Accueil","item":"https:\/\/www.public.sn\/"},{"@type":"ListItem","position":2,"name":"Refus de Visas aux s\u00e9n\u00e9galais par les Emirats\u00a0: Le minist\u00e8re des affaires \u00e9trang\u00e8res d\u00e9ment."}]},{"@type":"WebSite","@id":"https:\/\/www.public.sn\/#website","url":"https:\/\/www.public.sn\/","name":"LE PUBLIC","description":"","publisher":{"@id":"https:\/\/www.public.sn\/#organization"},"potentialAction":[{"@type":"SearchAction","target":{"@type":"EntryPoint","urlTemplate":"https:\/\/www.public.sn\/?s={search_term_string}"},"query-input":{"@type":"PropertyValueSpecification","valueRequired":true,"valueName":"search_term_string"}}],"inLanguage":"fr-FR"},{"@type":"Organization","@id":"https:\/\/www.public.sn\/#organization","name":"LE PUBLIC","url":"https:\/\/www.public.sn\/","logo":{"@type":"ImageObject","inLanguage":"fr-FR","@id":"https:\/\/www.public.sn\/#\/schema\/logo\/image\/","url":"https:\/\/www.public.sn\/wp-content\/uploads\/2024\/05\/cropped-LOGO-PUBLIC.SN_.png","contentUrl":"https:\/\/www.public.sn\/wp-content\/uploads\/2024\/05\/cropped-LOGO-PUBLIC.SN_.png","width":682,"height":192,"caption":"LE PUBLIC"},"image":{"@id":"https:\/\/www.public.sn\/#\/schema\/logo\/image\/"}},{"@type":"Person","@id":"https:\/\/www.public.sn\/#\/schema\/person\/cb76c8e1b8becc6be61fb5e92d6d0224","name":"LA REDACTION","image":{"@type":"ImageObject","inLanguage":"fr-FR","@id":"https:\/\/www.public.sn\/#\/schema\/person\/image\/","url":"https:\/\/secure.gravatar.com\/avatar\/2dce5ddd34b8fef0180efe03aa2a9bee7d953856048f9a16b298190a3178407c?s=96&d=mm&r=g","contentUrl":"https:\/\/secure.gravatar.com\/avatar\/2dce5ddd34b8fef0180efe03aa2a9bee7d953856048f9a16b298190a3178407c?s=96&d=mm&r=g","caption":"LA REDACTION"},"url":"https:\/\/www.public.sn\/index.php\/author\/editeurpsn\/"}]}},"jetpack_featured_media_url":"https:\/\/www.public.sn\/wp-content\/uploads\/2022\/10\/Ministere-des-affaires-etrangeres-.jpg","jetpack_sharing_enabled":true,"_links":{"self":[{"href":"https:\/\/www.public.sn\/index.php\/wp-json\/wp\/v2\/posts\/6037","targetHints":{"allow":["GET"]}}],"collection":[{"href":"https:\/\/www.public.sn\/index.php\/wp-json\/wp\/v2\/posts"}],"about":[{"href":"https:\/\/www.public.sn\/index.php\/wp-json\/wp\/v2\/types\/post"}],"author":[{"embeddable":true,"href":"https:\/\/www.public.sn\/index.php\/wp-json\/wp\/v2\/users\/7"}],"replies":[{"embeddable":true,"href":"https:\/\/www.public.sn\/index.php\/wp-json\/wp\/v2\/comments?post=6037"}],"version-history":[{"count":2,"href":"https:\/\/www.public.sn\/index.php\/wp-json\/wp\/v2\/posts\/6037\/revisions"}],"predecessor-version":[{"id":6040,"href":"https:\/\/www.public.sn\/index.php\/wp-json\/wp\/v2\/posts\/6037\/revisions\/6040"}],"wp:featuredmedia":[{"embeddable":true,"href":"https:\/\/www.public.sn\/index.php\/wp-json\/wp\/v2\/media\/6038"}],"wp:attachment":[{"href":"https:\/\/www.public.sn\/index.php\/wp-json\/wp\/v2\/media?parent=6037"}],"wp:term":[{"taxonomy":"category","embeddable":true,"href":"https:\/\/www.public.sn\/index.php\/wp-json\/wp\/v2\/categories?post=6037"},{"taxonomy":"post_tag","embeddable":true,"href":"https:\/\/www.public.sn\/index.php\/wp-json\/wp\/v2\/tags?post=6037"}],"curies":[{"name":"wp","href":"https:\/\/api.w.org\/{rel}","templated":true}]}}