{"id":6082,"date":"2022-10-27T12:03:24","date_gmt":"2022-10-27T12:03:24","guid":{"rendered":"https:\/\/www.public.sn\/?p=6082"},"modified":"2022-10-27T18:18:59","modified_gmt":"2022-10-27T18:18:59","slug":"imam-drame-thiaba-lanu-waax-amoul","status":"publish","type":"post","link":"https:\/\/www.public.sn\/index.php\/2022\/10\/27\/imam-drame-thiaba-lanu-waax-amoul\/","title":{"rendered":"imam Dram\u00e9 : \u00ab\u00a0Thiaba lamu waax amoul&#8230;\u00a0\u00bb"},"content":{"rendered":"\n<p>Accus\u00e9 de viol par la fille de Fatou Tampi, Imam Dram\u00e9 estime que tout ceci ne sont que des contrev\u00e9rit\u00e9s. La v\u00e9rit\u00e9 est que Tiaba avait \u00e9t\u00e9 instrumentalis\u00e9e. Etant un homme public, il n\u2019est pas impossible que de tels propos soient tenus sur lui. Imam Dram\u00e9 rappelle qu\u2019il n\u2019est pas du Pastef mais que son combat c\u2019est de se battre contre l\u2019injustice.<\/p><div class=\"publi-paragraphe1\" style=\"margin-top: 10px;margin-bottom: 10px;margin-left: auto;margin-right: auto;text-align: center;\" id=\"publi-571024816\"><div class=\"publi-adlabel\">Publicit\u00e9<\/div><script async src=\"\/\/pagead2.googlesyndication.com\/pagead\/js\/adsbygoogle.js?client=ca-pub-4089586018074219\" crossorigin=\"anonymous\"><\/script><ins class=\"adsbygoogle\" style=\"display:block;\" data-ad-client=\"ca-pub-4089586018074219\" \ndata-ad-slot=\"2087940154\" \ndata-ad-format=\"auto\"><\/ins>\n<script> \n(adsbygoogle = window.adsbygoogle || []).push({}); \n<\/script>\n<\/div>\n\n\n\n<p>Des propos tenus dans cet entretien avec Publics.<\/p>\n\n\n\n<p>Vito Gaye<\/p>\n\n\n<p><iframe width=\"640\" height=\"360\" src=\"https:\/\/www.youtube.com\/embed\/4VgLLBzFUGA\" title=\"Accus\u00e9 de viol par Thiaba Imam Dram\u00e9 r\u00e9pond et parle de Bah Diakhat\u00e9\" frameborder=\"0\" allow=\"accelerometer; autoplay; clipboard-write; encrypted-media; gyroscope; picture-in-picture\" allowfullscreen=\"\"><\/iframe><\/p><div class=\"publi-apres-le-contenu\" style=\"margin-top: 10px;margin-bottom: 10px;margin-left: auto;margin-right: auto;text-align: center;\" id=\"publi-2246895715\"><div class=\"publi-adlabel\">Publicit\u00e9<\/div><script async src=\"\/\/pagead2.googlesyndication.com\/pagead\/js\/adsbygoogle.js?client=ca-pub-4089586018074219\" crossorigin=\"anonymous\"><\/script><ins class=\"adsbygoogle\" style=\"display:block;\" data-ad-client=\"ca-pub-4089586018074219\" \ndata-ad-slot=\"2087940154\" \ndata-ad-format=\"auto\"><\/ins>\n<script> \n(adsbygoogle = window.adsbygoogle || []).push({}); \n<\/script>\n<\/div>","protected":false},"excerpt":{"rendered":"<p>Accus\u00e9 de viol par la fille de Fatou Tampi, Imam Dram\u00e9 estime que tout ceci ne sont que des contrev\u00e9rit\u00e9s. La v\u00e9rit\u00e9 est que Tiaba avait \u00e9t\u00e9 instrumentalis\u00e9e. Etant un homme public, il n\u2019est pas impossible que de tels propos soient tenus sur lui. Imam Dram\u00e9 rappelle qu\u2019il n\u2019est pas du Pastef mais que son combat c\u2019est de se battre contre l\u2019injustice. Des propos tenus dans cet entretien avec Publics. Vito Gaye<\/p>\n","protected":false},"author":7,"featured_media":6083,"comment_status":"open","ping_status":"open","sticky":false,"template":"","format":"standard","meta":{"_jetpack_memberships_contains_paid_content":false,"footnotes":""},"categories":[375,379,1],"tags":[2096,672,2099],"class_list":["post-6082","post","type-post","status-publish","format-standard","has-post-thumbnail","hentry","category-actualites","category-faits-divers","category-non-classe","tag-imam-drame","tag-pastef","tag-thiaba","entry","has-media","owp-thumbs-layout-horizontal","owp-btn-normal","owp-tabs-layout-horizontal","has-no-thumbnails","has-product-nav"],"yoast_head":"<!-- This site is optimized with the Yoast SEO plugin v25.5 - https:\/\/yoast.com\/wordpress\/plugins\/seo\/ -->\n<title>imam Dram\u00e9 : &quot;Thiaba lamu waax amoul...&quot; - LE PUBLIC<\/title>\n<meta name=\"robots\" content=\"index, follow, max-snippet:-1, max-image-preview:large, max-video-preview:-1\" \/>\n<link rel=\"canonical\" href=\"https:\/\/www.public.sn\/index.php\/2022\/10\/27\/imam-drame-thiaba-lanu-waax-amoul\/\" \/>\n<meta property=\"og:locale\" content=\"fr_FR\" \/>\n<meta property=\"og:type\" content=\"article\" \/>\n<meta property=\"og:title\" content=\"imam Dram\u00e9 : &quot;Thiaba lamu waax amoul...&quot; - LE PUBLIC\" \/>\n<meta property=\"og:description\" content=\"Accus\u00e9 de viol par la fille de Fatou Tampi, Imam Dram\u00e9 estime que tout ceci ne sont que des contrev\u00e9rit\u00e9s. La v\u00e9rit\u00e9 est que Tiaba avait \u00e9t\u00e9 instrumentalis\u00e9e. Etant un homme public, il n\u2019est pas impossible que de tels propos soient tenus sur lui. Imam Dram\u00e9 rappelle qu\u2019il n\u2019est pas du Pastef mais que son combat c\u2019est de se battre contre l\u2019injustice. Des propos tenus dans cet entretien avec Publics. Vito Gaye\" \/>\n<meta property=\"og:url\" content=\"https:\/\/www.public.sn\/index.php\/2022\/10\/27\/imam-drame-thiaba-lanu-waax-amoul\/\" \/>\n<meta property=\"og:site_name\" content=\"LE PUBLIC\" \/>\n<meta property=\"article:published_time\" content=\"2022-10-27T12:03:24+00:00\" \/>\n<meta property=\"article:modified_time\" content=\"2022-10-27T18:18:59+00:00\" \/>\n<meta property=\"og:image\" content=\"https:\/\/www.public.sn\/wp-content\/uploads\/2022\/10\/drame.jpg\" \/>\n\t<meta property=\"og:image:width\" content=\"1280\" \/>\n\t<meta property=\"og:image:height\" content=\"720\" \/>\n\t<meta property=\"og:image:type\" content=\"image\/jpeg\" \/>\n<meta name=\"author\" content=\"LA REDACTION\" \/>\n<meta name=\"twitter:card\" content=\"summary_large_image\" \/>\n<meta name=\"twitter:label1\" content=\"\u00c9crit par\" \/>\n\t<meta name=\"twitter:data1\" content=\"LA REDACTION\" \/>\n\t<meta name=\"twitter:label2\" content=\"Dur\u00e9e de lecture estim\u00e9e\" \/>\n\t<meta name=\"twitter:data2\" content=\"1 minute\" \/>\n<script type=\"application\/ld+json\" class=\"yoast-schema-graph\">{\"@context\":\"https:\/\/schema.org\",\"@graph\":[{\"@type\":\"Article\",\"@id\":\"https:\/\/www.public.sn\/index.php\/2022\/10\/27\/imam-drame-thiaba-lanu-waax-amoul\/#article\",\"isPartOf\":{\"@id\":\"https:\/\/www.public.sn\/index.php\/2022\/10\/27\/imam-drame-thiaba-lanu-waax-amoul\/\"},\"author\":{\"name\":\"LA REDACTION\",\"@id\":\"https:\/\/www.public.sn\/#\/schema\/person\/cb76c8e1b8becc6be61fb5e92d6d0224\"},\"headline\":\"imam Dram\u00e9 : \u00ab\u00a0Thiaba lamu waax amoul&#8230;\u00a0\u00bb\",\"datePublished\":\"2022-10-27T12:03:24+00:00\",\"dateModified\":\"2022-10-27T18:18:59+00:00\",\"mainEntityOfPage\":{\"@id\":\"https:\/\/www.public.sn\/index.php\/2022\/10\/27\/imam-drame-thiaba-lanu-waax-amoul\/\"},\"wordCount\":87,\"commentCount\":0,\"publisher\":{\"@id\":\"https:\/\/www.public.sn\/#organization\"},\"image\":{\"@id\":\"https:\/\/www.public.sn\/index.php\/2022\/10\/27\/imam-drame-thiaba-lanu-waax-amoul\/#primaryimage\"},\"thumbnailUrl\":\"https:\/\/www.public.sn\/wp-content\/uploads\/2022\/10\/drame.jpg\",\"keywords\":[\"imam drame\",\"Pastef\",\"thiaba\"],\"articleSection\":[\"ACTUALIT\u00c9S\",\"FAITS DIVERS\",\"S\u00c9N\u00c9GAL\"],\"inLanguage\":\"fr-FR\",\"potentialAction\":[{\"@type\":\"CommentAction\",\"name\":\"Comment\",\"target\":[\"https:\/\/www.public.sn\/index.php\/2022\/10\/27\/imam-drame-thiaba-lanu-waax-amoul\/#respond\"]}]},{\"@type\":\"WebPage\",\"@id\":\"https:\/\/www.public.sn\/index.php\/2022\/10\/27\/imam-drame-thiaba-lanu-waax-amoul\/\",\"url\":\"https:\/\/www.public.sn\/index.php\/2022\/10\/27\/imam-drame-thiaba-lanu-waax-amoul\/\",\"name\":\"imam Dram\u00e9 : \\\"Thiaba lamu waax amoul...\\\" - LE PUBLIC\",\"isPartOf\":{\"@id\":\"https:\/\/www.public.sn\/#website\"},\"primaryImageOfPage\":{\"@id\":\"https:\/\/www.public.sn\/index.php\/2022\/10\/27\/imam-drame-thiaba-lanu-waax-amoul\/#primaryimage\"},\"image\":{\"@id\":\"https:\/\/www.public.sn\/index.php\/2022\/10\/27\/imam-drame-thiaba-lanu-waax-amoul\/#primaryimage\"},\"thumbnailUrl\":\"https:\/\/www.public.sn\/wp-content\/uploads\/2022\/10\/drame.jpg\",\"datePublished\":\"2022-10-27T12:03:24+00:00\",\"dateModified\":\"2022-10-27T18:18:59+00:00\",\"breadcrumb\":{\"@id\":\"https:\/\/www.public.sn\/index.php\/2022\/10\/27\/imam-drame-thiaba-lanu-waax-amoul\/#breadcrumb\"},\"inLanguage\":\"fr-FR\",\"potentialAction\":[{\"@type\":\"ReadAction\",\"target\":[\"https:\/\/www.public.sn\/index.php\/2022\/10\/27\/imam-drame-thiaba-lanu-waax-amoul\/\"]}]},{\"@type\":\"ImageObject\",\"inLanguage\":\"fr-FR\",\"@id\":\"https:\/\/www.public.sn\/index.php\/2022\/10\/27\/imam-drame-thiaba-lanu-waax-amoul\/#primaryimage\",\"url\":\"https:\/\/www.public.sn\/wp-content\/uploads\/2022\/10\/drame.jpg\",\"contentUrl\":\"https:\/\/www.public.sn\/wp-content\/uploads\/2022\/10\/drame.jpg\",\"width\":1280,\"height\":720,\"caption\":\"publics\"},{\"@type\":\"BreadcrumbList\",\"@id\":\"https:\/\/www.public.sn\/index.php\/2022\/10\/27\/imam-drame-thiaba-lanu-waax-amoul\/#breadcrumb\",\"itemListElement\":[{\"@type\":\"ListItem\",\"position\":1,\"name\":\"Accueil\",\"item\":\"https:\/\/www.public.sn\/\"},{\"@type\":\"ListItem\",\"position\":2,\"name\":\"imam Dram\u00e9 : \u00ab\u00a0Thiaba lamu waax amoul&#8230;\u00a0\u00bb\"}]},{\"@type\":\"WebSite\",\"@id\":\"https:\/\/www.public.sn\/#website\",\"url\":\"https:\/\/www.public.sn\/\",\"name\":\"LE PUBLIC\",\"description\":\"\",\"publisher\":{\"@id\":\"https:\/\/www.public.sn\/#organization\"},\"potentialAction\":[{\"@type\":\"SearchAction\",\"target\":{\"@type\":\"EntryPoint\",\"urlTemplate\":\"https:\/\/www.public.sn\/?s={search_term_string}\"},\"query-input\":{\"@type\":\"PropertyValueSpecification\",\"valueRequired\":true,\"valueName\":\"search_term_string\"}}],\"inLanguage\":\"fr-FR\"},{\"@type\":\"Organization\",\"@id\":\"https:\/\/www.public.sn\/#organization\",\"name\":\"LE PUBLIC\",\"url\":\"https:\/\/www.public.sn\/\",\"logo\":{\"@type\":\"ImageObject\",\"inLanguage\":\"fr-FR\",\"@id\":\"https:\/\/www.public.sn\/#\/schema\/logo\/image\/\",\"url\":\"https:\/\/www.public.sn\/wp-content\/uploads\/2024\/05\/cropped-LOGO-PUBLIC.SN_.png\",\"contentUrl\":\"https:\/\/www.public.sn\/wp-content\/uploads\/2024\/05\/cropped-LOGO-PUBLIC.SN_.png\",\"width\":682,\"height\":192,\"caption\":\"LE PUBLIC\"},\"image\":{\"@id\":\"https:\/\/www.public.sn\/#\/schema\/logo\/image\/\"}},{\"@type\":\"Person\",\"@id\":\"https:\/\/www.public.sn\/#\/schema\/person\/cb76c8e1b8becc6be61fb5e92d6d0224\",\"name\":\"LA REDACTION\",\"image\":{\"@type\":\"ImageObject\",\"inLanguage\":\"fr-FR\",\"@id\":\"https:\/\/www.public.sn\/#\/schema\/person\/image\/\",\"url\":\"https:\/\/secure.gravatar.com\/avatar\/2dce5ddd34b8fef0180efe03aa2a9bee7d953856048f9a16b298190a3178407c?s=96&d=mm&r=g\",\"contentUrl\":\"https:\/\/secure.gravatar.com\/avatar\/2dce5ddd34b8fef0180efe03aa2a9bee7d953856048f9a16b298190a3178407c?s=96&d=mm&r=g\",\"caption\":\"LA REDACTION\"},\"url\":\"https:\/\/www.public.sn\/index.php\/author\/editeurpsn\/\"}]}<\/script>\n<!-- \/ Yoast SEO plugin. -->","yoast_head_json":{"title":"imam Dram\u00e9 : \"Thiaba lamu waax amoul...\" - LE PUBLIC","robots":{"index":"index","follow":"follow","max-snippet":"max-snippet:-1","max-image-preview":"max-image-preview:large","max-video-preview":"max-video-preview:-1"},"canonical":"https:\/\/www.public.sn\/index.php\/2022\/10\/27\/imam-drame-thiaba-lanu-waax-amoul\/","og_locale":"fr_FR","og_type":"article","og_title":"imam Dram\u00e9 : \"Thiaba lamu waax amoul...\" - LE PUBLIC","og_description":"Accus\u00e9 de viol par la fille de Fatou Tampi, Imam Dram\u00e9 estime que tout ceci ne sont que des contrev\u00e9rit\u00e9s. La v\u00e9rit\u00e9 est que Tiaba avait \u00e9t\u00e9 instrumentalis\u00e9e. Etant un homme public, il n\u2019est pas impossible que de tels propos soient tenus sur lui. Imam Dram\u00e9 rappelle qu\u2019il n\u2019est pas du Pastef mais que son combat c\u2019est de se battre contre l\u2019injustice. Des propos tenus dans cet entretien avec Publics. Vito Gaye","og_url":"https:\/\/www.public.sn\/index.php\/2022\/10\/27\/imam-drame-thiaba-lanu-waax-amoul\/","og_site_name":"LE PUBLIC","article_published_time":"2022-10-27T12:03:24+00:00","article_modified_time":"2022-10-27T18:18:59+00:00","og_image":[{"width":1280,"height":720,"url":"https:\/\/www.public.sn\/wp-content\/uploads\/2022\/10\/drame.jpg","type":"image\/jpeg"}],"author":"LA REDACTION","twitter_card":"summary_large_image","twitter_misc":{"\u00c9crit par":"LA REDACTION","Dur\u00e9e de lecture estim\u00e9e":"1 minute"},"schema":{"@context":"https:\/\/schema.org","@graph":[{"@type":"Article","@id":"https:\/\/www.public.sn\/index.php\/2022\/10\/27\/imam-drame-thiaba-lanu-waax-amoul\/#article","isPartOf":{"@id":"https:\/\/www.public.sn\/index.php\/2022\/10\/27\/imam-drame-thiaba-lanu-waax-amoul\/"},"author":{"name":"LA REDACTION","@id":"https:\/\/www.public.sn\/#\/schema\/person\/cb76c8e1b8becc6be61fb5e92d6d0224"},"headline":"imam Dram\u00e9 : \u00ab\u00a0Thiaba lamu waax amoul&#8230;\u00a0\u00bb","datePublished":"2022-10-27T12:03:24+00:00","dateModified":"2022-10-27T18:18:59+00:00","mainEntityOfPage":{"@id":"https:\/\/www.public.sn\/index.php\/2022\/10\/27\/imam-drame-thiaba-lanu-waax-amoul\/"},"wordCount":87,"commentCount":0,"publisher":{"@id":"https:\/\/www.public.sn\/#organization"},"image":{"@id":"https:\/\/www.public.sn\/index.php\/2022\/10\/27\/imam-drame-thiaba-lanu-waax-amoul\/#primaryimage"},"thumbnailUrl":"https:\/\/www.public.sn\/wp-content\/uploads\/2022\/10\/drame.jpg","keywords":["imam drame","Pastef","thiaba"],"articleSection":["ACTUALIT\u00c9S","FAITS DIVERS","S\u00c9N\u00c9GAL"],"inLanguage":"fr-FR","potentialAction":[{"@type":"CommentAction","name":"Comment","target":["https:\/\/www.public.sn\/index.php\/2022\/10\/27\/imam-drame-thiaba-lanu-waax-amoul\/#respond"]}]},{"@type":"WebPage","@id":"https:\/\/www.public.sn\/index.php\/2022\/10\/27\/imam-drame-thiaba-lanu-waax-amoul\/","url":"https:\/\/www.public.sn\/index.php\/2022\/10\/27\/imam-drame-thiaba-lanu-waax-amoul\/","name":"imam Dram\u00e9 : \"Thiaba lamu waax amoul...\" - LE PUBLIC","isPartOf":{"@id":"https:\/\/www.public.sn\/#website"},"primaryImageOfPage":{"@id":"https:\/\/www.public.sn\/index.php\/2022\/10\/27\/imam-drame-thiaba-lanu-waax-amoul\/#primaryimage"},"image":{"@id":"https:\/\/www.public.sn\/index.php\/2022\/10\/27\/imam-drame-thiaba-lanu-waax-amoul\/#primaryimage"},"thumbnailUrl":"https:\/\/www.public.sn\/wp-content\/uploads\/2022\/10\/drame.jpg","datePublished":"2022-10-27T12:03:24+00:00","dateModified":"2022-10-27T18:18:59+00:00","breadcrumb":{"@id":"https:\/\/www.public.sn\/index.php\/2022\/10\/27\/imam-drame-thiaba-lanu-waax-amoul\/#breadcrumb"},"inLanguage":"fr-FR","potentialAction":[{"@type":"ReadAction","target":["https:\/\/www.public.sn\/index.php\/2022\/10\/27\/imam-drame-thiaba-lanu-waax-amoul\/"]}]},{"@type":"ImageObject","inLanguage":"fr-FR","@id":"https:\/\/www.public.sn\/index.php\/2022\/10\/27\/imam-drame-thiaba-lanu-waax-amoul\/#primaryimage","url":"https:\/\/www.public.sn\/wp-content\/uploads\/2022\/10\/drame.jpg","contentUrl":"https:\/\/www.public.sn\/wp-content\/uploads\/2022\/10\/drame.jpg","width":1280,"height":720,"caption":"publics"},{"@type":"BreadcrumbList","@id":"https:\/\/www.public.sn\/index.php\/2022\/10\/27\/imam-drame-thiaba-lanu-waax-amoul\/#breadcrumb","itemListElement":[{"@type":"ListItem","position":1,"name":"Accueil","item":"https:\/\/www.public.sn\/"},{"@type":"ListItem","position":2,"name":"imam Dram\u00e9 : \u00ab\u00a0Thiaba lamu waax amoul&#8230;\u00a0\u00bb"}]},{"@type":"WebSite","@id":"https:\/\/www.public.sn\/#website","url":"https:\/\/www.public.sn\/","name":"LE PUBLIC","description":"","publisher":{"@id":"https:\/\/www.public.sn\/#organization"},"potentialAction":[{"@type":"SearchAction","target":{"@type":"EntryPoint","urlTemplate":"https:\/\/www.public.sn\/?s={search_term_string}"},"query-input":{"@type":"PropertyValueSpecification","valueRequired":true,"valueName":"search_term_string"}}],"inLanguage":"fr-FR"},{"@type":"Organization","@id":"https:\/\/www.public.sn\/#organization","name":"LE PUBLIC","url":"https:\/\/www.public.sn\/","logo":{"@type":"ImageObject","inLanguage":"fr-FR","@id":"https:\/\/www.public.sn\/#\/schema\/logo\/image\/","url":"https:\/\/www.public.sn\/wp-content\/uploads\/2024\/05\/cropped-LOGO-PUBLIC.SN_.png","contentUrl":"https:\/\/www.public.sn\/wp-content\/uploads\/2024\/05\/cropped-LOGO-PUBLIC.SN_.png","width":682,"height":192,"caption":"LE PUBLIC"},"image":{"@id":"https:\/\/www.public.sn\/#\/schema\/logo\/image\/"}},{"@type":"Person","@id":"https:\/\/www.public.sn\/#\/schema\/person\/cb76c8e1b8becc6be61fb5e92d6d0224","name":"LA REDACTION","image":{"@type":"ImageObject","inLanguage":"fr-FR","@id":"https:\/\/www.public.sn\/#\/schema\/person\/image\/","url":"https:\/\/secure.gravatar.com\/avatar\/2dce5ddd34b8fef0180efe03aa2a9bee7d953856048f9a16b298190a3178407c?s=96&d=mm&r=g","contentUrl":"https:\/\/secure.gravatar.com\/avatar\/2dce5ddd34b8fef0180efe03aa2a9bee7d953856048f9a16b298190a3178407c?s=96&d=mm&r=g","caption":"LA REDACTION"},"url":"https:\/\/www.public.sn\/index.php\/author\/editeurpsn\/"}]}},"jetpack_featured_media_url":"https:\/\/www.public.sn\/wp-content\/uploads\/2022\/10\/drame.jpg","jetpack_sharing_enabled":true,"_links":{"self":[{"href":"https:\/\/www.public.sn\/index.php\/wp-json\/wp\/v2\/posts\/6082","targetHints":{"allow":["GET"]}}],"collection":[{"href":"https:\/\/www.public.sn\/index.php\/wp-json\/wp\/v2\/posts"}],"about":[{"href":"https:\/\/www.public.sn\/index.php\/wp-json\/wp\/v2\/types\/post"}],"author":[{"embeddable":true,"href":"https:\/\/www.public.sn\/index.php\/wp-json\/wp\/v2\/users\/7"}],"replies":[{"embeddable":true,"href":"https:\/\/www.public.sn\/index.php\/wp-json\/wp\/v2\/comments?post=6082"}],"version-history":[{"count":2,"href":"https:\/\/www.public.sn\/index.php\/wp-json\/wp\/v2\/posts\/6082\/revisions"}],"predecessor-version":[{"id":6155,"href":"https:\/\/www.public.sn\/index.php\/wp-json\/wp\/v2\/posts\/6082\/revisions\/6155"}],"wp:featuredmedia":[{"embeddable":true,"href":"https:\/\/www.public.sn\/index.php\/wp-json\/wp\/v2\/media\/6083"}],"wp:attachment":[{"href":"https:\/\/www.public.sn\/index.php\/wp-json\/wp\/v2\/media?parent=6082"}],"wp:term":[{"taxonomy":"category","embeddable":true,"href":"https:\/\/www.public.sn\/index.php\/wp-json\/wp\/v2\/categories?post=6082"},{"taxonomy":"post_tag","embeddable":true,"href":"https:\/\/www.public.sn\/index.php\/wp-json\/wp\/v2\/tags?post=6082"}],"curies":[{"name":"wp","href":"https:\/\/api.w.org\/{rel}","templated":true}]}}