{"id":6086,"date":"2022-10-27T12:40:10","date_gmt":"2022-10-27T12:40:10","guid":{"rendered":"https:\/\/www.public.sn\/?p=6086"},"modified":"2022-10-27T12:40:12","modified_gmt":"2022-10-27T12:40:12","slug":"imam-kante-cest-regrettable-ce-qui-ce-passe-dans-les-lieux-de-culte","status":"publish","type":"post","link":"https:\/\/www.public.sn\/index.php\/2022\/10\/27\/imam-kante-cest-regrettable-ce-qui-ce-passe-dans-les-lieux-de-culte\/","title":{"rendered":"Imam Kant\u00e9 \u00ab\u00a0c\u2019est regrettable ce qui ce passe dans les lieux de culte\u2026\u00a0\u00bb"},"content":{"rendered":"\n<p><\/p>\n\n\n\n<p>Amadou Makhtar Kant\u00e9 dit Imam Kant\u00e9&nbsp;est contre ce qui passe dans certaines mosqu\u00e9es et se d\u00e9sole des comportements de certains &nbsp;imams, \u00abC\u2019est regrettable qu\u2019il y ait des \u00e9v\u00e8nements de ce genre et surtout dans des lieux de culte. C\u2019est vraiment choquant qu\u2019on dise qu\u2019il y a des gens qui se chamaillent dans une mosqu\u00e9e, une \u00e9glise ou dans un temple. Mais la nature humaine faisant, il est arriv\u00e9 dans l\u2019histoire des lieux de culte, il est arriv\u00e9 des choses tr\u00e8s graves, que \u00e7a soit dans des mosqu\u00e9es, des \u00e9glises, des temples&nbsp;; et pourtant, ce n\u2019est pas forc\u00e9ment la vocation de ces lieux. Il y a toujours la nature humaine derni\u00e8re. Donc, il y a des ambitions humaines avou\u00e9es ou non, des influences de Satan qui essaient de diviser la communaut\u00e9. Je disais \u00e0 quelqu\u2019un qu\u2019une mosqu\u00e9e, ce n\u2019est pas seulement un b\u00e2timent. C\u2019est un groupe social dans le sens o\u00f9 il y a des gens qui viennent avec des temp\u00e9raments diff\u00e9rents, une \u00e9ducation diff\u00e9rente, des exp\u00e9riences, des ambitions et des intentions diff\u00e9rentes. Et tout ce monde-l\u00e0 se retrouve \u00e0 la mosqu\u00e9e et vous ne pouvez dire \u00e0 personne pourquoi vous \u00eates \u00e0 la mosqu\u00e9e. Donc, quand la mosqu\u00e9e aussi a des probl\u00e8mes d\u2019organisation et \u00e7a c\u2019est un des grands probl\u00e8mes de nos mosqu\u00e9es au S\u00e9n\u00e9gal&nbsp;\u00bb, explique-t-il.<\/p><div class=\"publi-paragraphe1\" style=\"margin-top: 10px;margin-bottom: 10px;margin-left: auto;margin-right: auto;text-align: center;\" id=\"publi-152923426\"><div class=\"publi-adlabel\">Publicit\u00e9<\/div><script async src=\"\/\/pagead2.googlesyndication.com\/pagead\/js\/adsbygoogle.js?client=ca-pub-4089586018074219\" crossorigin=\"anonymous\"><\/script><ins class=\"adsbygoogle\" style=\"display:block;\" data-ad-client=\"ca-pub-4089586018074219\" \ndata-ad-slot=\"2087940154\" \ndata-ad-format=\"auto\"><\/ins>\n<script> \n(adsbygoogle = window.adsbygoogle || []).push({}); \n<\/script>\n<\/div>\n\n\n\n<p>Mame Marie THIAM<\/p>\n\n\n<p><iframe width=\"875\" height=\"492\" src=\"https:\/\/www.youtube.com\/embed\/5Y0aJWrcfXA\" title=\"Imam Kant\u00e9: la xew si diouma karack diadouwoul....\" frameborder=\"0\" allow=\"accelerometer; autoplay; clipboard-write; encrypted-media; gyroscope; picture-in-picture\" allowfullscreen=\"\"><\/iframe><\/p><div class=\"publi-apres-le-contenu\" style=\"margin-top: 10px;margin-bottom: 10px;margin-left: auto;margin-right: auto;text-align: center;\" id=\"publi-3172757780\"><div class=\"publi-adlabel\">Publicit\u00e9<\/div><script async src=\"\/\/pagead2.googlesyndication.com\/pagead\/js\/adsbygoogle.js?client=ca-pub-4089586018074219\" crossorigin=\"anonymous\"><\/script><ins class=\"adsbygoogle\" style=\"display:block;\" data-ad-client=\"ca-pub-4089586018074219\" \ndata-ad-slot=\"2087940154\" \ndata-ad-format=\"auto\"><\/ins>\n<script> \n(adsbygoogle = window.adsbygoogle || []).push({}); \n<\/script>\n<\/div>","protected":false},"excerpt":{"rendered":"<p>Amadou Makhtar Kant\u00e9 dit Imam Kant\u00e9&nbsp;est contre ce qui passe dans certaines mosqu\u00e9es et se d\u00e9sole des comportements de certains &nbsp;imams, \u00abC\u2019est regrettable qu\u2019il y ait des \u00e9v\u00e8nements de ce genre et surtout dans des lieux de culte. C\u2019est vraiment choquant qu\u2019on dise qu\u2019il y a des gens qui se chamaillent dans une mosqu\u00e9e, une \u00e9glise ou dans un temple. Mais la nature humaine faisant, il est arriv\u00e9 dans l\u2019histoire des lieux de culte, il est arriv\u00e9 des choses tr\u00e8s graves, que \u00e7a soit dans des mosqu\u00e9es, des \u00e9glises, des temples&nbsp;; et pourtant, ce n\u2019est pas forc\u00e9ment la vocation de ces lieux. Il y a toujours la nature humaine derni\u00e8re. Donc, il y a des ambitions humaines avou\u00e9es ou non, des influences de Satan qui essaient de diviser la communaut\u00e9. Je disais \u00e0 quelqu\u2019un qu\u2019une mosqu\u00e9e, ce n\u2019est pas seulement un b\u00e2timent. C\u2019est un groupe social dans le sens o\u00f9 il y a des gens qui viennent avec des temp\u00e9raments diff\u00e9rents, une \u00e9ducation diff\u00e9rente, des exp\u00e9riences, des ambitions et des intentions diff\u00e9rentes. Et tout ce monde-l\u00e0 se retrouve \u00e0 la mosqu\u00e9e et vous ne pouvez dire \u00e0 personne pourquoi vous \u00eates \u00e0 la mosqu\u00e9e. Donc, quand la mosqu\u00e9e aussi a des probl\u00e8mes d\u2019organisation et \u00e7a c\u2019est un des grands probl\u00e8mes de nos mosqu\u00e9es au S\u00e9n\u00e9gal&nbsp;\u00bb, explique-t-il. Mame Marie THIAM<\/p>\n","protected":false},"author":7,"featured_media":6095,"comment_status":"open","ping_status":"open","sticky":false,"template":"","format":"standard","meta":{"_jetpack_memberships_contains_paid_content":false,"footnotes":""},"categories":[375,878,4],"tags":[2103,2105,2104],"class_list":["post-6086","post","type-post","status-publish","format-standard","has-post-thumbnail","hentry","category-actualites","category-religion","category-societe","tag-imam-kante","tag-lieux-de-culte","tag-regrette","entry","has-media","owp-thumbs-layout-horizontal","owp-btn-normal","owp-tabs-layout-horizontal","has-no-thumbnails","has-product-nav"],"yoast_head":"<!-- This site is optimized with the Yoast SEO plugin v25.5 - https:\/\/yoast.com\/wordpress\/plugins\/seo\/ -->\n<title>Imam Kant\u00e9 \u00ab\u00a0c\u2019est regrettable ce qui ce passe dans les lieux de culte\u2026\u00a0\u00bb - LE PUBLIC<\/title>\n<meta name=\"robots\" content=\"index, follow, max-snippet:-1, max-image-preview:large, max-video-preview:-1\" \/>\n<link rel=\"canonical\" href=\"https:\/\/www.public.sn\/index.php\/2022\/10\/27\/imam-kante-cest-regrettable-ce-qui-ce-passe-dans-les-lieux-de-culte\/\" \/>\n<meta property=\"og:locale\" content=\"fr_FR\" \/>\n<meta property=\"og:type\" content=\"article\" \/>\n<meta property=\"og:title\" content=\"Imam Kant\u00e9 \u00ab\u00a0c\u2019est regrettable ce qui ce passe dans les lieux de culte\u2026\u00a0\u00bb - LE PUBLIC\" \/>\n<meta property=\"og:description\" content=\"Amadou Makhtar Kant\u00e9 dit Imam Kant\u00e9&nbsp;est contre ce qui passe dans certaines mosqu\u00e9es et se d\u00e9sole des comportements de certains &nbsp;imams, \u00abC\u2019est regrettable qu\u2019il y ait des \u00e9v\u00e8nements de ce genre et surtout dans des lieux de culte. C\u2019est vraiment choquant qu\u2019on dise qu\u2019il y a des gens qui se chamaillent dans une mosqu\u00e9e, une \u00e9glise ou dans un temple. Mais la nature humaine faisant, il est arriv\u00e9 dans l\u2019histoire des lieux de culte, il est arriv\u00e9 des choses tr\u00e8s graves, que \u00e7a soit dans des mosqu\u00e9es, des \u00e9glises, des temples&nbsp;; et pourtant, ce n\u2019est pas forc\u00e9ment la vocation de ces lieux. Il y a toujours la nature humaine derni\u00e8re. Donc, il y a des ambitions humaines avou\u00e9es ou non, des influences de Satan qui essaient de diviser la communaut\u00e9. Je disais \u00e0 quelqu\u2019un qu\u2019une mosqu\u00e9e, ce n\u2019est pas seulement un b\u00e2timent. C\u2019est un groupe social dans le sens o\u00f9 il y a des gens qui viennent avec des temp\u00e9raments diff\u00e9rents, une \u00e9ducation diff\u00e9rente, des exp\u00e9riences, des ambitions et des intentions diff\u00e9rentes. Et tout ce monde-l\u00e0 se retrouve \u00e0 la mosqu\u00e9e et vous ne pouvez dire \u00e0 personne pourquoi vous \u00eates \u00e0 la mosqu\u00e9e. Donc, quand la mosqu\u00e9e aussi a des probl\u00e8mes d\u2019organisation et \u00e7a c\u2019est un des grands probl\u00e8mes de nos mosqu\u00e9es au S\u00e9n\u00e9gal&nbsp;\u00bb, explique-t-il. Mame Marie THIAM\" \/>\n<meta property=\"og:url\" content=\"https:\/\/www.public.sn\/index.php\/2022\/10\/27\/imam-kante-cest-regrettable-ce-qui-ce-passe-dans-les-lieux-de-culte\/\" \/>\n<meta property=\"og:site_name\" content=\"LE PUBLIC\" \/>\n<meta property=\"article:published_time\" content=\"2022-10-27T12:40:10+00:00\" \/>\n<meta property=\"article:modified_time\" content=\"2022-10-27T12:40:12+00:00\" \/>\n<meta property=\"og:image\" content=\"https:\/\/www.public.sn\/wp-content\/uploads\/2022\/10\/imam-kante.jpg\" \/>\n\t<meta property=\"og:image:width\" content=\"278\" \/>\n\t<meta property=\"og:image:height\" content=\"182\" \/>\n\t<meta property=\"og:image:type\" content=\"image\/jpeg\" \/>\n<meta name=\"author\" content=\"LA REDACTION\" \/>\n<meta name=\"twitter:card\" content=\"summary_large_image\" \/>\n<meta name=\"twitter:label1\" content=\"\u00c9crit par\" \/>\n\t<meta name=\"twitter:data1\" content=\"LA REDACTION\" \/>\n\t<meta name=\"twitter:label2\" content=\"Dur\u00e9e de lecture estim\u00e9e\" \/>\n\t<meta name=\"twitter:data2\" content=\"2 minutes\" \/>\n<script type=\"application\/ld+json\" class=\"yoast-schema-graph\">{\"@context\":\"https:\/\/schema.org\",\"@graph\":[{\"@type\":\"Article\",\"@id\":\"https:\/\/www.public.sn\/index.php\/2022\/10\/27\/imam-kante-cest-regrettable-ce-qui-ce-passe-dans-les-lieux-de-culte\/#article\",\"isPartOf\":{\"@id\":\"https:\/\/www.public.sn\/index.php\/2022\/10\/27\/imam-kante-cest-regrettable-ce-qui-ce-passe-dans-les-lieux-de-culte\/\"},\"author\":{\"name\":\"LA REDACTION\",\"@id\":\"https:\/\/www.public.sn\/#\/schema\/person\/cb76c8e1b8becc6be61fb5e92d6d0224\"},\"headline\":\"Imam Kant\u00e9 \u00ab\u00a0c\u2019est regrettable ce qui ce passe dans les lieux de culte\u2026\u00a0\u00bb\",\"datePublished\":\"2022-10-27T12:40:10+00:00\",\"dateModified\":\"2022-10-27T12:40:12+00:00\",\"mainEntityOfPage\":{\"@id\":\"https:\/\/www.public.sn\/index.php\/2022\/10\/27\/imam-kante-cest-regrettable-ce-qui-ce-passe-dans-les-lieux-de-culte\/\"},\"wordCount\":271,\"commentCount\":0,\"publisher\":{\"@id\":\"https:\/\/www.public.sn\/#organization\"},\"image\":{\"@id\":\"https:\/\/www.public.sn\/index.php\/2022\/10\/27\/imam-kante-cest-regrettable-ce-qui-ce-passe-dans-les-lieux-de-culte\/#primaryimage\"},\"thumbnailUrl\":\"https:\/\/www.public.sn\/wp-content\/uploads\/2022\/10\/imam-kante.jpg\",\"keywords\":[\"imam kante\",\"lieux de culte\",\"regrette\"],\"articleSection\":[\"ACTUALIT\u00c9S\",\"RELIGION\",\"SOCIETE\"],\"inLanguage\":\"fr-FR\",\"potentialAction\":[{\"@type\":\"CommentAction\",\"name\":\"Comment\",\"target\":[\"https:\/\/www.public.sn\/index.php\/2022\/10\/27\/imam-kante-cest-regrettable-ce-qui-ce-passe-dans-les-lieux-de-culte\/#respond\"]}]},{\"@type\":\"WebPage\",\"@id\":\"https:\/\/www.public.sn\/index.php\/2022\/10\/27\/imam-kante-cest-regrettable-ce-qui-ce-passe-dans-les-lieux-de-culte\/\",\"url\":\"https:\/\/www.public.sn\/index.php\/2022\/10\/27\/imam-kante-cest-regrettable-ce-qui-ce-passe-dans-les-lieux-de-culte\/\",\"name\":\"Imam Kant\u00e9 \u00ab\u00a0c\u2019est regrettable ce qui ce passe dans les lieux de culte\u2026\u00a0\u00bb - LE PUBLIC\",\"isPartOf\":{\"@id\":\"https:\/\/www.public.sn\/#website\"},\"primaryImageOfPage\":{\"@id\":\"https:\/\/www.public.sn\/index.php\/2022\/10\/27\/imam-kante-cest-regrettable-ce-qui-ce-passe-dans-les-lieux-de-culte\/#primaryimage\"},\"image\":{\"@id\":\"https:\/\/www.public.sn\/index.php\/2022\/10\/27\/imam-kante-cest-regrettable-ce-qui-ce-passe-dans-les-lieux-de-culte\/#primaryimage\"},\"thumbnailUrl\":\"https:\/\/www.public.sn\/wp-content\/uploads\/2022\/10\/imam-kante.jpg\",\"datePublished\":\"2022-10-27T12:40:10+00:00\",\"dateModified\":\"2022-10-27T12:40:12+00:00\",\"breadcrumb\":{\"@id\":\"https:\/\/www.public.sn\/index.php\/2022\/10\/27\/imam-kante-cest-regrettable-ce-qui-ce-passe-dans-les-lieux-de-culte\/#breadcrumb\"},\"inLanguage\":\"fr-FR\",\"potentialAction\":[{\"@type\":\"ReadAction\",\"target\":[\"https:\/\/www.public.sn\/index.php\/2022\/10\/27\/imam-kante-cest-regrettable-ce-qui-ce-passe-dans-les-lieux-de-culte\/\"]}]},{\"@type\":\"ImageObject\",\"inLanguage\":\"fr-FR\",\"@id\":\"https:\/\/www.public.sn\/index.php\/2022\/10\/27\/imam-kante-cest-regrettable-ce-qui-ce-passe-dans-les-lieux-de-culte\/#primaryimage\",\"url\":\"https:\/\/www.public.sn\/wp-content\/uploads\/2022\/10\/imam-kante.jpg\",\"contentUrl\":\"https:\/\/www.public.sn\/wp-content\/uploads\/2022\/10\/imam-kante.jpg\",\"width\":278,\"height\":182},{\"@type\":\"BreadcrumbList\",\"@id\":\"https:\/\/www.public.sn\/index.php\/2022\/10\/27\/imam-kante-cest-regrettable-ce-qui-ce-passe-dans-les-lieux-de-culte\/#breadcrumb\",\"itemListElement\":[{\"@type\":\"ListItem\",\"position\":1,\"name\":\"Accueil\",\"item\":\"https:\/\/www.public.sn\/\"},{\"@type\":\"ListItem\",\"position\":2,\"name\":\"Imam Kant\u00e9 \u00ab\u00a0c\u2019est regrettable ce qui ce passe dans les lieux de culte\u2026\u00a0\u00bb\"}]},{\"@type\":\"WebSite\",\"@id\":\"https:\/\/www.public.sn\/#website\",\"url\":\"https:\/\/www.public.sn\/\",\"name\":\"LE PUBLIC\",\"description\":\"\",\"publisher\":{\"@id\":\"https:\/\/www.public.sn\/#organization\"},\"potentialAction\":[{\"@type\":\"SearchAction\",\"target\":{\"@type\":\"EntryPoint\",\"urlTemplate\":\"https:\/\/www.public.sn\/?s={search_term_string}\"},\"query-input\":{\"@type\":\"PropertyValueSpecification\",\"valueRequired\":true,\"valueName\":\"search_term_string\"}}],\"inLanguage\":\"fr-FR\"},{\"@type\":\"Organization\",\"@id\":\"https:\/\/www.public.sn\/#organization\",\"name\":\"LE PUBLIC\",\"url\":\"https:\/\/www.public.sn\/\",\"logo\":{\"@type\":\"ImageObject\",\"inLanguage\":\"fr-FR\",\"@id\":\"https:\/\/www.public.sn\/#\/schema\/logo\/image\/\",\"url\":\"https:\/\/www.public.sn\/wp-content\/uploads\/2024\/05\/cropped-LOGO-PUBLIC.SN_.png\",\"contentUrl\":\"https:\/\/www.public.sn\/wp-content\/uploads\/2024\/05\/cropped-LOGO-PUBLIC.SN_.png\",\"width\":682,\"height\":192,\"caption\":\"LE PUBLIC\"},\"image\":{\"@id\":\"https:\/\/www.public.sn\/#\/schema\/logo\/image\/\"}},{\"@type\":\"Person\",\"@id\":\"https:\/\/www.public.sn\/#\/schema\/person\/cb76c8e1b8becc6be61fb5e92d6d0224\",\"name\":\"LA REDACTION\",\"image\":{\"@type\":\"ImageObject\",\"inLanguage\":\"fr-FR\",\"@id\":\"https:\/\/www.public.sn\/#\/schema\/person\/image\/\",\"url\":\"https:\/\/secure.gravatar.com\/avatar\/2dce5ddd34b8fef0180efe03aa2a9bee7d953856048f9a16b298190a3178407c?s=96&d=mm&r=g\",\"contentUrl\":\"https:\/\/secure.gravatar.com\/avatar\/2dce5ddd34b8fef0180efe03aa2a9bee7d953856048f9a16b298190a3178407c?s=96&d=mm&r=g\",\"caption\":\"LA REDACTION\"},\"url\":\"https:\/\/www.public.sn\/index.php\/author\/editeurpsn\/\"}]}<\/script>\n<!-- \/ Yoast SEO plugin. -->","yoast_head_json":{"title":"Imam Kant\u00e9 \u00ab\u00a0c\u2019est regrettable ce qui ce passe dans les lieux de culte\u2026\u00a0\u00bb - LE PUBLIC","robots":{"index":"index","follow":"follow","max-snippet":"max-snippet:-1","max-image-preview":"max-image-preview:large","max-video-preview":"max-video-preview:-1"},"canonical":"https:\/\/www.public.sn\/index.php\/2022\/10\/27\/imam-kante-cest-regrettable-ce-qui-ce-passe-dans-les-lieux-de-culte\/","og_locale":"fr_FR","og_type":"article","og_title":"Imam Kant\u00e9 \u00ab\u00a0c\u2019est regrettable ce qui ce passe dans les lieux de culte\u2026\u00a0\u00bb - LE PUBLIC","og_description":"Amadou Makhtar Kant\u00e9 dit Imam Kant\u00e9&nbsp;est contre ce qui passe dans certaines mosqu\u00e9es et se d\u00e9sole des comportements de certains &nbsp;imams, \u00abC\u2019est regrettable qu\u2019il y ait des \u00e9v\u00e8nements de ce genre et surtout dans des lieux de culte. C\u2019est vraiment choquant qu\u2019on dise qu\u2019il y a des gens qui se chamaillent dans une mosqu\u00e9e, une \u00e9glise ou dans un temple. Mais la nature humaine faisant, il est arriv\u00e9 dans l\u2019histoire des lieux de culte, il est arriv\u00e9 des choses tr\u00e8s graves, que \u00e7a soit dans des mosqu\u00e9es, des \u00e9glises, des temples&nbsp;; et pourtant, ce n\u2019est pas forc\u00e9ment la vocation de ces lieux. Il y a toujours la nature humaine derni\u00e8re. Donc, il y a des ambitions humaines avou\u00e9es ou non, des influences de Satan qui essaient de diviser la communaut\u00e9. Je disais \u00e0 quelqu\u2019un qu\u2019une mosqu\u00e9e, ce n\u2019est pas seulement un b\u00e2timent. C\u2019est un groupe social dans le sens o\u00f9 il y a des gens qui viennent avec des temp\u00e9raments diff\u00e9rents, une \u00e9ducation diff\u00e9rente, des exp\u00e9riences, des ambitions et des intentions diff\u00e9rentes. Et tout ce monde-l\u00e0 se retrouve \u00e0 la mosqu\u00e9e et vous ne pouvez dire \u00e0 personne pourquoi vous \u00eates \u00e0 la mosqu\u00e9e. Donc, quand la mosqu\u00e9e aussi a des probl\u00e8mes d\u2019organisation et \u00e7a c\u2019est un des grands probl\u00e8mes de nos mosqu\u00e9es au S\u00e9n\u00e9gal&nbsp;\u00bb, explique-t-il. Mame Marie THIAM","og_url":"https:\/\/www.public.sn\/index.php\/2022\/10\/27\/imam-kante-cest-regrettable-ce-qui-ce-passe-dans-les-lieux-de-culte\/","og_site_name":"LE PUBLIC","article_published_time":"2022-10-27T12:40:10+00:00","article_modified_time":"2022-10-27T12:40:12+00:00","og_image":[{"width":278,"height":182,"url":"https:\/\/www.public.sn\/wp-content\/uploads\/2022\/10\/imam-kante.jpg","type":"image\/jpeg"}],"author":"LA REDACTION","twitter_card":"summary_large_image","twitter_misc":{"\u00c9crit par":"LA REDACTION","Dur\u00e9e de lecture estim\u00e9e":"2 minutes"},"schema":{"@context":"https:\/\/schema.org","@graph":[{"@type":"Article","@id":"https:\/\/www.public.sn\/index.php\/2022\/10\/27\/imam-kante-cest-regrettable-ce-qui-ce-passe-dans-les-lieux-de-culte\/#article","isPartOf":{"@id":"https:\/\/www.public.sn\/index.php\/2022\/10\/27\/imam-kante-cest-regrettable-ce-qui-ce-passe-dans-les-lieux-de-culte\/"},"author":{"name":"LA REDACTION","@id":"https:\/\/www.public.sn\/#\/schema\/person\/cb76c8e1b8becc6be61fb5e92d6d0224"},"headline":"Imam Kant\u00e9 \u00ab\u00a0c\u2019est regrettable ce qui ce passe dans les lieux de culte\u2026\u00a0\u00bb","datePublished":"2022-10-27T12:40:10+00:00","dateModified":"2022-10-27T12:40:12+00:00","mainEntityOfPage":{"@id":"https:\/\/www.public.sn\/index.php\/2022\/10\/27\/imam-kante-cest-regrettable-ce-qui-ce-passe-dans-les-lieux-de-culte\/"},"wordCount":271,"commentCount":0,"publisher":{"@id":"https:\/\/www.public.sn\/#organization"},"image":{"@id":"https:\/\/www.public.sn\/index.php\/2022\/10\/27\/imam-kante-cest-regrettable-ce-qui-ce-passe-dans-les-lieux-de-culte\/#primaryimage"},"thumbnailUrl":"https:\/\/www.public.sn\/wp-content\/uploads\/2022\/10\/imam-kante.jpg","keywords":["imam kante","lieux de culte","regrette"],"articleSection":["ACTUALIT\u00c9S","RELIGION","SOCIETE"],"inLanguage":"fr-FR","potentialAction":[{"@type":"CommentAction","name":"Comment","target":["https:\/\/www.public.sn\/index.php\/2022\/10\/27\/imam-kante-cest-regrettable-ce-qui-ce-passe-dans-les-lieux-de-culte\/#respond"]}]},{"@type":"WebPage","@id":"https:\/\/www.public.sn\/index.php\/2022\/10\/27\/imam-kante-cest-regrettable-ce-qui-ce-passe-dans-les-lieux-de-culte\/","url":"https:\/\/www.public.sn\/index.php\/2022\/10\/27\/imam-kante-cest-regrettable-ce-qui-ce-passe-dans-les-lieux-de-culte\/","name":"Imam Kant\u00e9 \u00ab\u00a0c\u2019est regrettable ce qui ce passe dans les lieux de culte\u2026\u00a0\u00bb - LE PUBLIC","isPartOf":{"@id":"https:\/\/www.public.sn\/#website"},"primaryImageOfPage":{"@id":"https:\/\/www.public.sn\/index.php\/2022\/10\/27\/imam-kante-cest-regrettable-ce-qui-ce-passe-dans-les-lieux-de-culte\/#primaryimage"},"image":{"@id":"https:\/\/www.public.sn\/index.php\/2022\/10\/27\/imam-kante-cest-regrettable-ce-qui-ce-passe-dans-les-lieux-de-culte\/#primaryimage"},"thumbnailUrl":"https:\/\/www.public.sn\/wp-content\/uploads\/2022\/10\/imam-kante.jpg","datePublished":"2022-10-27T12:40:10+00:00","dateModified":"2022-10-27T12:40:12+00:00","breadcrumb":{"@id":"https:\/\/www.public.sn\/index.php\/2022\/10\/27\/imam-kante-cest-regrettable-ce-qui-ce-passe-dans-les-lieux-de-culte\/#breadcrumb"},"inLanguage":"fr-FR","potentialAction":[{"@type":"ReadAction","target":["https:\/\/www.public.sn\/index.php\/2022\/10\/27\/imam-kante-cest-regrettable-ce-qui-ce-passe-dans-les-lieux-de-culte\/"]}]},{"@type":"ImageObject","inLanguage":"fr-FR","@id":"https:\/\/www.public.sn\/index.php\/2022\/10\/27\/imam-kante-cest-regrettable-ce-qui-ce-passe-dans-les-lieux-de-culte\/#primaryimage","url":"https:\/\/www.public.sn\/wp-content\/uploads\/2022\/10\/imam-kante.jpg","contentUrl":"https:\/\/www.public.sn\/wp-content\/uploads\/2022\/10\/imam-kante.jpg","width":278,"height":182},{"@type":"BreadcrumbList","@id":"https:\/\/www.public.sn\/index.php\/2022\/10\/27\/imam-kante-cest-regrettable-ce-qui-ce-passe-dans-les-lieux-de-culte\/#breadcrumb","itemListElement":[{"@type":"ListItem","position":1,"name":"Accueil","item":"https:\/\/www.public.sn\/"},{"@type":"ListItem","position":2,"name":"Imam Kant\u00e9 \u00ab\u00a0c\u2019est regrettable ce qui ce passe dans les lieux de culte\u2026\u00a0\u00bb"}]},{"@type":"WebSite","@id":"https:\/\/www.public.sn\/#website","url":"https:\/\/www.public.sn\/","name":"LE PUBLIC","description":"","publisher":{"@id":"https:\/\/www.public.sn\/#organization"},"potentialAction":[{"@type":"SearchAction","target":{"@type":"EntryPoint","urlTemplate":"https:\/\/www.public.sn\/?s={search_term_string}"},"query-input":{"@type":"PropertyValueSpecification","valueRequired":true,"valueName":"search_term_string"}}],"inLanguage":"fr-FR"},{"@type":"Organization","@id":"https:\/\/www.public.sn\/#organization","name":"LE PUBLIC","url":"https:\/\/www.public.sn\/","logo":{"@type":"ImageObject","inLanguage":"fr-FR","@id":"https:\/\/www.public.sn\/#\/schema\/logo\/image\/","url":"https:\/\/www.public.sn\/wp-content\/uploads\/2024\/05\/cropped-LOGO-PUBLIC.SN_.png","contentUrl":"https:\/\/www.public.sn\/wp-content\/uploads\/2024\/05\/cropped-LOGO-PUBLIC.SN_.png","width":682,"height":192,"caption":"LE PUBLIC"},"image":{"@id":"https:\/\/www.public.sn\/#\/schema\/logo\/image\/"}},{"@type":"Person","@id":"https:\/\/www.public.sn\/#\/schema\/person\/cb76c8e1b8becc6be61fb5e92d6d0224","name":"LA REDACTION","image":{"@type":"ImageObject","inLanguage":"fr-FR","@id":"https:\/\/www.public.sn\/#\/schema\/person\/image\/","url":"https:\/\/secure.gravatar.com\/avatar\/2dce5ddd34b8fef0180efe03aa2a9bee7d953856048f9a16b298190a3178407c?s=96&d=mm&r=g","contentUrl":"https:\/\/secure.gravatar.com\/avatar\/2dce5ddd34b8fef0180efe03aa2a9bee7d953856048f9a16b298190a3178407c?s=96&d=mm&r=g","caption":"LA REDACTION"},"url":"https:\/\/www.public.sn\/index.php\/author\/editeurpsn\/"}]}},"jetpack_featured_media_url":"https:\/\/www.public.sn\/wp-content\/uploads\/2022\/10\/imam-kante.jpg","jetpack_sharing_enabled":true,"_links":{"self":[{"href":"https:\/\/www.public.sn\/index.php\/wp-json\/wp\/v2\/posts\/6086","targetHints":{"allow":["GET"]}}],"collection":[{"href":"https:\/\/www.public.sn\/index.php\/wp-json\/wp\/v2\/posts"}],"about":[{"href":"https:\/\/www.public.sn\/index.php\/wp-json\/wp\/v2\/types\/post"}],"author":[{"embeddable":true,"href":"https:\/\/www.public.sn\/index.php\/wp-json\/wp\/v2\/users\/7"}],"replies":[{"embeddable":true,"href":"https:\/\/www.public.sn\/index.php\/wp-json\/wp\/v2\/comments?post=6086"}],"version-history":[{"count":2,"href":"https:\/\/www.public.sn\/index.php\/wp-json\/wp\/v2\/posts\/6086\/revisions"}],"predecessor-version":[{"id":6097,"href":"https:\/\/www.public.sn\/index.php\/wp-json\/wp\/v2\/posts\/6086\/revisions\/6097"}],"wp:featuredmedia":[{"embeddable":true,"href":"https:\/\/www.public.sn\/index.php\/wp-json\/wp\/v2\/media\/6095"}],"wp:attachment":[{"href":"https:\/\/www.public.sn\/index.php\/wp-json\/wp\/v2\/media?parent=6086"}],"wp:term":[{"taxonomy":"category","embeddable":true,"href":"https:\/\/www.public.sn\/index.php\/wp-json\/wp\/v2\/categories?post=6086"},{"taxonomy":"post_tag","embeddable":true,"href":"https:\/\/www.public.sn\/index.php\/wp-json\/wp\/v2\/tags?post=6086"}],"curies":[{"name":"wp","href":"https:\/\/api.w.org\/{rel}","templated":true}]}}