{"id":6137,"date":"2022-10-27T16:39:14","date_gmt":"2022-10-27T16:39:14","guid":{"rendered":"https:\/\/www.public.sn\/?p=6137"},"modified":"2022-10-27T16:39:54","modified_gmt":"2022-10-27T16:39:54","slug":"la-societe-civile-averti-macky-sall-et-alerte-les-religieux","status":"publish","type":"post","link":"https:\/\/www.public.sn\/index.php\/2022\/10\/27\/la-societe-civile-averti-macky-sall-et-alerte-les-religieux\/","title":{"rendered":"La soci\u00e9t\u00e9 civile averti Macky Sall et alerte les religieux.(Vid\u00e9o)."},"content":{"rendered":"\n<p><strong>En conf\u00e9rence de presse ce jeudi, des organisations de la soci\u00e9t\u00e9 civile r\u00e9unies autour de l&rsquo;Initiative \u00ab\u00a0Jamm a gen troisi\u00e8me mandat\u00a0\u00bb s\u2019\u00e9rigent en bouclier contre un \u00e9ventuel projet de troisi\u00e8me candidature.<\/strong><\/p><div class=\"publi-paragraphe1\" style=\"margin-top: 10px;margin-bottom: 10px;margin-left: auto;margin-right: auto;text-align: center;\" id=\"publi-537291473\"><div class=\"publi-adlabel\">Publicit\u00e9<\/div><script async src=\"\/\/pagead2.googlesyndication.com\/pagead\/js\/adsbygoogle.js?client=ca-pub-4089586018074219\" crossorigin=\"anonymous\"><\/script><ins class=\"adsbygoogle\" style=\"display:block;\" data-ad-client=\"ca-pub-4089586018074219\" \ndata-ad-slot=\"2087940154\" \ndata-ad-format=\"auto\"><\/ins>\n<script> \n(adsbygoogle = window.adsbygoogle || []).push({}); \n<\/script>\n<\/div>\n\n\n\n<p>Elles ont rappel\u00e9 au chef de l&rsquo;\u00c9tat ses propos et le prient de respecter aussi bien la Constitution que la parole donn\u00e9e. \u00ab\u00a0Par respect pour l&rsquo;interpr\u00e9tation claire et sans \u00e9quivoque de la Constitution et de votre volont\u00e9 de renforcer nos acquis d\u00e9mocratiques en confirmant la limitation du nombre de mandats pr\u00e9sidentiels \u00e0 deux, en verrouillant notre Charte fondamentale en 2016\u00a0\u00bb, a \u00e9crit le collectif dans sa lettre adress\u00e9e \u00e0 Macky Sall.<\/p>\n\n\n\n<p> Il rappelle au chef de l&rsquo;\u00c9tat qu&rsquo;il \u00e9tait le principal b\u00e9n\u00e9ficiaire en 2012. \u00ab\u00a0Nous vous rappelons vos d\u00e9clarations tr\u00e8s fortes permettant de clarifier et de lever toute ambigu\u00eft\u00e9 sur le sens de \u00abnul ne peut exercer plus de deux mandats cons\u00e9cutifs\u00bb.<\/p>\n\n\n\n<p>       Pour \u00e9viter l&rsquo;instabilit\u00e9, la violence , ils invitent les religieux a se prononc\u00e9s sur la situation avant l&rsquo;irr\u00e9parable se produise.<\/p>\n\n\n\n<p>Falil Gadio<\/p>\n\n\n<p><iframe width=\"875\" height=\"492\" src=\"https:\/\/www.youtube.com\/embed\/libdgIWOqdM\" title=\"3eme Mandat: La soci\u00e9t\u00e9 civile avertit Macky Sall .et alerte les religieux.\" frameborder=\"0\" allow=\"accelerometer; autoplay; clipboard-write; encrypted-media; gyroscope; picture-in-picture\" allowfullscreen=\"\"><\/iframe><\/p><div class=\"publi-apres-le-contenu\" style=\"margin-top: 10px;margin-bottom: 10px;margin-left: auto;margin-right: auto;text-align: center;\" id=\"publi-2610637026\"><div class=\"publi-adlabel\">Publicit\u00e9<\/div><script async src=\"\/\/pagead2.googlesyndication.com\/pagead\/js\/adsbygoogle.js?client=ca-pub-4089586018074219\" crossorigin=\"anonymous\"><\/script><ins class=\"adsbygoogle\" style=\"display:block;\" data-ad-client=\"ca-pub-4089586018074219\" \ndata-ad-slot=\"2087940154\" \ndata-ad-format=\"auto\"><\/ins>\n<script> \n(adsbygoogle = window.adsbygoogle || []).push({}); \n<\/script>\n<\/div>","protected":false},"excerpt":{"rendered":"<p>En conf\u00e9rence de presse ce jeudi, des organisations de la soci\u00e9t\u00e9 civile r\u00e9unies autour de l&rsquo;Initiative \u00ab\u00a0Jamm a gen troisi\u00e8me mandat\u00a0\u00bb s\u2019\u00e9rigent en bouclier contre un \u00e9ventuel projet de troisi\u00e8me candidature. Elles ont rappel\u00e9 au chef de l&rsquo;\u00c9tat ses propos et le prient de respecter aussi bien la Constitution que la parole donn\u00e9e. \u00ab\u00a0Par respect pour l&rsquo;interpr\u00e9tation claire et sans \u00e9quivoque de la Constitution et de votre volont\u00e9 de renforcer nos acquis d\u00e9mocratiques en confirmant la limitation du nombre de mandats pr\u00e9sidentiels \u00e0 deux, en verrouillant notre Charte fondamentale en 2016\u00a0\u00bb, a \u00e9crit le collectif dans sa lettre adress\u00e9e \u00e0 Macky Sall. Il rappelle au chef de l&rsquo;\u00c9tat qu&rsquo;il \u00e9tait le principal b\u00e9n\u00e9ficiaire en 2012. \u00ab\u00a0Nous vous rappelons vos d\u00e9clarations tr\u00e8s fortes permettant de clarifier et de lever toute ambigu\u00eft\u00e9 sur le sens de \u00abnul ne peut exercer plus de deux mandats cons\u00e9cutifs\u00bb. Pour \u00e9viter l&rsquo;instabilit\u00e9, la violence , ils invitent les religieux a se prononc\u00e9s sur la situation avant l&rsquo;irr\u00e9parable se produise. Falil Gadio<\/p>\n","protected":false},"author":7,"featured_media":6138,"comment_status":"open","ping_status":"open","sticky":false,"template":"","format":"standard","meta":{"_jetpack_memberships_contains_paid_content":false,"footnotes":""},"categories":[375,3,8,1,6],"tags":[2129,11,2130],"class_list":["post-6137","post","type-post","status-publish","format-standard","has-post-thumbnail","hentry","category-actualites","category-politique","category-public-tv","category-non-classe","category-videos","tag-3eme-mandat-3","tag-macky-sall","tag-societeb-civile","entry","has-media","owp-thumbs-layout-horizontal","owp-btn-normal","owp-tabs-layout-horizontal","has-no-thumbnails","has-product-nav"],"yoast_head":"<!-- This site is optimized with the Yoast SEO plugin v25.5 - https:\/\/yoast.com\/wordpress\/plugins\/seo\/ -->\n<title>La soci\u00e9t\u00e9 civile averti Macky Sall et alerte les religieux.(Vid\u00e9o). - LE PUBLIC<\/title>\n<meta name=\"robots\" content=\"index, follow, max-snippet:-1, max-image-preview:large, max-video-preview:-1\" \/>\n<link rel=\"canonical\" href=\"https:\/\/www.public.sn\/index.php\/2022\/10\/27\/la-societe-civile-averti-macky-sall-et-alerte-les-religieux\/\" \/>\n<meta property=\"og:locale\" content=\"fr_FR\" \/>\n<meta property=\"og:type\" content=\"article\" \/>\n<meta property=\"og:title\" content=\"La soci\u00e9t\u00e9 civile averti Macky Sall et alerte les religieux.(Vid\u00e9o). - LE PUBLIC\" \/>\n<meta property=\"og:description\" content=\"En conf\u00e9rence de presse ce jeudi, des organisations de la soci\u00e9t\u00e9 civile r\u00e9unies autour de l&rsquo;Initiative \u00ab\u00a0Jamm a gen troisi\u00e8me mandat\u00a0\u00bb s\u2019\u00e9rigent en bouclier contre un \u00e9ventuel projet de troisi\u00e8me candidature. Elles ont rappel\u00e9 au chef de l&rsquo;\u00c9tat ses propos et le prient de respecter aussi bien la Constitution que la parole donn\u00e9e. \u00ab\u00a0Par respect pour l&rsquo;interpr\u00e9tation claire et sans \u00e9quivoque de la Constitution et de votre volont\u00e9 de renforcer nos acquis d\u00e9mocratiques en confirmant la limitation du nombre de mandats pr\u00e9sidentiels \u00e0 deux, en verrouillant notre Charte fondamentale en 2016\u00a0\u00bb, a \u00e9crit le collectif dans sa lettre adress\u00e9e \u00e0 Macky Sall. Il rappelle au chef de l&rsquo;\u00c9tat qu&rsquo;il \u00e9tait le principal b\u00e9n\u00e9ficiaire en 2012. \u00ab\u00a0Nous vous rappelons vos d\u00e9clarations tr\u00e8s fortes permettant de clarifier et de lever toute ambigu\u00eft\u00e9 sur le sens de \u00abnul ne peut exercer plus de deux mandats cons\u00e9cutifs\u00bb. Pour \u00e9viter l&rsquo;instabilit\u00e9, la violence , ils invitent les religieux a se prononc\u00e9s sur la situation avant l&rsquo;irr\u00e9parable se produise. Falil Gadio\" \/>\n<meta property=\"og:url\" content=\"https:\/\/www.public.sn\/index.php\/2022\/10\/27\/la-societe-civile-averti-macky-sall-et-alerte-les-religieux\/\" \/>\n<meta property=\"og:site_name\" content=\"LE PUBLIC\" \/>\n<meta property=\"article:published_time\" content=\"2022-10-27T16:39:14+00:00\" \/>\n<meta property=\"article:modified_time\" content=\"2022-10-27T16:39:54+00:00\" \/>\n<meta property=\"og:image\" content=\"https:\/\/www.public.sn\/wp-content\/uploads\/2022\/10\/FGVGGGGG.jpg\" \/>\n\t<meta property=\"og:image:width\" content=\"1280\" \/>\n\t<meta property=\"og:image:height\" content=\"720\" \/>\n\t<meta property=\"og:image:type\" content=\"image\/jpeg\" \/>\n<meta name=\"author\" content=\"LA REDACTION\" \/>\n<meta name=\"twitter:card\" content=\"summary_large_image\" \/>\n<meta name=\"twitter:label1\" content=\"\u00c9crit par\" \/>\n\t<meta name=\"twitter:data1\" content=\"LA REDACTION\" \/>\n\t<meta name=\"twitter:label2\" content=\"Dur\u00e9e de lecture estim\u00e9e\" \/>\n\t<meta name=\"twitter:data2\" content=\"1 minute\" \/>\n<script type=\"application\/ld+json\" class=\"yoast-schema-graph\">{\"@context\":\"https:\/\/schema.org\",\"@graph\":[{\"@type\":\"Article\",\"@id\":\"https:\/\/www.public.sn\/index.php\/2022\/10\/27\/la-societe-civile-averti-macky-sall-et-alerte-les-religieux\/#article\",\"isPartOf\":{\"@id\":\"https:\/\/www.public.sn\/index.php\/2022\/10\/27\/la-societe-civile-averti-macky-sall-et-alerte-les-religieux\/\"},\"author\":{\"name\":\"LA REDACTION\",\"@id\":\"https:\/\/www.public.sn\/#\/schema\/person\/cb76c8e1b8becc6be61fb5e92d6d0224\"},\"headline\":\"La soci\u00e9t\u00e9 civile averti Macky Sall et alerte les religieux.(Vid\u00e9o).\",\"datePublished\":\"2022-10-27T16:39:14+00:00\",\"dateModified\":\"2022-10-27T16:39:54+00:00\",\"mainEntityOfPage\":{\"@id\":\"https:\/\/www.public.sn\/index.php\/2022\/10\/27\/la-societe-civile-averti-macky-sall-et-alerte-les-religieux\/\"},\"wordCount\":194,\"commentCount\":0,\"publisher\":{\"@id\":\"https:\/\/www.public.sn\/#organization\"},\"image\":{\"@id\":\"https:\/\/www.public.sn\/index.php\/2022\/10\/27\/la-societe-civile-averti-macky-sall-et-alerte-les-religieux\/#primaryimage\"},\"thumbnailUrl\":\"https:\/\/www.public.sn\/wp-content\/uploads\/2022\/10\/FGVGGGGG.jpg\",\"keywords\":[\"3\u00e9m\u00e9 Mandat\",\"Macky Sall\",\"Soci\u00e9t\u00e9b Civile\"],\"articleSection\":[\"ACTUALIT\u00c9S\",\"POLITIQUE\",\"PUBLIC TV\",\"S\u00c9N\u00c9GAL\",\"VIDEOS\"],\"inLanguage\":\"fr-FR\",\"potentialAction\":[{\"@type\":\"CommentAction\",\"name\":\"Comment\",\"target\":[\"https:\/\/www.public.sn\/index.php\/2022\/10\/27\/la-societe-civile-averti-macky-sall-et-alerte-les-religieux\/#respond\"]}]},{\"@type\":\"WebPage\",\"@id\":\"https:\/\/www.public.sn\/index.php\/2022\/10\/27\/la-societe-civile-averti-macky-sall-et-alerte-les-religieux\/\",\"url\":\"https:\/\/www.public.sn\/index.php\/2022\/10\/27\/la-societe-civile-averti-macky-sall-et-alerte-les-religieux\/\",\"name\":\"La soci\u00e9t\u00e9 civile averti Macky Sall et alerte les religieux.(Vid\u00e9o). - LE PUBLIC\",\"isPartOf\":{\"@id\":\"https:\/\/www.public.sn\/#website\"},\"primaryImageOfPage\":{\"@id\":\"https:\/\/www.public.sn\/index.php\/2022\/10\/27\/la-societe-civile-averti-macky-sall-et-alerte-les-religieux\/#primaryimage\"},\"image\":{\"@id\":\"https:\/\/www.public.sn\/index.php\/2022\/10\/27\/la-societe-civile-averti-macky-sall-et-alerte-les-religieux\/#primaryimage\"},\"thumbnailUrl\":\"https:\/\/www.public.sn\/wp-content\/uploads\/2022\/10\/FGVGGGGG.jpg\",\"datePublished\":\"2022-10-27T16:39:14+00:00\",\"dateModified\":\"2022-10-27T16:39:54+00:00\",\"breadcrumb\":{\"@id\":\"https:\/\/www.public.sn\/index.php\/2022\/10\/27\/la-societe-civile-averti-macky-sall-et-alerte-les-religieux\/#breadcrumb\"},\"inLanguage\":\"fr-FR\",\"potentialAction\":[{\"@type\":\"ReadAction\",\"target\":[\"https:\/\/www.public.sn\/index.php\/2022\/10\/27\/la-societe-civile-averti-macky-sall-et-alerte-les-religieux\/\"]}]},{\"@type\":\"ImageObject\",\"inLanguage\":\"fr-FR\",\"@id\":\"https:\/\/www.public.sn\/index.php\/2022\/10\/27\/la-societe-civile-averti-macky-sall-et-alerte-les-religieux\/#primaryimage\",\"url\":\"https:\/\/www.public.sn\/wp-content\/uploads\/2022\/10\/FGVGGGGG.jpg\",\"contentUrl\":\"https:\/\/www.public.sn\/wp-content\/uploads\/2022\/10\/FGVGGGGG.jpg\",\"width\":1280,\"height\":720,\"caption\":\"Public Sn\"},{\"@type\":\"BreadcrumbList\",\"@id\":\"https:\/\/www.public.sn\/index.php\/2022\/10\/27\/la-societe-civile-averti-macky-sall-et-alerte-les-religieux\/#breadcrumb\",\"itemListElement\":[{\"@type\":\"ListItem\",\"position\":1,\"name\":\"Accueil\",\"item\":\"https:\/\/www.public.sn\/\"},{\"@type\":\"ListItem\",\"position\":2,\"name\":\"La soci\u00e9t\u00e9 civile averti Macky Sall et alerte les religieux.(Vid\u00e9o).\"}]},{\"@type\":\"WebSite\",\"@id\":\"https:\/\/www.public.sn\/#website\",\"url\":\"https:\/\/www.public.sn\/\",\"name\":\"LE PUBLIC\",\"description\":\"\",\"publisher\":{\"@id\":\"https:\/\/www.public.sn\/#organization\"},\"potentialAction\":[{\"@type\":\"SearchAction\",\"target\":{\"@type\":\"EntryPoint\",\"urlTemplate\":\"https:\/\/www.public.sn\/?s={search_term_string}\"},\"query-input\":{\"@type\":\"PropertyValueSpecification\",\"valueRequired\":true,\"valueName\":\"search_term_string\"}}],\"inLanguage\":\"fr-FR\"},{\"@type\":\"Organization\",\"@id\":\"https:\/\/www.public.sn\/#organization\",\"name\":\"LE PUBLIC\",\"url\":\"https:\/\/www.public.sn\/\",\"logo\":{\"@type\":\"ImageObject\",\"inLanguage\":\"fr-FR\",\"@id\":\"https:\/\/www.public.sn\/#\/schema\/logo\/image\/\",\"url\":\"https:\/\/www.public.sn\/wp-content\/uploads\/2024\/05\/cropped-LOGO-PUBLIC.SN_.png\",\"contentUrl\":\"https:\/\/www.public.sn\/wp-content\/uploads\/2024\/05\/cropped-LOGO-PUBLIC.SN_.png\",\"width\":682,\"height\":192,\"caption\":\"LE PUBLIC\"},\"image\":{\"@id\":\"https:\/\/www.public.sn\/#\/schema\/logo\/image\/\"}},{\"@type\":\"Person\",\"@id\":\"https:\/\/www.public.sn\/#\/schema\/person\/cb76c8e1b8becc6be61fb5e92d6d0224\",\"name\":\"LA REDACTION\",\"image\":{\"@type\":\"ImageObject\",\"inLanguage\":\"fr-FR\",\"@id\":\"https:\/\/www.public.sn\/#\/schema\/person\/image\/\",\"url\":\"https:\/\/secure.gravatar.com\/avatar\/2dce5ddd34b8fef0180efe03aa2a9bee7d953856048f9a16b298190a3178407c?s=96&d=mm&r=g\",\"contentUrl\":\"https:\/\/secure.gravatar.com\/avatar\/2dce5ddd34b8fef0180efe03aa2a9bee7d953856048f9a16b298190a3178407c?s=96&d=mm&r=g\",\"caption\":\"LA REDACTION\"},\"url\":\"https:\/\/www.public.sn\/index.php\/author\/editeurpsn\/\"}]}<\/script>\n<!-- \/ Yoast SEO plugin. -->","yoast_head_json":{"title":"La soci\u00e9t\u00e9 civile averti Macky Sall et alerte les religieux.(Vid\u00e9o). - LE PUBLIC","robots":{"index":"index","follow":"follow","max-snippet":"max-snippet:-1","max-image-preview":"max-image-preview:large","max-video-preview":"max-video-preview:-1"},"canonical":"https:\/\/www.public.sn\/index.php\/2022\/10\/27\/la-societe-civile-averti-macky-sall-et-alerte-les-religieux\/","og_locale":"fr_FR","og_type":"article","og_title":"La soci\u00e9t\u00e9 civile averti Macky Sall et alerte les religieux.(Vid\u00e9o). - LE PUBLIC","og_description":"En conf\u00e9rence de presse ce jeudi, des organisations de la soci\u00e9t\u00e9 civile r\u00e9unies autour de l&rsquo;Initiative \u00ab\u00a0Jamm a gen troisi\u00e8me mandat\u00a0\u00bb s\u2019\u00e9rigent en bouclier contre un \u00e9ventuel projet de troisi\u00e8me candidature. Elles ont rappel\u00e9 au chef de l&rsquo;\u00c9tat ses propos et le prient de respecter aussi bien la Constitution que la parole donn\u00e9e. \u00ab\u00a0Par respect pour l&rsquo;interpr\u00e9tation claire et sans \u00e9quivoque de la Constitution et de votre volont\u00e9 de renforcer nos acquis d\u00e9mocratiques en confirmant la limitation du nombre de mandats pr\u00e9sidentiels \u00e0 deux, en verrouillant notre Charte fondamentale en 2016\u00a0\u00bb, a \u00e9crit le collectif dans sa lettre adress\u00e9e \u00e0 Macky Sall. Il rappelle au chef de l&rsquo;\u00c9tat qu&rsquo;il \u00e9tait le principal b\u00e9n\u00e9ficiaire en 2012. \u00ab\u00a0Nous vous rappelons vos d\u00e9clarations tr\u00e8s fortes permettant de clarifier et de lever toute ambigu\u00eft\u00e9 sur le sens de \u00abnul ne peut exercer plus de deux mandats cons\u00e9cutifs\u00bb. Pour \u00e9viter l&rsquo;instabilit\u00e9, la violence , ils invitent les religieux a se prononc\u00e9s sur la situation avant l&rsquo;irr\u00e9parable se produise. Falil Gadio","og_url":"https:\/\/www.public.sn\/index.php\/2022\/10\/27\/la-societe-civile-averti-macky-sall-et-alerte-les-religieux\/","og_site_name":"LE PUBLIC","article_published_time":"2022-10-27T16:39:14+00:00","article_modified_time":"2022-10-27T16:39:54+00:00","og_image":[{"width":1280,"height":720,"url":"https:\/\/www.public.sn\/wp-content\/uploads\/2022\/10\/FGVGGGGG.jpg","type":"image\/jpeg"}],"author":"LA REDACTION","twitter_card":"summary_large_image","twitter_misc":{"\u00c9crit par":"LA REDACTION","Dur\u00e9e de lecture estim\u00e9e":"1 minute"},"schema":{"@context":"https:\/\/schema.org","@graph":[{"@type":"Article","@id":"https:\/\/www.public.sn\/index.php\/2022\/10\/27\/la-societe-civile-averti-macky-sall-et-alerte-les-religieux\/#article","isPartOf":{"@id":"https:\/\/www.public.sn\/index.php\/2022\/10\/27\/la-societe-civile-averti-macky-sall-et-alerte-les-religieux\/"},"author":{"name":"LA REDACTION","@id":"https:\/\/www.public.sn\/#\/schema\/person\/cb76c8e1b8becc6be61fb5e92d6d0224"},"headline":"La soci\u00e9t\u00e9 civile averti Macky Sall et alerte les religieux.(Vid\u00e9o).","datePublished":"2022-10-27T16:39:14+00:00","dateModified":"2022-10-27T16:39:54+00:00","mainEntityOfPage":{"@id":"https:\/\/www.public.sn\/index.php\/2022\/10\/27\/la-societe-civile-averti-macky-sall-et-alerte-les-religieux\/"},"wordCount":194,"commentCount":0,"publisher":{"@id":"https:\/\/www.public.sn\/#organization"},"image":{"@id":"https:\/\/www.public.sn\/index.php\/2022\/10\/27\/la-societe-civile-averti-macky-sall-et-alerte-les-religieux\/#primaryimage"},"thumbnailUrl":"https:\/\/www.public.sn\/wp-content\/uploads\/2022\/10\/FGVGGGGG.jpg","keywords":["3\u00e9m\u00e9 Mandat","Macky Sall","Soci\u00e9t\u00e9b Civile"],"articleSection":["ACTUALIT\u00c9S","POLITIQUE","PUBLIC TV","S\u00c9N\u00c9GAL","VIDEOS"],"inLanguage":"fr-FR","potentialAction":[{"@type":"CommentAction","name":"Comment","target":["https:\/\/www.public.sn\/index.php\/2022\/10\/27\/la-societe-civile-averti-macky-sall-et-alerte-les-religieux\/#respond"]}]},{"@type":"WebPage","@id":"https:\/\/www.public.sn\/index.php\/2022\/10\/27\/la-societe-civile-averti-macky-sall-et-alerte-les-religieux\/","url":"https:\/\/www.public.sn\/index.php\/2022\/10\/27\/la-societe-civile-averti-macky-sall-et-alerte-les-religieux\/","name":"La soci\u00e9t\u00e9 civile averti Macky Sall et alerte les religieux.(Vid\u00e9o). - LE PUBLIC","isPartOf":{"@id":"https:\/\/www.public.sn\/#website"},"primaryImageOfPage":{"@id":"https:\/\/www.public.sn\/index.php\/2022\/10\/27\/la-societe-civile-averti-macky-sall-et-alerte-les-religieux\/#primaryimage"},"image":{"@id":"https:\/\/www.public.sn\/index.php\/2022\/10\/27\/la-societe-civile-averti-macky-sall-et-alerte-les-religieux\/#primaryimage"},"thumbnailUrl":"https:\/\/www.public.sn\/wp-content\/uploads\/2022\/10\/FGVGGGGG.jpg","datePublished":"2022-10-27T16:39:14+00:00","dateModified":"2022-10-27T16:39:54+00:00","breadcrumb":{"@id":"https:\/\/www.public.sn\/index.php\/2022\/10\/27\/la-societe-civile-averti-macky-sall-et-alerte-les-religieux\/#breadcrumb"},"inLanguage":"fr-FR","potentialAction":[{"@type":"ReadAction","target":["https:\/\/www.public.sn\/index.php\/2022\/10\/27\/la-societe-civile-averti-macky-sall-et-alerte-les-religieux\/"]}]},{"@type":"ImageObject","inLanguage":"fr-FR","@id":"https:\/\/www.public.sn\/index.php\/2022\/10\/27\/la-societe-civile-averti-macky-sall-et-alerte-les-religieux\/#primaryimage","url":"https:\/\/www.public.sn\/wp-content\/uploads\/2022\/10\/FGVGGGGG.jpg","contentUrl":"https:\/\/www.public.sn\/wp-content\/uploads\/2022\/10\/FGVGGGGG.jpg","width":1280,"height":720,"caption":"Public Sn"},{"@type":"BreadcrumbList","@id":"https:\/\/www.public.sn\/index.php\/2022\/10\/27\/la-societe-civile-averti-macky-sall-et-alerte-les-religieux\/#breadcrumb","itemListElement":[{"@type":"ListItem","position":1,"name":"Accueil","item":"https:\/\/www.public.sn\/"},{"@type":"ListItem","position":2,"name":"La soci\u00e9t\u00e9 civile averti Macky Sall et alerte les religieux.(Vid\u00e9o)."}]},{"@type":"WebSite","@id":"https:\/\/www.public.sn\/#website","url":"https:\/\/www.public.sn\/","name":"LE PUBLIC","description":"","publisher":{"@id":"https:\/\/www.public.sn\/#organization"},"potentialAction":[{"@type":"SearchAction","target":{"@type":"EntryPoint","urlTemplate":"https:\/\/www.public.sn\/?s={search_term_string}"},"query-input":{"@type":"PropertyValueSpecification","valueRequired":true,"valueName":"search_term_string"}}],"inLanguage":"fr-FR"},{"@type":"Organization","@id":"https:\/\/www.public.sn\/#organization","name":"LE PUBLIC","url":"https:\/\/www.public.sn\/","logo":{"@type":"ImageObject","inLanguage":"fr-FR","@id":"https:\/\/www.public.sn\/#\/schema\/logo\/image\/","url":"https:\/\/www.public.sn\/wp-content\/uploads\/2024\/05\/cropped-LOGO-PUBLIC.SN_.png","contentUrl":"https:\/\/www.public.sn\/wp-content\/uploads\/2024\/05\/cropped-LOGO-PUBLIC.SN_.png","width":682,"height":192,"caption":"LE PUBLIC"},"image":{"@id":"https:\/\/www.public.sn\/#\/schema\/logo\/image\/"}},{"@type":"Person","@id":"https:\/\/www.public.sn\/#\/schema\/person\/cb76c8e1b8becc6be61fb5e92d6d0224","name":"LA REDACTION","image":{"@type":"ImageObject","inLanguage":"fr-FR","@id":"https:\/\/www.public.sn\/#\/schema\/person\/image\/","url":"https:\/\/secure.gravatar.com\/avatar\/2dce5ddd34b8fef0180efe03aa2a9bee7d953856048f9a16b298190a3178407c?s=96&d=mm&r=g","contentUrl":"https:\/\/secure.gravatar.com\/avatar\/2dce5ddd34b8fef0180efe03aa2a9bee7d953856048f9a16b298190a3178407c?s=96&d=mm&r=g","caption":"LA REDACTION"},"url":"https:\/\/www.public.sn\/index.php\/author\/editeurpsn\/"}]}},"jetpack_featured_media_url":"https:\/\/www.public.sn\/wp-content\/uploads\/2022\/10\/FGVGGGGG.jpg","jetpack_sharing_enabled":true,"_links":{"self":[{"href":"https:\/\/www.public.sn\/index.php\/wp-json\/wp\/v2\/posts\/6137","targetHints":{"allow":["GET"]}}],"collection":[{"href":"https:\/\/www.public.sn\/index.php\/wp-json\/wp\/v2\/posts"}],"about":[{"href":"https:\/\/www.public.sn\/index.php\/wp-json\/wp\/v2\/types\/post"}],"author":[{"embeddable":true,"href":"https:\/\/www.public.sn\/index.php\/wp-json\/wp\/v2\/users\/7"}],"replies":[{"embeddable":true,"href":"https:\/\/www.public.sn\/index.php\/wp-json\/wp\/v2\/comments?post=6137"}],"version-history":[{"count":2,"href":"https:\/\/www.public.sn\/index.php\/wp-json\/wp\/v2\/posts\/6137\/revisions"}],"predecessor-version":[{"id":6140,"href":"https:\/\/www.public.sn\/index.php\/wp-json\/wp\/v2\/posts\/6137\/revisions\/6140"}],"wp:featuredmedia":[{"embeddable":true,"href":"https:\/\/www.public.sn\/index.php\/wp-json\/wp\/v2\/media\/6138"}],"wp:attachment":[{"href":"https:\/\/www.public.sn\/index.php\/wp-json\/wp\/v2\/media?parent=6137"}],"wp:term":[{"taxonomy":"category","embeddable":true,"href":"https:\/\/www.public.sn\/index.php\/wp-json\/wp\/v2\/categories?post=6137"},{"taxonomy":"post_tag","embeddable":true,"href":"https:\/\/www.public.sn\/index.php\/wp-json\/wp\/v2\/tags?post=6137"}],"curies":[{"name":"wp","href":"https:\/\/api.w.org\/{rel}","templated":true}]}}