{"id":616,"date":"2022-08-25T14:52:44","date_gmt":"2022-08-25T12:52:44","guid":{"rendered":"https:\/\/www.public.sn\/?p=616"},"modified":"2022-08-25T14:53:38","modified_gmt":"2022-08-25T12:53:38","slug":"abdoulaye-diouf-un-ancien-directeur-du-port-autonome-de-dakar-decede","status":"publish","type":"post","link":"https:\/\/www.public.sn\/index.php\/2022\/08\/25\/abdoulaye-diouf-un-ancien-directeur-du-port-autonome-de-dakar-decede\/","title":{"rendered":"Abdoulaye Diouf, un ancien Directeur du Port Autonome de Dakar d\u00e9c\u00e9d\u00e9."},"content":{"rendered":"\n<p>Triste Nouvelle ! Abdoulaye Diouf s&rsquo;est \u00e9teint. Il fut l&rsquo;un des directeurs g\u00e9n\u00e9raux du Port Autonome de Dakar. Connu pour ses <em>\u00ab\u00a0qualit\u00e9s sociales et professionnelles sans commune mesure dont la r\u00e9putation s\u2019\u00e9tait b\u00e2tie sur sa grande rigueur dans le travail, sa courtoisie, son honn\u00eatet\u00e9 et son humilit\u00e9. Un homme, surtout, tr\u00e8s respect\u00e9 de tous ses collaborateurs\u00a0\u00bb,<\/em> t\u00e9moigne-t-on dans le journal Le T\u00e9moin.<\/p><div class=\"publi-paragraphe1\" style=\"margin-top: 10px;margin-bottom: 10px;margin-left: auto;margin-right: auto;text-align: center;\" id=\"publi-484566954\"><div class=\"publi-adlabel\">Publicit\u00e9<\/div><script async src=\"\/\/pagead2.googlesyndication.com\/pagead\/js\/adsbygoogle.js?client=ca-pub-4089586018074219\" crossorigin=\"anonymous\"><\/script><ins class=\"adsbygoogle\" style=\"display:block;\" data-ad-client=\"ca-pub-4089586018074219\" \ndata-ad-slot=\"2087940154\" \ndata-ad-format=\"auto\"><\/ins>\n<script> \n(adsbygoogle = window.adsbygoogle || []).push({}); \n<\/script>\n<\/div>\n\n\n\n<p>Et aussi de l\u2019ensemble de la famille portuaire. Il se raconte qu\u2019un dimanche apr\u00e8s-midi, alors qu\u2019il s\u2019adonnait \u00e0 son passe temps favori, la p\u00eache \u00e0 la ligne qu\u2019il pratiquait \u00e0 la jet\u00e9e du port de Dakar, il a \u00e9t\u00e9 surpris et embarqu\u00e9 manu militari par des gendarmes dans le fourgon du port pour \u00eatre amen\u00e9 \u00e0 la brigade en compagnie d\u2019autres personnes.<\/p>\n\n\n\n<p>N\u2019ayant rien dit aux gendarmes au moment de son interpellation, c\u2019est le commandant de brigade lui-m\u00eame qui l\u2019avait reconnu avant de se confondre en excuses. <\/p>\n\n\n\n<p><em>\u00ab\u00a0Rien que cela prouve \u00f4 combien Abdoulaye Diouf \u00e9tait un mod\u00e8le d\u2019humilit\u00e9 comme il n\u2019en existe presque plus aujourd\u2019hui sous nos cieux. Notre regrett\u00e9 Abdoulaye \u00e9tait \u00e9galement un p\u00e8re de famille exemplaire, un homme tr\u00e8s ouvert, conciliant et g\u00e9n\u00e9reux\u00a0\u00bb !<\/em>, t\u00e9moigne Elimane Ly, un proche du d\u00e9funt.<\/p>\n\n\n\n<p>La r\u00e9daction de Public SN pr\u00e9sente ses sinc\u00e8res condol\u00e9ances \u00e0 sa famille, \u00e0 l\u2019ensemble de ses anciens collaborateurs du Port Autonome de Dakar. Paix \u00e0 Ame.<\/p>\n\n\n\n<figure class=\"wp-block-embed is-type-rich is-provider-prise-en-charge-des-contenus-embarques wp-block-embed-prise-en-charge-des-contenus-embarques wp-embed-aspect-4-3 wp-has-aspect-ratio\"><div class=\"wp-block-embed__wrapper\">\n<p class=\"responsive-video-wrap clr\"><iframe title=\"Ousmane Sonko, Adji Sarr, Plainte \u00e0 Bruxelles: Les nouvelles r\u00e9v\u00e9lations de Fran\u00e7oise H\u00e9l\u00e9ne Gaye.\" width=\"1200\" height=\"675\" src=\"https:\/\/www.youtube.com\/embed\/VChrNT59Tp8?feature=oembed\" frameborder=\"0\" allow=\"accelerometer; autoplay; clipboard-write; encrypted-media; gyroscope; picture-in-picture\" allowfullscreen><\/iframe><\/p>\n<\/div><\/figure>\n\n\n\n<p><em>R\u00e9dactions Public SN<\/em><\/p>\n<div class=\"publi-apres-le-contenu\" style=\"margin-top: 10px;margin-bottom: 10px;margin-left: auto;margin-right: auto;text-align: center;\" id=\"publi-1920949205\"><div class=\"publi-adlabel\">Publicit\u00e9<\/div><script async src=\"\/\/pagead2.googlesyndication.com\/pagead\/js\/adsbygoogle.js?client=ca-pub-4089586018074219\" crossorigin=\"anonymous\"><\/script><ins class=\"adsbygoogle\" style=\"display:block;\" data-ad-client=\"ca-pub-4089586018074219\" \ndata-ad-slot=\"2087940154\" \ndata-ad-format=\"auto\"><\/ins>\n<script> \n(adsbygoogle = window.adsbygoogle || []).push({}); \n<\/script>\n<\/div>","protected":false},"excerpt":{"rendered":"<p>Triste Nouvelle ! Abdoulaye Diouf s&rsquo;est \u00e9teint. Il fut l&rsquo;un des directeurs g\u00e9n\u00e9raux du Port Autonome de Dakar. Connu pour ses \u00ab\u00a0qualit\u00e9s sociales et professionnelles sans commune mesure dont la r\u00e9putation s\u2019\u00e9tait b\u00e2tie sur sa grande rigueur dans le travail, sa courtoisie, son honn\u00eatet\u00e9 et son humilit\u00e9. Un homme, surtout, tr\u00e8s respect\u00e9 de tous ses collaborateurs\u00a0\u00bb, t\u00e9moigne-t-on dans le journal Le T\u00e9moin. Et aussi de l\u2019ensemble de la famille portuaire. Il se raconte qu\u2019un dimanche apr\u00e8s-midi, alors qu\u2019il s\u2019adonnait \u00e0 son passe temps favori, la p\u00eache \u00e0 la ligne qu\u2019il pratiquait \u00e0 la jet\u00e9e du port de Dakar, il a \u00e9t\u00e9 surpris et embarqu\u00e9 manu militari par des gendarmes dans le fourgon du port pour \u00eatre amen\u00e9 \u00e0 la brigade en compagnie d\u2019autres personnes. N\u2019ayant rien dit aux gendarmes au moment de son interpellation, c\u2019est le commandant de brigade lui-m\u00eame qui l\u2019avait reconnu avant de se confondre en excuses. \u00ab\u00a0Rien que cela prouve \u00f4 combien Abdoulaye Diouf \u00e9tait un mod\u00e8le d\u2019humilit\u00e9 comme il n\u2019en existe presque plus aujourd\u2019hui sous nos cieux. Notre regrett\u00e9 Abdoulaye \u00e9tait \u00e9galement un p\u00e8re de famille exemplaire, un homme tr\u00e8s ouvert, conciliant et g\u00e9n\u00e9reux\u00a0\u00bb !, t\u00e9moigne Elimane Ly, un proche du d\u00e9funt. La r\u00e9daction de Public SN pr\u00e9sente ses sinc\u00e8res condol\u00e9ances \u00e0 sa famille, \u00e0 l\u2019ensemble de ses anciens collaborateurs du Port Autonome de Dakar. Paix \u00e0 Ame. R\u00e9dactions Public SN<\/p>\n","protected":false},"author":1,"featured_media":617,"comment_status":"open","ping_status":"open","sticky":false,"template":"","format":"standard","meta":{"_jetpack_memberships_contains_paid_content":false,"footnotes":""},"categories":[4],"tags":[285,168,286],"class_list":["post-616","post","type-post","status-publish","format-standard","has-post-thumbnail","hentry","category-societe","tag-abdoulaye-diouf","tag-necrologie","tag-port-autonome-de-dakar","entry","has-media","owp-thumbs-layout-horizontal","owp-btn-normal","owp-tabs-layout-horizontal","has-no-thumbnails","has-product-nav"],"yoast_head":"<!-- This site is optimized with the Yoast SEO plugin v25.5 - https:\/\/yoast.com\/wordpress\/plugins\/seo\/ -->\n<title>Abdoulaye Diouf, un ancien Directeur du Port Autonome de Dakar d\u00e9c\u00e9d\u00e9. - LE PUBLIC<\/title>\n<meta name=\"robots\" content=\"index, follow, max-snippet:-1, max-image-preview:large, max-video-preview:-1\" \/>\n<link rel=\"canonical\" href=\"https:\/\/www.public.sn\/index.php\/2022\/08\/25\/abdoulaye-diouf-un-ancien-directeur-du-port-autonome-de-dakar-decede\/\" \/>\n<meta property=\"og:locale\" content=\"fr_FR\" \/>\n<meta property=\"og:type\" content=\"article\" \/>\n<meta property=\"og:title\" content=\"Abdoulaye Diouf, un ancien Directeur du Port Autonome de Dakar d\u00e9c\u00e9d\u00e9. - LE PUBLIC\" \/>\n<meta property=\"og:description\" content=\"Triste Nouvelle ! Abdoulaye Diouf s&rsquo;est \u00e9teint. Il fut l&rsquo;un des directeurs g\u00e9n\u00e9raux du Port Autonome de Dakar. Connu pour ses \u00ab\u00a0qualit\u00e9s sociales et professionnelles sans commune mesure dont la r\u00e9putation s\u2019\u00e9tait b\u00e2tie sur sa grande rigueur dans le travail, sa courtoisie, son honn\u00eatet\u00e9 et son humilit\u00e9. Un homme, surtout, tr\u00e8s respect\u00e9 de tous ses collaborateurs\u00a0\u00bb, t\u00e9moigne-t-on dans le journal Le T\u00e9moin. Et aussi de l\u2019ensemble de la famille portuaire. Il se raconte qu\u2019un dimanche apr\u00e8s-midi, alors qu\u2019il s\u2019adonnait \u00e0 son passe temps favori, la p\u00eache \u00e0 la ligne qu\u2019il pratiquait \u00e0 la jet\u00e9e du port de Dakar, il a \u00e9t\u00e9 surpris et embarqu\u00e9 manu militari par des gendarmes dans le fourgon du port pour \u00eatre amen\u00e9 \u00e0 la brigade en compagnie d\u2019autres personnes. N\u2019ayant rien dit aux gendarmes au moment de son interpellation, c\u2019est le commandant de brigade lui-m\u00eame qui l\u2019avait reconnu avant de se confondre en excuses. \u00ab\u00a0Rien que cela prouve \u00f4 combien Abdoulaye Diouf \u00e9tait un mod\u00e8le d\u2019humilit\u00e9 comme il n\u2019en existe presque plus aujourd\u2019hui sous nos cieux. Notre regrett\u00e9 Abdoulaye \u00e9tait \u00e9galement un p\u00e8re de famille exemplaire, un homme tr\u00e8s ouvert, conciliant et g\u00e9n\u00e9reux\u00a0\u00bb !, t\u00e9moigne Elimane Ly, un proche du d\u00e9funt. La r\u00e9daction de Public SN pr\u00e9sente ses sinc\u00e8res condol\u00e9ances \u00e0 sa famille, \u00e0 l\u2019ensemble de ses anciens collaborateurs du Port Autonome de Dakar. Paix \u00e0 Ame. R\u00e9dactions Public SN\" \/>\n<meta property=\"og:url\" content=\"https:\/\/www.public.sn\/index.php\/2022\/08\/25\/abdoulaye-diouf-un-ancien-directeur-du-port-autonome-de-dakar-decede\/\" \/>\n<meta property=\"og:site_name\" content=\"LE PUBLIC\" \/>\n<meta property=\"article:published_time\" content=\"2022-08-25T12:52:44+00:00\" \/>\n<meta property=\"article:modified_time\" content=\"2022-08-25T12:53:38+00:00\" \/>\n<meta property=\"og:image\" content=\"https:\/\/www.public.sn\/wp-content\/uploads\/2022\/08\/necrologie-un-ancien-directeur-du-port-autonome-de-dakar-est-decede.jpeg\" \/>\n\t<meta property=\"og:image:width\" content=\"800\" \/>\n\t<meta property=\"og:image:height\" content=\"495\" \/>\n\t<meta property=\"og:image:type\" content=\"image\/jpeg\" \/>\n<meta name=\"author\" content=\"LA REDACTION\" \/>\n<meta name=\"twitter:card\" content=\"summary_large_image\" \/>\n<meta name=\"twitter:label1\" content=\"\u00c9crit par\" \/>\n\t<meta name=\"twitter:data1\" content=\"LA REDACTION\" \/>\n\t<meta name=\"twitter:label2\" content=\"Dur\u00e9e de lecture estim\u00e9e\" \/>\n\t<meta name=\"twitter:data2\" content=\"2 minutes\" \/>\n<script type=\"application\/ld+json\" class=\"yoast-schema-graph\">{\"@context\":\"https:\/\/schema.org\",\"@graph\":[{\"@type\":\"Article\",\"@id\":\"https:\/\/www.public.sn\/index.php\/2022\/08\/25\/abdoulaye-diouf-un-ancien-directeur-du-port-autonome-de-dakar-decede\/#article\",\"isPartOf\":{\"@id\":\"https:\/\/www.public.sn\/index.php\/2022\/08\/25\/abdoulaye-diouf-un-ancien-directeur-du-port-autonome-de-dakar-decede\/\"},\"author\":{\"name\":\"LA REDACTION\",\"@id\":\"https:\/\/www.public.sn\/#\/schema\/person\/e3f4a11b037d4203902db148f9bc8d5a\"},\"headline\":\"Abdoulaye Diouf, un ancien Directeur du Port Autonome de Dakar d\u00e9c\u00e9d\u00e9.\",\"datePublished\":\"2022-08-25T12:52:44+00:00\",\"dateModified\":\"2022-08-25T12:53:38+00:00\",\"mainEntityOfPage\":{\"@id\":\"https:\/\/www.public.sn\/index.php\/2022\/08\/25\/abdoulaye-diouf-un-ancien-directeur-du-port-autonome-de-dakar-decede\/\"},\"wordCount\":274,\"commentCount\":0,\"publisher\":{\"@id\":\"https:\/\/www.public.sn\/#organization\"},\"image\":{\"@id\":\"https:\/\/www.public.sn\/index.php\/2022\/08\/25\/abdoulaye-diouf-un-ancien-directeur-du-port-autonome-de-dakar-decede\/#primaryimage\"},\"thumbnailUrl\":\"https:\/\/www.public.sn\/wp-content\/uploads\/2022\/08\/necrologie-un-ancien-directeur-du-port-autonome-de-dakar-est-decede.jpeg\",\"keywords\":[\"Abdoulaye Diouf\",\"N\u00e9crologie\",\"Port Autonome de Dakar\"],\"articleSection\":[\"SOCIETE\"],\"inLanguage\":\"fr-FR\",\"potentialAction\":[{\"@type\":\"CommentAction\",\"name\":\"Comment\",\"target\":[\"https:\/\/www.public.sn\/index.php\/2022\/08\/25\/abdoulaye-diouf-un-ancien-directeur-du-port-autonome-de-dakar-decede\/#respond\"]}]},{\"@type\":\"WebPage\",\"@id\":\"https:\/\/www.public.sn\/index.php\/2022\/08\/25\/abdoulaye-diouf-un-ancien-directeur-du-port-autonome-de-dakar-decede\/\",\"url\":\"https:\/\/www.public.sn\/index.php\/2022\/08\/25\/abdoulaye-diouf-un-ancien-directeur-du-port-autonome-de-dakar-decede\/\",\"name\":\"Abdoulaye Diouf, un ancien Directeur du Port Autonome de Dakar d\u00e9c\u00e9d\u00e9. - LE PUBLIC\",\"isPartOf\":{\"@id\":\"https:\/\/www.public.sn\/#website\"},\"primaryImageOfPage\":{\"@id\":\"https:\/\/www.public.sn\/index.php\/2022\/08\/25\/abdoulaye-diouf-un-ancien-directeur-du-port-autonome-de-dakar-decede\/#primaryimage\"},\"image\":{\"@id\":\"https:\/\/www.public.sn\/index.php\/2022\/08\/25\/abdoulaye-diouf-un-ancien-directeur-du-port-autonome-de-dakar-decede\/#primaryimage\"},\"thumbnailUrl\":\"https:\/\/www.public.sn\/wp-content\/uploads\/2022\/08\/necrologie-un-ancien-directeur-du-port-autonome-de-dakar-est-decede.jpeg\",\"datePublished\":\"2022-08-25T12:52:44+00:00\",\"dateModified\":\"2022-08-25T12:53:38+00:00\",\"breadcrumb\":{\"@id\":\"https:\/\/www.public.sn\/index.php\/2022\/08\/25\/abdoulaye-diouf-un-ancien-directeur-du-port-autonome-de-dakar-decede\/#breadcrumb\"},\"inLanguage\":\"fr-FR\",\"potentialAction\":[{\"@type\":\"ReadAction\",\"target\":[\"https:\/\/www.public.sn\/index.php\/2022\/08\/25\/abdoulaye-diouf-un-ancien-directeur-du-port-autonome-de-dakar-decede\/\"]}]},{\"@type\":\"ImageObject\",\"inLanguage\":\"fr-FR\",\"@id\":\"https:\/\/www.public.sn\/index.php\/2022\/08\/25\/abdoulaye-diouf-un-ancien-directeur-du-port-autonome-de-dakar-decede\/#primaryimage\",\"url\":\"https:\/\/www.public.sn\/wp-content\/uploads\/2022\/08\/necrologie-un-ancien-directeur-du-port-autonome-de-dakar-est-decede.jpeg\",\"contentUrl\":\"https:\/\/www.public.sn\/wp-content\/uploads\/2022\/08\/necrologie-un-ancien-directeur-du-port-autonome-de-dakar-est-decede.jpeg\",\"width\":800,\"height\":495},{\"@type\":\"BreadcrumbList\",\"@id\":\"https:\/\/www.public.sn\/index.php\/2022\/08\/25\/abdoulaye-diouf-un-ancien-directeur-du-port-autonome-de-dakar-decede\/#breadcrumb\",\"itemListElement\":[{\"@type\":\"ListItem\",\"position\":1,\"name\":\"Accueil\",\"item\":\"https:\/\/www.public.sn\/\"},{\"@type\":\"ListItem\",\"position\":2,\"name\":\"Abdoulaye Diouf, un ancien Directeur du Port Autonome de Dakar d\u00e9c\u00e9d\u00e9.\"}]},{\"@type\":\"WebSite\",\"@id\":\"https:\/\/www.public.sn\/#website\",\"url\":\"https:\/\/www.public.sn\/\",\"name\":\"LE PUBLIC\",\"description\":\"\",\"publisher\":{\"@id\":\"https:\/\/www.public.sn\/#organization\"},\"potentialAction\":[{\"@type\":\"SearchAction\",\"target\":{\"@type\":\"EntryPoint\",\"urlTemplate\":\"https:\/\/www.public.sn\/?s={search_term_string}\"},\"query-input\":{\"@type\":\"PropertyValueSpecification\",\"valueRequired\":true,\"valueName\":\"search_term_string\"}}],\"inLanguage\":\"fr-FR\"},{\"@type\":\"Organization\",\"@id\":\"https:\/\/www.public.sn\/#organization\",\"name\":\"LE PUBLIC\",\"url\":\"https:\/\/www.public.sn\/\",\"logo\":{\"@type\":\"ImageObject\",\"inLanguage\":\"fr-FR\",\"@id\":\"https:\/\/www.public.sn\/#\/schema\/logo\/image\/\",\"url\":\"https:\/\/www.public.sn\/wp-content\/uploads\/2024\/05\/cropped-LOGO-PUBLIC.SN_.png\",\"contentUrl\":\"https:\/\/www.public.sn\/wp-content\/uploads\/2024\/05\/cropped-LOGO-PUBLIC.SN_.png\",\"width\":682,\"height\":192,\"caption\":\"LE PUBLIC\"},\"image\":{\"@id\":\"https:\/\/www.public.sn\/#\/schema\/logo\/image\/\"}},{\"@type\":\"Person\",\"@id\":\"https:\/\/www.public.sn\/#\/schema\/person\/e3f4a11b037d4203902db148f9bc8d5a\",\"name\":\"LA REDACTION\",\"image\":{\"@type\":\"ImageObject\",\"inLanguage\":\"fr-FR\",\"@id\":\"https:\/\/www.public.sn\/#\/schema\/person\/image\/\",\"url\":\"https:\/\/secure.gravatar.com\/avatar\/d6c030db45db2883c075085c5d6c6258654a801a93766b49af0b82d4f454e2a5?s=96&d=mm&r=g\",\"contentUrl\":\"https:\/\/secure.gravatar.com\/avatar\/d6c030db45db2883c075085c5d6c6258654a801a93766b49af0b82d4f454e2a5?s=96&d=mm&r=g\",\"caption\":\"LA REDACTION\"},\"sameAs\":[\"http:\/\/www.public.sn\"],\"url\":\"https:\/\/www.public.sn\/index.php\/author\/admin7324\/\"}]}<\/script>\n<!-- \/ Yoast SEO plugin. -->","yoast_head_json":{"title":"Abdoulaye Diouf, un ancien Directeur du Port Autonome de Dakar d\u00e9c\u00e9d\u00e9. - LE PUBLIC","robots":{"index":"index","follow":"follow","max-snippet":"max-snippet:-1","max-image-preview":"max-image-preview:large","max-video-preview":"max-video-preview:-1"},"canonical":"https:\/\/www.public.sn\/index.php\/2022\/08\/25\/abdoulaye-diouf-un-ancien-directeur-du-port-autonome-de-dakar-decede\/","og_locale":"fr_FR","og_type":"article","og_title":"Abdoulaye Diouf, un ancien Directeur du Port Autonome de Dakar d\u00e9c\u00e9d\u00e9. - LE PUBLIC","og_description":"Triste Nouvelle ! Abdoulaye Diouf s&rsquo;est \u00e9teint. Il fut l&rsquo;un des directeurs g\u00e9n\u00e9raux du Port Autonome de Dakar. Connu pour ses \u00ab\u00a0qualit\u00e9s sociales et professionnelles sans commune mesure dont la r\u00e9putation s\u2019\u00e9tait b\u00e2tie sur sa grande rigueur dans le travail, sa courtoisie, son honn\u00eatet\u00e9 et son humilit\u00e9. Un homme, surtout, tr\u00e8s respect\u00e9 de tous ses collaborateurs\u00a0\u00bb, t\u00e9moigne-t-on dans le journal Le T\u00e9moin. Et aussi de l\u2019ensemble de la famille portuaire. Il se raconte qu\u2019un dimanche apr\u00e8s-midi, alors qu\u2019il s\u2019adonnait \u00e0 son passe temps favori, la p\u00eache \u00e0 la ligne qu\u2019il pratiquait \u00e0 la jet\u00e9e du port de Dakar, il a \u00e9t\u00e9 surpris et embarqu\u00e9 manu militari par des gendarmes dans le fourgon du port pour \u00eatre amen\u00e9 \u00e0 la brigade en compagnie d\u2019autres personnes. N\u2019ayant rien dit aux gendarmes au moment de son interpellation, c\u2019est le commandant de brigade lui-m\u00eame qui l\u2019avait reconnu avant de se confondre en excuses. \u00ab\u00a0Rien que cela prouve \u00f4 combien Abdoulaye Diouf \u00e9tait un mod\u00e8le d\u2019humilit\u00e9 comme il n\u2019en existe presque plus aujourd\u2019hui sous nos cieux. Notre regrett\u00e9 Abdoulaye \u00e9tait \u00e9galement un p\u00e8re de famille exemplaire, un homme tr\u00e8s ouvert, conciliant et g\u00e9n\u00e9reux\u00a0\u00bb !, t\u00e9moigne Elimane Ly, un proche du d\u00e9funt. La r\u00e9daction de Public SN pr\u00e9sente ses sinc\u00e8res condol\u00e9ances \u00e0 sa famille, \u00e0 l\u2019ensemble de ses anciens collaborateurs du Port Autonome de Dakar. Paix \u00e0 Ame. R\u00e9dactions Public SN","og_url":"https:\/\/www.public.sn\/index.php\/2022\/08\/25\/abdoulaye-diouf-un-ancien-directeur-du-port-autonome-de-dakar-decede\/","og_site_name":"LE PUBLIC","article_published_time":"2022-08-25T12:52:44+00:00","article_modified_time":"2022-08-25T12:53:38+00:00","og_image":[{"width":800,"height":495,"url":"https:\/\/www.public.sn\/wp-content\/uploads\/2022\/08\/necrologie-un-ancien-directeur-du-port-autonome-de-dakar-est-decede.jpeg","type":"image\/jpeg"}],"author":"LA REDACTION","twitter_card":"summary_large_image","twitter_misc":{"\u00c9crit par":"LA REDACTION","Dur\u00e9e de lecture estim\u00e9e":"2 minutes"},"schema":{"@context":"https:\/\/schema.org","@graph":[{"@type":"Article","@id":"https:\/\/www.public.sn\/index.php\/2022\/08\/25\/abdoulaye-diouf-un-ancien-directeur-du-port-autonome-de-dakar-decede\/#article","isPartOf":{"@id":"https:\/\/www.public.sn\/index.php\/2022\/08\/25\/abdoulaye-diouf-un-ancien-directeur-du-port-autonome-de-dakar-decede\/"},"author":{"name":"LA REDACTION","@id":"https:\/\/www.public.sn\/#\/schema\/person\/e3f4a11b037d4203902db148f9bc8d5a"},"headline":"Abdoulaye Diouf, un ancien Directeur du Port Autonome de Dakar d\u00e9c\u00e9d\u00e9.","datePublished":"2022-08-25T12:52:44+00:00","dateModified":"2022-08-25T12:53:38+00:00","mainEntityOfPage":{"@id":"https:\/\/www.public.sn\/index.php\/2022\/08\/25\/abdoulaye-diouf-un-ancien-directeur-du-port-autonome-de-dakar-decede\/"},"wordCount":274,"commentCount":0,"publisher":{"@id":"https:\/\/www.public.sn\/#organization"},"image":{"@id":"https:\/\/www.public.sn\/index.php\/2022\/08\/25\/abdoulaye-diouf-un-ancien-directeur-du-port-autonome-de-dakar-decede\/#primaryimage"},"thumbnailUrl":"https:\/\/www.public.sn\/wp-content\/uploads\/2022\/08\/necrologie-un-ancien-directeur-du-port-autonome-de-dakar-est-decede.jpeg","keywords":["Abdoulaye Diouf","N\u00e9crologie","Port Autonome de Dakar"],"articleSection":["SOCIETE"],"inLanguage":"fr-FR","potentialAction":[{"@type":"CommentAction","name":"Comment","target":["https:\/\/www.public.sn\/index.php\/2022\/08\/25\/abdoulaye-diouf-un-ancien-directeur-du-port-autonome-de-dakar-decede\/#respond"]}]},{"@type":"WebPage","@id":"https:\/\/www.public.sn\/index.php\/2022\/08\/25\/abdoulaye-diouf-un-ancien-directeur-du-port-autonome-de-dakar-decede\/","url":"https:\/\/www.public.sn\/index.php\/2022\/08\/25\/abdoulaye-diouf-un-ancien-directeur-du-port-autonome-de-dakar-decede\/","name":"Abdoulaye Diouf, un ancien Directeur du Port Autonome de Dakar d\u00e9c\u00e9d\u00e9. - LE PUBLIC","isPartOf":{"@id":"https:\/\/www.public.sn\/#website"},"primaryImageOfPage":{"@id":"https:\/\/www.public.sn\/index.php\/2022\/08\/25\/abdoulaye-diouf-un-ancien-directeur-du-port-autonome-de-dakar-decede\/#primaryimage"},"image":{"@id":"https:\/\/www.public.sn\/index.php\/2022\/08\/25\/abdoulaye-diouf-un-ancien-directeur-du-port-autonome-de-dakar-decede\/#primaryimage"},"thumbnailUrl":"https:\/\/www.public.sn\/wp-content\/uploads\/2022\/08\/necrologie-un-ancien-directeur-du-port-autonome-de-dakar-est-decede.jpeg","datePublished":"2022-08-25T12:52:44+00:00","dateModified":"2022-08-25T12:53:38+00:00","breadcrumb":{"@id":"https:\/\/www.public.sn\/index.php\/2022\/08\/25\/abdoulaye-diouf-un-ancien-directeur-du-port-autonome-de-dakar-decede\/#breadcrumb"},"inLanguage":"fr-FR","potentialAction":[{"@type":"ReadAction","target":["https:\/\/www.public.sn\/index.php\/2022\/08\/25\/abdoulaye-diouf-un-ancien-directeur-du-port-autonome-de-dakar-decede\/"]}]},{"@type":"ImageObject","inLanguage":"fr-FR","@id":"https:\/\/www.public.sn\/index.php\/2022\/08\/25\/abdoulaye-diouf-un-ancien-directeur-du-port-autonome-de-dakar-decede\/#primaryimage","url":"https:\/\/www.public.sn\/wp-content\/uploads\/2022\/08\/necrologie-un-ancien-directeur-du-port-autonome-de-dakar-est-decede.jpeg","contentUrl":"https:\/\/www.public.sn\/wp-content\/uploads\/2022\/08\/necrologie-un-ancien-directeur-du-port-autonome-de-dakar-est-decede.jpeg","width":800,"height":495},{"@type":"BreadcrumbList","@id":"https:\/\/www.public.sn\/index.php\/2022\/08\/25\/abdoulaye-diouf-un-ancien-directeur-du-port-autonome-de-dakar-decede\/#breadcrumb","itemListElement":[{"@type":"ListItem","position":1,"name":"Accueil","item":"https:\/\/www.public.sn\/"},{"@type":"ListItem","position":2,"name":"Abdoulaye Diouf, un ancien Directeur du Port Autonome de Dakar d\u00e9c\u00e9d\u00e9."}]},{"@type":"WebSite","@id":"https:\/\/www.public.sn\/#website","url":"https:\/\/www.public.sn\/","name":"LE PUBLIC","description":"","publisher":{"@id":"https:\/\/www.public.sn\/#organization"},"potentialAction":[{"@type":"SearchAction","target":{"@type":"EntryPoint","urlTemplate":"https:\/\/www.public.sn\/?s={search_term_string}"},"query-input":{"@type":"PropertyValueSpecification","valueRequired":true,"valueName":"search_term_string"}}],"inLanguage":"fr-FR"},{"@type":"Organization","@id":"https:\/\/www.public.sn\/#organization","name":"LE PUBLIC","url":"https:\/\/www.public.sn\/","logo":{"@type":"ImageObject","inLanguage":"fr-FR","@id":"https:\/\/www.public.sn\/#\/schema\/logo\/image\/","url":"https:\/\/www.public.sn\/wp-content\/uploads\/2024\/05\/cropped-LOGO-PUBLIC.SN_.png","contentUrl":"https:\/\/www.public.sn\/wp-content\/uploads\/2024\/05\/cropped-LOGO-PUBLIC.SN_.png","width":682,"height":192,"caption":"LE PUBLIC"},"image":{"@id":"https:\/\/www.public.sn\/#\/schema\/logo\/image\/"}},{"@type":"Person","@id":"https:\/\/www.public.sn\/#\/schema\/person\/e3f4a11b037d4203902db148f9bc8d5a","name":"LA REDACTION","image":{"@type":"ImageObject","inLanguage":"fr-FR","@id":"https:\/\/www.public.sn\/#\/schema\/person\/image\/","url":"https:\/\/secure.gravatar.com\/avatar\/d6c030db45db2883c075085c5d6c6258654a801a93766b49af0b82d4f454e2a5?s=96&d=mm&r=g","contentUrl":"https:\/\/secure.gravatar.com\/avatar\/d6c030db45db2883c075085c5d6c6258654a801a93766b49af0b82d4f454e2a5?s=96&d=mm&r=g","caption":"LA REDACTION"},"sameAs":["http:\/\/www.public.sn"],"url":"https:\/\/www.public.sn\/index.php\/author\/admin7324\/"}]}},"jetpack_featured_media_url":"https:\/\/www.public.sn\/wp-content\/uploads\/2022\/08\/necrologie-un-ancien-directeur-du-port-autonome-de-dakar-est-decede.jpeg","jetpack_sharing_enabled":true,"_links":{"self":[{"href":"https:\/\/www.public.sn\/index.php\/wp-json\/wp\/v2\/posts\/616","targetHints":{"allow":["GET"]}}],"collection":[{"href":"https:\/\/www.public.sn\/index.php\/wp-json\/wp\/v2\/posts"}],"about":[{"href":"https:\/\/www.public.sn\/index.php\/wp-json\/wp\/v2\/types\/post"}],"author":[{"embeddable":true,"href":"https:\/\/www.public.sn\/index.php\/wp-json\/wp\/v2\/users\/1"}],"replies":[{"embeddable":true,"href":"https:\/\/www.public.sn\/index.php\/wp-json\/wp\/v2\/comments?post=616"}],"version-history":[{"count":1,"href":"https:\/\/www.public.sn\/index.php\/wp-json\/wp\/v2\/posts\/616\/revisions"}],"predecessor-version":[{"id":618,"href":"https:\/\/www.public.sn\/index.php\/wp-json\/wp\/v2\/posts\/616\/revisions\/618"}],"wp:featuredmedia":[{"embeddable":true,"href":"https:\/\/www.public.sn\/index.php\/wp-json\/wp\/v2\/media\/617"}],"wp:attachment":[{"href":"https:\/\/www.public.sn\/index.php\/wp-json\/wp\/v2\/media?parent=616"}],"wp:term":[{"taxonomy":"category","embeddable":true,"href":"https:\/\/www.public.sn\/index.php\/wp-json\/wp\/v2\/categories?post=616"},{"taxonomy":"post_tag","embeddable":true,"href":"https:\/\/www.public.sn\/index.php\/wp-json\/wp\/v2\/tags?post=616"}],"curies":[{"name":"wp","href":"https:\/\/api.w.org\/{rel}","templated":true}]}}