{"id":6160,"date":"2022-10-28T08:19:23","date_gmt":"2022-10-28T08:19:23","guid":{"rendered":"https:\/\/www.public.sn\/?p=6160"},"modified":"2022-10-28T08:19:25","modified_gmt":"2022-10-28T08:19:25","slug":"reprise-du-rail-le-president-donne-des-assurances","status":"publish","type":"post","link":"https:\/\/www.public.sn\/index.php\/2022\/10\/28\/reprise-du-rail-le-president-donne-des-assurances\/","title":{"rendered":"Reprise du rail\u00a0: Le pr\u00e9sident donne des assurances."},"content":{"rendered":"\n<p><\/p>\n\n\n\n<p>Le pr\u00e9sident de la R\u00e9publique donne des assurances que la relance ds chemins de fer se fera pour tr\u00e8s bient\u00f4t.<\/p><div class=\"publi-paragraphe1\" style=\"margin-top: 10px;margin-bottom: 10px;margin-left: auto;margin-right: auto;text-align: center;\" id=\"publi-3687395145\"><div class=\"publi-adlabel\">Publicit\u00e9<\/div><script async src=\"\/\/pagead2.googlesyndication.com\/pagead\/js\/adsbygoogle.js?client=ca-pub-4089586018074219\" crossorigin=\"anonymous\"><\/script><ins class=\"adsbygoogle\" style=\"display:block;\" data-ad-client=\"ca-pub-4089586018074219\" \ndata-ad-slot=\"2087940154\" \ndata-ad-format=\"auto\"><\/ins>\n<script> \n(adsbygoogle = window.adsbygoogle || []).push({}); \n<\/script>\n<\/div>\n\n\n\n<p><\/p>\n\n\n\n<p> Une annonce faite apr\u00e8s l\u2019interpellation du maire de Thi\u00e8s Babacar Diop qui lors de son speech avait sollicit\u00e9 le Pr\u00e9sident de la R\u00e9publique pour que Thi\u00e8s redevienne la capital du rail et que le train recommence \u00e0 siffler dans la cit\u00e9e. <\/p>\n\n\n\n<p><\/p>\n\n\n\n<p>En prenant la parole Macky Sall dit savoir l\u2019int\u00e9r\u00eat que les rails occupent pour Thi\u00e8s. Il donne l\u2019assurance au maire et aux travailleurs du rail que leur dol\u00e9ance a \u00e9t\u00e9 entendue et que le gouvernement travaille \u00e0 faire en sorte que le chemin du fer reprenne dans les plus brefs d\u00e9lais.<\/p>\n\n\n\n<p>Samba SY.<\/p>\n<div class=\"publi-apres-le-contenu\" style=\"margin-top: 10px;margin-bottom: 10px;margin-left: auto;margin-right: auto;text-align: center;\" id=\"publi-3159903271\"><div class=\"publi-adlabel\">Publicit\u00e9<\/div><script async src=\"\/\/pagead2.googlesyndication.com\/pagead\/js\/adsbygoogle.js?client=ca-pub-4089586018074219\" crossorigin=\"anonymous\"><\/script><ins class=\"adsbygoogle\" style=\"display:block;\" data-ad-client=\"ca-pub-4089586018074219\" \ndata-ad-slot=\"2087940154\" \ndata-ad-format=\"auto\"><\/ins>\n<script> \n(adsbygoogle = window.adsbygoogle || []).push({}); \n<\/script>\n<\/div>","protected":false},"excerpt":{"rendered":"<p>Le pr\u00e9sident de la R\u00e9publique donne des assurances que la relance ds chemins de fer se fera pour tr\u00e8s bient\u00f4t. Une annonce faite apr\u00e8s l\u2019interpellation du maire de Thi\u00e8s Babacar Diop qui lors de son speech avait sollicit\u00e9 le Pr\u00e9sident de la R\u00e9publique pour que Thi\u00e8s redevienne la capital du rail et que le train recommence \u00e0 siffler dans la cit\u00e9e. En prenant la parole Macky Sall dit savoir l\u2019int\u00e9r\u00eat que les rails occupent pour Thi\u00e8s. Il donne l\u2019assurance au maire et aux travailleurs du rail que leur dol\u00e9ance a \u00e9t\u00e9 entendue et que le gouvernement travaille \u00e0 faire en sorte que le chemin du fer reprenne dans les plus brefs d\u00e9lais. Samba SY.<\/p>\n","protected":false},"author":7,"featured_media":6161,"comment_status":"open","ping_status":"open","sticky":false,"template":"","format":"standard","meta":{"_jetpack_memberships_contains_paid_content":false,"footnotes":""},"categories":[375,1,4],"tags":[2140,11,2139],"class_list":["post-6160","post","type-post","status-publish","format-standard","has-post-thumbnail","hentry","category-actualites","category-non-classe","category-societe","tag-babacar-diop","tag-macky-sall","tag-reprise-rail","entry","has-media","owp-thumbs-layout-horizontal","owp-btn-normal","owp-tabs-layout-horizontal","has-no-thumbnails","has-product-nav"],"yoast_head":"<!-- This site is optimized with the Yoast SEO plugin v25.5 - https:\/\/yoast.com\/wordpress\/plugins\/seo\/ -->\n<title>Reprise du rail\u00a0: Le pr\u00e9sident donne des assurances. - LE PUBLIC<\/title>\n<meta name=\"robots\" content=\"index, follow, max-snippet:-1, max-image-preview:large, max-video-preview:-1\" \/>\n<link rel=\"canonical\" href=\"https:\/\/www.public.sn\/index.php\/2022\/10\/28\/reprise-du-rail-le-president-donne-des-assurances\/\" \/>\n<meta property=\"og:locale\" content=\"fr_FR\" \/>\n<meta property=\"og:type\" content=\"article\" \/>\n<meta property=\"og:title\" content=\"Reprise du rail\u00a0: Le pr\u00e9sident donne des assurances. - LE PUBLIC\" \/>\n<meta property=\"og:description\" content=\"Le pr\u00e9sident de la R\u00e9publique donne des assurances que la relance ds chemins de fer se fera pour tr\u00e8s bient\u00f4t. Une annonce faite apr\u00e8s l\u2019interpellation du maire de Thi\u00e8s Babacar Diop qui lors de son speech avait sollicit\u00e9 le Pr\u00e9sident de la R\u00e9publique pour que Thi\u00e8s redevienne la capital du rail et que le train recommence \u00e0 siffler dans la cit\u00e9e. En prenant la parole Macky Sall dit savoir l\u2019int\u00e9r\u00eat que les rails occupent pour Thi\u00e8s. Il donne l\u2019assurance au maire et aux travailleurs du rail que leur dol\u00e9ance a \u00e9t\u00e9 entendue et que le gouvernement travaille \u00e0 faire en sorte que le chemin du fer reprenne dans les plus brefs d\u00e9lais. Samba SY.\" \/>\n<meta property=\"og:url\" content=\"https:\/\/www.public.sn\/index.php\/2022\/10\/28\/reprise-du-rail-le-president-donne-des-assurances\/\" \/>\n<meta property=\"og:site_name\" content=\"LE PUBLIC\" \/>\n<meta property=\"article:published_time\" content=\"2022-10-28T08:19:23+00:00\" \/>\n<meta property=\"article:modified_time\" content=\"2022-10-28T08:19:25+00:00\" \/>\n<meta property=\"og:image\" content=\"https:\/\/www.public.sn\/wp-content\/uploads\/2022\/10\/gare-de-thies.jpg\" \/>\n\t<meta property=\"og:image:width\" content=\"900\" \/>\n\t<meta property=\"og:image:height\" content=\"672\" \/>\n\t<meta property=\"og:image:type\" content=\"image\/jpeg\" \/>\n<meta name=\"author\" content=\"LA REDACTION\" \/>\n<meta name=\"twitter:card\" content=\"summary_large_image\" \/>\n<meta name=\"twitter:label1\" content=\"\u00c9crit par\" \/>\n\t<meta name=\"twitter:data1\" content=\"LA REDACTION\" \/>\n\t<meta name=\"twitter:label2\" content=\"Dur\u00e9e de lecture estim\u00e9e\" \/>\n\t<meta name=\"twitter:data2\" content=\"1 minute\" \/>\n<script type=\"application\/ld+json\" class=\"yoast-schema-graph\">{\"@context\":\"https:\/\/schema.org\",\"@graph\":[{\"@type\":\"Article\",\"@id\":\"https:\/\/www.public.sn\/index.php\/2022\/10\/28\/reprise-du-rail-le-president-donne-des-assurances\/#article\",\"isPartOf\":{\"@id\":\"https:\/\/www.public.sn\/index.php\/2022\/10\/28\/reprise-du-rail-le-president-donne-des-assurances\/\"},\"author\":{\"name\":\"LA REDACTION\",\"@id\":\"https:\/\/www.public.sn\/#\/schema\/person\/cb76c8e1b8becc6be61fb5e92d6d0224\"},\"headline\":\"Reprise du rail\u00a0: Le pr\u00e9sident donne des assurances.\",\"datePublished\":\"2022-10-28T08:19:23+00:00\",\"dateModified\":\"2022-10-28T08:19:25+00:00\",\"mainEntityOfPage\":{\"@id\":\"https:\/\/www.public.sn\/index.php\/2022\/10\/28\/reprise-du-rail-le-president-donne-des-assurances\/\"},\"wordCount\":139,\"commentCount\":0,\"publisher\":{\"@id\":\"https:\/\/www.public.sn\/#organization\"},\"image\":{\"@id\":\"https:\/\/www.public.sn\/index.php\/2022\/10\/28\/reprise-du-rail-le-president-donne-des-assurances\/#primaryimage\"},\"thumbnailUrl\":\"https:\/\/www.public.sn\/wp-content\/uploads\/2022\/10\/gare-de-thies.jpg\",\"keywords\":[\"babacar diop\",\"Macky Sall\",\"reprise rail\"],\"articleSection\":[\"ACTUALIT\u00c9S\",\"S\u00c9N\u00c9GAL\",\"SOCIETE\"],\"inLanguage\":\"fr-FR\",\"potentialAction\":[{\"@type\":\"CommentAction\",\"name\":\"Comment\",\"target\":[\"https:\/\/www.public.sn\/index.php\/2022\/10\/28\/reprise-du-rail-le-president-donne-des-assurances\/#respond\"]}]},{\"@type\":\"WebPage\",\"@id\":\"https:\/\/www.public.sn\/index.php\/2022\/10\/28\/reprise-du-rail-le-president-donne-des-assurances\/\",\"url\":\"https:\/\/www.public.sn\/index.php\/2022\/10\/28\/reprise-du-rail-le-president-donne-des-assurances\/\",\"name\":\"Reprise du rail\u00a0: Le pr\u00e9sident donne des assurances. - LE PUBLIC\",\"isPartOf\":{\"@id\":\"https:\/\/www.public.sn\/#website\"},\"primaryImageOfPage\":{\"@id\":\"https:\/\/www.public.sn\/index.php\/2022\/10\/28\/reprise-du-rail-le-president-donne-des-assurances\/#primaryimage\"},\"image\":{\"@id\":\"https:\/\/www.public.sn\/index.php\/2022\/10\/28\/reprise-du-rail-le-president-donne-des-assurances\/#primaryimage\"},\"thumbnailUrl\":\"https:\/\/www.public.sn\/wp-content\/uploads\/2022\/10\/gare-de-thies.jpg\",\"datePublished\":\"2022-10-28T08:19:23+00:00\",\"dateModified\":\"2022-10-28T08:19:25+00:00\",\"breadcrumb\":{\"@id\":\"https:\/\/www.public.sn\/index.php\/2022\/10\/28\/reprise-du-rail-le-president-donne-des-assurances\/#breadcrumb\"},\"inLanguage\":\"fr-FR\",\"potentialAction\":[{\"@type\":\"ReadAction\",\"target\":[\"https:\/\/www.public.sn\/index.php\/2022\/10\/28\/reprise-du-rail-le-president-donne-des-assurances\/\"]}]},{\"@type\":\"ImageObject\",\"inLanguage\":\"fr-FR\",\"@id\":\"https:\/\/www.public.sn\/index.php\/2022\/10\/28\/reprise-du-rail-le-president-donne-des-assurances\/#primaryimage\",\"url\":\"https:\/\/www.public.sn\/wp-content\/uploads\/2022\/10\/gare-de-thies.jpg\",\"contentUrl\":\"https:\/\/www.public.sn\/wp-content\/uploads\/2022\/10\/gare-de-thies.jpg\",\"width\":900,\"height\":672,\"caption\":\"publicsn\"},{\"@type\":\"BreadcrumbList\",\"@id\":\"https:\/\/www.public.sn\/index.php\/2022\/10\/28\/reprise-du-rail-le-president-donne-des-assurances\/#breadcrumb\",\"itemListElement\":[{\"@type\":\"ListItem\",\"position\":1,\"name\":\"Accueil\",\"item\":\"https:\/\/www.public.sn\/\"},{\"@type\":\"ListItem\",\"position\":2,\"name\":\"Reprise du rail\u00a0: Le pr\u00e9sident donne des assurances.\"}]},{\"@type\":\"WebSite\",\"@id\":\"https:\/\/www.public.sn\/#website\",\"url\":\"https:\/\/www.public.sn\/\",\"name\":\"LE PUBLIC\",\"description\":\"\",\"publisher\":{\"@id\":\"https:\/\/www.public.sn\/#organization\"},\"potentialAction\":[{\"@type\":\"SearchAction\",\"target\":{\"@type\":\"EntryPoint\",\"urlTemplate\":\"https:\/\/www.public.sn\/?s={search_term_string}\"},\"query-input\":{\"@type\":\"PropertyValueSpecification\",\"valueRequired\":true,\"valueName\":\"search_term_string\"}}],\"inLanguage\":\"fr-FR\"},{\"@type\":\"Organization\",\"@id\":\"https:\/\/www.public.sn\/#organization\",\"name\":\"LE PUBLIC\",\"url\":\"https:\/\/www.public.sn\/\",\"logo\":{\"@type\":\"ImageObject\",\"inLanguage\":\"fr-FR\",\"@id\":\"https:\/\/www.public.sn\/#\/schema\/logo\/image\/\",\"url\":\"https:\/\/www.public.sn\/wp-content\/uploads\/2024\/05\/cropped-LOGO-PUBLIC.SN_.png\",\"contentUrl\":\"https:\/\/www.public.sn\/wp-content\/uploads\/2024\/05\/cropped-LOGO-PUBLIC.SN_.png\",\"width\":682,\"height\":192,\"caption\":\"LE PUBLIC\"},\"image\":{\"@id\":\"https:\/\/www.public.sn\/#\/schema\/logo\/image\/\"}},{\"@type\":\"Person\",\"@id\":\"https:\/\/www.public.sn\/#\/schema\/person\/cb76c8e1b8becc6be61fb5e92d6d0224\",\"name\":\"LA REDACTION\",\"image\":{\"@type\":\"ImageObject\",\"inLanguage\":\"fr-FR\",\"@id\":\"https:\/\/www.public.sn\/#\/schema\/person\/image\/\",\"url\":\"https:\/\/secure.gravatar.com\/avatar\/2dce5ddd34b8fef0180efe03aa2a9bee7d953856048f9a16b298190a3178407c?s=96&d=mm&r=g\",\"contentUrl\":\"https:\/\/secure.gravatar.com\/avatar\/2dce5ddd34b8fef0180efe03aa2a9bee7d953856048f9a16b298190a3178407c?s=96&d=mm&r=g\",\"caption\":\"LA REDACTION\"},\"url\":\"https:\/\/www.public.sn\/index.php\/author\/editeurpsn\/\"}]}<\/script>\n<!-- \/ Yoast SEO plugin. -->","yoast_head_json":{"title":"Reprise du rail\u00a0: Le pr\u00e9sident donne des assurances. - LE PUBLIC","robots":{"index":"index","follow":"follow","max-snippet":"max-snippet:-1","max-image-preview":"max-image-preview:large","max-video-preview":"max-video-preview:-1"},"canonical":"https:\/\/www.public.sn\/index.php\/2022\/10\/28\/reprise-du-rail-le-president-donne-des-assurances\/","og_locale":"fr_FR","og_type":"article","og_title":"Reprise du rail\u00a0: Le pr\u00e9sident donne des assurances. - LE PUBLIC","og_description":"Le pr\u00e9sident de la R\u00e9publique donne des assurances que la relance ds chemins de fer se fera pour tr\u00e8s bient\u00f4t. Une annonce faite apr\u00e8s l\u2019interpellation du maire de Thi\u00e8s Babacar Diop qui lors de son speech avait sollicit\u00e9 le Pr\u00e9sident de la R\u00e9publique pour que Thi\u00e8s redevienne la capital du rail et que le train recommence \u00e0 siffler dans la cit\u00e9e. En prenant la parole Macky Sall dit savoir l\u2019int\u00e9r\u00eat que les rails occupent pour Thi\u00e8s. Il donne l\u2019assurance au maire et aux travailleurs du rail que leur dol\u00e9ance a \u00e9t\u00e9 entendue et que le gouvernement travaille \u00e0 faire en sorte que le chemin du fer reprenne dans les plus brefs d\u00e9lais. Samba SY.","og_url":"https:\/\/www.public.sn\/index.php\/2022\/10\/28\/reprise-du-rail-le-president-donne-des-assurances\/","og_site_name":"LE PUBLIC","article_published_time":"2022-10-28T08:19:23+00:00","article_modified_time":"2022-10-28T08:19:25+00:00","og_image":[{"width":900,"height":672,"url":"https:\/\/www.public.sn\/wp-content\/uploads\/2022\/10\/gare-de-thies.jpg","type":"image\/jpeg"}],"author":"LA REDACTION","twitter_card":"summary_large_image","twitter_misc":{"\u00c9crit par":"LA REDACTION","Dur\u00e9e de lecture estim\u00e9e":"1 minute"},"schema":{"@context":"https:\/\/schema.org","@graph":[{"@type":"Article","@id":"https:\/\/www.public.sn\/index.php\/2022\/10\/28\/reprise-du-rail-le-president-donne-des-assurances\/#article","isPartOf":{"@id":"https:\/\/www.public.sn\/index.php\/2022\/10\/28\/reprise-du-rail-le-president-donne-des-assurances\/"},"author":{"name":"LA REDACTION","@id":"https:\/\/www.public.sn\/#\/schema\/person\/cb76c8e1b8becc6be61fb5e92d6d0224"},"headline":"Reprise du rail\u00a0: Le pr\u00e9sident donne des assurances.","datePublished":"2022-10-28T08:19:23+00:00","dateModified":"2022-10-28T08:19:25+00:00","mainEntityOfPage":{"@id":"https:\/\/www.public.sn\/index.php\/2022\/10\/28\/reprise-du-rail-le-president-donne-des-assurances\/"},"wordCount":139,"commentCount":0,"publisher":{"@id":"https:\/\/www.public.sn\/#organization"},"image":{"@id":"https:\/\/www.public.sn\/index.php\/2022\/10\/28\/reprise-du-rail-le-president-donne-des-assurances\/#primaryimage"},"thumbnailUrl":"https:\/\/www.public.sn\/wp-content\/uploads\/2022\/10\/gare-de-thies.jpg","keywords":["babacar diop","Macky Sall","reprise rail"],"articleSection":["ACTUALIT\u00c9S","S\u00c9N\u00c9GAL","SOCIETE"],"inLanguage":"fr-FR","potentialAction":[{"@type":"CommentAction","name":"Comment","target":["https:\/\/www.public.sn\/index.php\/2022\/10\/28\/reprise-du-rail-le-president-donne-des-assurances\/#respond"]}]},{"@type":"WebPage","@id":"https:\/\/www.public.sn\/index.php\/2022\/10\/28\/reprise-du-rail-le-president-donne-des-assurances\/","url":"https:\/\/www.public.sn\/index.php\/2022\/10\/28\/reprise-du-rail-le-president-donne-des-assurances\/","name":"Reprise du rail\u00a0: Le pr\u00e9sident donne des assurances. - LE PUBLIC","isPartOf":{"@id":"https:\/\/www.public.sn\/#website"},"primaryImageOfPage":{"@id":"https:\/\/www.public.sn\/index.php\/2022\/10\/28\/reprise-du-rail-le-president-donne-des-assurances\/#primaryimage"},"image":{"@id":"https:\/\/www.public.sn\/index.php\/2022\/10\/28\/reprise-du-rail-le-president-donne-des-assurances\/#primaryimage"},"thumbnailUrl":"https:\/\/www.public.sn\/wp-content\/uploads\/2022\/10\/gare-de-thies.jpg","datePublished":"2022-10-28T08:19:23+00:00","dateModified":"2022-10-28T08:19:25+00:00","breadcrumb":{"@id":"https:\/\/www.public.sn\/index.php\/2022\/10\/28\/reprise-du-rail-le-president-donne-des-assurances\/#breadcrumb"},"inLanguage":"fr-FR","potentialAction":[{"@type":"ReadAction","target":["https:\/\/www.public.sn\/index.php\/2022\/10\/28\/reprise-du-rail-le-president-donne-des-assurances\/"]}]},{"@type":"ImageObject","inLanguage":"fr-FR","@id":"https:\/\/www.public.sn\/index.php\/2022\/10\/28\/reprise-du-rail-le-president-donne-des-assurances\/#primaryimage","url":"https:\/\/www.public.sn\/wp-content\/uploads\/2022\/10\/gare-de-thies.jpg","contentUrl":"https:\/\/www.public.sn\/wp-content\/uploads\/2022\/10\/gare-de-thies.jpg","width":900,"height":672,"caption":"publicsn"},{"@type":"BreadcrumbList","@id":"https:\/\/www.public.sn\/index.php\/2022\/10\/28\/reprise-du-rail-le-president-donne-des-assurances\/#breadcrumb","itemListElement":[{"@type":"ListItem","position":1,"name":"Accueil","item":"https:\/\/www.public.sn\/"},{"@type":"ListItem","position":2,"name":"Reprise du rail\u00a0: Le pr\u00e9sident donne des assurances."}]},{"@type":"WebSite","@id":"https:\/\/www.public.sn\/#website","url":"https:\/\/www.public.sn\/","name":"LE PUBLIC","description":"","publisher":{"@id":"https:\/\/www.public.sn\/#organization"},"potentialAction":[{"@type":"SearchAction","target":{"@type":"EntryPoint","urlTemplate":"https:\/\/www.public.sn\/?s={search_term_string}"},"query-input":{"@type":"PropertyValueSpecification","valueRequired":true,"valueName":"search_term_string"}}],"inLanguage":"fr-FR"},{"@type":"Organization","@id":"https:\/\/www.public.sn\/#organization","name":"LE PUBLIC","url":"https:\/\/www.public.sn\/","logo":{"@type":"ImageObject","inLanguage":"fr-FR","@id":"https:\/\/www.public.sn\/#\/schema\/logo\/image\/","url":"https:\/\/www.public.sn\/wp-content\/uploads\/2024\/05\/cropped-LOGO-PUBLIC.SN_.png","contentUrl":"https:\/\/www.public.sn\/wp-content\/uploads\/2024\/05\/cropped-LOGO-PUBLIC.SN_.png","width":682,"height":192,"caption":"LE PUBLIC"},"image":{"@id":"https:\/\/www.public.sn\/#\/schema\/logo\/image\/"}},{"@type":"Person","@id":"https:\/\/www.public.sn\/#\/schema\/person\/cb76c8e1b8becc6be61fb5e92d6d0224","name":"LA REDACTION","image":{"@type":"ImageObject","inLanguage":"fr-FR","@id":"https:\/\/www.public.sn\/#\/schema\/person\/image\/","url":"https:\/\/secure.gravatar.com\/avatar\/2dce5ddd34b8fef0180efe03aa2a9bee7d953856048f9a16b298190a3178407c?s=96&d=mm&r=g","contentUrl":"https:\/\/secure.gravatar.com\/avatar\/2dce5ddd34b8fef0180efe03aa2a9bee7d953856048f9a16b298190a3178407c?s=96&d=mm&r=g","caption":"LA REDACTION"},"url":"https:\/\/www.public.sn\/index.php\/author\/editeurpsn\/"}]}},"jetpack_featured_media_url":"https:\/\/www.public.sn\/wp-content\/uploads\/2022\/10\/gare-de-thies.jpg","jetpack_sharing_enabled":true,"_links":{"self":[{"href":"https:\/\/www.public.sn\/index.php\/wp-json\/wp\/v2\/posts\/6160","targetHints":{"allow":["GET"]}}],"collection":[{"href":"https:\/\/www.public.sn\/index.php\/wp-json\/wp\/v2\/posts"}],"about":[{"href":"https:\/\/www.public.sn\/index.php\/wp-json\/wp\/v2\/types\/post"}],"author":[{"embeddable":true,"href":"https:\/\/www.public.sn\/index.php\/wp-json\/wp\/v2\/users\/7"}],"replies":[{"embeddable":true,"href":"https:\/\/www.public.sn\/index.php\/wp-json\/wp\/v2\/comments?post=6160"}],"version-history":[{"count":2,"href":"https:\/\/www.public.sn\/index.php\/wp-json\/wp\/v2\/posts\/6160\/revisions"}],"predecessor-version":[{"id":6163,"href":"https:\/\/www.public.sn\/index.php\/wp-json\/wp\/v2\/posts\/6160\/revisions\/6163"}],"wp:featuredmedia":[{"embeddable":true,"href":"https:\/\/www.public.sn\/index.php\/wp-json\/wp\/v2\/media\/6161"}],"wp:attachment":[{"href":"https:\/\/www.public.sn\/index.php\/wp-json\/wp\/v2\/media?parent=6160"}],"wp:term":[{"taxonomy":"category","embeddable":true,"href":"https:\/\/www.public.sn\/index.php\/wp-json\/wp\/v2\/categories?post=6160"},{"taxonomy":"post_tag","embeddable":true,"href":"https:\/\/www.public.sn\/index.php\/wp-json\/wp\/v2\/tags?post=6160"}],"curies":[{"name":"wp","href":"https:\/\/api.w.org\/{rel}","templated":true}]}}