{"id":6183,"date":"2022-10-28T09:35:11","date_gmt":"2022-10-28T09:35:11","guid":{"rendered":"https:\/\/www.public.sn\/?p=6183"},"modified":"2022-10-28T09:46:33","modified_gmt":"2022-10-28T09:46:33","slug":"les-temoignages-de-taibe-socce-sur-ousmane-sonko","status":"publish","type":"post","link":"https:\/\/www.public.sn\/index.php\/2022\/10\/28\/les-temoignages-de-taibe-socce-sur-ousmane-sonko\/","title":{"rendered":"Les t\u00e9moignages de Ta\u00efb Soc\u00e9 sur Ousmane Sonko(Vid\u00e9o).\u00a0"},"content":{"rendered":"\n<p>Le pr\u00eacheur &nbsp;de Itv&nbsp; explique l\u2019engouement que certains jeunes ont de Ousmane Sonko par le fait que celui-ci leur a propos\u00e9 une nouvelle vision de faire la politique.&nbsp; Son discours innovateur a fascin\u00e9 les jeunes car la r\u00e9appropriation de nos ressources naturelles n\u2019\u00e9tait pas le discours des dirigeants. Ce sont des jeunes qui se retrouvent dans son discours et qui adh\u00e9rent. Pour Taib Soc\u00e9 cette nouvelle approche de la politique est une nouveaut\u00e9.<\/p><div class=\"publi-paragraphe1\" style=\"margin-top: 10px;margin-bottom: 10px;margin-left: auto;margin-right: auto;text-align: center;\" id=\"publi-335292468\"><div class=\"publi-adlabel\">Publicit\u00e9<\/div><script async src=\"\/\/pagead2.googlesyndication.com\/pagead\/js\/adsbygoogle.js?client=ca-pub-4089586018074219\" crossorigin=\"anonymous\"><\/script><ins class=\"adsbygoogle\" style=\"display:block;\" data-ad-client=\"ca-pub-4089586018074219\" \ndata-ad-slot=\"2087940154\" \ndata-ad-format=\"auto\"><\/ins>\n<script> \n(adsbygoogle = window.adsbygoogle || []).push({}); \n<\/script>\n<\/div>\n\n\n\n<p>Des propos tenus \u00e0 l\u2019occasion d\u2019un entretien avec Publicsn.<\/p>\n\n\n\n<p>Maimouna Niang.<\/p>\n\n\n<p><\/p><div class=\"publi-apres-le-contenu\" style=\"margin-top: 10px;margin-bottom: 10px;margin-left: auto;margin-right: auto;text-align: center;\" id=\"publi-194550613\"><div class=\"publi-adlabel\">Publicit\u00e9<\/div><script async src=\"\/\/pagead2.googlesyndication.com\/pagead\/js\/adsbygoogle.js?client=ca-pub-4089586018074219\" crossorigin=\"anonymous\"><\/script><ins class=\"adsbygoogle\" style=\"display:block;\" data-ad-client=\"ca-pub-4089586018074219\" \ndata-ad-slot=\"2087940154\" \ndata-ad-format=\"auto\"><\/ins>\n<script> \n(adsbygoogle = window.adsbygoogle || []).push({}); \n<\/script>\n<\/div>","protected":false},"excerpt":{"rendered":"<p>Le pr\u00eacheur &nbsp;de Itv&nbsp; explique l\u2019engouement que certains jeunes ont de Ousmane Sonko par le fait que celui-ci leur a propos\u00e9 une nouvelle vision de faire la politique.&nbsp; Son discours innovateur a fascin\u00e9 les jeunes car la r\u00e9appropriation de nos ressources naturelles n\u2019\u00e9tait pas le discours des dirigeants. Ce sont des jeunes qui se retrouvent dans son discours et qui adh\u00e9rent. Pour Taib Soc\u00e9 cette nouvelle approche de la politique est une nouveaut\u00e9. Des propos tenus \u00e0 l\u2019occasion d\u2019un entretien avec Publicsn. Maimouna Niang.<\/p>\n","protected":false},"author":1,"featured_media":6184,"comment_status":"open","ping_status":"open","sticky":false,"template":"","format":"standard","meta":{"_jetpack_memberships_contains_paid_content":false,"footnotes":""},"categories":[375,3,8,1],"tags":[1158,306,2151],"class_list":["post-6183","post","type-post","status-publish","format-standard","has-post-thumbnail","hentry","category-actualites","category-politique","category-public-tv","category-non-classe","tag-politique","tag-sonko","tag-taib","entry","has-media","owp-thumbs-layout-horizontal","owp-btn-normal","owp-tabs-layout-horizontal","has-no-thumbnails","has-product-nav"],"yoast_head":"<!-- This site is optimized with the Yoast SEO plugin v25.5 - https:\/\/yoast.com\/wordpress\/plugins\/seo\/ -->\n<title>Les t\u00e9moignages de Ta\u00efb Soc\u00e9 sur Ousmane Sonko(Vid\u00e9o).\u00a0 - LE PUBLIC<\/title>\n<meta name=\"robots\" content=\"index, follow, max-snippet:-1, max-image-preview:large, max-video-preview:-1\" \/>\n<link rel=\"canonical\" href=\"https:\/\/www.public.sn\/index.php\/2022\/10\/28\/les-temoignages-de-taibe-socce-sur-ousmane-sonko\/\" \/>\n<meta property=\"og:locale\" content=\"fr_FR\" \/>\n<meta property=\"og:type\" content=\"article\" \/>\n<meta property=\"og:title\" content=\"Les t\u00e9moignages de Ta\u00efb Soc\u00e9 sur Ousmane Sonko(Vid\u00e9o).\u00a0 - LE PUBLIC\" \/>\n<meta property=\"og:description\" content=\"Le pr\u00eacheur &nbsp;de Itv&nbsp; explique l\u2019engouement que certains jeunes ont de Ousmane Sonko par le fait que celui-ci leur a propos\u00e9 une nouvelle vision de faire la politique.&nbsp; Son discours innovateur a fascin\u00e9 les jeunes car la r\u00e9appropriation de nos ressources naturelles n\u2019\u00e9tait pas le discours des dirigeants. Ce sont des jeunes qui se retrouvent dans son discours et qui adh\u00e9rent. Pour Taib Soc\u00e9 cette nouvelle approche de la politique est une nouveaut\u00e9. Des propos tenus \u00e0 l\u2019occasion d\u2019un entretien avec Publicsn. Maimouna Niang.\" \/>\n<meta property=\"og:url\" content=\"https:\/\/www.public.sn\/index.php\/2022\/10\/28\/les-temoignages-de-taibe-socce-sur-ousmane-sonko\/\" \/>\n<meta property=\"og:site_name\" content=\"LE PUBLIC\" \/>\n<meta property=\"article:published_time\" content=\"2022-10-28T09:35:11+00:00\" \/>\n<meta property=\"article:modified_time\" content=\"2022-10-28T09:46:33+00:00\" \/>\n<meta property=\"og:image\" content=\"https:\/\/www.public.sn\/wp-content\/uploads\/2022\/10\/Capture-decran-2022-10-28-a-09.31.03.png\" \/>\n\t<meta property=\"og:image:width\" content=\"204\" \/>\n\t<meta property=\"og:image:height\" content=\"119\" \/>\n\t<meta property=\"og:image:type\" content=\"image\/png\" \/>\n<meta name=\"author\" content=\"LA REDACTION\" \/>\n<meta name=\"twitter:card\" content=\"summary_large_image\" \/>\n<meta name=\"twitter:label1\" content=\"\u00c9crit par\" \/>\n\t<meta name=\"twitter:data1\" content=\"LA REDACTION\" \/>\n\t<meta name=\"twitter:label2\" content=\"Dur\u00e9e de lecture estim\u00e9e\" \/>\n\t<meta name=\"twitter:data2\" content=\"1 minute\" \/>\n<script type=\"application\/ld+json\" class=\"yoast-schema-graph\">{\"@context\":\"https:\/\/schema.org\",\"@graph\":[{\"@type\":\"Article\",\"@id\":\"https:\/\/www.public.sn\/index.php\/2022\/10\/28\/les-temoignages-de-taibe-socce-sur-ousmane-sonko\/#article\",\"isPartOf\":{\"@id\":\"https:\/\/www.public.sn\/index.php\/2022\/10\/28\/les-temoignages-de-taibe-socce-sur-ousmane-sonko\/\"},\"author\":{\"name\":\"LA REDACTION\",\"@id\":\"https:\/\/www.public.sn\/#\/schema\/person\/e3f4a11b037d4203902db148f9bc8d5a\"},\"headline\":\"Les t\u00e9moignages de Ta\u00efb Soc\u00e9 sur Ousmane Sonko(Vid\u00e9o).\u00a0\",\"datePublished\":\"2022-10-28T09:35:11+00:00\",\"dateModified\":\"2022-10-28T09:46:33+00:00\",\"mainEntityOfPage\":{\"@id\":\"https:\/\/www.public.sn\/index.php\/2022\/10\/28\/les-temoignages-de-taibe-socce-sur-ousmane-sonko\/\"},\"wordCount\":105,\"commentCount\":0,\"publisher\":{\"@id\":\"https:\/\/www.public.sn\/#organization\"},\"image\":{\"@id\":\"https:\/\/www.public.sn\/index.php\/2022\/10\/28\/les-temoignages-de-taibe-socce-sur-ousmane-sonko\/#primaryimage\"},\"thumbnailUrl\":\"https:\/\/www.public.sn\/wp-content\/uploads\/2022\/10\/Capture-decran-2022-10-28-a-09.31.03.png\",\"keywords\":[\"politique\",\"sonko\",\"TAIB\"],\"articleSection\":[\"ACTUALIT\u00c9S\",\"POLITIQUE\",\"PUBLIC TV\",\"S\u00c9N\u00c9GAL\"],\"inLanguage\":\"fr-FR\",\"potentialAction\":[{\"@type\":\"CommentAction\",\"name\":\"Comment\",\"target\":[\"https:\/\/www.public.sn\/index.php\/2022\/10\/28\/les-temoignages-de-taibe-socce-sur-ousmane-sonko\/#respond\"]}]},{\"@type\":\"WebPage\",\"@id\":\"https:\/\/www.public.sn\/index.php\/2022\/10\/28\/les-temoignages-de-taibe-socce-sur-ousmane-sonko\/\",\"url\":\"https:\/\/www.public.sn\/index.php\/2022\/10\/28\/les-temoignages-de-taibe-socce-sur-ousmane-sonko\/\",\"name\":\"Les t\u00e9moignages de Ta\u00efb Soc\u00e9 sur Ousmane Sonko(Vid\u00e9o).\u00a0 - LE PUBLIC\",\"isPartOf\":{\"@id\":\"https:\/\/www.public.sn\/#website\"},\"primaryImageOfPage\":{\"@id\":\"https:\/\/www.public.sn\/index.php\/2022\/10\/28\/les-temoignages-de-taibe-socce-sur-ousmane-sonko\/#primaryimage\"},\"image\":{\"@id\":\"https:\/\/www.public.sn\/index.php\/2022\/10\/28\/les-temoignages-de-taibe-socce-sur-ousmane-sonko\/#primaryimage\"},\"thumbnailUrl\":\"https:\/\/www.public.sn\/wp-content\/uploads\/2022\/10\/Capture-decran-2022-10-28-a-09.31.03.png\",\"datePublished\":\"2022-10-28T09:35:11+00:00\",\"dateModified\":\"2022-10-28T09:46:33+00:00\",\"breadcrumb\":{\"@id\":\"https:\/\/www.public.sn\/index.php\/2022\/10\/28\/les-temoignages-de-taibe-socce-sur-ousmane-sonko\/#breadcrumb\"},\"inLanguage\":\"fr-FR\",\"potentialAction\":[{\"@type\":\"ReadAction\",\"target\":[\"https:\/\/www.public.sn\/index.php\/2022\/10\/28\/les-temoignages-de-taibe-socce-sur-ousmane-sonko\/\"]}]},{\"@type\":\"ImageObject\",\"inLanguage\":\"fr-FR\",\"@id\":\"https:\/\/www.public.sn\/index.php\/2022\/10\/28\/les-temoignages-de-taibe-socce-sur-ousmane-sonko\/#primaryimage\",\"url\":\"https:\/\/www.public.sn\/wp-content\/uploads\/2022\/10\/Capture-decran-2022-10-28-a-09.31.03.png\",\"contentUrl\":\"https:\/\/www.public.sn\/wp-content\/uploads\/2022\/10\/Capture-decran-2022-10-28-a-09.31.03.png\",\"width\":204,\"height\":119,\"caption\":\"publicsn\"},{\"@type\":\"BreadcrumbList\",\"@id\":\"https:\/\/www.public.sn\/index.php\/2022\/10\/28\/les-temoignages-de-taibe-socce-sur-ousmane-sonko\/#breadcrumb\",\"itemListElement\":[{\"@type\":\"ListItem\",\"position\":1,\"name\":\"Accueil\",\"item\":\"https:\/\/www.public.sn\/\"},{\"@type\":\"ListItem\",\"position\":2,\"name\":\"Les t\u00e9moignages de Ta\u00efb Soc\u00e9 sur Ousmane Sonko(Vid\u00e9o).\u00a0\"}]},{\"@type\":\"WebSite\",\"@id\":\"https:\/\/www.public.sn\/#website\",\"url\":\"https:\/\/www.public.sn\/\",\"name\":\"LE PUBLIC\",\"description\":\"\",\"publisher\":{\"@id\":\"https:\/\/www.public.sn\/#organization\"},\"potentialAction\":[{\"@type\":\"SearchAction\",\"target\":{\"@type\":\"EntryPoint\",\"urlTemplate\":\"https:\/\/www.public.sn\/?s={search_term_string}\"},\"query-input\":{\"@type\":\"PropertyValueSpecification\",\"valueRequired\":true,\"valueName\":\"search_term_string\"}}],\"inLanguage\":\"fr-FR\"},{\"@type\":\"Organization\",\"@id\":\"https:\/\/www.public.sn\/#organization\",\"name\":\"LE PUBLIC\",\"url\":\"https:\/\/www.public.sn\/\",\"logo\":{\"@type\":\"ImageObject\",\"inLanguage\":\"fr-FR\",\"@id\":\"https:\/\/www.public.sn\/#\/schema\/logo\/image\/\",\"url\":\"https:\/\/www.public.sn\/wp-content\/uploads\/2024\/05\/cropped-LOGO-PUBLIC.SN_.png\",\"contentUrl\":\"https:\/\/www.public.sn\/wp-content\/uploads\/2024\/05\/cropped-LOGO-PUBLIC.SN_.png\",\"width\":682,\"height\":192,\"caption\":\"LE PUBLIC\"},\"image\":{\"@id\":\"https:\/\/www.public.sn\/#\/schema\/logo\/image\/\"}},{\"@type\":\"Person\",\"@id\":\"https:\/\/www.public.sn\/#\/schema\/person\/e3f4a11b037d4203902db148f9bc8d5a\",\"name\":\"LA REDACTION\",\"image\":{\"@type\":\"ImageObject\",\"inLanguage\":\"fr-FR\",\"@id\":\"https:\/\/www.public.sn\/#\/schema\/person\/image\/\",\"url\":\"https:\/\/secure.gravatar.com\/avatar\/d6c030db45db2883c075085c5d6c6258654a801a93766b49af0b82d4f454e2a5?s=96&d=mm&r=g\",\"contentUrl\":\"https:\/\/secure.gravatar.com\/avatar\/d6c030db45db2883c075085c5d6c6258654a801a93766b49af0b82d4f454e2a5?s=96&d=mm&r=g\",\"caption\":\"LA REDACTION\"},\"sameAs\":[\"http:\/\/www.public.sn\"],\"url\":\"https:\/\/www.public.sn\/index.php\/author\/admin7324\/\"}]}<\/script>\n<!-- \/ Yoast SEO plugin. -->","yoast_head_json":{"title":"Les t\u00e9moignages de Ta\u00efb Soc\u00e9 sur Ousmane Sonko(Vid\u00e9o).\u00a0 - LE PUBLIC","robots":{"index":"index","follow":"follow","max-snippet":"max-snippet:-1","max-image-preview":"max-image-preview:large","max-video-preview":"max-video-preview:-1"},"canonical":"https:\/\/www.public.sn\/index.php\/2022\/10\/28\/les-temoignages-de-taibe-socce-sur-ousmane-sonko\/","og_locale":"fr_FR","og_type":"article","og_title":"Les t\u00e9moignages de Ta\u00efb Soc\u00e9 sur Ousmane Sonko(Vid\u00e9o).\u00a0 - LE PUBLIC","og_description":"Le pr\u00eacheur &nbsp;de Itv&nbsp; explique l\u2019engouement que certains jeunes ont de Ousmane Sonko par le fait que celui-ci leur a propos\u00e9 une nouvelle vision de faire la politique.&nbsp; Son discours innovateur a fascin\u00e9 les jeunes car la r\u00e9appropriation de nos ressources naturelles n\u2019\u00e9tait pas le discours des dirigeants. Ce sont des jeunes qui se retrouvent dans son discours et qui adh\u00e9rent. Pour Taib Soc\u00e9 cette nouvelle approche de la politique est une nouveaut\u00e9. Des propos tenus \u00e0 l\u2019occasion d\u2019un entretien avec Publicsn. Maimouna Niang.","og_url":"https:\/\/www.public.sn\/index.php\/2022\/10\/28\/les-temoignages-de-taibe-socce-sur-ousmane-sonko\/","og_site_name":"LE PUBLIC","article_published_time":"2022-10-28T09:35:11+00:00","article_modified_time":"2022-10-28T09:46:33+00:00","og_image":[{"width":204,"height":119,"url":"https:\/\/www.public.sn\/wp-content\/uploads\/2022\/10\/Capture-decran-2022-10-28-a-09.31.03.png","type":"image\/png"}],"author":"LA REDACTION","twitter_card":"summary_large_image","twitter_misc":{"\u00c9crit par":"LA REDACTION","Dur\u00e9e de lecture estim\u00e9e":"1 minute"},"schema":{"@context":"https:\/\/schema.org","@graph":[{"@type":"Article","@id":"https:\/\/www.public.sn\/index.php\/2022\/10\/28\/les-temoignages-de-taibe-socce-sur-ousmane-sonko\/#article","isPartOf":{"@id":"https:\/\/www.public.sn\/index.php\/2022\/10\/28\/les-temoignages-de-taibe-socce-sur-ousmane-sonko\/"},"author":{"name":"LA REDACTION","@id":"https:\/\/www.public.sn\/#\/schema\/person\/e3f4a11b037d4203902db148f9bc8d5a"},"headline":"Les t\u00e9moignages de Ta\u00efb Soc\u00e9 sur Ousmane Sonko(Vid\u00e9o).\u00a0","datePublished":"2022-10-28T09:35:11+00:00","dateModified":"2022-10-28T09:46:33+00:00","mainEntityOfPage":{"@id":"https:\/\/www.public.sn\/index.php\/2022\/10\/28\/les-temoignages-de-taibe-socce-sur-ousmane-sonko\/"},"wordCount":105,"commentCount":0,"publisher":{"@id":"https:\/\/www.public.sn\/#organization"},"image":{"@id":"https:\/\/www.public.sn\/index.php\/2022\/10\/28\/les-temoignages-de-taibe-socce-sur-ousmane-sonko\/#primaryimage"},"thumbnailUrl":"https:\/\/www.public.sn\/wp-content\/uploads\/2022\/10\/Capture-decran-2022-10-28-a-09.31.03.png","keywords":["politique","sonko","TAIB"],"articleSection":["ACTUALIT\u00c9S","POLITIQUE","PUBLIC TV","S\u00c9N\u00c9GAL"],"inLanguage":"fr-FR","potentialAction":[{"@type":"CommentAction","name":"Comment","target":["https:\/\/www.public.sn\/index.php\/2022\/10\/28\/les-temoignages-de-taibe-socce-sur-ousmane-sonko\/#respond"]}]},{"@type":"WebPage","@id":"https:\/\/www.public.sn\/index.php\/2022\/10\/28\/les-temoignages-de-taibe-socce-sur-ousmane-sonko\/","url":"https:\/\/www.public.sn\/index.php\/2022\/10\/28\/les-temoignages-de-taibe-socce-sur-ousmane-sonko\/","name":"Les t\u00e9moignages de Ta\u00efb Soc\u00e9 sur Ousmane Sonko(Vid\u00e9o).\u00a0 - LE PUBLIC","isPartOf":{"@id":"https:\/\/www.public.sn\/#website"},"primaryImageOfPage":{"@id":"https:\/\/www.public.sn\/index.php\/2022\/10\/28\/les-temoignages-de-taibe-socce-sur-ousmane-sonko\/#primaryimage"},"image":{"@id":"https:\/\/www.public.sn\/index.php\/2022\/10\/28\/les-temoignages-de-taibe-socce-sur-ousmane-sonko\/#primaryimage"},"thumbnailUrl":"https:\/\/www.public.sn\/wp-content\/uploads\/2022\/10\/Capture-decran-2022-10-28-a-09.31.03.png","datePublished":"2022-10-28T09:35:11+00:00","dateModified":"2022-10-28T09:46:33+00:00","breadcrumb":{"@id":"https:\/\/www.public.sn\/index.php\/2022\/10\/28\/les-temoignages-de-taibe-socce-sur-ousmane-sonko\/#breadcrumb"},"inLanguage":"fr-FR","potentialAction":[{"@type":"ReadAction","target":["https:\/\/www.public.sn\/index.php\/2022\/10\/28\/les-temoignages-de-taibe-socce-sur-ousmane-sonko\/"]}]},{"@type":"ImageObject","inLanguage":"fr-FR","@id":"https:\/\/www.public.sn\/index.php\/2022\/10\/28\/les-temoignages-de-taibe-socce-sur-ousmane-sonko\/#primaryimage","url":"https:\/\/www.public.sn\/wp-content\/uploads\/2022\/10\/Capture-decran-2022-10-28-a-09.31.03.png","contentUrl":"https:\/\/www.public.sn\/wp-content\/uploads\/2022\/10\/Capture-decran-2022-10-28-a-09.31.03.png","width":204,"height":119,"caption":"publicsn"},{"@type":"BreadcrumbList","@id":"https:\/\/www.public.sn\/index.php\/2022\/10\/28\/les-temoignages-de-taibe-socce-sur-ousmane-sonko\/#breadcrumb","itemListElement":[{"@type":"ListItem","position":1,"name":"Accueil","item":"https:\/\/www.public.sn\/"},{"@type":"ListItem","position":2,"name":"Les t\u00e9moignages de Ta\u00efb Soc\u00e9 sur Ousmane Sonko(Vid\u00e9o).\u00a0"}]},{"@type":"WebSite","@id":"https:\/\/www.public.sn\/#website","url":"https:\/\/www.public.sn\/","name":"LE PUBLIC","description":"","publisher":{"@id":"https:\/\/www.public.sn\/#organization"},"potentialAction":[{"@type":"SearchAction","target":{"@type":"EntryPoint","urlTemplate":"https:\/\/www.public.sn\/?s={search_term_string}"},"query-input":{"@type":"PropertyValueSpecification","valueRequired":true,"valueName":"search_term_string"}}],"inLanguage":"fr-FR"},{"@type":"Organization","@id":"https:\/\/www.public.sn\/#organization","name":"LE PUBLIC","url":"https:\/\/www.public.sn\/","logo":{"@type":"ImageObject","inLanguage":"fr-FR","@id":"https:\/\/www.public.sn\/#\/schema\/logo\/image\/","url":"https:\/\/www.public.sn\/wp-content\/uploads\/2024\/05\/cropped-LOGO-PUBLIC.SN_.png","contentUrl":"https:\/\/www.public.sn\/wp-content\/uploads\/2024\/05\/cropped-LOGO-PUBLIC.SN_.png","width":682,"height":192,"caption":"LE PUBLIC"},"image":{"@id":"https:\/\/www.public.sn\/#\/schema\/logo\/image\/"}},{"@type":"Person","@id":"https:\/\/www.public.sn\/#\/schema\/person\/e3f4a11b037d4203902db148f9bc8d5a","name":"LA REDACTION","image":{"@type":"ImageObject","inLanguage":"fr-FR","@id":"https:\/\/www.public.sn\/#\/schema\/person\/image\/","url":"https:\/\/secure.gravatar.com\/avatar\/d6c030db45db2883c075085c5d6c6258654a801a93766b49af0b82d4f454e2a5?s=96&d=mm&r=g","contentUrl":"https:\/\/secure.gravatar.com\/avatar\/d6c030db45db2883c075085c5d6c6258654a801a93766b49af0b82d4f454e2a5?s=96&d=mm&r=g","caption":"LA REDACTION"},"sameAs":["http:\/\/www.public.sn"],"url":"https:\/\/www.public.sn\/index.php\/author\/admin7324\/"}]}},"jetpack_featured_media_url":"https:\/\/www.public.sn\/wp-content\/uploads\/2022\/10\/Capture-decran-2022-10-28-a-09.31.03.png","jetpack_sharing_enabled":true,"_links":{"self":[{"href":"https:\/\/www.public.sn\/index.php\/wp-json\/wp\/v2\/posts\/6183","targetHints":{"allow":["GET"]}}],"collection":[{"href":"https:\/\/www.public.sn\/index.php\/wp-json\/wp\/v2\/posts"}],"about":[{"href":"https:\/\/www.public.sn\/index.php\/wp-json\/wp\/v2\/types\/post"}],"author":[{"embeddable":true,"href":"https:\/\/www.public.sn\/index.php\/wp-json\/wp\/v2\/users\/1"}],"replies":[{"embeddable":true,"href":"https:\/\/www.public.sn\/index.php\/wp-json\/wp\/v2\/comments?post=6183"}],"version-history":[{"count":5,"href":"https:\/\/www.public.sn\/index.php\/wp-json\/wp\/v2\/posts\/6183\/revisions"}],"predecessor-version":[{"id":6193,"href":"https:\/\/www.public.sn\/index.php\/wp-json\/wp\/v2\/posts\/6183\/revisions\/6193"}],"wp:featuredmedia":[{"embeddable":true,"href":"https:\/\/www.public.sn\/index.php\/wp-json\/wp\/v2\/media\/6184"}],"wp:attachment":[{"href":"https:\/\/www.public.sn\/index.php\/wp-json\/wp\/v2\/media?parent=6183"}],"wp:term":[{"taxonomy":"category","embeddable":true,"href":"https:\/\/www.public.sn\/index.php\/wp-json\/wp\/v2\/categories?post=6183"},{"taxonomy":"post_tag","embeddable":true,"href":"https:\/\/www.public.sn\/index.php\/wp-json\/wp\/v2\/tags?post=6183"}],"curies":[{"name":"wp","href":"https:\/\/api.w.org\/{rel}","templated":true}]}}