{"id":6196,"date":"2022-10-28T09:59:14","date_gmt":"2022-10-28T09:59:14","guid":{"rendered":"https:\/\/www.public.sn\/?p=6196"},"modified":"2022-10-28T09:59:16","modified_gmt":"2022-10-28T09:59:16","slug":"pole-de-diamniadio-un-macon-chute-du-3eme-etage-et-meurt","status":"publish","type":"post","link":"https:\/\/www.public.sn\/index.php\/2022\/10\/28\/pole-de-diamniadio-un-macon-chute-du-3eme-etage-et-meurt\/","title":{"rendered":"Pole de Diamniadio\u00a0: un ma\u00e7on chute du 3eme \u00e9tage et meurt"},"content":{"rendered":"\n<p><\/p>\n\n\n\n<p>Un ma\u00e7on qui travaillait \u00e0 la soci\u00e9t\u00e9 Smit constrictor est tomb\u00e9 au 3eme \u00e9tage et meurt. C\u2019est ce mercredi vers 20 heures au niveau du P\u00f4le urbain de Diamniadio. Alors qu\u2019il proc\u00e9dait \u00e0 des travaux de rafistolage. Gravement bless\u00e9, il sera \u00e9vacu\u00e9 au niveau de l\u2019h\u00f4pital militaire de Thiaroye. Il succombera \u00e0 ses blessures. Une enqu\u00eate est ouverte.<\/p><div class=\"publi-paragraphe1\" style=\"margin-top: 10px;margin-bottom: 10px;margin-left: auto;margin-right: auto;text-align: center;\" id=\"publi-4164719499\"><div class=\"publi-adlabel\">Publicit\u00e9<\/div><script async src=\"\/\/pagead2.googlesyndication.com\/pagead\/js\/adsbygoogle.js?client=ca-pub-4089586018074219\" crossorigin=\"anonymous\"><\/script><ins class=\"adsbygoogle\" style=\"display:block;\" data-ad-client=\"ca-pub-4089586018074219\" \ndata-ad-slot=\"2087940154\" \ndata-ad-format=\"auto\"><\/ins>\n<script> \n(adsbygoogle = window.adsbygoogle || []).push({}); \n<\/script>\n<\/div>\n\n\n\n<p>Une enqu\u00eate a \u00e9t\u00e9 ouverte par les limiers.<\/p>\n\n\n\n<p>Mame Marie THIAM<\/p>\n<div class=\"publi-apres-le-contenu\" style=\"margin-top: 10px;margin-bottom: 10px;margin-left: auto;margin-right: auto;text-align: center;\" id=\"publi-3426407723\"><div class=\"publi-adlabel\">Publicit\u00e9<\/div><script async src=\"\/\/pagead2.googlesyndication.com\/pagead\/js\/adsbygoogle.js?client=ca-pub-4089586018074219\" crossorigin=\"anonymous\"><\/script><ins class=\"adsbygoogle\" style=\"display:block;\" data-ad-client=\"ca-pub-4089586018074219\" \ndata-ad-slot=\"2087940154\" \ndata-ad-format=\"auto\"><\/ins>\n<script> \n(adsbygoogle = window.adsbygoogle || []).push({}); \n<\/script>\n<\/div>","protected":false},"excerpt":{"rendered":"<p>Un ma\u00e7on qui travaillait \u00e0 la soci\u00e9t\u00e9 Smit constrictor est tomb\u00e9 au 3eme \u00e9tage et meurt. C\u2019est ce mercredi vers 20 heures au niveau du P\u00f4le urbain de Diamniadio. Alors qu\u2019il proc\u00e9dait \u00e0 des travaux de rafistolage. Gravement bless\u00e9, il sera \u00e9vacu\u00e9 au niveau de l\u2019h\u00f4pital militaire de Thiaroye. Il succombera \u00e0 ses blessures. Une enqu\u00eate est ouverte. Une enqu\u00eate a \u00e9t\u00e9 ouverte par les limiers. Mame Marie THIAM<\/p>\n","protected":false},"author":7,"featured_media":6197,"comment_status":"open","ping_status":"open","sticky":false,"template":"","format":"standard","meta":{"_jetpack_memberships_contains_paid_content":false,"footnotes":""},"categories":[375,379,1],"tags":[1855,2154,2153],"class_list":["post-6196","post","type-post","status-publish","format-standard","has-post-thumbnail","hentry","category-actualites","category-faits-divers","category-non-classe","tag-chute","tag-macon","tag-pole-diamniadio","entry","has-media","owp-thumbs-layout-horizontal","owp-btn-normal","owp-tabs-layout-horizontal","has-no-thumbnails","has-product-nav"],"yoast_head":"<!-- This site is optimized with the Yoast SEO plugin v25.5 - https:\/\/yoast.com\/wordpress\/plugins\/seo\/ -->\n<title>Pole de Diamniadio\u00a0: un ma\u00e7on chute du 3eme \u00e9tage et meurt - LE PUBLIC<\/title>\n<meta name=\"robots\" content=\"index, follow, max-snippet:-1, max-image-preview:large, max-video-preview:-1\" \/>\n<link rel=\"canonical\" href=\"https:\/\/www.public.sn\/index.php\/2022\/10\/28\/pole-de-diamniadio-un-macon-chute-du-3eme-etage-et-meurt\/\" \/>\n<meta property=\"og:locale\" content=\"fr_FR\" \/>\n<meta property=\"og:type\" content=\"article\" \/>\n<meta property=\"og:title\" content=\"Pole de Diamniadio\u00a0: un ma\u00e7on chute du 3eme \u00e9tage et meurt - LE PUBLIC\" \/>\n<meta property=\"og:description\" content=\"Un ma\u00e7on qui travaillait \u00e0 la soci\u00e9t\u00e9 Smit constrictor est tomb\u00e9 au 3eme \u00e9tage et meurt. C\u2019est ce mercredi vers 20 heures au niveau du P\u00f4le urbain de Diamniadio. Alors qu\u2019il proc\u00e9dait \u00e0 des travaux de rafistolage. Gravement bless\u00e9, il sera \u00e9vacu\u00e9 au niveau de l\u2019h\u00f4pital militaire de Thiaroye. Il succombera \u00e0 ses blessures. Une enqu\u00eate est ouverte. Une enqu\u00eate a \u00e9t\u00e9 ouverte par les limiers. Mame Marie THIAM\" \/>\n<meta property=\"og:url\" content=\"https:\/\/www.public.sn\/index.php\/2022\/10\/28\/pole-de-diamniadio-un-macon-chute-du-3eme-etage-et-meurt\/\" \/>\n<meta property=\"og:site_name\" content=\"LE PUBLIC\" \/>\n<meta property=\"article:published_time\" content=\"2022-10-28T09:59:14+00:00\" \/>\n<meta property=\"article:modified_time\" content=\"2022-10-28T09:59:16+00:00\" \/>\n<meta property=\"og:image\" content=\"https:\/\/www.public.sn\/wp-content\/uploads\/2022\/10\/diamniadio.jpg\" \/>\n\t<meta property=\"og:image:width\" content=\"275\" \/>\n\t<meta property=\"og:image:height\" content=\"183\" \/>\n\t<meta property=\"og:image:type\" content=\"image\/jpeg\" \/>\n<meta name=\"author\" content=\"LA REDACTION\" \/>\n<meta name=\"twitter:card\" content=\"summary_large_image\" \/>\n<meta name=\"twitter:label1\" content=\"\u00c9crit par\" \/>\n\t<meta name=\"twitter:data1\" content=\"LA REDACTION\" \/>\n\t<meta name=\"twitter:label2\" content=\"Dur\u00e9e de lecture estim\u00e9e\" \/>\n\t<meta name=\"twitter:data2\" content=\"1 minute\" \/>\n<script type=\"application\/ld+json\" class=\"yoast-schema-graph\">{\"@context\":\"https:\/\/schema.org\",\"@graph\":[{\"@type\":\"Article\",\"@id\":\"https:\/\/www.public.sn\/index.php\/2022\/10\/28\/pole-de-diamniadio-un-macon-chute-du-3eme-etage-et-meurt\/#article\",\"isPartOf\":{\"@id\":\"https:\/\/www.public.sn\/index.php\/2022\/10\/28\/pole-de-diamniadio-un-macon-chute-du-3eme-etage-et-meurt\/\"},\"author\":{\"name\":\"LA REDACTION\",\"@id\":\"https:\/\/www.public.sn\/#\/schema\/person\/cb76c8e1b8becc6be61fb5e92d6d0224\"},\"headline\":\"Pole de Diamniadio\u00a0: un ma\u00e7on chute du 3eme \u00e9tage et meurt\",\"datePublished\":\"2022-10-28T09:59:14+00:00\",\"dateModified\":\"2022-10-28T09:59:16+00:00\",\"mainEntityOfPage\":{\"@id\":\"https:\/\/www.public.sn\/index.php\/2022\/10\/28\/pole-de-diamniadio-un-macon-chute-du-3eme-etage-et-meurt\/\"},\"wordCount\":87,\"commentCount\":0,\"publisher\":{\"@id\":\"https:\/\/www.public.sn\/#organization\"},\"image\":{\"@id\":\"https:\/\/www.public.sn\/index.php\/2022\/10\/28\/pole-de-diamniadio-un-macon-chute-du-3eme-etage-et-meurt\/#primaryimage\"},\"thumbnailUrl\":\"https:\/\/www.public.sn\/wp-content\/uploads\/2022\/10\/diamniadio.jpg\",\"keywords\":[\"Chute\",\"macon\",\"pole diamniadio\"],\"articleSection\":[\"ACTUALIT\u00c9S\",\"FAITS DIVERS\",\"S\u00c9N\u00c9GAL\"],\"inLanguage\":\"fr-FR\",\"potentialAction\":[{\"@type\":\"CommentAction\",\"name\":\"Comment\",\"target\":[\"https:\/\/www.public.sn\/index.php\/2022\/10\/28\/pole-de-diamniadio-un-macon-chute-du-3eme-etage-et-meurt\/#respond\"]}]},{\"@type\":\"WebPage\",\"@id\":\"https:\/\/www.public.sn\/index.php\/2022\/10\/28\/pole-de-diamniadio-un-macon-chute-du-3eme-etage-et-meurt\/\",\"url\":\"https:\/\/www.public.sn\/index.php\/2022\/10\/28\/pole-de-diamniadio-un-macon-chute-du-3eme-etage-et-meurt\/\",\"name\":\"Pole de Diamniadio\u00a0: un ma\u00e7on chute du 3eme \u00e9tage et meurt - LE PUBLIC\",\"isPartOf\":{\"@id\":\"https:\/\/www.public.sn\/#website\"},\"primaryImageOfPage\":{\"@id\":\"https:\/\/www.public.sn\/index.php\/2022\/10\/28\/pole-de-diamniadio-un-macon-chute-du-3eme-etage-et-meurt\/#primaryimage\"},\"image\":{\"@id\":\"https:\/\/www.public.sn\/index.php\/2022\/10\/28\/pole-de-diamniadio-un-macon-chute-du-3eme-etage-et-meurt\/#primaryimage\"},\"thumbnailUrl\":\"https:\/\/www.public.sn\/wp-content\/uploads\/2022\/10\/diamniadio.jpg\",\"datePublished\":\"2022-10-28T09:59:14+00:00\",\"dateModified\":\"2022-10-28T09:59:16+00:00\",\"breadcrumb\":{\"@id\":\"https:\/\/www.public.sn\/index.php\/2022\/10\/28\/pole-de-diamniadio-un-macon-chute-du-3eme-etage-et-meurt\/#breadcrumb\"},\"inLanguage\":\"fr-FR\",\"potentialAction\":[{\"@type\":\"ReadAction\",\"target\":[\"https:\/\/www.public.sn\/index.php\/2022\/10\/28\/pole-de-diamniadio-un-macon-chute-du-3eme-etage-et-meurt\/\"]}]},{\"@type\":\"ImageObject\",\"inLanguage\":\"fr-FR\",\"@id\":\"https:\/\/www.public.sn\/index.php\/2022\/10\/28\/pole-de-diamniadio-un-macon-chute-du-3eme-etage-et-meurt\/#primaryimage\",\"url\":\"https:\/\/www.public.sn\/wp-content\/uploads\/2022\/10\/diamniadio.jpg\",\"contentUrl\":\"https:\/\/www.public.sn\/wp-content\/uploads\/2022\/10\/diamniadio.jpg\",\"width\":275,\"height\":183},{\"@type\":\"BreadcrumbList\",\"@id\":\"https:\/\/www.public.sn\/index.php\/2022\/10\/28\/pole-de-diamniadio-un-macon-chute-du-3eme-etage-et-meurt\/#breadcrumb\",\"itemListElement\":[{\"@type\":\"ListItem\",\"position\":1,\"name\":\"Accueil\",\"item\":\"https:\/\/www.public.sn\/\"},{\"@type\":\"ListItem\",\"position\":2,\"name\":\"Pole de Diamniadio\u00a0: un ma\u00e7on chute du 3eme \u00e9tage et meurt\"}]},{\"@type\":\"WebSite\",\"@id\":\"https:\/\/www.public.sn\/#website\",\"url\":\"https:\/\/www.public.sn\/\",\"name\":\"LE PUBLIC\",\"description\":\"\",\"publisher\":{\"@id\":\"https:\/\/www.public.sn\/#organization\"},\"potentialAction\":[{\"@type\":\"SearchAction\",\"target\":{\"@type\":\"EntryPoint\",\"urlTemplate\":\"https:\/\/www.public.sn\/?s={search_term_string}\"},\"query-input\":{\"@type\":\"PropertyValueSpecification\",\"valueRequired\":true,\"valueName\":\"search_term_string\"}}],\"inLanguage\":\"fr-FR\"},{\"@type\":\"Organization\",\"@id\":\"https:\/\/www.public.sn\/#organization\",\"name\":\"LE PUBLIC\",\"url\":\"https:\/\/www.public.sn\/\",\"logo\":{\"@type\":\"ImageObject\",\"inLanguage\":\"fr-FR\",\"@id\":\"https:\/\/www.public.sn\/#\/schema\/logo\/image\/\",\"url\":\"https:\/\/www.public.sn\/wp-content\/uploads\/2024\/05\/cropped-LOGO-PUBLIC.SN_.png\",\"contentUrl\":\"https:\/\/www.public.sn\/wp-content\/uploads\/2024\/05\/cropped-LOGO-PUBLIC.SN_.png\",\"width\":682,\"height\":192,\"caption\":\"LE PUBLIC\"},\"image\":{\"@id\":\"https:\/\/www.public.sn\/#\/schema\/logo\/image\/\"}},{\"@type\":\"Person\",\"@id\":\"https:\/\/www.public.sn\/#\/schema\/person\/cb76c8e1b8becc6be61fb5e92d6d0224\",\"name\":\"LA REDACTION\",\"image\":{\"@type\":\"ImageObject\",\"inLanguage\":\"fr-FR\",\"@id\":\"https:\/\/www.public.sn\/#\/schema\/person\/image\/\",\"url\":\"https:\/\/secure.gravatar.com\/avatar\/2dce5ddd34b8fef0180efe03aa2a9bee7d953856048f9a16b298190a3178407c?s=96&d=mm&r=g\",\"contentUrl\":\"https:\/\/secure.gravatar.com\/avatar\/2dce5ddd34b8fef0180efe03aa2a9bee7d953856048f9a16b298190a3178407c?s=96&d=mm&r=g\",\"caption\":\"LA REDACTION\"},\"url\":\"https:\/\/www.public.sn\/index.php\/author\/editeurpsn\/\"}]}<\/script>\n<!-- \/ Yoast SEO plugin. -->","yoast_head_json":{"title":"Pole de Diamniadio\u00a0: un ma\u00e7on chute du 3eme \u00e9tage et meurt - LE PUBLIC","robots":{"index":"index","follow":"follow","max-snippet":"max-snippet:-1","max-image-preview":"max-image-preview:large","max-video-preview":"max-video-preview:-1"},"canonical":"https:\/\/www.public.sn\/index.php\/2022\/10\/28\/pole-de-diamniadio-un-macon-chute-du-3eme-etage-et-meurt\/","og_locale":"fr_FR","og_type":"article","og_title":"Pole de Diamniadio\u00a0: un ma\u00e7on chute du 3eme \u00e9tage et meurt - LE PUBLIC","og_description":"Un ma\u00e7on qui travaillait \u00e0 la soci\u00e9t\u00e9 Smit constrictor est tomb\u00e9 au 3eme \u00e9tage et meurt. C\u2019est ce mercredi vers 20 heures au niveau du P\u00f4le urbain de Diamniadio. Alors qu\u2019il proc\u00e9dait \u00e0 des travaux de rafistolage. Gravement bless\u00e9, il sera \u00e9vacu\u00e9 au niveau de l\u2019h\u00f4pital militaire de Thiaroye. Il succombera \u00e0 ses blessures. Une enqu\u00eate est ouverte. Une enqu\u00eate a \u00e9t\u00e9 ouverte par les limiers. Mame Marie THIAM","og_url":"https:\/\/www.public.sn\/index.php\/2022\/10\/28\/pole-de-diamniadio-un-macon-chute-du-3eme-etage-et-meurt\/","og_site_name":"LE PUBLIC","article_published_time":"2022-10-28T09:59:14+00:00","article_modified_time":"2022-10-28T09:59:16+00:00","og_image":[{"width":275,"height":183,"url":"https:\/\/www.public.sn\/wp-content\/uploads\/2022\/10\/diamniadio.jpg","type":"image\/jpeg"}],"author":"LA REDACTION","twitter_card":"summary_large_image","twitter_misc":{"\u00c9crit par":"LA REDACTION","Dur\u00e9e de lecture estim\u00e9e":"1 minute"},"schema":{"@context":"https:\/\/schema.org","@graph":[{"@type":"Article","@id":"https:\/\/www.public.sn\/index.php\/2022\/10\/28\/pole-de-diamniadio-un-macon-chute-du-3eme-etage-et-meurt\/#article","isPartOf":{"@id":"https:\/\/www.public.sn\/index.php\/2022\/10\/28\/pole-de-diamniadio-un-macon-chute-du-3eme-etage-et-meurt\/"},"author":{"name":"LA REDACTION","@id":"https:\/\/www.public.sn\/#\/schema\/person\/cb76c8e1b8becc6be61fb5e92d6d0224"},"headline":"Pole de Diamniadio\u00a0: un ma\u00e7on chute du 3eme \u00e9tage et meurt","datePublished":"2022-10-28T09:59:14+00:00","dateModified":"2022-10-28T09:59:16+00:00","mainEntityOfPage":{"@id":"https:\/\/www.public.sn\/index.php\/2022\/10\/28\/pole-de-diamniadio-un-macon-chute-du-3eme-etage-et-meurt\/"},"wordCount":87,"commentCount":0,"publisher":{"@id":"https:\/\/www.public.sn\/#organization"},"image":{"@id":"https:\/\/www.public.sn\/index.php\/2022\/10\/28\/pole-de-diamniadio-un-macon-chute-du-3eme-etage-et-meurt\/#primaryimage"},"thumbnailUrl":"https:\/\/www.public.sn\/wp-content\/uploads\/2022\/10\/diamniadio.jpg","keywords":["Chute","macon","pole diamniadio"],"articleSection":["ACTUALIT\u00c9S","FAITS DIVERS","S\u00c9N\u00c9GAL"],"inLanguage":"fr-FR","potentialAction":[{"@type":"CommentAction","name":"Comment","target":["https:\/\/www.public.sn\/index.php\/2022\/10\/28\/pole-de-diamniadio-un-macon-chute-du-3eme-etage-et-meurt\/#respond"]}]},{"@type":"WebPage","@id":"https:\/\/www.public.sn\/index.php\/2022\/10\/28\/pole-de-diamniadio-un-macon-chute-du-3eme-etage-et-meurt\/","url":"https:\/\/www.public.sn\/index.php\/2022\/10\/28\/pole-de-diamniadio-un-macon-chute-du-3eme-etage-et-meurt\/","name":"Pole de Diamniadio\u00a0: un ma\u00e7on chute du 3eme \u00e9tage et meurt - LE PUBLIC","isPartOf":{"@id":"https:\/\/www.public.sn\/#website"},"primaryImageOfPage":{"@id":"https:\/\/www.public.sn\/index.php\/2022\/10\/28\/pole-de-diamniadio-un-macon-chute-du-3eme-etage-et-meurt\/#primaryimage"},"image":{"@id":"https:\/\/www.public.sn\/index.php\/2022\/10\/28\/pole-de-diamniadio-un-macon-chute-du-3eme-etage-et-meurt\/#primaryimage"},"thumbnailUrl":"https:\/\/www.public.sn\/wp-content\/uploads\/2022\/10\/diamniadio.jpg","datePublished":"2022-10-28T09:59:14+00:00","dateModified":"2022-10-28T09:59:16+00:00","breadcrumb":{"@id":"https:\/\/www.public.sn\/index.php\/2022\/10\/28\/pole-de-diamniadio-un-macon-chute-du-3eme-etage-et-meurt\/#breadcrumb"},"inLanguage":"fr-FR","potentialAction":[{"@type":"ReadAction","target":["https:\/\/www.public.sn\/index.php\/2022\/10\/28\/pole-de-diamniadio-un-macon-chute-du-3eme-etage-et-meurt\/"]}]},{"@type":"ImageObject","inLanguage":"fr-FR","@id":"https:\/\/www.public.sn\/index.php\/2022\/10\/28\/pole-de-diamniadio-un-macon-chute-du-3eme-etage-et-meurt\/#primaryimage","url":"https:\/\/www.public.sn\/wp-content\/uploads\/2022\/10\/diamniadio.jpg","contentUrl":"https:\/\/www.public.sn\/wp-content\/uploads\/2022\/10\/diamniadio.jpg","width":275,"height":183},{"@type":"BreadcrumbList","@id":"https:\/\/www.public.sn\/index.php\/2022\/10\/28\/pole-de-diamniadio-un-macon-chute-du-3eme-etage-et-meurt\/#breadcrumb","itemListElement":[{"@type":"ListItem","position":1,"name":"Accueil","item":"https:\/\/www.public.sn\/"},{"@type":"ListItem","position":2,"name":"Pole de Diamniadio\u00a0: un ma\u00e7on chute du 3eme \u00e9tage et meurt"}]},{"@type":"WebSite","@id":"https:\/\/www.public.sn\/#website","url":"https:\/\/www.public.sn\/","name":"LE PUBLIC","description":"","publisher":{"@id":"https:\/\/www.public.sn\/#organization"},"potentialAction":[{"@type":"SearchAction","target":{"@type":"EntryPoint","urlTemplate":"https:\/\/www.public.sn\/?s={search_term_string}"},"query-input":{"@type":"PropertyValueSpecification","valueRequired":true,"valueName":"search_term_string"}}],"inLanguage":"fr-FR"},{"@type":"Organization","@id":"https:\/\/www.public.sn\/#organization","name":"LE PUBLIC","url":"https:\/\/www.public.sn\/","logo":{"@type":"ImageObject","inLanguage":"fr-FR","@id":"https:\/\/www.public.sn\/#\/schema\/logo\/image\/","url":"https:\/\/www.public.sn\/wp-content\/uploads\/2024\/05\/cropped-LOGO-PUBLIC.SN_.png","contentUrl":"https:\/\/www.public.sn\/wp-content\/uploads\/2024\/05\/cropped-LOGO-PUBLIC.SN_.png","width":682,"height":192,"caption":"LE PUBLIC"},"image":{"@id":"https:\/\/www.public.sn\/#\/schema\/logo\/image\/"}},{"@type":"Person","@id":"https:\/\/www.public.sn\/#\/schema\/person\/cb76c8e1b8becc6be61fb5e92d6d0224","name":"LA REDACTION","image":{"@type":"ImageObject","inLanguage":"fr-FR","@id":"https:\/\/www.public.sn\/#\/schema\/person\/image\/","url":"https:\/\/secure.gravatar.com\/avatar\/2dce5ddd34b8fef0180efe03aa2a9bee7d953856048f9a16b298190a3178407c?s=96&d=mm&r=g","contentUrl":"https:\/\/secure.gravatar.com\/avatar\/2dce5ddd34b8fef0180efe03aa2a9bee7d953856048f9a16b298190a3178407c?s=96&d=mm&r=g","caption":"LA REDACTION"},"url":"https:\/\/www.public.sn\/index.php\/author\/editeurpsn\/"}]}},"jetpack_featured_media_url":"https:\/\/www.public.sn\/wp-content\/uploads\/2022\/10\/diamniadio.jpg","jetpack_sharing_enabled":true,"_links":{"self":[{"href":"https:\/\/www.public.sn\/index.php\/wp-json\/wp\/v2\/posts\/6196","targetHints":{"allow":["GET"]}}],"collection":[{"href":"https:\/\/www.public.sn\/index.php\/wp-json\/wp\/v2\/posts"}],"about":[{"href":"https:\/\/www.public.sn\/index.php\/wp-json\/wp\/v2\/types\/post"}],"author":[{"embeddable":true,"href":"https:\/\/www.public.sn\/index.php\/wp-json\/wp\/v2\/users\/7"}],"replies":[{"embeddable":true,"href":"https:\/\/www.public.sn\/index.php\/wp-json\/wp\/v2\/comments?post=6196"}],"version-history":[{"count":2,"href":"https:\/\/www.public.sn\/index.php\/wp-json\/wp\/v2\/posts\/6196\/revisions"}],"predecessor-version":[{"id":6199,"href":"https:\/\/www.public.sn\/index.php\/wp-json\/wp\/v2\/posts\/6196\/revisions\/6199"}],"wp:featuredmedia":[{"embeddable":true,"href":"https:\/\/www.public.sn\/index.php\/wp-json\/wp\/v2\/media\/6197"}],"wp:attachment":[{"href":"https:\/\/www.public.sn\/index.php\/wp-json\/wp\/v2\/media?parent=6196"}],"wp:term":[{"taxonomy":"category","embeddable":true,"href":"https:\/\/www.public.sn\/index.php\/wp-json\/wp\/v2\/categories?post=6196"},{"taxonomy":"post_tag","embeddable":true,"href":"https:\/\/www.public.sn\/index.php\/wp-json\/wp\/v2\/tags?post=6196"}],"curies":[{"name":"wp","href":"https:\/\/api.w.org\/{rel}","templated":true}]}}