{"id":6203,"date":"2022-10-28T11:00:30","date_gmt":"2022-10-28T11:00:30","guid":{"rendered":"https:\/\/www.public.sn\/?p=6203"},"modified":"2022-10-28T11:00:32","modified_gmt":"2022-10-28T11:00:32","slug":"vol-dordinateurs-a-lentreprise-sitel-group","status":"publish","type":"post","link":"https:\/\/www.public.sn\/index.php\/2022\/10\/28\/vol-dordinateurs-a-lentreprise-sitel-group\/","title":{"rendered":"Vol d\u2019ordinateurs \u00e0 l\u2019entreprise Sitel group."},"content":{"rendered":"\n<p>Un nombre important d ordinateurs estim\u00e9s \u00e0 70millions de FCFA vol\u00e9 par deux employ\u00e9s de la soci\u00e9t\u00e9 Sitel group. Selon les Echos, le directeur avait \u00e9t\u00e9 inform\u00e9 d\u2019un manque d ordinateurs par son informaticien&nbsp; qu\u2019il manque 75machines .En visionnant l\u2019enregistrement des cameras de surveillances du local o\u00f9 se trouv\u00e9s les mat\u00e9riels, Ndiaw Macodou Fall a \u00e9t\u00e9 &nbsp;aper\u00e7u en train de charger les ordinateurs \u00e0 plusieurs reprises &nbsp;dans un v\u00e9hicule&nbsp; en compagnie de l\u2019agent de s\u00e9curit\u00e9 Mame Thierno Sy.<\/p><div class=\"publi-paragraphe1\" style=\"margin-top: 10px;margin-bottom: 10px;margin-left: auto;margin-right: auto;text-align: center;\" id=\"publi-3671552890\"><div class=\"publi-adlabel\">Publicit\u00e9<\/div><script async src=\"\/\/pagead2.googlesyndication.com\/pagead\/js\/adsbygoogle.js?client=ca-pub-4089586018074219\" crossorigin=\"anonymous\"><\/script><ins class=\"adsbygoogle\" style=\"display:block;\" data-ad-client=\"ca-pub-4089586018074219\" \ndata-ad-slot=\"2087940154\" \ndata-ad-format=\"auto\"><\/ins>\n<script> \n(adsbygoogle = window.adsbygoogle || []).push({}); \n<\/script>\n<\/div>\n\n\n\n<p>Malheureusement lorsqu\u2019 il appel\u00e9 son receleur pour qu\u2019il puisse r\u00e9cup\u00e9rer le mat\u00e9riel &nbsp;c \u00e9tait trop tard parce que Mame Codou avait d\u00e9j\u00e0 vendu les machines .Les deux malfaiteurs ont \u00e9t\u00e9 traques et places sous mandant de d\u00e9p\u00f4t.<\/p>\n\n\n\n<p>A la barre du tribunal correctionnel de Dakar \u00a0ou ils ont comparu, Ndiaw Macodou\u00a0 a reconnus les faits qui lui sont reproch\u00e9s tout en expliquant le mode op\u00e9ratoire qu\u2019il utilisait pour soustraire le mat\u00e9riel de son patron et \u00a0affirme avoir vendu les ordinateurs a 100.000 FCFA l\u2019unit\u00e9. Quant \u00e0 Ibrahima Diop a indiqu\u00e9 qu\u2019il a \u00e9t\u00e9 influenc\u00e9 par Ndiaw Fall qui ne l a pas inform\u00e9 de l\u2019origine frauduleuse du mat\u00e9riel. Le procureur a requis \u00a0contre Ndiaw Macodou Fall 2ans de prison ferme \u00a0et le relax pour Ibrahima Diop.<\/p>\n\n\n\n<p>Maimouna Niang.<\/p>\n<div class=\"publi-apres-le-contenu\" style=\"margin-top: 10px;margin-bottom: 10px;margin-left: auto;margin-right: auto;text-align: center;\" id=\"publi-1591565297\"><div class=\"publi-adlabel\">Publicit\u00e9<\/div><script async src=\"\/\/pagead2.googlesyndication.com\/pagead\/js\/adsbygoogle.js?client=ca-pub-4089586018074219\" crossorigin=\"anonymous\"><\/script><ins class=\"adsbygoogle\" style=\"display:block;\" data-ad-client=\"ca-pub-4089586018074219\" \ndata-ad-slot=\"2087940154\" \ndata-ad-format=\"auto\"><\/ins>\n<script> \n(adsbygoogle = window.adsbygoogle || []).push({}); \n<\/script>\n<\/div>","protected":false},"excerpt":{"rendered":"<p>Un nombre important d ordinateurs estim\u00e9s \u00e0 70millions de FCFA vol\u00e9 par deux employ\u00e9s de la soci\u00e9t\u00e9 Sitel group. Selon les Echos, le directeur avait \u00e9t\u00e9 inform\u00e9 d\u2019un manque d ordinateurs par son informaticien&nbsp; qu\u2019il manque 75machines .En visionnant l\u2019enregistrement des cameras de surveillances du local o\u00f9 se trouv\u00e9s les mat\u00e9riels, Ndiaw Macodou Fall a \u00e9t\u00e9 &nbsp;aper\u00e7u en train de charger les ordinateurs \u00e0 plusieurs reprises &nbsp;dans un v\u00e9hicule&nbsp; en compagnie de l\u2019agent de s\u00e9curit\u00e9 Mame Thierno Sy. Malheureusement lorsqu\u2019 il appel\u00e9 son receleur pour qu\u2019il puisse r\u00e9cup\u00e9rer le mat\u00e9riel &nbsp;c \u00e9tait trop tard parce que Mame Codou avait d\u00e9j\u00e0 vendu les machines .Les deux malfaiteurs ont \u00e9t\u00e9 traques et places sous mandant de d\u00e9p\u00f4t. A la barre du tribunal correctionnel de Dakar \u00a0ou ils ont comparu, Ndiaw Macodou\u00a0 a reconnus les faits qui lui sont reproch\u00e9s tout en expliquant le mode op\u00e9ratoire qu\u2019il utilisait pour soustraire le mat\u00e9riel de son patron et \u00a0affirme avoir vendu les ordinateurs a 100.000 FCFA l\u2019unit\u00e9. Quant \u00e0 Ibrahima Diop a indiqu\u00e9 qu\u2019il a \u00e9t\u00e9 influenc\u00e9 par Ndiaw Fall qui ne l a pas inform\u00e9 de l\u2019origine frauduleuse du mat\u00e9riel. Le procureur a requis \u00a0contre Ndiaw Macodou Fall 2ans de prison ferme \u00a0et le relax pour Ibrahima Diop. Maimouna Niang.<\/p>\n","protected":false},"author":1,"featured_media":6204,"comment_status":"open","ping_status":"open","sticky":false,"template":"","format":"standard","meta":{"_jetpack_memberships_contains_paid_content":false,"footnotes":""},"categories":[375,379,1],"tags":[2157,2156,237],"class_list":["post-6203","post","type-post","status-publish","format-standard","has-post-thumbnail","hentry","category-actualites","category-faits-divers","category-non-classe","tag-ordinateur","tag-sitel-group","tag-vol","entry","has-media","owp-thumbs-layout-horizontal","owp-btn-normal","owp-tabs-layout-horizontal","has-no-thumbnails","has-product-nav"],"yoast_head":"<!-- This site is optimized with the Yoast SEO plugin v25.5 - https:\/\/yoast.com\/wordpress\/plugins\/seo\/ -->\n<title>Vol d\u2019ordinateurs \u00e0 l\u2019entreprise Sitel group. - LE PUBLIC<\/title>\n<meta name=\"robots\" content=\"index, follow, max-snippet:-1, max-image-preview:large, max-video-preview:-1\" \/>\n<link rel=\"canonical\" href=\"https:\/\/www.public.sn\/index.php\/2022\/10\/28\/vol-dordinateurs-a-lentreprise-sitel-group\/\" \/>\n<meta property=\"og:locale\" content=\"fr_FR\" \/>\n<meta property=\"og:type\" content=\"article\" \/>\n<meta property=\"og:title\" content=\"Vol d\u2019ordinateurs \u00e0 l\u2019entreprise Sitel group. - LE PUBLIC\" \/>\n<meta property=\"og:description\" content=\"Un nombre important d ordinateurs estim\u00e9s \u00e0 70millions de FCFA vol\u00e9 par deux employ\u00e9s de la soci\u00e9t\u00e9 Sitel group. Selon les Echos, le directeur avait \u00e9t\u00e9 inform\u00e9 d\u2019un manque d ordinateurs par son informaticien&nbsp; qu\u2019il manque 75machines .En visionnant l\u2019enregistrement des cameras de surveillances du local o\u00f9 se trouv\u00e9s les mat\u00e9riels, Ndiaw Macodou Fall a \u00e9t\u00e9 &nbsp;aper\u00e7u en train de charger les ordinateurs \u00e0 plusieurs reprises &nbsp;dans un v\u00e9hicule&nbsp; en compagnie de l\u2019agent de s\u00e9curit\u00e9 Mame Thierno Sy. Malheureusement lorsqu\u2019 il appel\u00e9 son receleur pour qu\u2019il puisse r\u00e9cup\u00e9rer le mat\u00e9riel &nbsp;c \u00e9tait trop tard parce que Mame Codou avait d\u00e9j\u00e0 vendu les machines .Les deux malfaiteurs ont \u00e9t\u00e9 traques et places sous mandant de d\u00e9p\u00f4t. A la barre du tribunal correctionnel de Dakar \u00a0ou ils ont comparu, Ndiaw Macodou\u00a0 a reconnus les faits qui lui sont reproch\u00e9s tout en expliquant le mode op\u00e9ratoire qu\u2019il utilisait pour soustraire le mat\u00e9riel de son patron et \u00a0affirme avoir vendu les ordinateurs a 100.000 FCFA l\u2019unit\u00e9. Quant \u00e0 Ibrahima Diop a indiqu\u00e9 qu\u2019il a \u00e9t\u00e9 influenc\u00e9 par Ndiaw Fall qui ne l a pas inform\u00e9 de l\u2019origine frauduleuse du mat\u00e9riel. Le procureur a requis \u00a0contre Ndiaw Macodou Fall 2ans de prison ferme \u00a0et le relax pour Ibrahima Diop. Maimouna Niang.\" \/>\n<meta property=\"og:url\" content=\"https:\/\/www.public.sn\/index.php\/2022\/10\/28\/vol-dordinateurs-a-lentreprise-sitel-group\/\" \/>\n<meta property=\"og:site_name\" content=\"LE PUBLIC\" \/>\n<meta property=\"article:published_time\" content=\"2022-10-28T11:00:30+00:00\" \/>\n<meta property=\"article:modified_time\" content=\"2022-10-28T11:00:32+00:00\" \/>\n<meta property=\"og:image\" content=\"https:\/\/www.public.sn\/wp-content\/uploads\/2022\/10\/SITEL.webp\" \/>\n\t<meta property=\"og:image:width\" content=\"700\" \/>\n\t<meta property=\"og:image:height\" content=\"392\" \/>\n\t<meta property=\"og:image:type\" content=\"image\/webp\" \/>\n<meta name=\"author\" content=\"LA REDACTION\" \/>\n<meta name=\"twitter:card\" content=\"summary_large_image\" \/>\n<meta name=\"twitter:label1\" content=\"\u00c9crit par\" \/>\n\t<meta name=\"twitter:data1\" content=\"LA REDACTION\" \/>\n\t<meta name=\"twitter:label2\" content=\"Dur\u00e9e de lecture estim\u00e9e\" \/>\n\t<meta name=\"twitter:data2\" content=\"2 minutes\" \/>\n<script type=\"application\/ld+json\" class=\"yoast-schema-graph\">{\"@context\":\"https:\/\/schema.org\",\"@graph\":[{\"@type\":\"Article\",\"@id\":\"https:\/\/www.public.sn\/index.php\/2022\/10\/28\/vol-dordinateurs-a-lentreprise-sitel-group\/#article\",\"isPartOf\":{\"@id\":\"https:\/\/www.public.sn\/index.php\/2022\/10\/28\/vol-dordinateurs-a-lentreprise-sitel-group\/\"},\"author\":{\"name\":\"LA REDACTION\",\"@id\":\"https:\/\/www.public.sn\/#\/schema\/person\/e3f4a11b037d4203902db148f9bc8d5a\"},\"headline\":\"Vol d\u2019ordinateurs \u00e0 l\u2019entreprise Sitel group.\",\"datePublished\":\"2022-10-28T11:00:30+00:00\",\"dateModified\":\"2022-10-28T11:00:32+00:00\",\"mainEntityOfPage\":{\"@id\":\"https:\/\/www.public.sn\/index.php\/2022\/10\/28\/vol-dordinateurs-a-lentreprise-sitel-group\/\"},\"wordCount\":241,\"commentCount\":0,\"publisher\":{\"@id\":\"https:\/\/www.public.sn\/#organization\"},\"image\":{\"@id\":\"https:\/\/www.public.sn\/index.php\/2022\/10\/28\/vol-dordinateurs-a-lentreprise-sitel-group\/#primaryimage\"},\"thumbnailUrl\":\"https:\/\/www.public.sn\/wp-content\/uploads\/2022\/10\/SITEL.webp\",\"keywords\":[\"ordinateur\",\"sitel group\",\"Vol\"],\"articleSection\":[\"ACTUALIT\u00c9S\",\"FAITS DIVERS\",\"S\u00c9N\u00c9GAL\"],\"inLanguage\":\"fr-FR\",\"potentialAction\":[{\"@type\":\"CommentAction\",\"name\":\"Comment\",\"target\":[\"https:\/\/www.public.sn\/index.php\/2022\/10\/28\/vol-dordinateurs-a-lentreprise-sitel-group\/#respond\"]}]},{\"@type\":\"WebPage\",\"@id\":\"https:\/\/www.public.sn\/index.php\/2022\/10\/28\/vol-dordinateurs-a-lentreprise-sitel-group\/\",\"url\":\"https:\/\/www.public.sn\/index.php\/2022\/10\/28\/vol-dordinateurs-a-lentreprise-sitel-group\/\",\"name\":\"Vol d\u2019ordinateurs \u00e0 l\u2019entreprise Sitel group. - LE PUBLIC\",\"isPartOf\":{\"@id\":\"https:\/\/www.public.sn\/#website\"},\"primaryImageOfPage\":{\"@id\":\"https:\/\/www.public.sn\/index.php\/2022\/10\/28\/vol-dordinateurs-a-lentreprise-sitel-group\/#primaryimage\"},\"image\":{\"@id\":\"https:\/\/www.public.sn\/index.php\/2022\/10\/28\/vol-dordinateurs-a-lentreprise-sitel-group\/#primaryimage\"},\"thumbnailUrl\":\"https:\/\/www.public.sn\/wp-content\/uploads\/2022\/10\/SITEL.webp\",\"datePublished\":\"2022-10-28T11:00:30+00:00\",\"dateModified\":\"2022-10-28T11:00:32+00:00\",\"breadcrumb\":{\"@id\":\"https:\/\/www.public.sn\/index.php\/2022\/10\/28\/vol-dordinateurs-a-lentreprise-sitel-group\/#breadcrumb\"},\"inLanguage\":\"fr-FR\",\"potentialAction\":[{\"@type\":\"ReadAction\",\"target\":[\"https:\/\/www.public.sn\/index.php\/2022\/10\/28\/vol-dordinateurs-a-lentreprise-sitel-group\/\"]}]},{\"@type\":\"ImageObject\",\"inLanguage\":\"fr-FR\",\"@id\":\"https:\/\/www.public.sn\/index.php\/2022\/10\/28\/vol-dordinateurs-a-lentreprise-sitel-group\/#primaryimage\",\"url\":\"https:\/\/www.public.sn\/wp-content\/uploads\/2022\/10\/SITEL.webp\",\"contentUrl\":\"https:\/\/www.public.sn\/wp-content\/uploads\/2022\/10\/SITEL.webp\",\"width\":700,\"height\":392,\"caption\":\"publicsn\"},{\"@type\":\"BreadcrumbList\",\"@id\":\"https:\/\/www.public.sn\/index.php\/2022\/10\/28\/vol-dordinateurs-a-lentreprise-sitel-group\/#breadcrumb\",\"itemListElement\":[{\"@type\":\"ListItem\",\"position\":1,\"name\":\"Accueil\",\"item\":\"https:\/\/www.public.sn\/\"},{\"@type\":\"ListItem\",\"position\":2,\"name\":\"Vol d\u2019ordinateurs \u00e0 l\u2019entreprise Sitel group.\"}]},{\"@type\":\"WebSite\",\"@id\":\"https:\/\/www.public.sn\/#website\",\"url\":\"https:\/\/www.public.sn\/\",\"name\":\"LE PUBLIC\",\"description\":\"\",\"publisher\":{\"@id\":\"https:\/\/www.public.sn\/#organization\"},\"potentialAction\":[{\"@type\":\"SearchAction\",\"target\":{\"@type\":\"EntryPoint\",\"urlTemplate\":\"https:\/\/www.public.sn\/?s={search_term_string}\"},\"query-input\":{\"@type\":\"PropertyValueSpecification\",\"valueRequired\":true,\"valueName\":\"search_term_string\"}}],\"inLanguage\":\"fr-FR\"},{\"@type\":\"Organization\",\"@id\":\"https:\/\/www.public.sn\/#organization\",\"name\":\"LE PUBLIC\",\"url\":\"https:\/\/www.public.sn\/\",\"logo\":{\"@type\":\"ImageObject\",\"inLanguage\":\"fr-FR\",\"@id\":\"https:\/\/www.public.sn\/#\/schema\/logo\/image\/\",\"url\":\"https:\/\/www.public.sn\/wp-content\/uploads\/2024\/05\/cropped-LOGO-PUBLIC.SN_.png\",\"contentUrl\":\"https:\/\/www.public.sn\/wp-content\/uploads\/2024\/05\/cropped-LOGO-PUBLIC.SN_.png\",\"width\":682,\"height\":192,\"caption\":\"LE PUBLIC\"},\"image\":{\"@id\":\"https:\/\/www.public.sn\/#\/schema\/logo\/image\/\"}},{\"@type\":\"Person\",\"@id\":\"https:\/\/www.public.sn\/#\/schema\/person\/e3f4a11b037d4203902db148f9bc8d5a\",\"name\":\"LA REDACTION\",\"image\":{\"@type\":\"ImageObject\",\"inLanguage\":\"fr-FR\",\"@id\":\"https:\/\/www.public.sn\/#\/schema\/person\/image\/\",\"url\":\"https:\/\/secure.gravatar.com\/avatar\/d6c030db45db2883c075085c5d6c6258654a801a93766b49af0b82d4f454e2a5?s=96&d=mm&r=g\",\"contentUrl\":\"https:\/\/secure.gravatar.com\/avatar\/d6c030db45db2883c075085c5d6c6258654a801a93766b49af0b82d4f454e2a5?s=96&d=mm&r=g\",\"caption\":\"LA REDACTION\"},\"sameAs\":[\"http:\/\/www.public.sn\"],\"url\":\"https:\/\/www.public.sn\/index.php\/author\/admin7324\/\"}]}<\/script>\n<!-- \/ Yoast SEO plugin. -->","yoast_head_json":{"title":"Vol d\u2019ordinateurs \u00e0 l\u2019entreprise Sitel group. - LE PUBLIC","robots":{"index":"index","follow":"follow","max-snippet":"max-snippet:-1","max-image-preview":"max-image-preview:large","max-video-preview":"max-video-preview:-1"},"canonical":"https:\/\/www.public.sn\/index.php\/2022\/10\/28\/vol-dordinateurs-a-lentreprise-sitel-group\/","og_locale":"fr_FR","og_type":"article","og_title":"Vol d\u2019ordinateurs \u00e0 l\u2019entreprise Sitel group. - LE PUBLIC","og_description":"Un nombre important d ordinateurs estim\u00e9s \u00e0 70millions de FCFA vol\u00e9 par deux employ\u00e9s de la soci\u00e9t\u00e9 Sitel group. Selon les Echos, le directeur avait \u00e9t\u00e9 inform\u00e9 d\u2019un manque d ordinateurs par son informaticien&nbsp; qu\u2019il manque 75machines .En visionnant l\u2019enregistrement des cameras de surveillances du local o\u00f9 se trouv\u00e9s les mat\u00e9riels, Ndiaw Macodou Fall a \u00e9t\u00e9 &nbsp;aper\u00e7u en train de charger les ordinateurs \u00e0 plusieurs reprises &nbsp;dans un v\u00e9hicule&nbsp; en compagnie de l\u2019agent de s\u00e9curit\u00e9 Mame Thierno Sy. Malheureusement lorsqu\u2019 il appel\u00e9 son receleur pour qu\u2019il puisse r\u00e9cup\u00e9rer le mat\u00e9riel &nbsp;c \u00e9tait trop tard parce que Mame Codou avait d\u00e9j\u00e0 vendu les machines .Les deux malfaiteurs ont \u00e9t\u00e9 traques et places sous mandant de d\u00e9p\u00f4t. A la barre du tribunal correctionnel de Dakar \u00a0ou ils ont comparu, Ndiaw Macodou\u00a0 a reconnus les faits qui lui sont reproch\u00e9s tout en expliquant le mode op\u00e9ratoire qu\u2019il utilisait pour soustraire le mat\u00e9riel de son patron et \u00a0affirme avoir vendu les ordinateurs a 100.000 FCFA l\u2019unit\u00e9. Quant \u00e0 Ibrahima Diop a indiqu\u00e9 qu\u2019il a \u00e9t\u00e9 influenc\u00e9 par Ndiaw Fall qui ne l a pas inform\u00e9 de l\u2019origine frauduleuse du mat\u00e9riel. Le procureur a requis \u00a0contre Ndiaw Macodou Fall 2ans de prison ferme \u00a0et le relax pour Ibrahima Diop. Maimouna Niang.","og_url":"https:\/\/www.public.sn\/index.php\/2022\/10\/28\/vol-dordinateurs-a-lentreprise-sitel-group\/","og_site_name":"LE PUBLIC","article_published_time":"2022-10-28T11:00:30+00:00","article_modified_time":"2022-10-28T11:00:32+00:00","og_image":[{"width":700,"height":392,"url":"https:\/\/www.public.sn\/wp-content\/uploads\/2022\/10\/SITEL.webp","type":"image\/webp"}],"author":"LA REDACTION","twitter_card":"summary_large_image","twitter_misc":{"\u00c9crit par":"LA REDACTION","Dur\u00e9e de lecture estim\u00e9e":"2 minutes"},"schema":{"@context":"https:\/\/schema.org","@graph":[{"@type":"Article","@id":"https:\/\/www.public.sn\/index.php\/2022\/10\/28\/vol-dordinateurs-a-lentreprise-sitel-group\/#article","isPartOf":{"@id":"https:\/\/www.public.sn\/index.php\/2022\/10\/28\/vol-dordinateurs-a-lentreprise-sitel-group\/"},"author":{"name":"LA REDACTION","@id":"https:\/\/www.public.sn\/#\/schema\/person\/e3f4a11b037d4203902db148f9bc8d5a"},"headline":"Vol d\u2019ordinateurs \u00e0 l\u2019entreprise Sitel group.","datePublished":"2022-10-28T11:00:30+00:00","dateModified":"2022-10-28T11:00:32+00:00","mainEntityOfPage":{"@id":"https:\/\/www.public.sn\/index.php\/2022\/10\/28\/vol-dordinateurs-a-lentreprise-sitel-group\/"},"wordCount":241,"commentCount":0,"publisher":{"@id":"https:\/\/www.public.sn\/#organization"},"image":{"@id":"https:\/\/www.public.sn\/index.php\/2022\/10\/28\/vol-dordinateurs-a-lentreprise-sitel-group\/#primaryimage"},"thumbnailUrl":"https:\/\/www.public.sn\/wp-content\/uploads\/2022\/10\/SITEL.webp","keywords":["ordinateur","sitel group","Vol"],"articleSection":["ACTUALIT\u00c9S","FAITS DIVERS","S\u00c9N\u00c9GAL"],"inLanguage":"fr-FR","potentialAction":[{"@type":"CommentAction","name":"Comment","target":["https:\/\/www.public.sn\/index.php\/2022\/10\/28\/vol-dordinateurs-a-lentreprise-sitel-group\/#respond"]}]},{"@type":"WebPage","@id":"https:\/\/www.public.sn\/index.php\/2022\/10\/28\/vol-dordinateurs-a-lentreprise-sitel-group\/","url":"https:\/\/www.public.sn\/index.php\/2022\/10\/28\/vol-dordinateurs-a-lentreprise-sitel-group\/","name":"Vol d\u2019ordinateurs \u00e0 l\u2019entreprise Sitel group. - LE PUBLIC","isPartOf":{"@id":"https:\/\/www.public.sn\/#website"},"primaryImageOfPage":{"@id":"https:\/\/www.public.sn\/index.php\/2022\/10\/28\/vol-dordinateurs-a-lentreprise-sitel-group\/#primaryimage"},"image":{"@id":"https:\/\/www.public.sn\/index.php\/2022\/10\/28\/vol-dordinateurs-a-lentreprise-sitel-group\/#primaryimage"},"thumbnailUrl":"https:\/\/www.public.sn\/wp-content\/uploads\/2022\/10\/SITEL.webp","datePublished":"2022-10-28T11:00:30+00:00","dateModified":"2022-10-28T11:00:32+00:00","breadcrumb":{"@id":"https:\/\/www.public.sn\/index.php\/2022\/10\/28\/vol-dordinateurs-a-lentreprise-sitel-group\/#breadcrumb"},"inLanguage":"fr-FR","potentialAction":[{"@type":"ReadAction","target":["https:\/\/www.public.sn\/index.php\/2022\/10\/28\/vol-dordinateurs-a-lentreprise-sitel-group\/"]}]},{"@type":"ImageObject","inLanguage":"fr-FR","@id":"https:\/\/www.public.sn\/index.php\/2022\/10\/28\/vol-dordinateurs-a-lentreprise-sitel-group\/#primaryimage","url":"https:\/\/www.public.sn\/wp-content\/uploads\/2022\/10\/SITEL.webp","contentUrl":"https:\/\/www.public.sn\/wp-content\/uploads\/2022\/10\/SITEL.webp","width":700,"height":392,"caption":"publicsn"},{"@type":"BreadcrumbList","@id":"https:\/\/www.public.sn\/index.php\/2022\/10\/28\/vol-dordinateurs-a-lentreprise-sitel-group\/#breadcrumb","itemListElement":[{"@type":"ListItem","position":1,"name":"Accueil","item":"https:\/\/www.public.sn\/"},{"@type":"ListItem","position":2,"name":"Vol d\u2019ordinateurs \u00e0 l\u2019entreprise Sitel group."}]},{"@type":"WebSite","@id":"https:\/\/www.public.sn\/#website","url":"https:\/\/www.public.sn\/","name":"LE PUBLIC","description":"","publisher":{"@id":"https:\/\/www.public.sn\/#organization"},"potentialAction":[{"@type":"SearchAction","target":{"@type":"EntryPoint","urlTemplate":"https:\/\/www.public.sn\/?s={search_term_string}"},"query-input":{"@type":"PropertyValueSpecification","valueRequired":true,"valueName":"search_term_string"}}],"inLanguage":"fr-FR"},{"@type":"Organization","@id":"https:\/\/www.public.sn\/#organization","name":"LE PUBLIC","url":"https:\/\/www.public.sn\/","logo":{"@type":"ImageObject","inLanguage":"fr-FR","@id":"https:\/\/www.public.sn\/#\/schema\/logo\/image\/","url":"https:\/\/www.public.sn\/wp-content\/uploads\/2024\/05\/cropped-LOGO-PUBLIC.SN_.png","contentUrl":"https:\/\/www.public.sn\/wp-content\/uploads\/2024\/05\/cropped-LOGO-PUBLIC.SN_.png","width":682,"height":192,"caption":"LE PUBLIC"},"image":{"@id":"https:\/\/www.public.sn\/#\/schema\/logo\/image\/"}},{"@type":"Person","@id":"https:\/\/www.public.sn\/#\/schema\/person\/e3f4a11b037d4203902db148f9bc8d5a","name":"LA REDACTION","image":{"@type":"ImageObject","inLanguage":"fr-FR","@id":"https:\/\/www.public.sn\/#\/schema\/person\/image\/","url":"https:\/\/secure.gravatar.com\/avatar\/d6c030db45db2883c075085c5d6c6258654a801a93766b49af0b82d4f454e2a5?s=96&d=mm&r=g","contentUrl":"https:\/\/secure.gravatar.com\/avatar\/d6c030db45db2883c075085c5d6c6258654a801a93766b49af0b82d4f454e2a5?s=96&d=mm&r=g","caption":"LA REDACTION"},"sameAs":["http:\/\/www.public.sn"],"url":"https:\/\/www.public.sn\/index.php\/author\/admin7324\/"}]}},"jetpack_featured_media_url":"https:\/\/www.public.sn\/wp-content\/uploads\/2022\/10\/SITEL.webp","jetpack_sharing_enabled":true,"_links":{"self":[{"href":"https:\/\/www.public.sn\/index.php\/wp-json\/wp\/v2\/posts\/6203","targetHints":{"allow":["GET"]}}],"collection":[{"href":"https:\/\/www.public.sn\/index.php\/wp-json\/wp\/v2\/posts"}],"about":[{"href":"https:\/\/www.public.sn\/index.php\/wp-json\/wp\/v2\/types\/post"}],"author":[{"embeddable":true,"href":"https:\/\/www.public.sn\/index.php\/wp-json\/wp\/v2\/users\/1"}],"replies":[{"embeddable":true,"href":"https:\/\/www.public.sn\/index.php\/wp-json\/wp\/v2\/comments?post=6203"}],"version-history":[{"count":2,"href":"https:\/\/www.public.sn\/index.php\/wp-json\/wp\/v2\/posts\/6203\/revisions"}],"predecessor-version":[{"id":6206,"href":"https:\/\/www.public.sn\/index.php\/wp-json\/wp\/v2\/posts\/6203\/revisions\/6206"}],"wp:featuredmedia":[{"embeddable":true,"href":"https:\/\/www.public.sn\/index.php\/wp-json\/wp\/v2\/media\/6204"}],"wp:attachment":[{"href":"https:\/\/www.public.sn\/index.php\/wp-json\/wp\/v2\/media?parent=6203"}],"wp:term":[{"taxonomy":"category","embeddable":true,"href":"https:\/\/www.public.sn\/index.php\/wp-json\/wp\/v2\/categories?post=6203"},{"taxonomy":"post_tag","embeddable":true,"href":"https:\/\/www.public.sn\/index.php\/wp-json\/wp\/v2\/tags?post=6203"}],"curies":[{"name":"wp","href":"https:\/\/api.w.org\/{rel}","templated":true}]}}