{"id":6222,"date":"2022-10-28T12:31:06","date_gmt":"2022-10-28T12:31:06","guid":{"rendered":"https:\/\/www.public.sn\/?p=6222"},"modified":"2022-10-28T12:31:09","modified_gmt":"2022-10-28T12:31:09","slug":"affaire-armement-abass-fall-saisit-lassemblee-nationale","status":"publish","type":"post","link":"https:\/\/www.public.sn\/index.php\/2022\/10\/28\/affaire-armement-abass-fall-saisit-lassemblee-nationale\/","title":{"rendered":"Affaire Armement : Abass Fall saisit l&rsquo;Assembl\u00e9e Nationale."},"content":{"rendered":"\n<p>\u00abJe viens en vertu de l&rsquo;article 48 du r\u00e8glement int\u00e9rieur de l&rsquo;assembl\u00e9e nationale vous saisir pour l&rsquo;ouverture d&rsquo;une enqu\u00eate parlementaire portant sur un contrat secret de plus de 45 Milliards sign\u00e9 par les ministres de l&rsquo;environnement et des Finances d&rsquo;alors en l&rsquo;occurrence Abdou Karim Sall et Abdoulaye Daouda DIALLO en d\u00e9cembre 2021\u00bb, souligne le document adress\u00e9 \u00e0 Dr Amadou Mame Diop, le pr\u00e9sident de l\u2019Assembl\u00e9e nationale.<\/p><div class=\"publi-paragraphe1\" style=\"margin-top: 10px;margin-bottom: 10px;margin-left: auto;margin-right: auto;text-align: center;\" id=\"publi-2918595990\"><div class=\"publi-adlabel\">Publicit\u00e9<\/div><script async src=\"\/\/pagead2.googlesyndication.com\/pagead\/js\/adsbygoogle.js?client=ca-pub-4089586018074219\" crossorigin=\"anonymous\"><\/script><ins class=\"adsbygoogle\" style=\"display:block;\" data-ad-client=\"ca-pub-4089586018074219\" \ndata-ad-slot=\"2087940154\" \ndata-ad-format=\"auto\"><\/ins>\n<script> \n(adsbygoogle = window.adsbygoogle || []).push({}); \n<\/script>\n<\/div>\n\n\n\n<p><br><br>Abass Fall estime que ce contrat, qui a \u00e9t\u00e9 sign\u00e9 avec un homme d&rsquo;affaires nig\u00e9rian douteux du nom de Abuubakar Hima dit \u00ab Petit Boube\u00bb, \u00ab constitue une n\u00e9buleuse qu&rsquo;il faudra clarifier pour que les s\u00e9n\u00e9galais soient \u00e9difi\u00e9s sur cette affaire qui d\u00e9fraie la chronique depuis quelques jours.\u00bb<\/p>\n\n\n\n<p>Samba SY.<\/p>\n\n\n\n<figure class=\"wp-block-image size-large\"><img fetchpriority=\"high\" decoding=\"async\" width=\"722\" height=\"1024\" src=\"https:\/\/www.public.sn\/wp-content\/uploads\/2022\/10\/abass-fall-722x1024.jpg\" alt=\"\" class=\"wp-image-6223\" srcset=\"https:\/\/www.public.sn\/wp-content\/uploads\/2022\/10\/abass-fall-722x1024.jpg 722w, https:\/\/www.public.sn\/wp-content\/uploads\/2022\/10\/abass-fall-600x851.jpg 600w, https:\/\/www.public.sn\/wp-content\/uploads\/2022\/10\/abass-fall-212x300.jpg 212w, https:\/\/www.public.sn\/wp-content\/uploads\/2022\/10\/abass-fall-768x1089.jpg 768w, https:\/\/www.public.sn\/wp-content\/uploads\/2022\/10\/abass-fall.jpg 1024w\" sizes=\"(max-width: 722px) 100vw, 722px\" \/><\/figure>\n<div class=\"publi-apres-le-contenu\" style=\"margin-top: 10px;margin-bottom: 10px;margin-left: auto;margin-right: auto;text-align: center;\" id=\"publi-1514857267\"><div class=\"publi-adlabel\">Publicit\u00e9<\/div><script async src=\"\/\/pagead2.googlesyndication.com\/pagead\/js\/adsbygoogle.js?client=ca-pub-4089586018074219\" crossorigin=\"anonymous\"><\/script><ins class=\"adsbygoogle\" style=\"display:block;\" data-ad-client=\"ca-pub-4089586018074219\" \ndata-ad-slot=\"2087940154\" \ndata-ad-format=\"auto\"><\/ins>\n<script> \n(adsbygoogle = window.adsbygoogle || []).push({}); \n<\/script>\n<\/div>","protected":false},"excerpt":{"rendered":"<p>\u00abJe viens en vertu de l&rsquo;article 48 du r\u00e8glement int\u00e9rieur de l&rsquo;assembl\u00e9e nationale vous saisir pour l&rsquo;ouverture d&rsquo;une enqu\u00eate parlementaire portant sur un contrat secret de plus de 45 Milliards sign\u00e9 par les ministres de l&rsquo;environnement et des Finances d&rsquo;alors en l&rsquo;occurrence Abdou Karim Sall et Abdoulaye Daouda DIALLO en d\u00e9cembre 2021\u00bb, souligne le document adress\u00e9 \u00e0 Dr Amadou Mame Diop, le pr\u00e9sident de l\u2019Assembl\u00e9e nationale. Abass Fall estime que ce contrat, qui a \u00e9t\u00e9 sign\u00e9 avec un homme d&rsquo;affaires nig\u00e9rian douteux du nom de Abuubakar Hima dit \u00ab Petit Boube\u00bb, \u00ab constitue une n\u00e9buleuse qu&rsquo;il faudra clarifier pour que les s\u00e9n\u00e9galais soient \u00e9difi\u00e9s sur cette affaire qui d\u00e9fraie la chronique depuis quelques jours.\u00bb Samba SY.<\/p>\n","protected":false},"author":7,"featured_media":6225,"comment_status":"open","ping_status":"open","sticky":false,"template":"","format":"standard","meta":{"_jetpack_memberships_contains_paid_content":false,"footnotes":""},"categories":[375,1,4],"tags":[1843,2116,1365],"class_list":["post-6222","post","type-post","status-publish","format-standard","has-post-thumbnail","hentry","category-actualites","category-non-classe","category-societe","tag-abass-fall","tag-armement","tag-assemblee-nationale-2","entry","has-media","owp-thumbs-layout-horizontal","owp-btn-normal","owp-tabs-layout-horizontal","has-no-thumbnails","has-product-nav"],"yoast_head":"<!-- This site is optimized with the Yoast SEO plugin v25.5 - https:\/\/yoast.com\/wordpress\/plugins\/seo\/ -->\n<title>Affaire Armement : Abass Fall saisit l&#039;Assembl\u00e9e Nationale. - LE PUBLIC<\/title>\n<meta name=\"robots\" content=\"index, follow, max-snippet:-1, max-image-preview:large, max-video-preview:-1\" \/>\n<link rel=\"canonical\" href=\"https:\/\/www.public.sn\/index.php\/2022\/10\/28\/affaire-armement-abass-fall-saisit-lassemblee-nationale\/\" \/>\n<meta property=\"og:locale\" content=\"fr_FR\" \/>\n<meta property=\"og:type\" content=\"article\" \/>\n<meta property=\"og:title\" content=\"Affaire Armement : Abass Fall saisit l&#039;Assembl\u00e9e Nationale. - LE PUBLIC\" \/>\n<meta property=\"og:description\" content=\"\u00abJe viens en vertu de l&rsquo;article 48 du r\u00e8glement int\u00e9rieur de l&rsquo;assembl\u00e9e nationale vous saisir pour l&rsquo;ouverture d&rsquo;une enqu\u00eate parlementaire portant sur un contrat secret de plus de 45 Milliards sign\u00e9 par les ministres de l&rsquo;environnement et des Finances d&rsquo;alors en l&rsquo;occurrence Abdou Karim Sall et Abdoulaye Daouda DIALLO en d\u00e9cembre 2021\u00bb, souligne le document adress\u00e9 \u00e0 Dr Amadou Mame Diop, le pr\u00e9sident de l\u2019Assembl\u00e9e nationale. Abass Fall estime que ce contrat, qui a \u00e9t\u00e9 sign\u00e9 avec un homme d&rsquo;affaires nig\u00e9rian douteux du nom de Abuubakar Hima dit \u00ab Petit Boube\u00bb, \u00ab constitue une n\u00e9buleuse qu&rsquo;il faudra clarifier pour que les s\u00e9n\u00e9galais soient \u00e9difi\u00e9s sur cette affaire qui d\u00e9fraie la chronique depuis quelques jours.\u00bb Samba SY.\" \/>\n<meta property=\"og:url\" content=\"https:\/\/www.public.sn\/index.php\/2022\/10\/28\/affaire-armement-abass-fall-saisit-lassemblee-nationale\/\" \/>\n<meta property=\"og:site_name\" content=\"LE PUBLIC\" \/>\n<meta property=\"article:published_time\" content=\"2022-10-28T12:31:06+00:00\" \/>\n<meta property=\"article:modified_time\" content=\"2022-10-28T12:31:09+00:00\" \/>\n<meta property=\"og:image\" content=\"https:\/\/www.public.sn\/wp-content\/uploads\/2022\/10\/aa-9.jpg\" \/>\n\t<meta property=\"og:image:width\" content=\"674\" \/>\n\t<meta property=\"og:image:height\" content=\"393\" \/>\n\t<meta property=\"og:image:type\" content=\"image\/jpeg\" \/>\n<meta name=\"author\" content=\"LA REDACTION\" \/>\n<meta name=\"twitter:card\" content=\"summary_large_image\" \/>\n<meta name=\"twitter:label1\" content=\"\u00c9crit par\" \/>\n\t<meta name=\"twitter:data1\" content=\"LA REDACTION\" \/>\n\t<meta name=\"twitter:label2\" content=\"Dur\u00e9e de lecture estim\u00e9e\" \/>\n\t<meta name=\"twitter:data2\" content=\"1 minute\" \/>\n<script type=\"application\/ld+json\" class=\"yoast-schema-graph\">{\"@context\":\"https:\/\/schema.org\",\"@graph\":[{\"@type\":\"Article\",\"@id\":\"https:\/\/www.public.sn\/index.php\/2022\/10\/28\/affaire-armement-abass-fall-saisit-lassemblee-nationale\/#article\",\"isPartOf\":{\"@id\":\"https:\/\/www.public.sn\/index.php\/2022\/10\/28\/affaire-armement-abass-fall-saisit-lassemblee-nationale\/\"},\"author\":{\"name\":\"LA REDACTION\",\"@id\":\"https:\/\/www.public.sn\/#\/schema\/person\/cb76c8e1b8becc6be61fb5e92d6d0224\"},\"headline\":\"Affaire Armement : Abass Fall saisit l&rsquo;Assembl\u00e9e Nationale.\",\"datePublished\":\"2022-10-28T12:31:06+00:00\",\"dateModified\":\"2022-10-28T12:31:09+00:00\",\"mainEntityOfPage\":{\"@id\":\"https:\/\/www.public.sn\/index.php\/2022\/10\/28\/affaire-armement-abass-fall-saisit-lassemblee-nationale\/\"},\"wordCount\":132,\"commentCount\":1,\"publisher\":{\"@id\":\"https:\/\/www.public.sn\/#organization\"},\"image\":{\"@id\":\"https:\/\/www.public.sn\/index.php\/2022\/10\/28\/affaire-armement-abass-fall-saisit-lassemblee-nationale\/#primaryimage\"},\"thumbnailUrl\":\"https:\/\/www.public.sn\/wp-content\/uploads\/2022\/10\/aa-9.jpg\",\"keywords\":[\"Abass Fall\",\"armement\",\"assemblee nationale\"],\"articleSection\":[\"ACTUALIT\u00c9S\",\"S\u00c9N\u00c9GAL\",\"SOCIETE\"],\"inLanguage\":\"fr-FR\",\"potentialAction\":[{\"@type\":\"CommentAction\",\"name\":\"Comment\",\"target\":[\"https:\/\/www.public.sn\/index.php\/2022\/10\/28\/affaire-armement-abass-fall-saisit-lassemblee-nationale\/#respond\"]}]},{\"@type\":\"WebPage\",\"@id\":\"https:\/\/www.public.sn\/index.php\/2022\/10\/28\/affaire-armement-abass-fall-saisit-lassemblee-nationale\/\",\"url\":\"https:\/\/www.public.sn\/index.php\/2022\/10\/28\/affaire-armement-abass-fall-saisit-lassemblee-nationale\/\",\"name\":\"Affaire Armement : Abass Fall saisit l'Assembl\u00e9e Nationale. - LE PUBLIC\",\"isPartOf\":{\"@id\":\"https:\/\/www.public.sn\/#website\"},\"primaryImageOfPage\":{\"@id\":\"https:\/\/www.public.sn\/index.php\/2022\/10\/28\/affaire-armement-abass-fall-saisit-lassemblee-nationale\/#primaryimage\"},\"image\":{\"@id\":\"https:\/\/www.public.sn\/index.php\/2022\/10\/28\/affaire-armement-abass-fall-saisit-lassemblee-nationale\/#primaryimage\"},\"thumbnailUrl\":\"https:\/\/www.public.sn\/wp-content\/uploads\/2022\/10\/aa-9.jpg\",\"datePublished\":\"2022-10-28T12:31:06+00:00\",\"dateModified\":\"2022-10-28T12:31:09+00:00\",\"breadcrumb\":{\"@id\":\"https:\/\/www.public.sn\/index.php\/2022\/10\/28\/affaire-armement-abass-fall-saisit-lassemblee-nationale\/#breadcrumb\"},\"inLanguage\":\"fr-FR\",\"potentialAction\":[{\"@type\":\"ReadAction\",\"target\":[\"https:\/\/www.public.sn\/index.php\/2022\/10\/28\/affaire-armement-abass-fall-saisit-lassemblee-nationale\/\"]}]},{\"@type\":\"ImageObject\",\"inLanguage\":\"fr-FR\",\"@id\":\"https:\/\/www.public.sn\/index.php\/2022\/10\/28\/affaire-armement-abass-fall-saisit-lassemblee-nationale\/#primaryimage\",\"url\":\"https:\/\/www.public.sn\/wp-content\/uploads\/2022\/10\/aa-9.jpg\",\"contentUrl\":\"https:\/\/www.public.sn\/wp-content\/uploads\/2022\/10\/aa-9.jpg\",\"width\":674,\"height\":393,\"caption\":\"publicsn\"},{\"@type\":\"BreadcrumbList\",\"@id\":\"https:\/\/www.public.sn\/index.php\/2022\/10\/28\/affaire-armement-abass-fall-saisit-lassemblee-nationale\/#breadcrumb\",\"itemListElement\":[{\"@type\":\"ListItem\",\"position\":1,\"name\":\"Accueil\",\"item\":\"https:\/\/www.public.sn\/\"},{\"@type\":\"ListItem\",\"position\":2,\"name\":\"Affaire Armement : Abass Fall saisit l&rsquo;Assembl\u00e9e Nationale.\"}]},{\"@type\":\"WebSite\",\"@id\":\"https:\/\/www.public.sn\/#website\",\"url\":\"https:\/\/www.public.sn\/\",\"name\":\"LE PUBLIC\",\"description\":\"\",\"publisher\":{\"@id\":\"https:\/\/www.public.sn\/#organization\"},\"potentialAction\":[{\"@type\":\"SearchAction\",\"target\":{\"@type\":\"EntryPoint\",\"urlTemplate\":\"https:\/\/www.public.sn\/?s={search_term_string}\"},\"query-input\":{\"@type\":\"PropertyValueSpecification\",\"valueRequired\":true,\"valueName\":\"search_term_string\"}}],\"inLanguage\":\"fr-FR\"},{\"@type\":\"Organization\",\"@id\":\"https:\/\/www.public.sn\/#organization\",\"name\":\"LE PUBLIC\",\"url\":\"https:\/\/www.public.sn\/\",\"logo\":{\"@type\":\"ImageObject\",\"inLanguage\":\"fr-FR\",\"@id\":\"https:\/\/www.public.sn\/#\/schema\/logo\/image\/\",\"url\":\"https:\/\/www.public.sn\/wp-content\/uploads\/2024\/05\/cropped-LOGO-PUBLIC.SN_.png\",\"contentUrl\":\"https:\/\/www.public.sn\/wp-content\/uploads\/2024\/05\/cropped-LOGO-PUBLIC.SN_.png\",\"width\":682,\"height\":192,\"caption\":\"LE PUBLIC\"},\"image\":{\"@id\":\"https:\/\/www.public.sn\/#\/schema\/logo\/image\/\"}},{\"@type\":\"Person\",\"@id\":\"https:\/\/www.public.sn\/#\/schema\/person\/cb76c8e1b8becc6be61fb5e92d6d0224\",\"name\":\"LA REDACTION\",\"image\":{\"@type\":\"ImageObject\",\"inLanguage\":\"fr-FR\",\"@id\":\"https:\/\/www.public.sn\/#\/schema\/person\/image\/\",\"url\":\"https:\/\/secure.gravatar.com\/avatar\/2dce5ddd34b8fef0180efe03aa2a9bee7d953856048f9a16b298190a3178407c?s=96&d=mm&r=g\",\"contentUrl\":\"https:\/\/secure.gravatar.com\/avatar\/2dce5ddd34b8fef0180efe03aa2a9bee7d953856048f9a16b298190a3178407c?s=96&d=mm&r=g\",\"caption\":\"LA REDACTION\"},\"url\":\"https:\/\/www.public.sn\/index.php\/author\/editeurpsn\/\"}]}<\/script>\n<!-- \/ Yoast SEO plugin. -->","yoast_head_json":{"title":"Affaire Armement : Abass Fall saisit l'Assembl\u00e9e Nationale. - LE PUBLIC","robots":{"index":"index","follow":"follow","max-snippet":"max-snippet:-1","max-image-preview":"max-image-preview:large","max-video-preview":"max-video-preview:-1"},"canonical":"https:\/\/www.public.sn\/index.php\/2022\/10\/28\/affaire-armement-abass-fall-saisit-lassemblee-nationale\/","og_locale":"fr_FR","og_type":"article","og_title":"Affaire Armement : Abass Fall saisit l'Assembl\u00e9e Nationale. - LE PUBLIC","og_description":"\u00abJe viens en vertu de l&rsquo;article 48 du r\u00e8glement int\u00e9rieur de l&rsquo;assembl\u00e9e nationale vous saisir pour l&rsquo;ouverture d&rsquo;une enqu\u00eate parlementaire portant sur un contrat secret de plus de 45 Milliards sign\u00e9 par les ministres de l&rsquo;environnement et des Finances d&rsquo;alors en l&rsquo;occurrence Abdou Karim Sall et Abdoulaye Daouda DIALLO en d\u00e9cembre 2021\u00bb, souligne le document adress\u00e9 \u00e0 Dr Amadou Mame Diop, le pr\u00e9sident de l\u2019Assembl\u00e9e nationale. Abass Fall estime que ce contrat, qui a \u00e9t\u00e9 sign\u00e9 avec un homme d&rsquo;affaires nig\u00e9rian douteux du nom de Abuubakar Hima dit \u00ab Petit Boube\u00bb, \u00ab constitue une n\u00e9buleuse qu&rsquo;il faudra clarifier pour que les s\u00e9n\u00e9galais soient \u00e9difi\u00e9s sur cette affaire qui d\u00e9fraie la chronique depuis quelques jours.\u00bb Samba SY.","og_url":"https:\/\/www.public.sn\/index.php\/2022\/10\/28\/affaire-armement-abass-fall-saisit-lassemblee-nationale\/","og_site_name":"LE PUBLIC","article_published_time":"2022-10-28T12:31:06+00:00","article_modified_time":"2022-10-28T12:31:09+00:00","og_image":[{"width":674,"height":393,"url":"https:\/\/www.public.sn\/wp-content\/uploads\/2022\/10\/aa-9.jpg","type":"image\/jpeg"}],"author":"LA REDACTION","twitter_card":"summary_large_image","twitter_misc":{"\u00c9crit par":"LA REDACTION","Dur\u00e9e de lecture estim\u00e9e":"1 minute"},"schema":{"@context":"https:\/\/schema.org","@graph":[{"@type":"Article","@id":"https:\/\/www.public.sn\/index.php\/2022\/10\/28\/affaire-armement-abass-fall-saisit-lassemblee-nationale\/#article","isPartOf":{"@id":"https:\/\/www.public.sn\/index.php\/2022\/10\/28\/affaire-armement-abass-fall-saisit-lassemblee-nationale\/"},"author":{"name":"LA REDACTION","@id":"https:\/\/www.public.sn\/#\/schema\/person\/cb76c8e1b8becc6be61fb5e92d6d0224"},"headline":"Affaire Armement : Abass Fall saisit l&rsquo;Assembl\u00e9e Nationale.","datePublished":"2022-10-28T12:31:06+00:00","dateModified":"2022-10-28T12:31:09+00:00","mainEntityOfPage":{"@id":"https:\/\/www.public.sn\/index.php\/2022\/10\/28\/affaire-armement-abass-fall-saisit-lassemblee-nationale\/"},"wordCount":132,"commentCount":1,"publisher":{"@id":"https:\/\/www.public.sn\/#organization"},"image":{"@id":"https:\/\/www.public.sn\/index.php\/2022\/10\/28\/affaire-armement-abass-fall-saisit-lassemblee-nationale\/#primaryimage"},"thumbnailUrl":"https:\/\/www.public.sn\/wp-content\/uploads\/2022\/10\/aa-9.jpg","keywords":["Abass Fall","armement","assemblee nationale"],"articleSection":["ACTUALIT\u00c9S","S\u00c9N\u00c9GAL","SOCIETE"],"inLanguage":"fr-FR","potentialAction":[{"@type":"CommentAction","name":"Comment","target":["https:\/\/www.public.sn\/index.php\/2022\/10\/28\/affaire-armement-abass-fall-saisit-lassemblee-nationale\/#respond"]}]},{"@type":"WebPage","@id":"https:\/\/www.public.sn\/index.php\/2022\/10\/28\/affaire-armement-abass-fall-saisit-lassemblee-nationale\/","url":"https:\/\/www.public.sn\/index.php\/2022\/10\/28\/affaire-armement-abass-fall-saisit-lassemblee-nationale\/","name":"Affaire Armement : Abass Fall saisit l'Assembl\u00e9e Nationale. - LE PUBLIC","isPartOf":{"@id":"https:\/\/www.public.sn\/#website"},"primaryImageOfPage":{"@id":"https:\/\/www.public.sn\/index.php\/2022\/10\/28\/affaire-armement-abass-fall-saisit-lassemblee-nationale\/#primaryimage"},"image":{"@id":"https:\/\/www.public.sn\/index.php\/2022\/10\/28\/affaire-armement-abass-fall-saisit-lassemblee-nationale\/#primaryimage"},"thumbnailUrl":"https:\/\/www.public.sn\/wp-content\/uploads\/2022\/10\/aa-9.jpg","datePublished":"2022-10-28T12:31:06+00:00","dateModified":"2022-10-28T12:31:09+00:00","breadcrumb":{"@id":"https:\/\/www.public.sn\/index.php\/2022\/10\/28\/affaire-armement-abass-fall-saisit-lassemblee-nationale\/#breadcrumb"},"inLanguage":"fr-FR","potentialAction":[{"@type":"ReadAction","target":["https:\/\/www.public.sn\/index.php\/2022\/10\/28\/affaire-armement-abass-fall-saisit-lassemblee-nationale\/"]}]},{"@type":"ImageObject","inLanguage":"fr-FR","@id":"https:\/\/www.public.sn\/index.php\/2022\/10\/28\/affaire-armement-abass-fall-saisit-lassemblee-nationale\/#primaryimage","url":"https:\/\/www.public.sn\/wp-content\/uploads\/2022\/10\/aa-9.jpg","contentUrl":"https:\/\/www.public.sn\/wp-content\/uploads\/2022\/10\/aa-9.jpg","width":674,"height":393,"caption":"publicsn"},{"@type":"BreadcrumbList","@id":"https:\/\/www.public.sn\/index.php\/2022\/10\/28\/affaire-armement-abass-fall-saisit-lassemblee-nationale\/#breadcrumb","itemListElement":[{"@type":"ListItem","position":1,"name":"Accueil","item":"https:\/\/www.public.sn\/"},{"@type":"ListItem","position":2,"name":"Affaire Armement : Abass Fall saisit l&rsquo;Assembl\u00e9e Nationale."}]},{"@type":"WebSite","@id":"https:\/\/www.public.sn\/#website","url":"https:\/\/www.public.sn\/","name":"LE PUBLIC","description":"","publisher":{"@id":"https:\/\/www.public.sn\/#organization"},"potentialAction":[{"@type":"SearchAction","target":{"@type":"EntryPoint","urlTemplate":"https:\/\/www.public.sn\/?s={search_term_string}"},"query-input":{"@type":"PropertyValueSpecification","valueRequired":true,"valueName":"search_term_string"}}],"inLanguage":"fr-FR"},{"@type":"Organization","@id":"https:\/\/www.public.sn\/#organization","name":"LE PUBLIC","url":"https:\/\/www.public.sn\/","logo":{"@type":"ImageObject","inLanguage":"fr-FR","@id":"https:\/\/www.public.sn\/#\/schema\/logo\/image\/","url":"https:\/\/www.public.sn\/wp-content\/uploads\/2024\/05\/cropped-LOGO-PUBLIC.SN_.png","contentUrl":"https:\/\/www.public.sn\/wp-content\/uploads\/2024\/05\/cropped-LOGO-PUBLIC.SN_.png","width":682,"height":192,"caption":"LE PUBLIC"},"image":{"@id":"https:\/\/www.public.sn\/#\/schema\/logo\/image\/"}},{"@type":"Person","@id":"https:\/\/www.public.sn\/#\/schema\/person\/cb76c8e1b8becc6be61fb5e92d6d0224","name":"LA REDACTION","image":{"@type":"ImageObject","inLanguage":"fr-FR","@id":"https:\/\/www.public.sn\/#\/schema\/person\/image\/","url":"https:\/\/secure.gravatar.com\/avatar\/2dce5ddd34b8fef0180efe03aa2a9bee7d953856048f9a16b298190a3178407c?s=96&d=mm&r=g","contentUrl":"https:\/\/secure.gravatar.com\/avatar\/2dce5ddd34b8fef0180efe03aa2a9bee7d953856048f9a16b298190a3178407c?s=96&d=mm&r=g","caption":"LA REDACTION"},"url":"https:\/\/www.public.sn\/index.php\/author\/editeurpsn\/"}]}},"jetpack_featured_media_url":"https:\/\/www.public.sn\/wp-content\/uploads\/2022\/10\/aa-9.jpg","jetpack_sharing_enabled":true,"_links":{"self":[{"href":"https:\/\/www.public.sn\/index.php\/wp-json\/wp\/v2\/posts\/6222","targetHints":{"allow":["GET"]}}],"collection":[{"href":"https:\/\/www.public.sn\/index.php\/wp-json\/wp\/v2\/posts"}],"about":[{"href":"https:\/\/www.public.sn\/index.php\/wp-json\/wp\/v2\/types\/post"}],"author":[{"embeddable":true,"href":"https:\/\/www.public.sn\/index.php\/wp-json\/wp\/v2\/users\/7"}],"replies":[{"embeddable":true,"href":"https:\/\/www.public.sn\/index.php\/wp-json\/wp\/v2\/comments?post=6222"}],"version-history":[{"count":1,"href":"https:\/\/www.public.sn\/index.php\/wp-json\/wp\/v2\/posts\/6222\/revisions"}],"predecessor-version":[{"id":6226,"href":"https:\/\/www.public.sn\/index.php\/wp-json\/wp\/v2\/posts\/6222\/revisions\/6226"}],"wp:featuredmedia":[{"embeddable":true,"href":"https:\/\/www.public.sn\/index.php\/wp-json\/wp\/v2\/media\/6225"}],"wp:attachment":[{"href":"https:\/\/www.public.sn\/index.php\/wp-json\/wp\/v2\/media?parent=6222"}],"wp:term":[{"taxonomy":"category","embeddable":true,"href":"https:\/\/www.public.sn\/index.php\/wp-json\/wp\/v2\/categories?post=6222"},{"taxonomy":"post_tag","embeddable":true,"href":"https:\/\/www.public.sn\/index.php\/wp-json\/wp\/v2\/tags?post=6222"}],"curies":[{"name":"wp","href":"https:\/\/api.w.org\/{rel}","templated":true}]}}