{"id":6232,"date":"2022-10-28T13:16:37","date_gmt":"2022-10-28T13:16:37","guid":{"rendered":"https:\/\/www.public.sn\/?p=6232"},"modified":"2022-10-28T13:16:41","modified_gmt":"2022-10-28T13:16:41","slug":"plan-jaaxay-grand-rassemblement-ce-dimanche","status":"publish","type":"post","link":"https:\/\/www.public.sn\/index.php\/2022\/10\/28\/plan-jaaxay-grand-rassemblement-ce-dimanche\/","title":{"rendered":"Plan Jaaxay\u00a0: Grand Rassemblement ce Dimanche."},"content":{"rendered":"\n<p><\/p>\n\n\n\n<p>Les ayant droit du Plan Jaaxay disent avoir constat\u00e9 que leurs maisons ont \u00e9t\u00e9 habit\u00e9es par des personnes qui n\u2019y ont pas droit sur RFM. Ils disent en avoir assez de ces lenteurs des autorit\u00e9s qui ne semblent nullement se pr\u00e9occuper de leur sort. <\/p><div class=\"publi-paragraphe1\" style=\"margin-top: 10px;margin-bottom: 10px;margin-left: auto;margin-right: auto;text-align: center;\" id=\"publi-345124453\"><div class=\"publi-adlabel\">Publicit\u00e9<\/div><script async src=\"\/\/pagead2.googlesyndication.com\/pagead\/js\/adsbygoogle.js?client=ca-pub-4089586018074219\" crossorigin=\"anonymous\"><\/script><ins class=\"adsbygoogle\" style=\"display:block;\" data-ad-client=\"ca-pub-4089586018074219\" \ndata-ad-slot=\"2087940154\" \ndata-ad-format=\"auto\"><\/ins>\n<script> \n(adsbygoogle = window.adsbygoogle || []).push({}); \n<\/script>\n<\/div>\n\n\n\n<p><\/p>\n\n\n\n<p>Leur porte parole, Serigne Thiaw interpelle le pr\u00e9sident de la R\u00e9publique sur cette affaire qui est une bombe \u00e0 retardement. Ils rappellent qu\u2019ils ont \u00e9t\u00e9 d\u00e9guerpis en 2005 dans le cadre de la lutte contre les inondations \u00e0 Pikine et Gu\u00e9diawaye.<\/p>\n\n\n\n<p><\/p>\n\n\n\n<p> Ces habitants de Jaaxay comptent organiser un grand rassemblement ce Dimanche 30 Octobre \u00e0 Pikine. Plus de 500 maisons avait \u00e9t\u00e9 d\u00e9truites en 2005 et les occupants devaient \u00eatre recas\u00e9s au plan Jaaxay mais l\u2019op\u00e9ration tarde toujours.<\/p>\n\n\n\n<p>Samba SY.<\/p>\n<div class=\"publi-apres-le-contenu\" style=\"margin-top: 10px;margin-bottom: 10px;margin-left: auto;margin-right: auto;text-align: center;\" id=\"publi-1668037266\"><div class=\"publi-adlabel\">Publicit\u00e9<\/div><script async src=\"\/\/pagead2.googlesyndication.com\/pagead\/js\/adsbygoogle.js?client=ca-pub-4089586018074219\" crossorigin=\"anonymous\"><\/script><ins class=\"adsbygoogle\" style=\"display:block;\" data-ad-client=\"ca-pub-4089586018074219\" \ndata-ad-slot=\"2087940154\" \ndata-ad-format=\"auto\"><\/ins>\n<script> \n(adsbygoogle = window.adsbygoogle || []).push({}); \n<\/script>\n<\/div>","protected":false},"excerpt":{"rendered":"<p>Les ayant droit du Plan Jaaxay disent avoir constat\u00e9 que leurs maisons ont \u00e9t\u00e9 habit\u00e9es par des personnes qui n\u2019y ont pas droit sur RFM. Ils disent en avoir assez de ces lenteurs des autorit\u00e9s qui ne semblent nullement se pr\u00e9occuper de leur sort. Leur porte parole, Serigne Thiaw interpelle le pr\u00e9sident de la R\u00e9publique sur cette affaire qui est une bombe \u00e0 retardement. Ils rappellent qu\u2019ils ont \u00e9t\u00e9 d\u00e9guerpis en 2005 dans le cadre de la lutte contre les inondations \u00e0 Pikine et Gu\u00e9diawaye. Ces habitants de Jaaxay comptent organiser un grand rassemblement ce Dimanche 30 Octobre \u00e0 Pikine. Plus de 500 maisons avait \u00e9t\u00e9 d\u00e9truites en 2005 et les occupants devaient \u00eatre recas\u00e9s au plan Jaaxay mais l\u2019op\u00e9ration tarde toujours. Samba SY.<\/p>\n","protected":false},"author":7,"featured_media":6233,"comment_status":"open","ping_status":"open","sticky":false,"template":"","format":"standard","meta":{"_jetpack_memberships_contains_paid_content":false,"footnotes":""},"categories":[375,1,4],"tags":[1422,2166,2167],"class_list":["post-6232","post","type-post","status-publish","format-standard","has-post-thumbnail","hentry","category-actualites","category-non-classe","category-societe","tag-collectif","tag-plan-jaaxay","tag-rassemblement","entry","has-media","owp-thumbs-layout-horizontal","owp-btn-normal","owp-tabs-layout-horizontal","has-no-thumbnails","has-product-nav"],"yoast_head":"<!-- This site is optimized with the Yoast SEO plugin v25.5 - https:\/\/yoast.com\/wordpress\/plugins\/seo\/ -->\n<title>Plan Jaaxay\u00a0: Grand Rassemblement ce Dimanche. - LE PUBLIC<\/title>\n<meta name=\"robots\" content=\"index, follow, max-snippet:-1, max-image-preview:large, max-video-preview:-1\" \/>\n<link rel=\"canonical\" href=\"https:\/\/www.public.sn\/index.php\/2022\/10\/28\/plan-jaaxay-grand-rassemblement-ce-dimanche\/\" \/>\n<meta property=\"og:locale\" content=\"fr_FR\" \/>\n<meta property=\"og:type\" content=\"article\" \/>\n<meta property=\"og:title\" content=\"Plan Jaaxay\u00a0: Grand Rassemblement ce Dimanche. - LE PUBLIC\" \/>\n<meta property=\"og:description\" content=\"Les ayant droit du Plan Jaaxay disent avoir constat\u00e9 que leurs maisons ont \u00e9t\u00e9 habit\u00e9es par des personnes qui n\u2019y ont pas droit sur RFM. Ils disent en avoir assez de ces lenteurs des autorit\u00e9s qui ne semblent nullement se pr\u00e9occuper de leur sort. Leur porte parole, Serigne Thiaw interpelle le pr\u00e9sident de la R\u00e9publique sur cette affaire qui est une bombe \u00e0 retardement. Ils rappellent qu\u2019ils ont \u00e9t\u00e9 d\u00e9guerpis en 2005 dans le cadre de la lutte contre les inondations \u00e0 Pikine et Gu\u00e9diawaye. Ces habitants de Jaaxay comptent organiser un grand rassemblement ce Dimanche 30 Octobre \u00e0 Pikine. Plus de 500 maisons avait \u00e9t\u00e9 d\u00e9truites en 2005 et les occupants devaient \u00eatre recas\u00e9s au plan Jaaxay mais l\u2019op\u00e9ration tarde toujours. Samba SY.\" \/>\n<meta property=\"og:url\" content=\"https:\/\/www.public.sn\/index.php\/2022\/10\/28\/plan-jaaxay-grand-rassemblement-ce-dimanche\/\" \/>\n<meta property=\"og:site_name\" content=\"LE PUBLIC\" \/>\n<meta property=\"article:published_time\" content=\"2022-10-28T13:16:37+00:00\" \/>\n<meta property=\"article:modified_time\" content=\"2022-10-28T13:16:41+00:00\" \/>\n<meta property=\"og:image\" content=\"https:\/\/www.public.sn\/wp-content\/uploads\/2022\/10\/Jaxaay.webp\" \/>\n\t<meta property=\"og:image:width\" content=\"640\" \/>\n\t<meta property=\"og:image:height\" content=\"356\" \/>\n\t<meta property=\"og:image:type\" content=\"image\/webp\" \/>\n<meta name=\"author\" content=\"LA REDACTION\" \/>\n<meta name=\"twitter:card\" content=\"summary_large_image\" \/>\n<meta name=\"twitter:label1\" content=\"\u00c9crit par\" \/>\n\t<meta name=\"twitter:data1\" content=\"LA REDACTION\" \/>\n\t<meta name=\"twitter:label2\" content=\"Dur\u00e9e de lecture estim\u00e9e\" \/>\n\t<meta name=\"twitter:data2\" content=\"1 minute\" \/>\n<script type=\"application\/ld+json\" class=\"yoast-schema-graph\">{\"@context\":\"https:\/\/schema.org\",\"@graph\":[{\"@type\":\"Article\",\"@id\":\"https:\/\/www.public.sn\/index.php\/2022\/10\/28\/plan-jaaxay-grand-rassemblement-ce-dimanche\/#article\",\"isPartOf\":{\"@id\":\"https:\/\/www.public.sn\/index.php\/2022\/10\/28\/plan-jaaxay-grand-rassemblement-ce-dimanche\/\"},\"author\":{\"name\":\"LA REDACTION\",\"@id\":\"https:\/\/www.public.sn\/#\/schema\/person\/cb76c8e1b8becc6be61fb5e92d6d0224\"},\"headline\":\"Plan Jaaxay\u00a0: Grand Rassemblement ce Dimanche.\",\"datePublished\":\"2022-10-28T13:16:37+00:00\",\"dateModified\":\"2022-10-28T13:16:41+00:00\",\"mainEntityOfPage\":{\"@id\":\"https:\/\/www.public.sn\/index.php\/2022\/10\/28\/plan-jaaxay-grand-rassemblement-ce-dimanche\/\"},\"wordCount\":136,\"commentCount\":0,\"publisher\":{\"@id\":\"https:\/\/www.public.sn\/#organization\"},\"image\":{\"@id\":\"https:\/\/www.public.sn\/index.php\/2022\/10\/28\/plan-jaaxay-grand-rassemblement-ce-dimanche\/#primaryimage\"},\"thumbnailUrl\":\"https:\/\/www.public.sn\/wp-content\/uploads\/2022\/10\/Jaxaay.webp\",\"keywords\":[\"collectif\",\"plan jaaxay\",\"rassemblement\"],\"articleSection\":[\"ACTUALIT\u00c9S\",\"S\u00c9N\u00c9GAL\",\"SOCIETE\"],\"inLanguage\":\"fr-FR\",\"potentialAction\":[{\"@type\":\"CommentAction\",\"name\":\"Comment\",\"target\":[\"https:\/\/www.public.sn\/index.php\/2022\/10\/28\/plan-jaaxay-grand-rassemblement-ce-dimanche\/#respond\"]}]},{\"@type\":\"WebPage\",\"@id\":\"https:\/\/www.public.sn\/index.php\/2022\/10\/28\/plan-jaaxay-grand-rassemblement-ce-dimanche\/\",\"url\":\"https:\/\/www.public.sn\/index.php\/2022\/10\/28\/plan-jaaxay-grand-rassemblement-ce-dimanche\/\",\"name\":\"Plan Jaaxay\u00a0: Grand Rassemblement ce Dimanche. - LE PUBLIC\",\"isPartOf\":{\"@id\":\"https:\/\/www.public.sn\/#website\"},\"primaryImageOfPage\":{\"@id\":\"https:\/\/www.public.sn\/index.php\/2022\/10\/28\/plan-jaaxay-grand-rassemblement-ce-dimanche\/#primaryimage\"},\"image\":{\"@id\":\"https:\/\/www.public.sn\/index.php\/2022\/10\/28\/plan-jaaxay-grand-rassemblement-ce-dimanche\/#primaryimage\"},\"thumbnailUrl\":\"https:\/\/www.public.sn\/wp-content\/uploads\/2022\/10\/Jaxaay.webp\",\"datePublished\":\"2022-10-28T13:16:37+00:00\",\"dateModified\":\"2022-10-28T13:16:41+00:00\",\"breadcrumb\":{\"@id\":\"https:\/\/www.public.sn\/index.php\/2022\/10\/28\/plan-jaaxay-grand-rassemblement-ce-dimanche\/#breadcrumb\"},\"inLanguage\":\"fr-FR\",\"potentialAction\":[{\"@type\":\"ReadAction\",\"target\":[\"https:\/\/www.public.sn\/index.php\/2022\/10\/28\/plan-jaaxay-grand-rassemblement-ce-dimanche\/\"]}]},{\"@type\":\"ImageObject\",\"inLanguage\":\"fr-FR\",\"@id\":\"https:\/\/www.public.sn\/index.php\/2022\/10\/28\/plan-jaaxay-grand-rassemblement-ce-dimanche\/#primaryimage\",\"url\":\"https:\/\/www.public.sn\/wp-content\/uploads\/2022\/10\/Jaxaay.webp\",\"contentUrl\":\"https:\/\/www.public.sn\/wp-content\/uploads\/2022\/10\/Jaxaay.webp\",\"width\":640,\"height\":356,\"caption\":\"publicsn\"},{\"@type\":\"BreadcrumbList\",\"@id\":\"https:\/\/www.public.sn\/index.php\/2022\/10\/28\/plan-jaaxay-grand-rassemblement-ce-dimanche\/#breadcrumb\",\"itemListElement\":[{\"@type\":\"ListItem\",\"position\":1,\"name\":\"Accueil\",\"item\":\"https:\/\/www.public.sn\/\"},{\"@type\":\"ListItem\",\"position\":2,\"name\":\"Plan Jaaxay\u00a0: Grand Rassemblement ce Dimanche.\"}]},{\"@type\":\"WebSite\",\"@id\":\"https:\/\/www.public.sn\/#website\",\"url\":\"https:\/\/www.public.sn\/\",\"name\":\"LE PUBLIC\",\"description\":\"\",\"publisher\":{\"@id\":\"https:\/\/www.public.sn\/#organization\"},\"potentialAction\":[{\"@type\":\"SearchAction\",\"target\":{\"@type\":\"EntryPoint\",\"urlTemplate\":\"https:\/\/www.public.sn\/?s={search_term_string}\"},\"query-input\":{\"@type\":\"PropertyValueSpecification\",\"valueRequired\":true,\"valueName\":\"search_term_string\"}}],\"inLanguage\":\"fr-FR\"},{\"@type\":\"Organization\",\"@id\":\"https:\/\/www.public.sn\/#organization\",\"name\":\"LE PUBLIC\",\"url\":\"https:\/\/www.public.sn\/\",\"logo\":{\"@type\":\"ImageObject\",\"inLanguage\":\"fr-FR\",\"@id\":\"https:\/\/www.public.sn\/#\/schema\/logo\/image\/\",\"url\":\"https:\/\/www.public.sn\/wp-content\/uploads\/2024\/05\/cropped-LOGO-PUBLIC.SN_.png\",\"contentUrl\":\"https:\/\/www.public.sn\/wp-content\/uploads\/2024\/05\/cropped-LOGO-PUBLIC.SN_.png\",\"width\":682,\"height\":192,\"caption\":\"LE PUBLIC\"},\"image\":{\"@id\":\"https:\/\/www.public.sn\/#\/schema\/logo\/image\/\"}},{\"@type\":\"Person\",\"@id\":\"https:\/\/www.public.sn\/#\/schema\/person\/cb76c8e1b8becc6be61fb5e92d6d0224\",\"name\":\"LA REDACTION\",\"image\":{\"@type\":\"ImageObject\",\"inLanguage\":\"fr-FR\",\"@id\":\"https:\/\/www.public.sn\/#\/schema\/person\/image\/\",\"url\":\"https:\/\/secure.gravatar.com\/avatar\/2dce5ddd34b8fef0180efe03aa2a9bee7d953856048f9a16b298190a3178407c?s=96&d=mm&r=g\",\"contentUrl\":\"https:\/\/secure.gravatar.com\/avatar\/2dce5ddd34b8fef0180efe03aa2a9bee7d953856048f9a16b298190a3178407c?s=96&d=mm&r=g\",\"caption\":\"LA REDACTION\"},\"url\":\"https:\/\/www.public.sn\/index.php\/author\/editeurpsn\/\"}]}<\/script>\n<!-- \/ Yoast SEO plugin. -->","yoast_head_json":{"title":"Plan Jaaxay\u00a0: Grand Rassemblement ce Dimanche. - LE PUBLIC","robots":{"index":"index","follow":"follow","max-snippet":"max-snippet:-1","max-image-preview":"max-image-preview:large","max-video-preview":"max-video-preview:-1"},"canonical":"https:\/\/www.public.sn\/index.php\/2022\/10\/28\/plan-jaaxay-grand-rassemblement-ce-dimanche\/","og_locale":"fr_FR","og_type":"article","og_title":"Plan Jaaxay\u00a0: Grand Rassemblement ce Dimanche. - LE PUBLIC","og_description":"Les ayant droit du Plan Jaaxay disent avoir constat\u00e9 que leurs maisons ont \u00e9t\u00e9 habit\u00e9es par des personnes qui n\u2019y ont pas droit sur RFM. Ils disent en avoir assez de ces lenteurs des autorit\u00e9s qui ne semblent nullement se pr\u00e9occuper de leur sort. Leur porte parole, Serigne Thiaw interpelle le pr\u00e9sident de la R\u00e9publique sur cette affaire qui est une bombe \u00e0 retardement. Ils rappellent qu\u2019ils ont \u00e9t\u00e9 d\u00e9guerpis en 2005 dans le cadre de la lutte contre les inondations \u00e0 Pikine et Gu\u00e9diawaye. Ces habitants de Jaaxay comptent organiser un grand rassemblement ce Dimanche 30 Octobre \u00e0 Pikine. Plus de 500 maisons avait \u00e9t\u00e9 d\u00e9truites en 2005 et les occupants devaient \u00eatre recas\u00e9s au plan Jaaxay mais l\u2019op\u00e9ration tarde toujours. Samba SY.","og_url":"https:\/\/www.public.sn\/index.php\/2022\/10\/28\/plan-jaaxay-grand-rassemblement-ce-dimanche\/","og_site_name":"LE PUBLIC","article_published_time":"2022-10-28T13:16:37+00:00","article_modified_time":"2022-10-28T13:16:41+00:00","og_image":[{"width":640,"height":356,"url":"https:\/\/www.public.sn\/wp-content\/uploads\/2022\/10\/Jaxaay.webp","type":"image\/webp"}],"author":"LA REDACTION","twitter_card":"summary_large_image","twitter_misc":{"\u00c9crit par":"LA REDACTION","Dur\u00e9e de lecture estim\u00e9e":"1 minute"},"schema":{"@context":"https:\/\/schema.org","@graph":[{"@type":"Article","@id":"https:\/\/www.public.sn\/index.php\/2022\/10\/28\/plan-jaaxay-grand-rassemblement-ce-dimanche\/#article","isPartOf":{"@id":"https:\/\/www.public.sn\/index.php\/2022\/10\/28\/plan-jaaxay-grand-rassemblement-ce-dimanche\/"},"author":{"name":"LA REDACTION","@id":"https:\/\/www.public.sn\/#\/schema\/person\/cb76c8e1b8becc6be61fb5e92d6d0224"},"headline":"Plan Jaaxay\u00a0: Grand Rassemblement ce Dimanche.","datePublished":"2022-10-28T13:16:37+00:00","dateModified":"2022-10-28T13:16:41+00:00","mainEntityOfPage":{"@id":"https:\/\/www.public.sn\/index.php\/2022\/10\/28\/plan-jaaxay-grand-rassemblement-ce-dimanche\/"},"wordCount":136,"commentCount":0,"publisher":{"@id":"https:\/\/www.public.sn\/#organization"},"image":{"@id":"https:\/\/www.public.sn\/index.php\/2022\/10\/28\/plan-jaaxay-grand-rassemblement-ce-dimanche\/#primaryimage"},"thumbnailUrl":"https:\/\/www.public.sn\/wp-content\/uploads\/2022\/10\/Jaxaay.webp","keywords":["collectif","plan jaaxay","rassemblement"],"articleSection":["ACTUALIT\u00c9S","S\u00c9N\u00c9GAL","SOCIETE"],"inLanguage":"fr-FR","potentialAction":[{"@type":"CommentAction","name":"Comment","target":["https:\/\/www.public.sn\/index.php\/2022\/10\/28\/plan-jaaxay-grand-rassemblement-ce-dimanche\/#respond"]}]},{"@type":"WebPage","@id":"https:\/\/www.public.sn\/index.php\/2022\/10\/28\/plan-jaaxay-grand-rassemblement-ce-dimanche\/","url":"https:\/\/www.public.sn\/index.php\/2022\/10\/28\/plan-jaaxay-grand-rassemblement-ce-dimanche\/","name":"Plan Jaaxay\u00a0: Grand Rassemblement ce Dimanche. - LE PUBLIC","isPartOf":{"@id":"https:\/\/www.public.sn\/#website"},"primaryImageOfPage":{"@id":"https:\/\/www.public.sn\/index.php\/2022\/10\/28\/plan-jaaxay-grand-rassemblement-ce-dimanche\/#primaryimage"},"image":{"@id":"https:\/\/www.public.sn\/index.php\/2022\/10\/28\/plan-jaaxay-grand-rassemblement-ce-dimanche\/#primaryimage"},"thumbnailUrl":"https:\/\/www.public.sn\/wp-content\/uploads\/2022\/10\/Jaxaay.webp","datePublished":"2022-10-28T13:16:37+00:00","dateModified":"2022-10-28T13:16:41+00:00","breadcrumb":{"@id":"https:\/\/www.public.sn\/index.php\/2022\/10\/28\/plan-jaaxay-grand-rassemblement-ce-dimanche\/#breadcrumb"},"inLanguage":"fr-FR","potentialAction":[{"@type":"ReadAction","target":["https:\/\/www.public.sn\/index.php\/2022\/10\/28\/plan-jaaxay-grand-rassemblement-ce-dimanche\/"]}]},{"@type":"ImageObject","inLanguage":"fr-FR","@id":"https:\/\/www.public.sn\/index.php\/2022\/10\/28\/plan-jaaxay-grand-rassemblement-ce-dimanche\/#primaryimage","url":"https:\/\/www.public.sn\/wp-content\/uploads\/2022\/10\/Jaxaay.webp","contentUrl":"https:\/\/www.public.sn\/wp-content\/uploads\/2022\/10\/Jaxaay.webp","width":640,"height":356,"caption":"publicsn"},{"@type":"BreadcrumbList","@id":"https:\/\/www.public.sn\/index.php\/2022\/10\/28\/plan-jaaxay-grand-rassemblement-ce-dimanche\/#breadcrumb","itemListElement":[{"@type":"ListItem","position":1,"name":"Accueil","item":"https:\/\/www.public.sn\/"},{"@type":"ListItem","position":2,"name":"Plan Jaaxay\u00a0: Grand Rassemblement ce Dimanche."}]},{"@type":"WebSite","@id":"https:\/\/www.public.sn\/#website","url":"https:\/\/www.public.sn\/","name":"LE PUBLIC","description":"","publisher":{"@id":"https:\/\/www.public.sn\/#organization"},"potentialAction":[{"@type":"SearchAction","target":{"@type":"EntryPoint","urlTemplate":"https:\/\/www.public.sn\/?s={search_term_string}"},"query-input":{"@type":"PropertyValueSpecification","valueRequired":true,"valueName":"search_term_string"}}],"inLanguage":"fr-FR"},{"@type":"Organization","@id":"https:\/\/www.public.sn\/#organization","name":"LE PUBLIC","url":"https:\/\/www.public.sn\/","logo":{"@type":"ImageObject","inLanguage":"fr-FR","@id":"https:\/\/www.public.sn\/#\/schema\/logo\/image\/","url":"https:\/\/www.public.sn\/wp-content\/uploads\/2024\/05\/cropped-LOGO-PUBLIC.SN_.png","contentUrl":"https:\/\/www.public.sn\/wp-content\/uploads\/2024\/05\/cropped-LOGO-PUBLIC.SN_.png","width":682,"height":192,"caption":"LE PUBLIC"},"image":{"@id":"https:\/\/www.public.sn\/#\/schema\/logo\/image\/"}},{"@type":"Person","@id":"https:\/\/www.public.sn\/#\/schema\/person\/cb76c8e1b8becc6be61fb5e92d6d0224","name":"LA REDACTION","image":{"@type":"ImageObject","inLanguage":"fr-FR","@id":"https:\/\/www.public.sn\/#\/schema\/person\/image\/","url":"https:\/\/secure.gravatar.com\/avatar\/2dce5ddd34b8fef0180efe03aa2a9bee7d953856048f9a16b298190a3178407c?s=96&d=mm&r=g","contentUrl":"https:\/\/secure.gravatar.com\/avatar\/2dce5ddd34b8fef0180efe03aa2a9bee7d953856048f9a16b298190a3178407c?s=96&d=mm&r=g","caption":"LA REDACTION"},"url":"https:\/\/www.public.sn\/index.php\/author\/editeurpsn\/"}]}},"jetpack_featured_media_url":"https:\/\/www.public.sn\/wp-content\/uploads\/2022\/10\/Jaxaay.webp","jetpack_sharing_enabled":true,"_links":{"self":[{"href":"https:\/\/www.public.sn\/index.php\/wp-json\/wp\/v2\/posts\/6232","targetHints":{"allow":["GET"]}}],"collection":[{"href":"https:\/\/www.public.sn\/index.php\/wp-json\/wp\/v2\/posts"}],"about":[{"href":"https:\/\/www.public.sn\/index.php\/wp-json\/wp\/v2\/types\/post"}],"author":[{"embeddable":true,"href":"https:\/\/www.public.sn\/index.php\/wp-json\/wp\/v2\/users\/7"}],"replies":[{"embeddable":true,"href":"https:\/\/www.public.sn\/index.php\/wp-json\/wp\/v2\/comments?post=6232"}],"version-history":[{"count":1,"href":"https:\/\/www.public.sn\/index.php\/wp-json\/wp\/v2\/posts\/6232\/revisions"}],"predecessor-version":[{"id":6234,"href":"https:\/\/www.public.sn\/index.php\/wp-json\/wp\/v2\/posts\/6232\/revisions\/6234"}],"wp:featuredmedia":[{"embeddable":true,"href":"https:\/\/www.public.sn\/index.php\/wp-json\/wp\/v2\/media\/6233"}],"wp:attachment":[{"href":"https:\/\/www.public.sn\/index.php\/wp-json\/wp\/v2\/media?parent=6232"}],"wp:term":[{"taxonomy":"category","embeddable":true,"href":"https:\/\/www.public.sn\/index.php\/wp-json\/wp\/v2\/categories?post=6232"},{"taxonomy":"post_tag","embeddable":true,"href":"https:\/\/www.public.sn\/index.php\/wp-json\/wp\/v2\/tags?post=6232"}],"curies":[{"name":"wp","href":"https:\/\/api.w.org\/{rel}","templated":true}]}}