{"id":6301,"date":"2022-10-29T10:58:46","date_gmt":"2022-10-29T10:58:46","guid":{"rendered":"https:\/\/www.public.sn\/?p=6301"},"modified":"2022-10-29T10:58:49","modified_gmt":"2022-10-29T10:58:49","slug":"6301","status":"publish","type":"post","link":"https:\/\/www.public.sn\/index.php\/2022\/10\/29\/6301\/","title":{"rendered":""},"content":{"rendered":"\n<p><strong>Inauguration Impact Safa Group\u00a0: Le discours Macky Sall envers Youssou Ndour.<\/strong><\/p><div class=\"publi-paragraphe1\" style=\"margin-top: 10px;margin-bottom: 10px;margin-left: auto;margin-right: auto;text-align: center;\" id=\"publi-2705090369\"><div class=\"publi-adlabel\">Publicit\u00e9<\/div><script async src=\"\/\/pagead2.googlesyndication.com\/pagead\/js\/adsbygoogle.js?client=ca-pub-4089586018074219\" crossorigin=\"anonymous\"><\/script><ins class=\"adsbygoogle\" style=\"display:block;\" data-ad-client=\"ca-pub-4089586018074219\" \ndata-ad-slot=\"2087940154\" \ndata-ad-format=\"auto\"><\/ins>\n<script> \n(adsbygoogle = window.adsbygoogle || []).push({}); \n<\/script>\n<\/div>\n\n\n\n<p>L\u2019unit\u00e9 industrielle d\u2019impression et de Packating \u00ab&nbsp;IMPACT SAFA GROUP&nbsp;\u00bb lanc\u00e9 par le leader du super \u00e9toile Youssou Ndour a \u00e9t\u00e9 inaugur\u00e9 ce vendredi en pr\u00e9sence du Chef de l\u2019Etat. Cette soci\u00e9t\u00e9&nbsp; est sp\u00e9cialis\u00e9e dans l\u2019impression et le packating est consid\u00e9r\u00e9e comme une r\u00e9f\u00e9rence au niveau sous r\u00e9gional.<\/p>\n\n\n\n<p>Avec une capacit\u00e9 de 40.000feuilles par heure et elle dispose d\u2019une technologie de derni\u00e8res g\u00e9n\u00e9rations. Cette soci\u00e9t\u00e9 est aussi une r\u00e9ponse \u00e0 la probl\u00e9matique du ch\u00f4mage qui va permettre aux &nbsp;jeunes de travailler.<\/p>\n\n\n\n<p>Proc\u00e9dant \u00e0 l\u2019inauguration de ce bijou d\u2019un cout de 12milliards FCFA ,le Pr\u00e9sident n\u2019a pas tari d\u2019\u00e9loges \u00e0 l endroit de cette soci\u00e9t\u00e9 industrielle&nbsp;.Selon lui, l\u2019 entreprise positionne le S\u00e9n\u00e9gal en champion sous r\u00e9gional&nbsp;:&nbsp;\u00ab&nbsp;je me r\u00e9jouis&nbsp; de l\u2019 envergure de cette unit\u00e9 industrielle construite sur une superficie d\u2019environ 3000metres&nbsp; \u00e9quip\u00e9 par des mat\u00e9riels de derni\u00e8res g\u00e9n\u00e9rations .Avec un parc d\u2019une trentaine de machines , votre groupe est dot\u00e9 d\u2019une capacit\u00e9 de tirage qui le positionne en leader au premier plan national et sous r\u00e9gional .Voila c\u2019est pourquoi vous m\u00e9ritez&nbsp; d\u2019\u00eatre soutenu par le gouvernement , par l\u2019administration&nbsp; mais aussi par les entreprises an tant que entreprise qui aspire a devenir un champion africain surtout dans le cadre de la zone de libre \u00e9change continentale.<\/p>\n\n\n\n<p>Le groupe contribue \u00e0 renforcer la place du S\u00e9n\u00e9gal dans le domaine des hautes technologies en mati\u00e8re d\u2019emballages et \u00e0 r\u00e9duire l\u2019importation de ces derni\u00e8res&nbsp; ainsi que d\u2019autres accessoires&nbsp;\u00bb,a d\u00e9clar\u00e9 le Pr\u00e9sident Macky Sall.<\/p>\n\n\n\n<p>Pour finir le chef de l\u2019Etat a \u00e9galement vent\u00e9 le promoteur du projet Youssou Ndour,&nbsp;\u00ab&nbsp;je te renouvelle mes chaleureuses f\u00e9licitations et t\u2019encourage \u00e0 aller de l\u2019avant .Ne r\u00e9ponds a aucune calomnie, connaissant ton dynamisme actif, je suis que tu ne t\u2019ar\u00eates pas en si bon chemin, a lanc\u00e9 le chef de l\u2019Etat \u00e0 l\u2019endroit du patron du groupe futur media(GFM).<\/p>\n\n\n\n<p>Ma\u00efmouna Niang.<\/p>\n<div class=\"publi-apres-le-contenu\" style=\"margin-top: 10px;margin-bottom: 10px;margin-left: auto;margin-right: auto;text-align: center;\" id=\"publi-1401500539\"><div class=\"publi-adlabel\">Publicit\u00e9<\/div><script async src=\"\/\/pagead2.googlesyndication.com\/pagead\/js\/adsbygoogle.js?client=ca-pub-4089586018074219\" crossorigin=\"anonymous\"><\/script><ins class=\"adsbygoogle\" style=\"display:block;\" data-ad-client=\"ca-pub-4089586018074219\" \ndata-ad-slot=\"2087940154\" \ndata-ad-format=\"auto\"><\/ins>\n<script> \n(adsbygoogle = window.adsbygoogle || []).push({}); \n<\/script>\n<\/div>","protected":false},"excerpt":{"rendered":"<p>Inauguration Impact Safa Group\u00a0: Le discours Macky Sall envers Youssou Ndour. L\u2019unit\u00e9 industrielle d\u2019impression et de Packating \u00ab&nbsp;IMPACT SAFA GROUP&nbsp;\u00bb lanc\u00e9 par le leader du super \u00e9toile Youssou Ndour a \u00e9t\u00e9 inaugur\u00e9 ce vendredi en pr\u00e9sence du Chef de l\u2019Etat. Cette soci\u00e9t\u00e9&nbsp; est sp\u00e9cialis\u00e9e dans l\u2019impression et le packating est consid\u00e9r\u00e9e comme une r\u00e9f\u00e9rence au niveau sous r\u00e9gional. Avec une capacit\u00e9 de 40.000feuilles par heure et elle dispose d\u2019une technologie de derni\u00e8res g\u00e9n\u00e9rations. Cette soci\u00e9t\u00e9 est aussi une r\u00e9ponse \u00e0 la probl\u00e9matique du ch\u00f4mage qui va permettre aux &nbsp;jeunes de travailler. Proc\u00e9dant \u00e0 l\u2019inauguration de ce bijou d\u2019un cout de 12milliards FCFA ,le Pr\u00e9sident n\u2019a pas tari d\u2019\u00e9loges \u00e0 l endroit de cette soci\u00e9t\u00e9 industrielle&nbsp;.Selon lui, l\u2019 entreprise positionne le S\u00e9n\u00e9gal en champion sous r\u00e9gional&nbsp;:&nbsp;\u00ab&nbsp;je me r\u00e9jouis&nbsp; de l\u2019 envergure de cette unit\u00e9 industrielle construite sur une superficie d\u2019environ 3000metres&nbsp; \u00e9quip\u00e9 par des mat\u00e9riels de derni\u00e8res g\u00e9n\u00e9rations .Avec un parc d\u2019une trentaine de machines , votre groupe est dot\u00e9 d\u2019une capacit\u00e9 de tirage qui le positionne en leader au premier plan national et sous r\u00e9gional .Voila c\u2019est pourquoi vous m\u00e9ritez&nbsp; d\u2019\u00eatre soutenu par le gouvernement , par l\u2019administration&nbsp; mais aussi par les entreprises an tant que entreprise qui aspire a devenir un champion africain surtout dans le cadre de la zone de libre \u00e9change continentale. Le groupe contribue \u00e0 renforcer la place du S\u00e9n\u00e9gal dans le domaine des hautes technologies en mati\u00e8re d\u2019emballages et \u00e0 r\u00e9duire l\u2019importation de ces derni\u00e8res&nbsp; ainsi que d\u2019autres accessoires&nbsp;\u00bb,a d\u00e9clar\u00e9 le Pr\u00e9sident Macky Sall. Pour finir le chef de l\u2019Etat a \u00e9galement vent\u00e9 le promoteur du projet Youssou Ndour,&nbsp;\u00ab&nbsp;je te renouvelle mes chaleureuses f\u00e9licitations et t\u2019encourage \u00e0 aller de l\u2019avant .Ne r\u00e9ponds a aucune calomnie, connaissant ton dynamisme actif, je suis que tu ne t\u2019ar\u00eates pas en si bon chemin, a lanc\u00e9 le chef de l\u2019Etat \u00e0 l\u2019endroit du patron du groupe futur media(GFM). Ma\u00efmouna Niang.<\/p>\n","protected":false},"author":7,"featured_media":6316,"comment_status":"open","ping_status":"open","sticky":false,"template":"","format":"standard","meta":{"_jetpack_memberships_contains_paid_content":false,"footnotes":""},"categories":[375,1,4],"tags":[2203,11,509],"class_list":["post-6301","post","type-post","status-publish","format-standard","has-post-thumbnail","hentry","category-actualites","category-non-classe","category-societe","tag-inauguration","tag-macky-sall","tag-youssou-ndour","entry","has-media","owp-thumbs-layout-horizontal","owp-btn-normal","owp-tabs-layout-horizontal","has-no-thumbnails","has-product-nav"],"yoast_head":"<!-- This site is optimized with the Yoast SEO plugin v25.5 - https:\/\/yoast.com\/wordpress\/plugins\/seo\/ -->\n<title>- LE PUBLIC<\/title>\n<meta name=\"robots\" content=\"index, follow, max-snippet:-1, max-image-preview:large, max-video-preview:-1\" \/>\n<link rel=\"canonical\" href=\"https:\/\/www.public.sn\/index.php\/2022\/10\/29\/6301\/\" \/>\n<meta property=\"og:locale\" content=\"fr_FR\" \/>\n<meta property=\"og:type\" content=\"article\" \/>\n<meta property=\"og:title\" content=\"- LE PUBLIC\" \/>\n<meta property=\"og:description\" content=\"Inauguration Impact Safa Group\u00a0: Le discours Macky Sall envers Youssou Ndour. L\u2019unit\u00e9 industrielle d\u2019impression et de Packating \u00ab&nbsp;IMPACT SAFA GROUP&nbsp;\u00bb lanc\u00e9 par le leader du super \u00e9toile Youssou Ndour a \u00e9t\u00e9 inaugur\u00e9 ce vendredi en pr\u00e9sence du Chef de l\u2019Etat. Cette soci\u00e9t\u00e9&nbsp; est sp\u00e9cialis\u00e9e dans l\u2019impression et le packating est consid\u00e9r\u00e9e comme une r\u00e9f\u00e9rence au niveau sous r\u00e9gional. Avec une capacit\u00e9 de 40.000feuilles par heure et elle dispose d\u2019une technologie de derni\u00e8res g\u00e9n\u00e9rations. Cette soci\u00e9t\u00e9 est aussi une r\u00e9ponse \u00e0 la probl\u00e9matique du ch\u00f4mage qui va permettre aux &nbsp;jeunes de travailler. Proc\u00e9dant \u00e0 l\u2019inauguration de ce bijou d\u2019un cout de 12milliards FCFA ,le Pr\u00e9sident n\u2019a pas tari d\u2019\u00e9loges \u00e0 l endroit de cette soci\u00e9t\u00e9 industrielle&nbsp;.Selon lui, l\u2019 entreprise positionne le S\u00e9n\u00e9gal en champion sous r\u00e9gional&nbsp;:&nbsp;\u00ab&nbsp;je me r\u00e9jouis&nbsp; de l\u2019 envergure de cette unit\u00e9 industrielle construite sur une superficie d\u2019environ 3000metres&nbsp; \u00e9quip\u00e9 par des mat\u00e9riels de derni\u00e8res g\u00e9n\u00e9rations .Avec un parc d\u2019une trentaine de machines , votre groupe est dot\u00e9 d\u2019une capacit\u00e9 de tirage qui le positionne en leader au premier plan national et sous r\u00e9gional .Voila c\u2019est pourquoi vous m\u00e9ritez&nbsp; d\u2019\u00eatre soutenu par le gouvernement , par l\u2019administration&nbsp; mais aussi par les entreprises an tant que entreprise qui aspire a devenir un champion africain surtout dans le cadre de la zone de libre \u00e9change continentale. Le groupe contribue \u00e0 renforcer la place du S\u00e9n\u00e9gal dans le domaine des hautes technologies en mati\u00e8re d\u2019emballages et \u00e0 r\u00e9duire l\u2019importation de ces derni\u00e8res&nbsp; ainsi que d\u2019autres accessoires&nbsp;\u00bb,a d\u00e9clar\u00e9 le Pr\u00e9sident Macky Sall. Pour finir le chef de l\u2019Etat a \u00e9galement vent\u00e9 le promoteur du projet Youssou Ndour,&nbsp;\u00ab&nbsp;je te renouvelle mes chaleureuses f\u00e9licitations et t\u2019encourage \u00e0 aller de l\u2019avant .Ne r\u00e9ponds a aucune calomnie, connaissant ton dynamisme actif, je suis que tu ne t\u2019ar\u00eates pas en si bon chemin, a lanc\u00e9 le chef de l\u2019Etat \u00e0 l\u2019endroit du patron du groupe futur media(GFM). Ma\u00efmouna Niang.\" \/>\n<meta property=\"og:url\" content=\"https:\/\/www.public.sn\/index.php\/2022\/10\/29\/6301\/\" \/>\n<meta property=\"og:site_name\" content=\"LE PUBLIC\" \/>\n<meta property=\"article:published_time\" content=\"2022-10-29T10:58:46+00:00\" \/>\n<meta property=\"article:modified_time\" content=\"2022-10-29T10:58:49+00:00\" \/>\n<meta property=\"og:image\" content=\"https:\/\/www.public.sn\/wp-content\/uploads\/2022\/10\/you.jpg\" \/>\n\t<meta property=\"og:image:width\" content=\"299\" \/>\n\t<meta property=\"og:image:height\" content=\"168\" \/>\n\t<meta property=\"og:image:type\" content=\"image\/jpeg\" \/>\n<meta name=\"author\" content=\"LA REDACTION\" \/>\n<meta name=\"twitter:card\" content=\"summary_large_image\" \/>\n<meta name=\"twitter:label1\" content=\"\u00c9crit par\" \/>\n\t<meta name=\"twitter:data1\" content=\"LA REDACTION\" \/>\n\t<meta name=\"twitter:label2\" content=\"Dur\u00e9e de lecture estim\u00e9e\" \/>\n\t<meta name=\"twitter:data2\" content=\"2 minutes\" \/>\n<script type=\"application\/ld+json\" class=\"yoast-schema-graph\">{\"@context\":\"https:\/\/schema.org\",\"@graph\":[{\"@type\":\"Article\",\"@id\":\"https:\/\/www.public.sn\/index.php\/2022\/10\/29\/6301\/#article\",\"isPartOf\":{\"@id\":\"https:\/\/www.public.sn\/index.php\/2022\/10\/29\/6301\/\"},\"author\":{\"name\":\"LA REDACTION\",\"@id\":\"https:\/\/www.public.sn\/#\/schema\/person\/cb76c8e1b8becc6be61fb5e92d6d0224\"},\"headline\":\"Aucun titre\",\"datePublished\":\"2022-10-29T10:58:46+00:00\",\"dateModified\":\"2022-10-29T10:58:49+00:00\",\"mainEntityOfPage\":{\"@id\":\"https:\/\/www.public.sn\/index.php\/2022\/10\/29\/6301\/\"},\"wordCount\":387,\"commentCount\":0,\"publisher\":{\"@id\":\"https:\/\/www.public.sn\/#organization\"},\"image\":{\"@id\":\"https:\/\/www.public.sn\/index.php\/2022\/10\/29\/6301\/#primaryimage\"},\"thumbnailUrl\":\"https:\/\/www.public.sn\/wp-content\/uploads\/2022\/10\/you.jpg\",\"keywords\":[\"INAUGURATION\",\"Macky Sall\",\"Youssou Ndour\"],\"articleSection\":[\"ACTUALIT\u00c9S\",\"S\u00c9N\u00c9GAL\",\"SOCIETE\"],\"inLanguage\":\"fr-FR\",\"potentialAction\":[{\"@type\":\"CommentAction\",\"name\":\"Comment\",\"target\":[\"https:\/\/www.public.sn\/index.php\/2022\/10\/29\/6301\/#respond\"]}]},{\"@type\":\"WebPage\",\"@id\":\"https:\/\/www.public.sn\/index.php\/2022\/10\/29\/6301\/\",\"url\":\"https:\/\/www.public.sn\/index.php\/2022\/10\/29\/6301\/\",\"name\":\"- LE PUBLIC\",\"isPartOf\":{\"@id\":\"https:\/\/www.public.sn\/#website\"},\"primaryImageOfPage\":{\"@id\":\"https:\/\/www.public.sn\/index.php\/2022\/10\/29\/6301\/#primaryimage\"},\"image\":{\"@id\":\"https:\/\/www.public.sn\/index.php\/2022\/10\/29\/6301\/#primaryimage\"},\"thumbnailUrl\":\"https:\/\/www.public.sn\/wp-content\/uploads\/2022\/10\/you.jpg\",\"datePublished\":\"2022-10-29T10:58:46+00:00\",\"dateModified\":\"2022-10-29T10:58:49+00:00\",\"inLanguage\":\"fr-FR\",\"potentialAction\":[{\"@type\":\"ReadAction\",\"target\":[\"https:\/\/www.public.sn\/index.php\/2022\/10\/29\/6301\/\"]}]},{\"@type\":\"ImageObject\",\"inLanguage\":\"fr-FR\",\"@id\":\"https:\/\/www.public.sn\/index.php\/2022\/10\/29\/6301\/#primaryimage\",\"url\":\"https:\/\/www.public.sn\/wp-content\/uploads\/2022\/10\/you.jpg\",\"contentUrl\":\"https:\/\/www.public.sn\/wp-content\/uploads\/2022\/10\/you.jpg\",\"width\":299,\"height\":168,\"caption\":\"publicsn\"},{\"@type\":\"WebSite\",\"@id\":\"https:\/\/www.public.sn\/#website\",\"url\":\"https:\/\/www.public.sn\/\",\"name\":\"LE PUBLIC\",\"description\":\"\",\"publisher\":{\"@id\":\"https:\/\/www.public.sn\/#organization\"},\"potentialAction\":[{\"@type\":\"SearchAction\",\"target\":{\"@type\":\"EntryPoint\",\"urlTemplate\":\"https:\/\/www.public.sn\/?s={search_term_string}\"},\"query-input\":{\"@type\":\"PropertyValueSpecification\",\"valueRequired\":true,\"valueName\":\"search_term_string\"}}],\"inLanguage\":\"fr-FR\"},{\"@type\":\"Organization\",\"@id\":\"https:\/\/www.public.sn\/#organization\",\"name\":\"LE PUBLIC\",\"url\":\"https:\/\/www.public.sn\/\",\"logo\":{\"@type\":\"ImageObject\",\"inLanguage\":\"fr-FR\",\"@id\":\"https:\/\/www.public.sn\/#\/schema\/logo\/image\/\",\"url\":\"https:\/\/www.public.sn\/wp-content\/uploads\/2024\/05\/cropped-LOGO-PUBLIC.SN_.png\",\"contentUrl\":\"https:\/\/www.public.sn\/wp-content\/uploads\/2024\/05\/cropped-LOGO-PUBLIC.SN_.png\",\"width\":682,\"height\":192,\"caption\":\"LE PUBLIC\"},\"image\":{\"@id\":\"https:\/\/www.public.sn\/#\/schema\/logo\/image\/\"}},{\"@type\":\"Person\",\"@id\":\"https:\/\/www.public.sn\/#\/schema\/person\/cb76c8e1b8becc6be61fb5e92d6d0224\",\"name\":\"LA REDACTION\",\"image\":{\"@type\":\"ImageObject\",\"inLanguage\":\"fr-FR\",\"@id\":\"https:\/\/www.public.sn\/#\/schema\/person\/image\/\",\"url\":\"https:\/\/secure.gravatar.com\/avatar\/2dce5ddd34b8fef0180efe03aa2a9bee7d953856048f9a16b298190a3178407c?s=96&d=mm&r=g\",\"contentUrl\":\"https:\/\/secure.gravatar.com\/avatar\/2dce5ddd34b8fef0180efe03aa2a9bee7d953856048f9a16b298190a3178407c?s=96&d=mm&r=g\",\"caption\":\"LA REDACTION\"},\"url\":\"https:\/\/www.public.sn\/index.php\/author\/editeurpsn\/\"}]}<\/script>\n<!-- \/ Yoast SEO plugin. -->","yoast_head_json":{"title":"- LE PUBLIC","robots":{"index":"index","follow":"follow","max-snippet":"max-snippet:-1","max-image-preview":"max-image-preview:large","max-video-preview":"max-video-preview:-1"},"canonical":"https:\/\/www.public.sn\/index.php\/2022\/10\/29\/6301\/","og_locale":"fr_FR","og_type":"article","og_title":"- LE PUBLIC","og_description":"Inauguration Impact Safa Group\u00a0: Le discours Macky Sall envers Youssou Ndour. L\u2019unit\u00e9 industrielle d\u2019impression et de Packating \u00ab&nbsp;IMPACT SAFA GROUP&nbsp;\u00bb lanc\u00e9 par le leader du super \u00e9toile Youssou Ndour a \u00e9t\u00e9 inaugur\u00e9 ce vendredi en pr\u00e9sence du Chef de l\u2019Etat. Cette soci\u00e9t\u00e9&nbsp; est sp\u00e9cialis\u00e9e dans l\u2019impression et le packating est consid\u00e9r\u00e9e comme une r\u00e9f\u00e9rence au niveau sous r\u00e9gional. Avec une capacit\u00e9 de 40.000feuilles par heure et elle dispose d\u2019une technologie de derni\u00e8res g\u00e9n\u00e9rations. Cette soci\u00e9t\u00e9 est aussi une r\u00e9ponse \u00e0 la probl\u00e9matique du ch\u00f4mage qui va permettre aux &nbsp;jeunes de travailler. Proc\u00e9dant \u00e0 l\u2019inauguration de ce bijou d\u2019un cout de 12milliards FCFA ,le Pr\u00e9sident n\u2019a pas tari d\u2019\u00e9loges \u00e0 l endroit de cette soci\u00e9t\u00e9 industrielle&nbsp;.Selon lui, l\u2019 entreprise positionne le S\u00e9n\u00e9gal en champion sous r\u00e9gional&nbsp;:&nbsp;\u00ab&nbsp;je me r\u00e9jouis&nbsp; de l\u2019 envergure de cette unit\u00e9 industrielle construite sur une superficie d\u2019environ 3000metres&nbsp; \u00e9quip\u00e9 par des mat\u00e9riels de derni\u00e8res g\u00e9n\u00e9rations .Avec un parc d\u2019une trentaine de machines , votre groupe est dot\u00e9 d\u2019une capacit\u00e9 de tirage qui le positionne en leader au premier plan national et sous r\u00e9gional .Voila c\u2019est pourquoi vous m\u00e9ritez&nbsp; d\u2019\u00eatre soutenu par le gouvernement , par l\u2019administration&nbsp; mais aussi par les entreprises an tant que entreprise qui aspire a devenir un champion africain surtout dans le cadre de la zone de libre \u00e9change continentale. Le groupe contribue \u00e0 renforcer la place du S\u00e9n\u00e9gal dans le domaine des hautes technologies en mati\u00e8re d\u2019emballages et \u00e0 r\u00e9duire l\u2019importation de ces derni\u00e8res&nbsp; ainsi que d\u2019autres accessoires&nbsp;\u00bb,a d\u00e9clar\u00e9 le Pr\u00e9sident Macky Sall. Pour finir le chef de l\u2019Etat a \u00e9galement vent\u00e9 le promoteur du projet Youssou Ndour,&nbsp;\u00ab&nbsp;je te renouvelle mes chaleureuses f\u00e9licitations et t\u2019encourage \u00e0 aller de l\u2019avant .Ne r\u00e9ponds a aucune calomnie, connaissant ton dynamisme actif, je suis que tu ne t\u2019ar\u00eates pas en si bon chemin, a lanc\u00e9 le chef de l\u2019Etat \u00e0 l\u2019endroit du patron du groupe futur media(GFM). Ma\u00efmouna Niang.","og_url":"https:\/\/www.public.sn\/index.php\/2022\/10\/29\/6301\/","og_site_name":"LE PUBLIC","article_published_time":"2022-10-29T10:58:46+00:00","article_modified_time":"2022-10-29T10:58:49+00:00","og_image":[{"width":299,"height":168,"url":"https:\/\/www.public.sn\/wp-content\/uploads\/2022\/10\/you.jpg","type":"image\/jpeg"}],"author":"LA REDACTION","twitter_card":"summary_large_image","twitter_misc":{"\u00c9crit par":"LA REDACTION","Dur\u00e9e de lecture estim\u00e9e":"2 minutes"},"schema":{"@context":"https:\/\/schema.org","@graph":[{"@type":"Article","@id":"https:\/\/www.public.sn\/index.php\/2022\/10\/29\/6301\/#article","isPartOf":{"@id":"https:\/\/www.public.sn\/index.php\/2022\/10\/29\/6301\/"},"author":{"name":"LA REDACTION","@id":"https:\/\/www.public.sn\/#\/schema\/person\/cb76c8e1b8becc6be61fb5e92d6d0224"},"headline":"Aucun titre","datePublished":"2022-10-29T10:58:46+00:00","dateModified":"2022-10-29T10:58:49+00:00","mainEntityOfPage":{"@id":"https:\/\/www.public.sn\/index.php\/2022\/10\/29\/6301\/"},"wordCount":387,"commentCount":0,"publisher":{"@id":"https:\/\/www.public.sn\/#organization"},"image":{"@id":"https:\/\/www.public.sn\/index.php\/2022\/10\/29\/6301\/#primaryimage"},"thumbnailUrl":"https:\/\/www.public.sn\/wp-content\/uploads\/2022\/10\/you.jpg","keywords":["INAUGURATION","Macky Sall","Youssou Ndour"],"articleSection":["ACTUALIT\u00c9S","S\u00c9N\u00c9GAL","SOCIETE"],"inLanguage":"fr-FR","potentialAction":[{"@type":"CommentAction","name":"Comment","target":["https:\/\/www.public.sn\/index.php\/2022\/10\/29\/6301\/#respond"]}]},{"@type":"WebPage","@id":"https:\/\/www.public.sn\/index.php\/2022\/10\/29\/6301\/","url":"https:\/\/www.public.sn\/index.php\/2022\/10\/29\/6301\/","name":"- LE PUBLIC","isPartOf":{"@id":"https:\/\/www.public.sn\/#website"},"primaryImageOfPage":{"@id":"https:\/\/www.public.sn\/index.php\/2022\/10\/29\/6301\/#primaryimage"},"image":{"@id":"https:\/\/www.public.sn\/index.php\/2022\/10\/29\/6301\/#primaryimage"},"thumbnailUrl":"https:\/\/www.public.sn\/wp-content\/uploads\/2022\/10\/you.jpg","datePublished":"2022-10-29T10:58:46+00:00","dateModified":"2022-10-29T10:58:49+00:00","inLanguage":"fr-FR","potentialAction":[{"@type":"ReadAction","target":["https:\/\/www.public.sn\/index.php\/2022\/10\/29\/6301\/"]}]},{"@type":"ImageObject","inLanguage":"fr-FR","@id":"https:\/\/www.public.sn\/index.php\/2022\/10\/29\/6301\/#primaryimage","url":"https:\/\/www.public.sn\/wp-content\/uploads\/2022\/10\/you.jpg","contentUrl":"https:\/\/www.public.sn\/wp-content\/uploads\/2022\/10\/you.jpg","width":299,"height":168,"caption":"publicsn"},{"@type":"WebSite","@id":"https:\/\/www.public.sn\/#website","url":"https:\/\/www.public.sn\/","name":"LE PUBLIC","description":"","publisher":{"@id":"https:\/\/www.public.sn\/#organization"},"potentialAction":[{"@type":"SearchAction","target":{"@type":"EntryPoint","urlTemplate":"https:\/\/www.public.sn\/?s={search_term_string}"},"query-input":{"@type":"PropertyValueSpecification","valueRequired":true,"valueName":"search_term_string"}}],"inLanguage":"fr-FR"},{"@type":"Organization","@id":"https:\/\/www.public.sn\/#organization","name":"LE PUBLIC","url":"https:\/\/www.public.sn\/","logo":{"@type":"ImageObject","inLanguage":"fr-FR","@id":"https:\/\/www.public.sn\/#\/schema\/logo\/image\/","url":"https:\/\/www.public.sn\/wp-content\/uploads\/2024\/05\/cropped-LOGO-PUBLIC.SN_.png","contentUrl":"https:\/\/www.public.sn\/wp-content\/uploads\/2024\/05\/cropped-LOGO-PUBLIC.SN_.png","width":682,"height":192,"caption":"LE PUBLIC"},"image":{"@id":"https:\/\/www.public.sn\/#\/schema\/logo\/image\/"}},{"@type":"Person","@id":"https:\/\/www.public.sn\/#\/schema\/person\/cb76c8e1b8becc6be61fb5e92d6d0224","name":"LA REDACTION","image":{"@type":"ImageObject","inLanguage":"fr-FR","@id":"https:\/\/www.public.sn\/#\/schema\/person\/image\/","url":"https:\/\/secure.gravatar.com\/avatar\/2dce5ddd34b8fef0180efe03aa2a9bee7d953856048f9a16b298190a3178407c?s=96&d=mm&r=g","contentUrl":"https:\/\/secure.gravatar.com\/avatar\/2dce5ddd34b8fef0180efe03aa2a9bee7d953856048f9a16b298190a3178407c?s=96&d=mm&r=g","caption":"LA REDACTION"},"url":"https:\/\/www.public.sn\/index.php\/author\/editeurpsn\/"}]}},"jetpack_featured_media_url":"https:\/\/www.public.sn\/wp-content\/uploads\/2022\/10\/you.jpg","jetpack_sharing_enabled":true,"_links":{"self":[{"href":"https:\/\/www.public.sn\/index.php\/wp-json\/wp\/v2\/posts\/6301","targetHints":{"allow":["GET"]}}],"collection":[{"href":"https:\/\/www.public.sn\/index.php\/wp-json\/wp\/v2\/posts"}],"about":[{"href":"https:\/\/www.public.sn\/index.php\/wp-json\/wp\/v2\/types\/post"}],"author":[{"embeddable":true,"href":"https:\/\/www.public.sn\/index.php\/wp-json\/wp\/v2\/users\/7"}],"replies":[{"embeddable":true,"href":"https:\/\/www.public.sn\/index.php\/wp-json\/wp\/v2\/comments?post=6301"}],"version-history":[{"count":2,"href":"https:\/\/www.public.sn\/index.php\/wp-json\/wp\/v2\/posts\/6301\/revisions"}],"predecessor-version":[{"id":6318,"href":"https:\/\/www.public.sn\/index.php\/wp-json\/wp\/v2\/posts\/6301\/revisions\/6318"}],"wp:featuredmedia":[{"embeddable":true,"href":"https:\/\/www.public.sn\/index.php\/wp-json\/wp\/v2\/media\/6316"}],"wp:attachment":[{"href":"https:\/\/www.public.sn\/index.php\/wp-json\/wp\/v2\/media?parent=6301"}],"wp:term":[{"taxonomy":"category","embeddable":true,"href":"https:\/\/www.public.sn\/index.php\/wp-json\/wp\/v2\/categories?post=6301"},{"taxonomy":"post_tag","embeddable":true,"href":"https:\/\/www.public.sn\/index.php\/wp-json\/wp\/v2\/tags?post=6301"}],"curies":[{"name":"wp","href":"https:\/\/api.w.org\/{rel}","templated":true}]}}