{"id":6347,"date":"2022-10-29T19:03:45","date_gmt":"2022-10-29T19:03:45","guid":{"rendered":"https:\/\/www.public.sn\/?p=6347"},"modified":"2022-10-29T19:03:49","modified_gmt":"2022-10-29T19:03:49","slug":"le-saes-en-ordre-de-bataille","status":"publish","type":"post","link":"https:\/\/www.public.sn\/index.php\/2022\/10\/29\/le-saes-en-ordre-de-bataille\/","title":{"rendered":"Le SAES en ordre de bataille."},"content":{"rendered":"\n<p><\/p>\n\n\n\n<p>Le SAES national compte &nbsp;d\u00e9poser un pr\u00e9avis de gr\u00e8ve \u00e0 partir de ce Lundi. En assembl\u00e9e g\u00e9n\u00e9rale ce Samedi, ces enseignants du sup\u00e9rieur d\u00e9nonce le mutisme des autorit\u00e9s face \u00e0 leurs revendications. Ils exigent l\u2019ach\u00e8vement des infrastructures depuis 2017 dans les plus brefs d\u00e9lais, le &nbsp;recrutement d\u2019enseignants de qualit\u00e9 pour augmenter le taux d\u2019encadrement, la pension de r\u00e9version pour que leurs familles puissent en b\u00e9n\u00e9ficier. Le SAES veut \u00e9galement une r\u00e9vision du guide du CAMES.<\/p><div class=\"publi-paragraphe1\" style=\"margin-top: 10px;margin-bottom: 10px;margin-left: auto;margin-right: auto;text-align: center;\" id=\"publi-4092387675\"><div class=\"publi-adlabel\">Publicit\u00e9<\/div><script async src=\"\/\/pagead2.googlesyndication.com\/pagead\/js\/adsbygoogle.js?client=ca-pub-4089586018074219\" crossorigin=\"anonymous\"><\/script><ins class=\"adsbygoogle\" style=\"display:block;\" data-ad-client=\"ca-pub-4089586018074219\" \ndata-ad-slot=\"2087940154\" \ndata-ad-format=\"auto\"><\/ins>\n<script> \n(adsbygoogle = window.adsbygoogle || []).push({}); \n<\/script>\n<\/div>\n\n\n\n<p>Samba SY.<\/p>\n<div class=\"publi-apres-le-contenu\" style=\"margin-top: 10px;margin-bottom: 10px;margin-left: auto;margin-right: auto;text-align: center;\" id=\"publi-2579723324\"><div class=\"publi-adlabel\">Publicit\u00e9<\/div><script async src=\"\/\/pagead2.googlesyndication.com\/pagead\/js\/adsbygoogle.js?client=ca-pub-4089586018074219\" crossorigin=\"anonymous\"><\/script><ins class=\"adsbygoogle\" style=\"display:block;\" data-ad-client=\"ca-pub-4089586018074219\" \ndata-ad-slot=\"2087940154\" \ndata-ad-format=\"auto\"><\/ins>\n<script> \n(adsbygoogle = window.adsbygoogle || []).push({}); \n<\/script>\n<\/div>","protected":false},"excerpt":{"rendered":"<p>Le SAES national compte &nbsp;d\u00e9poser un pr\u00e9avis de gr\u00e8ve \u00e0 partir de ce Lundi. En assembl\u00e9e g\u00e9n\u00e9rale ce Samedi, ces enseignants du sup\u00e9rieur d\u00e9nonce le mutisme des autorit\u00e9s face \u00e0 leurs revendications. Ils exigent l\u2019ach\u00e8vement des infrastructures depuis 2017 dans les plus brefs d\u00e9lais, le &nbsp;recrutement d\u2019enseignants de qualit\u00e9 pour augmenter le taux d\u2019encadrement, la pension de r\u00e9version pour que leurs familles puissent en b\u00e9n\u00e9ficier. Le SAES veut \u00e9galement une r\u00e9vision du guide du CAMES. Samba SY.<\/p>\n","protected":false},"author":7,"featured_media":6348,"comment_status":"open","ping_status":"open","sticky":false,"template":"","format":"standard","meta":{"_jetpack_memberships_contains_paid_content":false,"footnotes":""},"categories":[375,854,1],"tags":[1629,474,2217],"class_list":["post-6347","post","type-post","status-publish","format-standard","has-post-thumbnail","hentry","category-actualites","category-education","category-non-classe","tag-education-2","tag-greve","tag-saes","entry","has-media","owp-thumbs-layout-horizontal","owp-btn-normal","owp-tabs-layout-horizontal","has-no-thumbnails","has-product-nav"],"yoast_head":"<!-- This site is optimized with the Yoast SEO plugin v25.5 - https:\/\/yoast.com\/wordpress\/plugins\/seo\/ -->\n<title>Le SAES en ordre de bataille. - LE PUBLIC<\/title>\n<meta name=\"robots\" content=\"index, follow, max-snippet:-1, max-image-preview:large, max-video-preview:-1\" \/>\n<link rel=\"canonical\" href=\"https:\/\/www.public.sn\/index.php\/2022\/10\/29\/le-saes-en-ordre-de-bataille\/\" \/>\n<meta property=\"og:locale\" content=\"fr_FR\" \/>\n<meta property=\"og:type\" content=\"article\" \/>\n<meta property=\"og:title\" content=\"Le SAES en ordre de bataille. - LE PUBLIC\" \/>\n<meta property=\"og:description\" content=\"Le SAES national compte &nbsp;d\u00e9poser un pr\u00e9avis de gr\u00e8ve \u00e0 partir de ce Lundi. En assembl\u00e9e g\u00e9n\u00e9rale ce Samedi, ces enseignants du sup\u00e9rieur d\u00e9nonce le mutisme des autorit\u00e9s face \u00e0 leurs revendications. Ils exigent l\u2019ach\u00e8vement des infrastructures depuis 2017 dans les plus brefs d\u00e9lais, le &nbsp;recrutement d\u2019enseignants de qualit\u00e9 pour augmenter le taux d\u2019encadrement, la pension de r\u00e9version pour que leurs familles puissent en b\u00e9n\u00e9ficier. Le SAES veut \u00e9galement une r\u00e9vision du guide du CAMES. Samba SY.\" \/>\n<meta property=\"og:url\" content=\"https:\/\/www.public.sn\/index.php\/2022\/10\/29\/le-saes-en-ordre-de-bataille\/\" \/>\n<meta property=\"og:site_name\" content=\"LE PUBLIC\" \/>\n<meta property=\"article:published_time\" content=\"2022-10-29T19:03:45+00:00\" \/>\n<meta property=\"article:modified_time\" content=\"2022-10-29T19:03:49+00:00\" \/>\n<meta property=\"og:image\" content=\"https:\/\/www.public.sn\/wp-content\/uploads\/2022\/10\/SAES.jpg\" \/>\n\t<meta property=\"og:image:width\" content=\"295\" \/>\n\t<meta property=\"og:image:height\" content=\"171\" \/>\n\t<meta property=\"og:image:type\" content=\"image\/jpeg\" \/>\n<meta name=\"author\" content=\"LA REDACTION\" \/>\n<meta name=\"twitter:card\" content=\"summary_large_image\" \/>\n<meta name=\"twitter:label1\" content=\"\u00c9crit par\" \/>\n\t<meta name=\"twitter:data1\" content=\"LA REDACTION\" \/>\n\t<meta name=\"twitter:label2\" content=\"Dur\u00e9e de lecture estim\u00e9e\" \/>\n\t<meta name=\"twitter:data2\" content=\"1 minute\" \/>\n<script type=\"application\/ld+json\" class=\"yoast-schema-graph\">{\"@context\":\"https:\/\/schema.org\",\"@graph\":[{\"@type\":\"Article\",\"@id\":\"https:\/\/www.public.sn\/index.php\/2022\/10\/29\/le-saes-en-ordre-de-bataille\/#article\",\"isPartOf\":{\"@id\":\"https:\/\/www.public.sn\/index.php\/2022\/10\/29\/le-saes-en-ordre-de-bataille\/\"},\"author\":{\"name\":\"LA REDACTION\",\"@id\":\"https:\/\/www.public.sn\/#\/schema\/person\/cb76c8e1b8becc6be61fb5e92d6d0224\"},\"headline\":\"Le SAES en ordre de bataille.\",\"datePublished\":\"2022-10-29T19:03:45+00:00\",\"dateModified\":\"2022-10-29T19:03:49+00:00\",\"mainEntityOfPage\":{\"@id\":\"https:\/\/www.public.sn\/index.php\/2022\/10\/29\/le-saes-en-ordre-de-bataille\/\"},\"wordCount\":100,\"commentCount\":0,\"publisher\":{\"@id\":\"https:\/\/www.public.sn\/#organization\"},\"image\":{\"@id\":\"https:\/\/www.public.sn\/index.php\/2022\/10\/29\/le-saes-en-ordre-de-bataille\/#primaryimage\"},\"thumbnailUrl\":\"https:\/\/www.public.sn\/wp-content\/uploads\/2022\/10\/SAES.jpg\",\"keywords\":[\"education\",\"Gr\u00e8ve\",\"SAES\"],\"articleSection\":[\"ACTUALIT\u00c9S\",\"\u00c9DUCATION\",\"S\u00c9N\u00c9GAL\"],\"inLanguage\":\"fr-FR\",\"potentialAction\":[{\"@type\":\"CommentAction\",\"name\":\"Comment\",\"target\":[\"https:\/\/www.public.sn\/index.php\/2022\/10\/29\/le-saes-en-ordre-de-bataille\/#respond\"]}]},{\"@type\":\"WebPage\",\"@id\":\"https:\/\/www.public.sn\/index.php\/2022\/10\/29\/le-saes-en-ordre-de-bataille\/\",\"url\":\"https:\/\/www.public.sn\/index.php\/2022\/10\/29\/le-saes-en-ordre-de-bataille\/\",\"name\":\"Le SAES en ordre de bataille. - LE PUBLIC\",\"isPartOf\":{\"@id\":\"https:\/\/www.public.sn\/#website\"},\"primaryImageOfPage\":{\"@id\":\"https:\/\/www.public.sn\/index.php\/2022\/10\/29\/le-saes-en-ordre-de-bataille\/#primaryimage\"},\"image\":{\"@id\":\"https:\/\/www.public.sn\/index.php\/2022\/10\/29\/le-saes-en-ordre-de-bataille\/#primaryimage\"},\"thumbnailUrl\":\"https:\/\/www.public.sn\/wp-content\/uploads\/2022\/10\/SAES.jpg\",\"datePublished\":\"2022-10-29T19:03:45+00:00\",\"dateModified\":\"2022-10-29T19:03:49+00:00\",\"breadcrumb\":{\"@id\":\"https:\/\/www.public.sn\/index.php\/2022\/10\/29\/le-saes-en-ordre-de-bataille\/#breadcrumb\"},\"inLanguage\":\"fr-FR\",\"potentialAction\":[{\"@type\":\"ReadAction\",\"target\":[\"https:\/\/www.public.sn\/index.php\/2022\/10\/29\/le-saes-en-ordre-de-bataille\/\"]}]},{\"@type\":\"ImageObject\",\"inLanguage\":\"fr-FR\",\"@id\":\"https:\/\/www.public.sn\/index.php\/2022\/10\/29\/le-saes-en-ordre-de-bataille\/#primaryimage\",\"url\":\"https:\/\/www.public.sn\/wp-content\/uploads\/2022\/10\/SAES.jpg\",\"contentUrl\":\"https:\/\/www.public.sn\/wp-content\/uploads\/2022\/10\/SAES.jpg\",\"width\":295,\"height\":171,\"caption\":\"Public Sn\"},{\"@type\":\"BreadcrumbList\",\"@id\":\"https:\/\/www.public.sn\/index.php\/2022\/10\/29\/le-saes-en-ordre-de-bataille\/#breadcrumb\",\"itemListElement\":[{\"@type\":\"ListItem\",\"position\":1,\"name\":\"Accueil\",\"item\":\"https:\/\/www.public.sn\/\"},{\"@type\":\"ListItem\",\"position\":2,\"name\":\"Le SAES en ordre de bataille.\"}]},{\"@type\":\"WebSite\",\"@id\":\"https:\/\/www.public.sn\/#website\",\"url\":\"https:\/\/www.public.sn\/\",\"name\":\"LE PUBLIC\",\"description\":\"\",\"publisher\":{\"@id\":\"https:\/\/www.public.sn\/#organization\"},\"potentialAction\":[{\"@type\":\"SearchAction\",\"target\":{\"@type\":\"EntryPoint\",\"urlTemplate\":\"https:\/\/www.public.sn\/?s={search_term_string}\"},\"query-input\":{\"@type\":\"PropertyValueSpecification\",\"valueRequired\":true,\"valueName\":\"search_term_string\"}}],\"inLanguage\":\"fr-FR\"},{\"@type\":\"Organization\",\"@id\":\"https:\/\/www.public.sn\/#organization\",\"name\":\"LE PUBLIC\",\"url\":\"https:\/\/www.public.sn\/\",\"logo\":{\"@type\":\"ImageObject\",\"inLanguage\":\"fr-FR\",\"@id\":\"https:\/\/www.public.sn\/#\/schema\/logo\/image\/\",\"url\":\"https:\/\/www.public.sn\/wp-content\/uploads\/2024\/05\/cropped-LOGO-PUBLIC.SN_.png\",\"contentUrl\":\"https:\/\/www.public.sn\/wp-content\/uploads\/2024\/05\/cropped-LOGO-PUBLIC.SN_.png\",\"width\":682,\"height\":192,\"caption\":\"LE PUBLIC\"},\"image\":{\"@id\":\"https:\/\/www.public.sn\/#\/schema\/logo\/image\/\"}},{\"@type\":\"Person\",\"@id\":\"https:\/\/www.public.sn\/#\/schema\/person\/cb76c8e1b8becc6be61fb5e92d6d0224\",\"name\":\"LA REDACTION\",\"image\":{\"@type\":\"ImageObject\",\"inLanguage\":\"fr-FR\",\"@id\":\"https:\/\/www.public.sn\/#\/schema\/person\/image\/\",\"url\":\"https:\/\/secure.gravatar.com\/avatar\/2dce5ddd34b8fef0180efe03aa2a9bee7d953856048f9a16b298190a3178407c?s=96&d=mm&r=g\",\"contentUrl\":\"https:\/\/secure.gravatar.com\/avatar\/2dce5ddd34b8fef0180efe03aa2a9bee7d953856048f9a16b298190a3178407c?s=96&d=mm&r=g\",\"caption\":\"LA REDACTION\"},\"url\":\"https:\/\/www.public.sn\/index.php\/author\/editeurpsn\/\"}]}<\/script>\n<!-- \/ Yoast SEO plugin. -->","yoast_head_json":{"title":"Le SAES en ordre de bataille. - LE PUBLIC","robots":{"index":"index","follow":"follow","max-snippet":"max-snippet:-1","max-image-preview":"max-image-preview:large","max-video-preview":"max-video-preview:-1"},"canonical":"https:\/\/www.public.sn\/index.php\/2022\/10\/29\/le-saes-en-ordre-de-bataille\/","og_locale":"fr_FR","og_type":"article","og_title":"Le SAES en ordre de bataille. - LE PUBLIC","og_description":"Le SAES national compte &nbsp;d\u00e9poser un pr\u00e9avis de gr\u00e8ve \u00e0 partir de ce Lundi. En assembl\u00e9e g\u00e9n\u00e9rale ce Samedi, ces enseignants du sup\u00e9rieur d\u00e9nonce le mutisme des autorit\u00e9s face \u00e0 leurs revendications. Ils exigent l\u2019ach\u00e8vement des infrastructures depuis 2017 dans les plus brefs d\u00e9lais, le &nbsp;recrutement d\u2019enseignants de qualit\u00e9 pour augmenter le taux d\u2019encadrement, la pension de r\u00e9version pour que leurs familles puissent en b\u00e9n\u00e9ficier. Le SAES veut \u00e9galement une r\u00e9vision du guide du CAMES. Samba SY.","og_url":"https:\/\/www.public.sn\/index.php\/2022\/10\/29\/le-saes-en-ordre-de-bataille\/","og_site_name":"LE PUBLIC","article_published_time":"2022-10-29T19:03:45+00:00","article_modified_time":"2022-10-29T19:03:49+00:00","og_image":[{"width":295,"height":171,"url":"https:\/\/www.public.sn\/wp-content\/uploads\/2022\/10\/SAES.jpg","type":"image\/jpeg"}],"author":"LA REDACTION","twitter_card":"summary_large_image","twitter_misc":{"\u00c9crit par":"LA REDACTION","Dur\u00e9e de lecture estim\u00e9e":"1 minute"},"schema":{"@context":"https:\/\/schema.org","@graph":[{"@type":"Article","@id":"https:\/\/www.public.sn\/index.php\/2022\/10\/29\/le-saes-en-ordre-de-bataille\/#article","isPartOf":{"@id":"https:\/\/www.public.sn\/index.php\/2022\/10\/29\/le-saes-en-ordre-de-bataille\/"},"author":{"name":"LA REDACTION","@id":"https:\/\/www.public.sn\/#\/schema\/person\/cb76c8e1b8becc6be61fb5e92d6d0224"},"headline":"Le SAES en ordre de bataille.","datePublished":"2022-10-29T19:03:45+00:00","dateModified":"2022-10-29T19:03:49+00:00","mainEntityOfPage":{"@id":"https:\/\/www.public.sn\/index.php\/2022\/10\/29\/le-saes-en-ordre-de-bataille\/"},"wordCount":100,"commentCount":0,"publisher":{"@id":"https:\/\/www.public.sn\/#organization"},"image":{"@id":"https:\/\/www.public.sn\/index.php\/2022\/10\/29\/le-saes-en-ordre-de-bataille\/#primaryimage"},"thumbnailUrl":"https:\/\/www.public.sn\/wp-content\/uploads\/2022\/10\/SAES.jpg","keywords":["education","Gr\u00e8ve","SAES"],"articleSection":["ACTUALIT\u00c9S","\u00c9DUCATION","S\u00c9N\u00c9GAL"],"inLanguage":"fr-FR","potentialAction":[{"@type":"CommentAction","name":"Comment","target":["https:\/\/www.public.sn\/index.php\/2022\/10\/29\/le-saes-en-ordre-de-bataille\/#respond"]}]},{"@type":"WebPage","@id":"https:\/\/www.public.sn\/index.php\/2022\/10\/29\/le-saes-en-ordre-de-bataille\/","url":"https:\/\/www.public.sn\/index.php\/2022\/10\/29\/le-saes-en-ordre-de-bataille\/","name":"Le SAES en ordre de bataille. - LE PUBLIC","isPartOf":{"@id":"https:\/\/www.public.sn\/#website"},"primaryImageOfPage":{"@id":"https:\/\/www.public.sn\/index.php\/2022\/10\/29\/le-saes-en-ordre-de-bataille\/#primaryimage"},"image":{"@id":"https:\/\/www.public.sn\/index.php\/2022\/10\/29\/le-saes-en-ordre-de-bataille\/#primaryimage"},"thumbnailUrl":"https:\/\/www.public.sn\/wp-content\/uploads\/2022\/10\/SAES.jpg","datePublished":"2022-10-29T19:03:45+00:00","dateModified":"2022-10-29T19:03:49+00:00","breadcrumb":{"@id":"https:\/\/www.public.sn\/index.php\/2022\/10\/29\/le-saes-en-ordre-de-bataille\/#breadcrumb"},"inLanguage":"fr-FR","potentialAction":[{"@type":"ReadAction","target":["https:\/\/www.public.sn\/index.php\/2022\/10\/29\/le-saes-en-ordre-de-bataille\/"]}]},{"@type":"ImageObject","inLanguage":"fr-FR","@id":"https:\/\/www.public.sn\/index.php\/2022\/10\/29\/le-saes-en-ordre-de-bataille\/#primaryimage","url":"https:\/\/www.public.sn\/wp-content\/uploads\/2022\/10\/SAES.jpg","contentUrl":"https:\/\/www.public.sn\/wp-content\/uploads\/2022\/10\/SAES.jpg","width":295,"height":171,"caption":"Public Sn"},{"@type":"BreadcrumbList","@id":"https:\/\/www.public.sn\/index.php\/2022\/10\/29\/le-saes-en-ordre-de-bataille\/#breadcrumb","itemListElement":[{"@type":"ListItem","position":1,"name":"Accueil","item":"https:\/\/www.public.sn\/"},{"@type":"ListItem","position":2,"name":"Le SAES en ordre de bataille."}]},{"@type":"WebSite","@id":"https:\/\/www.public.sn\/#website","url":"https:\/\/www.public.sn\/","name":"LE PUBLIC","description":"","publisher":{"@id":"https:\/\/www.public.sn\/#organization"},"potentialAction":[{"@type":"SearchAction","target":{"@type":"EntryPoint","urlTemplate":"https:\/\/www.public.sn\/?s={search_term_string}"},"query-input":{"@type":"PropertyValueSpecification","valueRequired":true,"valueName":"search_term_string"}}],"inLanguage":"fr-FR"},{"@type":"Organization","@id":"https:\/\/www.public.sn\/#organization","name":"LE PUBLIC","url":"https:\/\/www.public.sn\/","logo":{"@type":"ImageObject","inLanguage":"fr-FR","@id":"https:\/\/www.public.sn\/#\/schema\/logo\/image\/","url":"https:\/\/www.public.sn\/wp-content\/uploads\/2024\/05\/cropped-LOGO-PUBLIC.SN_.png","contentUrl":"https:\/\/www.public.sn\/wp-content\/uploads\/2024\/05\/cropped-LOGO-PUBLIC.SN_.png","width":682,"height":192,"caption":"LE PUBLIC"},"image":{"@id":"https:\/\/www.public.sn\/#\/schema\/logo\/image\/"}},{"@type":"Person","@id":"https:\/\/www.public.sn\/#\/schema\/person\/cb76c8e1b8becc6be61fb5e92d6d0224","name":"LA REDACTION","image":{"@type":"ImageObject","inLanguage":"fr-FR","@id":"https:\/\/www.public.sn\/#\/schema\/person\/image\/","url":"https:\/\/secure.gravatar.com\/avatar\/2dce5ddd34b8fef0180efe03aa2a9bee7d953856048f9a16b298190a3178407c?s=96&d=mm&r=g","contentUrl":"https:\/\/secure.gravatar.com\/avatar\/2dce5ddd34b8fef0180efe03aa2a9bee7d953856048f9a16b298190a3178407c?s=96&d=mm&r=g","caption":"LA REDACTION"},"url":"https:\/\/www.public.sn\/index.php\/author\/editeurpsn\/"}]}},"jetpack_featured_media_url":"https:\/\/www.public.sn\/wp-content\/uploads\/2022\/10\/SAES.jpg","jetpack_sharing_enabled":true,"_links":{"self":[{"href":"https:\/\/www.public.sn\/index.php\/wp-json\/wp\/v2\/posts\/6347","targetHints":{"allow":["GET"]}}],"collection":[{"href":"https:\/\/www.public.sn\/index.php\/wp-json\/wp\/v2\/posts"}],"about":[{"href":"https:\/\/www.public.sn\/index.php\/wp-json\/wp\/v2\/types\/post"}],"author":[{"embeddable":true,"href":"https:\/\/www.public.sn\/index.php\/wp-json\/wp\/v2\/users\/7"}],"replies":[{"embeddable":true,"href":"https:\/\/www.public.sn\/index.php\/wp-json\/wp\/v2\/comments?post=6347"}],"version-history":[{"count":1,"href":"https:\/\/www.public.sn\/index.php\/wp-json\/wp\/v2\/posts\/6347\/revisions"}],"predecessor-version":[{"id":6349,"href":"https:\/\/www.public.sn\/index.php\/wp-json\/wp\/v2\/posts\/6347\/revisions\/6349"}],"wp:featuredmedia":[{"embeddable":true,"href":"https:\/\/www.public.sn\/index.php\/wp-json\/wp\/v2\/media\/6348"}],"wp:attachment":[{"href":"https:\/\/www.public.sn\/index.php\/wp-json\/wp\/v2\/media?parent=6347"}],"wp:term":[{"taxonomy":"category","embeddable":true,"href":"https:\/\/www.public.sn\/index.php\/wp-json\/wp\/v2\/categories?post=6347"},{"taxonomy":"post_tag","embeddable":true,"href":"https:\/\/www.public.sn\/index.php\/wp-json\/wp\/v2\/tags?post=6347"}],"curies":[{"name":"wp","href":"https:\/\/api.w.org\/{rel}","templated":true}]}}