{"id":6354,"date":"2022-10-29T19:12:55","date_gmt":"2022-10-29T19:12:55","guid":{"rendered":"https:\/\/www.public.sn\/?p=6354"},"modified":"2022-10-29T19:12:57","modified_gmt":"2022-10-29T19:12:57","slug":"apr-les-jeunes-de-pikine-gelent-leurs-activites","status":"publish","type":"post","link":"https:\/\/www.public.sn\/index.php\/2022\/10\/29\/apr-les-jeunes-de-pikine-gelent-leurs-activites\/","title":{"rendered":"APR\u00a0: Les jeunes de Pikine g\u00e8lent leurs activit\u00e9s."},"content":{"rendered":"\n<p><\/p>\n\n\n\n<p>Les jeunes de l\u2019APR de Pikine sont tr\u00e8s en col\u00e8re contre leurs responsables locaux et le pr\u00e9sident de leur parti Macky Sall. Ces derniers avancent qu\u2019 ils sont \u00e9cart\u00e9s de toutes les &nbsp;prises de pouvoir du parti. Ils ont ainsi d\u00e9cid\u00e9 de geler leurs activit\u00e9s politiques. Les jeunes de l\u2019APR se disent marginalis\u00e9s dans le parti. Autre d\u00e9cision prise par ces jeunes, c\u2019est le boycott des op\u00e9rations de vente de cartes du part jusqu\u2019a\u2019a \u00e0 nouvel ordre.<\/p><div class=\"publi-paragraphe1\" style=\"margin-top: 10px;margin-bottom: 10px;margin-left: auto;margin-right: auto;text-align: center;\" id=\"publi-2537307230\"><div class=\"publi-adlabel\">Publicit\u00e9<\/div><script async src=\"\/\/pagead2.googlesyndication.com\/pagead\/js\/adsbygoogle.js?client=ca-pub-4089586018074219\" crossorigin=\"anonymous\"><\/script><ins class=\"adsbygoogle\" style=\"display:block;\" data-ad-client=\"ca-pub-4089586018074219\" \ndata-ad-slot=\"2087940154\" \ndata-ad-format=\"auto\"><\/ins>\n<script> \n(adsbygoogle = window.adsbygoogle || []).push({}); \n<\/script>\n<\/div>\n\n\n\n<p>Samba SY. &nbsp;<\/p>\n<div class=\"publi-apres-le-contenu\" style=\"margin-top: 10px;margin-bottom: 10px;margin-left: auto;margin-right: auto;text-align: center;\" id=\"publi-1961630847\"><div class=\"publi-adlabel\">Publicit\u00e9<\/div><script async src=\"\/\/pagead2.googlesyndication.com\/pagead\/js\/adsbygoogle.js?client=ca-pub-4089586018074219\" crossorigin=\"anonymous\"><\/script><ins class=\"adsbygoogle\" style=\"display:block;\" data-ad-client=\"ca-pub-4089586018074219\" \ndata-ad-slot=\"2087940154\" \ndata-ad-format=\"auto\"><\/ins>\n<script> \n(adsbygoogle = window.adsbygoogle || []).push({}); \n<\/script>\n<\/div>","protected":false},"excerpt":{"rendered":"<p>Les jeunes de l\u2019APR de Pikine sont tr\u00e8s en col\u00e8re contre leurs responsables locaux et le pr\u00e9sident de leur parti Macky Sall. Ces derniers avancent qu\u2019 ils sont \u00e9cart\u00e9s de toutes les &nbsp;prises de pouvoir du parti. Ils ont ainsi d\u00e9cid\u00e9 de geler leurs activit\u00e9s politiques. Les jeunes de l\u2019APR se disent marginalis\u00e9s dans le parti. Autre d\u00e9cision prise par ces jeunes, c\u2019est le boycott des op\u00e9rations de vente de cartes du part jusqu\u2019a\u2019a \u00e0 nouvel ordre. Samba SY. &nbsp;<\/p>\n","protected":false},"author":7,"featured_media":6356,"comment_status":"open","ping_status":"open","sticky":false,"template":"","format":"standard","meta":{"_jetpack_memberships_contains_paid_content":false,"footnotes":""},"categories":[375,3,1],"tags":[742,1210,205],"class_list":["post-6354","post","type-post","status-publish","format-standard","has-post-thumbnail","hentry","category-actualites","category-politique","category-non-classe","tag-apr","tag-jeunes","tag-pikine","entry","has-media","owp-thumbs-layout-horizontal","owp-btn-normal","owp-tabs-layout-horizontal","has-no-thumbnails","has-product-nav"],"yoast_head":"<!-- This site is optimized with the Yoast SEO plugin v25.5 - https:\/\/yoast.com\/wordpress\/plugins\/seo\/ -->\n<title>APR\u00a0: Les jeunes de Pikine g\u00e8lent leurs activit\u00e9s. - LE PUBLIC<\/title>\n<meta name=\"robots\" content=\"index, follow, max-snippet:-1, max-image-preview:large, max-video-preview:-1\" \/>\n<link rel=\"canonical\" href=\"https:\/\/www.public.sn\/index.php\/2022\/10\/29\/apr-les-jeunes-de-pikine-gelent-leurs-activites\/\" \/>\n<meta property=\"og:locale\" content=\"fr_FR\" \/>\n<meta property=\"og:type\" content=\"article\" \/>\n<meta property=\"og:title\" content=\"APR\u00a0: Les jeunes de Pikine g\u00e8lent leurs activit\u00e9s. - LE PUBLIC\" \/>\n<meta property=\"og:description\" content=\"Les jeunes de l\u2019APR de Pikine sont tr\u00e8s en col\u00e8re contre leurs responsables locaux et le pr\u00e9sident de leur parti Macky Sall. Ces derniers avancent qu\u2019 ils sont \u00e9cart\u00e9s de toutes les &nbsp;prises de pouvoir du parti. Ils ont ainsi d\u00e9cid\u00e9 de geler leurs activit\u00e9s politiques. Les jeunes de l\u2019APR se disent marginalis\u00e9s dans le parti. Autre d\u00e9cision prise par ces jeunes, c\u2019est le boycott des op\u00e9rations de vente de cartes du part jusqu\u2019a\u2019a \u00e0 nouvel ordre. Samba SY. &nbsp;\" \/>\n<meta property=\"og:url\" content=\"https:\/\/www.public.sn\/index.php\/2022\/10\/29\/apr-les-jeunes-de-pikine-gelent-leurs-activites\/\" \/>\n<meta property=\"og:site_name\" content=\"LE PUBLIC\" \/>\n<meta property=\"article:published_time\" content=\"2022-10-29T19:12:55+00:00\" \/>\n<meta property=\"article:modified_time\" content=\"2022-10-29T19:12:57+00:00\" \/>\n<meta property=\"og:image\" content=\"https:\/\/www.public.sn\/wp-content\/uploads\/2022\/10\/ppp-1.jpg\" \/>\n\t<meta property=\"og:image:width\" content=\"275\" \/>\n\t<meta property=\"og:image:height\" content=\"183\" \/>\n\t<meta property=\"og:image:type\" content=\"image\/jpeg\" \/>\n<meta name=\"author\" content=\"LA REDACTION\" \/>\n<meta name=\"twitter:card\" content=\"summary_large_image\" \/>\n<meta name=\"twitter:label1\" content=\"\u00c9crit par\" \/>\n\t<meta name=\"twitter:data1\" content=\"LA REDACTION\" \/>\n\t<meta name=\"twitter:label2\" content=\"Dur\u00e9e de lecture estim\u00e9e\" \/>\n\t<meta name=\"twitter:data2\" content=\"1 minute\" \/>\n<script type=\"application\/ld+json\" class=\"yoast-schema-graph\">{\"@context\":\"https:\/\/schema.org\",\"@graph\":[{\"@type\":\"Article\",\"@id\":\"https:\/\/www.public.sn\/index.php\/2022\/10\/29\/apr-les-jeunes-de-pikine-gelent-leurs-activites\/#article\",\"isPartOf\":{\"@id\":\"https:\/\/www.public.sn\/index.php\/2022\/10\/29\/apr-les-jeunes-de-pikine-gelent-leurs-activites\/\"},\"author\":{\"name\":\"LA REDACTION\",\"@id\":\"https:\/\/www.public.sn\/#\/schema\/person\/cb76c8e1b8becc6be61fb5e92d6d0224\"},\"headline\":\"APR\u00a0: Les jeunes de Pikine g\u00e8lent leurs activit\u00e9s.\",\"datePublished\":\"2022-10-29T19:12:55+00:00\",\"dateModified\":\"2022-10-29T19:12:57+00:00\",\"mainEntityOfPage\":{\"@id\":\"https:\/\/www.public.sn\/index.php\/2022\/10\/29\/apr-les-jeunes-de-pikine-gelent-leurs-activites\/\"},\"wordCount\":104,\"commentCount\":0,\"publisher\":{\"@id\":\"https:\/\/www.public.sn\/#organization\"},\"image\":{\"@id\":\"https:\/\/www.public.sn\/index.php\/2022\/10\/29\/apr-les-jeunes-de-pikine-gelent-leurs-activites\/#primaryimage\"},\"thumbnailUrl\":\"https:\/\/www.public.sn\/wp-content\/uploads\/2022\/10\/ppp-1.jpg\",\"keywords\":[\"Apr\",\"jeunes\",\"Pikine\"],\"articleSection\":[\"ACTUALIT\u00c9S\",\"POLITIQUE\",\"S\u00c9N\u00c9GAL\"],\"inLanguage\":\"fr-FR\",\"potentialAction\":[{\"@type\":\"CommentAction\",\"name\":\"Comment\",\"target\":[\"https:\/\/www.public.sn\/index.php\/2022\/10\/29\/apr-les-jeunes-de-pikine-gelent-leurs-activites\/#respond\"]}]},{\"@type\":\"WebPage\",\"@id\":\"https:\/\/www.public.sn\/index.php\/2022\/10\/29\/apr-les-jeunes-de-pikine-gelent-leurs-activites\/\",\"url\":\"https:\/\/www.public.sn\/index.php\/2022\/10\/29\/apr-les-jeunes-de-pikine-gelent-leurs-activites\/\",\"name\":\"APR\u00a0: Les jeunes de Pikine g\u00e8lent leurs activit\u00e9s. - LE PUBLIC\",\"isPartOf\":{\"@id\":\"https:\/\/www.public.sn\/#website\"},\"primaryImageOfPage\":{\"@id\":\"https:\/\/www.public.sn\/index.php\/2022\/10\/29\/apr-les-jeunes-de-pikine-gelent-leurs-activites\/#primaryimage\"},\"image\":{\"@id\":\"https:\/\/www.public.sn\/index.php\/2022\/10\/29\/apr-les-jeunes-de-pikine-gelent-leurs-activites\/#primaryimage\"},\"thumbnailUrl\":\"https:\/\/www.public.sn\/wp-content\/uploads\/2022\/10\/ppp-1.jpg\",\"datePublished\":\"2022-10-29T19:12:55+00:00\",\"dateModified\":\"2022-10-29T19:12:57+00:00\",\"breadcrumb\":{\"@id\":\"https:\/\/www.public.sn\/index.php\/2022\/10\/29\/apr-les-jeunes-de-pikine-gelent-leurs-activites\/#breadcrumb\"},\"inLanguage\":\"fr-FR\",\"potentialAction\":[{\"@type\":\"ReadAction\",\"target\":[\"https:\/\/www.public.sn\/index.php\/2022\/10\/29\/apr-les-jeunes-de-pikine-gelent-leurs-activites\/\"]}]},{\"@type\":\"ImageObject\",\"inLanguage\":\"fr-FR\",\"@id\":\"https:\/\/www.public.sn\/index.php\/2022\/10\/29\/apr-les-jeunes-de-pikine-gelent-leurs-activites\/#primaryimage\",\"url\":\"https:\/\/www.public.sn\/wp-content\/uploads\/2022\/10\/ppp-1.jpg\",\"contentUrl\":\"https:\/\/www.public.sn\/wp-content\/uploads\/2022\/10\/ppp-1.jpg\",\"width\":275,\"height\":183,\"caption\":\"Publioc SN\"},{\"@type\":\"BreadcrumbList\",\"@id\":\"https:\/\/www.public.sn\/index.php\/2022\/10\/29\/apr-les-jeunes-de-pikine-gelent-leurs-activites\/#breadcrumb\",\"itemListElement\":[{\"@type\":\"ListItem\",\"position\":1,\"name\":\"Accueil\",\"item\":\"https:\/\/www.public.sn\/\"},{\"@type\":\"ListItem\",\"position\":2,\"name\":\"APR\u00a0: Les jeunes de Pikine g\u00e8lent leurs activit\u00e9s.\"}]},{\"@type\":\"WebSite\",\"@id\":\"https:\/\/www.public.sn\/#website\",\"url\":\"https:\/\/www.public.sn\/\",\"name\":\"LE PUBLIC\",\"description\":\"\",\"publisher\":{\"@id\":\"https:\/\/www.public.sn\/#organization\"},\"potentialAction\":[{\"@type\":\"SearchAction\",\"target\":{\"@type\":\"EntryPoint\",\"urlTemplate\":\"https:\/\/www.public.sn\/?s={search_term_string}\"},\"query-input\":{\"@type\":\"PropertyValueSpecification\",\"valueRequired\":true,\"valueName\":\"search_term_string\"}}],\"inLanguage\":\"fr-FR\"},{\"@type\":\"Organization\",\"@id\":\"https:\/\/www.public.sn\/#organization\",\"name\":\"LE PUBLIC\",\"url\":\"https:\/\/www.public.sn\/\",\"logo\":{\"@type\":\"ImageObject\",\"inLanguage\":\"fr-FR\",\"@id\":\"https:\/\/www.public.sn\/#\/schema\/logo\/image\/\",\"url\":\"https:\/\/www.public.sn\/wp-content\/uploads\/2024\/05\/cropped-LOGO-PUBLIC.SN_.png\",\"contentUrl\":\"https:\/\/www.public.sn\/wp-content\/uploads\/2024\/05\/cropped-LOGO-PUBLIC.SN_.png\",\"width\":682,\"height\":192,\"caption\":\"LE PUBLIC\"},\"image\":{\"@id\":\"https:\/\/www.public.sn\/#\/schema\/logo\/image\/\"}},{\"@type\":\"Person\",\"@id\":\"https:\/\/www.public.sn\/#\/schema\/person\/cb76c8e1b8becc6be61fb5e92d6d0224\",\"name\":\"LA REDACTION\",\"image\":{\"@type\":\"ImageObject\",\"inLanguage\":\"fr-FR\",\"@id\":\"https:\/\/www.public.sn\/#\/schema\/person\/image\/\",\"url\":\"https:\/\/secure.gravatar.com\/avatar\/2dce5ddd34b8fef0180efe03aa2a9bee7d953856048f9a16b298190a3178407c?s=96&d=mm&r=g\",\"contentUrl\":\"https:\/\/secure.gravatar.com\/avatar\/2dce5ddd34b8fef0180efe03aa2a9bee7d953856048f9a16b298190a3178407c?s=96&d=mm&r=g\",\"caption\":\"LA REDACTION\"},\"url\":\"https:\/\/www.public.sn\/index.php\/author\/editeurpsn\/\"}]}<\/script>\n<!-- \/ Yoast SEO plugin. -->","yoast_head_json":{"title":"APR\u00a0: Les jeunes de Pikine g\u00e8lent leurs activit\u00e9s. - LE PUBLIC","robots":{"index":"index","follow":"follow","max-snippet":"max-snippet:-1","max-image-preview":"max-image-preview:large","max-video-preview":"max-video-preview:-1"},"canonical":"https:\/\/www.public.sn\/index.php\/2022\/10\/29\/apr-les-jeunes-de-pikine-gelent-leurs-activites\/","og_locale":"fr_FR","og_type":"article","og_title":"APR\u00a0: Les jeunes de Pikine g\u00e8lent leurs activit\u00e9s. - LE PUBLIC","og_description":"Les jeunes de l\u2019APR de Pikine sont tr\u00e8s en col\u00e8re contre leurs responsables locaux et le pr\u00e9sident de leur parti Macky Sall. Ces derniers avancent qu\u2019 ils sont \u00e9cart\u00e9s de toutes les &nbsp;prises de pouvoir du parti. Ils ont ainsi d\u00e9cid\u00e9 de geler leurs activit\u00e9s politiques. Les jeunes de l\u2019APR se disent marginalis\u00e9s dans le parti. Autre d\u00e9cision prise par ces jeunes, c\u2019est le boycott des op\u00e9rations de vente de cartes du part jusqu\u2019a\u2019a \u00e0 nouvel ordre. Samba SY. &nbsp;","og_url":"https:\/\/www.public.sn\/index.php\/2022\/10\/29\/apr-les-jeunes-de-pikine-gelent-leurs-activites\/","og_site_name":"LE PUBLIC","article_published_time":"2022-10-29T19:12:55+00:00","article_modified_time":"2022-10-29T19:12:57+00:00","og_image":[{"width":275,"height":183,"url":"https:\/\/www.public.sn\/wp-content\/uploads\/2022\/10\/ppp-1.jpg","type":"image\/jpeg"}],"author":"LA REDACTION","twitter_card":"summary_large_image","twitter_misc":{"\u00c9crit par":"LA REDACTION","Dur\u00e9e de lecture estim\u00e9e":"1 minute"},"schema":{"@context":"https:\/\/schema.org","@graph":[{"@type":"Article","@id":"https:\/\/www.public.sn\/index.php\/2022\/10\/29\/apr-les-jeunes-de-pikine-gelent-leurs-activites\/#article","isPartOf":{"@id":"https:\/\/www.public.sn\/index.php\/2022\/10\/29\/apr-les-jeunes-de-pikine-gelent-leurs-activites\/"},"author":{"name":"LA REDACTION","@id":"https:\/\/www.public.sn\/#\/schema\/person\/cb76c8e1b8becc6be61fb5e92d6d0224"},"headline":"APR\u00a0: Les jeunes de Pikine g\u00e8lent leurs activit\u00e9s.","datePublished":"2022-10-29T19:12:55+00:00","dateModified":"2022-10-29T19:12:57+00:00","mainEntityOfPage":{"@id":"https:\/\/www.public.sn\/index.php\/2022\/10\/29\/apr-les-jeunes-de-pikine-gelent-leurs-activites\/"},"wordCount":104,"commentCount":0,"publisher":{"@id":"https:\/\/www.public.sn\/#organization"},"image":{"@id":"https:\/\/www.public.sn\/index.php\/2022\/10\/29\/apr-les-jeunes-de-pikine-gelent-leurs-activites\/#primaryimage"},"thumbnailUrl":"https:\/\/www.public.sn\/wp-content\/uploads\/2022\/10\/ppp-1.jpg","keywords":["Apr","jeunes","Pikine"],"articleSection":["ACTUALIT\u00c9S","POLITIQUE","S\u00c9N\u00c9GAL"],"inLanguage":"fr-FR","potentialAction":[{"@type":"CommentAction","name":"Comment","target":["https:\/\/www.public.sn\/index.php\/2022\/10\/29\/apr-les-jeunes-de-pikine-gelent-leurs-activites\/#respond"]}]},{"@type":"WebPage","@id":"https:\/\/www.public.sn\/index.php\/2022\/10\/29\/apr-les-jeunes-de-pikine-gelent-leurs-activites\/","url":"https:\/\/www.public.sn\/index.php\/2022\/10\/29\/apr-les-jeunes-de-pikine-gelent-leurs-activites\/","name":"APR\u00a0: Les jeunes de Pikine g\u00e8lent leurs activit\u00e9s. - LE PUBLIC","isPartOf":{"@id":"https:\/\/www.public.sn\/#website"},"primaryImageOfPage":{"@id":"https:\/\/www.public.sn\/index.php\/2022\/10\/29\/apr-les-jeunes-de-pikine-gelent-leurs-activites\/#primaryimage"},"image":{"@id":"https:\/\/www.public.sn\/index.php\/2022\/10\/29\/apr-les-jeunes-de-pikine-gelent-leurs-activites\/#primaryimage"},"thumbnailUrl":"https:\/\/www.public.sn\/wp-content\/uploads\/2022\/10\/ppp-1.jpg","datePublished":"2022-10-29T19:12:55+00:00","dateModified":"2022-10-29T19:12:57+00:00","breadcrumb":{"@id":"https:\/\/www.public.sn\/index.php\/2022\/10\/29\/apr-les-jeunes-de-pikine-gelent-leurs-activites\/#breadcrumb"},"inLanguage":"fr-FR","potentialAction":[{"@type":"ReadAction","target":["https:\/\/www.public.sn\/index.php\/2022\/10\/29\/apr-les-jeunes-de-pikine-gelent-leurs-activites\/"]}]},{"@type":"ImageObject","inLanguage":"fr-FR","@id":"https:\/\/www.public.sn\/index.php\/2022\/10\/29\/apr-les-jeunes-de-pikine-gelent-leurs-activites\/#primaryimage","url":"https:\/\/www.public.sn\/wp-content\/uploads\/2022\/10\/ppp-1.jpg","contentUrl":"https:\/\/www.public.sn\/wp-content\/uploads\/2022\/10\/ppp-1.jpg","width":275,"height":183,"caption":"Publioc SN"},{"@type":"BreadcrumbList","@id":"https:\/\/www.public.sn\/index.php\/2022\/10\/29\/apr-les-jeunes-de-pikine-gelent-leurs-activites\/#breadcrumb","itemListElement":[{"@type":"ListItem","position":1,"name":"Accueil","item":"https:\/\/www.public.sn\/"},{"@type":"ListItem","position":2,"name":"APR\u00a0: Les jeunes de Pikine g\u00e8lent leurs activit\u00e9s."}]},{"@type":"WebSite","@id":"https:\/\/www.public.sn\/#website","url":"https:\/\/www.public.sn\/","name":"LE PUBLIC","description":"","publisher":{"@id":"https:\/\/www.public.sn\/#organization"},"potentialAction":[{"@type":"SearchAction","target":{"@type":"EntryPoint","urlTemplate":"https:\/\/www.public.sn\/?s={search_term_string}"},"query-input":{"@type":"PropertyValueSpecification","valueRequired":true,"valueName":"search_term_string"}}],"inLanguage":"fr-FR"},{"@type":"Organization","@id":"https:\/\/www.public.sn\/#organization","name":"LE PUBLIC","url":"https:\/\/www.public.sn\/","logo":{"@type":"ImageObject","inLanguage":"fr-FR","@id":"https:\/\/www.public.sn\/#\/schema\/logo\/image\/","url":"https:\/\/www.public.sn\/wp-content\/uploads\/2024\/05\/cropped-LOGO-PUBLIC.SN_.png","contentUrl":"https:\/\/www.public.sn\/wp-content\/uploads\/2024\/05\/cropped-LOGO-PUBLIC.SN_.png","width":682,"height":192,"caption":"LE PUBLIC"},"image":{"@id":"https:\/\/www.public.sn\/#\/schema\/logo\/image\/"}},{"@type":"Person","@id":"https:\/\/www.public.sn\/#\/schema\/person\/cb76c8e1b8becc6be61fb5e92d6d0224","name":"LA REDACTION","image":{"@type":"ImageObject","inLanguage":"fr-FR","@id":"https:\/\/www.public.sn\/#\/schema\/person\/image\/","url":"https:\/\/secure.gravatar.com\/avatar\/2dce5ddd34b8fef0180efe03aa2a9bee7d953856048f9a16b298190a3178407c?s=96&d=mm&r=g","contentUrl":"https:\/\/secure.gravatar.com\/avatar\/2dce5ddd34b8fef0180efe03aa2a9bee7d953856048f9a16b298190a3178407c?s=96&d=mm&r=g","caption":"LA REDACTION"},"url":"https:\/\/www.public.sn\/index.php\/author\/editeurpsn\/"}]}},"jetpack_featured_media_url":"https:\/\/www.public.sn\/wp-content\/uploads\/2022\/10\/ppp-1.jpg","jetpack_sharing_enabled":true,"_links":{"self":[{"href":"https:\/\/www.public.sn\/index.php\/wp-json\/wp\/v2\/posts\/6354","targetHints":{"allow":["GET"]}}],"collection":[{"href":"https:\/\/www.public.sn\/index.php\/wp-json\/wp\/v2\/posts"}],"about":[{"href":"https:\/\/www.public.sn\/index.php\/wp-json\/wp\/v2\/types\/post"}],"author":[{"embeddable":true,"href":"https:\/\/www.public.sn\/index.php\/wp-json\/wp\/v2\/users\/7"}],"replies":[{"embeddable":true,"href":"https:\/\/www.public.sn\/index.php\/wp-json\/wp\/v2\/comments?post=6354"}],"version-history":[{"count":1,"href":"https:\/\/www.public.sn\/index.php\/wp-json\/wp\/v2\/posts\/6354\/revisions"}],"predecessor-version":[{"id":6357,"href":"https:\/\/www.public.sn\/index.php\/wp-json\/wp\/v2\/posts\/6354\/revisions\/6357"}],"wp:featuredmedia":[{"embeddable":true,"href":"https:\/\/www.public.sn\/index.php\/wp-json\/wp\/v2\/media\/6356"}],"wp:attachment":[{"href":"https:\/\/www.public.sn\/index.php\/wp-json\/wp\/v2\/media?parent=6354"}],"wp:term":[{"taxonomy":"category","embeddable":true,"href":"https:\/\/www.public.sn\/index.php\/wp-json\/wp\/v2\/categories?post=6354"},{"taxonomy":"post_tag","embeddable":true,"href":"https:\/\/www.public.sn\/index.php\/wp-json\/wp\/v2\/tags?post=6354"}],"curies":[{"name":"wp","href":"https:\/\/api.w.org\/{rel}","templated":true}]}}