{"id":6361,"date":"2022-10-31T08:21:58","date_gmt":"2022-10-31T08:21:58","guid":{"rendered":"https:\/\/www.public.sn\/?p=6361"},"modified":"2022-10-31T08:22:00","modified_gmt":"2022-10-31T08:22:00","slug":"aff-sweet-beauty-ousmane-sonko-entendu-ce-jeudi","status":"publish","type":"post","link":"https:\/\/www.public.sn\/index.php\/2022\/10\/31\/aff-sweet-beauty-ousmane-sonko-entendu-ce-jeudi\/","title":{"rendered":"Aff Sweet Beauty : Ousmane Sonko entendu ce Jeudi."},"content":{"rendered":"\n<p><strong>C\u2019est ce 3 novembre que Ousmane Sonko devrait \u00eatre entendu par le juge \u00e0 propos de l\u2019affaire de viol dont il est accus\u00e9. Un des ces avocats Me\u00a0 Bamba Ciss\u00e9 a annonc\u00e9 que \u00ab sauf changement de derni\u00e8re minute, son client devrait \u00eatre entendu par le juge \u00bb.<\/strong><\/p><div class=\"publi-paragraphe1\" style=\"margin-top: 10px;margin-bottom: 10px;margin-left: auto;margin-right: auto;text-align: center;\" id=\"publi-4159807425\"><div class=\"publi-adlabel\">Publicit\u00e9<\/div><script async src=\"\/\/pagead2.googlesyndication.com\/pagead\/js\/adsbygoogle.js?client=ca-pub-4089586018074219\" crossorigin=\"anonymous\"><\/script><ins class=\"adsbygoogle\" style=\"display:block;\" data-ad-client=\"ca-pub-4089586018074219\" \ndata-ad-slot=\"2087940154\" \ndata-ad-format=\"auto\"><\/ins>\n<script> \n(adsbygoogle = window.adsbygoogle || []).push({}); \n<\/script>\n<\/div>\n\n\n\n<p><\/p>\n\n\n\n<p> Le leader de Pastef rappelons le, a \u00e9t\u00e9 accus\u00e9 de viol par la masseuse Adji Sarr. Convoqu\u00e9 une premi\u00e8re fois en Mars 2021, cela avait engendr\u00e9 des manifestations meurtri\u00e8res dans plusieurs r\u00e9gions du S\u00e9n\u00e9gal. Toutefois des informations font \u00e9tat de la volont\u00e9 des autorit\u00e9s de faire en sorte que ce qui s\u2019\u00e9tait pass\u00e9 en Mars 2021 ne puisse pas se reproduire. La Police et la gendarmerie serait mobilis\u00e9 sous le code de \u00ab Oscar-Sierra \u00bb. <\/p>\n\n\n\n<p><\/p>\n\n\n\n<p>\u00ab En pr\u00e9vision de l&rsquo;audition prochaine d&rsquo;oscar sierra-x-tout le personnel du groupe op\u00e9rationnel de Dakar est consign\u00e9 dans les cantonnements pour compter du mercredi 02 novembre 2022 jusqu&rsquo;\u00e0 nouvel ordre-x-. Les commandants d&rsquo;unit\u00e9 sont tenus de contr\u00f4ler la pr\u00e9sence effective du personnel plac\u00e9 sous leurs ordres et de respecter strictement les heures de mise en place qui seront d\u00e9finies dans les notes de service \u00e9tablies durant la consigne-x-et fin \u00bb. C\u2019est le message qui aurait fuit\u00e9 des services de s\u00e9curit\u00e9. Affaire \u00e0 suivre.<\/p>\n\n\n\n<p><\/p>\n\n\n\n<p>Samba SY.<\/p>\n<div class=\"publi-apres-le-contenu\" style=\"margin-top: 10px;margin-bottom: 10px;margin-left: auto;margin-right: auto;text-align: center;\" id=\"publi-3116422435\"><div class=\"publi-adlabel\">Publicit\u00e9<\/div><script async src=\"\/\/pagead2.googlesyndication.com\/pagead\/js\/adsbygoogle.js?client=ca-pub-4089586018074219\" crossorigin=\"anonymous\"><\/script><ins class=\"adsbygoogle\" style=\"display:block;\" data-ad-client=\"ca-pub-4089586018074219\" \ndata-ad-slot=\"2087940154\" \ndata-ad-format=\"auto\"><\/ins>\n<script> \n(adsbygoogle = window.adsbygoogle || []).push({}); \n<\/script>\n<\/div>","protected":false},"excerpt":{"rendered":"<p>C\u2019est ce 3 novembre que Ousmane Sonko devrait \u00eatre entendu par le juge \u00e0 propos de l\u2019affaire de viol dont il est accus\u00e9. Un des ces avocats Me\u00a0 Bamba Ciss\u00e9 a annonc\u00e9 que \u00ab sauf changement de derni\u00e8re minute, son client devrait \u00eatre entendu par le juge \u00bb. Le leader de Pastef rappelons le, a \u00e9t\u00e9 accus\u00e9 de viol par la masseuse Adji Sarr. Convoqu\u00e9 une premi\u00e8re fois en Mars 2021, cela avait engendr\u00e9 des manifestations meurtri\u00e8res dans plusieurs r\u00e9gions du S\u00e9n\u00e9gal. Toutefois des informations font \u00e9tat de la volont\u00e9 des autorit\u00e9s de faire en sorte que ce qui s\u2019\u00e9tait pass\u00e9 en Mars 2021 ne puisse pas se reproduire. La Police et la gendarmerie serait mobilis\u00e9 sous le code de \u00ab Oscar-Sierra \u00bb. \u00ab En pr\u00e9vision de l&rsquo;audition prochaine d&rsquo;oscar sierra-x-tout le personnel du groupe op\u00e9rationnel de Dakar est consign\u00e9 dans les cantonnements pour compter du mercredi 02 novembre 2022 jusqu&rsquo;\u00e0 nouvel ordre-x-. Les commandants d&rsquo;unit\u00e9 sont tenus de contr\u00f4ler la pr\u00e9sence effective du personnel plac\u00e9 sous leurs ordres et de respecter strictement les heures de mise en place qui seront d\u00e9finies dans les notes de service \u00e9tablies durant la consigne-x-et fin \u00bb. C\u2019est le message qui aurait fuit\u00e9 des services de s\u00e9curit\u00e9. Affaire \u00e0 suivre. Samba SY.<\/p>\n","protected":false},"author":7,"featured_media":6362,"comment_status":"open","ping_status":"open","sticky":false,"template":"","format":"standard","meta":{"_jetpack_memberships_contains_paid_content":false,"footnotes":""},"categories":[375,3,1,372],"tags":[1217,2222,306],"class_list":["post-6361","post","type-post","status-publish","format-standard","has-post-thumbnail","hentry","category-actualites","category-politique","category-non-classe","category-vedette","tag-audition","tag-ce-jeudi","tag-sonko","entry","has-media","owp-thumbs-layout-horizontal","owp-btn-normal","owp-tabs-layout-horizontal","has-no-thumbnails","has-product-nav"],"yoast_head":"<!-- This site is optimized with the Yoast SEO plugin v25.5 - https:\/\/yoast.com\/wordpress\/plugins\/seo\/ -->\n<title>Aff Sweet Beauty : Ousmane Sonko entendu ce Jeudi. - LE PUBLIC<\/title>\n<meta name=\"robots\" content=\"index, follow, max-snippet:-1, max-image-preview:large, max-video-preview:-1\" \/>\n<link rel=\"canonical\" href=\"https:\/\/www.public.sn\/index.php\/2022\/10\/31\/aff-sweet-beauty-ousmane-sonko-entendu-ce-jeudi\/\" \/>\n<meta property=\"og:locale\" content=\"fr_FR\" \/>\n<meta property=\"og:type\" content=\"article\" \/>\n<meta property=\"og:title\" content=\"Aff Sweet Beauty : Ousmane Sonko entendu ce Jeudi. - LE PUBLIC\" \/>\n<meta property=\"og:description\" content=\"C\u2019est ce 3 novembre que Ousmane Sonko devrait \u00eatre entendu par le juge \u00e0 propos de l\u2019affaire de viol dont il est accus\u00e9. Un des ces avocats Me\u00a0 Bamba Ciss\u00e9 a annonc\u00e9 que \u00ab sauf changement de derni\u00e8re minute, son client devrait \u00eatre entendu par le juge \u00bb. Le leader de Pastef rappelons le, a \u00e9t\u00e9 accus\u00e9 de viol par la masseuse Adji Sarr. Convoqu\u00e9 une premi\u00e8re fois en Mars 2021, cela avait engendr\u00e9 des manifestations meurtri\u00e8res dans plusieurs r\u00e9gions du S\u00e9n\u00e9gal. Toutefois des informations font \u00e9tat de la volont\u00e9 des autorit\u00e9s de faire en sorte que ce qui s\u2019\u00e9tait pass\u00e9 en Mars 2021 ne puisse pas se reproduire. La Police et la gendarmerie serait mobilis\u00e9 sous le code de \u00ab Oscar-Sierra \u00bb. \u00ab En pr\u00e9vision de l&rsquo;audition prochaine d&rsquo;oscar sierra-x-tout le personnel du groupe op\u00e9rationnel de Dakar est consign\u00e9 dans les cantonnements pour compter du mercredi 02 novembre 2022 jusqu&rsquo;\u00e0 nouvel ordre-x-. Les commandants d&rsquo;unit\u00e9 sont tenus de contr\u00f4ler la pr\u00e9sence effective du personnel plac\u00e9 sous leurs ordres et de respecter strictement les heures de mise en place qui seront d\u00e9finies dans les notes de service \u00e9tablies durant la consigne-x-et fin \u00bb. C\u2019est le message qui aurait fuit\u00e9 des services de s\u00e9curit\u00e9. Affaire \u00e0 suivre. Samba SY.\" \/>\n<meta property=\"og:url\" content=\"https:\/\/www.public.sn\/index.php\/2022\/10\/31\/aff-sweet-beauty-ousmane-sonko-entendu-ce-jeudi\/\" \/>\n<meta property=\"og:site_name\" content=\"LE PUBLIC\" \/>\n<meta property=\"article:published_time\" content=\"2022-10-31T08:21:58+00:00\" \/>\n<meta property=\"article:modified_time\" content=\"2022-10-31T08:22:00+00:00\" \/>\n<meta property=\"og:image\" content=\"https:\/\/www.public.sn\/wp-content\/uploads\/2022\/10\/sonko-1.webp\" \/>\n\t<meta property=\"og:image:width\" content=\"1400\" \/>\n\t<meta property=\"og:image:height\" content=\"933\" \/>\n\t<meta property=\"og:image:type\" content=\"image\/webp\" \/>\n<meta name=\"author\" content=\"LA REDACTION\" \/>\n<meta name=\"twitter:card\" content=\"summary_large_image\" \/>\n<meta name=\"twitter:label1\" content=\"\u00c9crit par\" \/>\n\t<meta name=\"twitter:data1\" content=\"LA REDACTION\" \/>\n\t<meta name=\"twitter:label2\" content=\"Dur\u00e9e de lecture estim\u00e9e\" \/>\n\t<meta name=\"twitter:data2\" content=\"2 minutes\" \/>\n<script type=\"application\/ld+json\" class=\"yoast-schema-graph\">{\"@context\":\"https:\/\/schema.org\",\"@graph\":[{\"@type\":\"Article\",\"@id\":\"https:\/\/www.public.sn\/index.php\/2022\/10\/31\/aff-sweet-beauty-ousmane-sonko-entendu-ce-jeudi\/#article\",\"isPartOf\":{\"@id\":\"https:\/\/www.public.sn\/index.php\/2022\/10\/31\/aff-sweet-beauty-ousmane-sonko-entendu-ce-jeudi\/\"},\"author\":{\"name\":\"LA REDACTION\",\"@id\":\"https:\/\/www.public.sn\/#\/schema\/person\/cb76c8e1b8becc6be61fb5e92d6d0224\"},\"headline\":\"Aff Sweet Beauty : Ousmane Sonko entendu ce Jeudi.\",\"datePublished\":\"2022-10-31T08:21:58+00:00\",\"dateModified\":\"2022-10-31T08:22:00+00:00\",\"mainEntityOfPage\":{\"@id\":\"https:\/\/www.public.sn\/index.php\/2022\/10\/31\/aff-sweet-beauty-ousmane-sonko-entendu-ce-jeudi\/\"},\"wordCount\":220,\"commentCount\":0,\"publisher\":{\"@id\":\"https:\/\/www.public.sn\/#organization\"},\"image\":{\"@id\":\"https:\/\/www.public.sn\/index.php\/2022\/10\/31\/aff-sweet-beauty-ousmane-sonko-entendu-ce-jeudi\/#primaryimage\"},\"thumbnailUrl\":\"https:\/\/www.public.sn\/wp-content\/uploads\/2022\/10\/sonko-1.webp\",\"keywords\":[\"Audition\",\"ce jeudi\",\"sonko\"],\"articleSection\":[\"ACTUALIT\u00c9S\",\"POLITIQUE\",\"S\u00c9N\u00c9GAL\",\"VEDETTE\"],\"inLanguage\":\"fr-FR\",\"potentialAction\":[{\"@type\":\"CommentAction\",\"name\":\"Comment\",\"target\":[\"https:\/\/www.public.sn\/index.php\/2022\/10\/31\/aff-sweet-beauty-ousmane-sonko-entendu-ce-jeudi\/#respond\"]}]},{\"@type\":\"WebPage\",\"@id\":\"https:\/\/www.public.sn\/index.php\/2022\/10\/31\/aff-sweet-beauty-ousmane-sonko-entendu-ce-jeudi\/\",\"url\":\"https:\/\/www.public.sn\/index.php\/2022\/10\/31\/aff-sweet-beauty-ousmane-sonko-entendu-ce-jeudi\/\",\"name\":\"Aff Sweet Beauty : Ousmane Sonko entendu ce Jeudi. - LE PUBLIC\",\"isPartOf\":{\"@id\":\"https:\/\/www.public.sn\/#website\"},\"primaryImageOfPage\":{\"@id\":\"https:\/\/www.public.sn\/index.php\/2022\/10\/31\/aff-sweet-beauty-ousmane-sonko-entendu-ce-jeudi\/#primaryimage\"},\"image\":{\"@id\":\"https:\/\/www.public.sn\/index.php\/2022\/10\/31\/aff-sweet-beauty-ousmane-sonko-entendu-ce-jeudi\/#primaryimage\"},\"thumbnailUrl\":\"https:\/\/www.public.sn\/wp-content\/uploads\/2022\/10\/sonko-1.webp\",\"datePublished\":\"2022-10-31T08:21:58+00:00\",\"dateModified\":\"2022-10-31T08:22:00+00:00\",\"breadcrumb\":{\"@id\":\"https:\/\/www.public.sn\/index.php\/2022\/10\/31\/aff-sweet-beauty-ousmane-sonko-entendu-ce-jeudi\/#breadcrumb\"},\"inLanguage\":\"fr-FR\",\"potentialAction\":[{\"@type\":\"ReadAction\",\"target\":[\"https:\/\/www.public.sn\/index.php\/2022\/10\/31\/aff-sweet-beauty-ousmane-sonko-entendu-ce-jeudi\/\"]}]},{\"@type\":\"ImageObject\",\"inLanguage\":\"fr-FR\",\"@id\":\"https:\/\/www.public.sn\/index.php\/2022\/10\/31\/aff-sweet-beauty-ousmane-sonko-entendu-ce-jeudi\/#primaryimage\",\"url\":\"https:\/\/www.public.sn\/wp-content\/uploads\/2022\/10\/sonko-1.webp\",\"contentUrl\":\"https:\/\/www.public.sn\/wp-content\/uploads\/2022\/10\/sonko-1.webp\",\"width\":1400,\"height\":933,\"caption\":\"publicsn\"},{\"@type\":\"BreadcrumbList\",\"@id\":\"https:\/\/www.public.sn\/index.php\/2022\/10\/31\/aff-sweet-beauty-ousmane-sonko-entendu-ce-jeudi\/#breadcrumb\",\"itemListElement\":[{\"@type\":\"ListItem\",\"position\":1,\"name\":\"Accueil\",\"item\":\"https:\/\/www.public.sn\/\"},{\"@type\":\"ListItem\",\"position\":2,\"name\":\"Aff Sweet Beauty : Ousmane Sonko entendu ce Jeudi.\"}]},{\"@type\":\"WebSite\",\"@id\":\"https:\/\/www.public.sn\/#website\",\"url\":\"https:\/\/www.public.sn\/\",\"name\":\"LE PUBLIC\",\"description\":\"\",\"publisher\":{\"@id\":\"https:\/\/www.public.sn\/#organization\"},\"potentialAction\":[{\"@type\":\"SearchAction\",\"target\":{\"@type\":\"EntryPoint\",\"urlTemplate\":\"https:\/\/www.public.sn\/?s={search_term_string}\"},\"query-input\":{\"@type\":\"PropertyValueSpecification\",\"valueRequired\":true,\"valueName\":\"search_term_string\"}}],\"inLanguage\":\"fr-FR\"},{\"@type\":\"Organization\",\"@id\":\"https:\/\/www.public.sn\/#organization\",\"name\":\"LE PUBLIC\",\"url\":\"https:\/\/www.public.sn\/\",\"logo\":{\"@type\":\"ImageObject\",\"inLanguage\":\"fr-FR\",\"@id\":\"https:\/\/www.public.sn\/#\/schema\/logo\/image\/\",\"url\":\"https:\/\/www.public.sn\/wp-content\/uploads\/2024\/05\/cropped-LOGO-PUBLIC.SN_.png\",\"contentUrl\":\"https:\/\/www.public.sn\/wp-content\/uploads\/2024\/05\/cropped-LOGO-PUBLIC.SN_.png\",\"width\":682,\"height\":192,\"caption\":\"LE PUBLIC\"},\"image\":{\"@id\":\"https:\/\/www.public.sn\/#\/schema\/logo\/image\/\"}},{\"@type\":\"Person\",\"@id\":\"https:\/\/www.public.sn\/#\/schema\/person\/cb76c8e1b8becc6be61fb5e92d6d0224\",\"name\":\"LA REDACTION\",\"image\":{\"@type\":\"ImageObject\",\"inLanguage\":\"fr-FR\",\"@id\":\"https:\/\/www.public.sn\/#\/schema\/person\/image\/\",\"url\":\"https:\/\/secure.gravatar.com\/avatar\/2dce5ddd34b8fef0180efe03aa2a9bee7d953856048f9a16b298190a3178407c?s=96&d=mm&r=g\",\"contentUrl\":\"https:\/\/secure.gravatar.com\/avatar\/2dce5ddd34b8fef0180efe03aa2a9bee7d953856048f9a16b298190a3178407c?s=96&d=mm&r=g\",\"caption\":\"LA REDACTION\"},\"url\":\"https:\/\/www.public.sn\/index.php\/author\/editeurpsn\/\"}]}<\/script>\n<!-- \/ Yoast SEO plugin. -->","yoast_head_json":{"title":"Aff Sweet Beauty : Ousmane Sonko entendu ce Jeudi. - LE PUBLIC","robots":{"index":"index","follow":"follow","max-snippet":"max-snippet:-1","max-image-preview":"max-image-preview:large","max-video-preview":"max-video-preview:-1"},"canonical":"https:\/\/www.public.sn\/index.php\/2022\/10\/31\/aff-sweet-beauty-ousmane-sonko-entendu-ce-jeudi\/","og_locale":"fr_FR","og_type":"article","og_title":"Aff Sweet Beauty : Ousmane Sonko entendu ce Jeudi. - LE PUBLIC","og_description":"C\u2019est ce 3 novembre que Ousmane Sonko devrait \u00eatre entendu par le juge \u00e0 propos de l\u2019affaire de viol dont il est accus\u00e9. Un des ces avocats Me\u00a0 Bamba Ciss\u00e9 a annonc\u00e9 que \u00ab sauf changement de derni\u00e8re minute, son client devrait \u00eatre entendu par le juge \u00bb. Le leader de Pastef rappelons le, a \u00e9t\u00e9 accus\u00e9 de viol par la masseuse Adji Sarr. Convoqu\u00e9 une premi\u00e8re fois en Mars 2021, cela avait engendr\u00e9 des manifestations meurtri\u00e8res dans plusieurs r\u00e9gions du S\u00e9n\u00e9gal. Toutefois des informations font \u00e9tat de la volont\u00e9 des autorit\u00e9s de faire en sorte que ce qui s\u2019\u00e9tait pass\u00e9 en Mars 2021 ne puisse pas se reproduire. La Police et la gendarmerie serait mobilis\u00e9 sous le code de \u00ab Oscar-Sierra \u00bb. \u00ab En pr\u00e9vision de l&rsquo;audition prochaine d&rsquo;oscar sierra-x-tout le personnel du groupe op\u00e9rationnel de Dakar est consign\u00e9 dans les cantonnements pour compter du mercredi 02 novembre 2022 jusqu&rsquo;\u00e0 nouvel ordre-x-. Les commandants d&rsquo;unit\u00e9 sont tenus de contr\u00f4ler la pr\u00e9sence effective du personnel plac\u00e9 sous leurs ordres et de respecter strictement les heures de mise en place qui seront d\u00e9finies dans les notes de service \u00e9tablies durant la consigne-x-et fin \u00bb. C\u2019est le message qui aurait fuit\u00e9 des services de s\u00e9curit\u00e9. Affaire \u00e0 suivre. Samba SY.","og_url":"https:\/\/www.public.sn\/index.php\/2022\/10\/31\/aff-sweet-beauty-ousmane-sonko-entendu-ce-jeudi\/","og_site_name":"LE PUBLIC","article_published_time":"2022-10-31T08:21:58+00:00","article_modified_time":"2022-10-31T08:22:00+00:00","og_image":[{"width":1400,"height":933,"url":"https:\/\/www.public.sn\/wp-content\/uploads\/2022\/10\/sonko-1.webp","type":"image\/webp"}],"author":"LA REDACTION","twitter_card":"summary_large_image","twitter_misc":{"\u00c9crit par":"LA REDACTION","Dur\u00e9e de lecture estim\u00e9e":"2 minutes"},"schema":{"@context":"https:\/\/schema.org","@graph":[{"@type":"Article","@id":"https:\/\/www.public.sn\/index.php\/2022\/10\/31\/aff-sweet-beauty-ousmane-sonko-entendu-ce-jeudi\/#article","isPartOf":{"@id":"https:\/\/www.public.sn\/index.php\/2022\/10\/31\/aff-sweet-beauty-ousmane-sonko-entendu-ce-jeudi\/"},"author":{"name":"LA REDACTION","@id":"https:\/\/www.public.sn\/#\/schema\/person\/cb76c8e1b8becc6be61fb5e92d6d0224"},"headline":"Aff Sweet Beauty : Ousmane Sonko entendu ce Jeudi.","datePublished":"2022-10-31T08:21:58+00:00","dateModified":"2022-10-31T08:22:00+00:00","mainEntityOfPage":{"@id":"https:\/\/www.public.sn\/index.php\/2022\/10\/31\/aff-sweet-beauty-ousmane-sonko-entendu-ce-jeudi\/"},"wordCount":220,"commentCount":0,"publisher":{"@id":"https:\/\/www.public.sn\/#organization"},"image":{"@id":"https:\/\/www.public.sn\/index.php\/2022\/10\/31\/aff-sweet-beauty-ousmane-sonko-entendu-ce-jeudi\/#primaryimage"},"thumbnailUrl":"https:\/\/www.public.sn\/wp-content\/uploads\/2022\/10\/sonko-1.webp","keywords":["Audition","ce jeudi","sonko"],"articleSection":["ACTUALIT\u00c9S","POLITIQUE","S\u00c9N\u00c9GAL","VEDETTE"],"inLanguage":"fr-FR","potentialAction":[{"@type":"CommentAction","name":"Comment","target":["https:\/\/www.public.sn\/index.php\/2022\/10\/31\/aff-sweet-beauty-ousmane-sonko-entendu-ce-jeudi\/#respond"]}]},{"@type":"WebPage","@id":"https:\/\/www.public.sn\/index.php\/2022\/10\/31\/aff-sweet-beauty-ousmane-sonko-entendu-ce-jeudi\/","url":"https:\/\/www.public.sn\/index.php\/2022\/10\/31\/aff-sweet-beauty-ousmane-sonko-entendu-ce-jeudi\/","name":"Aff Sweet Beauty : Ousmane Sonko entendu ce Jeudi. - LE PUBLIC","isPartOf":{"@id":"https:\/\/www.public.sn\/#website"},"primaryImageOfPage":{"@id":"https:\/\/www.public.sn\/index.php\/2022\/10\/31\/aff-sweet-beauty-ousmane-sonko-entendu-ce-jeudi\/#primaryimage"},"image":{"@id":"https:\/\/www.public.sn\/index.php\/2022\/10\/31\/aff-sweet-beauty-ousmane-sonko-entendu-ce-jeudi\/#primaryimage"},"thumbnailUrl":"https:\/\/www.public.sn\/wp-content\/uploads\/2022\/10\/sonko-1.webp","datePublished":"2022-10-31T08:21:58+00:00","dateModified":"2022-10-31T08:22:00+00:00","breadcrumb":{"@id":"https:\/\/www.public.sn\/index.php\/2022\/10\/31\/aff-sweet-beauty-ousmane-sonko-entendu-ce-jeudi\/#breadcrumb"},"inLanguage":"fr-FR","potentialAction":[{"@type":"ReadAction","target":["https:\/\/www.public.sn\/index.php\/2022\/10\/31\/aff-sweet-beauty-ousmane-sonko-entendu-ce-jeudi\/"]}]},{"@type":"ImageObject","inLanguage":"fr-FR","@id":"https:\/\/www.public.sn\/index.php\/2022\/10\/31\/aff-sweet-beauty-ousmane-sonko-entendu-ce-jeudi\/#primaryimage","url":"https:\/\/www.public.sn\/wp-content\/uploads\/2022\/10\/sonko-1.webp","contentUrl":"https:\/\/www.public.sn\/wp-content\/uploads\/2022\/10\/sonko-1.webp","width":1400,"height":933,"caption":"publicsn"},{"@type":"BreadcrumbList","@id":"https:\/\/www.public.sn\/index.php\/2022\/10\/31\/aff-sweet-beauty-ousmane-sonko-entendu-ce-jeudi\/#breadcrumb","itemListElement":[{"@type":"ListItem","position":1,"name":"Accueil","item":"https:\/\/www.public.sn\/"},{"@type":"ListItem","position":2,"name":"Aff Sweet Beauty : Ousmane Sonko entendu ce Jeudi."}]},{"@type":"WebSite","@id":"https:\/\/www.public.sn\/#website","url":"https:\/\/www.public.sn\/","name":"LE PUBLIC","description":"","publisher":{"@id":"https:\/\/www.public.sn\/#organization"},"potentialAction":[{"@type":"SearchAction","target":{"@type":"EntryPoint","urlTemplate":"https:\/\/www.public.sn\/?s={search_term_string}"},"query-input":{"@type":"PropertyValueSpecification","valueRequired":true,"valueName":"search_term_string"}}],"inLanguage":"fr-FR"},{"@type":"Organization","@id":"https:\/\/www.public.sn\/#organization","name":"LE PUBLIC","url":"https:\/\/www.public.sn\/","logo":{"@type":"ImageObject","inLanguage":"fr-FR","@id":"https:\/\/www.public.sn\/#\/schema\/logo\/image\/","url":"https:\/\/www.public.sn\/wp-content\/uploads\/2024\/05\/cropped-LOGO-PUBLIC.SN_.png","contentUrl":"https:\/\/www.public.sn\/wp-content\/uploads\/2024\/05\/cropped-LOGO-PUBLIC.SN_.png","width":682,"height":192,"caption":"LE PUBLIC"},"image":{"@id":"https:\/\/www.public.sn\/#\/schema\/logo\/image\/"}},{"@type":"Person","@id":"https:\/\/www.public.sn\/#\/schema\/person\/cb76c8e1b8becc6be61fb5e92d6d0224","name":"LA REDACTION","image":{"@type":"ImageObject","inLanguage":"fr-FR","@id":"https:\/\/www.public.sn\/#\/schema\/person\/image\/","url":"https:\/\/secure.gravatar.com\/avatar\/2dce5ddd34b8fef0180efe03aa2a9bee7d953856048f9a16b298190a3178407c?s=96&d=mm&r=g","contentUrl":"https:\/\/secure.gravatar.com\/avatar\/2dce5ddd34b8fef0180efe03aa2a9bee7d953856048f9a16b298190a3178407c?s=96&d=mm&r=g","caption":"LA REDACTION"},"url":"https:\/\/www.public.sn\/index.php\/author\/editeurpsn\/"}]}},"jetpack_featured_media_url":"https:\/\/www.public.sn\/wp-content\/uploads\/2022\/10\/sonko-1.webp","jetpack_sharing_enabled":true,"_links":{"self":[{"href":"https:\/\/www.public.sn\/index.php\/wp-json\/wp\/v2\/posts\/6361","targetHints":{"allow":["GET"]}}],"collection":[{"href":"https:\/\/www.public.sn\/index.php\/wp-json\/wp\/v2\/posts"}],"about":[{"href":"https:\/\/www.public.sn\/index.php\/wp-json\/wp\/v2\/types\/post"}],"author":[{"embeddable":true,"href":"https:\/\/www.public.sn\/index.php\/wp-json\/wp\/v2\/users\/7"}],"replies":[{"embeddable":true,"href":"https:\/\/www.public.sn\/index.php\/wp-json\/wp\/v2\/comments?post=6361"}],"version-history":[{"count":1,"href":"https:\/\/www.public.sn\/index.php\/wp-json\/wp\/v2\/posts\/6361\/revisions"}],"predecessor-version":[{"id":6363,"href":"https:\/\/www.public.sn\/index.php\/wp-json\/wp\/v2\/posts\/6361\/revisions\/6363"}],"wp:featuredmedia":[{"embeddable":true,"href":"https:\/\/www.public.sn\/index.php\/wp-json\/wp\/v2\/media\/6362"}],"wp:attachment":[{"href":"https:\/\/www.public.sn\/index.php\/wp-json\/wp\/v2\/media?parent=6361"}],"wp:term":[{"taxonomy":"category","embeddable":true,"href":"https:\/\/www.public.sn\/index.php\/wp-json\/wp\/v2\/categories?post=6361"},{"taxonomy":"post_tag","embeddable":true,"href":"https:\/\/www.public.sn\/index.php\/wp-json\/wp\/v2\/tags?post=6361"}],"curies":[{"name":"wp","href":"https:\/\/api.w.org\/{rel}","templated":true}]}}