{"id":6404,"date":"2022-10-31T10:02:48","date_gmt":"2022-10-31T10:02:48","guid":{"rendered":"https:\/\/www.public.sn\/?p=6404"},"modified":"2022-10-31T10:02:50","modified_gmt":"2022-10-31T10:02:50","slug":"affaire-adji-sarr-ousmane-sonko-risque-un-mandat-de-depot","status":"publish","type":"post","link":"https:\/\/www.public.sn\/index.php\/2022\/10\/31\/affaire-adji-sarr-ousmane-sonko-risque-un-mandat-de-depot\/","title":{"rendered":"Affaire Adji Sarr\u00a0: Ousmane Sonko risque un mandat de d\u00e9p\u00f4t."},"content":{"rendered":"\n<h1 class=\"wp-block-heading\"><\/h1>\n\n\n\n<h1 class=\"wp-block-heading\"><\/h1>\n\n\n\n<p>D\u2019apr\u00e8s B\u00e9s Bi, deux issues se pr\u00e9sentent pour Ousmane Sonko. Soit le juge prononce un non-lieu, ce qui provoquera une extinction de l\u2019action en justice, soit il renvoie le mis en cause devant un tribunal. Dans ce dernier cas, rel\u00e8ve le journal, le leader de Pastef risque d\u2019\u00eatre plac\u00e9 sous mandat de d\u00e9p\u00f4t.<\/p><div class=\"publi-paragraphe1\" style=\"margin-top: 10px;margin-bottom: 10px;margin-left: auto;margin-right: auto;text-align: center;\" id=\"publi-257274023\"><div class=\"publi-adlabel\">Publicit\u00e9<\/div><script async src=\"\/\/pagead2.googlesyndication.com\/pagead\/js\/adsbygoogle.js?client=ca-pub-4089586018074219\" crossorigin=\"anonymous\"><\/script><ins class=\"adsbygoogle\" style=\"display:block;\" data-ad-client=\"ca-pub-4089586018074219\" \ndata-ad-slot=\"2087940154\" \ndata-ad-format=\"auto\"><\/ins>\n<script> \n(adsbygoogle = window.adsbygoogle || []).push({}); \n<\/script>\n<\/div>\n\n\n\n<p>\u00abSi le juge d\u2019instruction estime que les faits constituent une infraction qualifi\u00e9e de crime par la loi, il rend une ordonnance de mise en accusation devant la Cour d\u2019assises. (\u2026) La d\u00e9cision de renvoi devant la Cour d\u2019assises doit \u00eatre pr\u00e9c\u00e9d\u00e9e d\u2019une ordonnance de prise de corps contre l\u2019accus\u00e9\u00bb, stipule l\u2019article 175 du Code p\u00e9nal, repris par B\u00e9s Bi.<\/p>\n\n\n\n<p>Falil Gadio<\/p>\n<div class=\"publi-apres-le-contenu\" style=\"margin-top: 10px;margin-bottom: 10px;margin-left: auto;margin-right: auto;text-align: center;\" id=\"publi-1446732551\"><div class=\"publi-adlabel\">Publicit\u00e9<\/div><script async src=\"\/\/pagead2.googlesyndication.com\/pagead\/js\/adsbygoogle.js?client=ca-pub-4089586018074219\" crossorigin=\"anonymous\"><\/script><ins class=\"adsbygoogle\" style=\"display:block;\" data-ad-client=\"ca-pub-4089586018074219\" \ndata-ad-slot=\"2087940154\" \ndata-ad-format=\"auto\"><\/ins>\n<script> \n(adsbygoogle = window.adsbygoogle || []).push({}); \n<\/script>\n<\/div>","protected":false},"excerpt":{"rendered":"<p>D\u2019apr\u00e8s B\u00e9s Bi, deux issues se pr\u00e9sentent pour Ousmane Sonko. Soit le juge prononce un non-lieu, ce qui provoquera une extinction de l\u2019action en justice, soit il renvoie le mis en cause devant un tribunal. Dans ce dernier cas, rel\u00e8ve le journal, le leader de Pastef risque d\u2019\u00eatre plac\u00e9 sous mandat de d\u00e9p\u00f4t. \u00abSi le juge d\u2019instruction estime que les faits constituent une infraction qualifi\u00e9e de crime par la loi, il rend une ordonnance de mise en accusation devant la Cour d\u2019assises. (\u2026) La d\u00e9cision de renvoi devant la Cour d\u2019assises doit \u00eatre pr\u00e9c\u00e9d\u00e9e d\u2019une ordonnance de prise de corps contre l\u2019accus\u00e9\u00bb, stipule l\u2019article 175 du Code p\u00e9nal, repris par B\u00e9s Bi. Falil Gadio<\/p>\n","protected":false},"author":1,"featured_media":6409,"comment_status":"open","ping_status":"open","sticky":false,"template":"","format":"standard","meta":{"_jetpack_memberships_contains_paid_content":false,"footnotes":""},"categories":[375,376,4,372],"tags":[1216,2240,2241],"class_list":["post-6404","post","type-post","status-publish","format-standard","has-post-thumbnail","hentry","category-actualites","category-securite-justice","category-societe","category-vedette","tag-affaire-sonko","tag-convocation","tag-jeudi","entry","has-media","owp-thumbs-layout-horizontal","owp-btn-normal","owp-tabs-layout-horizontal","has-no-thumbnails","has-product-nav"],"yoast_head":"<!-- This site is optimized with the Yoast SEO plugin v25.5 - https:\/\/yoast.com\/wordpress\/plugins\/seo\/ -->\n<title>Affaire Adji Sarr\u00a0: Ousmane Sonko risque un mandat de d\u00e9p\u00f4t. - LE PUBLIC<\/title>\n<meta name=\"robots\" content=\"index, follow, max-snippet:-1, max-image-preview:large, max-video-preview:-1\" \/>\n<link rel=\"canonical\" href=\"https:\/\/www.public.sn\/index.php\/2022\/10\/31\/affaire-adji-sarr-ousmane-sonko-risque-un-mandat-de-depot\/\" \/>\n<meta property=\"og:locale\" content=\"fr_FR\" \/>\n<meta property=\"og:type\" content=\"article\" \/>\n<meta property=\"og:title\" content=\"Affaire Adji Sarr\u00a0: Ousmane Sonko risque un mandat de d\u00e9p\u00f4t. - LE PUBLIC\" \/>\n<meta property=\"og:description\" content=\"D\u2019apr\u00e8s B\u00e9s Bi, deux issues se pr\u00e9sentent pour Ousmane Sonko. Soit le juge prononce un non-lieu, ce qui provoquera une extinction de l\u2019action en justice, soit il renvoie le mis en cause devant un tribunal. Dans ce dernier cas, rel\u00e8ve le journal, le leader de Pastef risque d\u2019\u00eatre plac\u00e9 sous mandat de d\u00e9p\u00f4t. \u00abSi le juge d\u2019instruction estime que les faits constituent une infraction qualifi\u00e9e de crime par la loi, il rend une ordonnance de mise en accusation devant la Cour d\u2019assises. (\u2026) La d\u00e9cision de renvoi devant la Cour d\u2019assises doit \u00eatre pr\u00e9c\u00e9d\u00e9e d\u2019une ordonnance de prise de corps contre l\u2019accus\u00e9\u00bb, stipule l\u2019article 175 du Code p\u00e9nal, repris par B\u00e9s Bi. Falil Gadio\" \/>\n<meta property=\"og:url\" content=\"https:\/\/www.public.sn\/index.php\/2022\/10\/31\/affaire-adji-sarr-ousmane-sonko-risque-un-mandat-de-depot\/\" \/>\n<meta property=\"og:site_name\" content=\"LE PUBLIC\" \/>\n<meta property=\"article:published_time\" content=\"2022-10-31T10:02:48+00:00\" \/>\n<meta property=\"article:modified_time\" content=\"2022-10-31T10:02:50+00:00\" \/>\n<meta property=\"og:image\" content=\"https:\/\/www.public.sn\/wp-content\/uploads\/2022\/10\/sko.jpg\" \/>\n\t<meta property=\"og:image:width\" content=\"307\" \/>\n\t<meta property=\"og:image:height\" content=\"164\" \/>\n\t<meta property=\"og:image:type\" content=\"image\/jpeg\" \/>\n<meta name=\"author\" content=\"LA REDACTION\" \/>\n<meta name=\"twitter:card\" content=\"summary_large_image\" \/>\n<meta name=\"twitter:label1\" content=\"\u00c9crit par\" \/>\n\t<meta name=\"twitter:data1\" content=\"LA REDACTION\" \/>\n\t<meta name=\"twitter:label2\" content=\"Dur\u00e9e de lecture estim\u00e9e\" \/>\n\t<meta name=\"twitter:data2\" content=\"1 minute\" \/>\n<script type=\"application\/ld+json\" class=\"yoast-schema-graph\">{\"@context\":\"https:\/\/schema.org\",\"@graph\":[{\"@type\":\"Article\",\"@id\":\"https:\/\/www.public.sn\/index.php\/2022\/10\/31\/affaire-adji-sarr-ousmane-sonko-risque-un-mandat-de-depot\/#article\",\"isPartOf\":{\"@id\":\"https:\/\/www.public.sn\/index.php\/2022\/10\/31\/affaire-adji-sarr-ousmane-sonko-risque-un-mandat-de-depot\/\"},\"author\":{\"name\":\"LA REDACTION\",\"@id\":\"https:\/\/www.public.sn\/#\/schema\/person\/e3f4a11b037d4203902db148f9bc8d5a\"},\"headline\":\"Affaire Adji Sarr\u00a0: Ousmane Sonko risque un mandat de d\u00e9p\u00f4t.\",\"datePublished\":\"2022-10-31T10:02:48+00:00\",\"dateModified\":\"2022-10-31T10:02:50+00:00\",\"mainEntityOfPage\":{\"@id\":\"https:\/\/www.public.sn\/index.php\/2022\/10\/31\/affaire-adji-sarr-ousmane-sonko-risque-un-mandat-de-depot\/\"},\"wordCount\":146,\"commentCount\":0,\"publisher\":{\"@id\":\"https:\/\/www.public.sn\/#organization\"},\"image\":{\"@id\":\"https:\/\/www.public.sn\/index.php\/2022\/10\/31\/affaire-adji-sarr-ousmane-sonko-risque-un-mandat-de-depot\/#primaryimage\"},\"thumbnailUrl\":\"https:\/\/www.public.sn\/wp-content\/uploads\/2022\/10\/sko.jpg\",\"keywords\":[\"Affaire Sonko\",\"Convocation\",\"Jeudi\"],\"articleSection\":[\"ACTUALIT\u00c9S\",\"S\u00c9CURIT\u00c9 &amp; JUSTICE\",\"SOCIETE\",\"VEDETTE\"],\"inLanguage\":\"fr-FR\",\"potentialAction\":[{\"@type\":\"CommentAction\",\"name\":\"Comment\",\"target\":[\"https:\/\/www.public.sn\/index.php\/2022\/10\/31\/affaire-adji-sarr-ousmane-sonko-risque-un-mandat-de-depot\/#respond\"]}]},{\"@type\":\"WebPage\",\"@id\":\"https:\/\/www.public.sn\/index.php\/2022\/10\/31\/affaire-adji-sarr-ousmane-sonko-risque-un-mandat-de-depot\/\",\"url\":\"https:\/\/www.public.sn\/index.php\/2022\/10\/31\/affaire-adji-sarr-ousmane-sonko-risque-un-mandat-de-depot\/\",\"name\":\"Affaire Adji Sarr\u00a0: Ousmane Sonko risque un mandat de d\u00e9p\u00f4t. - LE PUBLIC\",\"isPartOf\":{\"@id\":\"https:\/\/www.public.sn\/#website\"},\"primaryImageOfPage\":{\"@id\":\"https:\/\/www.public.sn\/index.php\/2022\/10\/31\/affaire-adji-sarr-ousmane-sonko-risque-un-mandat-de-depot\/#primaryimage\"},\"image\":{\"@id\":\"https:\/\/www.public.sn\/index.php\/2022\/10\/31\/affaire-adji-sarr-ousmane-sonko-risque-un-mandat-de-depot\/#primaryimage\"},\"thumbnailUrl\":\"https:\/\/www.public.sn\/wp-content\/uploads\/2022\/10\/sko.jpg\",\"datePublished\":\"2022-10-31T10:02:48+00:00\",\"dateModified\":\"2022-10-31T10:02:50+00:00\",\"breadcrumb\":{\"@id\":\"https:\/\/www.public.sn\/index.php\/2022\/10\/31\/affaire-adji-sarr-ousmane-sonko-risque-un-mandat-de-depot\/#breadcrumb\"},\"inLanguage\":\"fr-FR\",\"potentialAction\":[{\"@type\":\"ReadAction\",\"target\":[\"https:\/\/www.public.sn\/index.php\/2022\/10\/31\/affaire-adji-sarr-ousmane-sonko-risque-un-mandat-de-depot\/\"]}]},{\"@type\":\"ImageObject\",\"inLanguage\":\"fr-FR\",\"@id\":\"https:\/\/www.public.sn\/index.php\/2022\/10\/31\/affaire-adji-sarr-ousmane-sonko-risque-un-mandat-de-depot\/#primaryimage\",\"url\":\"https:\/\/www.public.sn\/wp-content\/uploads\/2022\/10\/sko.jpg\",\"contentUrl\":\"https:\/\/www.public.sn\/wp-content\/uploads\/2022\/10\/sko.jpg\",\"width\":307,\"height\":164,\"caption\":\"Public Sn\"},{\"@type\":\"BreadcrumbList\",\"@id\":\"https:\/\/www.public.sn\/index.php\/2022\/10\/31\/affaire-adji-sarr-ousmane-sonko-risque-un-mandat-de-depot\/#breadcrumb\",\"itemListElement\":[{\"@type\":\"ListItem\",\"position\":1,\"name\":\"Accueil\",\"item\":\"https:\/\/www.public.sn\/\"},{\"@type\":\"ListItem\",\"position\":2,\"name\":\"Affaire Adji Sarr\u00a0: Ousmane Sonko risque un mandat de d\u00e9p\u00f4t.\"}]},{\"@type\":\"WebSite\",\"@id\":\"https:\/\/www.public.sn\/#website\",\"url\":\"https:\/\/www.public.sn\/\",\"name\":\"LE PUBLIC\",\"description\":\"\",\"publisher\":{\"@id\":\"https:\/\/www.public.sn\/#organization\"},\"potentialAction\":[{\"@type\":\"SearchAction\",\"target\":{\"@type\":\"EntryPoint\",\"urlTemplate\":\"https:\/\/www.public.sn\/?s={search_term_string}\"},\"query-input\":{\"@type\":\"PropertyValueSpecification\",\"valueRequired\":true,\"valueName\":\"search_term_string\"}}],\"inLanguage\":\"fr-FR\"},{\"@type\":\"Organization\",\"@id\":\"https:\/\/www.public.sn\/#organization\",\"name\":\"LE PUBLIC\",\"url\":\"https:\/\/www.public.sn\/\",\"logo\":{\"@type\":\"ImageObject\",\"inLanguage\":\"fr-FR\",\"@id\":\"https:\/\/www.public.sn\/#\/schema\/logo\/image\/\",\"url\":\"https:\/\/www.public.sn\/wp-content\/uploads\/2024\/05\/cropped-LOGO-PUBLIC.SN_.png\",\"contentUrl\":\"https:\/\/www.public.sn\/wp-content\/uploads\/2024\/05\/cropped-LOGO-PUBLIC.SN_.png\",\"width\":682,\"height\":192,\"caption\":\"LE PUBLIC\"},\"image\":{\"@id\":\"https:\/\/www.public.sn\/#\/schema\/logo\/image\/\"}},{\"@type\":\"Person\",\"@id\":\"https:\/\/www.public.sn\/#\/schema\/person\/e3f4a11b037d4203902db148f9bc8d5a\",\"name\":\"LA REDACTION\",\"image\":{\"@type\":\"ImageObject\",\"inLanguage\":\"fr-FR\",\"@id\":\"https:\/\/www.public.sn\/#\/schema\/person\/image\/\",\"url\":\"https:\/\/secure.gravatar.com\/avatar\/d6c030db45db2883c075085c5d6c6258654a801a93766b49af0b82d4f454e2a5?s=96&d=mm&r=g\",\"contentUrl\":\"https:\/\/secure.gravatar.com\/avatar\/d6c030db45db2883c075085c5d6c6258654a801a93766b49af0b82d4f454e2a5?s=96&d=mm&r=g\",\"caption\":\"LA REDACTION\"},\"sameAs\":[\"http:\/\/www.public.sn\"],\"url\":\"https:\/\/www.public.sn\/index.php\/author\/admin7324\/\"}]}<\/script>\n<!-- \/ Yoast SEO plugin. -->","yoast_head_json":{"title":"Affaire Adji Sarr\u00a0: Ousmane Sonko risque un mandat de d\u00e9p\u00f4t. - LE PUBLIC","robots":{"index":"index","follow":"follow","max-snippet":"max-snippet:-1","max-image-preview":"max-image-preview:large","max-video-preview":"max-video-preview:-1"},"canonical":"https:\/\/www.public.sn\/index.php\/2022\/10\/31\/affaire-adji-sarr-ousmane-sonko-risque-un-mandat-de-depot\/","og_locale":"fr_FR","og_type":"article","og_title":"Affaire Adji Sarr\u00a0: Ousmane Sonko risque un mandat de d\u00e9p\u00f4t. - LE PUBLIC","og_description":"D\u2019apr\u00e8s B\u00e9s Bi, deux issues se pr\u00e9sentent pour Ousmane Sonko. Soit le juge prononce un non-lieu, ce qui provoquera une extinction de l\u2019action en justice, soit il renvoie le mis en cause devant un tribunal. Dans ce dernier cas, rel\u00e8ve le journal, le leader de Pastef risque d\u2019\u00eatre plac\u00e9 sous mandat de d\u00e9p\u00f4t. \u00abSi le juge d\u2019instruction estime que les faits constituent une infraction qualifi\u00e9e de crime par la loi, il rend une ordonnance de mise en accusation devant la Cour d\u2019assises. (\u2026) La d\u00e9cision de renvoi devant la Cour d\u2019assises doit \u00eatre pr\u00e9c\u00e9d\u00e9e d\u2019une ordonnance de prise de corps contre l\u2019accus\u00e9\u00bb, stipule l\u2019article 175 du Code p\u00e9nal, repris par B\u00e9s Bi. Falil Gadio","og_url":"https:\/\/www.public.sn\/index.php\/2022\/10\/31\/affaire-adji-sarr-ousmane-sonko-risque-un-mandat-de-depot\/","og_site_name":"LE PUBLIC","article_published_time":"2022-10-31T10:02:48+00:00","article_modified_time":"2022-10-31T10:02:50+00:00","og_image":[{"width":307,"height":164,"url":"https:\/\/www.public.sn\/wp-content\/uploads\/2022\/10\/sko.jpg","type":"image\/jpeg"}],"author":"LA REDACTION","twitter_card":"summary_large_image","twitter_misc":{"\u00c9crit par":"LA REDACTION","Dur\u00e9e de lecture estim\u00e9e":"1 minute"},"schema":{"@context":"https:\/\/schema.org","@graph":[{"@type":"Article","@id":"https:\/\/www.public.sn\/index.php\/2022\/10\/31\/affaire-adji-sarr-ousmane-sonko-risque-un-mandat-de-depot\/#article","isPartOf":{"@id":"https:\/\/www.public.sn\/index.php\/2022\/10\/31\/affaire-adji-sarr-ousmane-sonko-risque-un-mandat-de-depot\/"},"author":{"name":"LA REDACTION","@id":"https:\/\/www.public.sn\/#\/schema\/person\/e3f4a11b037d4203902db148f9bc8d5a"},"headline":"Affaire Adji Sarr\u00a0: Ousmane Sonko risque un mandat de d\u00e9p\u00f4t.","datePublished":"2022-10-31T10:02:48+00:00","dateModified":"2022-10-31T10:02:50+00:00","mainEntityOfPage":{"@id":"https:\/\/www.public.sn\/index.php\/2022\/10\/31\/affaire-adji-sarr-ousmane-sonko-risque-un-mandat-de-depot\/"},"wordCount":146,"commentCount":0,"publisher":{"@id":"https:\/\/www.public.sn\/#organization"},"image":{"@id":"https:\/\/www.public.sn\/index.php\/2022\/10\/31\/affaire-adji-sarr-ousmane-sonko-risque-un-mandat-de-depot\/#primaryimage"},"thumbnailUrl":"https:\/\/www.public.sn\/wp-content\/uploads\/2022\/10\/sko.jpg","keywords":["Affaire Sonko","Convocation","Jeudi"],"articleSection":["ACTUALIT\u00c9S","S\u00c9CURIT\u00c9 &amp; JUSTICE","SOCIETE","VEDETTE"],"inLanguage":"fr-FR","potentialAction":[{"@type":"CommentAction","name":"Comment","target":["https:\/\/www.public.sn\/index.php\/2022\/10\/31\/affaire-adji-sarr-ousmane-sonko-risque-un-mandat-de-depot\/#respond"]}]},{"@type":"WebPage","@id":"https:\/\/www.public.sn\/index.php\/2022\/10\/31\/affaire-adji-sarr-ousmane-sonko-risque-un-mandat-de-depot\/","url":"https:\/\/www.public.sn\/index.php\/2022\/10\/31\/affaire-adji-sarr-ousmane-sonko-risque-un-mandat-de-depot\/","name":"Affaire Adji Sarr\u00a0: Ousmane Sonko risque un mandat de d\u00e9p\u00f4t. - LE PUBLIC","isPartOf":{"@id":"https:\/\/www.public.sn\/#website"},"primaryImageOfPage":{"@id":"https:\/\/www.public.sn\/index.php\/2022\/10\/31\/affaire-adji-sarr-ousmane-sonko-risque-un-mandat-de-depot\/#primaryimage"},"image":{"@id":"https:\/\/www.public.sn\/index.php\/2022\/10\/31\/affaire-adji-sarr-ousmane-sonko-risque-un-mandat-de-depot\/#primaryimage"},"thumbnailUrl":"https:\/\/www.public.sn\/wp-content\/uploads\/2022\/10\/sko.jpg","datePublished":"2022-10-31T10:02:48+00:00","dateModified":"2022-10-31T10:02:50+00:00","breadcrumb":{"@id":"https:\/\/www.public.sn\/index.php\/2022\/10\/31\/affaire-adji-sarr-ousmane-sonko-risque-un-mandat-de-depot\/#breadcrumb"},"inLanguage":"fr-FR","potentialAction":[{"@type":"ReadAction","target":["https:\/\/www.public.sn\/index.php\/2022\/10\/31\/affaire-adji-sarr-ousmane-sonko-risque-un-mandat-de-depot\/"]}]},{"@type":"ImageObject","inLanguage":"fr-FR","@id":"https:\/\/www.public.sn\/index.php\/2022\/10\/31\/affaire-adji-sarr-ousmane-sonko-risque-un-mandat-de-depot\/#primaryimage","url":"https:\/\/www.public.sn\/wp-content\/uploads\/2022\/10\/sko.jpg","contentUrl":"https:\/\/www.public.sn\/wp-content\/uploads\/2022\/10\/sko.jpg","width":307,"height":164,"caption":"Public Sn"},{"@type":"BreadcrumbList","@id":"https:\/\/www.public.sn\/index.php\/2022\/10\/31\/affaire-adji-sarr-ousmane-sonko-risque-un-mandat-de-depot\/#breadcrumb","itemListElement":[{"@type":"ListItem","position":1,"name":"Accueil","item":"https:\/\/www.public.sn\/"},{"@type":"ListItem","position":2,"name":"Affaire Adji Sarr\u00a0: Ousmane Sonko risque un mandat de d\u00e9p\u00f4t."}]},{"@type":"WebSite","@id":"https:\/\/www.public.sn\/#website","url":"https:\/\/www.public.sn\/","name":"LE PUBLIC","description":"","publisher":{"@id":"https:\/\/www.public.sn\/#organization"},"potentialAction":[{"@type":"SearchAction","target":{"@type":"EntryPoint","urlTemplate":"https:\/\/www.public.sn\/?s={search_term_string}"},"query-input":{"@type":"PropertyValueSpecification","valueRequired":true,"valueName":"search_term_string"}}],"inLanguage":"fr-FR"},{"@type":"Organization","@id":"https:\/\/www.public.sn\/#organization","name":"LE PUBLIC","url":"https:\/\/www.public.sn\/","logo":{"@type":"ImageObject","inLanguage":"fr-FR","@id":"https:\/\/www.public.sn\/#\/schema\/logo\/image\/","url":"https:\/\/www.public.sn\/wp-content\/uploads\/2024\/05\/cropped-LOGO-PUBLIC.SN_.png","contentUrl":"https:\/\/www.public.sn\/wp-content\/uploads\/2024\/05\/cropped-LOGO-PUBLIC.SN_.png","width":682,"height":192,"caption":"LE PUBLIC"},"image":{"@id":"https:\/\/www.public.sn\/#\/schema\/logo\/image\/"}},{"@type":"Person","@id":"https:\/\/www.public.sn\/#\/schema\/person\/e3f4a11b037d4203902db148f9bc8d5a","name":"LA REDACTION","image":{"@type":"ImageObject","inLanguage":"fr-FR","@id":"https:\/\/www.public.sn\/#\/schema\/person\/image\/","url":"https:\/\/secure.gravatar.com\/avatar\/d6c030db45db2883c075085c5d6c6258654a801a93766b49af0b82d4f454e2a5?s=96&d=mm&r=g","contentUrl":"https:\/\/secure.gravatar.com\/avatar\/d6c030db45db2883c075085c5d6c6258654a801a93766b49af0b82d4f454e2a5?s=96&d=mm&r=g","caption":"LA REDACTION"},"sameAs":["http:\/\/www.public.sn"],"url":"https:\/\/www.public.sn\/index.php\/author\/admin7324\/"}]}},"jetpack_featured_media_url":"https:\/\/www.public.sn\/wp-content\/uploads\/2022\/10\/sko.jpg","jetpack_sharing_enabled":true,"_links":{"self":[{"href":"https:\/\/www.public.sn\/index.php\/wp-json\/wp\/v2\/posts\/6404","targetHints":{"allow":["GET"]}}],"collection":[{"href":"https:\/\/www.public.sn\/index.php\/wp-json\/wp\/v2\/posts"}],"about":[{"href":"https:\/\/www.public.sn\/index.php\/wp-json\/wp\/v2\/types\/post"}],"author":[{"embeddable":true,"href":"https:\/\/www.public.sn\/index.php\/wp-json\/wp\/v2\/users\/1"}],"replies":[{"embeddable":true,"href":"https:\/\/www.public.sn\/index.php\/wp-json\/wp\/v2\/comments?post=6404"}],"version-history":[{"count":2,"href":"https:\/\/www.public.sn\/index.php\/wp-json\/wp\/v2\/posts\/6404\/revisions"}],"predecessor-version":[{"id":6411,"href":"https:\/\/www.public.sn\/index.php\/wp-json\/wp\/v2\/posts\/6404\/revisions\/6411"}],"wp:featuredmedia":[{"embeddable":true,"href":"https:\/\/www.public.sn\/index.php\/wp-json\/wp\/v2\/media\/6409"}],"wp:attachment":[{"href":"https:\/\/www.public.sn\/index.php\/wp-json\/wp\/v2\/media?parent=6404"}],"wp:term":[{"taxonomy":"category","embeddable":true,"href":"https:\/\/www.public.sn\/index.php\/wp-json\/wp\/v2\/categories?post=6404"},{"taxonomy":"post_tag","embeddable":true,"href":"https:\/\/www.public.sn\/index.php\/wp-json\/wp\/v2\/tags?post=6404"}],"curies":[{"name":"wp","href":"https:\/\/api.w.org\/{rel}","templated":true}]}}