{"id":6451,"date":"2022-10-31T13:23:24","date_gmt":"2022-10-31T13:23:24","guid":{"rendered":"https:\/\/www.public.sn\/?p=6451"},"modified":"2022-10-31T13:23:30","modified_gmt":"2022-10-31T13:23:30","slug":"ni-oui-ni-non-macky-2012-demande-au-president-de-se-determiner","status":"publish","type":"post","link":"https:\/\/www.public.sn\/index.php\/2022\/10\/31\/ni-oui-ni-non-macky-2012-demande-au-president-de-se-determiner\/","title":{"rendered":"\u00ab\u00a0Ni Oui ni Non\u00a0\u00bb\u00a0: Macky 2012 demande au pr\u00e9sident de se d\u00e9terminer."},"content":{"rendered":"\n<p><\/p>\n\n\n\n<p>Dans un communiqu\u00e9 la coalition Macky 2012 appelle le pr\u00e9sident de la R\u00e9publique \u00e0 \u00e9claircir sa position sur sa candidature pour 2024. En effet \u00ab\u00a0le ni Oui, ni Non volontairement\u00a0 entretenu par le pr\u00e9sident de la R\u00e9publique au sujet de la 3eme candidature est devenu un goulot qui \u00e9trangle, \u00e9touffe et asphyxie les populations\u00a0\u00bb.<\/p><div class=\"publi-paragraphe1\" style=\"margin-top: 10px;margin-bottom: 10px;margin-left: auto;margin-right: auto;text-align: center;\" id=\"publi-204517834\"><div class=\"publi-adlabel\">Publicit\u00e9<\/div><script async src=\"\/\/pagead2.googlesyndication.com\/pagead\/js\/adsbygoogle.js?client=ca-pub-4089586018074219\" crossorigin=\"anonymous\"><\/script><ins class=\"adsbygoogle\" style=\"display:block;\" data-ad-client=\"ca-pub-4089586018074219\" \ndata-ad-slot=\"2087940154\" \ndata-ad-format=\"auto\"><\/ins>\n<script> \n(adsbygoogle = window.adsbygoogle || []).push({}); \n<\/script>\n<\/div>\n\n\n\n<p><\/p>\n\n\n\n<p> Les membres de cette coalition soutient qu\u2019ils seront en conclave les 12 et 13 Novembre pour donner publiquement leur position sur la question de la troisi\u00e8me candidature qu\u2019aucun alli\u00e9 ne doit occulter. Le communiqu\u00e9 rappelle que \u00ab\u00a0spn compagnonnage avec le pr\u00e9sident Macky Sall et Benno Bokk Yaakar est bas\u00e9 sur un socle de valeurs qui l\u2019astreint \u00e0 l\u2019obligation civique et morale de soutenir le pr\u00e9sident de la R\u00e9publique et son gouvernement dans toutes les politiques publiques et dans la prises en charge des pr\u00e9occupations des populations\u00a0\u00bb.<\/p>\n\n\n\n<p><\/p>\n\n\n\n<p> La coalition avance pour le regretter que malgr\u00e9 les efforts des autorit\u00e9s, le constat est que la vie est toujours ch\u00e8re au S\u00e9n\u00e9gal.<\/p>\n\n\n\n<p>Samba SY.<\/p>\n<div class=\"publi-apres-le-contenu\" style=\"margin-top: 10px;margin-bottom: 10px;margin-left: auto;margin-right: auto;text-align: center;\" id=\"publi-3728362477\"><div class=\"publi-adlabel\">Publicit\u00e9<\/div><script async src=\"\/\/pagead2.googlesyndication.com\/pagead\/js\/adsbygoogle.js?client=ca-pub-4089586018074219\" crossorigin=\"anonymous\"><\/script><ins class=\"adsbygoogle\" style=\"display:block;\" data-ad-client=\"ca-pub-4089586018074219\" \ndata-ad-slot=\"2087940154\" \ndata-ad-format=\"auto\"><\/ins>\n<script> \n(adsbygoogle = window.adsbygoogle || []).push({}); \n<\/script>\n<\/div>","protected":false},"excerpt":{"rendered":"<p>Dans un communiqu\u00e9 la coalition Macky 2012 appelle le pr\u00e9sident de la R\u00e9publique \u00e0 \u00e9claircir sa position sur sa candidature pour 2024. En effet \u00ab\u00a0le ni Oui, ni Non volontairement\u00a0 entretenu par le pr\u00e9sident de la R\u00e9publique au sujet de la 3eme candidature est devenu un goulot qui \u00e9trangle, \u00e9touffe et asphyxie les populations\u00a0\u00bb. Les membres de cette coalition soutient qu\u2019ils seront en conclave les 12 et 13 Novembre pour donner publiquement leur position sur la question de la troisi\u00e8me candidature qu\u2019aucun alli\u00e9 ne doit occulter. Le communiqu\u00e9 rappelle que \u00ab\u00a0spn compagnonnage avec le pr\u00e9sident Macky Sall et Benno Bokk Yaakar est bas\u00e9 sur un socle de valeurs qui l\u2019astreint \u00e0 l\u2019obligation civique et morale de soutenir le pr\u00e9sident de la R\u00e9publique et son gouvernement dans toutes les politiques publiques et dans la prises en charge des pr\u00e9occupations des populations\u00a0\u00bb. La coalition avance pour le regretter que malgr\u00e9 les efforts des autorit\u00e9s, le constat est que la vie est toujours ch\u00e8re au S\u00e9n\u00e9gal. Samba SY.<\/p>\n","protected":false},"author":7,"featured_media":6452,"comment_status":"open","ping_status":"open","sticky":false,"template":"","format":"standard","meta":{"_jetpack_memberships_contains_paid_content":false,"footnotes":""},"categories":[375,3,1],"tags":[1436,11,2259],"class_list":["post-6451","post","type-post","status-publish","format-standard","has-post-thumbnail","hentry","category-actualites","category-politique","category-non-classe","tag-3eme-mandat-2","tag-macky-sall","tag-ni-oui-ni-non","entry","has-media","owp-thumbs-layout-horizontal","owp-btn-normal","owp-tabs-layout-horizontal","has-no-thumbnails","has-product-nav"],"yoast_head":"<!-- This site is optimized with the Yoast SEO plugin v25.5 - https:\/\/yoast.com\/wordpress\/plugins\/seo\/ -->\n<title>&quot;Ni Oui ni Non&quot;\u00a0: Macky 2012 demande au pr\u00e9sident de se d\u00e9terminer. - LE PUBLIC<\/title>\n<meta name=\"robots\" content=\"index, follow, max-snippet:-1, max-image-preview:large, max-video-preview:-1\" \/>\n<link rel=\"canonical\" href=\"https:\/\/www.public.sn\/index.php\/2022\/10\/31\/ni-oui-ni-non-macky-2012-demande-au-president-de-se-determiner\/\" \/>\n<meta property=\"og:locale\" content=\"fr_FR\" \/>\n<meta property=\"og:type\" content=\"article\" \/>\n<meta property=\"og:title\" content=\"&quot;Ni Oui ni Non&quot;\u00a0: Macky 2012 demande au pr\u00e9sident de se d\u00e9terminer. - LE PUBLIC\" \/>\n<meta property=\"og:description\" content=\"Dans un communiqu\u00e9 la coalition Macky 2012 appelle le pr\u00e9sident de la R\u00e9publique \u00e0 \u00e9claircir sa position sur sa candidature pour 2024. En effet \u00ab\u00a0le ni Oui, ni Non volontairement\u00a0 entretenu par le pr\u00e9sident de la R\u00e9publique au sujet de la 3eme candidature est devenu un goulot qui \u00e9trangle, \u00e9touffe et asphyxie les populations\u00a0\u00bb. Les membres de cette coalition soutient qu\u2019ils seront en conclave les 12 et 13 Novembre pour donner publiquement leur position sur la question de la troisi\u00e8me candidature qu\u2019aucun alli\u00e9 ne doit occulter. Le communiqu\u00e9 rappelle que \u00ab\u00a0spn compagnonnage avec le pr\u00e9sident Macky Sall et Benno Bokk Yaakar est bas\u00e9 sur un socle de valeurs qui l\u2019astreint \u00e0 l\u2019obligation civique et morale de soutenir le pr\u00e9sident de la R\u00e9publique et son gouvernement dans toutes les politiques publiques et dans la prises en charge des pr\u00e9occupations des populations\u00a0\u00bb. La coalition avance pour le regretter que malgr\u00e9 les efforts des autorit\u00e9s, le constat est que la vie est toujours ch\u00e8re au S\u00e9n\u00e9gal. Samba SY.\" \/>\n<meta property=\"og:url\" content=\"https:\/\/www.public.sn\/index.php\/2022\/10\/31\/ni-oui-ni-non-macky-2012-demande-au-president-de-se-determiner\/\" \/>\n<meta property=\"og:site_name\" content=\"LE PUBLIC\" \/>\n<meta property=\"article:published_time\" content=\"2022-10-31T13:23:24+00:00\" \/>\n<meta property=\"article:modified_time\" content=\"2022-10-31T13:23:30+00:00\" \/>\n<meta property=\"og:image\" content=\"https:\/\/www.public.sn\/wp-content\/uploads\/2022\/10\/macky20.png\" \/>\n\t<meta property=\"og:image:width\" content=\"1200\" \/>\n\t<meta property=\"og:image:height\" content=\"1000\" \/>\n\t<meta property=\"og:image:type\" content=\"image\/png\" \/>\n<meta name=\"author\" content=\"LA REDACTION\" \/>\n<meta name=\"twitter:card\" content=\"summary_large_image\" \/>\n<meta name=\"twitter:label1\" content=\"\u00c9crit par\" \/>\n\t<meta name=\"twitter:data1\" content=\"LA REDACTION\" \/>\n\t<meta name=\"twitter:label2\" content=\"Dur\u00e9e de lecture estim\u00e9e\" \/>\n\t<meta name=\"twitter:data2\" content=\"1 minute\" \/>\n<script type=\"application\/ld+json\" class=\"yoast-schema-graph\">{\"@context\":\"https:\/\/schema.org\",\"@graph\":[{\"@type\":\"Article\",\"@id\":\"https:\/\/www.public.sn\/index.php\/2022\/10\/31\/ni-oui-ni-non-macky-2012-demande-au-president-de-se-determiner\/#article\",\"isPartOf\":{\"@id\":\"https:\/\/www.public.sn\/index.php\/2022\/10\/31\/ni-oui-ni-non-macky-2012-demande-au-president-de-se-determiner\/\"},\"author\":{\"name\":\"LA REDACTION\",\"@id\":\"https:\/\/www.public.sn\/#\/schema\/person\/cb76c8e1b8becc6be61fb5e92d6d0224\"},\"headline\":\"\u00ab\u00a0Ni Oui ni Non\u00a0\u00bb\u00a0: Macky 2012 demande au pr\u00e9sident de se d\u00e9terminer.\",\"datePublished\":\"2022-10-31T13:23:24+00:00\",\"dateModified\":\"2022-10-31T13:23:30+00:00\",\"mainEntityOfPage\":{\"@id\":\"https:\/\/www.public.sn\/index.php\/2022\/10\/31\/ni-oui-ni-non-macky-2012-demande-au-president-de-se-determiner\/\"},\"wordCount\":189,\"commentCount\":0,\"publisher\":{\"@id\":\"https:\/\/www.public.sn\/#organization\"},\"image\":{\"@id\":\"https:\/\/www.public.sn\/index.php\/2022\/10\/31\/ni-oui-ni-non-macky-2012-demande-au-president-de-se-determiner\/#primaryimage\"},\"thumbnailUrl\":\"https:\/\/www.public.sn\/wp-content\/uploads\/2022\/10\/macky20.png\",\"keywords\":[\"3eme mandat\",\"Macky Sall\",\"ni oui ni non\"],\"articleSection\":[\"ACTUALIT\u00c9S\",\"POLITIQUE\",\"S\u00c9N\u00c9GAL\"],\"inLanguage\":\"fr-FR\",\"potentialAction\":[{\"@type\":\"CommentAction\",\"name\":\"Comment\",\"target\":[\"https:\/\/www.public.sn\/index.php\/2022\/10\/31\/ni-oui-ni-non-macky-2012-demande-au-president-de-se-determiner\/#respond\"]}]},{\"@type\":\"WebPage\",\"@id\":\"https:\/\/www.public.sn\/index.php\/2022\/10\/31\/ni-oui-ni-non-macky-2012-demande-au-president-de-se-determiner\/\",\"url\":\"https:\/\/www.public.sn\/index.php\/2022\/10\/31\/ni-oui-ni-non-macky-2012-demande-au-president-de-se-determiner\/\",\"name\":\"\\\"Ni Oui ni Non\\\"\u00a0: Macky 2012 demande au pr\u00e9sident de se d\u00e9terminer. - LE PUBLIC\",\"isPartOf\":{\"@id\":\"https:\/\/www.public.sn\/#website\"},\"primaryImageOfPage\":{\"@id\":\"https:\/\/www.public.sn\/index.php\/2022\/10\/31\/ni-oui-ni-non-macky-2012-demande-au-president-de-se-determiner\/#primaryimage\"},\"image\":{\"@id\":\"https:\/\/www.public.sn\/index.php\/2022\/10\/31\/ni-oui-ni-non-macky-2012-demande-au-president-de-se-determiner\/#primaryimage\"},\"thumbnailUrl\":\"https:\/\/www.public.sn\/wp-content\/uploads\/2022\/10\/macky20.png\",\"datePublished\":\"2022-10-31T13:23:24+00:00\",\"dateModified\":\"2022-10-31T13:23:30+00:00\",\"breadcrumb\":{\"@id\":\"https:\/\/www.public.sn\/index.php\/2022\/10\/31\/ni-oui-ni-non-macky-2012-demande-au-president-de-se-determiner\/#breadcrumb\"},\"inLanguage\":\"fr-FR\",\"potentialAction\":[{\"@type\":\"ReadAction\",\"target\":[\"https:\/\/www.public.sn\/index.php\/2022\/10\/31\/ni-oui-ni-non-macky-2012-demande-au-president-de-se-determiner\/\"]}]},{\"@type\":\"ImageObject\",\"inLanguage\":\"fr-FR\",\"@id\":\"https:\/\/www.public.sn\/index.php\/2022\/10\/31\/ni-oui-ni-non-macky-2012-demande-au-president-de-se-determiner\/#primaryimage\",\"url\":\"https:\/\/www.public.sn\/wp-content\/uploads\/2022\/10\/macky20.png\",\"contentUrl\":\"https:\/\/www.public.sn\/wp-content\/uploads\/2022\/10\/macky20.png\",\"width\":1200,\"height\":1000,\"caption\":\"publicsn\"},{\"@type\":\"BreadcrumbList\",\"@id\":\"https:\/\/www.public.sn\/index.php\/2022\/10\/31\/ni-oui-ni-non-macky-2012-demande-au-president-de-se-determiner\/#breadcrumb\",\"itemListElement\":[{\"@type\":\"ListItem\",\"position\":1,\"name\":\"Accueil\",\"item\":\"https:\/\/www.public.sn\/\"},{\"@type\":\"ListItem\",\"position\":2,\"name\":\"\u00ab\u00a0Ni Oui ni Non\u00a0\u00bb\u00a0: Macky 2012 demande au pr\u00e9sident de se d\u00e9terminer.\"}]},{\"@type\":\"WebSite\",\"@id\":\"https:\/\/www.public.sn\/#website\",\"url\":\"https:\/\/www.public.sn\/\",\"name\":\"LE PUBLIC\",\"description\":\"\",\"publisher\":{\"@id\":\"https:\/\/www.public.sn\/#organization\"},\"potentialAction\":[{\"@type\":\"SearchAction\",\"target\":{\"@type\":\"EntryPoint\",\"urlTemplate\":\"https:\/\/www.public.sn\/?s={search_term_string}\"},\"query-input\":{\"@type\":\"PropertyValueSpecification\",\"valueRequired\":true,\"valueName\":\"search_term_string\"}}],\"inLanguage\":\"fr-FR\"},{\"@type\":\"Organization\",\"@id\":\"https:\/\/www.public.sn\/#organization\",\"name\":\"LE PUBLIC\",\"url\":\"https:\/\/www.public.sn\/\",\"logo\":{\"@type\":\"ImageObject\",\"inLanguage\":\"fr-FR\",\"@id\":\"https:\/\/www.public.sn\/#\/schema\/logo\/image\/\",\"url\":\"https:\/\/www.public.sn\/wp-content\/uploads\/2024\/05\/cropped-LOGO-PUBLIC.SN_.png\",\"contentUrl\":\"https:\/\/www.public.sn\/wp-content\/uploads\/2024\/05\/cropped-LOGO-PUBLIC.SN_.png\",\"width\":682,\"height\":192,\"caption\":\"LE PUBLIC\"},\"image\":{\"@id\":\"https:\/\/www.public.sn\/#\/schema\/logo\/image\/\"}},{\"@type\":\"Person\",\"@id\":\"https:\/\/www.public.sn\/#\/schema\/person\/cb76c8e1b8becc6be61fb5e92d6d0224\",\"name\":\"LA REDACTION\",\"image\":{\"@type\":\"ImageObject\",\"inLanguage\":\"fr-FR\",\"@id\":\"https:\/\/www.public.sn\/#\/schema\/person\/image\/\",\"url\":\"https:\/\/secure.gravatar.com\/avatar\/2dce5ddd34b8fef0180efe03aa2a9bee7d953856048f9a16b298190a3178407c?s=96&d=mm&r=g\",\"contentUrl\":\"https:\/\/secure.gravatar.com\/avatar\/2dce5ddd34b8fef0180efe03aa2a9bee7d953856048f9a16b298190a3178407c?s=96&d=mm&r=g\",\"caption\":\"LA REDACTION\"},\"url\":\"https:\/\/www.public.sn\/index.php\/author\/editeurpsn\/\"}]}<\/script>\n<!-- \/ Yoast SEO plugin. -->","yoast_head_json":{"title":"\"Ni Oui ni Non\"\u00a0: Macky 2012 demande au pr\u00e9sident de se d\u00e9terminer. - LE PUBLIC","robots":{"index":"index","follow":"follow","max-snippet":"max-snippet:-1","max-image-preview":"max-image-preview:large","max-video-preview":"max-video-preview:-1"},"canonical":"https:\/\/www.public.sn\/index.php\/2022\/10\/31\/ni-oui-ni-non-macky-2012-demande-au-president-de-se-determiner\/","og_locale":"fr_FR","og_type":"article","og_title":"\"Ni Oui ni Non\"\u00a0: Macky 2012 demande au pr\u00e9sident de se d\u00e9terminer. - LE PUBLIC","og_description":"Dans un communiqu\u00e9 la coalition Macky 2012 appelle le pr\u00e9sident de la R\u00e9publique \u00e0 \u00e9claircir sa position sur sa candidature pour 2024. En effet \u00ab\u00a0le ni Oui, ni Non volontairement\u00a0 entretenu par le pr\u00e9sident de la R\u00e9publique au sujet de la 3eme candidature est devenu un goulot qui \u00e9trangle, \u00e9touffe et asphyxie les populations\u00a0\u00bb. Les membres de cette coalition soutient qu\u2019ils seront en conclave les 12 et 13 Novembre pour donner publiquement leur position sur la question de la troisi\u00e8me candidature qu\u2019aucun alli\u00e9 ne doit occulter. Le communiqu\u00e9 rappelle que \u00ab\u00a0spn compagnonnage avec le pr\u00e9sident Macky Sall et Benno Bokk Yaakar est bas\u00e9 sur un socle de valeurs qui l\u2019astreint \u00e0 l\u2019obligation civique et morale de soutenir le pr\u00e9sident de la R\u00e9publique et son gouvernement dans toutes les politiques publiques et dans la prises en charge des pr\u00e9occupations des populations\u00a0\u00bb. La coalition avance pour le regretter que malgr\u00e9 les efforts des autorit\u00e9s, le constat est que la vie est toujours ch\u00e8re au S\u00e9n\u00e9gal. Samba SY.","og_url":"https:\/\/www.public.sn\/index.php\/2022\/10\/31\/ni-oui-ni-non-macky-2012-demande-au-president-de-se-determiner\/","og_site_name":"LE PUBLIC","article_published_time":"2022-10-31T13:23:24+00:00","article_modified_time":"2022-10-31T13:23:30+00:00","og_image":[{"width":1200,"height":1000,"url":"https:\/\/www.public.sn\/wp-content\/uploads\/2022\/10\/macky20.png","type":"image\/png"}],"author":"LA REDACTION","twitter_card":"summary_large_image","twitter_misc":{"\u00c9crit par":"LA REDACTION","Dur\u00e9e de lecture estim\u00e9e":"1 minute"},"schema":{"@context":"https:\/\/schema.org","@graph":[{"@type":"Article","@id":"https:\/\/www.public.sn\/index.php\/2022\/10\/31\/ni-oui-ni-non-macky-2012-demande-au-president-de-se-determiner\/#article","isPartOf":{"@id":"https:\/\/www.public.sn\/index.php\/2022\/10\/31\/ni-oui-ni-non-macky-2012-demande-au-president-de-se-determiner\/"},"author":{"name":"LA REDACTION","@id":"https:\/\/www.public.sn\/#\/schema\/person\/cb76c8e1b8becc6be61fb5e92d6d0224"},"headline":"\u00ab\u00a0Ni Oui ni Non\u00a0\u00bb\u00a0: Macky 2012 demande au pr\u00e9sident de se d\u00e9terminer.","datePublished":"2022-10-31T13:23:24+00:00","dateModified":"2022-10-31T13:23:30+00:00","mainEntityOfPage":{"@id":"https:\/\/www.public.sn\/index.php\/2022\/10\/31\/ni-oui-ni-non-macky-2012-demande-au-president-de-se-determiner\/"},"wordCount":189,"commentCount":0,"publisher":{"@id":"https:\/\/www.public.sn\/#organization"},"image":{"@id":"https:\/\/www.public.sn\/index.php\/2022\/10\/31\/ni-oui-ni-non-macky-2012-demande-au-president-de-se-determiner\/#primaryimage"},"thumbnailUrl":"https:\/\/www.public.sn\/wp-content\/uploads\/2022\/10\/macky20.png","keywords":["3eme mandat","Macky Sall","ni oui ni non"],"articleSection":["ACTUALIT\u00c9S","POLITIQUE","S\u00c9N\u00c9GAL"],"inLanguage":"fr-FR","potentialAction":[{"@type":"CommentAction","name":"Comment","target":["https:\/\/www.public.sn\/index.php\/2022\/10\/31\/ni-oui-ni-non-macky-2012-demande-au-president-de-se-determiner\/#respond"]}]},{"@type":"WebPage","@id":"https:\/\/www.public.sn\/index.php\/2022\/10\/31\/ni-oui-ni-non-macky-2012-demande-au-president-de-se-determiner\/","url":"https:\/\/www.public.sn\/index.php\/2022\/10\/31\/ni-oui-ni-non-macky-2012-demande-au-president-de-se-determiner\/","name":"\"Ni Oui ni Non\"\u00a0: Macky 2012 demande au pr\u00e9sident de se d\u00e9terminer. - LE PUBLIC","isPartOf":{"@id":"https:\/\/www.public.sn\/#website"},"primaryImageOfPage":{"@id":"https:\/\/www.public.sn\/index.php\/2022\/10\/31\/ni-oui-ni-non-macky-2012-demande-au-president-de-se-determiner\/#primaryimage"},"image":{"@id":"https:\/\/www.public.sn\/index.php\/2022\/10\/31\/ni-oui-ni-non-macky-2012-demande-au-president-de-se-determiner\/#primaryimage"},"thumbnailUrl":"https:\/\/www.public.sn\/wp-content\/uploads\/2022\/10\/macky20.png","datePublished":"2022-10-31T13:23:24+00:00","dateModified":"2022-10-31T13:23:30+00:00","breadcrumb":{"@id":"https:\/\/www.public.sn\/index.php\/2022\/10\/31\/ni-oui-ni-non-macky-2012-demande-au-president-de-se-determiner\/#breadcrumb"},"inLanguage":"fr-FR","potentialAction":[{"@type":"ReadAction","target":["https:\/\/www.public.sn\/index.php\/2022\/10\/31\/ni-oui-ni-non-macky-2012-demande-au-president-de-se-determiner\/"]}]},{"@type":"ImageObject","inLanguage":"fr-FR","@id":"https:\/\/www.public.sn\/index.php\/2022\/10\/31\/ni-oui-ni-non-macky-2012-demande-au-president-de-se-determiner\/#primaryimage","url":"https:\/\/www.public.sn\/wp-content\/uploads\/2022\/10\/macky20.png","contentUrl":"https:\/\/www.public.sn\/wp-content\/uploads\/2022\/10\/macky20.png","width":1200,"height":1000,"caption":"publicsn"},{"@type":"BreadcrumbList","@id":"https:\/\/www.public.sn\/index.php\/2022\/10\/31\/ni-oui-ni-non-macky-2012-demande-au-president-de-se-determiner\/#breadcrumb","itemListElement":[{"@type":"ListItem","position":1,"name":"Accueil","item":"https:\/\/www.public.sn\/"},{"@type":"ListItem","position":2,"name":"\u00ab\u00a0Ni Oui ni Non\u00a0\u00bb\u00a0: Macky 2012 demande au pr\u00e9sident de se d\u00e9terminer."}]},{"@type":"WebSite","@id":"https:\/\/www.public.sn\/#website","url":"https:\/\/www.public.sn\/","name":"LE PUBLIC","description":"","publisher":{"@id":"https:\/\/www.public.sn\/#organization"},"potentialAction":[{"@type":"SearchAction","target":{"@type":"EntryPoint","urlTemplate":"https:\/\/www.public.sn\/?s={search_term_string}"},"query-input":{"@type":"PropertyValueSpecification","valueRequired":true,"valueName":"search_term_string"}}],"inLanguage":"fr-FR"},{"@type":"Organization","@id":"https:\/\/www.public.sn\/#organization","name":"LE PUBLIC","url":"https:\/\/www.public.sn\/","logo":{"@type":"ImageObject","inLanguage":"fr-FR","@id":"https:\/\/www.public.sn\/#\/schema\/logo\/image\/","url":"https:\/\/www.public.sn\/wp-content\/uploads\/2024\/05\/cropped-LOGO-PUBLIC.SN_.png","contentUrl":"https:\/\/www.public.sn\/wp-content\/uploads\/2024\/05\/cropped-LOGO-PUBLIC.SN_.png","width":682,"height":192,"caption":"LE PUBLIC"},"image":{"@id":"https:\/\/www.public.sn\/#\/schema\/logo\/image\/"}},{"@type":"Person","@id":"https:\/\/www.public.sn\/#\/schema\/person\/cb76c8e1b8becc6be61fb5e92d6d0224","name":"LA REDACTION","image":{"@type":"ImageObject","inLanguage":"fr-FR","@id":"https:\/\/www.public.sn\/#\/schema\/person\/image\/","url":"https:\/\/secure.gravatar.com\/avatar\/2dce5ddd34b8fef0180efe03aa2a9bee7d953856048f9a16b298190a3178407c?s=96&d=mm&r=g","contentUrl":"https:\/\/secure.gravatar.com\/avatar\/2dce5ddd34b8fef0180efe03aa2a9bee7d953856048f9a16b298190a3178407c?s=96&d=mm&r=g","caption":"LA REDACTION"},"url":"https:\/\/www.public.sn\/index.php\/author\/editeurpsn\/"}]}},"jetpack_featured_media_url":"https:\/\/www.public.sn\/wp-content\/uploads\/2022\/10\/macky20.png","jetpack_sharing_enabled":true,"_links":{"self":[{"href":"https:\/\/www.public.sn\/index.php\/wp-json\/wp\/v2\/posts\/6451","targetHints":{"allow":["GET"]}}],"collection":[{"href":"https:\/\/www.public.sn\/index.php\/wp-json\/wp\/v2\/posts"}],"about":[{"href":"https:\/\/www.public.sn\/index.php\/wp-json\/wp\/v2\/types\/post"}],"author":[{"embeddable":true,"href":"https:\/\/www.public.sn\/index.php\/wp-json\/wp\/v2\/users\/7"}],"replies":[{"embeddable":true,"href":"https:\/\/www.public.sn\/index.php\/wp-json\/wp\/v2\/comments?post=6451"}],"version-history":[{"count":2,"href":"https:\/\/www.public.sn\/index.php\/wp-json\/wp\/v2\/posts\/6451\/revisions"}],"predecessor-version":[{"id":6455,"href":"https:\/\/www.public.sn\/index.php\/wp-json\/wp\/v2\/posts\/6451\/revisions\/6455"}],"wp:featuredmedia":[{"embeddable":true,"href":"https:\/\/www.public.sn\/index.php\/wp-json\/wp\/v2\/media\/6452"}],"wp:attachment":[{"href":"https:\/\/www.public.sn\/index.php\/wp-json\/wp\/v2\/media?parent=6451"}],"wp:term":[{"taxonomy":"category","embeddable":true,"href":"https:\/\/www.public.sn\/index.php\/wp-json\/wp\/v2\/categories?post=6451"},{"taxonomy":"post_tag","embeddable":true,"href":"https:\/\/www.public.sn\/index.php\/wp-json\/wp\/v2\/tags?post=6451"}],"curies":[{"name":"wp","href":"https:\/\/api.w.org\/{rel}","templated":true}]}}