{"id":6456,"date":"2022-10-31T13:34:54","date_gmt":"2022-10-31T13:34:54","guid":{"rendered":"https:\/\/www.public.sn\/?p=6456"},"modified":"2022-10-31T13:34:57","modified_gmt":"2022-10-31T13:34:57","slug":"cheikh-oumar-hann-sur-la-candidature-de-macky-sall","status":"publish","type":"post","link":"https:\/\/www.public.sn\/index.php\/2022\/10\/31\/cheikh-oumar-hann-sur-la-candidature-de-macky-sall\/","title":{"rendered":"<strong>Cheikh Oumar Hann &nbsp;sur la candidature de Macky Sall.<\/strong>"},"content":{"rendered":"\n<p>Le ministre de l\u2019\u00e9ducation nationale s\u2019est encore fait remarqu\u00e9. Le Pr\u00e9sident&nbsp; de la R\u00e9publique peut d\u00e9poser sa candidature s\u2019il le souhaite en 2024 parce qu\u2019il est \u00e0 son premier mandat. Selon les propos &nbsp;repris par le journal &nbsp;Vox Populi,&nbsp;\u00ab&nbsp;Du point de vue de la constitution, si Macky Sall est candidat \u00e7a sera pour son deuxi\u00e8me mandat&nbsp;\u00bb, dit il.<\/p><div class=\"publi-paragraphe1\" style=\"margin-top: 10px;margin-bottom: 10px;margin-left: auto;margin-right: auto;text-align: center;\" id=\"publi-858147334\"><div class=\"publi-adlabel\">Publicit\u00e9<\/div><script async src=\"\/\/pagead2.googlesyndication.com\/pagead\/js\/adsbygoogle.js?client=ca-pub-4089586018074219\" crossorigin=\"anonymous\"><\/script><ins class=\"adsbygoogle\" style=\"display:block;\" data-ad-client=\"ca-pub-4089586018074219\" \ndata-ad-slot=\"2087940154\" \ndata-ad-format=\"auto\"><\/ins>\n<script> \n(adsbygoogle = window.adsbygoogle || []).push({}); \n<\/script>\n<\/div>\n\n\n\n<p>Ainsi, le ministre de l\u2019\u00e9ducation nationale estime &nbsp;\u00ab&nbsp;que le Pr\u00e9sident Macky Sall est arriv\u00e9 en 2012 du fait que du Pds, qui avait enlev\u00e9 la limitation du nombre de mandat. Donc on est all\u00e9 vers une constitution&nbsp; de 2016 qui se limite \u00e0 deux mandats&nbsp; alors que celle de 2012 n\u2019est pas concern\u00e9&nbsp;\u00bb.<\/p>\n\n\n\n<p>Le maire de Dioum a repris les m\u00eames propos au Daaral Forail de Diamaguene&nbsp; Sicap Mbao, lors d\u2019un &nbsp;meeting que les &nbsp;\u00e9leveurs ont organis\u00e9 pour remercier le Chef de l\u2019Etat pour leur avoir octroy\u00e9 le terrain. C\u2019est en pr\u00e9sence du ministre de l\u2019\u00e9levage, Aly Saleh Diop et de tous les chefs de file &nbsp;\u00e9leveurs.&nbsp;\u00ab2024, C\u2019est d\u00e9j\u00e0 acquis pour le Pr\u00e9sident Macky Sall&nbsp;\u00bb affirme Cheikh Oumar Hann.<\/p>\n\n\n\n<p>Maimouna Niang.<\/p>\n<div class=\"publi-apres-le-contenu\" style=\"margin-top: 10px;margin-bottom: 10px;margin-left: auto;margin-right: auto;text-align: center;\" id=\"publi-3680482998\"><div class=\"publi-adlabel\">Publicit\u00e9<\/div><script async src=\"\/\/pagead2.googlesyndication.com\/pagead\/js\/adsbygoogle.js?client=ca-pub-4089586018074219\" crossorigin=\"anonymous\"><\/script><ins class=\"adsbygoogle\" style=\"display:block;\" data-ad-client=\"ca-pub-4089586018074219\" \ndata-ad-slot=\"2087940154\" \ndata-ad-format=\"auto\"><\/ins>\n<script> \n(adsbygoogle = window.adsbygoogle || []).push({}); \n<\/script>\n<\/div>","protected":false},"excerpt":{"rendered":"<p>Le ministre de l\u2019\u00e9ducation nationale s\u2019est encore fait remarqu\u00e9. Le Pr\u00e9sident&nbsp; de la R\u00e9publique peut d\u00e9poser sa candidature s\u2019il le souhaite en 2024 parce qu\u2019il est \u00e0 son premier mandat. Selon les propos &nbsp;repris par le journal &nbsp;Vox Populi,&nbsp;\u00ab&nbsp;Du point de vue de la constitution, si Macky Sall est candidat \u00e7a sera pour son deuxi\u00e8me mandat&nbsp;\u00bb, dit il. Ainsi, le ministre de l\u2019\u00e9ducation nationale estime &nbsp;\u00ab&nbsp;que le Pr\u00e9sident Macky Sall est arriv\u00e9 en 2012 du fait que du Pds, qui avait enlev\u00e9 la limitation du nombre de mandat. Donc on est all\u00e9 vers une constitution&nbsp; de 2016 qui se limite \u00e0 deux mandats&nbsp; alors que celle de 2012 n\u2019est pas concern\u00e9&nbsp;\u00bb. Le maire de Dioum a repris les m\u00eames propos au Daaral Forail de Diamaguene&nbsp; Sicap Mbao, lors d\u2019un &nbsp;meeting que les &nbsp;\u00e9leveurs ont organis\u00e9 pour remercier le Chef de l\u2019Etat pour leur avoir octroy\u00e9 le terrain. C\u2019est en pr\u00e9sence du ministre de l\u2019\u00e9levage, Aly Saleh Diop et de tous les chefs de file &nbsp;\u00e9leveurs.&nbsp;\u00ab2024, C\u2019est d\u00e9j\u00e0 acquis pour le Pr\u00e9sident Macky Sall&nbsp;\u00bb affirme Cheikh Oumar Hann. Maimouna Niang.<\/p>\n","protected":false},"author":1,"featured_media":6457,"comment_status":"open","ping_status":"open","sticky":false,"template":"","format":"standard","meta":{"_jetpack_memberships_contains_paid_content":false,"footnotes":""},"categories":[375,3,1],"tags":[1436,1456,11],"class_list":["post-6456","post","type-post","status-publish","format-standard","has-post-thumbnail","hentry","category-actualites","category-politique","category-non-classe","tag-3eme-mandat-2","tag-cheikh-oumar-hann","tag-macky-sall","entry","has-media","owp-thumbs-layout-horizontal","owp-btn-normal","owp-tabs-layout-horizontal","has-no-thumbnails","has-product-nav"],"yoast_head":"<!-- This site is optimized with the Yoast SEO plugin v25.5 - https:\/\/yoast.com\/wordpress\/plugins\/seo\/ -->\n<title>Cheikh Oumar Hann &nbsp;sur la candidature de Macky Sall. - LE PUBLIC<\/title>\n<meta name=\"robots\" content=\"index, follow, max-snippet:-1, max-image-preview:large, max-video-preview:-1\" \/>\n<link rel=\"canonical\" href=\"https:\/\/www.public.sn\/index.php\/2022\/10\/31\/cheikh-oumar-hann-sur-la-candidature-de-macky-sall\/\" \/>\n<meta property=\"og:locale\" content=\"fr_FR\" \/>\n<meta property=\"og:type\" content=\"article\" \/>\n<meta property=\"og:title\" content=\"Cheikh Oumar Hann &nbsp;sur la candidature de Macky Sall. - LE PUBLIC\" \/>\n<meta property=\"og:description\" content=\"Le ministre de l\u2019\u00e9ducation nationale s\u2019est encore fait remarqu\u00e9. Le Pr\u00e9sident&nbsp; de la R\u00e9publique peut d\u00e9poser sa candidature s\u2019il le souhaite en 2024 parce qu\u2019il est \u00e0 son premier mandat. Selon les propos &nbsp;repris par le journal &nbsp;Vox Populi,&nbsp;\u00ab&nbsp;Du point de vue de la constitution, si Macky Sall est candidat \u00e7a sera pour son deuxi\u00e8me mandat&nbsp;\u00bb, dit il. Ainsi, le ministre de l\u2019\u00e9ducation nationale estime &nbsp;\u00ab&nbsp;que le Pr\u00e9sident Macky Sall est arriv\u00e9 en 2012 du fait que du Pds, qui avait enlev\u00e9 la limitation du nombre de mandat. Donc on est all\u00e9 vers une constitution&nbsp; de 2016 qui se limite \u00e0 deux mandats&nbsp; alors que celle de 2012 n\u2019est pas concern\u00e9&nbsp;\u00bb. Le maire de Dioum a repris les m\u00eames propos au Daaral Forail de Diamaguene&nbsp; Sicap Mbao, lors d\u2019un &nbsp;meeting que les &nbsp;\u00e9leveurs ont organis\u00e9 pour remercier le Chef de l\u2019Etat pour leur avoir octroy\u00e9 le terrain. C\u2019est en pr\u00e9sence du ministre de l\u2019\u00e9levage, Aly Saleh Diop et de tous les chefs de file &nbsp;\u00e9leveurs.&nbsp;\u00ab2024, C\u2019est d\u00e9j\u00e0 acquis pour le Pr\u00e9sident Macky Sall&nbsp;\u00bb affirme Cheikh Oumar Hann. Maimouna Niang.\" \/>\n<meta property=\"og:url\" content=\"https:\/\/www.public.sn\/index.php\/2022\/10\/31\/cheikh-oumar-hann-sur-la-candidature-de-macky-sall\/\" \/>\n<meta property=\"og:site_name\" content=\"LE PUBLIC\" \/>\n<meta property=\"article:published_time\" content=\"2022-10-31T13:34:54+00:00\" \/>\n<meta property=\"article:modified_time\" content=\"2022-10-31T13:34:57+00:00\" \/>\n<meta property=\"og:image\" content=\"https:\/\/www.public.sn\/wp-content\/uploads\/2022\/10\/cheikh-1.jpg\" \/>\n\t<meta property=\"og:image:width\" content=\"702\" \/>\n\t<meta property=\"og:image:height\" content=\"400\" \/>\n\t<meta property=\"og:image:type\" content=\"image\/jpeg\" \/>\n<meta name=\"author\" content=\"LA REDACTION\" \/>\n<meta name=\"twitter:card\" content=\"summary_large_image\" \/>\n<meta name=\"twitter:label1\" content=\"\u00c9crit par\" \/>\n\t<meta name=\"twitter:data1\" content=\"LA REDACTION\" \/>\n\t<meta name=\"twitter:label2\" content=\"Dur\u00e9e de lecture estim\u00e9e\" \/>\n\t<meta name=\"twitter:data2\" content=\"1 minute\" \/>\n<script type=\"application\/ld+json\" class=\"yoast-schema-graph\">{\"@context\":\"https:\/\/schema.org\",\"@graph\":[{\"@type\":\"Article\",\"@id\":\"https:\/\/www.public.sn\/index.php\/2022\/10\/31\/cheikh-oumar-hann-sur-la-candidature-de-macky-sall\/#article\",\"isPartOf\":{\"@id\":\"https:\/\/www.public.sn\/index.php\/2022\/10\/31\/cheikh-oumar-hann-sur-la-candidature-de-macky-sall\/\"},\"author\":{\"name\":\"LA REDACTION\",\"@id\":\"https:\/\/www.public.sn\/#\/schema\/person\/e3f4a11b037d4203902db148f9bc8d5a\"},\"headline\":\"Cheikh Oumar Hann &nbsp;sur la candidature de Macky Sall.\",\"datePublished\":\"2022-10-31T13:34:54+00:00\",\"dateModified\":\"2022-10-31T13:34:57+00:00\",\"mainEntityOfPage\":{\"@id\":\"https:\/\/www.public.sn\/index.php\/2022\/10\/31\/cheikh-oumar-hann-sur-la-candidature-de-macky-sall\/\"},\"wordCount\":221,\"commentCount\":0,\"publisher\":{\"@id\":\"https:\/\/www.public.sn\/#organization\"},\"image\":{\"@id\":\"https:\/\/www.public.sn\/index.php\/2022\/10\/31\/cheikh-oumar-hann-sur-la-candidature-de-macky-sall\/#primaryimage\"},\"thumbnailUrl\":\"https:\/\/www.public.sn\/wp-content\/uploads\/2022\/10\/cheikh-1.jpg\",\"keywords\":[\"3eme mandat\",\"cheikh oumar hann\",\"Macky Sall\"],\"articleSection\":[\"ACTUALIT\u00c9S\",\"POLITIQUE\",\"S\u00c9N\u00c9GAL\"],\"inLanguage\":\"fr-FR\",\"potentialAction\":[{\"@type\":\"CommentAction\",\"name\":\"Comment\",\"target\":[\"https:\/\/www.public.sn\/index.php\/2022\/10\/31\/cheikh-oumar-hann-sur-la-candidature-de-macky-sall\/#respond\"]}]},{\"@type\":\"WebPage\",\"@id\":\"https:\/\/www.public.sn\/index.php\/2022\/10\/31\/cheikh-oumar-hann-sur-la-candidature-de-macky-sall\/\",\"url\":\"https:\/\/www.public.sn\/index.php\/2022\/10\/31\/cheikh-oumar-hann-sur-la-candidature-de-macky-sall\/\",\"name\":\"Cheikh Oumar Hann &nbsp;sur la candidature de Macky Sall. - LE PUBLIC\",\"isPartOf\":{\"@id\":\"https:\/\/www.public.sn\/#website\"},\"primaryImageOfPage\":{\"@id\":\"https:\/\/www.public.sn\/index.php\/2022\/10\/31\/cheikh-oumar-hann-sur-la-candidature-de-macky-sall\/#primaryimage\"},\"image\":{\"@id\":\"https:\/\/www.public.sn\/index.php\/2022\/10\/31\/cheikh-oumar-hann-sur-la-candidature-de-macky-sall\/#primaryimage\"},\"thumbnailUrl\":\"https:\/\/www.public.sn\/wp-content\/uploads\/2022\/10\/cheikh-1.jpg\",\"datePublished\":\"2022-10-31T13:34:54+00:00\",\"dateModified\":\"2022-10-31T13:34:57+00:00\",\"breadcrumb\":{\"@id\":\"https:\/\/www.public.sn\/index.php\/2022\/10\/31\/cheikh-oumar-hann-sur-la-candidature-de-macky-sall\/#breadcrumb\"},\"inLanguage\":\"fr-FR\",\"potentialAction\":[{\"@type\":\"ReadAction\",\"target\":[\"https:\/\/www.public.sn\/index.php\/2022\/10\/31\/cheikh-oumar-hann-sur-la-candidature-de-macky-sall\/\"]}]},{\"@type\":\"ImageObject\",\"inLanguage\":\"fr-FR\",\"@id\":\"https:\/\/www.public.sn\/index.php\/2022\/10\/31\/cheikh-oumar-hann-sur-la-candidature-de-macky-sall\/#primaryimage\",\"url\":\"https:\/\/www.public.sn\/wp-content\/uploads\/2022\/10\/cheikh-1.jpg\",\"contentUrl\":\"https:\/\/www.public.sn\/wp-content\/uploads\/2022\/10\/cheikh-1.jpg\",\"width\":702,\"height\":400,\"caption\":\"publicsn\"},{\"@type\":\"BreadcrumbList\",\"@id\":\"https:\/\/www.public.sn\/index.php\/2022\/10\/31\/cheikh-oumar-hann-sur-la-candidature-de-macky-sall\/#breadcrumb\",\"itemListElement\":[{\"@type\":\"ListItem\",\"position\":1,\"name\":\"Accueil\",\"item\":\"https:\/\/www.public.sn\/\"},{\"@type\":\"ListItem\",\"position\":2,\"name\":\"Cheikh Oumar Hann &nbsp;sur la candidature de Macky Sall.\"}]},{\"@type\":\"WebSite\",\"@id\":\"https:\/\/www.public.sn\/#website\",\"url\":\"https:\/\/www.public.sn\/\",\"name\":\"LE PUBLIC\",\"description\":\"\",\"publisher\":{\"@id\":\"https:\/\/www.public.sn\/#organization\"},\"potentialAction\":[{\"@type\":\"SearchAction\",\"target\":{\"@type\":\"EntryPoint\",\"urlTemplate\":\"https:\/\/www.public.sn\/?s={search_term_string}\"},\"query-input\":{\"@type\":\"PropertyValueSpecification\",\"valueRequired\":true,\"valueName\":\"search_term_string\"}}],\"inLanguage\":\"fr-FR\"},{\"@type\":\"Organization\",\"@id\":\"https:\/\/www.public.sn\/#organization\",\"name\":\"LE PUBLIC\",\"url\":\"https:\/\/www.public.sn\/\",\"logo\":{\"@type\":\"ImageObject\",\"inLanguage\":\"fr-FR\",\"@id\":\"https:\/\/www.public.sn\/#\/schema\/logo\/image\/\",\"url\":\"https:\/\/www.public.sn\/wp-content\/uploads\/2024\/05\/cropped-LOGO-PUBLIC.SN_.png\",\"contentUrl\":\"https:\/\/www.public.sn\/wp-content\/uploads\/2024\/05\/cropped-LOGO-PUBLIC.SN_.png\",\"width\":682,\"height\":192,\"caption\":\"LE PUBLIC\"},\"image\":{\"@id\":\"https:\/\/www.public.sn\/#\/schema\/logo\/image\/\"}},{\"@type\":\"Person\",\"@id\":\"https:\/\/www.public.sn\/#\/schema\/person\/e3f4a11b037d4203902db148f9bc8d5a\",\"name\":\"LA REDACTION\",\"image\":{\"@type\":\"ImageObject\",\"inLanguage\":\"fr-FR\",\"@id\":\"https:\/\/www.public.sn\/#\/schema\/person\/image\/\",\"url\":\"https:\/\/secure.gravatar.com\/avatar\/d6c030db45db2883c075085c5d6c6258654a801a93766b49af0b82d4f454e2a5?s=96&d=mm&r=g\",\"contentUrl\":\"https:\/\/secure.gravatar.com\/avatar\/d6c030db45db2883c075085c5d6c6258654a801a93766b49af0b82d4f454e2a5?s=96&d=mm&r=g\",\"caption\":\"LA REDACTION\"},\"sameAs\":[\"http:\/\/www.public.sn\"],\"url\":\"https:\/\/www.public.sn\/index.php\/author\/admin7324\/\"}]}<\/script>\n<!-- \/ Yoast SEO plugin. -->","yoast_head_json":{"title":"Cheikh Oumar Hann &nbsp;sur la candidature de Macky Sall. - LE PUBLIC","robots":{"index":"index","follow":"follow","max-snippet":"max-snippet:-1","max-image-preview":"max-image-preview:large","max-video-preview":"max-video-preview:-1"},"canonical":"https:\/\/www.public.sn\/index.php\/2022\/10\/31\/cheikh-oumar-hann-sur-la-candidature-de-macky-sall\/","og_locale":"fr_FR","og_type":"article","og_title":"Cheikh Oumar Hann &nbsp;sur la candidature de Macky Sall. - LE PUBLIC","og_description":"Le ministre de l\u2019\u00e9ducation nationale s\u2019est encore fait remarqu\u00e9. Le Pr\u00e9sident&nbsp; de la R\u00e9publique peut d\u00e9poser sa candidature s\u2019il le souhaite en 2024 parce qu\u2019il est \u00e0 son premier mandat. Selon les propos &nbsp;repris par le journal &nbsp;Vox Populi,&nbsp;\u00ab&nbsp;Du point de vue de la constitution, si Macky Sall est candidat \u00e7a sera pour son deuxi\u00e8me mandat&nbsp;\u00bb, dit il. Ainsi, le ministre de l\u2019\u00e9ducation nationale estime &nbsp;\u00ab&nbsp;que le Pr\u00e9sident Macky Sall est arriv\u00e9 en 2012 du fait que du Pds, qui avait enlev\u00e9 la limitation du nombre de mandat. Donc on est all\u00e9 vers une constitution&nbsp; de 2016 qui se limite \u00e0 deux mandats&nbsp; alors que celle de 2012 n\u2019est pas concern\u00e9&nbsp;\u00bb. Le maire de Dioum a repris les m\u00eames propos au Daaral Forail de Diamaguene&nbsp; Sicap Mbao, lors d\u2019un &nbsp;meeting que les &nbsp;\u00e9leveurs ont organis\u00e9 pour remercier le Chef de l\u2019Etat pour leur avoir octroy\u00e9 le terrain. C\u2019est en pr\u00e9sence du ministre de l\u2019\u00e9levage, Aly Saleh Diop et de tous les chefs de file &nbsp;\u00e9leveurs.&nbsp;\u00ab2024, C\u2019est d\u00e9j\u00e0 acquis pour le Pr\u00e9sident Macky Sall&nbsp;\u00bb affirme Cheikh Oumar Hann. Maimouna Niang.","og_url":"https:\/\/www.public.sn\/index.php\/2022\/10\/31\/cheikh-oumar-hann-sur-la-candidature-de-macky-sall\/","og_site_name":"LE PUBLIC","article_published_time":"2022-10-31T13:34:54+00:00","article_modified_time":"2022-10-31T13:34:57+00:00","og_image":[{"width":702,"height":400,"url":"https:\/\/www.public.sn\/wp-content\/uploads\/2022\/10\/cheikh-1.jpg","type":"image\/jpeg"}],"author":"LA REDACTION","twitter_card":"summary_large_image","twitter_misc":{"\u00c9crit par":"LA REDACTION","Dur\u00e9e de lecture estim\u00e9e":"1 minute"},"schema":{"@context":"https:\/\/schema.org","@graph":[{"@type":"Article","@id":"https:\/\/www.public.sn\/index.php\/2022\/10\/31\/cheikh-oumar-hann-sur-la-candidature-de-macky-sall\/#article","isPartOf":{"@id":"https:\/\/www.public.sn\/index.php\/2022\/10\/31\/cheikh-oumar-hann-sur-la-candidature-de-macky-sall\/"},"author":{"name":"LA REDACTION","@id":"https:\/\/www.public.sn\/#\/schema\/person\/e3f4a11b037d4203902db148f9bc8d5a"},"headline":"Cheikh Oumar Hann &nbsp;sur la candidature de Macky Sall.","datePublished":"2022-10-31T13:34:54+00:00","dateModified":"2022-10-31T13:34:57+00:00","mainEntityOfPage":{"@id":"https:\/\/www.public.sn\/index.php\/2022\/10\/31\/cheikh-oumar-hann-sur-la-candidature-de-macky-sall\/"},"wordCount":221,"commentCount":0,"publisher":{"@id":"https:\/\/www.public.sn\/#organization"},"image":{"@id":"https:\/\/www.public.sn\/index.php\/2022\/10\/31\/cheikh-oumar-hann-sur-la-candidature-de-macky-sall\/#primaryimage"},"thumbnailUrl":"https:\/\/www.public.sn\/wp-content\/uploads\/2022\/10\/cheikh-1.jpg","keywords":["3eme mandat","cheikh oumar hann","Macky Sall"],"articleSection":["ACTUALIT\u00c9S","POLITIQUE","S\u00c9N\u00c9GAL"],"inLanguage":"fr-FR","potentialAction":[{"@type":"CommentAction","name":"Comment","target":["https:\/\/www.public.sn\/index.php\/2022\/10\/31\/cheikh-oumar-hann-sur-la-candidature-de-macky-sall\/#respond"]}]},{"@type":"WebPage","@id":"https:\/\/www.public.sn\/index.php\/2022\/10\/31\/cheikh-oumar-hann-sur-la-candidature-de-macky-sall\/","url":"https:\/\/www.public.sn\/index.php\/2022\/10\/31\/cheikh-oumar-hann-sur-la-candidature-de-macky-sall\/","name":"Cheikh Oumar Hann &nbsp;sur la candidature de Macky Sall. - LE PUBLIC","isPartOf":{"@id":"https:\/\/www.public.sn\/#website"},"primaryImageOfPage":{"@id":"https:\/\/www.public.sn\/index.php\/2022\/10\/31\/cheikh-oumar-hann-sur-la-candidature-de-macky-sall\/#primaryimage"},"image":{"@id":"https:\/\/www.public.sn\/index.php\/2022\/10\/31\/cheikh-oumar-hann-sur-la-candidature-de-macky-sall\/#primaryimage"},"thumbnailUrl":"https:\/\/www.public.sn\/wp-content\/uploads\/2022\/10\/cheikh-1.jpg","datePublished":"2022-10-31T13:34:54+00:00","dateModified":"2022-10-31T13:34:57+00:00","breadcrumb":{"@id":"https:\/\/www.public.sn\/index.php\/2022\/10\/31\/cheikh-oumar-hann-sur-la-candidature-de-macky-sall\/#breadcrumb"},"inLanguage":"fr-FR","potentialAction":[{"@type":"ReadAction","target":["https:\/\/www.public.sn\/index.php\/2022\/10\/31\/cheikh-oumar-hann-sur-la-candidature-de-macky-sall\/"]}]},{"@type":"ImageObject","inLanguage":"fr-FR","@id":"https:\/\/www.public.sn\/index.php\/2022\/10\/31\/cheikh-oumar-hann-sur-la-candidature-de-macky-sall\/#primaryimage","url":"https:\/\/www.public.sn\/wp-content\/uploads\/2022\/10\/cheikh-1.jpg","contentUrl":"https:\/\/www.public.sn\/wp-content\/uploads\/2022\/10\/cheikh-1.jpg","width":702,"height":400,"caption":"publicsn"},{"@type":"BreadcrumbList","@id":"https:\/\/www.public.sn\/index.php\/2022\/10\/31\/cheikh-oumar-hann-sur-la-candidature-de-macky-sall\/#breadcrumb","itemListElement":[{"@type":"ListItem","position":1,"name":"Accueil","item":"https:\/\/www.public.sn\/"},{"@type":"ListItem","position":2,"name":"Cheikh Oumar Hann &nbsp;sur la candidature de Macky Sall."}]},{"@type":"WebSite","@id":"https:\/\/www.public.sn\/#website","url":"https:\/\/www.public.sn\/","name":"LE PUBLIC","description":"","publisher":{"@id":"https:\/\/www.public.sn\/#organization"},"potentialAction":[{"@type":"SearchAction","target":{"@type":"EntryPoint","urlTemplate":"https:\/\/www.public.sn\/?s={search_term_string}"},"query-input":{"@type":"PropertyValueSpecification","valueRequired":true,"valueName":"search_term_string"}}],"inLanguage":"fr-FR"},{"@type":"Organization","@id":"https:\/\/www.public.sn\/#organization","name":"LE PUBLIC","url":"https:\/\/www.public.sn\/","logo":{"@type":"ImageObject","inLanguage":"fr-FR","@id":"https:\/\/www.public.sn\/#\/schema\/logo\/image\/","url":"https:\/\/www.public.sn\/wp-content\/uploads\/2024\/05\/cropped-LOGO-PUBLIC.SN_.png","contentUrl":"https:\/\/www.public.sn\/wp-content\/uploads\/2024\/05\/cropped-LOGO-PUBLIC.SN_.png","width":682,"height":192,"caption":"LE PUBLIC"},"image":{"@id":"https:\/\/www.public.sn\/#\/schema\/logo\/image\/"}},{"@type":"Person","@id":"https:\/\/www.public.sn\/#\/schema\/person\/e3f4a11b037d4203902db148f9bc8d5a","name":"LA REDACTION","image":{"@type":"ImageObject","inLanguage":"fr-FR","@id":"https:\/\/www.public.sn\/#\/schema\/person\/image\/","url":"https:\/\/secure.gravatar.com\/avatar\/d6c030db45db2883c075085c5d6c6258654a801a93766b49af0b82d4f454e2a5?s=96&d=mm&r=g","contentUrl":"https:\/\/secure.gravatar.com\/avatar\/d6c030db45db2883c075085c5d6c6258654a801a93766b49af0b82d4f454e2a5?s=96&d=mm&r=g","caption":"LA REDACTION"},"sameAs":["http:\/\/www.public.sn"],"url":"https:\/\/www.public.sn\/index.php\/author\/admin7324\/"}]}},"jetpack_featured_media_url":"https:\/\/www.public.sn\/wp-content\/uploads\/2022\/10\/cheikh-1.jpg","jetpack_sharing_enabled":true,"_links":{"self":[{"href":"https:\/\/www.public.sn\/index.php\/wp-json\/wp\/v2\/posts\/6456","targetHints":{"allow":["GET"]}}],"collection":[{"href":"https:\/\/www.public.sn\/index.php\/wp-json\/wp\/v2\/posts"}],"about":[{"href":"https:\/\/www.public.sn\/index.php\/wp-json\/wp\/v2\/types\/post"}],"author":[{"embeddable":true,"href":"https:\/\/www.public.sn\/index.php\/wp-json\/wp\/v2\/users\/1"}],"replies":[{"embeddable":true,"href":"https:\/\/www.public.sn\/index.php\/wp-json\/wp\/v2\/comments?post=6456"}],"version-history":[{"count":2,"href":"https:\/\/www.public.sn\/index.php\/wp-json\/wp\/v2\/posts\/6456\/revisions"}],"predecessor-version":[{"id":6459,"href":"https:\/\/www.public.sn\/index.php\/wp-json\/wp\/v2\/posts\/6456\/revisions\/6459"}],"wp:featuredmedia":[{"embeddable":true,"href":"https:\/\/www.public.sn\/index.php\/wp-json\/wp\/v2\/media\/6457"}],"wp:attachment":[{"href":"https:\/\/www.public.sn\/index.php\/wp-json\/wp\/v2\/media?parent=6456"}],"wp:term":[{"taxonomy":"category","embeddable":true,"href":"https:\/\/www.public.sn\/index.php\/wp-json\/wp\/v2\/categories?post=6456"},{"taxonomy":"post_tag","embeddable":true,"href":"https:\/\/www.public.sn\/index.php\/wp-json\/wp\/v2\/tags?post=6456"}],"curies":[{"name":"wp","href":"https:\/\/api.w.org\/{rel}","templated":true}]}}