{"id":6470,"date":"2022-10-31T14:02:10","date_gmt":"2022-10-31T14:02:10","guid":{"rendered":"https:\/\/www.public.sn\/?p=6470"},"modified":"2022-10-31T14:02:12","modified_gmt":"2022-10-31T14:02:12","slug":"tall-ngol-ngol-sonko-doit-aller-repondre-a-la-justice","status":"publish","type":"post","link":"https:\/\/www.public.sn\/index.php\/2022\/10\/31\/tall-ngol-ngol-sonko-doit-aller-repondre-a-la-justice\/","title":{"rendered":"Tall Ngol Ngol : \u00a0\u00bb Sonko doit aller r\u00e9pondre \u00e0 la Justice\u00a0\u00bb"},"content":{"rendered":"\n<p>Tall Ngol Ngol estime que les insultes sur le Net doivent arr\u00eater. Il n\u2019est pas possible de diriger le S\u00e9n\u00e9gal dans les injures et la calomnies. Et sur la convocation de Ousmane Sonko devant la Justice, celui n\u2019y voit aucun inconv\u00e9nient. <\/p><div class=\"publi-paragraphe1\" style=\"margin-top: 10px;margin-bottom: 10px;margin-left: auto;margin-right: auto;text-align: center;\" id=\"publi-466979433\"><div class=\"publi-adlabel\">Publicit\u00e9<\/div><script async src=\"\/\/pagead2.googlesyndication.com\/pagead\/js\/adsbygoogle.js?client=ca-pub-4089586018074219\" crossorigin=\"anonymous\"><\/script><ins class=\"adsbygoogle\" style=\"display:block;\" data-ad-client=\"ca-pub-4089586018074219\" \ndata-ad-slot=\"2087940154\" \ndata-ad-format=\"auto\"><\/ins>\n<script> \n(adsbygoogle = window.adsbygoogle || []).push({}); \n<\/script>\n<\/div>\n\n\n\n<p>Ousmane Sonko se doit d\u2019aller r\u00e9pondre et appel a \u00e9t\u00e9 lanc\u00e9 pour que les \u00e9v\u00e9nements de Mars ne puissent pas se reproduire. La Justice est accus\u00e9 \u00e0 tord et l\u2019on doit faire confiance aux magistrats car la Justice est cr\u00e9dible.<\/p>\n\n\n\n<p>Des propos tenus lors d\u2019un entretien avec publicsn.<\/p>\n\n\n\n<p>Maimouna Diallo.<\/p>\n\n\n<p><iframe width=\"640\" height=\"360\" src=\"https:\/\/www.youtube.com\/embed\/SjTRTwrkuUM\" title=\"Ousmane Sonko convoqu\u00e9 ,Tall Ngoll Nguol se prononce et averti...\" frameborder=\"0\" allow=\"accelerometer; autoplay; clipboard-write; encrypted-media; gyroscope; picture-in-picture\" allowfullscreen=\"\"><\/iframe><\/p><div class=\"publi-apres-le-contenu\" style=\"margin-top: 10px;margin-bottom: 10px;margin-left: auto;margin-right: auto;text-align: center;\" id=\"publi-2342400763\"><div class=\"publi-adlabel\">Publicit\u00e9<\/div><script async src=\"\/\/pagead2.googlesyndication.com\/pagead\/js\/adsbygoogle.js?client=ca-pub-4089586018074219\" crossorigin=\"anonymous\"><\/script><ins class=\"adsbygoogle\" style=\"display:block;\" data-ad-client=\"ca-pub-4089586018074219\" \ndata-ad-slot=\"2087940154\" \ndata-ad-format=\"auto\"><\/ins>\n<script> \n(adsbygoogle = window.adsbygoogle || []).push({}); \n<\/script>\n<\/div>","protected":false},"excerpt":{"rendered":"<p>Tall Ngol Ngol estime que les insultes sur le Net doivent arr\u00eater. Il n\u2019est pas possible de diriger le S\u00e9n\u00e9gal dans les injures et la calomnies. Et sur la convocation de Ousmane Sonko devant la Justice, celui n\u2019y voit aucun inconv\u00e9nient. Ousmane Sonko se doit d\u2019aller r\u00e9pondre et appel a \u00e9t\u00e9 lanc\u00e9 pour que les \u00e9v\u00e9nements de Mars ne puissent pas se reproduire. La Justice est accus\u00e9 \u00e0 tord et l\u2019on doit faire confiance aux magistrats car la Justice est cr\u00e9dible. Des propos tenus lors d\u2019un entretien avec publicsn. Maimouna Diallo.<\/p>\n","protected":false},"author":7,"featured_media":6471,"comment_status":"open","ping_status":"open","sticky":false,"template":"","format":"standard","meta":{"_jetpack_memberships_contains_paid_content":false,"footnotes":""},"categories":[375,3,1],"tags":[24,306,2265],"class_list":["post-6470","post","type-post","status-publish","format-standard","has-post-thumbnail","hentry","category-actualites","category-politique","category-non-classe","tag-justice","tag-sonko","tag-tall-ngol","entry","has-media","owp-thumbs-layout-horizontal","owp-btn-normal","owp-tabs-layout-horizontal","has-no-thumbnails","has-product-nav"],"yoast_head":"<!-- This site is optimized with the Yoast SEO plugin v25.5 - https:\/\/yoast.com\/wordpress\/plugins\/seo\/ -->\n<title>Tall Ngol Ngol : &quot; Sonko doit aller r\u00e9pondre \u00e0 la Justice&quot; - LE PUBLIC<\/title>\n<meta name=\"robots\" content=\"index, follow, max-snippet:-1, max-image-preview:large, max-video-preview:-1\" \/>\n<link rel=\"canonical\" href=\"https:\/\/www.public.sn\/index.php\/2022\/10\/31\/tall-ngol-ngol-sonko-doit-aller-repondre-a-la-justice\/\" \/>\n<meta property=\"og:locale\" content=\"fr_FR\" \/>\n<meta property=\"og:type\" content=\"article\" \/>\n<meta property=\"og:title\" content=\"Tall Ngol Ngol : &quot; Sonko doit aller r\u00e9pondre \u00e0 la Justice&quot; - LE PUBLIC\" \/>\n<meta property=\"og:description\" content=\"Tall Ngol Ngol estime que les insultes sur le Net doivent arr\u00eater. Il n\u2019est pas possible de diriger le S\u00e9n\u00e9gal dans les injures et la calomnies. Et sur la convocation de Ousmane Sonko devant la Justice, celui n\u2019y voit aucun inconv\u00e9nient. Ousmane Sonko se doit d\u2019aller r\u00e9pondre et appel a \u00e9t\u00e9 lanc\u00e9 pour que les \u00e9v\u00e9nements de Mars ne puissent pas se reproduire. La Justice est accus\u00e9 \u00e0 tord et l\u2019on doit faire confiance aux magistrats car la Justice est cr\u00e9dible. Des propos tenus lors d\u2019un entretien avec publicsn. Maimouna Diallo.\" \/>\n<meta property=\"og:url\" content=\"https:\/\/www.public.sn\/index.php\/2022\/10\/31\/tall-ngol-ngol-sonko-doit-aller-repondre-a-la-justice\/\" \/>\n<meta property=\"og:site_name\" content=\"LE PUBLIC\" \/>\n<meta property=\"article:published_time\" content=\"2022-10-31T14:02:10+00:00\" \/>\n<meta property=\"article:modified_time\" content=\"2022-10-31T14:02:12+00:00\" \/>\n<meta property=\"og:image\" content=\"https:\/\/www.public.sn\/wp-content\/uploads\/2022\/10\/tall-ngol-ngol.jpg\" \/>\n\t<meta property=\"og:image:width\" content=\"1001\" \/>\n\t<meta property=\"og:image:height\" content=\"920\" \/>\n\t<meta property=\"og:image:type\" content=\"image\/jpeg\" \/>\n<meta name=\"author\" content=\"LA REDACTION\" \/>\n<meta name=\"twitter:card\" content=\"summary_large_image\" \/>\n<meta name=\"twitter:label1\" content=\"\u00c9crit par\" \/>\n\t<meta name=\"twitter:data1\" content=\"LA REDACTION\" \/>\n\t<meta name=\"twitter:label2\" content=\"Dur\u00e9e de lecture estim\u00e9e\" \/>\n\t<meta name=\"twitter:data2\" content=\"1 minute\" \/>\n<script type=\"application\/ld+json\" class=\"yoast-schema-graph\">{\"@context\":\"https:\/\/schema.org\",\"@graph\":[{\"@type\":\"Article\",\"@id\":\"https:\/\/www.public.sn\/index.php\/2022\/10\/31\/tall-ngol-ngol-sonko-doit-aller-repondre-a-la-justice\/#article\",\"isPartOf\":{\"@id\":\"https:\/\/www.public.sn\/index.php\/2022\/10\/31\/tall-ngol-ngol-sonko-doit-aller-repondre-a-la-justice\/\"},\"author\":{\"name\":\"LA REDACTION\",\"@id\":\"https:\/\/www.public.sn\/#\/schema\/person\/cb76c8e1b8becc6be61fb5e92d6d0224\"},\"headline\":\"Tall Ngol Ngol : \u00a0\u00bb Sonko doit aller r\u00e9pondre \u00e0 la Justice\u00a0\u00bb\",\"datePublished\":\"2022-10-31T14:02:10+00:00\",\"dateModified\":\"2022-10-31T14:02:12+00:00\",\"mainEntityOfPage\":{\"@id\":\"https:\/\/www.public.sn\/index.php\/2022\/10\/31\/tall-ngol-ngol-sonko-doit-aller-repondre-a-la-justice\/\"},\"wordCount\":112,\"commentCount\":0,\"publisher\":{\"@id\":\"https:\/\/www.public.sn\/#organization\"},\"image\":{\"@id\":\"https:\/\/www.public.sn\/index.php\/2022\/10\/31\/tall-ngol-ngol-sonko-doit-aller-repondre-a-la-justice\/#primaryimage\"},\"thumbnailUrl\":\"https:\/\/www.public.sn\/wp-content\/uploads\/2022\/10\/tall-ngol-ngol.jpg\",\"keywords\":[\"Justice\",\"sonko\",\"tall ngol\"],\"articleSection\":[\"ACTUALIT\u00c9S\",\"POLITIQUE\",\"S\u00c9N\u00c9GAL\"],\"inLanguage\":\"fr-FR\",\"potentialAction\":[{\"@type\":\"CommentAction\",\"name\":\"Comment\",\"target\":[\"https:\/\/www.public.sn\/index.php\/2022\/10\/31\/tall-ngol-ngol-sonko-doit-aller-repondre-a-la-justice\/#respond\"]}]},{\"@type\":\"WebPage\",\"@id\":\"https:\/\/www.public.sn\/index.php\/2022\/10\/31\/tall-ngol-ngol-sonko-doit-aller-repondre-a-la-justice\/\",\"url\":\"https:\/\/www.public.sn\/index.php\/2022\/10\/31\/tall-ngol-ngol-sonko-doit-aller-repondre-a-la-justice\/\",\"name\":\"Tall Ngol Ngol : \\\" Sonko doit aller r\u00e9pondre \u00e0 la Justice\\\" - LE PUBLIC\",\"isPartOf\":{\"@id\":\"https:\/\/www.public.sn\/#website\"},\"primaryImageOfPage\":{\"@id\":\"https:\/\/www.public.sn\/index.php\/2022\/10\/31\/tall-ngol-ngol-sonko-doit-aller-repondre-a-la-justice\/#primaryimage\"},\"image\":{\"@id\":\"https:\/\/www.public.sn\/index.php\/2022\/10\/31\/tall-ngol-ngol-sonko-doit-aller-repondre-a-la-justice\/#primaryimage\"},\"thumbnailUrl\":\"https:\/\/www.public.sn\/wp-content\/uploads\/2022\/10\/tall-ngol-ngol.jpg\",\"datePublished\":\"2022-10-31T14:02:10+00:00\",\"dateModified\":\"2022-10-31T14:02:12+00:00\",\"breadcrumb\":{\"@id\":\"https:\/\/www.public.sn\/index.php\/2022\/10\/31\/tall-ngol-ngol-sonko-doit-aller-repondre-a-la-justice\/#breadcrumb\"},\"inLanguage\":\"fr-FR\",\"potentialAction\":[{\"@type\":\"ReadAction\",\"target\":[\"https:\/\/www.public.sn\/index.php\/2022\/10\/31\/tall-ngol-ngol-sonko-doit-aller-repondre-a-la-justice\/\"]}]},{\"@type\":\"ImageObject\",\"inLanguage\":\"fr-FR\",\"@id\":\"https:\/\/www.public.sn\/index.php\/2022\/10\/31\/tall-ngol-ngol-sonko-doit-aller-repondre-a-la-justice\/#primaryimage\",\"url\":\"https:\/\/www.public.sn\/wp-content\/uploads\/2022\/10\/tall-ngol-ngol.jpg\",\"contentUrl\":\"https:\/\/www.public.sn\/wp-content\/uploads\/2022\/10\/tall-ngol-ngol.jpg\",\"width\":1001,\"height\":920,\"caption\":\"publicsn\"},{\"@type\":\"BreadcrumbList\",\"@id\":\"https:\/\/www.public.sn\/index.php\/2022\/10\/31\/tall-ngol-ngol-sonko-doit-aller-repondre-a-la-justice\/#breadcrumb\",\"itemListElement\":[{\"@type\":\"ListItem\",\"position\":1,\"name\":\"Accueil\",\"item\":\"https:\/\/www.public.sn\/\"},{\"@type\":\"ListItem\",\"position\":2,\"name\":\"Tall Ngol Ngol : \u00a0\u00bb Sonko doit aller r\u00e9pondre \u00e0 la Justice\u00a0\u00bb\"}]},{\"@type\":\"WebSite\",\"@id\":\"https:\/\/www.public.sn\/#website\",\"url\":\"https:\/\/www.public.sn\/\",\"name\":\"LE PUBLIC\",\"description\":\"\",\"publisher\":{\"@id\":\"https:\/\/www.public.sn\/#organization\"},\"potentialAction\":[{\"@type\":\"SearchAction\",\"target\":{\"@type\":\"EntryPoint\",\"urlTemplate\":\"https:\/\/www.public.sn\/?s={search_term_string}\"},\"query-input\":{\"@type\":\"PropertyValueSpecification\",\"valueRequired\":true,\"valueName\":\"search_term_string\"}}],\"inLanguage\":\"fr-FR\"},{\"@type\":\"Organization\",\"@id\":\"https:\/\/www.public.sn\/#organization\",\"name\":\"LE PUBLIC\",\"url\":\"https:\/\/www.public.sn\/\",\"logo\":{\"@type\":\"ImageObject\",\"inLanguage\":\"fr-FR\",\"@id\":\"https:\/\/www.public.sn\/#\/schema\/logo\/image\/\",\"url\":\"https:\/\/www.public.sn\/wp-content\/uploads\/2024\/05\/cropped-LOGO-PUBLIC.SN_.png\",\"contentUrl\":\"https:\/\/www.public.sn\/wp-content\/uploads\/2024\/05\/cropped-LOGO-PUBLIC.SN_.png\",\"width\":682,\"height\":192,\"caption\":\"LE PUBLIC\"},\"image\":{\"@id\":\"https:\/\/www.public.sn\/#\/schema\/logo\/image\/\"}},{\"@type\":\"Person\",\"@id\":\"https:\/\/www.public.sn\/#\/schema\/person\/cb76c8e1b8becc6be61fb5e92d6d0224\",\"name\":\"LA REDACTION\",\"image\":{\"@type\":\"ImageObject\",\"inLanguage\":\"fr-FR\",\"@id\":\"https:\/\/www.public.sn\/#\/schema\/person\/image\/\",\"url\":\"https:\/\/secure.gravatar.com\/avatar\/2dce5ddd34b8fef0180efe03aa2a9bee7d953856048f9a16b298190a3178407c?s=96&d=mm&r=g\",\"contentUrl\":\"https:\/\/secure.gravatar.com\/avatar\/2dce5ddd34b8fef0180efe03aa2a9bee7d953856048f9a16b298190a3178407c?s=96&d=mm&r=g\",\"caption\":\"LA REDACTION\"},\"url\":\"https:\/\/www.public.sn\/index.php\/author\/editeurpsn\/\"}]}<\/script>\n<!-- \/ Yoast SEO plugin. -->","yoast_head_json":{"title":"Tall Ngol Ngol : \" Sonko doit aller r\u00e9pondre \u00e0 la Justice\" - LE PUBLIC","robots":{"index":"index","follow":"follow","max-snippet":"max-snippet:-1","max-image-preview":"max-image-preview:large","max-video-preview":"max-video-preview:-1"},"canonical":"https:\/\/www.public.sn\/index.php\/2022\/10\/31\/tall-ngol-ngol-sonko-doit-aller-repondre-a-la-justice\/","og_locale":"fr_FR","og_type":"article","og_title":"Tall Ngol Ngol : \" Sonko doit aller r\u00e9pondre \u00e0 la Justice\" - LE PUBLIC","og_description":"Tall Ngol Ngol estime que les insultes sur le Net doivent arr\u00eater. Il n\u2019est pas possible de diriger le S\u00e9n\u00e9gal dans les injures et la calomnies. Et sur la convocation de Ousmane Sonko devant la Justice, celui n\u2019y voit aucun inconv\u00e9nient. Ousmane Sonko se doit d\u2019aller r\u00e9pondre et appel a \u00e9t\u00e9 lanc\u00e9 pour que les \u00e9v\u00e9nements de Mars ne puissent pas se reproduire. La Justice est accus\u00e9 \u00e0 tord et l\u2019on doit faire confiance aux magistrats car la Justice est cr\u00e9dible. Des propos tenus lors d\u2019un entretien avec publicsn. Maimouna Diallo.","og_url":"https:\/\/www.public.sn\/index.php\/2022\/10\/31\/tall-ngol-ngol-sonko-doit-aller-repondre-a-la-justice\/","og_site_name":"LE PUBLIC","article_published_time":"2022-10-31T14:02:10+00:00","article_modified_time":"2022-10-31T14:02:12+00:00","og_image":[{"width":1001,"height":920,"url":"https:\/\/www.public.sn\/wp-content\/uploads\/2022\/10\/tall-ngol-ngol.jpg","type":"image\/jpeg"}],"author":"LA REDACTION","twitter_card":"summary_large_image","twitter_misc":{"\u00c9crit par":"LA REDACTION","Dur\u00e9e de lecture estim\u00e9e":"1 minute"},"schema":{"@context":"https:\/\/schema.org","@graph":[{"@type":"Article","@id":"https:\/\/www.public.sn\/index.php\/2022\/10\/31\/tall-ngol-ngol-sonko-doit-aller-repondre-a-la-justice\/#article","isPartOf":{"@id":"https:\/\/www.public.sn\/index.php\/2022\/10\/31\/tall-ngol-ngol-sonko-doit-aller-repondre-a-la-justice\/"},"author":{"name":"LA REDACTION","@id":"https:\/\/www.public.sn\/#\/schema\/person\/cb76c8e1b8becc6be61fb5e92d6d0224"},"headline":"Tall Ngol Ngol : \u00a0\u00bb Sonko doit aller r\u00e9pondre \u00e0 la Justice\u00a0\u00bb","datePublished":"2022-10-31T14:02:10+00:00","dateModified":"2022-10-31T14:02:12+00:00","mainEntityOfPage":{"@id":"https:\/\/www.public.sn\/index.php\/2022\/10\/31\/tall-ngol-ngol-sonko-doit-aller-repondre-a-la-justice\/"},"wordCount":112,"commentCount":0,"publisher":{"@id":"https:\/\/www.public.sn\/#organization"},"image":{"@id":"https:\/\/www.public.sn\/index.php\/2022\/10\/31\/tall-ngol-ngol-sonko-doit-aller-repondre-a-la-justice\/#primaryimage"},"thumbnailUrl":"https:\/\/www.public.sn\/wp-content\/uploads\/2022\/10\/tall-ngol-ngol.jpg","keywords":["Justice","sonko","tall ngol"],"articleSection":["ACTUALIT\u00c9S","POLITIQUE","S\u00c9N\u00c9GAL"],"inLanguage":"fr-FR","potentialAction":[{"@type":"CommentAction","name":"Comment","target":["https:\/\/www.public.sn\/index.php\/2022\/10\/31\/tall-ngol-ngol-sonko-doit-aller-repondre-a-la-justice\/#respond"]}]},{"@type":"WebPage","@id":"https:\/\/www.public.sn\/index.php\/2022\/10\/31\/tall-ngol-ngol-sonko-doit-aller-repondre-a-la-justice\/","url":"https:\/\/www.public.sn\/index.php\/2022\/10\/31\/tall-ngol-ngol-sonko-doit-aller-repondre-a-la-justice\/","name":"Tall Ngol Ngol : \" Sonko doit aller r\u00e9pondre \u00e0 la Justice\" - LE PUBLIC","isPartOf":{"@id":"https:\/\/www.public.sn\/#website"},"primaryImageOfPage":{"@id":"https:\/\/www.public.sn\/index.php\/2022\/10\/31\/tall-ngol-ngol-sonko-doit-aller-repondre-a-la-justice\/#primaryimage"},"image":{"@id":"https:\/\/www.public.sn\/index.php\/2022\/10\/31\/tall-ngol-ngol-sonko-doit-aller-repondre-a-la-justice\/#primaryimage"},"thumbnailUrl":"https:\/\/www.public.sn\/wp-content\/uploads\/2022\/10\/tall-ngol-ngol.jpg","datePublished":"2022-10-31T14:02:10+00:00","dateModified":"2022-10-31T14:02:12+00:00","breadcrumb":{"@id":"https:\/\/www.public.sn\/index.php\/2022\/10\/31\/tall-ngol-ngol-sonko-doit-aller-repondre-a-la-justice\/#breadcrumb"},"inLanguage":"fr-FR","potentialAction":[{"@type":"ReadAction","target":["https:\/\/www.public.sn\/index.php\/2022\/10\/31\/tall-ngol-ngol-sonko-doit-aller-repondre-a-la-justice\/"]}]},{"@type":"ImageObject","inLanguage":"fr-FR","@id":"https:\/\/www.public.sn\/index.php\/2022\/10\/31\/tall-ngol-ngol-sonko-doit-aller-repondre-a-la-justice\/#primaryimage","url":"https:\/\/www.public.sn\/wp-content\/uploads\/2022\/10\/tall-ngol-ngol.jpg","contentUrl":"https:\/\/www.public.sn\/wp-content\/uploads\/2022\/10\/tall-ngol-ngol.jpg","width":1001,"height":920,"caption":"publicsn"},{"@type":"BreadcrumbList","@id":"https:\/\/www.public.sn\/index.php\/2022\/10\/31\/tall-ngol-ngol-sonko-doit-aller-repondre-a-la-justice\/#breadcrumb","itemListElement":[{"@type":"ListItem","position":1,"name":"Accueil","item":"https:\/\/www.public.sn\/"},{"@type":"ListItem","position":2,"name":"Tall Ngol Ngol : \u00a0\u00bb Sonko doit aller r\u00e9pondre \u00e0 la Justice\u00a0\u00bb"}]},{"@type":"WebSite","@id":"https:\/\/www.public.sn\/#website","url":"https:\/\/www.public.sn\/","name":"LE PUBLIC","description":"","publisher":{"@id":"https:\/\/www.public.sn\/#organization"},"potentialAction":[{"@type":"SearchAction","target":{"@type":"EntryPoint","urlTemplate":"https:\/\/www.public.sn\/?s={search_term_string}"},"query-input":{"@type":"PropertyValueSpecification","valueRequired":true,"valueName":"search_term_string"}}],"inLanguage":"fr-FR"},{"@type":"Organization","@id":"https:\/\/www.public.sn\/#organization","name":"LE PUBLIC","url":"https:\/\/www.public.sn\/","logo":{"@type":"ImageObject","inLanguage":"fr-FR","@id":"https:\/\/www.public.sn\/#\/schema\/logo\/image\/","url":"https:\/\/www.public.sn\/wp-content\/uploads\/2024\/05\/cropped-LOGO-PUBLIC.SN_.png","contentUrl":"https:\/\/www.public.sn\/wp-content\/uploads\/2024\/05\/cropped-LOGO-PUBLIC.SN_.png","width":682,"height":192,"caption":"LE PUBLIC"},"image":{"@id":"https:\/\/www.public.sn\/#\/schema\/logo\/image\/"}},{"@type":"Person","@id":"https:\/\/www.public.sn\/#\/schema\/person\/cb76c8e1b8becc6be61fb5e92d6d0224","name":"LA REDACTION","image":{"@type":"ImageObject","inLanguage":"fr-FR","@id":"https:\/\/www.public.sn\/#\/schema\/person\/image\/","url":"https:\/\/secure.gravatar.com\/avatar\/2dce5ddd34b8fef0180efe03aa2a9bee7d953856048f9a16b298190a3178407c?s=96&d=mm&r=g","contentUrl":"https:\/\/secure.gravatar.com\/avatar\/2dce5ddd34b8fef0180efe03aa2a9bee7d953856048f9a16b298190a3178407c?s=96&d=mm&r=g","caption":"LA REDACTION"},"url":"https:\/\/www.public.sn\/index.php\/author\/editeurpsn\/"}]}},"jetpack_featured_media_url":"https:\/\/www.public.sn\/wp-content\/uploads\/2022\/10\/tall-ngol-ngol.jpg","jetpack_sharing_enabled":true,"_links":{"self":[{"href":"https:\/\/www.public.sn\/index.php\/wp-json\/wp\/v2\/posts\/6470","targetHints":{"allow":["GET"]}}],"collection":[{"href":"https:\/\/www.public.sn\/index.php\/wp-json\/wp\/v2\/posts"}],"about":[{"href":"https:\/\/www.public.sn\/index.php\/wp-json\/wp\/v2\/types\/post"}],"author":[{"embeddable":true,"href":"https:\/\/www.public.sn\/index.php\/wp-json\/wp\/v2\/users\/7"}],"replies":[{"embeddable":true,"href":"https:\/\/www.public.sn\/index.php\/wp-json\/wp\/v2\/comments?post=6470"}],"version-history":[{"count":2,"href":"https:\/\/www.public.sn\/index.php\/wp-json\/wp\/v2\/posts\/6470\/revisions"}],"predecessor-version":[{"id":6473,"href":"https:\/\/www.public.sn\/index.php\/wp-json\/wp\/v2\/posts\/6470\/revisions\/6473"}],"wp:featuredmedia":[{"embeddable":true,"href":"https:\/\/www.public.sn\/index.php\/wp-json\/wp\/v2\/media\/6471"}],"wp:attachment":[{"href":"https:\/\/www.public.sn\/index.php\/wp-json\/wp\/v2\/media?parent=6470"}],"wp:term":[{"taxonomy":"category","embeddable":true,"href":"https:\/\/www.public.sn\/index.php\/wp-json\/wp\/v2\/categories?post=6470"},{"taxonomy":"post_tag","embeddable":true,"href":"https:\/\/www.public.sn\/index.php\/wp-json\/wp\/v2\/tags?post=6470"}],"curies":[{"name":"wp","href":"https:\/\/api.w.org\/{rel}","templated":true}]}}