{"id":6504,"date":"2022-11-01T08:33:33","date_gmt":"2022-11-01T08:33:33","guid":{"rendered":"https:\/\/www.public.sn\/?p=6504"},"modified":"2022-11-01T08:33:36","modified_gmt":"2022-11-01T08:33:36","slug":"matam-un-enfant-retrouve-mort-dans-une-mare","status":"publish","type":"post","link":"https:\/\/www.public.sn\/index.php\/2022\/11\/01\/matam-un-enfant-retrouve-mort-dans-une-mare\/","title":{"rendered":"Matam\u00a0: Un enfant retrouv\u00e9 mort dans une mare."},"content":{"rendered":"\n<p><\/p>\n\n\n\n<p><strong>A Matam le corps d\u2019un enfant de 10 ans a \u00e9t\u00e9 retrouv\u00e9 inerte dans une mare. Sa disparition avait \u00e9t\u00e9 signal\u00e9e par ses proches et apr\u00e8s des recherches intensives, il a \u00e9t\u00e9 retrouv\u00e9 ce Lundi.<\/strong><\/p><div class=\"publi-paragraphe1\" style=\"margin-top: 10px;margin-bottom: 10px;margin-left: auto;margin-right: auto;text-align: center;\" id=\"publi-395362983\"><div class=\"publi-adlabel\">Publicit\u00e9<\/div><script async src=\"\/\/pagead2.googlesyndication.com\/pagead\/js\/adsbygoogle.js?client=ca-pub-4089586018074219\" crossorigin=\"anonymous\"><\/script><ins class=\"adsbygoogle\" style=\"display:block;\" data-ad-client=\"ca-pub-4089586018074219\" \ndata-ad-slot=\"2087940154\" \ndata-ad-format=\"auto\"><\/ins>\n<script> \n(adsbygoogle = window.adsbygoogle || []).push({}); \n<\/script>\n<\/div>\n\n\n\n<p><\/p>\n\n\n\n<p>Originaire de Ado dans la commune de Matam, Y. Diallo avait disparu depuis le Dimanche. Et c\u2019est aussit\u00f4t que les recherches ont \u00e9t\u00e9 entreprises afin de le retrouver. Une battue fut organis\u00e9e par sa famille et ses proches. Apr\u00e8s un jour de recherche, le corps de l\u2019enfant a \u00e9t\u00e9 retrouv\u00e9 gisant dans une mare.<\/p>\n\n\n\n<p><\/p>\n\n\n\n<p>Les agents du commissariat de la police urbaine de la commune de Matam se sont ainsi d\u00e9plac\u00e9s sur les lieux et ont inform\u00e9 les sapeurs pompiers. Ces derniers ont r\u00e9cup\u00e9r\u00e9 le corps et l\u2019ont achemin\u00e9 vers la morgue de l\u2019h\u00f4pital de Ourossogui. Un accident qui repose la lancinante question de la s\u00e9curit\u00e9 dans certaines mares entre les communes de Matam et de Ourossogui. Des mares qui peuvent avoir des profondeurs de 2 m\u00e8tres.<\/p>\n\n\n\n<p>Samba SY.<\/p>\n<div class=\"publi-apres-le-contenu\" style=\"margin-top: 10px;margin-bottom: 10px;margin-left: auto;margin-right: auto;text-align: center;\" id=\"publi-3768703291\"><div class=\"publi-adlabel\">Publicit\u00e9<\/div><script async src=\"\/\/pagead2.googlesyndication.com\/pagead\/js\/adsbygoogle.js?client=ca-pub-4089586018074219\" crossorigin=\"anonymous\"><\/script><ins class=\"adsbygoogle\" style=\"display:block;\" data-ad-client=\"ca-pub-4089586018074219\" \ndata-ad-slot=\"2087940154\" \ndata-ad-format=\"auto\"><\/ins>\n<script> \n(adsbygoogle = window.adsbygoogle || []).push({}); \n<\/script>\n<\/div>","protected":false},"excerpt":{"rendered":"<p>A Matam le corps d\u2019un enfant de 10 ans a \u00e9t\u00e9 retrouv\u00e9 inerte dans une mare. Sa disparition avait \u00e9t\u00e9 signal\u00e9e par ses proches et apr\u00e8s des recherches intensives, il a \u00e9t\u00e9 retrouv\u00e9 ce Lundi. Originaire de Ado dans la commune de Matam, Y. Diallo avait disparu depuis le Dimanche. Et c\u2019est aussit\u00f4t que les recherches ont \u00e9t\u00e9 entreprises afin de le retrouver. Une battue fut organis\u00e9e par sa famille et ses proches. Apr\u00e8s un jour de recherche, le corps de l\u2019enfant a \u00e9t\u00e9 retrouv\u00e9 gisant dans une mare. Les agents du commissariat de la police urbaine de la commune de Matam se sont ainsi d\u00e9plac\u00e9s sur les lieux et ont inform\u00e9 les sapeurs pompiers. Ces derniers ont r\u00e9cup\u00e9r\u00e9 le corps et l\u2019ont achemin\u00e9 vers la morgue de l\u2019h\u00f4pital de Ourossogui. Un accident qui repose la lancinante question de la s\u00e9curit\u00e9 dans certaines mares entre les communes de Matam et de Ourossogui. Des mares qui peuvent avoir des profondeurs de 2 m\u00e8tres. Samba SY.<\/p>\n","protected":false},"author":7,"featured_media":6505,"comment_status":"open","ping_status":"open","sticky":false,"template":"","format":"standard","meta":{"_jetpack_memberships_contains_paid_content":false,"footnotes":""},"categories":[375,1051,1,372],"tags":[2279,577,492],"class_list":["post-6504","post","type-post","status-publish","format-standard","has-post-thumbnail","hentry","category-actualites","category-drame","category-non-classe","category-vedette","tag-enfant","tag-matam","tag-mort","entry","has-media","owp-thumbs-layout-horizontal","owp-btn-normal","owp-tabs-layout-horizontal","has-no-thumbnails","has-product-nav"],"yoast_head":"<!-- This site is optimized with the Yoast SEO plugin v25.5 - https:\/\/yoast.com\/wordpress\/plugins\/seo\/ -->\n<title>Matam\u00a0: Un enfant retrouv\u00e9 mort dans une mare. - LE PUBLIC<\/title>\n<meta name=\"robots\" content=\"index, follow, max-snippet:-1, max-image-preview:large, max-video-preview:-1\" \/>\n<link rel=\"canonical\" href=\"https:\/\/www.public.sn\/index.php\/2022\/11\/01\/matam-un-enfant-retrouve-mort-dans-une-mare\/\" \/>\n<meta property=\"og:locale\" content=\"fr_FR\" \/>\n<meta property=\"og:type\" content=\"article\" \/>\n<meta property=\"og:title\" content=\"Matam\u00a0: Un enfant retrouv\u00e9 mort dans une mare. - LE PUBLIC\" \/>\n<meta property=\"og:description\" content=\"A Matam le corps d\u2019un enfant de 10 ans a \u00e9t\u00e9 retrouv\u00e9 inerte dans une mare. Sa disparition avait \u00e9t\u00e9 signal\u00e9e par ses proches et apr\u00e8s des recherches intensives, il a \u00e9t\u00e9 retrouv\u00e9 ce Lundi. Originaire de Ado dans la commune de Matam, Y. Diallo avait disparu depuis le Dimanche. Et c\u2019est aussit\u00f4t que les recherches ont \u00e9t\u00e9 entreprises afin de le retrouver. Une battue fut organis\u00e9e par sa famille et ses proches. Apr\u00e8s un jour de recherche, le corps de l\u2019enfant a \u00e9t\u00e9 retrouv\u00e9 gisant dans une mare. Les agents du commissariat de la police urbaine de la commune de Matam se sont ainsi d\u00e9plac\u00e9s sur les lieux et ont inform\u00e9 les sapeurs pompiers. Ces derniers ont r\u00e9cup\u00e9r\u00e9 le corps et l\u2019ont achemin\u00e9 vers la morgue de l\u2019h\u00f4pital de Ourossogui. Un accident qui repose la lancinante question de la s\u00e9curit\u00e9 dans certaines mares entre les communes de Matam et de Ourossogui. Des mares qui peuvent avoir des profondeurs de 2 m\u00e8tres. Samba SY.\" \/>\n<meta property=\"og:url\" content=\"https:\/\/www.public.sn\/index.php\/2022\/11\/01\/matam-un-enfant-retrouve-mort-dans-une-mare\/\" \/>\n<meta property=\"og:site_name\" content=\"LE PUBLIC\" \/>\n<meta property=\"article:published_time\" content=\"2022-11-01T08:33:33+00:00\" \/>\n<meta property=\"article:modified_time\" content=\"2022-11-01T08:33:36+00:00\" \/>\n<meta property=\"og:image\" content=\"https:\/\/www.public.sn\/wp-content\/uploads\/2022\/11\/noye.webp\" \/>\n\t<meta property=\"og:image:width\" content=\"1203\" \/>\n\t<meta property=\"og:image:height\" content=\"750\" \/>\n\t<meta property=\"og:image:type\" content=\"image\/webp\" \/>\n<meta name=\"author\" content=\"LA REDACTION\" \/>\n<meta name=\"twitter:card\" content=\"summary_large_image\" \/>\n<meta name=\"twitter:label1\" content=\"\u00c9crit par\" \/>\n\t<meta name=\"twitter:data1\" content=\"LA REDACTION\" \/>\n\t<meta name=\"twitter:label2\" content=\"Dur\u00e9e de lecture estim\u00e9e\" \/>\n\t<meta name=\"twitter:data2\" content=\"1 minute\" \/>\n<script type=\"application\/ld+json\" class=\"yoast-schema-graph\">{\"@context\":\"https:\/\/schema.org\",\"@graph\":[{\"@type\":\"Article\",\"@id\":\"https:\/\/www.public.sn\/index.php\/2022\/11\/01\/matam-un-enfant-retrouve-mort-dans-une-mare\/#article\",\"isPartOf\":{\"@id\":\"https:\/\/www.public.sn\/index.php\/2022\/11\/01\/matam-un-enfant-retrouve-mort-dans-une-mare\/\"},\"author\":{\"name\":\"LA REDACTION\",\"@id\":\"https:\/\/www.public.sn\/#\/schema\/person\/cb76c8e1b8becc6be61fb5e92d6d0224\"},\"headline\":\"Matam\u00a0: Un enfant retrouv\u00e9 mort dans une mare.\",\"datePublished\":\"2022-11-01T08:33:33+00:00\",\"dateModified\":\"2022-11-01T08:33:36+00:00\",\"mainEntityOfPage\":{\"@id\":\"https:\/\/www.public.sn\/index.php\/2022\/11\/01\/matam-un-enfant-retrouve-mort-dans-une-mare\/\"},\"wordCount\":187,\"commentCount\":0,\"publisher\":{\"@id\":\"https:\/\/www.public.sn\/#organization\"},\"image\":{\"@id\":\"https:\/\/www.public.sn\/index.php\/2022\/11\/01\/matam-un-enfant-retrouve-mort-dans-une-mare\/#primaryimage\"},\"thumbnailUrl\":\"https:\/\/www.public.sn\/wp-content\/uploads\/2022\/11\/noye.webp\",\"keywords\":[\"enfant\",\"Matam\",\"Mort\"],\"articleSection\":[\"ACTUALIT\u00c9S\",\"DRAME\",\"S\u00c9N\u00c9GAL\",\"VEDETTE\"],\"inLanguage\":\"fr-FR\",\"potentialAction\":[{\"@type\":\"CommentAction\",\"name\":\"Comment\",\"target\":[\"https:\/\/www.public.sn\/index.php\/2022\/11\/01\/matam-un-enfant-retrouve-mort-dans-une-mare\/#respond\"]}]},{\"@type\":\"WebPage\",\"@id\":\"https:\/\/www.public.sn\/index.php\/2022\/11\/01\/matam-un-enfant-retrouve-mort-dans-une-mare\/\",\"url\":\"https:\/\/www.public.sn\/index.php\/2022\/11\/01\/matam-un-enfant-retrouve-mort-dans-une-mare\/\",\"name\":\"Matam\u00a0: Un enfant retrouv\u00e9 mort dans une mare. - LE PUBLIC\",\"isPartOf\":{\"@id\":\"https:\/\/www.public.sn\/#website\"},\"primaryImageOfPage\":{\"@id\":\"https:\/\/www.public.sn\/index.php\/2022\/11\/01\/matam-un-enfant-retrouve-mort-dans-une-mare\/#primaryimage\"},\"image\":{\"@id\":\"https:\/\/www.public.sn\/index.php\/2022\/11\/01\/matam-un-enfant-retrouve-mort-dans-une-mare\/#primaryimage\"},\"thumbnailUrl\":\"https:\/\/www.public.sn\/wp-content\/uploads\/2022\/11\/noye.webp\",\"datePublished\":\"2022-11-01T08:33:33+00:00\",\"dateModified\":\"2022-11-01T08:33:36+00:00\",\"breadcrumb\":{\"@id\":\"https:\/\/www.public.sn\/index.php\/2022\/11\/01\/matam-un-enfant-retrouve-mort-dans-une-mare\/#breadcrumb\"},\"inLanguage\":\"fr-FR\",\"potentialAction\":[{\"@type\":\"ReadAction\",\"target\":[\"https:\/\/www.public.sn\/index.php\/2022\/11\/01\/matam-un-enfant-retrouve-mort-dans-une-mare\/\"]}]},{\"@type\":\"ImageObject\",\"inLanguage\":\"fr-FR\",\"@id\":\"https:\/\/www.public.sn\/index.php\/2022\/11\/01\/matam-un-enfant-retrouve-mort-dans-une-mare\/#primaryimage\",\"url\":\"https:\/\/www.public.sn\/wp-content\/uploads\/2022\/11\/noye.webp\",\"contentUrl\":\"https:\/\/www.public.sn\/wp-content\/uploads\/2022\/11\/noye.webp\",\"width\":1203,\"height\":750,\"caption\":\"publicsn\"},{\"@type\":\"BreadcrumbList\",\"@id\":\"https:\/\/www.public.sn\/index.php\/2022\/11\/01\/matam-un-enfant-retrouve-mort-dans-une-mare\/#breadcrumb\",\"itemListElement\":[{\"@type\":\"ListItem\",\"position\":1,\"name\":\"Accueil\",\"item\":\"https:\/\/www.public.sn\/\"},{\"@type\":\"ListItem\",\"position\":2,\"name\":\"Matam\u00a0: Un enfant retrouv\u00e9 mort dans une mare.\"}]},{\"@type\":\"WebSite\",\"@id\":\"https:\/\/www.public.sn\/#website\",\"url\":\"https:\/\/www.public.sn\/\",\"name\":\"LE PUBLIC\",\"description\":\"\",\"publisher\":{\"@id\":\"https:\/\/www.public.sn\/#organization\"},\"potentialAction\":[{\"@type\":\"SearchAction\",\"target\":{\"@type\":\"EntryPoint\",\"urlTemplate\":\"https:\/\/www.public.sn\/?s={search_term_string}\"},\"query-input\":{\"@type\":\"PropertyValueSpecification\",\"valueRequired\":true,\"valueName\":\"search_term_string\"}}],\"inLanguage\":\"fr-FR\"},{\"@type\":\"Organization\",\"@id\":\"https:\/\/www.public.sn\/#organization\",\"name\":\"LE PUBLIC\",\"url\":\"https:\/\/www.public.sn\/\",\"logo\":{\"@type\":\"ImageObject\",\"inLanguage\":\"fr-FR\",\"@id\":\"https:\/\/www.public.sn\/#\/schema\/logo\/image\/\",\"url\":\"https:\/\/www.public.sn\/wp-content\/uploads\/2024\/05\/cropped-LOGO-PUBLIC.SN_.png\",\"contentUrl\":\"https:\/\/www.public.sn\/wp-content\/uploads\/2024\/05\/cropped-LOGO-PUBLIC.SN_.png\",\"width\":682,\"height\":192,\"caption\":\"LE PUBLIC\"},\"image\":{\"@id\":\"https:\/\/www.public.sn\/#\/schema\/logo\/image\/\"}},{\"@type\":\"Person\",\"@id\":\"https:\/\/www.public.sn\/#\/schema\/person\/cb76c8e1b8becc6be61fb5e92d6d0224\",\"name\":\"LA REDACTION\",\"image\":{\"@type\":\"ImageObject\",\"inLanguage\":\"fr-FR\",\"@id\":\"https:\/\/www.public.sn\/#\/schema\/person\/image\/\",\"url\":\"https:\/\/secure.gravatar.com\/avatar\/2dce5ddd34b8fef0180efe03aa2a9bee7d953856048f9a16b298190a3178407c?s=96&d=mm&r=g\",\"contentUrl\":\"https:\/\/secure.gravatar.com\/avatar\/2dce5ddd34b8fef0180efe03aa2a9bee7d953856048f9a16b298190a3178407c?s=96&d=mm&r=g\",\"caption\":\"LA REDACTION\"},\"url\":\"https:\/\/www.public.sn\/index.php\/author\/editeurpsn\/\"}]}<\/script>\n<!-- \/ Yoast SEO plugin. -->","yoast_head_json":{"title":"Matam\u00a0: Un enfant retrouv\u00e9 mort dans une mare. - LE PUBLIC","robots":{"index":"index","follow":"follow","max-snippet":"max-snippet:-1","max-image-preview":"max-image-preview:large","max-video-preview":"max-video-preview:-1"},"canonical":"https:\/\/www.public.sn\/index.php\/2022\/11\/01\/matam-un-enfant-retrouve-mort-dans-une-mare\/","og_locale":"fr_FR","og_type":"article","og_title":"Matam\u00a0: Un enfant retrouv\u00e9 mort dans une mare. - LE PUBLIC","og_description":"A Matam le corps d\u2019un enfant de 10 ans a \u00e9t\u00e9 retrouv\u00e9 inerte dans une mare. Sa disparition avait \u00e9t\u00e9 signal\u00e9e par ses proches et apr\u00e8s des recherches intensives, il a \u00e9t\u00e9 retrouv\u00e9 ce Lundi. Originaire de Ado dans la commune de Matam, Y. Diallo avait disparu depuis le Dimanche. Et c\u2019est aussit\u00f4t que les recherches ont \u00e9t\u00e9 entreprises afin de le retrouver. Une battue fut organis\u00e9e par sa famille et ses proches. Apr\u00e8s un jour de recherche, le corps de l\u2019enfant a \u00e9t\u00e9 retrouv\u00e9 gisant dans une mare. Les agents du commissariat de la police urbaine de la commune de Matam se sont ainsi d\u00e9plac\u00e9s sur les lieux et ont inform\u00e9 les sapeurs pompiers. Ces derniers ont r\u00e9cup\u00e9r\u00e9 le corps et l\u2019ont achemin\u00e9 vers la morgue de l\u2019h\u00f4pital de Ourossogui. Un accident qui repose la lancinante question de la s\u00e9curit\u00e9 dans certaines mares entre les communes de Matam et de Ourossogui. Des mares qui peuvent avoir des profondeurs de 2 m\u00e8tres. Samba SY.","og_url":"https:\/\/www.public.sn\/index.php\/2022\/11\/01\/matam-un-enfant-retrouve-mort-dans-une-mare\/","og_site_name":"LE PUBLIC","article_published_time":"2022-11-01T08:33:33+00:00","article_modified_time":"2022-11-01T08:33:36+00:00","og_image":[{"width":1203,"height":750,"url":"https:\/\/www.public.sn\/wp-content\/uploads\/2022\/11\/noye.webp","type":"image\/webp"}],"author":"LA REDACTION","twitter_card":"summary_large_image","twitter_misc":{"\u00c9crit par":"LA REDACTION","Dur\u00e9e de lecture estim\u00e9e":"1 minute"},"schema":{"@context":"https:\/\/schema.org","@graph":[{"@type":"Article","@id":"https:\/\/www.public.sn\/index.php\/2022\/11\/01\/matam-un-enfant-retrouve-mort-dans-une-mare\/#article","isPartOf":{"@id":"https:\/\/www.public.sn\/index.php\/2022\/11\/01\/matam-un-enfant-retrouve-mort-dans-une-mare\/"},"author":{"name":"LA REDACTION","@id":"https:\/\/www.public.sn\/#\/schema\/person\/cb76c8e1b8becc6be61fb5e92d6d0224"},"headline":"Matam\u00a0: Un enfant retrouv\u00e9 mort dans une mare.","datePublished":"2022-11-01T08:33:33+00:00","dateModified":"2022-11-01T08:33:36+00:00","mainEntityOfPage":{"@id":"https:\/\/www.public.sn\/index.php\/2022\/11\/01\/matam-un-enfant-retrouve-mort-dans-une-mare\/"},"wordCount":187,"commentCount":0,"publisher":{"@id":"https:\/\/www.public.sn\/#organization"},"image":{"@id":"https:\/\/www.public.sn\/index.php\/2022\/11\/01\/matam-un-enfant-retrouve-mort-dans-une-mare\/#primaryimage"},"thumbnailUrl":"https:\/\/www.public.sn\/wp-content\/uploads\/2022\/11\/noye.webp","keywords":["enfant","Matam","Mort"],"articleSection":["ACTUALIT\u00c9S","DRAME","S\u00c9N\u00c9GAL","VEDETTE"],"inLanguage":"fr-FR","potentialAction":[{"@type":"CommentAction","name":"Comment","target":["https:\/\/www.public.sn\/index.php\/2022\/11\/01\/matam-un-enfant-retrouve-mort-dans-une-mare\/#respond"]}]},{"@type":"WebPage","@id":"https:\/\/www.public.sn\/index.php\/2022\/11\/01\/matam-un-enfant-retrouve-mort-dans-une-mare\/","url":"https:\/\/www.public.sn\/index.php\/2022\/11\/01\/matam-un-enfant-retrouve-mort-dans-une-mare\/","name":"Matam\u00a0: Un enfant retrouv\u00e9 mort dans une mare. - LE PUBLIC","isPartOf":{"@id":"https:\/\/www.public.sn\/#website"},"primaryImageOfPage":{"@id":"https:\/\/www.public.sn\/index.php\/2022\/11\/01\/matam-un-enfant-retrouve-mort-dans-une-mare\/#primaryimage"},"image":{"@id":"https:\/\/www.public.sn\/index.php\/2022\/11\/01\/matam-un-enfant-retrouve-mort-dans-une-mare\/#primaryimage"},"thumbnailUrl":"https:\/\/www.public.sn\/wp-content\/uploads\/2022\/11\/noye.webp","datePublished":"2022-11-01T08:33:33+00:00","dateModified":"2022-11-01T08:33:36+00:00","breadcrumb":{"@id":"https:\/\/www.public.sn\/index.php\/2022\/11\/01\/matam-un-enfant-retrouve-mort-dans-une-mare\/#breadcrumb"},"inLanguage":"fr-FR","potentialAction":[{"@type":"ReadAction","target":["https:\/\/www.public.sn\/index.php\/2022\/11\/01\/matam-un-enfant-retrouve-mort-dans-une-mare\/"]}]},{"@type":"ImageObject","inLanguage":"fr-FR","@id":"https:\/\/www.public.sn\/index.php\/2022\/11\/01\/matam-un-enfant-retrouve-mort-dans-une-mare\/#primaryimage","url":"https:\/\/www.public.sn\/wp-content\/uploads\/2022\/11\/noye.webp","contentUrl":"https:\/\/www.public.sn\/wp-content\/uploads\/2022\/11\/noye.webp","width":1203,"height":750,"caption":"publicsn"},{"@type":"BreadcrumbList","@id":"https:\/\/www.public.sn\/index.php\/2022\/11\/01\/matam-un-enfant-retrouve-mort-dans-une-mare\/#breadcrumb","itemListElement":[{"@type":"ListItem","position":1,"name":"Accueil","item":"https:\/\/www.public.sn\/"},{"@type":"ListItem","position":2,"name":"Matam\u00a0: Un enfant retrouv\u00e9 mort dans une mare."}]},{"@type":"WebSite","@id":"https:\/\/www.public.sn\/#website","url":"https:\/\/www.public.sn\/","name":"LE PUBLIC","description":"","publisher":{"@id":"https:\/\/www.public.sn\/#organization"},"potentialAction":[{"@type":"SearchAction","target":{"@type":"EntryPoint","urlTemplate":"https:\/\/www.public.sn\/?s={search_term_string}"},"query-input":{"@type":"PropertyValueSpecification","valueRequired":true,"valueName":"search_term_string"}}],"inLanguage":"fr-FR"},{"@type":"Organization","@id":"https:\/\/www.public.sn\/#organization","name":"LE PUBLIC","url":"https:\/\/www.public.sn\/","logo":{"@type":"ImageObject","inLanguage":"fr-FR","@id":"https:\/\/www.public.sn\/#\/schema\/logo\/image\/","url":"https:\/\/www.public.sn\/wp-content\/uploads\/2024\/05\/cropped-LOGO-PUBLIC.SN_.png","contentUrl":"https:\/\/www.public.sn\/wp-content\/uploads\/2024\/05\/cropped-LOGO-PUBLIC.SN_.png","width":682,"height":192,"caption":"LE PUBLIC"},"image":{"@id":"https:\/\/www.public.sn\/#\/schema\/logo\/image\/"}},{"@type":"Person","@id":"https:\/\/www.public.sn\/#\/schema\/person\/cb76c8e1b8becc6be61fb5e92d6d0224","name":"LA REDACTION","image":{"@type":"ImageObject","inLanguage":"fr-FR","@id":"https:\/\/www.public.sn\/#\/schema\/person\/image\/","url":"https:\/\/secure.gravatar.com\/avatar\/2dce5ddd34b8fef0180efe03aa2a9bee7d953856048f9a16b298190a3178407c?s=96&d=mm&r=g","contentUrl":"https:\/\/secure.gravatar.com\/avatar\/2dce5ddd34b8fef0180efe03aa2a9bee7d953856048f9a16b298190a3178407c?s=96&d=mm&r=g","caption":"LA REDACTION"},"url":"https:\/\/www.public.sn\/index.php\/author\/editeurpsn\/"}]}},"jetpack_featured_media_url":"https:\/\/www.public.sn\/wp-content\/uploads\/2022\/11\/noye.webp","jetpack_sharing_enabled":true,"_links":{"self":[{"href":"https:\/\/www.public.sn\/index.php\/wp-json\/wp\/v2\/posts\/6504","targetHints":{"allow":["GET"]}}],"collection":[{"href":"https:\/\/www.public.sn\/index.php\/wp-json\/wp\/v2\/posts"}],"about":[{"href":"https:\/\/www.public.sn\/index.php\/wp-json\/wp\/v2\/types\/post"}],"author":[{"embeddable":true,"href":"https:\/\/www.public.sn\/index.php\/wp-json\/wp\/v2\/users\/7"}],"replies":[{"embeddable":true,"href":"https:\/\/www.public.sn\/index.php\/wp-json\/wp\/v2\/comments?post=6504"}],"version-history":[{"count":1,"href":"https:\/\/www.public.sn\/index.php\/wp-json\/wp\/v2\/posts\/6504\/revisions"}],"predecessor-version":[{"id":6506,"href":"https:\/\/www.public.sn\/index.php\/wp-json\/wp\/v2\/posts\/6504\/revisions\/6506"}],"wp:featuredmedia":[{"embeddable":true,"href":"https:\/\/www.public.sn\/index.php\/wp-json\/wp\/v2\/media\/6505"}],"wp:attachment":[{"href":"https:\/\/www.public.sn\/index.php\/wp-json\/wp\/v2\/media?parent=6504"}],"wp:term":[{"taxonomy":"category","embeddable":true,"href":"https:\/\/www.public.sn\/index.php\/wp-json\/wp\/v2\/categories?post=6504"},{"taxonomy":"post_tag","embeddable":true,"href":"https:\/\/www.public.sn\/index.php\/wp-json\/wp\/v2\/tags?post=6504"}],"curies":[{"name":"wp","href":"https:\/\/api.w.org\/{rel}","templated":true}]}}