{"id":6512,"date":"2022-11-01T09:04:42","date_gmt":"2022-11-01T09:04:42","guid":{"rendered":"https:\/\/www.public.sn\/?p=6512"},"modified":"2022-11-01T09:04:45","modified_gmt":"2022-11-01T09:04:45","slug":"foot-habib-beye-nouvel-entraineur-de-brest","status":"publish","type":"post","link":"https:\/\/www.public.sn\/index.php\/2022\/11\/01\/foot-habib-beye-nouvel-entraineur-de-brest\/","title":{"rendered":"Foot\u00a0: Habib Beye, nouvel entraineur de Brest\u00a0?"},"content":{"rendered":"\n<p><\/p>\n\n\n\n<p>Habib Beye l\u2019entraineur de Red Star, club de National 1, depuis le 20 octobre 2021 et prolong\u00e9 l\u2019\u00e9t\u00e9 dernier jusqu\u2019en 2024, pourrait \u00eatre le nouvel entraineur de Brest apr\u00e8s le limogeage Michel der Zakarian le 11 Octobre 2022.<\/p><div class=\"publi-paragraphe1\" style=\"margin-top: 10px;margin-bottom: 10px;margin-left: auto;margin-right: auto;text-align: center;\" id=\"publi-1508014556\"><div class=\"publi-adlabel\">Publicit\u00e9<\/div><script async src=\"\/\/pagead2.googlesyndication.com\/pagead\/js\/adsbygoogle.js?client=ca-pub-4089586018074219\" crossorigin=\"anonymous\"><\/script><ins class=\"adsbygoogle\" style=\"display:block;\" data-ad-client=\"ca-pub-4089586018074219\" \ndata-ad-slot=\"2087940154\" \ndata-ad-format=\"auto\"><\/ins>\n<script> \n(adsbygoogle = window.adsbygoogle || []).push({}); \n<\/script>\n<\/div>\n\n\n\n<p><\/p>\n\n\n\n<p>Selon des informations de Footmercato, Habib Beye qui \u00e9tait sur une short list de 3 entraineurs aurait les faveurs du directeur sportif du stade brestois Gr\u00e9gory Lorenzi. \u00a0Ag\u00e9 de 45 ans, Habib Beye est \u00e9galement consultant sur Canal Plus.<\/p>\n\n\n\n<p><\/p>\n\n\n\n<p>Samba SY.<\/p>\n<div class=\"publi-apres-le-contenu\" style=\"margin-top: 10px;margin-bottom: 10px;margin-left: auto;margin-right: auto;text-align: center;\" id=\"publi-3809362219\"><div class=\"publi-adlabel\">Publicit\u00e9<\/div><script async src=\"\/\/pagead2.googlesyndication.com\/pagead\/js\/adsbygoogle.js?client=ca-pub-4089586018074219\" crossorigin=\"anonymous\"><\/script><ins class=\"adsbygoogle\" style=\"display:block;\" data-ad-client=\"ca-pub-4089586018074219\" \ndata-ad-slot=\"2087940154\" \ndata-ad-format=\"auto\"><\/ins>\n<script> \n(adsbygoogle = window.adsbygoogle || []).push({}); \n<\/script>\n<\/div>","protected":false},"excerpt":{"rendered":"<p>Habib Beye l\u2019entraineur de Red Star, club de National 1, depuis le 20 octobre 2021 et prolong\u00e9 l\u2019\u00e9t\u00e9 dernier jusqu\u2019en 2024, pourrait \u00eatre le nouvel entraineur de Brest apr\u00e8s le limogeage Michel der Zakarian le 11 Octobre 2022. Selon des informations de Footmercato, Habib Beye qui \u00e9tait sur une short list de 3 entraineurs aurait les faveurs du directeur sportif du stade brestois Gr\u00e9gory Lorenzi. \u00a0Ag\u00e9 de 45 ans, Habib Beye est \u00e9galement consultant sur Canal Plus. Samba SY.<\/p>\n","protected":false},"author":7,"featured_media":6513,"comment_status":"open","ping_status":"open","sticky":false,"template":"","format":"standard","meta":{"_jetpack_memberships_contains_paid_content":false,"footnotes":""},"categories":[375,1,7],"tags":[2149,2284,1262],"class_list":["post-6512","post","type-post","status-publish","format-standard","has-post-thumbnail","hentry","category-actualites","category-non-classe","category-sport","tag-habib-beye-2","tag-nouvel-entraineur","tag-sport","entry","has-media","owp-thumbs-layout-horizontal","owp-btn-normal","owp-tabs-layout-horizontal","has-no-thumbnails","has-product-nav"],"yoast_head":"<!-- This site is optimized with the Yoast SEO plugin v25.5 - https:\/\/yoast.com\/wordpress\/plugins\/seo\/ -->\n<title>Foot\u00a0: Habib Beye, nouvel entraineur de Brest\u00a0? - LE PUBLIC<\/title>\n<meta name=\"robots\" content=\"index, follow, max-snippet:-1, max-image-preview:large, max-video-preview:-1\" \/>\n<link rel=\"canonical\" href=\"https:\/\/www.public.sn\/index.php\/2022\/11\/01\/foot-habib-beye-nouvel-entraineur-de-brest\/\" \/>\n<meta property=\"og:locale\" content=\"fr_FR\" \/>\n<meta property=\"og:type\" content=\"article\" \/>\n<meta property=\"og:title\" content=\"Foot\u00a0: Habib Beye, nouvel entraineur de Brest\u00a0? - LE PUBLIC\" \/>\n<meta property=\"og:description\" content=\"Habib Beye l\u2019entraineur de Red Star, club de National 1, depuis le 20 octobre 2021 et prolong\u00e9 l\u2019\u00e9t\u00e9 dernier jusqu\u2019en 2024, pourrait \u00eatre le nouvel entraineur de Brest apr\u00e8s le limogeage Michel der Zakarian le 11 Octobre 2022. Selon des informations de Footmercato, Habib Beye qui \u00e9tait sur une short list de 3 entraineurs aurait les faveurs du directeur sportif du stade brestois Gr\u00e9gory Lorenzi. \u00a0Ag\u00e9 de 45 ans, Habib Beye est \u00e9galement consultant sur Canal Plus. Samba SY.\" \/>\n<meta property=\"og:url\" content=\"https:\/\/www.public.sn\/index.php\/2022\/11\/01\/foot-habib-beye-nouvel-entraineur-de-brest\/\" \/>\n<meta property=\"og:site_name\" content=\"LE PUBLIC\" \/>\n<meta property=\"article:published_time\" content=\"2022-11-01T09:04:42+00:00\" \/>\n<meta property=\"article:modified_time\" content=\"2022-11-01T09:04:45+00:00\" \/>\n<meta property=\"og:image\" content=\"https:\/\/www.public.sn\/wp-content\/uploads\/2022\/11\/habib-beye.webp\" \/>\n\t<meta property=\"og:image:width\" content=\"670\" \/>\n\t<meta property=\"og:image:height\" content=\"370\" \/>\n\t<meta property=\"og:image:type\" content=\"image\/webp\" \/>\n<meta name=\"author\" content=\"LA REDACTION\" \/>\n<meta name=\"twitter:card\" content=\"summary_large_image\" \/>\n<meta name=\"twitter:label1\" content=\"\u00c9crit par\" \/>\n\t<meta name=\"twitter:data1\" content=\"LA REDACTION\" \/>\n\t<meta name=\"twitter:label2\" content=\"Dur\u00e9e de lecture estim\u00e9e\" \/>\n\t<meta name=\"twitter:data2\" content=\"1 minute\" \/>\n<script type=\"application\/ld+json\" class=\"yoast-schema-graph\">{\"@context\":\"https:\/\/schema.org\",\"@graph\":[{\"@type\":\"Article\",\"@id\":\"https:\/\/www.public.sn\/index.php\/2022\/11\/01\/foot-habib-beye-nouvel-entraineur-de-brest\/#article\",\"isPartOf\":{\"@id\":\"https:\/\/www.public.sn\/index.php\/2022\/11\/01\/foot-habib-beye-nouvel-entraineur-de-brest\/\"},\"author\":{\"name\":\"LA REDACTION\",\"@id\":\"https:\/\/www.public.sn\/#\/schema\/person\/cb76c8e1b8becc6be61fb5e92d6d0224\"},\"headline\":\"Foot\u00a0: Habib Beye, nouvel entraineur de Brest\u00a0?\",\"datePublished\":\"2022-11-01T09:04:42+00:00\",\"dateModified\":\"2022-11-01T09:04:45+00:00\",\"mainEntityOfPage\":{\"@id\":\"https:\/\/www.public.sn\/index.php\/2022\/11\/01\/foot-habib-beye-nouvel-entraineur-de-brest\/\"},\"wordCount\":83,\"commentCount\":0,\"publisher\":{\"@id\":\"https:\/\/www.public.sn\/#organization\"},\"image\":{\"@id\":\"https:\/\/www.public.sn\/index.php\/2022\/11\/01\/foot-habib-beye-nouvel-entraineur-de-brest\/#primaryimage\"},\"thumbnailUrl\":\"https:\/\/www.public.sn\/wp-content\/uploads\/2022\/11\/habib-beye.webp\",\"keywords\":[\"habib beye\",\"nouvel entraineur\",\"Sport\"],\"articleSection\":[\"ACTUALIT\u00c9S\",\"S\u00c9N\u00c9GAL\",\"SPORTS\"],\"inLanguage\":\"fr-FR\",\"potentialAction\":[{\"@type\":\"CommentAction\",\"name\":\"Comment\",\"target\":[\"https:\/\/www.public.sn\/index.php\/2022\/11\/01\/foot-habib-beye-nouvel-entraineur-de-brest\/#respond\"]}]},{\"@type\":\"WebPage\",\"@id\":\"https:\/\/www.public.sn\/index.php\/2022\/11\/01\/foot-habib-beye-nouvel-entraineur-de-brest\/\",\"url\":\"https:\/\/www.public.sn\/index.php\/2022\/11\/01\/foot-habib-beye-nouvel-entraineur-de-brest\/\",\"name\":\"Foot\u00a0: Habib Beye, nouvel entraineur de Brest\u00a0? - LE PUBLIC\",\"isPartOf\":{\"@id\":\"https:\/\/www.public.sn\/#website\"},\"primaryImageOfPage\":{\"@id\":\"https:\/\/www.public.sn\/index.php\/2022\/11\/01\/foot-habib-beye-nouvel-entraineur-de-brest\/#primaryimage\"},\"image\":{\"@id\":\"https:\/\/www.public.sn\/index.php\/2022\/11\/01\/foot-habib-beye-nouvel-entraineur-de-brest\/#primaryimage\"},\"thumbnailUrl\":\"https:\/\/www.public.sn\/wp-content\/uploads\/2022\/11\/habib-beye.webp\",\"datePublished\":\"2022-11-01T09:04:42+00:00\",\"dateModified\":\"2022-11-01T09:04:45+00:00\",\"breadcrumb\":{\"@id\":\"https:\/\/www.public.sn\/index.php\/2022\/11\/01\/foot-habib-beye-nouvel-entraineur-de-brest\/#breadcrumb\"},\"inLanguage\":\"fr-FR\",\"potentialAction\":[{\"@type\":\"ReadAction\",\"target\":[\"https:\/\/www.public.sn\/index.php\/2022\/11\/01\/foot-habib-beye-nouvel-entraineur-de-brest\/\"]}]},{\"@type\":\"ImageObject\",\"inLanguage\":\"fr-FR\",\"@id\":\"https:\/\/www.public.sn\/index.php\/2022\/11\/01\/foot-habib-beye-nouvel-entraineur-de-brest\/#primaryimage\",\"url\":\"https:\/\/www.public.sn\/wp-content\/uploads\/2022\/11\/habib-beye.webp\",\"contentUrl\":\"https:\/\/www.public.sn\/wp-content\/uploads\/2022\/11\/habib-beye.webp\",\"width\":670,\"height\":370,\"caption\":\"publicsn\"},{\"@type\":\"BreadcrumbList\",\"@id\":\"https:\/\/www.public.sn\/index.php\/2022\/11\/01\/foot-habib-beye-nouvel-entraineur-de-brest\/#breadcrumb\",\"itemListElement\":[{\"@type\":\"ListItem\",\"position\":1,\"name\":\"Accueil\",\"item\":\"https:\/\/www.public.sn\/\"},{\"@type\":\"ListItem\",\"position\":2,\"name\":\"Foot\u00a0: Habib Beye, nouvel entraineur de Brest\u00a0?\"}]},{\"@type\":\"WebSite\",\"@id\":\"https:\/\/www.public.sn\/#website\",\"url\":\"https:\/\/www.public.sn\/\",\"name\":\"LE PUBLIC\",\"description\":\"\",\"publisher\":{\"@id\":\"https:\/\/www.public.sn\/#organization\"},\"potentialAction\":[{\"@type\":\"SearchAction\",\"target\":{\"@type\":\"EntryPoint\",\"urlTemplate\":\"https:\/\/www.public.sn\/?s={search_term_string}\"},\"query-input\":{\"@type\":\"PropertyValueSpecification\",\"valueRequired\":true,\"valueName\":\"search_term_string\"}}],\"inLanguage\":\"fr-FR\"},{\"@type\":\"Organization\",\"@id\":\"https:\/\/www.public.sn\/#organization\",\"name\":\"LE PUBLIC\",\"url\":\"https:\/\/www.public.sn\/\",\"logo\":{\"@type\":\"ImageObject\",\"inLanguage\":\"fr-FR\",\"@id\":\"https:\/\/www.public.sn\/#\/schema\/logo\/image\/\",\"url\":\"https:\/\/www.public.sn\/wp-content\/uploads\/2024\/05\/cropped-LOGO-PUBLIC.SN_.png\",\"contentUrl\":\"https:\/\/www.public.sn\/wp-content\/uploads\/2024\/05\/cropped-LOGO-PUBLIC.SN_.png\",\"width\":682,\"height\":192,\"caption\":\"LE PUBLIC\"},\"image\":{\"@id\":\"https:\/\/www.public.sn\/#\/schema\/logo\/image\/\"}},{\"@type\":\"Person\",\"@id\":\"https:\/\/www.public.sn\/#\/schema\/person\/cb76c8e1b8becc6be61fb5e92d6d0224\",\"name\":\"LA REDACTION\",\"image\":{\"@type\":\"ImageObject\",\"inLanguage\":\"fr-FR\",\"@id\":\"https:\/\/www.public.sn\/#\/schema\/person\/image\/\",\"url\":\"https:\/\/secure.gravatar.com\/avatar\/2dce5ddd34b8fef0180efe03aa2a9bee7d953856048f9a16b298190a3178407c?s=96&d=mm&r=g\",\"contentUrl\":\"https:\/\/secure.gravatar.com\/avatar\/2dce5ddd34b8fef0180efe03aa2a9bee7d953856048f9a16b298190a3178407c?s=96&d=mm&r=g\",\"caption\":\"LA REDACTION\"},\"url\":\"https:\/\/www.public.sn\/index.php\/author\/editeurpsn\/\"}]}<\/script>\n<!-- \/ Yoast SEO plugin. -->","yoast_head_json":{"title":"Foot\u00a0: Habib Beye, nouvel entraineur de Brest\u00a0? - LE PUBLIC","robots":{"index":"index","follow":"follow","max-snippet":"max-snippet:-1","max-image-preview":"max-image-preview:large","max-video-preview":"max-video-preview:-1"},"canonical":"https:\/\/www.public.sn\/index.php\/2022\/11\/01\/foot-habib-beye-nouvel-entraineur-de-brest\/","og_locale":"fr_FR","og_type":"article","og_title":"Foot\u00a0: Habib Beye, nouvel entraineur de Brest\u00a0? - LE PUBLIC","og_description":"Habib Beye l\u2019entraineur de Red Star, club de National 1, depuis le 20 octobre 2021 et prolong\u00e9 l\u2019\u00e9t\u00e9 dernier jusqu\u2019en 2024, pourrait \u00eatre le nouvel entraineur de Brest apr\u00e8s le limogeage Michel der Zakarian le 11 Octobre 2022. Selon des informations de Footmercato, Habib Beye qui \u00e9tait sur une short list de 3 entraineurs aurait les faveurs du directeur sportif du stade brestois Gr\u00e9gory Lorenzi. \u00a0Ag\u00e9 de 45 ans, Habib Beye est \u00e9galement consultant sur Canal Plus. Samba SY.","og_url":"https:\/\/www.public.sn\/index.php\/2022\/11\/01\/foot-habib-beye-nouvel-entraineur-de-brest\/","og_site_name":"LE PUBLIC","article_published_time":"2022-11-01T09:04:42+00:00","article_modified_time":"2022-11-01T09:04:45+00:00","og_image":[{"width":670,"height":370,"url":"https:\/\/www.public.sn\/wp-content\/uploads\/2022\/11\/habib-beye.webp","type":"image\/webp"}],"author":"LA REDACTION","twitter_card":"summary_large_image","twitter_misc":{"\u00c9crit par":"LA REDACTION","Dur\u00e9e de lecture estim\u00e9e":"1 minute"},"schema":{"@context":"https:\/\/schema.org","@graph":[{"@type":"Article","@id":"https:\/\/www.public.sn\/index.php\/2022\/11\/01\/foot-habib-beye-nouvel-entraineur-de-brest\/#article","isPartOf":{"@id":"https:\/\/www.public.sn\/index.php\/2022\/11\/01\/foot-habib-beye-nouvel-entraineur-de-brest\/"},"author":{"name":"LA REDACTION","@id":"https:\/\/www.public.sn\/#\/schema\/person\/cb76c8e1b8becc6be61fb5e92d6d0224"},"headline":"Foot\u00a0: Habib Beye, nouvel entraineur de Brest\u00a0?","datePublished":"2022-11-01T09:04:42+00:00","dateModified":"2022-11-01T09:04:45+00:00","mainEntityOfPage":{"@id":"https:\/\/www.public.sn\/index.php\/2022\/11\/01\/foot-habib-beye-nouvel-entraineur-de-brest\/"},"wordCount":83,"commentCount":0,"publisher":{"@id":"https:\/\/www.public.sn\/#organization"},"image":{"@id":"https:\/\/www.public.sn\/index.php\/2022\/11\/01\/foot-habib-beye-nouvel-entraineur-de-brest\/#primaryimage"},"thumbnailUrl":"https:\/\/www.public.sn\/wp-content\/uploads\/2022\/11\/habib-beye.webp","keywords":["habib beye","nouvel entraineur","Sport"],"articleSection":["ACTUALIT\u00c9S","S\u00c9N\u00c9GAL","SPORTS"],"inLanguage":"fr-FR","potentialAction":[{"@type":"CommentAction","name":"Comment","target":["https:\/\/www.public.sn\/index.php\/2022\/11\/01\/foot-habib-beye-nouvel-entraineur-de-brest\/#respond"]}]},{"@type":"WebPage","@id":"https:\/\/www.public.sn\/index.php\/2022\/11\/01\/foot-habib-beye-nouvel-entraineur-de-brest\/","url":"https:\/\/www.public.sn\/index.php\/2022\/11\/01\/foot-habib-beye-nouvel-entraineur-de-brest\/","name":"Foot\u00a0: Habib Beye, nouvel entraineur de Brest\u00a0? - LE PUBLIC","isPartOf":{"@id":"https:\/\/www.public.sn\/#website"},"primaryImageOfPage":{"@id":"https:\/\/www.public.sn\/index.php\/2022\/11\/01\/foot-habib-beye-nouvel-entraineur-de-brest\/#primaryimage"},"image":{"@id":"https:\/\/www.public.sn\/index.php\/2022\/11\/01\/foot-habib-beye-nouvel-entraineur-de-brest\/#primaryimage"},"thumbnailUrl":"https:\/\/www.public.sn\/wp-content\/uploads\/2022\/11\/habib-beye.webp","datePublished":"2022-11-01T09:04:42+00:00","dateModified":"2022-11-01T09:04:45+00:00","breadcrumb":{"@id":"https:\/\/www.public.sn\/index.php\/2022\/11\/01\/foot-habib-beye-nouvel-entraineur-de-brest\/#breadcrumb"},"inLanguage":"fr-FR","potentialAction":[{"@type":"ReadAction","target":["https:\/\/www.public.sn\/index.php\/2022\/11\/01\/foot-habib-beye-nouvel-entraineur-de-brest\/"]}]},{"@type":"ImageObject","inLanguage":"fr-FR","@id":"https:\/\/www.public.sn\/index.php\/2022\/11\/01\/foot-habib-beye-nouvel-entraineur-de-brest\/#primaryimage","url":"https:\/\/www.public.sn\/wp-content\/uploads\/2022\/11\/habib-beye.webp","contentUrl":"https:\/\/www.public.sn\/wp-content\/uploads\/2022\/11\/habib-beye.webp","width":670,"height":370,"caption":"publicsn"},{"@type":"BreadcrumbList","@id":"https:\/\/www.public.sn\/index.php\/2022\/11\/01\/foot-habib-beye-nouvel-entraineur-de-brest\/#breadcrumb","itemListElement":[{"@type":"ListItem","position":1,"name":"Accueil","item":"https:\/\/www.public.sn\/"},{"@type":"ListItem","position":2,"name":"Foot\u00a0: Habib Beye, nouvel entraineur de Brest\u00a0?"}]},{"@type":"WebSite","@id":"https:\/\/www.public.sn\/#website","url":"https:\/\/www.public.sn\/","name":"LE PUBLIC","description":"","publisher":{"@id":"https:\/\/www.public.sn\/#organization"},"potentialAction":[{"@type":"SearchAction","target":{"@type":"EntryPoint","urlTemplate":"https:\/\/www.public.sn\/?s={search_term_string}"},"query-input":{"@type":"PropertyValueSpecification","valueRequired":true,"valueName":"search_term_string"}}],"inLanguage":"fr-FR"},{"@type":"Organization","@id":"https:\/\/www.public.sn\/#organization","name":"LE PUBLIC","url":"https:\/\/www.public.sn\/","logo":{"@type":"ImageObject","inLanguage":"fr-FR","@id":"https:\/\/www.public.sn\/#\/schema\/logo\/image\/","url":"https:\/\/www.public.sn\/wp-content\/uploads\/2024\/05\/cropped-LOGO-PUBLIC.SN_.png","contentUrl":"https:\/\/www.public.sn\/wp-content\/uploads\/2024\/05\/cropped-LOGO-PUBLIC.SN_.png","width":682,"height":192,"caption":"LE PUBLIC"},"image":{"@id":"https:\/\/www.public.sn\/#\/schema\/logo\/image\/"}},{"@type":"Person","@id":"https:\/\/www.public.sn\/#\/schema\/person\/cb76c8e1b8becc6be61fb5e92d6d0224","name":"LA REDACTION","image":{"@type":"ImageObject","inLanguage":"fr-FR","@id":"https:\/\/www.public.sn\/#\/schema\/person\/image\/","url":"https:\/\/secure.gravatar.com\/avatar\/2dce5ddd34b8fef0180efe03aa2a9bee7d953856048f9a16b298190a3178407c?s=96&d=mm&r=g","contentUrl":"https:\/\/secure.gravatar.com\/avatar\/2dce5ddd34b8fef0180efe03aa2a9bee7d953856048f9a16b298190a3178407c?s=96&d=mm&r=g","caption":"LA REDACTION"},"url":"https:\/\/www.public.sn\/index.php\/author\/editeurpsn\/"}]}},"jetpack_featured_media_url":"https:\/\/www.public.sn\/wp-content\/uploads\/2022\/11\/habib-beye.webp","jetpack_sharing_enabled":true,"_links":{"self":[{"href":"https:\/\/www.public.sn\/index.php\/wp-json\/wp\/v2\/posts\/6512","targetHints":{"allow":["GET"]}}],"collection":[{"href":"https:\/\/www.public.sn\/index.php\/wp-json\/wp\/v2\/posts"}],"about":[{"href":"https:\/\/www.public.sn\/index.php\/wp-json\/wp\/v2\/types\/post"}],"author":[{"embeddable":true,"href":"https:\/\/www.public.sn\/index.php\/wp-json\/wp\/v2\/users\/7"}],"replies":[{"embeddable":true,"href":"https:\/\/www.public.sn\/index.php\/wp-json\/wp\/v2\/comments?post=6512"}],"version-history":[{"count":2,"href":"https:\/\/www.public.sn\/index.php\/wp-json\/wp\/v2\/posts\/6512\/revisions"}],"predecessor-version":[{"id":6515,"href":"https:\/\/www.public.sn\/index.php\/wp-json\/wp\/v2\/posts\/6512\/revisions\/6515"}],"wp:featuredmedia":[{"embeddable":true,"href":"https:\/\/www.public.sn\/index.php\/wp-json\/wp\/v2\/media\/6513"}],"wp:attachment":[{"href":"https:\/\/www.public.sn\/index.php\/wp-json\/wp\/v2\/media?parent=6512"}],"wp:term":[{"taxonomy":"category","embeddable":true,"href":"https:\/\/www.public.sn\/index.php\/wp-json\/wp\/v2\/categories?post=6512"},{"taxonomy":"post_tag","embeddable":true,"href":"https:\/\/www.public.sn\/index.php\/wp-json\/wp\/v2\/tags?post=6512"}],"curies":[{"name":"wp","href":"https:\/\/api.w.org\/{rel}","templated":true}]}}