{"id":6568,"date":"2022-11-01T13:52:13","date_gmt":"2022-11-01T13:52:13","guid":{"rendered":"https:\/\/www.public.sn\/?p=6568"},"modified":"2022-11-01T13:52:15","modified_gmt":"2022-11-01T13:52:15","slug":"ligue-des-champions-pape-gueye-absent-de-la-liste-de-lo-m","status":"publish","type":"post","link":"https:\/\/www.public.sn\/index.php\/2022\/11\/01\/ligue-des-champions-pape-gueye-absent-de-la-liste-de-lo-m\/","title":{"rendered":"Ligue des Champions\u00a0: Pape Gueye absent de la liste de l\u2019O.M."},"content":{"rendered":"\n<p><\/p>\n\n\n\n<p><strong>Le club phoc\u00e9en vient de communiquer la liste des joueurs devant participer \u00e0 la ligue des champions de ce Mardi contre Tottenham. Pape Gueye toujours bless\u00e9 n\u2019a pas \u00e9t\u00e9 retenu pour ce match. Ce sera un match d\u00e9cisif pour l\u2019Olympique de Marseille.<\/strong><\/p><div class=\"publi-paragraphe1\" style=\"margin-top: 10px;margin-bottom: 10px;margin-left: auto;margin-right: auto;text-align: center;\" id=\"publi-3949532594\"><div class=\"publi-adlabel\">Publicit\u00e9<\/div><script async src=\"\/\/pagead2.googlesyndication.com\/pagead\/js\/adsbygoogle.js?client=ca-pub-4089586018074219\" crossorigin=\"anonymous\"><\/script><ins class=\"adsbygoogle\" style=\"display:block;\" data-ad-client=\"ca-pub-4089586018074219\" \ndata-ad-slot=\"2087940154\" \ndata-ad-format=\"auto\"><\/ins>\n<script> \n(adsbygoogle = window.adsbygoogle || []).push({}); \n<\/script>\n<\/div>\n\n\n\n<p><\/p>\n\n\n\n<p> En effet une victoire l\u2019assurerait d\u2019une qualification en 8eme de finale de la ligue des Champions. Les hommes de Igor Tudor vont devoir se serrer les coudes pour sortir victorieux de ce match d\u00e9cisif contre Tottenham.<\/p>\n\n\n\n<p><\/p>\n\n\n\n<p>A rappeler que les joueurs Isaak Tour\u00e9 et Bamba Dieng&nbsp; ne sont pas inscrits sur la liste de leur \u00e9quipe pour disputer cette ligue des Champions.<\/p>\n\n\n\n<p><\/p>\n\n\n\n<p>Voici la composition du Groupe pour la ligue des Champions.<\/p>\n\n\n\n<p>Lopez, Blanco, Ngapandouetnbu \u2013 Gigot, Tavares, Balerdi, Clauss, Kabor\u00e9, Mbemba, Kolasinac, Bailly \u2013 Guendouzi, Gerson, Rongier, Veretout \u2013 Payet, \u00dcnder, Suarez, Sanchez, Harit.<\/p>\n\n\n\n<p>Samba SY.<\/p>\n<div class=\"publi-apres-le-contenu\" style=\"margin-top: 10px;margin-bottom: 10px;margin-left: auto;margin-right: auto;text-align: center;\" id=\"publi-1565772783\"><div class=\"publi-adlabel\">Publicit\u00e9<\/div><script async src=\"\/\/pagead2.googlesyndication.com\/pagead\/js\/adsbygoogle.js?client=ca-pub-4089586018074219\" crossorigin=\"anonymous\"><\/script><ins class=\"adsbygoogle\" style=\"display:block;\" data-ad-client=\"ca-pub-4089586018074219\" \ndata-ad-slot=\"2087940154\" \ndata-ad-format=\"auto\"><\/ins>\n<script> \n(adsbygoogle = window.adsbygoogle || []).push({}); \n<\/script>\n<\/div>","protected":false},"excerpt":{"rendered":"<p>Le club phoc\u00e9en vient de communiquer la liste des joueurs devant participer \u00e0 la ligue des champions de ce Mardi contre Tottenham. Pape Gueye toujours bless\u00e9 n\u2019a pas \u00e9t\u00e9 retenu pour ce match. Ce sera un match d\u00e9cisif pour l\u2019Olympique de Marseille. En effet une victoire l\u2019assurerait d\u2019une qualification en 8eme de finale de la ligue des Champions. Les hommes de Igor Tudor vont devoir se serrer les coudes pour sortir victorieux de ce match d\u00e9cisif contre Tottenham. A rappeler que les joueurs Isaak Tour\u00e9 et Bamba Dieng&nbsp; ne sont pas inscrits sur la liste de leur \u00e9quipe pour disputer cette ligue des Champions. Voici la composition du Groupe pour la ligue des Champions. Lopez, Blanco, Ngapandouetnbu \u2013 Gigot, Tavares, Balerdi, Clauss, Kabor\u00e9, Mbemba, Kolasinac, Bailly \u2013 Guendouzi, Gerson, Rongier, Veretout \u2013 Payet, \u00dcnder, Suarez, Sanchez, Harit. Samba SY.<\/p>\n","protected":false},"author":7,"featured_media":6569,"comment_status":"open","ping_status":"open","sticky":false,"template":"","format":"standard","meta":{"_jetpack_memberships_contains_paid_content":false,"footnotes":""},"categories":[375,1,7],"tags":[1275,2300,1262],"class_list":["post-6568","post","type-post","status-publish","format-standard","has-post-thumbnail","hentry","category-actualites","category-non-classe","category-sport","tag-ligue-des-champions","tag-pape-gueye","tag-sport","entry","has-media","owp-thumbs-layout-horizontal","owp-btn-normal","owp-tabs-layout-horizontal","has-no-thumbnails","has-product-nav"],"yoast_head":"<!-- This site is optimized with the Yoast SEO plugin v25.5 - https:\/\/yoast.com\/wordpress\/plugins\/seo\/ -->\n<title>Ligue des Champions\u00a0: Pape Gueye absent de la liste de l\u2019O.M. - LE PUBLIC<\/title>\n<meta name=\"robots\" content=\"index, follow, max-snippet:-1, max-image-preview:large, max-video-preview:-1\" \/>\n<link rel=\"canonical\" href=\"https:\/\/www.public.sn\/index.php\/2022\/11\/01\/ligue-des-champions-pape-gueye-absent-de-la-liste-de-lo-m\/\" \/>\n<meta property=\"og:locale\" content=\"fr_FR\" \/>\n<meta property=\"og:type\" content=\"article\" \/>\n<meta property=\"og:title\" content=\"Ligue des Champions\u00a0: Pape Gueye absent de la liste de l\u2019O.M. - LE PUBLIC\" \/>\n<meta property=\"og:description\" content=\"Le club phoc\u00e9en vient de communiquer la liste des joueurs devant participer \u00e0 la ligue des champions de ce Mardi contre Tottenham. Pape Gueye toujours bless\u00e9 n\u2019a pas \u00e9t\u00e9 retenu pour ce match. Ce sera un match d\u00e9cisif pour l\u2019Olympique de Marseille. En effet une victoire l\u2019assurerait d\u2019une qualification en 8eme de finale de la ligue des Champions. Les hommes de Igor Tudor vont devoir se serrer les coudes pour sortir victorieux de ce match d\u00e9cisif contre Tottenham. A rappeler que les joueurs Isaak Tour\u00e9 et Bamba Dieng&nbsp; ne sont pas inscrits sur la liste de leur \u00e9quipe pour disputer cette ligue des Champions. Voici la composition du Groupe pour la ligue des Champions. Lopez, Blanco, Ngapandouetnbu \u2013 Gigot, Tavares, Balerdi, Clauss, Kabor\u00e9, Mbemba, Kolasinac, Bailly \u2013 Guendouzi, Gerson, Rongier, Veretout \u2013 Payet, \u00dcnder, Suarez, Sanchez, Harit. Samba SY.\" \/>\n<meta property=\"og:url\" content=\"https:\/\/www.public.sn\/index.php\/2022\/11\/01\/ligue-des-champions-pape-gueye-absent-de-la-liste-de-lo-m\/\" \/>\n<meta property=\"og:site_name\" content=\"LE PUBLIC\" \/>\n<meta property=\"article:published_time\" content=\"2022-11-01T13:52:13+00:00\" \/>\n<meta property=\"article:modified_time\" content=\"2022-11-01T13:52:15+00:00\" \/>\n<meta property=\"og:image\" content=\"https:\/\/www.public.sn\/wp-content\/uploads\/2022\/11\/pape-gueye.webp\" \/>\n\t<meta property=\"og:image:width\" content=\"612\" \/>\n\t<meta property=\"og:image:height\" content=\"408\" \/>\n\t<meta property=\"og:image:type\" content=\"image\/webp\" \/>\n<meta name=\"author\" content=\"LA REDACTION\" \/>\n<meta name=\"twitter:card\" content=\"summary_large_image\" \/>\n<meta name=\"twitter:label1\" content=\"\u00c9crit par\" \/>\n\t<meta name=\"twitter:data1\" content=\"LA REDACTION\" \/>\n\t<meta name=\"twitter:label2\" content=\"Dur\u00e9e de lecture estim\u00e9e\" \/>\n\t<meta name=\"twitter:data2\" content=\"1 minute\" \/>\n<script type=\"application\/ld+json\" class=\"yoast-schema-graph\">{\"@context\":\"https:\/\/schema.org\",\"@graph\":[{\"@type\":\"Article\",\"@id\":\"https:\/\/www.public.sn\/index.php\/2022\/11\/01\/ligue-des-champions-pape-gueye-absent-de-la-liste-de-lo-m\/#article\",\"isPartOf\":{\"@id\":\"https:\/\/www.public.sn\/index.php\/2022\/11\/01\/ligue-des-champions-pape-gueye-absent-de-la-liste-de-lo-m\/\"},\"author\":{\"name\":\"LA REDACTION\",\"@id\":\"https:\/\/www.public.sn\/#\/schema\/person\/cb76c8e1b8becc6be61fb5e92d6d0224\"},\"headline\":\"Ligue des Champions\u00a0: Pape Gueye absent de la liste de l\u2019O.M.\",\"datePublished\":\"2022-11-01T13:52:13+00:00\",\"dateModified\":\"2022-11-01T13:52:15+00:00\",\"mainEntityOfPage\":{\"@id\":\"https:\/\/www.public.sn\/index.php\/2022\/11\/01\/ligue-des-champions-pape-gueye-absent-de-la-liste-de-lo-m\/\"},\"wordCount\":156,\"commentCount\":0,\"publisher\":{\"@id\":\"https:\/\/www.public.sn\/#organization\"},\"image\":{\"@id\":\"https:\/\/www.public.sn\/index.php\/2022\/11\/01\/ligue-des-champions-pape-gueye-absent-de-la-liste-de-lo-m\/#primaryimage\"},\"thumbnailUrl\":\"https:\/\/www.public.sn\/wp-content\/uploads\/2022\/11\/pape-gueye.webp\",\"keywords\":[\"ligue des champions\",\"pape gueye\",\"Sport\"],\"articleSection\":[\"ACTUALIT\u00c9S\",\"S\u00c9N\u00c9GAL\",\"SPORTS\"],\"inLanguage\":\"fr-FR\",\"potentialAction\":[{\"@type\":\"CommentAction\",\"name\":\"Comment\",\"target\":[\"https:\/\/www.public.sn\/index.php\/2022\/11\/01\/ligue-des-champions-pape-gueye-absent-de-la-liste-de-lo-m\/#respond\"]}]},{\"@type\":\"WebPage\",\"@id\":\"https:\/\/www.public.sn\/index.php\/2022\/11\/01\/ligue-des-champions-pape-gueye-absent-de-la-liste-de-lo-m\/\",\"url\":\"https:\/\/www.public.sn\/index.php\/2022\/11\/01\/ligue-des-champions-pape-gueye-absent-de-la-liste-de-lo-m\/\",\"name\":\"Ligue des Champions\u00a0: Pape Gueye absent de la liste de l\u2019O.M. - LE PUBLIC\",\"isPartOf\":{\"@id\":\"https:\/\/www.public.sn\/#website\"},\"primaryImageOfPage\":{\"@id\":\"https:\/\/www.public.sn\/index.php\/2022\/11\/01\/ligue-des-champions-pape-gueye-absent-de-la-liste-de-lo-m\/#primaryimage\"},\"image\":{\"@id\":\"https:\/\/www.public.sn\/index.php\/2022\/11\/01\/ligue-des-champions-pape-gueye-absent-de-la-liste-de-lo-m\/#primaryimage\"},\"thumbnailUrl\":\"https:\/\/www.public.sn\/wp-content\/uploads\/2022\/11\/pape-gueye.webp\",\"datePublished\":\"2022-11-01T13:52:13+00:00\",\"dateModified\":\"2022-11-01T13:52:15+00:00\",\"breadcrumb\":{\"@id\":\"https:\/\/www.public.sn\/index.php\/2022\/11\/01\/ligue-des-champions-pape-gueye-absent-de-la-liste-de-lo-m\/#breadcrumb\"},\"inLanguage\":\"fr-FR\",\"potentialAction\":[{\"@type\":\"ReadAction\",\"target\":[\"https:\/\/www.public.sn\/index.php\/2022\/11\/01\/ligue-des-champions-pape-gueye-absent-de-la-liste-de-lo-m\/\"]}]},{\"@type\":\"ImageObject\",\"inLanguage\":\"fr-FR\",\"@id\":\"https:\/\/www.public.sn\/index.php\/2022\/11\/01\/ligue-des-champions-pape-gueye-absent-de-la-liste-de-lo-m\/#primaryimage\",\"url\":\"https:\/\/www.public.sn\/wp-content\/uploads\/2022\/11\/pape-gueye.webp\",\"contentUrl\":\"https:\/\/www.public.sn\/wp-content\/uploads\/2022\/11\/pape-gueye.webp\",\"width\":612,\"height\":408,\"caption\":\"publicsn\"},{\"@type\":\"BreadcrumbList\",\"@id\":\"https:\/\/www.public.sn\/index.php\/2022\/11\/01\/ligue-des-champions-pape-gueye-absent-de-la-liste-de-lo-m\/#breadcrumb\",\"itemListElement\":[{\"@type\":\"ListItem\",\"position\":1,\"name\":\"Accueil\",\"item\":\"https:\/\/www.public.sn\/\"},{\"@type\":\"ListItem\",\"position\":2,\"name\":\"Ligue des Champions\u00a0: Pape Gueye absent de la liste de l\u2019O.M.\"}]},{\"@type\":\"WebSite\",\"@id\":\"https:\/\/www.public.sn\/#website\",\"url\":\"https:\/\/www.public.sn\/\",\"name\":\"LE PUBLIC\",\"description\":\"\",\"publisher\":{\"@id\":\"https:\/\/www.public.sn\/#organization\"},\"potentialAction\":[{\"@type\":\"SearchAction\",\"target\":{\"@type\":\"EntryPoint\",\"urlTemplate\":\"https:\/\/www.public.sn\/?s={search_term_string}\"},\"query-input\":{\"@type\":\"PropertyValueSpecification\",\"valueRequired\":true,\"valueName\":\"search_term_string\"}}],\"inLanguage\":\"fr-FR\"},{\"@type\":\"Organization\",\"@id\":\"https:\/\/www.public.sn\/#organization\",\"name\":\"LE PUBLIC\",\"url\":\"https:\/\/www.public.sn\/\",\"logo\":{\"@type\":\"ImageObject\",\"inLanguage\":\"fr-FR\",\"@id\":\"https:\/\/www.public.sn\/#\/schema\/logo\/image\/\",\"url\":\"https:\/\/www.public.sn\/wp-content\/uploads\/2024\/05\/cropped-LOGO-PUBLIC.SN_.png\",\"contentUrl\":\"https:\/\/www.public.sn\/wp-content\/uploads\/2024\/05\/cropped-LOGO-PUBLIC.SN_.png\",\"width\":682,\"height\":192,\"caption\":\"LE PUBLIC\"},\"image\":{\"@id\":\"https:\/\/www.public.sn\/#\/schema\/logo\/image\/\"}},{\"@type\":\"Person\",\"@id\":\"https:\/\/www.public.sn\/#\/schema\/person\/cb76c8e1b8becc6be61fb5e92d6d0224\",\"name\":\"LA REDACTION\",\"image\":{\"@type\":\"ImageObject\",\"inLanguage\":\"fr-FR\",\"@id\":\"https:\/\/www.public.sn\/#\/schema\/person\/image\/\",\"url\":\"https:\/\/secure.gravatar.com\/avatar\/2dce5ddd34b8fef0180efe03aa2a9bee7d953856048f9a16b298190a3178407c?s=96&d=mm&r=g\",\"contentUrl\":\"https:\/\/secure.gravatar.com\/avatar\/2dce5ddd34b8fef0180efe03aa2a9bee7d953856048f9a16b298190a3178407c?s=96&d=mm&r=g\",\"caption\":\"LA REDACTION\"},\"url\":\"https:\/\/www.public.sn\/index.php\/author\/editeurpsn\/\"}]}<\/script>\n<!-- \/ Yoast SEO plugin. -->","yoast_head_json":{"title":"Ligue des Champions\u00a0: Pape Gueye absent de la liste de l\u2019O.M. - LE PUBLIC","robots":{"index":"index","follow":"follow","max-snippet":"max-snippet:-1","max-image-preview":"max-image-preview:large","max-video-preview":"max-video-preview:-1"},"canonical":"https:\/\/www.public.sn\/index.php\/2022\/11\/01\/ligue-des-champions-pape-gueye-absent-de-la-liste-de-lo-m\/","og_locale":"fr_FR","og_type":"article","og_title":"Ligue des Champions\u00a0: Pape Gueye absent de la liste de l\u2019O.M. - LE PUBLIC","og_description":"Le club phoc\u00e9en vient de communiquer la liste des joueurs devant participer \u00e0 la ligue des champions de ce Mardi contre Tottenham. Pape Gueye toujours bless\u00e9 n\u2019a pas \u00e9t\u00e9 retenu pour ce match. Ce sera un match d\u00e9cisif pour l\u2019Olympique de Marseille. En effet une victoire l\u2019assurerait d\u2019une qualification en 8eme de finale de la ligue des Champions. Les hommes de Igor Tudor vont devoir se serrer les coudes pour sortir victorieux de ce match d\u00e9cisif contre Tottenham. A rappeler que les joueurs Isaak Tour\u00e9 et Bamba Dieng&nbsp; ne sont pas inscrits sur la liste de leur \u00e9quipe pour disputer cette ligue des Champions. Voici la composition du Groupe pour la ligue des Champions. Lopez, Blanco, Ngapandouetnbu \u2013 Gigot, Tavares, Balerdi, Clauss, Kabor\u00e9, Mbemba, Kolasinac, Bailly \u2013 Guendouzi, Gerson, Rongier, Veretout \u2013 Payet, \u00dcnder, Suarez, Sanchez, Harit. Samba SY.","og_url":"https:\/\/www.public.sn\/index.php\/2022\/11\/01\/ligue-des-champions-pape-gueye-absent-de-la-liste-de-lo-m\/","og_site_name":"LE PUBLIC","article_published_time":"2022-11-01T13:52:13+00:00","article_modified_time":"2022-11-01T13:52:15+00:00","og_image":[{"width":612,"height":408,"url":"https:\/\/www.public.sn\/wp-content\/uploads\/2022\/11\/pape-gueye.webp","type":"image\/webp"}],"author":"LA REDACTION","twitter_card":"summary_large_image","twitter_misc":{"\u00c9crit par":"LA REDACTION","Dur\u00e9e de lecture estim\u00e9e":"1 minute"},"schema":{"@context":"https:\/\/schema.org","@graph":[{"@type":"Article","@id":"https:\/\/www.public.sn\/index.php\/2022\/11\/01\/ligue-des-champions-pape-gueye-absent-de-la-liste-de-lo-m\/#article","isPartOf":{"@id":"https:\/\/www.public.sn\/index.php\/2022\/11\/01\/ligue-des-champions-pape-gueye-absent-de-la-liste-de-lo-m\/"},"author":{"name":"LA REDACTION","@id":"https:\/\/www.public.sn\/#\/schema\/person\/cb76c8e1b8becc6be61fb5e92d6d0224"},"headline":"Ligue des Champions\u00a0: Pape Gueye absent de la liste de l\u2019O.M.","datePublished":"2022-11-01T13:52:13+00:00","dateModified":"2022-11-01T13:52:15+00:00","mainEntityOfPage":{"@id":"https:\/\/www.public.sn\/index.php\/2022\/11\/01\/ligue-des-champions-pape-gueye-absent-de-la-liste-de-lo-m\/"},"wordCount":156,"commentCount":0,"publisher":{"@id":"https:\/\/www.public.sn\/#organization"},"image":{"@id":"https:\/\/www.public.sn\/index.php\/2022\/11\/01\/ligue-des-champions-pape-gueye-absent-de-la-liste-de-lo-m\/#primaryimage"},"thumbnailUrl":"https:\/\/www.public.sn\/wp-content\/uploads\/2022\/11\/pape-gueye.webp","keywords":["ligue des champions","pape gueye","Sport"],"articleSection":["ACTUALIT\u00c9S","S\u00c9N\u00c9GAL","SPORTS"],"inLanguage":"fr-FR","potentialAction":[{"@type":"CommentAction","name":"Comment","target":["https:\/\/www.public.sn\/index.php\/2022\/11\/01\/ligue-des-champions-pape-gueye-absent-de-la-liste-de-lo-m\/#respond"]}]},{"@type":"WebPage","@id":"https:\/\/www.public.sn\/index.php\/2022\/11\/01\/ligue-des-champions-pape-gueye-absent-de-la-liste-de-lo-m\/","url":"https:\/\/www.public.sn\/index.php\/2022\/11\/01\/ligue-des-champions-pape-gueye-absent-de-la-liste-de-lo-m\/","name":"Ligue des Champions\u00a0: Pape Gueye absent de la liste de l\u2019O.M. - LE PUBLIC","isPartOf":{"@id":"https:\/\/www.public.sn\/#website"},"primaryImageOfPage":{"@id":"https:\/\/www.public.sn\/index.php\/2022\/11\/01\/ligue-des-champions-pape-gueye-absent-de-la-liste-de-lo-m\/#primaryimage"},"image":{"@id":"https:\/\/www.public.sn\/index.php\/2022\/11\/01\/ligue-des-champions-pape-gueye-absent-de-la-liste-de-lo-m\/#primaryimage"},"thumbnailUrl":"https:\/\/www.public.sn\/wp-content\/uploads\/2022\/11\/pape-gueye.webp","datePublished":"2022-11-01T13:52:13+00:00","dateModified":"2022-11-01T13:52:15+00:00","breadcrumb":{"@id":"https:\/\/www.public.sn\/index.php\/2022\/11\/01\/ligue-des-champions-pape-gueye-absent-de-la-liste-de-lo-m\/#breadcrumb"},"inLanguage":"fr-FR","potentialAction":[{"@type":"ReadAction","target":["https:\/\/www.public.sn\/index.php\/2022\/11\/01\/ligue-des-champions-pape-gueye-absent-de-la-liste-de-lo-m\/"]}]},{"@type":"ImageObject","inLanguage":"fr-FR","@id":"https:\/\/www.public.sn\/index.php\/2022\/11\/01\/ligue-des-champions-pape-gueye-absent-de-la-liste-de-lo-m\/#primaryimage","url":"https:\/\/www.public.sn\/wp-content\/uploads\/2022\/11\/pape-gueye.webp","contentUrl":"https:\/\/www.public.sn\/wp-content\/uploads\/2022\/11\/pape-gueye.webp","width":612,"height":408,"caption":"publicsn"},{"@type":"BreadcrumbList","@id":"https:\/\/www.public.sn\/index.php\/2022\/11\/01\/ligue-des-champions-pape-gueye-absent-de-la-liste-de-lo-m\/#breadcrumb","itemListElement":[{"@type":"ListItem","position":1,"name":"Accueil","item":"https:\/\/www.public.sn\/"},{"@type":"ListItem","position":2,"name":"Ligue des Champions\u00a0: Pape Gueye absent de la liste de l\u2019O.M."}]},{"@type":"WebSite","@id":"https:\/\/www.public.sn\/#website","url":"https:\/\/www.public.sn\/","name":"LE PUBLIC","description":"","publisher":{"@id":"https:\/\/www.public.sn\/#organization"},"potentialAction":[{"@type":"SearchAction","target":{"@type":"EntryPoint","urlTemplate":"https:\/\/www.public.sn\/?s={search_term_string}"},"query-input":{"@type":"PropertyValueSpecification","valueRequired":true,"valueName":"search_term_string"}}],"inLanguage":"fr-FR"},{"@type":"Organization","@id":"https:\/\/www.public.sn\/#organization","name":"LE PUBLIC","url":"https:\/\/www.public.sn\/","logo":{"@type":"ImageObject","inLanguage":"fr-FR","@id":"https:\/\/www.public.sn\/#\/schema\/logo\/image\/","url":"https:\/\/www.public.sn\/wp-content\/uploads\/2024\/05\/cropped-LOGO-PUBLIC.SN_.png","contentUrl":"https:\/\/www.public.sn\/wp-content\/uploads\/2024\/05\/cropped-LOGO-PUBLIC.SN_.png","width":682,"height":192,"caption":"LE PUBLIC"},"image":{"@id":"https:\/\/www.public.sn\/#\/schema\/logo\/image\/"}},{"@type":"Person","@id":"https:\/\/www.public.sn\/#\/schema\/person\/cb76c8e1b8becc6be61fb5e92d6d0224","name":"LA REDACTION","image":{"@type":"ImageObject","inLanguage":"fr-FR","@id":"https:\/\/www.public.sn\/#\/schema\/person\/image\/","url":"https:\/\/secure.gravatar.com\/avatar\/2dce5ddd34b8fef0180efe03aa2a9bee7d953856048f9a16b298190a3178407c?s=96&d=mm&r=g","contentUrl":"https:\/\/secure.gravatar.com\/avatar\/2dce5ddd34b8fef0180efe03aa2a9bee7d953856048f9a16b298190a3178407c?s=96&d=mm&r=g","caption":"LA REDACTION"},"url":"https:\/\/www.public.sn\/index.php\/author\/editeurpsn\/"}]}},"jetpack_featured_media_url":"https:\/\/www.public.sn\/wp-content\/uploads\/2022\/11\/pape-gueye.webp","jetpack_sharing_enabled":true,"_links":{"self":[{"href":"https:\/\/www.public.sn\/index.php\/wp-json\/wp\/v2\/posts\/6568","targetHints":{"allow":["GET"]}}],"collection":[{"href":"https:\/\/www.public.sn\/index.php\/wp-json\/wp\/v2\/posts"}],"about":[{"href":"https:\/\/www.public.sn\/index.php\/wp-json\/wp\/v2\/types\/post"}],"author":[{"embeddable":true,"href":"https:\/\/www.public.sn\/index.php\/wp-json\/wp\/v2\/users\/7"}],"replies":[{"embeddable":true,"href":"https:\/\/www.public.sn\/index.php\/wp-json\/wp\/v2\/comments?post=6568"}],"version-history":[{"count":2,"href":"https:\/\/www.public.sn\/index.php\/wp-json\/wp\/v2\/posts\/6568\/revisions"}],"predecessor-version":[{"id":6571,"href":"https:\/\/www.public.sn\/index.php\/wp-json\/wp\/v2\/posts\/6568\/revisions\/6571"}],"wp:featuredmedia":[{"embeddable":true,"href":"https:\/\/www.public.sn\/index.php\/wp-json\/wp\/v2\/media\/6569"}],"wp:attachment":[{"href":"https:\/\/www.public.sn\/index.php\/wp-json\/wp\/v2\/media?parent=6568"}],"wp:term":[{"taxonomy":"category","embeddable":true,"href":"https:\/\/www.public.sn\/index.php\/wp-json\/wp\/v2\/categories?post=6568"},{"taxonomy":"post_tag","embeddable":true,"href":"https:\/\/www.public.sn\/index.php\/wp-json\/wp\/v2\/tags?post=6568"}],"curies":[{"name":"wp","href":"https:\/\/api.w.org\/{rel}","templated":true}]}}