{"id":6579,"date":"2022-11-01T15:13:47","date_gmt":"2022-11-01T15:13:47","guid":{"rendered":"https:\/\/www.public.sn\/?p=6579"},"modified":"2022-11-01T15:13:50","modified_gmt":"2022-11-01T15:13:50","slug":"senelec-perturbation-sur-la-ligne-woyofal","status":"publish","type":"post","link":"https:\/\/www.public.sn\/index.php\/2022\/11\/01\/senelec-perturbation-sur-la-ligne-woyofal\/","title":{"rendered":"Senelec : Perturbation sur la ligne  Woyofal."},"content":{"rendered":"\n<p><\/p>\n\n\n\n<p>Le courant&nbsp; passe mal entre la Soci\u00e9t\u00e9 nationale d&rsquo;\u00e9lectricit\u00e9 du S\u00e9n\u00e9gal (Senelec) et ses clients. La raison est que la Senelec a inform\u00e9 sa client\u00e8le que sa plateforme de vente de recharge Woyofal connait quelques perturbations techniques ce mardi 1er novembre 2022. Informe Seneweb.<\/p><div class=\"publi-paragraphe1\" style=\"margin-top: 10px;margin-bottom: 10px;margin-left: auto;margin-right: auto;text-align: center;\" id=\"publi-2933174977\"><div class=\"publi-adlabel\">Publicit\u00e9<\/div><script async src=\"\/\/pagead2.googlesyndication.com\/pagead\/js\/adsbygoogle.js?client=ca-pub-4089586018074219\" crossorigin=\"anonymous\"><\/script><ins class=\"adsbygoogle\" style=\"display:block;\" data-ad-client=\"ca-pub-4089586018074219\" \ndata-ad-slot=\"2087940154\" \ndata-ad-format=\"auto\"><\/ins>\n<script> \n(adsbygoogle = window.adsbygoogle || []).push({}); \n<\/script>\n<\/div>\n\n\n\n<p>\u00ab\u00a0Toutes nos \u00e9quipes sont mobilis\u00e9es pour r\u00e9soudre ce dysfonctionnement qui a impact\u00e9 nos partenaires \u00e0 l\u2019encaissement\u00a0\u00bb, renseigne le document. Les caisses seront ouvertes de 15 h \u00e0 20 h\u00a0\u00bb.&nbsp;<\/p>\n\n\n\n<p>L&rsquo;entreprise de production et de distribution d&rsquo;\u00e9nergie a tenu \u00e0 pr\u00e9senter ses excuses aux clients et aux partenaires pour ce d\u00e9sagr\u00e9ment.<\/p>\n\n\n\n<p>Falil Gadio<\/p>\n<div class=\"publi-apres-le-contenu\" style=\"margin-top: 10px;margin-bottom: 10px;margin-left: auto;margin-right: auto;text-align: center;\" id=\"publi-3675611230\"><div class=\"publi-adlabel\">Publicit\u00e9<\/div><script async src=\"\/\/pagead2.googlesyndication.com\/pagead\/js\/adsbygoogle.js?client=ca-pub-4089586018074219\" crossorigin=\"anonymous\"><\/script><ins class=\"adsbygoogle\" style=\"display:block;\" data-ad-client=\"ca-pub-4089586018074219\" \ndata-ad-slot=\"2087940154\" \ndata-ad-format=\"auto\"><\/ins>\n<script> \n(adsbygoogle = window.adsbygoogle || []).push({}); \n<\/script>\n<\/div>","protected":false},"excerpt":{"rendered":"<p>Le courant&nbsp; passe mal entre la Soci\u00e9t\u00e9 nationale d&rsquo;\u00e9lectricit\u00e9 du S\u00e9n\u00e9gal (Senelec) et ses clients. La raison est que la Senelec a inform\u00e9 sa client\u00e8le que sa plateforme de vente de recharge Woyofal connait quelques perturbations techniques ce mardi 1er novembre 2022. Informe Seneweb. \u00ab\u00a0Toutes nos \u00e9quipes sont mobilis\u00e9es pour r\u00e9soudre ce dysfonctionnement qui a impact\u00e9 nos partenaires \u00e0 l\u2019encaissement\u00a0\u00bb, renseigne le document. Les caisses seront ouvertes de 15 h \u00e0 20 h\u00a0\u00bb.&nbsp; L&rsquo;entreprise de production et de distribution d&rsquo;\u00e9nergie a tenu \u00e0 pr\u00e9senter ses excuses aux clients et aux partenaires pour ce d\u00e9sagr\u00e9ment. Falil Gadio<\/p>\n","protected":false},"author":7,"featured_media":6580,"comment_status":"open","ping_status":"open","sticky":false,"template":"","format":"standard","meta":{"_jetpack_memberships_contains_paid_content":false,"footnotes":""},"categories":[375,9,4],"tags":[2303,153,2304],"class_list":["post-6579","post","type-post","status-publish","format-standard","has-post-thumbnail","hentry","category-actualites","category-communique","category-societe","tag-perturbation","tag-senelec","tag-woyofal","entry","has-media","owp-thumbs-layout-horizontal","owp-btn-normal","owp-tabs-layout-horizontal","has-no-thumbnails","has-product-nav"],"yoast_head":"<!-- This site is optimized with the Yoast SEO plugin v25.5 - https:\/\/yoast.com\/wordpress\/plugins\/seo\/ -->\n<title>Senelec : Perturbation sur la ligne Woyofal. - LE PUBLIC<\/title>\n<meta name=\"robots\" content=\"index, follow, max-snippet:-1, max-image-preview:large, max-video-preview:-1\" \/>\n<link rel=\"canonical\" href=\"https:\/\/www.public.sn\/index.php\/2022\/11\/01\/senelec-perturbation-sur-la-ligne-woyofal\/\" \/>\n<meta property=\"og:locale\" content=\"fr_FR\" \/>\n<meta property=\"og:type\" content=\"article\" \/>\n<meta property=\"og:title\" content=\"Senelec : Perturbation sur la ligne Woyofal. - LE PUBLIC\" \/>\n<meta property=\"og:description\" content=\"Le courant&nbsp; passe mal entre la Soci\u00e9t\u00e9 nationale d&rsquo;\u00e9lectricit\u00e9 du S\u00e9n\u00e9gal (Senelec) et ses clients. La raison est que la Senelec a inform\u00e9 sa client\u00e8le que sa plateforme de vente de recharge Woyofal connait quelques perturbations techniques ce mardi 1er novembre 2022. Informe Seneweb. \u00ab\u00a0Toutes nos \u00e9quipes sont mobilis\u00e9es pour r\u00e9soudre ce dysfonctionnement qui a impact\u00e9 nos partenaires \u00e0 l\u2019encaissement\u00a0\u00bb, renseigne le document. Les caisses seront ouvertes de 15 h \u00e0 20 h\u00a0\u00bb.&nbsp; L&rsquo;entreprise de production et de distribution d&rsquo;\u00e9nergie a tenu \u00e0 pr\u00e9senter ses excuses aux clients et aux partenaires pour ce d\u00e9sagr\u00e9ment. Falil Gadio\" \/>\n<meta property=\"og:url\" content=\"https:\/\/www.public.sn\/index.php\/2022\/11\/01\/senelec-perturbation-sur-la-ligne-woyofal\/\" \/>\n<meta property=\"og:site_name\" content=\"LE PUBLIC\" \/>\n<meta property=\"article:published_time\" content=\"2022-11-01T15:13:47+00:00\" \/>\n<meta property=\"article:modified_time\" content=\"2022-11-01T15:13:50+00:00\" \/>\n<meta property=\"og:image\" content=\"https:\/\/www.public.sn\/wp-content\/uploads\/2022\/11\/senelec.jpg\" \/>\n\t<meta property=\"og:image:width\" content=\"281\" \/>\n\t<meta property=\"og:image:height\" content=\"180\" \/>\n\t<meta property=\"og:image:type\" content=\"image\/jpeg\" \/>\n<meta name=\"author\" content=\"LA REDACTION\" \/>\n<meta name=\"twitter:card\" content=\"summary_large_image\" \/>\n<meta name=\"twitter:label1\" content=\"\u00c9crit par\" \/>\n\t<meta name=\"twitter:data1\" content=\"LA REDACTION\" \/>\n\t<meta name=\"twitter:label2\" content=\"Dur\u00e9e de lecture estim\u00e9e\" \/>\n\t<meta name=\"twitter:data2\" content=\"1 minute\" \/>\n<script type=\"application\/ld+json\" class=\"yoast-schema-graph\">{\"@context\":\"https:\/\/schema.org\",\"@graph\":[{\"@type\":\"Article\",\"@id\":\"https:\/\/www.public.sn\/index.php\/2022\/11\/01\/senelec-perturbation-sur-la-ligne-woyofal\/#article\",\"isPartOf\":{\"@id\":\"https:\/\/www.public.sn\/index.php\/2022\/11\/01\/senelec-perturbation-sur-la-ligne-woyofal\/\"},\"author\":{\"name\":\"LA REDACTION\",\"@id\":\"https:\/\/www.public.sn\/#\/schema\/person\/cb76c8e1b8becc6be61fb5e92d6d0224\"},\"headline\":\"Senelec : Perturbation sur la ligne Woyofal.\",\"datePublished\":\"2022-11-01T15:13:47+00:00\",\"dateModified\":\"2022-11-01T15:13:50+00:00\",\"mainEntityOfPage\":{\"@id\":\"https:\/\/www.public.sn\/index.php\/2022\/11\/01\/senelec-perturbation-sur-la-ligne-woyofal\/\"},\"wordCount\":110,\"commentCount\":1,\"publisher\":{\"@id\":\"https:\/\/www.public.sn\/#organization\"},\"image\":{\"@id\":\"https:\/\/www.public.sn\/index.php\/2022\/11\/01\/senelec-perturbation-sur-la-ligne-woyofal\/#primaryimage\"},\"thumbnailUrl\":\"https:\/\/www.public.sn\/wp-content\/uploads\/2022\/11\/senelec.jpg\",\"keywords\":[\"Perturbation\",\"Senelec\",\"Woyofal\"],\"articleSection\":[\"ACTUALIT\u00c9S\",\"COMMUNIQU\u00c9\",\"SOCIETE\"],\"inLanguage\":\"fr-FR\",\"potentialAction\":[{\"@type\":\"CommentAction\",\"name\":\"Comment\",\"target\":[\"https:\/\/www.public.sn\/index.php\/2022\/11\/01\/senelec-perturbation-sur-la-ligne-woyofal\/#respond\"]}]},{\"@type\":\"WebPage\",\"@id\":\"https:\/\/www.public.sn\/index.php\/2022\/11\/01\/senelec-perturbation-sur-la-ligne-woyofal\/\",\"url\":\"https:\/\/www.public.sn\/index.php\/2022\/11\/01\/senelec-perturbation-sur-la-ligne-woyofal\/\",\"name\":\"Senelec : Perturbation sur la ligne Woyofal. - LE PUBLIC\",\"isPartOf\":{\"@id\":\"https:\/\/www.public.sn\/#website\"},\"primaryImageOfPage\":{\"@id\":\"https:\/\/www.public.sn\/index.php\/2022\/11\/01\/senelec-perturbation-sur-la-ligne-woyofal\/#primaryimage\"},\"image\":{\"@id\":\"https:\/\/www.public.sn\/index.php\/2022\/11\/01\/senelec-perturbation-sur-la-ligne-woyofal\/#primaryimage\"},\"thumbnailUrl\":\"https:\/\/www.public.sn\/wp-content\/uploads\/2022\/11\/senelec.jpg\",\"datePublished\":\"2022-11-01T15:13:47+00:00\",\"dateModified\":\"2022-11-01T15:13:50+00:00\",\"breadcrumb\":{\"@id\":\"https:\/\/www.public.sn\/index.php\/2022\/11\/01\/senelec-perturbation-sur-la-ligne-woyofal\/#breadcrumb\"},\"inLanguage\":\"fr-FR\",\"potentialAction\":[{\"@type\":\"ReadAction\",\"target\":[\"https:\/\/www.public.sn\/index.php\/2022\/11\/01\/senelec-perturbation-sur-la-ligne-woyofal\/\"]}]},{\"@type\":\"ImageObject\",\"inLanguage\":\"fr-FR\",\"@id\":\"https:\/\/www.public.sn\/index.php\/2022\/11\/01\/senelec-perturbation-sur-la-ligne-woyofal\/#primaryimage\",\"url\":\"https:\/\/www.public.sn\/wp-content\/uploads\/2022\/11\/senelec.jpg\",\"contentUrl\":\"https:\/\/www.public.sn\/wp-content\/uploads\/2022\/11\/senelec.jpg\",\"width\":281,\"height\":180,\"caption\":\"Public Sn\"},{\"@type\":\"BreadcrumbList\",\"@id\":\"https:\/\/www.public.sn\/index.php\/2022\/11\/01\/senelec-perturbation-sur-la-ligne-woyofal\/#breadcrumb\",\"itemListElement\":[{\"@type\":\"ListItem\",\"position\":1,\"name\":\"Accueil\",\"item\":\"https:\/\/www.public.sn\/\"},{\"@type\":\"ListItem\",\"position\":2,\"name\":\"Senelec : Perturbation sur la ligne Woyofal.\"}]},{\"@type\":\"WebSite\",\"@id\":\"https:\/\/www.public.sn\/#website\",\"url\":\"https:\/\/www.public.sn\/\",\"name\":\"LE PUBLIC\",\"description\":\"\",\"publisher\":{\"@id\":\"https:\/\/www.public.sn\/#organization\"},\"potentialAction\":[{\"@type\":\"SearchAction\",\"target\":{\"@type\":\"EntryPoint\",\"urlTemplate\":\"https:\/\/www.public.sn\/?s={search_term_string}\"},\"query-input\":{\"@type\":\"PropertyValueSpecification\",\"valueRequired\":true,\"valueName\":\"search_term_string\"}}],\"inLanguage\":\"fr-FR\"},{\"@type\":\"Organization\",\"@id\":\"https:\/\/www.public.sn\/#organization\",\"name\":\"LE PUBLIC\",\"url\":\"https:\/\/www.public.sn\/\",\"logo\":{\"@type\":\"ImageObject\",\"inLanguage\":\"fr-FR\",\"@id\":\"https:\/\/www.public.sn\/#\/schema\/logo\/image\/\",\"url\":\"https:\/\/www.public.sn\/wp-content\/uploads\/2024\/05\/cropped-LOGO-PUBLIC.SN_.png\",\"contentUrl\":\"https:\/\/www.public.sn\/wp-content\/uploads\/2024\/05\/cropped-LOGO-PUBLIC.SN_.png\",\"width\":682,\"height\":192,\"caption\":\"LE PUBLIC\"},\"image\":{\"@id\":\"https:\/\/www.public.sn\/#\/schema\/logo\/image\/\"}},{\"@type\":\"Person\",\"@id\":\"https:\/\/www.public.sn\/#\/schema\/person\/cb76c8e1b8becc6be61fb5e92d6d0224\",\"name\":\"LA REDACTION\",\"image\":{\"@type\":\"ImageObject\",\"inLanguage\":\"fr-FR\",\"@id\":\"https:\/\/www.public.sn\/#\/schema\/person\/image\/\",\"url\":\"https:\/\/secure.gravatar.com\/avatar\/2dce5ddd34b8fef0180efe03aa2a9bee7d953856048f9a16b298190a3178407c?s=96&d=mm&r=g\",\"contentUrl\":\"https:\/\/secure.gravatar.com\/avatar\/2dce5ddd34b8fef0180efe03aa2a9bee7d953856048f9a16b298190a3178407c?s=96&d=mm&r=g\",\"caption\":\"LA REDACTION\"},\"url\":\"https:\/\/www.public.sn\/index.php\/author\/editeurpsn\/\"}]}<\/script>\n<!-- \/ Yoast SEO plugin. -->","yoast_head_json":{"title":"Senelec : Perturbation sur la ligne Woyofal. - LE PUBLIC","robots":{"index":"index","follow":"follow","max-snippet":"max-snippet:-1","max-image-preview":"max-image-preview:large","max-video-preview":"max-video-preview:-1"},"canonical":"https:\/\/www.public.sn\/index.php\/2022\/11\/01\/senelec-perturbation-sur-la-ligne-woyofal\/","og_locale":"fr_FR","og_type":"article","og_title":"Senelec : Perturbation sur la ligne Woyofal. - LE PUBLIC","og_description":"Le courant&nbsp; passe mal entre la Soci\u00e9t\u00e9 nationale d&rsquo;\u00e9lectricit\u00e9 du S\u00e9n\u00e9gal (Senelec) et ses clients. La raison est que la Senelec a inform\u00e9 sa client\u00e8le que sa plateforme de vente de recharge Woyofal connait quelques perturbations techniques ce mardi 1er novembre 2022. Informe Seneweb. \u00ab\u00a0Toutes nos \u00e9quipes sont mobilis\u00e9es pour r\u00e9soudre ce dysfonctionnement qui a impact\u00e9 nos partenaires \u00e0 l\u2019encaissement\u00a0\u00bb, renseigne le document. Les caisses seront ouvertes de 15 h \u00e0 20 h\u00a0\u00bb.&nbsp; L&rsquo;entreprise de production et de distribution d&rsquo;\u00e9nergie a tenu \u00e0 pr\u00e9senter ses excuses aux clients et aux partenaires pour ce d\u00e9sagr\u00e9ment. Falil Gadio","og_url":"https:\/\/www.public.sn\/index.php\/2022\/11\/01\/senelec-perturbation-sur-la-ligne-woyofal\/","og_site_name":"LE PUBLIC","article_published_time":"2022-11-01T15:13:47+00:00","article_modified_time":"2022-11-01T15:13:50+00:00","og_image":[{"width":281,"height":180,"url":"https:\/\/www.public.sn\/wp-content\/uploads\/2022\/11\/senelec.jpg","type":"image\/jpeg"}],"author":"LA REDACTION","twitter_card":"summary_large_image","twitter_misc":{"\u00c9crit par":"LA REDACTION","Dur\u00e9e de lecture estim\u00e9e":"1 minute"},"schema":{"@context":"https:\/\/schema.org","@graph":[{"@type":"Article","@id":"https:\/\/www.public.sn\/index.php\/2022\/11\/01\/senelec-perturbation-sur-la-ligne-woyofal\/#article","isPartOf":{"@id":"https:\/\/www.public.sn\/index.php\/2022\/11\/01\/senelec-perturbation-sur-la-ligne-woyofal\/"},"author":{"name":"LA REDACTION","@id":"https:\/\/www.public.sn\/#\/schema\/person\/cb76c8e1b8becc6be61fb5e92d6d0224"},"headline":"Senelec : Perturbation sur la ligne Woyofal.","datePublished":"2022-11-01T15:13:47+00:00","dateModified":"2022-11-01T15:13:50+00:00","mainEntityOfPage":{"@id":"https:\/\/www.public.sn\/index.php\/2022\/11\/01\/senelec-perturbation-sur-la-ligne-woyofal\/"},"wordCount":110,"commentCount":1,"publisher":{"@id":"https:\/\/www.public.sn\/#organization"},"image":{"@id":"https:\/\/www.public.sn\/index.php\/2022\/11\/01\/senelec-perturbation-sur-la-ligne-woyofal\/#primaryimage"},"thumbnailUrl":"https:\/\/www.public.sn\/wp-content\/uploads\/2022\/11\/senelec.jpg","keywords":["Perturbation","Senelec","Woyofal"],"articleSection":["ACTUALIT\u00c9S","COMMUNIQU\u00c9","SOCIETE"],"inLanguage":"fr-FR","potentialAction":[{"@type":"CommentAction","name":"Comment","target":["https:\/\/www.public.sn\/index.php\/2022\/11\/01\/senelec-perturbation-sur-la-ligne-woyofal\/#respond"]}]},{"@type":"WebPage","@id":"https:\/\/www.public.sn\/index.php\/2022\/11\/01\/senelec-perturbation-sur-la-ligne-woyofal\/","url":"https:\/\/www.public.sn\/index.php\/2022\/11\/01\/senelec-perturbation-sur-la-ligne-woyofal\/","name":"Senelec : Perturbation sur la ligne Woyofal. - LE PUBLIC","isPartOf":{"@id":"https:\/\/www.public.sn\/#website"},"primaryImageOfPage":{"@id":"https:\/\/www.public.sn\/index.php\/2022\/11\/01\/senelec-perturbation-sur-la-ligne-woyofal\/#primaryimage"},"image":{"@id":"https:\/\/www.public.sn\/index.php\/2022\/11\/01\/senelec-perturbation-sur-la-ligne-woyofal\/#primaryimage"},"thumbnailUrl":"https:\/\/www.public.sn\/wp-content\/uploads\/2022\/11\/senelec.jpg","datePublished":"2022-11-01T15:13:47+00:00","dateModified":"2022-11-01T15:13:50+00:00","breadcrumb":{"@id":"https:\/\/www.public.sn\/index.php\/2022\/11\/01\/senelec-perturbation-sur-la-ligne-woyofal\/#breadcrumb"},"inLanguage":"fr-FR","potentialAction":[{"@type":"ReadAction","target":["https:\/\/www.public.sn\/index.php\/2022\/11\/01\/senelec-perturbation-sur-la-ligne-woyofal\/"]}]},{"@type":"ImageObject","inLanguage":"fr-FR","@id":"https:\/\/www.public.sn\/index.php\/2022\/11\/01\/senelec-perturbation-sur-la-ligne-woyofal\/#primaryimage","url":"https:\/\/www.public.sn\/wp-content\/uploads\/2022\/11\/senelec.jpg","contentUrl":"https:\/\/www.public.sn\/wp-content\/uploads\/2022\/11\/senelec.jpg","width":281,"height":180,"caption":"Public Sn"},{"@type":"BreadcrumbList","@id":"https:\/\/www.public.sn\/index.php\/2022\/11\/01\/senelec-perturbation-sur-la-ligne-woyofal\/#breadcrumb","itemListElement":[{"@type":"ListItem","position":1,"name":"Accueil","item":"https:\/\/www.public.sn\/"},{"@type":"ListItem","position":2,"name":"Senelec : Perturbation sur la ligne Woyofal."}]},{"@type":"WebSite","@id":"https:\/\/www.public.sn\/#website","url":"https:\/\/www.public.sn\/","name":"LE PUBLIC","description":"","publisher":{"@id":"https:\/\/www.public.sn\/#organization"},"potentialAction":[{"@type":"SearchAction","target":{"@type":"EntryPoint","urlTemplate":"https:\/\/www.public.sn\/?s={search_term_string}"},"query-input":{"@type":"PropertyValueSpecification","valueRequired":true,"valueName":"search_term_string"}}],"inLanguage":"fr-FR"},{"@type":"Organization","@id":"https:\/\/www.public.sn\/#organization","name":"LE PUBLIC","url":"https:\/\/www.public.sn\/","logo":{"@type":"ImageObject","inLanguage":"fr-FR","@id":"https:\/\/www.public.sn\/#\/schema\/logo\/image\/","url":"https:\/\/www.public.sn\/wp-content\/uploads\/2024\/05\/cropped-LOGO-PUBLIC.SN_.png","contentUrl":"https:\/\/www.public.sn\/wp-content\/uploads\/2024\/05\/cropped-LOGO-PUBLIC.SN_.png","width":682,"height":192,"caption":"LE PUBLIC"},"image":{"@id":"https:\/\/www.public.sn\/#\/schema\/logo\/image\/"}},{"@type":"Person","@id":"https:\/\/www.public.sn\/#\/schema\/person\/cb76c8e1b8becc6be61fb5e92d6d0224","name":"LA REDACTION","image":{"@type":"ImageObject","inLanguage":"fr-FR","@id":"https:\/\/www.public.sn\/#\/schema\/person\/image\/","url":"https:\/\/secure.gravatar.com\/avatar\/2dce5ddd34b8fef0180efe03aa2a9bee7d953856048f9a16b298190a3178407c?s=96&d=mm&r=g","contentUrl":"https:\/\/secure.gravatar.com\/avatar\/2dce5ddd34b8fef0180efe03aa2a9bee7d953856048f9a16b298190a3178407c?s=96&d=mm&r=g","caption":"LA REDACTION"},"url":"https:\/\/www.public.sn\/index.php\/author\/editeurpsn\/"}]}},"jetpack_featured_media_url":"https:\/\/www.public.sn\/wp-content\/uploads\/2022\/11\/senelec.jpg","jetpack_sharing_enabled":true,"_links":{"self":[{"href":"https:\/\/www.public.sn\/index.php\/wp-json\/wp\/v2\/posts\/6579","targetHints":{"allow":["GET"]}}],"collection":[{"href":"https:\/\/www.public.sn\/index.php\/wp-json\/wp\/v2\/posts"}],"about":[{"href":"https:\/\/www.public.sn\/index.php\/wp-json\/wp\/v2\/types\/post"}],"author":[{"embeddable":true,"href":"https:\/\/www.public.sn\/index.php\/wp-json\/wp\/v2\/users\/7"}],"replies":[{"embeddable":true,"href":"https:\/\/www.public.sn\/index.php\/wp-json\/wp\/v2\/comments?post=6579"}],"version-history":[{"count":2,"href":"https:\/\/www.public.sn\/index.php\/wp-json\/wp\/v2\/posts\/6579\/revisions"}],"predecessor-version":[{"id":6582,"href":"https:\/\/www.public.sn\/index.php\/wp-json\/wp\/v2\/posts\/6579\/revisions\/6582"}],"wp:featuredmedia":[{"embeddable":true,"href":"https:\/\/www.public.sn\/index.php\/wp-json\/wp\/v2\/media\/6580"}],"wp:attachment":[{"href":"https:\/\/www.public.sn\/index.php\/wp-json\/wp\/v2\/media?parent=6579"}],"wp:term":[{"taxonomy":"category","embeddable":true,"href":"https:\/\/www.public.sn\/index.php\/wp-json\/wp\/v2\/categories?post=6579"},{"taxonomy":"post_tag","embeddable":true,"href":"https:\/\/www.public.sn\/index.php\/wp-json\/wp\/v2\/tags?post=6579"}],"curies":[{"name":"wp","href":"https:\/\/api.w.org\/{rel}","templated":true}]}}