{"id":6583,"date":"2022-11-01T15:34:06","date_gmt":"2022-11-01T15:34:06","guid":{"rendered":"https:\/\/www.public.sn\/?p=6583"},"modified":"2022-11-01T15:34:08","modified_gmt":"2022-11-01T15:34:08","slug":"cereales-macron-accuse-poutine-de-mettre-en-danger-la-securite-alimentaire","status":"publish","type":"post","link":"https:\/\/www.public.sn\/index.php\/2022\/11\/01\/cereales-macron-accuse-poutine-de-mettre-en-danger-la-securite-alimentaire\/","title":{"rendered":"C\u00e9r\u00e9ales: Macron accuse Poutine de mettre en danger la s\u00e9curit\u00e9 alimentaire."},"content":{"rendered":"\n<p><\/p>\n\n\n\n<p>La Russie de Vladimir Poutine \u00ab\u00a0nuit \u00e0 la s\u00e9curit\u00e9 alimentaire mondiale\u00a0\u00bb par sa d\u00e9cision de suspendre sa participation \u00e0 l&rsquo;accord permettant d&rsquo;exporter des c\u00e9r\u00e9ales ukrainiennes, a d\u00e9nonc\u00e9 mardi le pr\u00e9sident fran\u00e7ais Emmanuel Macron apr\u00e8s un entretien t\u00e9l\u00e9phonique avec son homologue ukrainien Volodymyr Zelensky.<\/p><div class=\"publi-paragraphe1\" style=\"margin-top: 10px;margin-bottom: 10px;margin-left: auto;margin-right: auto;text-align: center;\" id=\"publi-1562705094\"><div class=\"publi-adlabel\">Publicit\u00e9<\/div><script async src=\"\/\/pagead2.googlesyndication.com\/pagead\/js\/adsbygoogle.js?client=ca-pub-4089586018074219\" crossorigin=\"anonymous\"><\/script><ins class=\"adsbygoogle\" style=\"display:block;\" data-ad-client=\"ca-pub-4089586018074219\" \ndata-ad-slot=\"2087940154\" \ndata-ad-format=\"auto\"><\/ins>\n<script> \n(adsbygoogle = window.adsbygoogle || []).push({}); \n<\/script>\n<\/div>\n\n\n\n<p>&nbsp; \u00ab\u00a0Les deux pr\u00e9sidents ont \u00e9voqu\u00e9 la suspension par la Russie de la mise en \u0153uvre de l\u2019accord sur l\u2019exportation des c\u00e9r\u00e9ales ukrainiennes par corridor maritime. Le chef de l\u2019Etat a d\u00e9nonc\u00e9 une d\u00e9cision unilat\u00e9rale de la Russie qui nuit de nouveau \u00e0 la s\u00e9curit\u00e9 alimentaire mondiale\u00a0\u00bb, a rapport\u00e9 un communiqu\u00e9 de l&rsquo;Elys\u00e9e.<\/p>\n\n\n\n<p>Falil Gadio<\/p>\n<div class=\"publi-apres-le-contenu\" style=\"margin-top: 10px;margin-bottom: 10px;margin-left: auto;margin-right: auto;text-align: center;\" id=\"publi-2896291038\"><div class=\"publi-adlabel\">Publicit\u00e9<\/div><script async src=\"\/\/pagead2.googlesyndication.com\/pagead\/js\/adsbygoogle.js?client=ca-pub-4089586018074219\" crossorigin=\"anonymous\"><\/script><ins class=\"adsbygoogle\" style=\"display:block;\" data-ad-client=\"ca-pub-4089586018074219\" \ndata-ad-slot=\"2087940154\" \ndata-ad-format=\"auto\"><\/ins>\n<script> \n(adsbygoogle = window.adsbygoogle || []).push({}); \n<\/script>\n<\/div>","protected":false},"excerpt":{"rendered":"<p>La Russie de Vladimir Poutine \u00ab\u00a0nuit \u00e0 la s\u00e9curit\u00e9 alimentaire mondiale\u00a0\u00bb par sa d\u00e9cision de suspendre sa participation \u00e0 l&rsquo;accord permettant d&rsquo;exporter des c\u00e9r\u00e9ales ukrainiennes, a d\u00e9nonc\u00e9 mardi le pr\u00e9sident fran\u00e7ais Emmanuel Macron apr\u00e8s un entretien t\u00e9l\u00e9phonique avec son homologue ukrainien Volodymyr Zelensky. &nbsp; \u00ab\u00a0Les deux pr\u00e9sidents ont \u00e9voqu\u00e9 la suspension par la Russie de la mise en \u0153uvre de l\u2019accord sur l\u2019exportation des c\u00e9r\u00e9ales ukrainiennes par corridor maritime. Le chef de l\u2019Etat a d\u00e9nonc\u00e9 une d\u00e9cision unilat\u00e9rale de la Russie qui nuit de nouveau \u00e0 la s\u00e9curit\u00e9 alimentaire mondiale\u00a0\u00bb, a rapport\u00e9 un communiqu\u00e9 de l&rsquo;Elys\u00e9e. Falil Gadio<\/p>\n","protected":false},"author":7,"featured_media":6584,"comment_status":"open","ping_status":"open","sticky":false,"template":"","format":"standard","meta":{"_jetpack_memberships_contains_paid_content":false,"footnotes":""},"categories":[375,550,549,3],"tags":[1481,876,877],"class_list":["post-6583","post","type-post","status-publish","format-standard","has-post-thumbnail","hentry","category-actualites","category-afrique-monde","category-economie","category-politique","tag-guerre-ukraine","tag-poutine","tag-russie","entry","has-media","owp-thumbs-layout-horizontal","owp-btn-normal","owp-tabs-layout-horizontal","has-no-thumbnails","has-product-nav"],"yoast_head":"<!-- This site is optimized with the Yoast SEO plugin v25.5 - https:\/\/yoast.com\/wordpress\/plugins\/seo\/ -->\n<title>C\u00e9r\u00e9ales: Macron accuse Poutine de mettre en danger la s\u00e9curit\u00e9 alimentaire. - LE PUBLIC<\/title>\n<meta name=\"robots\" content=\"index, follow, max-snippet:-1, max-image-preview:large, max-video-preview:-1\" \/>\n<link rel=\"canonical\" href=\"https:\/\/www.public.sn\/index.php\/2022\/11\/01\/cereales-macron-accuse-poutine-de-mettre-en-danger-la-securite-alimentaire\/\" \/>\n<meta property=\"og:locale\" content=\"fr_FR\" \/>\n<meta property=\"og:type\" content=\"article\" \/>\n<meta property=\"og:title\" content=\"C\u00e9r\u00e9ales: Macron accuse Poutine de mettre en danger la s\u00e9curit\u00e9 alimentaire. - LE PUBLIC\" \/>\n<meta property=\"og:description\" content=\"La Russie de Vladimir Poutine \u00ab\u00a0nuit \u00e0 la s\u00e9curit\u00e9 alimentaire mondiale\u00a0\u00bb par sa d\u00e9cision de suspendre sa participation \u00e0 l&rsquo;accord permettant d&rsquo;exporter des c\u00e9r\u00e9ales ukrainiennes, a d\u00e9nonc\u00e9 mardi le pr\u00e9sident fran\u00e7ais Emmanuel Macron apr\u00e8s un entretien t\u00e9l\u00e9phonique avec son homologue ukrainien Volodymyr Zelensky. &nbsp; \u00ab\u00a0Les deux pr\u00e9sidents ont \u00e9voqu\u00e9 la suspension par la Russie de la mise en \u0153uvre de l\u2019accord sur l\u2019exportation des c\u00e9r\u00e9ales ukrainiennes par corridor maritime. Le chef de l\u2019Etat a d\u00e9nonc\u00e9 une d\u00e9cision unilat\u00e9rale de la Russie qui nuit de nouveau \u00e0 la s\u00e9curit\u00e9 alimentaire mondiale\u00a0\u00bb, a rapport\u00e9 un communiqu\u00e9 de l&rsquo;Elys\u00e9e. Falil Gadio\" \/>\n<meta property=\"og:url\" content=\"https:\/\/www.public.sn\/index.php\/2022\/11\/01\/cereales-macron-accuse-poutine-de-mettre-en-danger-la-securite-alimentaire\/\" \/>\n<meta property=\"og:site_name\" content=\"LE PUBLIC\" \/>\n<meta property=\"article:published_time\" content=\"2022-11-01T15:34:06+00:00\" \/>\n<meta property=\"article:modified_time\" content=\"2022-11-01T15:34:08+00:00\" \/>\n<meta property=\"og:image\" content=\"https:\/\/www.public.sn\/wp-content\/uploads\/2022\/11\/mz.jpg\" \/>\n\t<meta property=\"og:image:width\" content=\"318\" \/>\n\t<meta property=\"og:image:height\" content=\"159\" \/>\n\t<meta property=\"og:image:type\" content=\"image\/jpeg\" \/>\n<meta name=\"author\" content=\"LA REDACTION\" \/>\n<meta name=\"twitter:card\" content=\"summary_large_image\" \/>\n<meta name=\"twitter:label1\" content=\"\u00c9crit par\" \/>\n\t<meta name=\"twitter:data1\" content=\"LA REDACTION\" \/>\n\t<meta name=\"twitter:label2\" content=\"Dur\u00e9e de lecture estim\u00e9e\" \/>\n\t<meta name=\"twitter:data2\" content=\"1 minute\" \/>\n<script type=\"application\/ld+json\" class=\"yoast-schema-graph\">{\"@context\":\"https:\/\/schema.org\",\"@graph\":[{\"@type\":\"Article\",\"@id\":\"https:\/\/www.public.sn\/index.php\/2022\/11\/01\/cereales-macron-accuse-poutine-de-mettre-en-danger-la-securite-alimentaire\/#article\",\"isPartOf\":{\"@id\":\"https:\/\/www.public.sn\/index.php\/2022\/11\/01\/cereales-macron-accuse-poutine-de-mettre-en-danger-la-securite-alimentaire\/\"},\"author\":{\"name\":\"LA REDACTION\",\"@id\":\"https:\/\/www.public.sn\/#\/schema\/person\/cb76c8e1b8becc6be61fb5e92d6d0224\"},\"headline\":\"C\u00e9r\u00e9ales: Macron accuse Poutine de mettre en danger la s\u00e9curit\u00e9 alimentaire.\",\"datePublished\":\"2022-11-01T15:34:06+00:00\",\"dateModified\":\"2022-11-01T15:34:08+00:00\",\"mainEntityOfPage\":{\"@id\":\"https:\/\/www.public.sn\/index.php\/2022\/11\/01\/cereales-macron-accuse-poutine-de-mettre-en-danger-la-securite-alimentaire\/\"},\"wordCount\":130,\"commentCount\":0,\"publisher\":{\"@id\":\"https:\/\/www.public.sn\/#organization\"},\"image\":{\"@id\":\"https:\/\/www.public.sn\/index.php\/2022\/11\/01\/cereales-macron-accuse-poutine-de-mettre-en-danger-la-securite-alimentaire\/#primaryimage\"},\"thumbnailUrl\":\"https:\/\/www.public.sn\/wp-content\/uploads\/2022\/11\/mz.jpg\",\"keywords\":[\"Guerre Ukraine\",\"Poutine\",\"Russie\"],\"articleSection\":[\"ACTUALIT\u00c9S\",\"AFRIQUE &amp; MONDE\",\"\u00c9CONOMIE\",\"POLITIQUE\"],\"inLanguage\":\"fr-FR\",\"potentialAction\":[{\"@type\":\"CommentAction\",\"name\":\"Comment\",\"target\":[\"https:\/\/www.public.sn\/index.php\/2022\/11\/01\/cereales-macron-accuse-poutine-de-mettre-en-danger-la-securite-alimentaire\/#respond\"]}]},{\"@type\":\"WebPage\",\"@id\":\"https:\/\/www.public.sn\/index.php\/2022\/11\/01\/cereales-macron-accuse-poutine-de-mettre-en-danger-la-securite-alimentaire\/\",\"url\":\"https:\/\/www.public.sn\/index.php\/2022\/11\/01\/cereales-macron-accuse-poutine-de-mettre-en-danger-la-securite-alimentaire\/\",\"name\":\"C\u00e9r\u00e9ales: Macron accuse Poutine de mettre en danger la s\u00e9curit\u00e9 alimentaire. - LE PUBLIC\",\"isPartOf\":{\"@id\":\"https:\/\/www.public.sn\/#website\"},\"primaryImageOfPage\":{\"@id\":\"https:\/\/www.public.sn\/index.php\/2022\/11\/01\/cereales-macron-accuse-poutine-de-mettre-en-danger-la-securite-alimentaire\/#primaryimage\"},\"image\":{\"@id\":\"https:\/\/www.public.sn\/index.php\/2022\/11\/01\/cereales-macron-accuse-poutine-de-mettre-en-danger-la-securite-alimentaire\/#primaryimage\"},\"thumbnailUrl\":\"https:\/\/www.public.sn\/wp-content\/uploads\/2022\/11\/mz.jpg\",\"datePublished\":\"2022-11-01T15:34:06+00:00\",\"dateModified\":\"2022-11-01T15:34:08+00:00\",\"breadcrumb\":{\"@id\":\"https:\/\/www.public.sn\/index.php\/2022\/11\/01\/cereales-macron-accuse-poutine-de-mettre-en-danger-la-securite-alimentaire\/#breadcrumb\"},\"inLanguage\":\"fr-FR\",\"potentialAction\":[{\"@type\":\"ReadAction\",\"target\":[\"https:\/\/www.public.sn\/index.php\/2022\/11\/01\/cereales-macron-accuse-poutine-de-mettre-en-danger-la-securite-alimentaire\/\"]}]},{\"@type\":\"ImageObject\",\"inLanguage\":\"fr-FR\",\"@id\":\"https:\/\/www.public.sn\/index.php\/2022\/11\/01\/cereales-macron-accuse-poutine-de-mettre-en-danger-la-securite-alimentaire\/#primaryimage\",\"url\":\"https:\/\/www.public.sn\/wp-content\/uploads\/2022\/11\/mz.jpg\",\"contentUrl\":\"https:\/\/www.public.sn\/wp-content\/uploads\/2022\/11\/mz.jpg\",\"width\":318,\"height\":159,\"caption\":\"Public Sn\"},{\"@type\":\"BreadcrumbList\",\"@id\":\"https:\/\/www.public.sn\/index.php\/2022\/11\/01\/cereales-macron-accuse-poutine-de-mettre-en-danger-la-securite-alimentaire\/#breadcrumb\",\"itemListElement\":[{\"@type\":\"ListItem\",\"position\":1,\"name\":\"Accueil\",\"item\":\"https:\/\/www.public.sn\/\"},{\"@type\":\"ListItem\",\"position\":2,\"name\":\"C\u00e9r\u00e9ales: Macron accuse Poutine de mettre en danger la s\u00e9curit\u00e9 alimentaire.\"}]},{\"@type\":\"WebSite\",\"@id\":\"https:\/\/www.public.sn\/#website\",\"url\":\"https:\/\/www.public.sn\/\",\"name\":\"LE PUBLIC\",\"description\":\"\",\"publisher\":{\"@id\":\"https:\/\/www.public.sn\/#organization\"},\"potentialAction\":[{\"@type\":\"SearchAction\",\"target\":{\"@type\":\"EntryPoint\",\"urlTemplate\":\"https:\/\/www.public.sn\/?s={search_term_string}\"},\"query-input\":{\"@type\":\"PropertyValueSpecification\",\"valueRequired\":true,\"valueName\":\"search_term_string\"}}],\"inLanguage\":\"fr-FR\"},{\"@type\":\"Organization\",\"@id\":\"https:\/\/www.public.sn\/#organization\",\"name\":\"LE PUBLIC\",\"url\":\"https:\/\/www.public.sn\/\",\"logo\":{\"@type\":\"ImageObject\",\"inLanguage\":\"fr-FR\",\"@id\":\"https:\/\/www.public.sn\/#\/schema\/logo\/image\/\",\"url\":\"https:\/\/www.public.sn\/wp-content\/uploads\/2024\/05\/cropped-LOGO-PUBLIC.SN_.png\",\"contentUrl\":\"https:\/\/www.public.sn\/wp-content\/uploads\/2024\/05\/cropped-LOGO-PUBLIC.SN_.png\",\"width\":682,\"height\":192,\"caption\":\"LE PUBLIC\"},\"image\":{\"@id\":\"https:\/\/www.public.sn\/#\/schema\/logo\/image\/\"}},{\"@type\":\"Person\",\"@id\":\"https:\/\/www.public.sn\/#\/schema\/person\/cb76c8e1b8becc6be61fb5e92d6d0224\",\"name\":\"LA REDACTION\",\"image\":{\"@type\":\"ImageObject\",\"inLanguage\":\"fr-FR\",\"@id\":\"https:\/\/www.public.sn\/#\/schema\/person\/image\/\",\"url\":\"https:\/\/secure.gravatar.com\/avatar\/2dce5ddd34b8fef0180efe03aa2a9bee7d953856048f9a16b298190a3178407c?s=96&d=mm&r=g\",\"contentUrl\":\"https:\/\/secure.gravatar.com\/avatar\/2dce5ddd34b8fef0180efe03aa2a9bee7d953856048f9a16b298190a3178407c?s=96&d=mm&r=g\",\"caption\":\"LA REDACTION\"},\"url\":\"https:\/\/www.public.sn\/index.php\/author\/editeurpsn\/\"}]}<\/script>\n<!-- \/ Yoast SEO plugin. -->","yoast_head_json":{"title":"C\u00e9r\u00e9ales: Macron accuse Poutine de mettre en danger la s\u00e9curit\u00e9 alimentaire. - LE PUBLIC","robots":{"index":"index","follow":"follow","max-snippet":"max-snippet:-1","max-image-preview":"max-image-preview:large","max-video-preview":"max-video-preview:-1"},"canonical":"https:\/\/www.public.sn\/index.php\/2022\/11\/01\/cereales-macron-accuse-poutine-de-mettre-en-danger-la-securite-alimentaire\/","og_locale":"fr_FR","og_type":"article","og_title":"C\u00e9r\u00e9ales: Macron accuse Poutine de mettre en danger la s\u00e9curit\u00e9 alimentaire. - LE PUBLIC","og_description":"La Russie de Vladimir Poutine \u00ab\u00a0nuit \u00e0 la s\u00e9curit\u00e9 alimentaire mondiale\u00a0\u00bb par sa d\u00e9cision de suspendre sa participation \u00e0 l&rsquo;accord permettant d&rsquo;exporter des c\u00e9r\u00e9ales ukrainiennes, a d\u00e9nonc\u00e9 mardi le pr\u00e9sident fran\u00e7ais Emmanuel Macron apr\u00e8s un entretien t\u00e9l\u00e9phonique avec son homologue ukrainien Volodymyr Zelensky. &nbsp; \u00ab\u00a0Les deux pr\u00e9sidents ont \u00e9voqu\u00e9 la suspension par la Russie de la mise en \u0153uvre de l\u2019accord sur l\u2019exportation des c\u00e9r\u00e9ales ukrainiennes par corridor maritime. Le chef de l\u2019Etat a d\u00e9nonc\u00e9 une d\u00e9cision unilat\u00e9rale de la Russie qui nuit de nouveau \u00e0 la s\u00e9curit\u00e9 alimentaire mondiale\u00a0\u00bb, a rapport\u00e9 un communiqu\u00e9 de l&rsquo;Elys\u00e9e. Falil Gadio","og_url":"https:\/\/www.public.sn\/index.php\/2022\/11\/01\/cereales-macron-accuse-poutine-de-mettre-en-danger-la-securite-alimentaire\/","og_site_name":"LE PUBLIC","article_published_time":"2022-11-01T15:34:06+00:00","article_modified_time":"2022-11-01T15:34:08+00:00","og_image":[{"width":318,"height":159,"url":"https:\/\/www.public.sn\/wp-content\/uploads\/2022\/11\/mz.jpg","type":"image\/jpeg"}],"author":"LA REDACTION","twitter_card":"summary_large_image","twitter_misc":{"\u00c9crit par":"LA REDACTION","Dur\u00e9e de lecture estim\u00e9e":"1 minute"},"schema":{"@context":"https:\/\/schema.org","@graph":[{"@type":"Article","@id":"https:\/\/www.public.sn\/index.php\/2022\/11\/01\/cereales-macron-accuse-poutine-de-mettre-en-danger-la-securite-alimentaire\/#article","isPartOf":{"@id":"https:\/\/www.public.sn\/index.php\/2022\/11\/01\/cereales-macron-accuse-poutine-de-mettre-en-danger-la-securite-alimentaire\/"},"author":{"name":"LA REDACTION","@id":"https:\/\/www.public.sn\/#\/schema\/person\/cb76c8e1b8becc6be61fb5e92d6d0224"},"headline":"C\u00e9r\u00e9ales: Macron accuse Poutine de mettre en danger la s\u00e9curit\u00e9 alimentaire.","datePublished":"2022-11-01T15:34:06+00:00","dateModified":"2022-11-01T15:34:08+00:00","mainEntityOfPage":{"@id":"https:\/\/www.public.sn\/index.php\/2022\/11\/01\/cereales-macron-accuse-poutine-de-mettre-en-danger-la-securite-alimentaire\/"},"wordCount":130,"commentCount":0,"publisher":{"@id":"https:\/\/www.public.sn\/#organization"},"image":{"@id":"https:\/\/www.public.sn\/index.php\/2022\/11\/01\/cereales-macron-accuse-poutine-de-mettre-en-danger-la-securite-alimentaire\/#primaryimage"},"thumbnailUrl":"https:\/\/www.public.sn\/wp-content\/uploads\/2022\/11\/mz.jpg","keywords":["Guerre Ukraine","Poutine","Russie"],"articleSection":["ACTUALIT\u00c9S","AFRIQUE &amp; MONDE","\u00c9CONOMIE","POLITIQUE"],"inLanguage":"fr-FR","potentialAction":[{"@type":"CommentAction","name":"Comment","target":["https:\/\/www.public.sn\/index.php\/2022\/11\/01\/cereales-macron-accuse-poutine-de-mettre-en-danger-la-securite-alimentaire\/#respond"]}]},{"@type":"WebPage","@id":"https:\/\/www.public.sn\/index.php\/2022\/11\/01\/cereales-macron-accuse-poutine-de-mettre-en-danger-la-securite-alimentaire\/","url":"https:\/\/www.public.sn\/index.php\/2022\/11\/01\/cereales-macron-accuse-poutine-de-mettre-en-danger-la-securite-alimentaire\/","name":"C\u00e9r\u00e9ales: Macron accuse Poutine de mettre en danger la s\u00e9curit\u00e9 alimentaire. - LE PUBLIC","isPartOf":{"@id":"https:\/\/www.public.sn\/#website"},"primaryImageOfPage":{"@id":"https:\/\/www.public.sn\/index.php\/2022\/11\/01\/cereales-macron-accuse-poutine-de-mettre-en-danger-la-securite-alimentaire\/#primaryimage"},"image":{"@id":"https:\/\/www.public.sn\/index.php\/2022\/11\/01\/cereales-macron-accuse-poutine-de-mettre-en-danger-la-securite-alimentaire\/#primaryimage"},"thumbnailUrl":"https:\/\/www.public.sn\/wp-content\/uploads\/2022\/11\/mz.jpg","datePublished":"2022-11-01T15:34:06+00:00","dateModified":"2022-11-01T15:34:08+00:00","breadcrumb":{"@id":"https:\/\/www.public.sn\/index.php\/2022\/11\/01\/cereales-macron-accuse-poutine-de-mettre-en-danger-la-securite-alimentaire\/#breadcrumb"},"inLanguage":"fr-FR","potentialAction":[{"@type":"ReadAction","target":["https:\/\/www.public.sn\/index.php\/2022\/11\/01\/cereales-macron-accuse-poutine-de-mettre-en-danger-la-securite-alimentaire\/"]}]},{"@type":"ImageObject","inLanguage":"fr-FR","@id":"https:\/\/www.public.sn\/index.php\/2022\/11\/01\/cereales-macron-accuse-poutine-de-mettre-en-danger-la-securite-alimentaire\/#primaryimage","url":"https:\/\/www.public.sn\/wp-content\/uploads\/2022\/11\/mz.jpg","contentUrl":"https:\/\/www.public.sn\/wp-content\/uploads\/2022\/11\/mz.jpg","width":318,"height":159,"caption":"Public Sn"},{"@type":"BreadcrumbList","@id":"https:\/\/www.public.sn\/index.php\/2022\/11\/01\/cereales-macron-accuse-poutine-de-mettre-en-danger-la-securite-alimentaire\/#breadcrumb","itemListElement":[{"@type":"ListItem","position":1,"name":"Accueil","item":"https:\/\/www.public.sn\/"},{"@type":"ListItem","position":2,"name":"C\u00e9r\u00e9ales: Macron accuse Poutine de mettre en danger la s\u00e9curit\u00e9 alimentaire."}]},{"@type":"WebSite","@id":"https:\/\/www.public.sn\/#website","url":"https:\/\/www.public.sn\/","name":"LE PUBLIC","description":"","publisher":{"@id":"https:\/\/www.public.sn\/#organization"},"potentialAction":[{"@type":"SearchAction","target":{"@type":"EntryPoint","urlTemplate":"https:\/\/www.public.sn\/?s={search_term_string}"},"query-input":{"@type":"PropertyValueSpecification","valueRequired":true,"valueName":"search_term_string"}}],"inLanguage":"fr-FR"},{"@type":"Organization","@id":"https:\/\/www.public.sn\/#organization","name":"LE PUBLIC","url":"https:\/\/www.public.sn\/","logo":{"@type":"ImageObject","inLanguage":"fr-FR","@id":"https:\/\/www.public.sn\/#\/schema\/logo\/image\/","url":"https:\/\/www.public.sn\/wp-content\/uploads\/2024\/05\/cropped-LOGO-PUBLIC.SN_.png","contentUrl":"https:\/\/www.public.sn\/wp-content\/uploads\/2024\/05\/cropped-LOGO-PUBLIC.SN_.png","width":682,"height":192,"caption":"LE PUBLIC"},"image":{"@id":"https:\/\/www.public.sn\/#\/schema\/logo\/image\/"}},{"@type":"Person","@id":"https:\/\/www.public.sn\/#\/schema\/person\/cb76c8e1b8becc6be61fb5e92d6d0224","name":"LA REDACTION","image":{"@type":"ImageObject","inLanguage":"fr-FR","@id":"https:\/\/www.public.sn\/#\/schema\/person\/image\/","url":"https:\/\/secure.gravatar.com\/avatar\/2dce5ddd34b8fef0180efe03aa2a9bee7d953856048f9a16b298190a3178407c?s=96&d=mm&r=g","contentUrl":"https:\/\/secure.gravatar.com\/avatar\/2dce5ddd34b8fef0180efe03aa2a9bee7d953856048f9a16b298190a3178407c?s=96&d=mm&r=g","caption":"LA REDACTION"},"url":"https:\/\/www.public.sn\/index.php\/author\/editeurpsn\/"}]}},"jetpack_featured_media_url":"https:\/\/www.public.sn\/wp-content\/uploads\/2022\/11\/mz.jpg","jetpack_sharing_enabled":true,"_links":{"self":[{"href":"https:\/\/www.public.sn\/index.php\/wp-json\/wp\/v2\/posts\/6583","targetHints":{"allow":["GET"]}}],"collection":[{"href":"https:\/\/www.public.sn\/index.php\/wp-json\/wp\/v2\/posts"}],"about":[{"href":"https:\/\/www.public.sn\/index.php\/wp-json\/wp\/v2\/types\/post"}],"author":[{"embeddable":true,"href":"https:\/\/www.public.sn\/index.php\/wp-json\/wp\/v2\/users\/7"}],"replies":[{"embeddable":true,"href":"https:\/\/www.public.sn\/index.php\/wp-json\/wp\/v2\/comments?post=6583"}],"version-history":[{"count":2,"href":"https:\/\/www.public.sn\/index.php\/wp-json\/wp\/v2\/posts\/6583\/revisions"}],"predecessor-version":[{"id":6586,"href":"https:\/\/www.public.sn\/index.php\/wp-json\/wp\/v2\/posts\/6583\/revisions\/6586"}],"wp:featuredmedia":[{"embeddable":true,"href":"https:\/\/www.public.sn\/index.php\/wp-json\/wp\/v2\/media\/6584"}],"wp:attachment":[{"href":"https:\/\/www.public.sn\/index.php\/wp-json\/wp\/v2\/media?parent=6583"}],"wp:term":[{"taxonomy":"category","embeddable":true,"href":"https:\/\/www.public.sn\/index.php\/wp-json\/wp\/v2\/categories?post=6583"},{"taxonomy":"post_tag","embeddable":true,"href":"https:\/\/www.public.sn\/index.php\/wp-json\/wp\/v2\/tags?post=6583"}],"curies":[{"name":"wp","href":"https:\/\/api.w.org\/{rel}","templated":true}]}}