{"id":6587,"date":"2022-11-01T16:55:38","date_gmt":"2022-11-01T16:55:38","guid":{"rendered":"https:\/\/www.public.sn\/?p=6587"},"modified":"2022-11-01T16:55:54","modified_gmt":"2022-11-01T16:55:54","slug":"sortie-de-ismaila-madior-fall-sur-letat-de-droit-replique-de-seydi-gassama","status":"publish","type":"post","link":"https:\/\/www.public.sn\/index.php\/2022\/11\/01\/sortie-de-ismaila-madior-fall-sur-letat-de-droit-replique-de-seydi-gassama\/","title":{"rendered":"Sortie de Ismaila Madior Fall\u00a0sur l\u2019Etat de droit: R\u00e9plique de Seydi Gassama."},"content":{"rendered":"\n<p><\/p>\n\n\n\n<p>Le Garde des Sceaux a signifi\u00e9 \u00e0 Callamard que \u00ab\u00a0le S\u00e9n\u00e9gal n\u2019a jamais manqu\u00e9 au respect de ces principes comme le d\u00e9montrent les statistiques relatives \u00e0 l\u2019exercice des libert\u00e9s publiques des quatre derni\u00e8res ann\u00e9es avec les pourcentages d\u2019interdiction de manifestation sur la voie publique et de r\u00e9unions publiques\u00a0\u00bb. Telle \u00e9tait la r\u00e9ponse du ministre de la Justice suite \u00e0 la conf\u00e9rence de presse de la secr\u00e9taire g\u00e9n\u00e9rale de Amnesty Internationale qui d\u00e9non\u00e7ait les violations des droits de l\u2019homme au S\u00e9n\u00e9gal ainsi que la suite r\u00e9serv\u00e9e au dossier sur les morts de Mars 2011.<\/p><div class=\"publi-paragraphe1\" style=\"margin-top: 10px;margin-bottom: 10px;margin-left: auto;margin-right: auto;text-align: center;\" id=\"publi-370694093\"><div class=\"publi-adlabel\">Publicit\u00e9<\/div><script async src=\"\/\/pagead2.googlesyndication.com\/pagead\/js\/adsbygoogle.js?client=ca-pub-4089586018074219\" crossorigin=\"anonymous\"><\/script><ins class=\"adsbygoogle\" style=\"display:block;\" data-ad-client=\"ca-pub-4089586018074219\" \ndata-ad-slot=\"2087940154\" \ndata-ad-format=\"auto\"><\/ins>\n<script> \n(adsbygoogle = window.adsbygoogle || []).push({}); \n<\/script>\n<\/div>\n\n\n\n<p><\/p>\n\n\n\n<p>Aujourd\u2019hui c\u2019est \u00a0Seydi Gassama d\u2019Amnesty international qui apporte la r\u00e9plique en parlant d\u2019une.\u00a0 \u00abUne Commission d\u2019enqu\u00eate annonc\u00e9e en grande pompe apr\u00e8s les \u00e9v\u00e9nements de mars 2021 et qui n\u2019existe pas. Aucun acte la cr\u00e9ant n\u2019a \u00e9t\u00e9 publi\u00e9. Des victimes et des familles de victimes qui ont port\u00e9 plainte depuis plus d\u2019un an sans qu\u2019aucun acte d\u2019instruction n\u2019ait \u00e9t\u00e9 pos\u00e9. Des statistiques sur les manifestations qui taisent les interdictions des manifestations de l\u2019opposition en p\u00e9riode pr\u00e9\u00e9lectorale; ce qui constitue une grave atteinte \u00e0 l\u2019exercice des droits civils et politiques. Le respect des droits est une obligation, pas une option\u00bb.<\/p>\n\n\n\n<p><\/p>\n\n\n\n<p>\u00abPol\u00e9miquer avec les ONG ou prof\u00e9rer des menaces, ce qui est plut\u00f4t inhabituel de la part des \u00c9tats d\u00e9mocratiques, n\u2019am\u00e9liorera pas le bilan de l\u2019\u00c9tat du S\u00e9n\u00e9gal en mati\u00e8re des droits humains \u00bb, d\u00e9plore-t-il. Avant d\u2019ajouter : \u00abIl faut des actes, des instructions \u00e0 tous les niveaux de l\u2019\u00c9tat pour leur respect \u00bb.<\/p>\n\n\n\n<p>Samba SY.<\/p>\n<div class=\"publi-apres-le-contenu\" style=\"margin-top: 10px;margin-bottom: 10px;margin-left: auto;margin-right: auto;text-align: center;\" id=\"publi-3646832503\"><div class=\"publi-adlabel\">Publicit\u00e9<\/div><script async src=\"\/\/pagead2.googlesyndication.com\/pagead\/js\/adsbygoogle.js?client=ca-pub-4089586018074219\" crossorigin=\"anonymous\"><\/script><ins class=\"adsbygoogle\" style=\"display:block;\" data-ad-client=\"ca-pub-4089586018074219\" \ndata-ad-slot=\"2087940154\" \ndata-ad-format=\"auto\"><\/ins>\n<script> \n(adsbygoogle = window.adsbygoogle || []).push({}); \n<\/script>\n<\/div>","protected":false},"excerpt":{"rendered":"<p>Le Garde des Sceaux a signifi\u00e9 \u00e0 Callamard que \u00ab\u00a0le S\u00e9n\u00e9gal n\u2019a jamais manqu\u00e9 au respect de ces principes comme le d\u00e9montrent les statistiques relatives \u00e0 l\u2019exercice des libert\u00e9s publiques des quatre derni\u00e8res ann\u00e9es avec les pourcentages d\u2019interdiction de manifestation sur la voie publique et de r\u00e9unions publiques\u00a0\u00bb. Telle \u00e9tait la r\u00e9ponse du ministre de la Justice suite \u00e0 la conf\u00e9rence de presse de la secr\u00e9taire g\u00e9n\u00e9rale de Amnesty Internationale qui d\u00e9non\u00e7ait les violations des droits de l\u2019homme au S\u00e9n\u00e9gal ainsi que la suite r\u00e9serv\u00e9e au dossier sur les morts de Mars 2011. Aujourd\u2019hui c\u2019est \u00a0Seydi Gassama d\u2019Amnesty international qui apporte la r\u00e9plique en parlant d\u2019une.\u00a0 \u00abUne Commission d\u2019enqu\u00eate annonc\u00e9e en grande pompe apr\u00e8s les \u00e9v\u00e9nements de mars 2021 et qui n\u2019existe pas. Aucun acte la cr\u00e9ant n\u2019a \u00e9t\u00e9 publi\u00e9. Des victimes et des familles de victimes qui ont port\u00e9 plainte depuis plus d\u2019un an sans qu\u2019aucun acte d\u2019instruction n\u2019ait \u00e9t\u00e9 pos\u00e9. Des statistiques sur les manifestations qui taisent les interdictions des manifestations de l\u2019opposition en p\u00e9riode pr\u00e9\u00e9lectorale; ce qui constitue une grave atteinte \u00e0 l\u2019exercice des droits civils et politiques. Le respect des droits est une obligation, pas une option\u00bb. \u00abPol\u00e9miquer avec les ONG ou prof\u00e9rer des menaces, ce qui est plut\u00f4t inhabituel de la part des \u00c9tats d\u00e9mocratiques, n\u2019am\u00e9liorera pas le bilan de l\u2019\u00c9tat du S\u00e9n\u00e9gal en mati\u00e8re des droits humains \u00bb, d\u00e9plore-t-il. Avant d\u2019ajouter : \u00abIl faut des actes, des instructions \u00e0 tous les niveaux de l\u2019\u00c9tat pour leur respect \u00bb. Samba SY.<\/p>\n","protected":false},"author":7,"featured_media":6589,"comment_status":"open","ping_status":"open","sticky":false,"template":"","format":"standard","meta":{"_jetpack_memberships_contains_paid_content":false,"footnotes":""},"categories":[375,3,1],"tags":[574,2305,2066],"class_list":["post-6587","post","type-post","status-publish","format-standard","has-post-thumbnail","hentry","category-actualites","category-politique","category-non-classe","tag-ismaila-madior-fall","tag-replique-sortie","tag-seydi-gassama","entry","has-media","owp-thumbs-layout-horizontal","owp-btn-normal","owp-tabs-layout-horizontal","has-no-thumbnails","has-product-nav"],"yoast_head":"<!-- This site is optimized with the Yoast SEO plugin v25.5 - https:\/\/yoast.com\/wordpress\/plugins\/seo\/ -->\n<title>Sortie de Ismaila Madior Fall\u00a0sur l\u2019Etat de droit: R\u00e9plique de Seydi Gassama. - LE PUBLIC<\/title>\n<meta name=\"robots\" content=\"index, follow, max-snippet:-1, max-image-preview:large, max-video-preview:-1\" \/>\n<link rel=\"canonical\" href=\"https:\/\/www.public.sn\/index.php\/2022\/11\/01\/sortie-de-ismaila-madior-fall-sur-letat-de-droit-replique-de-seydi-gassama\/\" \/>\n<meta property=\"og:locale\" content=\"fr_FR\" \/>\n<meta property=\"og:type\" content=\"article\" \/>\n<meta property=\"og:title\" content=\"Sortie de Ismaila Madior Fall\u00a0sur l\u2019Etat de droit: R\u00e9plique de Seydi Gassama. - LE PUBLIC\" \/>\n<meta property=\"og:description\" content=\"Le Garde des Sceaux a signifi\u00e9 \u00e0 Callamard que \u00ab\u00a0le S\u00e9n\u00e9gal n\u2019a jamais manqu\u00e9 au respect de ces principes comme le d\u00e9montrent les statistiques relatives \u00e0 l\u2019exercice des libert\u00e9s publiques des quatre derni\u00e8res ann\u00e9es avec les pourcentages d\u2019interdiction de manifestation sur la voie publique et de r\u00e9unions publiques\u00a0\u00bb. Telle \u00e9tait la r\u00e9ponse du ministre de la Justice suite \u00e0 la conf\u00e9rence de presse de la secr\u00e9taire g\u00e9n\u00e9rale de Amnesty Internationale qui d\u00e9non\u00e7ait les violations des droits de l\u2019homme au S\u00e9n\u00e9gal ainsi que la suite r\u00e9serv\u00e9e au dossier sur les morts de Mars 2011. Aujourd\u2019hui c\u2019est \u00a0Seydi Gassama d\u2019Amnesty international qui apporte la r\u00e9plique en parlant d\u2019une.\u00a0 \u00abUne Commission d\u2019enqu\u00eate annonc\u00e9e en grande pompe apr\u00e8s les \u00e9v\u00e9nements de mars 2021 et qui n\u2019existe pas. Aucun acte la cr\u00e9ant n\u2019a \u00e9t\u00e9 publi\u00e9. Des victimes et des familles de victimes qui ont port\u00e9 plainte depuis plus d\u2019un an sans qu\u2019aucun acte d\u2019instruction n\u2019ait \u00e9t\u00e9 pos\u00e9. Des statistiques sur les manifestations qui taisent les interdictions des manifestations de l\u2019opposition en p\u00e9riode pr\u00e9\u00e9lectorale; ce qui constitue une grave atteinte \u00e0 l\u2019exercice des droits civils et politiques. Le respect des droits est une obligation, pas une option\u00bb. \u00abPol\u00e9miquer avec les ONG ou prof\u00e9rer des menaces, ce qui est plut\u00f4t inhabituel de la part des \u00c9tats d\u00e9mocratiques, n\u2019am\u00e9liorera pas le bilan de l\u2019\u00c9tat du S\u00e9n\u00e9gal en mati\u00e8re des droits humains \u00bb, d\u00e9plore-t-il. Avant d\u2019ajouter : \u00abIl faut des actes, des instructions \u00e0 tous les niveaux de l\u2019\u00c9tat pour leur respect \u00bb. Samba SY.\" \/>\n<meta property=\"og:url\" content=\"https:\/\/www.public.sn\/index.php\/2022\/11\/01\/sortie-de-ismaila-madior-fall-sur-letat-de-droit-replique-de-seydi-gassama\/\" \/>\n<meta property=\"og:site_name\" content=\"LE PUBLIC\" \/>\n<meta property=\"article:published_time\" content=\"2022-11-01T16:55:38+00:00\" \/>\n<meta property=\"article:modified_time\" content=\"2022-11-01T16:55:54+00:00\" \/>\n<meta property=\"og:image\" content=\"https:\/\/www.public.sn\/wp-content\/uploads\/2022\/11\/seydi-gassama.webp\" \/>\n\t<meta property=\"og:image:width\" content=\"612\" \/>\n\t<meta property=\"og:image:height\" content=\"298\" \/>\n\t<meta property=\"og:image:type\" content=\"image\/webp\" \/>\n<meta name=\"author\" content=\"LA REDACTION\" \/>\n<meta name=\"twitter:card\" content=\"summary_large_image\" \/>\n<meta name=\"twitter:label1\" content=\"\u00c9crit par\" \/>\n\t<meta name=\"twitter:data1\" content=\"LA REDACTION\" \/>\n\t<meta name=\"twitter:label2\" content=\"Dur\u00e9e de lecture estim\u00e9e\" \/>\n\t<meta name=\"twitter:data2\" content=\"2 minutes\" \/>\n<script type=\"application\/ld+json\" class=\"yoast-schema-graph\">{\"@context\":\"https:\/\/schema.org\",\"@graph\":[{\"@type\":\"Article\",\"@id\":\"https:\/\/www.public.sn\/index.php\/2022\/11\/01\/sortie-de-ismaila-madior-fall-sur-letat-de-droit-replique-de-seydi-gassama\/#article\",\"isPartOf\":{\"@id\":\"https:\/\/www.public.sn\/index.php\/2022\/11\/01\/sortie-de-ismaila-madior-fall-sur-letat-de-droit-replique-de-seydi-gassama\/\"},\"author\":{\"name\":\"LA REDACTION\",\"@id\":\"https:\/\/www.public.sn\/#\/schema\/person\/cb76c8e1b8becc6be61fb5e92d6d0224\"},\"headline\":\"Sortie de Ismaila Madior Fall\u00a0sur l\u2019Etat de droit: R\u00e9plique de Seydi Gassama.\",\"datePublished\":\"2022-11-01T16:55:38+00:00\",\"dateModified\":\"2022-11-01T16:55:54+00:00\",\"mainEntityOfPage\":{\"@id\":\"https:\/\/www.public.sn\/index.php\/2022\/11\/01\/sortie-de-ismaila-madior-fall-sur-letat-de-droit-replique-de-seydi-gassama\/\"},\"wordCount\":307,\"commentCount\":0,\"publisher\":{\"@id\":\"https:\/\/www.public.sn\/#organization\"},\"image\":{\"@id\":\"https:\/\/www.public.sn\/index.php\/2022\/11\/01\/sortie-de-ismaila-madior-fall-sur-letat-de-droit-replique-de-seydi-gassama\/#primaryimage\"},\"thumbnailUrl\":\"https:\/\/www.public.sn\/wp-content\/uploads\/2022\/11\/seydi-gassama.webp\",\"keywords\":[\"Ismaila Madior Fall\",\"replique sortie\",\"seydi gassama\"],\"articleSection\":[\"ACTUALIT\u00c9S\",\"POLITIQUE\",\"S\u00c9N\u00c9GAL\"],\"inLanguage\":\"fr-FR\",\"potentialAction\":[{\"@type\":\"CommentAction\",\"name\":\"Comment\",\"target\":[\"https:\/\/www.public.sn\/index.php\/2022\/11\/01\/sortie-de-ismaila-madior-fall-sur-letat-de-droit-replique-de-seydi-gassama\/#respond\"]}]},{\"@type\":\"WebPage\",\"@id\":\"https:\/\/www.public.sn\/index.php\/2022\/11\/01\/sortie-de-ismaila-madior-fall-sur-letat-de-droit-replique-de-seydi-gassama\/\",\"url\":\"https:\/\/www.public.sn\/index.php\/2022\/11\/01\/sortie-de-ismaila-madior-fall-sur-letat-de-droit-replique-de-seydi-gassama\/\",\"name\":\"Sortie de Ismaila Madior Fall\u00a0sur l\u2019Etat de droit: R\u00e9plique de Seydi Gassama. - LE PUBLIC\",\"isPartOf\":{\"@id\":\"https:\/\/www.public.sn\/#website\"},\"primaryImageOfPage\":{\"@id\":\"https:\/\/www.public.sn\/index.php\/2022\/11\/01\/sortie-de-ismaila-madior-fall-sur-letat-de-droit-replique-de-seydi-gassama\/#primaryimage\"},\"image\":{\"@id\":\"https:\/\/www.public.sn\/index.php\/2022\/11\/01\/sortie-de-ismaila-madior-fall-sur-letat-de-droit-replique-de-seydi-gassama\/#primaryimage\"},\"thumbnailUrl\":\"https:\/\/www.public.sn\/wp-content\/uploads\/2022\/11\/seydi-gassama.webp\",\"datePublished\":\"2022-11-01T16:55:38+00:00\",\"dateModified\":\"2022-11-01T16:55:54+00:00\",\"breadcrumb\":{\"@id\":\"https:\/\/www.public.sn\/index.php\/2022\/11\/01\/sortie-de-ismaila-madior-fall-sur-letat-de-droit-replique-de-seydi-gassama\/#breadcrumb\"},\"inLanguage\":\"fr-FR\",\"potentialAction\":[{\"@type\":\"ReadAction\",\"target\":[\"https:\/\/www.public.sn\/index.php\/2022\/11\/01\/sortie-de-ismaila-madior-fall-sur-letat-de-droit-replique-de-seydi-gassama\/\"]}]},{\"@type\":\"ImageObject\",\"inLanguage\":\"fr-FR\",\"@id\":\"https:\/\/www.public.sn\/index.php\/2022\/11\/01\/sortie-de-ismaila-madior-fall-sur-letat-de-droit-replique-de-seydi-gassama\/#primaryimage\",\"url\":\"https:\/\/www.public.sn\/wp-content\/uploads\/2022\/11\/seydi-gassama.webp\",\"contentUrl\":\"https:\/\/www.public.sn\/wp-content\/uploads\/2022\/11\/seydi-gassama.webp\",\"width\":612,\"height\":298,\"caption\":\"publicsn\"},{\"@type\":\"BreadcrumbList\",\"@id\":\"https:\/\/www.public.sn\/index.php\/2022\/11\/01\/sortie-de-ismaila-madior-fall-sur-letat-de-droit-replique-de-seydi-gassama\/#breadcrumb\",\"itemListElement\":[{\"@type\":\"ListItem\",\"position\":1,\"name\":\"Accueil\",\"item\":\"https:\/\/www.public.sn\/\"},{\"@type\":\"ListItem\",\"position\":2,\"name\":\"Sortie de Ismaila Madior Fall\u00a0sur l\u2019Etat de droit: R\u00e9plique de Seydi Gassama.\"}]},{\"@type\":\"WebSite\",\"@id\":\"https:\/\/www.public.sn\/#website\",\"url\":\"https:\/\/www.public.sn\/\",\"name\":\"LE PUBLIC\",\"description\":\"\",\"publisher\":{\"@id\":\"https:\/\/www.public.sn\/#organization\"},\"potentialAction\":[{\"@type\":\"SearchAction\",\"target\":{\"@type\":\"EntryPoint\",\"urlTemplate\":\"https:\/\/www.public.sn\/?s={search_term_string}\"},\"query-input\":{\"@type\":\"PropertyValueSpecification\",\"valueRequired\":true,\"valueName\":\"search_term_string\"}}],\"inLanguage\":\"fr-FR\"},{\"@type\":\"Organization\",\"@id\":\"https:\/\/www.public.sn\/#organization\",\"name\":\"LE PUBLIC\",\"url\":\"https:\/\/www.public.sn\/\",\"logo\":{\"@type\":\"ImageObject\",\"inLanguage\":\"fr-FR\",\"@id\":\"https:\/\/www.public.sn\/#\/schema\/logo\/image\/\",\"url\":\"https:\/\/www.public.sn\/wp-content\/uploads\/2024\/05\/cropped-LOGO-PUBLIC.SN_.png\",\"contentUrl\":\"https:\/\/www.public.sn\/wp-content\/uploads\/2024\/05\/cropped-LOGO-PUBLIC.SN_.png\",\"width\":682,\"height\":192,\"caption\":\"LE PUBLIC\"},\"image\":{\"@id\":\"https:\/\/www.public.sn\/#\/schema\/logo\/image\/\"}},{\"@type\":\"Person\",\"@id\":\"https:\/\/www.public.sn\/#\/schema\/person\/cb76c8e1b8becc6be61fb5e92d6d0224\",\"name\":\"LA REDACTION\",\"image\":{\"@type\":\"ImageObject\",\"inLanguage\":\"fr-FR\",\"@id\":\"https:\/\/www.public.sn\/#\/schema\/person\/image\/\",\"url\":\"https:\/\/secure.gravatar.com\/avatar\/2dce5ddd34b8fef0180efe03aa2a9bee7d953856048f9a16b298190a3178407c?s=96&d=mm&r=g\",\"contentUrl\":\"https:\/\/secure.gravatar.com\/avatar\/2dce5ddd34b8fef0180efe03aa2a9bee7d953856048f9a16b298190a3178407c?s=96&d=mm&r=g\",\"caption\":\"LA REDACTION\"},\"url\":\"https:\/\/www.public.sn\/index.php\/author\/editeurpsn\/\"}]}<\/script>\n<!-- \/ Yoast SEO plugin. -->","yoast_head_json":{"title":"Sortie de Ismaila Madior Fall\u00a0sur l\u2019Etat de droit: R\u00e9plique de Seydi Gassama. - LE PUBLIC","robots":{"index":"index","follow":"follow","max-snippet":"max-snippet:-1","max-image-preview":"max-image-preview:large","max-video-preview":"max-video-preview:-1"},"canonical":"https:\/\/www.public.sn\/index.php\/2022\/11\/01\/sortie-de-ismaila-madior-fall-sur-letat-de-droit-replique-de-seydi-gassama\/","og_locale":"fr_FR","og_type":"article","og_title":"Sortie de Ismaila Madior Fall\u00a0sur l\u2019Etat de droit: R\u00e9plique de Seydi Gassama. - LE PUBLIC","og_description":"Le Garde des Sceaux a signifi\u00e9 \u00e0 Callamard que \u00ab\u00a0le S\u00e9n\u00e9gal n\u2019a jamais manqu\u00e9 au respect de ces principes comme le d\u00e9montrent les statistiques relatives \u00e0 l\u2019exercice des libert\u00e9s publiques des quatre derni\u00e8res ann\u00e9es avec les pourcentages d\u2019interdiction de manifestation sur la voie publique et de r\u00e9unions publiques\u00a0\u00bb. Telle \u00e9tait la r\u00e9ponse du ministre de la Justice suite \u00e0 la conf\u00e9rence de presse de la secr\u00e9taire g\u00e9n\u00e9rale de Amnesty Internationale qui d\u00e9non\u00e7ait les violations des droits de l\u2019homme au S\u00e9n\u00e9gal ainsi que la suite r\u00e9serv\u00e9e au dossier sur les morts de Mars 2011. Aujourd\u2019hui c\u2019est \u00a0Seydi Gassama d\u2019Amnesty international qui apporte la r\u00e9plique en parlant d\u2019une.\u00a0 \u00abUne Commission d\u2019enqu\u00eate annonc\u00e9e en grande pompe apr\u00e8s les \u00e9v\u00e9nements de mars 2021 et qui n\u2019existe pas. Aucun acte la cr\u00e9ant n\u2019a \u00e9t\u00e9 publi\u00e9. Des victimes et des familles de victimes qui ont port\u00e9 plainte depuis plus d\u2019un an sans qu\u2019aucun acte d\u2019instruction n\u2019ait \u00e9t\u00e9 pos\u00e9. Des statistiques sur les manifestations qui taisent les interdictions des manifestations de l\u2019opposition en p\u00e9riode pr\u00e9\u00e9lectorale; ce qui constitue une grave atteinte \u00e0 l\u2019exercice des droits civils et politiques. Le respect des droits est une obligation, pas une option\u00bb. \u00abPol\u00e9miquer avec les ONG ou prof\u00e9rer des menaces, ce qui est plut\u00f4t inhabituel de la part des \u00c9tats d\u00e9mocratiques, n\u2019am\u00e9liorera pas le bilan de l\u2019\u00c9tat du S\u00e9n\u00e9gal en mati\u00e8re des droits humains \u00bb, d\u00e9plore-t-il. Avant d\u2019ajouter : \u00abIl faut des actes, des instructions \u00e0 tous les niveaux de l\u2019\u00c9tat pour leur respect \u00bb. Samba SY.","og_url":"https:\/\/www.public.sn\/index.php\/2022\/11\/01\/sortie-de-ismaila-madior-fall-sur-letat-de-droit-replique-de-seydi-gassama\/","og_site_name":"LE PUBLIC","article_published_time":"2022-11-01T16:55:38+00:00","article_modified_time":"2022-11-01T16:55:54+00:00","og_image":[{"width":612,"height":298,"url":"https:\/\/www.public.sn\/wp-content\/uploads\/2022\/11\/seydi-gassama.webp","type":"image\/webp"}],"author":"LA REDACTION","twitter_card":"summary_large_image","twitter_misc":{"\u00c9crit par":"LA REDACTION","Dur\u00e9e de lecture estim\u00e9e":"2 minutes"},"schema":{"@context":"https:\/\/schema.org","@graph":[{"@type":"Article","@id":"https:\/\/www.public.sn\/index.php\/2022\/11\/01\/sortie-de-ismaila-madior-fall-sur-letat-de-droit-replique-de-seydi-gassama\/#article","isPartOf":{"@id":"https:\/\/www.public.sn\/index.php\/2022\/11\/01\/sortie-de-ismaila-madior-fall-sur-letat-de-droit-replique-de-seydi-gassama\/"},"author":{"name":"LA REDACTION","@id":"https:\/\/www.public.sn\/#\/schema\/person\/cb76c8e1b8becc6be61fb5e92d6d0224"},"headline":"Sortie de Ismaila Madior Fall\u00a0sur l\u2019Etat de droit: R\u00e9plique de Seydi Gassama.","datePublished":"2022-11-01T16:55:38+00:00","dateModified":"2022-11-01T16:55:54+00:00","mainEntityOfPage":{"@id":"https:\/\/www.public.sn\/index.php\/2022\/11\/01\/sortie-de-ismaila-madior-fall-sur-letat-de-droit-replique-de-seydi-gassama\/"},"wordCount":307,"commentCount":0,"publisher":{"@id":"https:\/\/www.public.sn\/#organization"},"image":{"@id":"https:\/\/www.public.sn\/index.php\/2022\/11\/01\/sortie-de-ismaila-madior-fall-sur-letat-de-droit-replique-de-seydi-gassama\/#primaryimage"},"thumbnailUrl":"https:\/\/www.public.sn\/wp-content\/uploads\/2022\/11\/seydi-gassama.webp","keywords":["Ismaila Madior Fall","replique sortie","seydi gassama"],"articleSection":["ACTUALIT\u00c9S","POLITIQUE","S\u00c9N\u00c9GAL"],"inLanguage":"fr-FR","potentialAction":[{"@type":"CommentAction","name":"Comment","target":["https:\/\/www.public.sn\/index.php\/2022\/11\/01\/sortie-de-ismaila-madior-fall-sur-letat-de-droit-replique-de-seydi-gassama\/#respond"]}]},{"@type":"WebPage","@id":"https:\/\/www.public.sn\/index.php\/2022\/11\/01\/sortie-de-ismaila-madior-fall-sur-letat-de-droit-replique-de-seydi-gassama\/","url":"https:\/\/www.public.sn\/index.php\/2022\/11\/01\/sortie-de-ismaila-madior-fall-sur-letat-de-droit-replique-de-seydi-gassama\/","name":"Sortie de Ismaila Madior Fall\u00a0sur l\u2019Etat de droit: R\u00e9plique de Seydi Gassama. - LE PUBLIC","isPartOf":{"@id":"https:\/\/www.public.sn\/#website"},"primaryImageOfPage":{"@id":"https:\/\/www.public.sn\/index.php\/2022\/11\/01\/sortie-de-ismaila-madior-fall-sur-letat-de-droit-replique-de-seydi-gassama\/#primaryimage"},"image":{"@id":"https:\/\/www.public.sn\/index.php\/2022\/11\/01\/sortie-de-ismaila-madior-fall-sur-letat-de-droit-replique-de-seydi-gassama\/#primaryimage"},"thumbnailUrl":"https:\/\/www.public.sn\/wp-content\/uploads\/2022\/11\/seydi-gassama.webp","datePublished":"2022-11-01T16:55:38+00:00","dateModified":"2022-11-01T16:55:54+00:00","breadcrumb":{"@id":"https:\/\/www.public.sn\/index.php\/2022\/11\/01\/sortie-de-ismaila-madior-fall-sur-letat-de-droit-replique-de-seydi-gassama\/#breadcrumb"},"inLanguage":"fr-FR","potentialAction":[{"@type":"ReadAction","target":["https:\/\/www.public.sn\/index.php\/2022\/11\/01\/sortie-de-ismaila-madior-fall-sur-letat-de-droit-replique-de-seydi-gassama\/"]}]},{"@type":"ImageObject","inLanguage":"fr-FR","@id":"https:\/\/www.public.sn\/index.php\/2022\/11\/01\/sortie-de-ismaila-madior-fall-sur-letat-de-droit-replique-de-seydi-gassama\/#primaryimage","url":"https:\/\/www.public.sn\/wp-content\/uploads\/2022\/11\/seydi-gassama.webp","contentUrl":"https:\/\/www.public.sn\/wp-content\/uploads\/2022\/11\/seydi-gassama.webp","width":612,"height":298,"caption":"publicsn"},{"@type":"BreadcrumbList","@id":"https:\/\/www.public.sn\/index.php\/2022\/11\/01\/sortie-de-ismaila-madior-fall-sur-letat-de-droit-replique-de-seydi-gassama\/#breadcrumb","itemListElement":[{"@type":"ListItem","position":1,"name":"Accueil","item":"https:\/\/www.public.sn\/"},{"@type":"ListItem","position":2,"name":"Sortie de Ismaila Madior Fall\u00a0sur l\u2019Etat de droit: R\u00e9plique de Seydi Gassama."}]},{"@type":"WebSite","@id":"https:\/\/www.public.sn\/#website","url":"https:\/\/www.public.sn\/","name":"LE PUBLIC","description":"","publisher":{"@id":"https:\/\/www.public.sn\/#organization"},"potentialAction":[{"@type":"SearchAction","target":{"@type":"EntryPoint","urlTemplate":"https:\/\/www.public.sn\/?s={search_term_string}"},"query-input":{"@type":"PropertyValueSpecification","valueRequired":true,"valueName":"search_term_string"}}],"inLanguage":"fr-FR"},{"@type":"Organization","@id":"https:\/\/www.public.sn\/#organization","name":"LE PUBLIC","url":"https:\/\/www.public.sn\/","logo":{"@type":"ImageObject","inLanguage":"fr-FR","@id":"https:\/\/www.public.sn\/#\/schema\/logo\/image\/","url":"https:\/\/www.public.sn\/wp-content\/uploads\/2024\/05\/cropped-LOGO-PUBLIC.SN_.png","contentUrl":"https:\/\/www.public.sn\/wp-content\/uploads\/2024\/05\/cropped-LOGO-PUBLIC.SN_.png","width":682,"height":192,"caption":"LE PUBLIC"},"image":{"@id":"https:\/\/www.public.sn\/#\/schema\/logo\/image\/"}},{"@type":"Person","@id":"https:\/\/www.public.sn\/#\/schema\/person\/cb76c8e1b8becc6be61fb5e92d6d0224","name":"LA REDACTION","image":{"@type":"ImageObject","inLanguage":"fr-FR","@id":"https:\/\/www.public.sn\/#\/schema\/person\/image\/","url":"https:\/\/secure.gravatar.com\/avatar\/2dce5ddd34b8fef0180efe03aa2a9bee7d953856048f9a16b298190a3178407c?s=96&d=mm&r=g","contentUrl":"https:\/\/secure.gravatar.com\/avatar\/2dce5ddd34b8fef0180efe03aa2a9bee7d953856048f9a16b298190a3178407c?s=96&d=mm&r=g","caption":"LA REDACTION"},"url":"https:\/\/www.public.sn\/index.php\/author\/editeurpsn\/"}]}},"jetpack_featured_media_url":"https:\/\/www.public.sn\/wp-content\/uploads\/2022\/11\/seydi-gassama.webp","jetpack_sharing_enabled":true,"_links":{"self":[{"href":"https:\/\/www.public.sn\/index.php\/wp-json\/wp\/v2\/posts\/6587","targetHints":{"allow":["GET"]}}],"collection":[{"href":"https:\/\/www.public.sn\/index.php\/wp-json\/wp\/v2\/posts"}],"about":[{"href":"https:\/\/www.public.sn\/index.php\/wp-json\/wp\/v2\/types\/post"}],"author":[{"embeddable":true,"href":"https:\/\/www.public.sn\/index.php\/wp-json\/wp\/v2\/users\/7"}],"replies":[{"embeddable":true,"href":"https:\/\/www.public.sn\/index.php\/wp-json\/wp\/v2\/comments?post=6587"}],"version-history":[{"count":1,"href":"https:\/\/www.public.sn\/index.php\/wp-json\/wp\/v2\/posts\/6587\/revisions"}],"predecessor-version":[{"id":6590,"href":"https:\/\/www.public.sn\/index.php\/wp-json\/wp\/v2\/posts\/6587\/revisions\/6590"}],"wp:featuredmedia":[{"embeddable":true,"href":"https:\/\/www.public.sn\/index.php\/wp-json\/wp\/v2\/media\/6589"}],"wp:attachment":[{"href":"https:\/\/www.public.sn\/index.php\/wp-json\/wp\/v2\/media?parent=6587"}],"wp:term":[{"taxonomy":"category","embeddable":true,"href":"https:\/\/www.public.sn\/index.php\/wp-json\/wp\/v2\/categories?post=6587"},{"taxonomy":"post_tag","embeddable":true,"href":"https:\/\/www.public.sn\/index.php\/wp-json\/wp\/v2\/tags?post=6587"}],"curies":[{"name":"wp","href":"https:\/\/api.w.org\/{rel}","templated":true}]}}