{"id":6651,"date":"2022-11-02T10:21:45","date_gmt":"2022-11-02T10:21:45","guid":{"rendered":"https:\/\/www.public.sn\/?p=6651"},"modified":"2022-11-02T10:21:48","modified_gmt":"2022-11-02T10:21:48","slug":"evade-de-prison-waly-est-retrouve-3-jours-plus-tard","status":"publish","type":"post","link":"https:\/\/www.public.sn\/index.php\/2022\/11\/02\/evade-de-prison-waly-est-retrouve-3-jours-plus-tard\/","title":{"rendered":"Evad\u00e9 de prison\u00a0: Waly est retrouv\u00e9 3 jours plus tard."},"content":{"rendered":"\n<p><\/p>\n\n\n\n<p><strong>Sa cavale n\u2019aura dur\u00e9 que 3 Jours. Le d\u00e9tenu Mame Waly Marone a \u00e9t\u00e9 arr\u00eat\u00e9 apr\u00e8s s\u2019\u00eatre \u00e9vanoui dans la nature alors qu\u2019il faisait parti des d\u00e9tenus de confiance.<\/strong><\/p><div class=\"publi-paragraphe1\" style=\"margin-top: 10px;margin-bottom: 10px;margin-left: auto;margin-right: auto;text-align: center;\" id=\"publi-1244050758\"><div class=\"publi-adlabel\">Publicit\u00e9<\/div><script async src=\"\/\/pagead2.googlesyndication.com\/pagead\/js\/adsbygoogle.js?client=ca-pub-4089586018074219\" crossorigin=\"anonymous\"><\/script><ins class=\"adsbygoogle\" style=\"display:block;\" data-ad-client=\"ca-pub-4089586018074219\" \ndata-ad-slot=\"2087940154\" \ndata-ad-format=\"auto\"><\/ins>\n<script> \n(adsbygoogle = window.adsbygoogle || []).push({}); \n<\/script>\n<\/div>\n\n\n\n<p>Le directeur de la prison de Mbour a failli s\u2019\u00e9trangler lorsqu\u2019il constate que le d\u00e9tenu Mame Waly Marone \u00a0n\u2019\u00e9tait pas rentr\u00e9 dans sa cellule. D\u00e9tenu de confiance, il avait \u00e9t\u00e9 d\u00e9l\u00e9gu\u00e9 \u00e0 la pr\u00e9fecture de Mbour o\u00f9 il s\u2019occupait de l\u2019entretien du jardin et de l\u2019acheminement du courrier. <\/p>\n\n\n\n<p><\/p>\n\n\n\n<p>Profitant d\u2019un manque de vigilance, Waly s\u2019est \u00e9vanoui dans la nature. Mais c\u2019\u00e9tait sans compter sur la perspicacit\u00e9 des forces de d\u00e9fense et de s\u00e9curit\u00e9. Une traque fut men\u00e9 par le r\u00e9gisseur de la prison et ses hommes et c\u2019est ainsi qu\u2019il fut rep\u00e9r\u00e9 \u00e0 Fatick. Les hommes\u00a0 du r\u00e9gisseur Moussa Di\u00e9ye se d\u00e9ploient et entre temps, Waly avait d\u00e9j\u00e0 ralli\u00e9 la ville de Thi\u00e9s. <\/p>\n\n\n\n<p><\/p>\n\n\n\n<p>Et c\u2019est l\u00e0 bas qu\u2019il a \u00e9t\u00e9 appr\u00e9hend\u00e9 et remis en prison alors qu\u2019il ne lui restait que 2 mois pour son d\u00e9lit initial d\u2019escroquerie. Il va ainsi r\u00e9pondre \u00e0 un autre d\u00e9lit, d\u2019\u00e9vasion devant le tribunal de grande instance de Mbour.<\/p>\n\n\n\n<p>Samba SY.<\/p>\n<div class=\"publi-apres-le-contenu\" style=\"margin-top: 10px;margin-bottom: 10px;margin-left: auto;margin-right: auto;text-align: center;\" id=\"publi-3104126301\"><div class=\"publi-adlabel\">Publicit\u00e9<\/div><script async src=\"\/\/pagead2.googlesyndication.com\/pagead\/js\/adsbygoogle.js?client=ca-pub-4089586018074219\" crossorigin=\"anonymous\"><\/script><ins class=\"adsbygoogle\" style=\"display:block;\" data-ad-client=\"ca-pub-4089586018074219\" \ndata-ad-slot=\"2087940154\" \ndata-ad-format=\"auto\"><\/ins>\n<script> \n(adsbygoogle = window.adsbygoogle || []).push({}); \n<\/script>\n<\/div>","protected":false},"excerpt":{"rendered":"<p>Sa cavale n\u2019aura dur\u00e9 que 3 Jours. Le d\u00e9tenu Mame Waly Marone a \u00e9t\u00e9 arr\u00eat\u00e9 apr\u00e8s s\u2019\u00eatre \u00e9vanoui dans la nature alors qu\u2019il faisait parti des d\u00e9tenus de confiance. Le directeur de la prison de Mbour a failli s\u2019\u00e9trangler lorsqu\u2019il constate que le d\u00e9tenu Mame Waly Marone \u00a0n\u2019\u00e9tait pas rentr\u00e9 dans sa cellule. D\u00e9tenu de confiance, il avait \u00e9t\u00e9 d\u00e9l\u00e9gu\u00e9 \u00e0 la pr\u00e9fecture de Mbour o\u00f9 il s\u2019occupait de l\u2019entretien du jardin et de l\u2019acheminement du courrier. Profitant d\u2019un manque de vigilance, Waly s\u2019est \u00e9vanoui dans la nature. Mais c\u2019\u00e9tait sans compter sur la perspicacit\u00e9 des forces de d\u00e9fense et de s\u00e9curit\u00e9. Une traque fut men\u00e9 par le r\u00e9gisseur de la prison et ses hommes et c\u2019est ainsi qu\u2019il fut rep\u00e9r\u00e9 \u00e0 Fatick. Les hommes\u00a0 du r\u00e9gisseur Moussa Di\u00e9ye se d\u00e9ploient et entre temps, Waly avait d\u00e9j\u00e0 ralli\u00e9 la ville de Thi\u00e9s. Et c\u2019est l\u00e0 bas qu\u2019il a \u00e9t\u00e9 appr\u00e9hend\u00e9 et remis en prison alors qu\u2019il ne lui restait que 2 mois pour son d\u00e9lit initial d\u2019escroquerie. Il va ainsi r\u00e9pondre \u00e0 un autre d\u00e9lit, d\u2019\u00e9vasion devant le tribunal de grande instance de Mbour. Samba SY.<\/p>\n","protected":false},"author":7,"featured_media":6652,"comment_status":"open","ping_status":"open","sticky":false,"template":"","format":"standard","meta":{"_jetpack_memberships_contains_paid_content":false,"footnotes":""},"categories":[375,1,4],"tags":[1144,899,2326],"class_list":["post-6651","post","type-post","status-publish","format-standard","has-post-thumbnail","hentry","category-actualites","category-non-classe","category-societe","tag-evasion-2","tag-mbour","tag-waly-marone","entry","has-media","owp-thumbs-layout-horizontal","owp-btn-normal","owp-tabs-layout-horizontal","has-no-thumbnails","has-product-nav"],"yoast_head":"<!-- This site is optimized with the Yoast SEO plugin v25.5 - https:\/\/yoast.com\/wordpress\/plugins\/seo\/ -->\n<title>Evad\u00e9 de prison\u00a0: Waly est retrouv\u00e9 3 jours plus tard. - LE PUBLIC<\/title>\n<meta name=\"robots\" content=\"index, follow, max-snippet:-1, max-image-preview:large, max-video-preview:-1\" \/>\n<link rel=\"canonical\" href=\"https:\/\/www.public.sn\/index.php\/2022\/11\/02\/evade-de-prison-waly-est-retrouve-3-jours-plus-tard\/\" \/>\n<meta property=\"og:locale\" content=\"fr_FR\" \/>\n<meta property=\"og:type\" content=\"article\" \/>\n<meta property=\"og:title\" content=\"Evad\u00e9 de prison\u00a0: Waly est retrouv\u00e9 3 jours plus tard. - LE PUBLIC\" \/>\n<meta property=\"og:description\" content=\"Sa cavale n\u2019aura dur\u00e9 que 3 Jours. Le d\u00e9tenu Mame Waly Marone a \u00e9t\u00e9 arr\u00eat\u00e9 apr\u00e8s s\u2019\u00eatre \u00e9vanoui dans la nature alors qu\u2019il faisait parti des d\u00e9tenus de confiance. Le directeur de la prison de Mbour a failli s\u2019\u00e9trangler lorsqu\u2019il constate que le d\u00e9tenu Mame Waly Marone \u00a0n\u2019\u00e9tait pas rentr\u00e9 dans sa cellule. D\u00e9tenu de confiance, il avait \u00e9t\u00e9 d\u00e9l\u00e9gu\u00e9 \u00e0 la pr\u00e9fecture de Mbour o\u00f9 il s\u2019occupait de l\u2019entretien du jardin et de l\u2019acheminement du courrier. Profitant d\u2019un manque de vigilance, Waly s\u2019est \u00e9vanoui dans la nature. Mais c\u2019\u00e9tait sans compter sur la perspicacit\u00e9 des forces de d\u00e9fense et de s\u00e9curit\u00e9. Une traque fut men\u00e9 par le r\u00e9gisseur de la prison et ses hommes et c\u2019est ainsi qu\u2019il fut rep\u00e9r\u00e9 \u00e0 Fatick. Les hommes\u00a0 du r\u00e9gisseur Moussa Di\u00e9ye se d\u00e9ploient et entre temps, Waly avait d\u00e9j\u00e0 ralli\u00e9 la ville de Thi\u00e9s. Et c\u2019est l\u00e0 bas qu\u2019il a \u00e9t\u00e9 appr\u00e9hend\u00e9 et remis en prison alors qu\u2019il ne lui restait que 2 mois pour son d\u00e9lit initial d\u2019escroquerie. Il va ainsi r\u00e9pondre \u00e0 un autre d\u00e9lit, d\u2019\u00e9vasion devant le tribunal de grande instance de Mbour. Samba SY.\" \/>\n<meta property=\"og:url\" content=\"https:\/\/www.public.sn\/index.php\/2022\/11\/02\/evade-de-prison-waly-est-retrouve-3-jours-plus-tard\/\" \/>\n<meta property=\"og:site_name\" content=\"LE PUBLIC\" \/>\n<meta property=\"article:published_time\" content=\"2022-11-02T10:21:45+00:00\" \/>\n<meta property=\"article:modified_time\" content=\"2022-11-02T10:21:48+00:00\" \/>\n<meta property=\"og:image\" content=\"https:\/\/www.public.sn\/wp-content\/uploads\/2022\/11\/prison-mbour.jpg\" \/>\n\t<meta property=\"og:image:width\" content=\"696\" \/>\n\t<meta property=\"og:image:height\" content=\"365\" \/>\n\t<meta property=\"og:image:type\" content=\"image\/jpeg\" \/>\n<meta name=\"author\" content=\"LA REDACTION\" \/>\n<meta name=\"twitter:card\" content=\"summary_large_image\" \/>\n<meta name=\"twitter:label1\" content=\"\u00c9crit par\" \/>\n\t<meta name=\"twitter:data1\" content=\"LA REDACTION\" \/>\n\t<meta name=\"twitter:label2\" content=\"Dur\u00e9e de lecture estim\u00e9e\" \/>\n\t<meta name=\"twitter:data2\" content=\"1 minute\" \/>\n<script type=\"application\/ld+json\" class=\"yoast-schema-graph\">{\"@context\":\"https:\/\/schema.org\",\"@graph\":[{\"@type\":\"Article\",\"@id\":\"https:\/\/www.public.sn\/index.php\/2022\/11\/02\/evade-de-prison-waly-est-retrouve-3-jours-plus-tard\/#article\",\"isPartOf\":{\"@id\":\"https:\/\/www.public.sn\/index.php\/2022\/11\/02\/evade-de-prison-waly-est-retrouve-3-jours-plus-tard\/\"},\"author\":{\"name\":\"LA REDACTION\",\"@id\":\"https:\/\/www.public.sn\/#\/schema\/person\/cb76c8e1b8becc6be61fb5e92d6d0224\"},\"headline\":\"Evad\u00e9 de prison\u00a0: Waly est retrouv\u00e9 3 jours plus tard.\",\"datePublished\":\"2022-11-02T10:21:45+00:00\",\"dateModified\":\"2022-11-02T10:21:48+00:00\",\"mainEntityOfPage\":{\"@id\":\"https:\/\/www.public.sn\/index.php\/2022\/11\/02\/evade-de-prison-waly-est-retrouve-3-jours-plus-tard\/\"},\"wordCount\":231,\"commentCount\":0,\"publisher\":{\"@id\":\"https:\/\/www.public.sn\/#organization\"},\"image\":{\"@id\":\"https:\/\/www.public.sn\/index.php\/2022\/11\/02\/evade-de-prison-waly-est-retrouve-3-jours-plus-tard\/#primaryimage\"},\"thumbnailUrl\":\"https:\/\/www.public.sn\/wp-content\/uploads\/2022\/11\/prison-mbour.jpg\",\"keywords\":[\"evasion\",\"Mbour\",\"waly marone\"],\"articleSection\":[\"ACTUALIT\u00c9S\",\"S\u00c9N\u00c9GAL\",\"SOCIETE\"],\"inLanguage\":\"fr-FR\",\"potentialAction\":[{\"@type\":\"CommentAction\",\"name\":\"Comment\",\"target\":[\"https:\/\/www.public.sn\/index.php\/2022\/11\/02\/evade-de-prison-waly-est-retrouve-3-jours-plus-tard\/#respond\"]}]},{\"@type\":\"WebPage\",\"@id\":\"https:\/\/www.public.sn\/index.php\/2022\/11\/02\/evade-de-prison-waly-est-retrouve-3-jours-plus-tard\/\",\"url\":\"https:\/\/www.public.sn\/index.php\/2022\/11\/02\/evade-de-prison-waly-est-retrouve-3-jours-plus-tard\/\",\"name\":\"Evad\u00e9 de prison\u00a0: Waly est retrouv\u00e9 3 jours plus tard. - LE PUBLIC\",\"isPartOf\":{\"@id\":\"https:\/\/www.public.sn\/#website\"},\"primaryImageOfPage\":{\"@id\":\"https:\/\/www.public.sn\/index.php\/2022\/11\/02\/evade-de-prison-waly-est-retrouve-3-jours-plus-tard\/#primaryimage\"},\"image\":{\"@id\":\"https:\/\/www.public.sn\/index.php\/2022\/11\/02\/evade-de-prison-waly-est-retrouve-3-jours-plus-tard\/#primaryimage\"},\"thumbnailUrl\":\"https:\/\/www.public.sn\/wp-content\/uploads\/2022\/11\/prison-mbour.jpg\",\"datePublished\":\"2022-11-02T10:21:45+00:00\",\"dateModified\":\"2022-11-02T10:21:48+00:00\",\"breadcrumb\":{\"@id\":\"https:\/\/www.public.sn\/index.php\/2022\/11\/02\/evade-de-prison-waly-est-retrouve-3-jours-plus-tard\/#breadcrumb\"},\"inLanguage\":\"fr-FR\",\"potentialAction\":[{\"@type\":\"ReadAction\",\"target\":[\"https:\/\/www.public.sn\/index.php\/2022\/11\/02\/evade-de-prison-waly-est-retrouve-3-jours-plus-tard\/\"]}]},{\"@type\":\"ImageObject\",\"inLanguage\":\"fr-FR\",\"@id\":\"https:\/\/www.public.sn\/index.php\/2022\/11\/02\/evade-de-prison-waly-est-retrouve-3-jours-plus-tard\/#primaryimage\",\"url\":\"https:\/\/www.public.sn\/wp-content\/uploads\/2022\/11\/prison-mbour.jpg\",\"contentUrl\":\"https:\/\/www.public.sn\/wp-content\/uploads\/2022\/11\/prison-mbour.jpg\",\"width\":696,\"height\":365,\"caption\":\"publicsn\"},{\"@type\":\"BreadcrumbList\",\"@id\":\"https:\/\/www.public.sn\/index.php\/2022\/11\/02\/evade-de-prison-waly-est-retrouve-3-jours-plus-tard\/#breadcrumb\",\"itemListElement\":[{\"@type\":\"ListItem\",\"position\":1,\"name\":\"Accueil\",\"item\":\"https:\/\/www.public.sn\/\"},{\"@type\":\"ListItem\",\"position\":2,\"name\":\"Evad\u00e9 de prison\u00a0: Waly est retrouv\u00e9 3 jours plus tard.\"}]},{\"@type\":\"WebSite\",\"@id\":\"https:\/\/www.public.sn\/#website\",\"url\":\"https:\/\/www.public.sn\/\",\"name\":\"LE PUBLIC\",\"description\":\"\",\"publisher\":{\"@id\":\"https:\/\/www.public.sn\/#organization\"},\"potentialAction\":[{\"@type\":\"SearchAction\",\"target\":{\"@type\":\"EntryPoint\",\"urlTemplate\":\"https:\/\/www.public.sn\/?s={search_term_string}\"},\"query-input\":{\"@type\":\"PropertyValueSpecification\",\"valueRequired\":true,\"valueName\":\"search_term_string\"}}],\"inLanguage\":\"fr-FR\"},{\"@type\":\"Organization\",\"@id\":\"https:\/\/www.public.sn\/#organization\",\"name\":\"LE PUBLIC\",\"url\":\"https:\/\/www.public.sn\/\",\"logo\":{\"@type\":\"ImageObject\",\"inLanguage\":\"fr-FR\",\"@id\":\"https:\/\/www.public.sn\/#\/schema\/logo\/image\/\",\"url\":\"https:\/\/www.public.sn\/wp-content\/uploads\/2024\/05\/cropped-LOGO-PUBLIC.SN_.png\",\"contentUrl\":\"https:\/\/www.public.sn\/wp-content\/uploads\/2024\/05\/cropped-LOGO-PUBLIC.SN_.png\",\"width\":682,\"height\":192,\"caption\":\"LE PUBLIC\"},\"image\":{\"@id\":\"https:\/\/www.public.sn\/#\/schema\/logo\/image\/\"}},{\"@type\":\"Person\",\"@id\":\"https:\/\/www.public.sn\/#\/schema\/person\/cb76c8e1b8becc6be61fb5e92d6d0224\",\"name\":\"LA REDACTION\",\"image\":{\"@type\":\"ImageObject\",\"inLanguage\":\"fr-FR\",\"@id\":\"https:\/\/www.public.sn\/#\/schema\/person\/image\/\",\"url\":\"https:\/\/secure.gravatar.com\/avatar\/2dce5ddd34b8fef0180efe03aa2a9bee7d953856048f9a16b298190a3178407c?s=96&d=mm&r=g\",\"contentUrl\":\"https:\/\/secure.gravatar.com\/avatar\/2dce5ddd34b8fef0180efe03aa2a9bee7d953856048f9a16b298190a3178407c?s=96&d=mm&r=g\",\"caption\":\"LA REDACTION\"},\"url\":\"https:\/\/www.public.sn\/index.php\/author\/editeurpsn\/\"}]}<\/script>\n<!-- \/ Yoast SEO plugin. -->","yoast_head_json":{"title":"Evad\u00e9 de prison\u00a0: Waly est retrouv\u00e9 3 jours plus tard. - LE PUBLIC","robots":{"index":"index","follow":"follow","max-snippet":"max-snippet:-1","max-image-preview":"max-image-preview:large","max-video-preview":"max-video-preview:-1"},"canonical":"https:\/\/www.public.sn\/index.php\/2022\/11\/02\/evade-de-prison-waly-est-retrouve-3-jours-plus-tard\/","og_locale":"fr_FR","og_type":"article","og_title":"Evad\u00e9 de prison\u00a0: Waly est retrouv\u00e9 3 jours plus tard. - LE PUBLIC","og_description":"Sa cavale n\u2019aura dur\u00e9 que 3 Jours. Le d\u00e9tenu Mame Waly Marone a \u00e9t\u00e9 arr\u00eat\u00e9 apr\u00e8s s\u2019\u00eatre \u00e9vanoui dans la nature alors qu\u2019il faisait parti des d\u00e9tenus de confiance. Le directeur de la prison de Mbour a failli s\u2019\u00e9trangler lorsqu\u2019il constate que le d\u00e9tenu Mame Waly Marone \u00a0n\u2019\u00e9tait pas rentr\u00e9 dans sa cellule. D\u00e9tenu de confiance, il avait \u00e9t\u00e9 d\u00e9l\u00e9gu\u00e9 \u00e0 la pr\u00e9fecture de Mbour o\u00f9 il s\u2019occupait de l\u2019entretien du jardin et de l\u2019acheminement du courrier. Profitant d\u2019un manque de vigilance, Waly s\u2019est \u00e9vanoui dans la nature. Mais c\u2019\u00e9tait sans compter sur la perspicacit\u00e9 des forces de d\u00e9fense et de s\u00e9curit\u00e9. Une traque fut men\u00e9 par le r\u00e9gisseur de la prison et ses hommes et c\u2019est ainsi qu\u2019il fut rep\u00e9r\u00e9 \u00e0 Fatick. Les hommes\u00a0 du r\u00e9gisseur Moussa Di\u00e9ye se d\u00e9ploient et entre temps, Waly avait d\u00e9j\u00e0 ralli\u00e9 la ville de Thi\u00e9s. Et c\u2019est l\u00e0 bas qu\u2019il a \u00e9t\u00e9 appr\u00e9hend\u00e9 et remis en prison alors qu\u2019il ne lui restait que 2 mois pour son d\u00e9lit initial d\u2019escroquerie. Il va ainsi r\u00e9pondre \u00e0 un autre d\u00e9lit, d\u2019\u00e9vasion devant le tribunal de grande instance de Mbour. Samba SY.","og_url":"https:\/\/www.public.sn\/index.php\/2022\/11\/02\/evade-de-prison-waly-est-retrouve-3-jours-plus-tard\/","og_site_name":"LE PUBLIC","article_published_time":"2022-11-02T10:21:45+00:00","article_modified_time":"2022-11-02T10:21:48+00:00","og_image":[{"width":696,"height":365,"url":"https:\/\/www.public.sn\/wp-content\/uploads\/2022\/11\/prison-mbour.jpg","type":"image\/jpeg"}],"author":"LA REDACTION","twitter_card":"summary_large_image","twitter_misc":{"\u00c9crit par":"LA REDACTION","Dur\u00e9e de lecture estim\u00e9e":"1 minute"},"schema":{"@context":"https:\/\/schema.org","@graph":[{"@type":"Article","@id":"https:\/\/www.public.sn\/index.php\/2022\/11\/02\/evade-de-prison-waly-est-retrouve-3-jours-plus-tard\/#article","isPartOf":{"@id":"https:\/\/www.public.sn\/index.php\/2022\/11\/02\/evade-de-prison-waly-est-retrouve-3-jours-plus-tard\/"},"author":{"name":"LA REDACTION","@id":"https:\/\/www.public.sn\/#\/schema\/person\/cb76c8e1b8becc6be61fb5e92d6d0224"},"headline":"Evad\u00e9 de prison\u00a0: Waly est retrouv\u00e9 3 jours plus tard.","datePublished":"2022-11-02T10:21:45+00:00","dateModified":"2022-11-02T10:21:48+00:00","mainEntityOfPage":{"@id":"https:\/\/www.public.sn\/index.php\/2022\/11\/02\/evade-de-prison-waly-est-retrouve-3-jours-plus-tard\/"},"wordCount":231,"commentCount":0,"publisher":{"@id":"https:\/\/www.public.sn\/#organization"},"image":{"@id":"https:\/\/www.public.sn\/index.php\/2022\/11\/02\/evade-de-prison-waly-est-retrouve-3-jours-plus-tard\/#primaryimage"},"thumbnailUrl":"https:\/\/www.public.sn\/wp-content\/uploads\/2022\/11\/prison-mbour.jpg","keywords":["evasion","Mbour","waly marone"],"articleSection":["ACTUALIT\u00c9S","S\u00c9N\u00c9GAL","SOCIETE"],"inLanguage":"fr-FR","potentialAction":[{"@type":"CommentAction","name":"Comment","target":["https:\/\/www.public.sn\/index.php\/2022\/11\/02\/evade-de-prison-waly-est-retrouve-3-jours-plus-tard\/#respond"]}]},{"@type":"WebPage","@id":"https:\/\/www.public.sn\/index.php\/2022\/11\/02\/evade-de-prison-waly-est-retrouve-3-jours-plus-tard\/","url":"https:\/\/www.public.sn\/index.php\/2022\/11\/02\/evade-de-prison-waly-est-retrouve-3-jours-plus-tard\/","name":"Evad\u00e9 de prison\u00a0: Waly est retrouv\u00e9 3 jours plus tard. - LE PUBLIC","isPartOf":{"@id":"https:\/\/www.public.sn\/#website"},"primaryImageOfPage":{"@id":"https:\/\/www.public.sn\/index.php\/2022\/11\/02\/evade-de-prison-waly-est-retrouve-3-jours-plus-tard\/#primaryimage"},"image":{"@id":"https:\/\/www.public.sn\/index.php\/2022\/11\/02\/evade-de-prison-waly-est-retrouve-3-jours-plus-tard\/#primaryimage"},"thumbnailUrl":"https:\/\/www.public.sn\/wp-content\/uploads\/2022\/11\/prison-mbour.jpg","datePublished":"2022-11-02T10:21:45+00:00","dateModified":"2022-11-02T10:21:48+00:00","breadcrumb":{"@id":"https:\/\/www.public.sn\/index.php\/2022\/11\/02\/evade-de-prison-waly-est-retrouve-3-jours-plus-tard\/#breadcrumb"},"inLanguage":"fr-FR","potentialAction":[{"@type":"ReadAction","target":["https:\/\/www.public.sn\/index.php\/2022\/11\/02\/evade-de-prison-waly-est-retrouve-3-jours-plus-tard\/"]}]},{"@type":"ImageObject","inLanguage":"fr-FR","@id":"https:\/\/www.public.sn\/index.php\/2022\/11\/02\/evade-de-prison-waly-est-retrouve-3-jours-plus-tard\/#primaryimage","url":"https:\/\/www.public.sn\/wp-content\/uploads\/2022\/11\/prison-mbour.jpg","contentUrl":"https:\/\/www.public.sn\/wp-content\/uploads\/2022\/11\/prison-mbour.jpg","width":696,"height":365,"caption":"publicsn"},{"@type":"BreadcrumbList","@id":"https:\/\/www.public.sn\/index.php\/2022\/11\/02\/evade-de-prison-waly-est-retrouve-3-jours-plus-tard\/#breadcrumb","itemListElement":[{"@type":"ListItem","position":1,"name":"Accueil","item":"https:\/\/www.public.sn\/"},{"@type":"ListItem","position":2,"name":"Evad\u00e9 de prison\u00a0: Waly est retrouv\u00e9 3 jours plus tard."}]},{"@type":"WebSite","@id":"https:\/\/www.public.sn\/#website","url":"https:\/\/www.public.sn\/","name":"LE PUBLIC","description":"","publisher":{"@id":"https:\/\/www.public.sn\/#organization"},"potentialAction":[{"@type":"SearchAction","target":{"@type":"EntryPoint","urlTemplate":"https:\/\/www.public.sn\/?s={search_term_string}"},"query-input":{"@type":"PropertyValueSpecification","valueRequired":true,"valueName":"search_term_string"}}],"inLanguage":"fr-FR"},{"@type":"Organization","@id":"https:\/\/www.public.sn\/#organization","name":"LE PUBLIC","url":"https:\/\/www.public.sn\/","logo":{"@type":"ImageObject","inLanguage":"fr-FR","@id":"https:\/\/www.public.sn\/#\/schema\/logo\/image\/","url":"https:\/\/www.public.sn\/wp-content\/uploads\/2024\/05\/cropped-LOGO-PUBLIC.SN_.png","contentUrl":"https:\/\/www.public.sn\/wp-content\/uploads\/2024\/05\/cropped-LOGO-PUBLIC.SN_.png","width":682,"height":192,"caption":"LE PUBLIC"},"image":{"@id":"https:\/\/www.public.sn\/#\/schema\/logo\/image\/"}},{"@type":"Person","@id":"https:\/\/www.public.sn\/#\/schema\/person\/cb76c8e1b8becc6be61fb5e92d6d0224","name":"LA REDACTION","image":{"@type":"ImageObject","inLanguage":"fr-FR","@id":"https:\/\/www.public.sn\/#\/schema\/person\/image\/","url":"https:\/\/secure.gravatar.com\/avatar\/2dce5ddd34b8fef0180efe03aa2a9bee7d953856048f9a16b298190a3178407c?s=96&d=mm&r=g","contentUrl":"https:\/\/secure.gravatar.com\/avatar\/2dce5ddd34b8fef0180efe03aa2a9bee7d953856048f9a16b298190a3178407c?s=96&d=mm&r=g","caption":"LA REDACTION"},"url":"https:\/\/www.public.sn\/index.php\/author\/editeurpsn\/"}]}},"jetpack_featured_media_url":"https:\/\/www.public.sn\/wp-content\/uploads\/2022\/11\/prison-mbour.jpg","jetpack_sharing_enabled":true,"_links":{"self":[{"href":"https:\/\/www.public.sn\/index.php\/wp-json\/wp\/v2\/posts\/6651","targetHints":{"allow":["GET"]}}],"collection":[{"href":"https:\/\/www.public.sn\/index.php\/wp-json\/wp\/v2\/posts"}],"about":[{"href":"https:\/\/www.public.sn\/index.php\/wp-json\/wp\/v2\/types\/post"}],"author":[{"embeddable":true,"href":"https:\/\/www.public.sn\/index.php\/wp-json\/wp\/v2\/users\/7"}],"replies":[{"embeddable":true,"href":"https:\/\/www.public.sn\/index.php\/wp-json\/wp\/v2\/comments?post=6651"}],"version-history":[{"count":1,"href":"https:\/\/www.public.sn\/index.php\/wp-json\/wp\/v2\/posts\/6651\/revisions"}],"predecessor-version":[{"id":6653,"href":"https:\/\/www.public.sn\/index.php\/wp-json\/wp\/v2\/posts\/6651\/revisions\/6653"}],"wp:featuredmedia":[{"embeddable":true,"href":"https:\/\/www.public.sn\/index.php\/wp-json\/wp\/v2\/media\/6652"}],"wp:attachment":[{"href":"https:\/\/www.public.sn\/index.php\/wp-json\/wp\/v2\/media?parent=6651"}],"wp:term":[{"taxonomy":"category","embeddable":true,"href":"https:\/\/www.public.sn\/index.php\/wp-json\/wp\/v2\/categories?post=6651"},{"taxonomy":"post_tag","embeddable":true,"href":"https:\/\/www.public.sn\/index.php\/wp-json\/wp\/v2\/tags?post=6651"}],"curies":[{"name":"wp","href":"https:\/\/api.w.org\/{rel}","templated":true}]}}