{"id":668,"date":"2022-08-26T12:36:30","date_gmt":"2022-08-26T10:36:30","guid":{"rendered":"https:\/\/www.public.sn\/?p=668"},"modified":"2022-08-26T12:36:30","modified_gmt":"2022-08-26T10:36:30","slug":"sonko-surtout-pas-en-direction-des-forces-armees-par-augustin-tine","status":"publish","type":"post","link":"https:\/\/www.public.sn\/index.php\/2022\/08\/26\/sonko-surtout-pas-en-direction-des-forces-armees-par-augustin-tine\/","title":{"rendered":"Sonko, surtout, pas en direction des forces arm\u00e9es. (Par Augustin Tine)"},"content":{"rendered":"\n<p><strong><em>La derni\u00e8re d&rsquo;Ousmane Sonko n&rsquo;a pas laiss\u00e9 indiff\u00e9rents les acteurs politiques du pouvoir. Elle continuer de faire r\u00e9agir le r\u00e9gime et ceux qui l&rsquo;incarnent. Cette fois-ci c&rsquo;est l&rsquo;ancien ministre des Forces Arm\u00e9es, Augustin Tine qui sort de sa r\u00e9serve pour s&rsquo;en prendre au leader de Pastef.<\/em><\/strong><\/p><div class=\"publi-paragraphe1\" style=\"margin-top: 10px;margin-bottom: 10px;margin-left: auto;margin-right: auto;text-align: center;\" id=\"publi-3565414871\"><div class=\"publi-adlabel\">Publicit\u00e9<\/div><script async src=\"\/\/pagead2.googlesyndication.com\/pagead\/js\/adsbygoogle.js?client=ca-pub-4089586018074219\" crossorigin=\"anonymous\"><\/script><ins class=\"adsbygoogle\" style=\"display:block;\" data-ad-client=\"ca-pub-4089586018074219\" \ndata-ad-slot=\"2087940154\" \ndata-ad-format=\"auto\"><\/ins>\n<script> \n(adsbygoogle = window.adsbygoogle || []).push({}); \n<\/script>\n<\/div>\n\n\n\n<p>Ousmane Sonko semble faire feu de tout bois dans ses inlassables tentatives de jeter le discr\u00e9dit et l\u2019opprobre sur le Pr\u00e9sident Macky Sall et son gouvernement en faisant sienne, la boutade qui veut qu\u2019\u00ab en politique, tous les coups sont permis \u00bb.<\/p>\n\n\n\n<p>Seulement, il est important qu\u2019il sache qu\u2019une telle r\u00e9flexion ne peut prosp\u00e9rer partout et malheureusement, plus qu\u2019attaquer lesdites cibles, Sonko est, par une telle d\u00e9claration d\u00e9nu\u00e9e de tout fondement et honteusement mensong\u00e8re pour un responsable de sa trempe, en train de jouer avec le feu et ne semble pas du tout appr\u00e9hender le s\u00e9rieux de la situation s\u00e9curitaire de notre voisin le Mali avec qui nous entretenons des relations de fraternit\u00e9 et d\u2019amiti\u00e9 que notre histoire commune et notre g\u00e9ographie nous imposent.<\/p>\n\n\n\n<p>C\u2019est la raison pour laquelle ma qualit\u00e9 d\u2019ancien ministre des Forces Arm\u00e9es de mon pays, en poste lors de la mise en \u0153uvre de cette mission qui se d\u00e9roule encore au Mali dans le cadre de la MINUSMA m\u2019interdit de me taire devant de telles contre-v\u00e9rit\u00e9s. C\u2019est pourquoi, je m\u2019inscris en faux contre de tels propos d\u2019une extr\u00eame l\u00e9g\u00e8ret\u00e9 venant d\u2019un homme qui ambitionne de diriger notre pays.<\/p>\n\n\n\n<p>Si Sonko \u00e9tait plus s\u00e9rieux et cr\u00e9dible, il aurait compris que ces maux qui gangr\u00e8nent la soci\u00e9t\u00e9 malienne au point de d\u00e9boucher sur cette situation sont les choses du monde les mieux partag\u00e9es dans notre sous-r\u00e9gion. Par cons\u00e9quent, si nous en sommes jusqu\u2019\u00e0 pr\u00e9sent \u00e9pargn\u00e9s c\u2019est surtout gr\u00e2ce \u00e0 la capacit\u00e9 d\u2019anticipation permanente du chef de l\u2019\u00c9tat Macky SALL mais aussi et surtout au professionnalisme, \u00e0 l\u2019abn\u00e9gation et \u00e0 la vigilance de nos forces de d\u00e9fense et de s\u00e9curit\u00e9.<\/p>\n\n\n\n<p>Sans faire dans le catastrophisme de mauvais aloi, il demeure ind\u00e9niable que si nous manquons de nous accorder sur ces questions \u00e9l\u00e9mentaires mais, \u00f4 combien cruciales de notre s\u00e9curit\u00e9 collective et de la d\u00e9fense nationale, gageons que le Mali pourrait pr\u00e9figurer nos \u00e9preuves de demain. Il pourrait \u00eatre ce laboratoire des alternatives quasi in\u00e9luctables. Alors, pour notre s\u00e9curit\u00e9, faisons-nous un point d\u2019honneur de croire, \u00e0 l\u2019instar du Pr\u00e9sident Macky Sall que : \u00ab le Mali sera, ou nous ne serons pas \u00bb.<\/p>\n\n\n\n<p>Voil\u00e0 qui explique pourquoi l\u2019engagement de l\u2019arm\u00e9e s\u00e9n\u00e9galaise en R\u00e9publique malienne est constant depuis 2013, avec un syst\u00e8me de rotations et de rel\u00e8vements p\u00e9riodiques des effectifs engag\u00e9s. Que chacun se tienne pour dit que rien ni personne ne pourra d\u00e9partir notre pays de cela, \u00e0 moins que les menaces que nous percevons de la situation actuelle soient totalement \u00e9teintes.<\/p>\n\n\n\n<p>Il faut comprendre que cet engagement au Mali, en plus d\u2019\u00eatre strat\u00e9gique et institutionnel, ob\u00e9it \u00e0 une vieille tradition. D\u00e8s 1960 d\u00e9j\u00e0, l\u2019arm\u00e9e nationale envoie des troupes pour des missions de maintien et de r\u00e9tablissement de la paix dans le cadre des Nations Unies, posture qui fait du S\u00e9n\u00e9gal, \u00e0 travers son arm\u00e9e, le huiti\u00e8me contributeur de troupes pour les Nations Unies avec comme avantages av\u00e9r\u00e9s : l\u2019entrainement permanent de nos soldats sur de r\u00e9elles zones de guerres, l\u2019acquisition de nouveaux \u00e9quipements et d\u2019expertise permettant de faire face aux nombreuses menaces asym\u00e9triques.<\/p>\n\n\n\n<p>Au nom des ambitions qu\u2019Ousmane Sonko pr\u00e9tend nourrir pour le S\u00e9n\u00e9gal, il ne devrait ignorer que notre engagement au Mali r\u00e9pond \u00e0 un besoin hautement s\u00e9curitaire pour notre pays dont le seul objectif est de voir nos voisins et, plus particuli\u00e8rement, le Mali, renouer avec les jours de paix et de stabilit\u00e9. La chute de Kadhafi en 2011 a provoqu\u00e9 l\u2019ouverture d\u2019un grand boulevard d\u2019ins\u00e9curit\u00e9 et une libre circulation de la plupart des combattants djihadistes (Niger-Nig\u00e9ria-Tchad-Burkina-Mali), circulation qui s\u2019est arr\u00eat\u00e9e, pour le moment, en territoire malien, gr\u00e2ce \u00e0 l\u2019immense travail de veille, d\u2019alerte et d\u2019anticipation de nos infatigables Forces de D\u00e9fense et de S\u00e9curit\u00e9 (FDS). Au demeurant, il importe de relever que cet engagement n\u2019est aucunement assujetti \u00e0 la France, mais au contraire, r\u00e9pond \u00e0 notre besoin de s\u00e9curit\u00e9, de stabilit\u00e9 et de paix, mais aussi et surtout, \u00e0 la solidarit\u00e9 envers un pays fr\u00e8re qui, il faut le rappeler, a partag\u00e9 avec le S\u00e9n\u00e9gal un m\u00eame drapeau et un m\u00eame \u00c9tat dans le cadre de la F\u00e9d\u00e9ration du Mali.<\/p>\n\n\n\n<p>Si d\u2019aventure, Ousmane Sonko ignore ces v\u00e9rit\u00e9s basiques des fondements de la s\u00e9curit\u00e9 nationale, qu\u2019il se r\u00e9solve, en toute humilit\u00e9, \u00e0 les assimiler et les prendre en compte pour l\u2019avenir. Mais si, par ailleurs, il les avait assimil\u00e9es mais continue, n\u00e9anmoins, \u00e0 les \u00e9voquer comme il vient de le faire avec d\u00e9sinvolture et l\u00e9g\u00e8ret\u00e9, il aura fini de manifester \u00e0 la face du monde, son m\u00e9pris pour notre cher S\u00e9n\u00e9gal et ses voisins mais surtout son indignit\u00e9 \u00e0 jouir d\u2019une once de cr\u00e9dibilit\u00e9 dans ce pays.<\/p>\n\n\n\n<p>\u200bNous sommes en droit de t\u2019exiger d\u2019avoir un peu plus de retenue lorsque tu parles de choses aussi d\u00e9licates et que tu ne maitrises absolument pas. Assez de ces turpitudes. Le S\u00e9n\u00e9gal est trop important et pr\u00e9cieux pour qu\u2019il soit trait\u00e9 en un jouet de garnement.<\/p>\n\n\n\n<p>Augustin TINE<br>Ancien Ministre des Forces<br>Arm\u00e9es (MFA) du S\u00e9n\u00e9gal.<\/p>\n\n\n\n<p><em>R\u00e9dactions Public SN<\/em><\/p>\n<div class=\"publi-apres-le-contenu\" style=\"margin-top: 10px;margin-bottom: 10px;margin-left: auto;margin-right: auto;text-align: center;\" id=\"publi-829900334\"><div class=\"publi-adlabel\">Publicit\u00e9<\/div><script async src=\"\/\/pagead2.googlesyndication.com\/pagead\/js\/adsbygoogle.js?client=ca-pub-4089586018074219\" crossorigin=\"anonymous\"><\/script><ins class=\"adsbygoogle\" style=\"display:block;\" data-ad-client=\"ca-pub-4089586018074219\" \ndata-ad-slot=\"2087940154\" \ndata-ad-format=\"auto\"><\/ins>\n<script> \n(adsbygoogle = window.adsbygoogle || []).push({}); \n<\/script>\n<\/div>","protected":false},"excerpt":{"rendered":"<p>La derni\u00e8re d&rsquo;Ousmane Sonko n&rsquo;a pas laiss\u00e9 indiff\u00e9rents les acteurs politiques du pouvoir. Elle continuer de faire r\u00e9agir le r\u00e9gime et ceux qui l&rsquo;incarnent. Cette fois-ci c&rsquo;est l&rsquo;ancien ministre des Forces Arm\u00e9es, Augustin Tine qui sort de sa r\u00e9serve pour s&rsquo;en prendre au leader de Pastef. Ousmane Sonko semble faire feu de tout bois dans ses inlassables tentatives de jeter le discr\u00e9dit et l\u2019opprobre sur le Pr\u00e9sident Macky Sall et son gouvernement en faisant sienne, la boutade qui veut qu\u2019\u00ab en politique, tous les coups sont permis \u00bb. Seulement, il est important qu\u2019il sache qu\u2019une telle r\u00e9flexion ne peut prosp\u00e9rer partout et malheureusement, plus qu\u2019attaquer lesdites cibles, Sonko est, par une telle d\u00e9claration d\u00e9nu\u00e9e de tout fondement et honteusement mensong\u00e8re pour un responsable de sa trempe, en train de jouer avec le feu et ne semble pas du tout appr\u00e9hender le s\u00e9rieux de la situation s\u00e9curitaire de notre voisin le Mali avec qui nous entretenons des relations de fraternit\u00e9 et d\u2019amiti\u00e9 que notre histoire commune et notre g\u00e9ographie nous imposent. C\u2019est la raison pour laquelle ma qualit\u00e9 d\u2019ancien ministre des Forces Arm\u00e9es de mon pays, en poste lors de la mise en \u0153uvre de cette mission qui se d\u00e9roule encore au Mali dans le cadre de la MINUSMA m\u2019interdit de me taire devant de telles contre-v\u00e9rit\u00e9s. C\u2019est pourquoi, je m\u2019inscris en faux contre de tels propos d\u2019une extr\u00eame l\u00e9g\u00e8ret\u00e9 venant d\u2019un homme qui ambitionne de diriger notre pays. Si Sonko \u00e9tait plus s\u00e9rieux et cr\u00e9dible, il aurait compris que ces maux qui gangr\u00e8nent la soci\u00e9t\u00e9 malienne au point de d\u00e9boucher sur cette situation sont les choses du monde les mieux partag\u00e9es dans notre sous-r\u00e9gion. Par cons\u00e9quent, si nous en sommes jusqu\u2019\u00e0 pr\u00e9sent \u00e9pargn\u00e9s c\u2019est surtout gr\u00e2ce \u00e0 la capacit\u00e9 d\u2019anticipation permanente du chef de l\u2019\u00c9tat Macky SALL mais aussi et surtout au professionnalisme, \u00e0 l\u2019abn\u00e9gation et \u00e0 la vigilance de nos forces de d\u00e9fense et de s\u00e9curit\u00e9. Sans faire dans le catastrophisme de mauvais aloi, il demeure ind\u00e9niable que si nous manquons de nous accorder sur ces questions \u00e9l\u00e9mentaires mais, \u00f4 combien cruciales de notre s\u00e9curit\u00e9 collective et de la d\u00e9fense nationale, gageons que le Mali pourrait pr\u00e9figurer nos \u00e9preuves de demain. Il pourrait \u00eatre ce laboratoire des alternatives quasi in\u00e9luctables. Alors, pour notre s\u00e9curit\u00e9, faisons-nous un point d\u2019honneur de croire, \u00e0 l\u2019instar du Pr\u00e9sident Macky Sall que : \u00ab le Mali sera, ou nous ne serons pas \u00bb. Voil\u00e0 qui explique pourquoi l\u2019engagement de l\u2019arm\u00e9e s\u00e9n\u00e9galaise en R\u00e9publique malienne est constant depuis 2013, avec un syst\u00e8me de rotations et de rel\u00e8vements p\u00e9riodiques des effectifs engag\u00e9s. Que chacun se tienne pour dit que rien ni personne ne pourra d\u00e9partir notre pays de cela, \u00e0 moins que les menaces que nous percevons de la situation actuelle soient totalement \u00e9teintes. Il faut comprendre que cet engagement au Mali, en plus d\u2019\u00eatre strat\u00e9gique et institutionnel, ob\u00e9it \u00e0 une vieille tradition. D\u00e8s 1960 d\u00e9j\u00e0, l\u2019arm\u00e9e nationale envoie des troupes pour des missions de maintien et de r\u00e9tablissement de la paix dans le cadre des Nations Unies, posture qui fait du S\u00e9n\u00e9gal, \u00e0 travers son arm\u00e9e, le huiti\u00e8me contributeur de troupes pour les Nations Unies avec comme avantages av\u00e9r\u00e9s : l\u2019entrainement permanent de nos soldats sur de r\u00e9elles zones de guerres, l\u2019acquisition de nouveaux \u00e9quipements et d\u2019expertise permettant de faire face aux nombreuses menaces asym\u00e9triques. Au nom des ambitions qu\u2019Ousmane Sonko pr\u00e9tend nourrir pour le S\u00e9n\u00e9gal, il ne devrait ignorer que notre engagement au Mali r\u00e9pond \u00e0 un besoin hautement s\u00e9curitaire pour notre pays dont le seul objectif est de voir nos voisins et, plus particuli\u00e8rement, le Mali, renouer avec les jours de paix et de stabilit\u00e9. La chute de Kadhafi en 2011 a provoqu\u00e9 l\u2019ouverture d\u2019un grand boulevard d\u2019ins\u00e9curit\u00e9 et une libre circulation de la plupart des combattants djihadistes (Niger-Nig\u00e9ria-Tchad-Burkina-Mali), circulation qui s\u2019est arr\u00eat\u00e9e, pour le moment, en territoire malien, gr\u00e2ce \u00e0 l\u2019immense travail de veille, d\u2019alerte et d\u2019anticipation de nos infatigables Forces de D\u00e9fense et de S\u00e9curit\u00e9 (FDS). Au demeurant, il importe de relever que cet engagement n\u2019est aucunement assujetti \u00e0 la France, mais au contraire, r\u00e9pond \u00e0 notre besoin de s\u00e9curit\u00e9, de stabilit\u00e9 et de paix, mais aussi et surtout, \u00e0 la solidarit\u00e9 envers un pays fr\u00e8re qui, il faut le rappeler, a partag\u00e9 avec le S\u00e9n\u00e9gal un m\u00eame drapeau et un m\u00eame \u00c9tat dans le cadre de la F\u00e9d\u00e9ration du Mali. Si d\u2019aventure, Ousmane Sonko ignore ces v\u00e9rit\u00e9s basiques des fondements de la s\u00e9curit\u00e9 nationale, qu\u2019il se r\u00e9solve, en toute humilit\u00e9, \u00e0 les assimiler et les prendre en compte pour l\u2019avenir. Mais si, par ailleurs, il les avait assimil\u00e9es mais continue, n\u00e9anmoins, \u00e0 les \u00e9voquer comme il vient de le faire avec d\u00e9sinvolture et l\u00e9g\u00e8ret\u00e9, il aura fini de manifester \u00e0 la face du monde, son m\u00e9pris pour notre cher S\u00e9n\u00e9gal et ses voisins mais surtout son indignit\u00e9 \u00e0 jouir d\u2019une once de cr\u00e9dibilit\u00e9 dans ce pays. \u200bNous sommes en droit de t\u2019exiger d\u2019avoir un peu plus de retenue lorsque tu parles de choses aussi d\u00e9licates et que tu ne maitrises absolument pas. Assez de ces turpitudes. Le S\u00e9n\u00e9gal est trop important et pr\u00e9cieux pour qu\u2019il soit trait\u00e9 en un jouet de garnement. Augustin TINEAncien Ministre des ForcesArm\u00e9es (MFA) du S\u00e9n\u00e9gal. R\u00e9dactions Public SN<\/p>\n","protected":false},"author":1,"featured_media":669,"comment_status":"open","ping_status":"open","sticky":false,"template":"","format":"standard","meta":{"_jetpack_memberships_contains_paid_content":false,"footnotes":""},"categories":[3,4],"tags":[],"class_list":["post-668","post","type-post","status-publish","format-standard","has-post-thumbnail","hentry","category-politique","category-societe","entry","has-media","owp-thumbs-layout-horizontal","owp-btn-normal","owp-tabs-layout-horizontal","has-no-thumbnails","has-product-nav"],"yoast_head":"<!-- This site is optimized with the Yoast SEO plugin v25.5 - https:\/\/yoast.com\/wordpress\/plugins\/seo\/ -->\n<title>Sonko, surtout, pas en direction des forces arm\u00e9es. (Par Augustin Tine) - LE PUBLIC<\/title>\n<meta name=\"robots\" content=\"index, follow, max-snippet:-1, max-image-preview:large, max-video-preview:-1\" \/>\n<link rel=\"canonical\" href=\"https:\/\/www.public.sn\/index.php\/2022\/08\/26\/sonko-surtout-pas-en-direction-des-forces-armees-par-augustin-tine\/\" \/>\n<meta property=\"og:locale\" content=\"fr_FR\" \/>\n<meta property=\"og:type\" content=\"article\" \/>\n<meta property=\"og:title\" content=\"Sonko, surtout, pas en direction des forces arm\u00e9es. (Par Augustin Tine) - LE PUBLIC\" \/>\n<meta property=\"og:description\" content=\"La derni\u00e8re d&rsquo;Ousmane Sonko n&rsquo;a pas laiss\u00e9 indiff\u00e9rents les acteurs politiques du pouvoir. Elle continuer de faire r\u00e9agir le r\u00e9gime et ceux qui l&rsquo;incarnent. Cette fois-ci c&rsquo;est l&rsquo;ancien ministre des Forces Arm\u00e9es, Augustin Tine qui sort de sa r\u00e9serve pour s&rsquo;en prendre au leader de Pastef. Ousmane Sonko semble faire feu de tout bois dans ses inlassables tentatives de jeter le discr\u00e9dit et l\u2019opprobre sur le Pr\u00e9sident Macky Sall et son gouvernement en faisant sienne, la boutade qui veut qu\u2019\u00ab en politique, tous les coups sont permis \u00bb. Seulement, il est important qu\u2019il sache qu\u2019une telle r\u00e9flexion ne peut prosp\u00e9rer partout et malheureusement, plus qu\u2019attaquer lesdites cibles, Sonko est, par une telle d\u00e9claration d\u00e9nu\u00e9e de tout fondement et honteusement mensong\u00e8re pour un responsable de sa trempe, en train de jouer avec le feu et ne semble pas du tout appr\u00e9hender le s\u00e9rieux de la situation s\u00e9curitaire de notre voisin le Mali avec qui nous entretenons des relations de fraternit\u00e9 et d\u2019amiti\u00e9 que notre histoire commune et notre g\u00e9ographie nous imposent. C\u2019est la raison pour laquelle ma qualit\u00e9 d\u2019ancien ministre des Forces Arm\u00e9es de mon pays, en poste lors de la mise en \u0153uvre de cette mission qui se d\u00e9roule encore au Mali dans le cadre de la MINUSMA m\u2019interdit de me taire devant de telles contre-v\u00e9rit\u00e9s. C\u2019est pourquoi, je m\u2019inscris en faux contre de tels propos d\u2019une extr\u00eame l\u00e9g\u00e8ret\u00e9 venant d\u2019un homme qui ambitionne de diriger notre pays. Si Sonko \u00e9tait plus s\u00e9rieux et cr\u00e9dible, il aurait compris que ces maux qui gangr\u00e8nent la soci\u00e9t\u00e9 malienne au point de d\u00e9boucher sur cette situation sont les choses du monde les mieux partag\u00e9es dans notre sous-r\u00e9gion. Par cons\u00e9quent, si nous en sommes jusqu\u2019\u00e0 pr\u00e9sent \u00e9pargn\u00e9s c\u2019est surtout gr\u00e2ce \u00e0 la capacit\u00e9 d\u2019anticipation permanente du chef de l\u2019\u00c9tat Macky SALL mais aussi et surtout au professionnalisme, \u00e0 l\u2019abn\u00e9gation et \u00e0 la vigilance de nos forces de d\u00e9fense et de s\u00e9curit\u00e9. Sans faire dans le catastrophisme de mauvais aloi, il demeure ind\u00e9niable que si nous manquons de nous accorder sur ces questions \u00e9l\u00e9mentaires mais, \u00f4 combien cruciales de notre s\u00e9curit\u00e9 collective et de la d\u00e9fense nationale, gageons que le Mali pourrait pr\u00e9figurer nos \u00e9preuves de demain. Il pourrait \u00eatre ce laboratoire des alternatives quasi in\u00e9luctables. Alors, pour notre s\u00e9curit\u00e9, faisons-nous un point d\u2019honneur de croire, \u00e0 l\u2019instar du Pr\u00e9sident Macky Sall que : \u00ab le Mali sera, ou nous ne serons pas \u00bb. Voil\u00e0 qui explique pourquoi l\u2019engagement de l\u2019arm\u00e9e s\u00e9n\u00e9galaise en R\u00e9publique malienne est constant depuis 2013, avec un syst\u00e8me de rotations et de rel\u00e8vements p\u00e9riodiques des effectifs engag\u00e9s. Que chacun se tienne pour dit que rien ni personne ne pourra d\u00e9partir notre pays de cela, \u00e0 moins que les menaces que nous percevons de la situation actuelle soient totalement \u00e9teintes. Il faut comprendre que cet engagement au Mali, en plus d\u2019\u00eatre strat\u00e9gique et institutionnel, ob\u00e9it \u00e0 une vieille tradition. D\u00e8s 1960 d\u00e9j\u00e0, l\u2019arm\u00e9e nationale envoie des troupes pour des missions de maintien et de r\u00e9tablissement de la paix dans le cadre des Nations Unies, posture qui fait du S\u00e9n\u00e9gal, \u00e0 travers son arm\u00e9e, le huiti\u00e8me contributeur de troupes pour les Nations Unies avec comme avantages av\u00e9r\u00e9s : l\u2019entrainement permanent de nos soldats sur de r\u00e9elles zones de guerres, l\u2019acquisition de nouveaux \u00e9quipements et d\u2019expertise permettant de faire face aux nombreuses menaces asym\u00e9triques. Au nom des ambitions qu\u2019Ousmane Sonko pr\u00e9tend nourrir pour le S\u00e9n\u00e9gal, il ne devrait ignorer que notre engagement au Mali r\u00e9pond \u00e0 un besoin hautement s\u00e9curitaire pour notre pays dont le seul objectif est de voir nos voisins et, plus particuli\u00e8rement, le Mali, renouer avec les jours de paix et de stabilit\u00e9. La chute de Kadhafi en 2011 a provoqu\u00e9 l\u2019ouverture d\u2019un grand boulevard d\u2019ins\u00e9curit\u00e9 et une libre circulation de la plupart des combattants djihadistes (Niger-Nig\u00e9ria-Tchad-Burkina-Mali), circulation qui s\u2019est arr\u00eat\u00e9e, pour le moment, en territoire malien, gr\u00e2ce \u00e0 l\u2019immense travail de veille, d\u2019alerte et d\u2019anticipation de nos infatigables Forces de D\u00e9fense et de S\u00e9curit\u00e9 (FDS). Au demeurant, il importe de relever que cet engagement n\u2019est aucunement assujetti \u00e0 la France, mais au contraire, r\u00e9pond \u00e0 notre besoin de s\u00e9curit\u00e9, de stabilit\u00e9 et de paix, mais aussi et surtout, \u00e0 la solidarit\u00e9 envers un pays fr\u00e8re qui, il faut le rappeler, a partag\u00e9 avec le S\u00e9n\u00e9gal un m\u00eame drapeau et un m\u00eame \u00c9tat dans le cadre de la F\u00e9d\u00e9ration du Mali. Si d\u2019aventure, Ousmane Sonko ignore ces v\u00e9rit\u00e9s basiques des fondements de la s\u00e9curit\u00e9 nationale, qu\u2019il se r\u00e9solve, en toute humilit\u00e9, \u00e0 les assimiler et les prendre en compte pour l\u2019avenir. Mais si, par ailleurs, il les avait assimil\u00e9es mais continue, n\u00e9anmoins, \u00e0 les \u00e9voquer comme il vient de le faire avec d\u00e9sinvolture et l\u00e9g\u00e8ret\u00e9, il aura fini de manifester \u00e0 la face du monde, son m\u00e9pris pour notre cher S\u00e9n\u00e9gal et ses voisins mais surtout son indignit\u00e9 \u00e0 jouir d\u2019une once de cr\u00e9dibilit\u00e9 dans ce pays. \u200bNous sommes en droit de t\u2019exiger d\u2019avoir un peu plus de retenue lorsque tu parles de choses aussi d\u00e9licates et que tu ne maitrises absolument pas. Assez de ces turpitudes. Le S\u00e9n\u00e9gal est trop important et pr\u00e9cieux pour qu\u2019il soit trait\u00e9 en un jouet de garnement. Augustin TINEAncien Ministre des ForcesArm\u00e9es (MFA) du S\u00e9n\u00e9gal. R\u00e9dactions Public SN\" \/>\n<meta property=\"og:url\" content=\"https:\/\/www.public.sn\/index.php\/2022\/08\/26\/sonko-surtout-pas-en-direction-des-forces-armees-par-augustin-tine\/\" \/>\n<meta property=\"og:site_name\" content=\"LE PUBLIC\" \/>\n<meta property=\"article:published_time\" content=\"2022-08-26T10:36:30+00:00\" \/>\n<meta property=\"og:image\" content=\"https:\/\/www.public.sn\/wp-content\/uploads\/2022\/08\/Augustin-Tine.jpg\" \/>\n\t<meta property=\"og:image:width\" content=\"1280\" \/>\n\t<meta property=\"og:image:height\" content=\"720\" \/>\n\t<meta property=\"og:image:type\" content=\"image\/jpeg\" \/>\n<meta name=\"author\" content=\"LA REDACTION\" \/>\n<meta name=\"twitter:card\" content=\"summary_large_image\" \/>\n<meta name=\"twitter:label1\" content=\"\u00c9crit par\" \/>\n\t<meta name=\"twitter:data1\" content=\"LA REDACTION\" \/>\n\t<meta name=\"twitter:label2\" content=\"Dur\u00e9e de lecture estim\u00e9e\" \/>\n\t<meta name=\"twitter:data2\" content=\"5 minutes\" \/>\n<script type=\"application\/ld+json\" class=\"yoast-schema-graph\">{\"@context\":\"https:\/\/schema.org\",\"@graph\":[{\"@type\":\"Article\",\"@id\":\"https:\/\/www.public.sn\/index.php\/2022\/08\/26\/sonko-surtout-pas-en-direction-des-forces-armees-par-augustin-tine\/#article\",\"isPartOf\":{\"@id\":\"https:\/\/www.public.sn\/index.php\/2022\/08\/26\/sonko-surtout-pas-en-direction-des-forces-armees-par-augustin-tine\/\"},\"author\":{\"name\":\"LA REDACTION\",\"@id\":\"https:\/\/www.public.sn\/#\/schema\/person\/e3f4a11b037d4203902db148f9bc8d5a\"},\"headline\":\"Sonko, surtout, pas en direction des forces arm\u00e9es. (Par Augustin Tine)\",\"datePublished\":\"2022-08-26T10:36:30+00:00\",\"mainEntityOfPage\":{\"@id\":\"https:\/\/www.public.sn\/index.php\/2022\/08\/26\/sonko-surtout-pas-en-direction-des-forces-armees-par-augustin-tine\/\"},\"wordCount\":1004,\"commentCount\":0,\"publisher\":{\"@id\":\"https:\/\/www.public.sn\/#organization\"},\"image\":{\"@id\":\"https:\/\/www.public.sn\/index.php\/2022\/08\/26\/sonko-surtout-pas-en-direction-des-forces-armees-par-augustin-tine\/#primaryimage\"},\"thumbnailUrl\":\"https:\/\/www.public.sn\/wp-content\/uploads\/2022\/08\/Augustin-Tine.jpg\",\"articleSection\":[\"POLITIQUE\",\"SOCIETE\"],\"inLanguage\":\"fr-FR\",\"potentialAction\":[{\"@type\":\"CommentAction\",\"name\":\"Comment\",\"target\":[\"https:\/\/www.public.sn\/index.php\/2022\/08\/26\/sonko-surtout-pas-en-direction-des-forces-armees-par-augustin-tine\/#respond\"]}]},{\"@type\":\"WebPage\",\"@id\":\"https:\/\/www.public.sn\/index.php\/2022\/08\/26\/sonko-surtout-pas-en-direction-des-forces-armees-par-augustin-tine\/\",\"url\":\"https:\/\/www.public.sn\/index.php\/2022\/08\/26\/sonko-surtout-pas-en-direction-des-forces-armees-par-augustin-tine\/\",\"name\":\"Sonko, surtout, pas en direction des forces arm\u00e9es. (Par Augustin Tine) - LE PUBLIC\",\"isPartOf\":{\"@id\":\"https:\/\/www.public.sn\/#website\"},\"primaryImageOfPage\":{\"@id\":\"https:\/\/www.public.sn\/index.php\/2022\/08\/26\/sonko-surtout-pas-en-direction-des-forces-armees-par-augustin-tine\/#primaryimage\"},\"image\":{\"@id\":\"https:\/\/www.public.sn\/index.php\/2022\/08\/26\/sonko-surtout-pas-en-direction-des-forces-armees-par-augustin-tine\/#primaryimage\"},\"thumbnailUrl\":\"https:\/\/www.public.sn\/wp-content\/uploads\/2022\/08\/Augustin-Tine.jpg\",\"datePublished\":\"2022-08-26T10:36:30+00:00\",\"breadcrumb\":{\"@id\":\"https:\/\/www.public.sn\/index.php\/2022\/08\/26\/sonko-surtout-pas-en-direction-des-forces-armees-par-augustin-tine\/#breadcrumb\"},\"inLanguage\":\"fr-FR\",\"potentialAction\":[{\"@type\":\"ReadAction\",\"target\":[\"https:\/\/www.public.sn\/index.php\/2022\/08\/26\/sonko-surtout-pas-en-direction-des-forces-armees-par-augustin-tine\/\"]}]},{\"@type\":\"ImageObject\",\"inLanguage\":\"fr-FR\",\"@id\":\"https:\/\/www.public.sn\/index.php\/2022\/08\/26\/sonko-surtout-pas-en-direction-des-forces-armees-par-augustin-tine\/#primaryimage\",\"url\":\"https:\/\/www.public.sn\/wp-content\/uploads\/2022\/08\/Augustin-Tine.jpg\",\"contentUrl\":\"https:\/\/www.public.sn\/wp-content\/uploads\/2022\/08\/Augustin-Tine.jpg\",\"width\":1280,\"height\":720},{\"@type\":\"BreadcrumbList\",\"@id\":\"https:\/\/www.public.sn\/index.php\/2022\/08\/26\/sonko-surtout-pas-en-direction-des-forces-armees-par-augustin-tine\/#breadcrumb\",\"itemListElement\":[{\"@type\":\"ListItem\",\"position\":1,\"name\":\"Accueil\",\"item\":\"https:\/\/www.public.sn\/\"},{\"@type\":\"ListItem\",\"position\":2,\"name\":\"Sonko, surtout, pas en direction des forces arm\u00e9es. (Par Augustin Tine)\"}]},{\"@type\":\"WebSite\",\"@id\":\"https:\/\/www.public.sn\/#website\",\"url\":\"https:\/\/www.public.sn\/\",\"name\":\"LE PUBLIC\",\"description\":\"\",\"publisher\":{\"@id\":\"https:\/\/www.public.sn\/#organization\"},\"potentialAction\":[{\"@type\":\"SearchAction\",\"target\":{\"@type\":\"EntryPoint\",\"urlTemplate\":\"https:\/\/www.public.sn\/?s={search_term_string}\"},\"query-input\":{\"@type\":\"PropertyValueSpecification\",\"valueRequired\":true,\"valueName\":\"search_term_string\"}}],\"inLanguage\":\"fr-FR\"},{\"@type\":\"Organization\",\"@id\":\"https:\/\/www.public.sn\/#organization\",\"name\":\"LE PUBLIC\",\"url\":\"https:\/\/www.public.sn\/\",\"logo\":{\"@type\":\"ImageObject\",\"inLanguage\":\"fr-FR\",\"@id\":\"https:\/\/www.public.sn\/#\/schema\/logo\/image\/\",\"url\":\"https:\/\/www.public.sn\/wp-content\/uploads\/2024\/05\/cropped-LOGO-PUBLIC.SN_.png\",\"contentUrl\":\"https:\/\/www.public.sn\/wp-content\/uploads\/2024\/05\/cropped-LOGO-PUBLIC.SN_.png\",\"width\":682,\"height\":192,\"caption\":\"LE PUBLIC\"},\"image\":{\"@id\":\"https:\/\/www.public.sn\/#\/schema\/logo\/image\/\"}},{\"@type\":\"Person\",\"@id\":\"https:\/\/www.public.sn\/#\/schema\/person\/e3f4a11b037d4203902db148f9bc8d5a\",\"name\":\"LA REDACTION\",\"image\":{\"@type\":\"ImageObject\",\"inLanguage\":\"fr-FR\",\"@id\":\"https:\/\/www.public.sn\/#\/schema\/person\/image\/\",\"url\":\"https:\/\/secure.gravatar.com\/avatar\/d6c030db45db2883c075085c5d6c6258654a801a93766b49af0b82d4f454e2a5?s=96&d=mm&r=g\",\"contentUrl\":\"https:\/\/secure.gravatar.com\/avatar\/d6c030db45db2883c075085c5d6c6258654a801a93766b49af0b82d4f454e2a5?s=96&d=mm&r=g\",\"caption\":\"LA REDACTION\"},\"sameAs\":[\"http:\/\/www.public.sn\"],\"url\":\"https:\/\/www.public.sn\/index.php\/author\/admin7324\/\"}]}<\/script>\n<!-- \/ Yoast SEO plugin. -->","yoast_head_json":{"title":"Sonko, surtout, pas en direction des forces arm\u00e9es. (Par Augustin Tine) - LE PUBLIC","robots":{"index":"index","follow":"follow","max-snippet":"max-snippet:-1","max-image-preview":"max-image-preview:large","max-video-preview":"max-video-preview:-1"},"canonical":"https:\/\/www.public.sn\/index.php\/2022\/08\/26\/sonko-surtout-pas-en-direction-des-forces-armees-par-augustin-tine\/","og_locale":"fr_FR","og_type":"article","og_title":"Sonko, surtout, pas en direction des forces arm\u00e9es. (Par Augustin Tine) - LE PUBLIC","og_description":"La derni\u00e8re d&rsquo;Ousmane Sonko n&rsquo;a pas laiss\u00e9 indiff\u00e9rents les acteurs politiques du pouvoir. Elle continuer de faire r\u00e9agir le r\u00e9gime et ceux qui l&rsquo;incarnent. Cette fois-ci c&rsquo;est l&rsquo;ancien ministre des Forces Arm\u00e9es, Augustin Tine qui sort de sa r\u00e9serve pour s&rsquo;en prendre au leader de Pastef. Ousmane Sonko semble faire feu de tout bois dans ses inlassables tentatives de jeter le discr\u00e9dit et l\u2019opprobre sur le Pr\u00e9sident Macky Sall et son gouvernement en faisant sienne, la boutade qui veut qu\u2019\u00ab en politique, tous les coups sont permis \u00bb. Seulement, il est important qu\u2019il sache qu\u2019une telle r\u00e9flexion ne peut prosp\u00e9rer partout et malheureusement, plus qu\u2019attaquer lesdites cibles, Sonko est, par une telle d\u00e9claration d\u00e9nu\u00e9e de tout fondement et honteusement mensong\u00e8re pour un responsable de sa trempe, en train de jouer avec le feu et ne semble pas du tout appr\u00e9hender le s\u00e9rieux de la situation s\u00e9curitaire de notre voisin le Mali avec qui nous entretenons des relations de fraternit\u00e9 et d\u2019amiti\u00e9 que notre histoire commune et notre g\u00e9ographie nous imposent. C\u2019est la raison pour laquelle ma qualit\u00e9 d\u2019ancien ministre des Forces Arm\u00e9es de mon pays, en poste lors de la mise en \u0153uvre de cette mission qui se d\u00e9roule encore au Mali dans le cadre de la MINUSMA m\u2019interdit de me taire devant de telles contre-v\u00e9rit\u00e9s. C\u2019est pourquoi, je m\u2019inscris en faux contre de tels propos d\u2019une extr\u00eame l\u00e9g\u00e8ret\u00e9 venant d\u2019un homme qui ambitionne de diriger notre pays. Si Sonko \u00e9tait plus s\u00e9rieux et cr\u00e9dible, il aurait compris que ces maux qui gangr\u00e8nent la soci\u00e9t\u00e9 malienne au point de d\u00e9boucher sur cette situation sont les choses du monde les mieux partag\u00e9es dans notre sous-r\u00e9gion. Par cons\u00e9quent, si nous en sommes jusqu\u2019\u00e0 pr\u00e9sent \u00e9pargn\u00e9s c\u2019est surtout gr\u00e2ce \u00e0 la capacit\u00e9 d\u2019anticipation permanente du chef de l\u2019\u00c9tat Macky SALL mais aussi et surtout au professionnalisme, \u00e0 l\u2019abn\u00e9gation et \u00e0 la vigilance de nos forces de d\u00e9fense et de s\u00e9curit\u00e9. Sans faire dans le catastrophisme de mauvais aloi, il demeure ind\u00e9niable que si nous manquons de nous accorder sur ces questions \u00e9l\u00e9mentaires mais, \u00f4 combien cruciales de notre s\u00e9curit\u00e9 collective et de la d\u00e9fense nationale, gageons que le Mali pourrait pr\u00e9figurer nos \u00e9preuves de demain. Il pourrait \u00eatre ce laboratoire des alternatives quasi in\u00e9luctables. Alors, pour notre s\u00e9curit\u00e9, faisons-nous un point d\u2019honneur de croire, \u00e0 l\u2019instar du Pr\u00e9sident Macky Sall que : \u00ab le Mali sera, ou nous ne serons pas \u00bb. Voil\u00e0 qui explique pourquoi l\u2019engagement de l\u2019arm\u00e9e s\u00e9n\u00e9galaise en R\u00e9publique malienne est constant depuis 2013, avec un syst\u00e8me de rotations et de rel\u00e8vements p\u00e9riodiques des effectifs engag\u00e9s. Que chacun se tienne pour dit que rien ni personne ne pourra d\u00e9partir notre pays de cela, \u00e0 moins que les menaces que nous percevons de la situation actuelle soient totalement \u00e9teintes. Il faut comprendre que cet engagement au Mali, en plus d\u2019\u00eatre strat\u00e9gique et institutionnel, ob\u00e9it \u00e0 une vieille tradition. D\u00e8s 1960 d\u00e9j\u00e0, l\u2019arm\u00e9e nationale envoie des troupes pour des missions de maintien et de r\u00e9tablissement de la paix dans le cadre des Nations Unies, posture qui fait du S\u00e9n\u00e9gal, \u00e0 travers son arm\u00e9e, le huiti\u00e8me contributeur de troupes pour les Nations Unies avec comme avantages av\u00e9r\u00e9s : l\u2019entrainement permanent de nos soldats sur de r\u00e9elles zones de guerres, l\u2019acquisition de nouveaux \u00e9quipements et d\u2019expertise permettant de faire face aux nombreuses menaces asym\u00e9triques. Au nom des ambitions qu\u2019Ousmane Sonko pr\u00e9tend nourrir pour le S\u00e9n\u00e9gal, il ne devrait ignorer que notre engagement au Mali r\u00e9pond \u00e0 un besoin hautement s\u00e9curitaire pour notre pays dont le seul objectif est de voir nos voisins et, plus particuli\u00e8rement, le Mali, renouer avec les jours de paix et de stabilit\u00e9. La chute de Kadhafi en 2011 a provoqu\u00e9 l\u2019ouverture d\u2019un grand boulevard d\u2019ins\u00e9curit\u00e9 et une libre circulation de la plupart des combattants djihadistes (Niger-Nig\u00e9ria-Tchad-Burkina-Mali), circulation qui s\u2019est arr\u00eat\u00e9e, pour le moment, en territoire malien, gr\u00e2ce \u00e0 l\u2019immense travail de veille, d\u2019alerte et d\u2019anticipation de nos infatigables Forces de D\u00e9fense et de S\u00e9curit\u00e9 (FDS). Au demeurant, il importe de relever que cet engagement n\u2019est aucunement assujetti \u00e0 la France, mais au contraire, r\u00e9pond \u00e0 notre besoin de s\u00e9curit\u00e9, de stabilit\u00e9 et de paix, mais aussi et surtout, \u00e0 la solidarit\u00e9 envers un pays fr\u00e8re qui, il faut le rappeler, a partag\u00e9 avec le S\u00e9n\u00e9gal un m\u00eame drapeau et un m\u00eame \u00c9tat dans le cadre de la F\u00e9d\u00e9ration du Mali. Si d\u2019aventure, Ousmane Sonko ignore ces v\u00e9rit\u00e9s basiques des fondements de la s\u00e9curit\u00e9 nationale, qu\u2019il se r\u00e9solve, en toute humilit\u00e9, \u00e0 les assimiler et les prendre en compte pour l\u2019avenir. Mais si, par ailleurs, il les avait assimil\u00e9es mais continue, n\u00e9anmoins, \u00e0 les \u00e9voquer comme il vient de le faire avec d\u00e9sinvolture et l\u00e9g\u00e8ret\u00e9, il aura fini de manifester \u00e0 la face du monde, son m\u00e9pris pour notre cher S\u00e9n\u00e9gal et ses voisins mais surtout son indignit\u00e9 \u00e0 jouir d\u2019une once de cr\u00e9dibilit\u00e9 dans ce pays. \u200bNous sommes en droit de t\u2019exiger d\u2019avoir un peu plus de retenue lorsque tu parles de choses aussi d\u00e9licates et que tu ne maitrises absolument pas. Assez de ces turpitudes. Le S\u00e9n\u00e9gal est trop important et pr\u00e9cieux pour qu\u2019il soit trait\u00e9 en un jouet de garnement. Augustin TINEAncien Ministre des ForcesArm\u00e9es (MFA) du S\u00e9n\u00e9gal. R\u00e9dactions Public SN","og_url":"https:\/\/www.public.sn\/index.php\/2022\/08\/26\/sonko-surtout-pas-en-direction-des-forces-armees-par-augustin-tine\/","og_site_name":"LE PUBLIC","article_published_time":"2022-08-26T10:36:30+00:00","og_image":[{"width":1280,"height":720,"url":"https:\/\/www.public.sn\/wp-content\/uploads\/2022\/08\/Augustin-Tine.jpg","type":"image\/jpeg"}],"author":"LA REDACTION","twitter_card":"summary_large_image","twitter_misc":{"\u00c9crit par":"LA REDACTION","Dur\u00e9e de lecture estim\u00e9e":"5 minutes"},"schema":{"@context":"https:\/\/schema.org","@graph":[{"@type":"Article","@id":"https:\/\/www.public.sn\/index.php\/2022\/08\/26\/sonko-surtout-pas-en-direction-des-forces-armees-par-augustin-tine\/#article","isPartOf":{"@id":"https:\/\/www.public.sn\/index.php\/2022\/08\/26\/sonko-surtout-pas-en-direction-des-forces-armees-par-augustin-tine\/"},"author":{"name":"LA REDACTION","@id":"https:\/\/www.public.sn\/#\/schema\/person\/e3f4a11b037d4203902db148f9bc8d5a"},"headline":"Sonko, surtout, pas en direction des forces arm\u00e9es. (Par Augustin Tine)","datePublished":"2022-08-26T10:36:30+00:00","mainEntityOfPage":{"@id":"https:\/\/www.public.sn\/index.php\/2022\/08\/26\/sonko-surtout-pas-en-direction-des-forces-armees-par-augustin-tine\/"},"wordCount":1004,"commentCount":0,"publisher":{"@id":"https:\/\/www.public.sn\/#organization"},"image":{"@id":"https:\/\/www.public.sn\/index.php\/2022\/08\/26\/sonko-surtout-pas-en-direction-des-forces-armees-par-augustin-tine\/#primaryimage"},"thumbnailUrl":"https:\/\/www.public.sn\/wp-content\/uploads\/2022\/08\/Augustin-Tine.jpg","articleSection":["POLITIQUE","SOCIETE"],"inLanguage":"fr-FR","potentialAction":[{"@type":"CommentAction","name":"Comment","target":["https:\/\/www.public.sn\/index.php\/2022\/08\/26\/sonko-surtout-pas-en-direction-des-forces-armees-par-augustin-tine\/#respond"]}]},{"@type":"WebPage","@id":"https:\/\/www.public.sn\/index.php\/2022\/08\/26\/sonko-surtout-pas-en-direction-des-forces-armees-par-augustin-tine\/","url":"https:\/\/www.public.sn\/index.php\/2022\/08\/26\/sonko-surtout-pas-en-direction-des-forces-armees-par-augustin-tine\/","name":"Sonko, surtout, pas en direction des forces arm\u00e9es. (Par Augustin Tine) - LE PUBLIC","isPartOf":{"@id":"https:\/\/www.public.sn\/#website"},"primaryImageOfPage":{"@id":"https:\/\/www.public.sn\/index.php\/2022\/08\/26\/sonko-surtout-pas-en-direction-des-forces-armees-par-augustin-tine\/#primaryimage"},"image":{"@id":"https:\/\/www.public.sn\/index.php\/2022\/08\/26\/sonko-surtout-pas-en-direction-des-forces-armees-par-augustin-tine\/#primaryimage"},"thumbnailUrl":"https:\/\/www.public.sn\/wp-content\/uploads\/2022\/08\/Augustin-Tine.jpg","datePublished":"2022-08-26T10:36:30+00:00","breadcrumb":{"@id":"https:\/\/www.public.sn\/index.php\/2022\/08\/26\/sonko-surtout-pas-en-direction-des-forces-armees-par-augustin-tine\/#breadcrumb"},"inLanguage":"fr-FR","potentialAction":[{"@type":"ReadAction","target":["https:\/\/www.public.sn\/index.php\/2022\/08\/26\/sonko-surtout-pas-en-direction-des-forces-armees-par-augustin-tine\/"]}]},{"@type":"ImageObject","inLanguage":"fr-FR","@id":"https:\/\/www.public.sn\/index.php\/2022\/08\/26\/sonko-surtout-pas-en-direction-des-forces-armees-par-augustin-tine\/#primaryimage","url":"https:\/\/www.public.sn\/wp-content\/uploads\/2022\/08\/Augustin-Tine.jpg","contentUrl":"https:\/\/www.public.sn\/wp-content\/uploads\/2022\/08\/Augustin-Tine.jpg","width":1280,"height":720},{"@type":"BreadcrumbList","@id":"https:\/\/www.public.sn\/index.php\/2022\/08\/26\/sonko-surtout-pas-en-direction-des-forces-armees-par-augustin-tine\/#breadcrumb","itemListElement":[{"@type":"ListItem","position":1,"name":"Accueil","item":"https:\/\/www.public.sn\/"},{"@type":"ListItem","position":2,"name":"Sonko, surtout, pas en direction des forces arm\u00e9es. (Par Augustin Tine)"}]},{"@type":"WebSite","@id":"https:\/\/www.public.sn\/#website","url":"https:\/\/www.public.sn\/","name":"LE PUBLIC","description":"","publisher":{"@id":"https:\/\/www.public.sn\/#organization"},"potentialAction":[{"@type":"SearchAction","target":{"@type":"EntryPoint","urlTemplate":"https:\/\/www.public.sn\/?s={search_term_string}"},"query-input":{"@type":"PropertyValueSpecification","valueRequired":true,"valueName":"search_term_string"}}],"inLanguage":"fr-FR"},{"@type":"Organization","@id":"https:\/\/www.public.sn\/#organization","name":"LE PUBLIC","url":"https:\/\/www.public.sn\/","logo":{"@type":"ImageObject","inLanguage":"fr-FR","@id":"https:\/\/www.public.sn\/#\/schema\/logo\/image\/","url":"https:\/\/www.public.sn\/wp-content\/uploads\/2024\/05\/cropped-LOGO-PUBLIC.SN_.png","contentUrl":"https:\/\/www.public.sn\/wp-content\/uploads\/2024\/05\/cropped-LOGO-PUBLIC.SN_.png","width":682,"height":192,"caption":"LE PUBLIC"},"image":{"@id":"https:\/\/www.public.sn\/#\/schema\/logo\/image\/"}},{"@type":"Person","@id":"https:\/\/www.public.sn\/#\/schema\/person\/e3f4a11b037d4203902db148f9bc8d5a","name":"LA REDACTION","image":{"@type":"ImageObject","inLanguage":"fr-FR","@id":"https:\/\/www.public.sn\/#\/schema\/person\/image\/","url":"https:\/\/secure.gravatar.com\/avatar\/d6c030db45db2883c075085c5d6c6258654a801a93766b49af0b82d4f454e2a5?s=96&d=mm&r=g","contentUrl":"https:\/\/secure.gravatar.com\/avatar\/d6c030db45db2883c075085c5d6c6258654a801a93766b49af0b82d4f454e2a5?s=96&d=mm&r=g","caption":"LA REDACTION"},"sameAs":["http:\/\/www.public.sn"],"url":"https:\/\/www.public.sn\/index.php\/author\/admin7324\/"}]}},"jetpack_featured_media_url":"https:\/\/www.public.sn\/wp-content\/uploads\/2022\/08\/Augustin-Tine.jpg","jetpack_sharing_enabled":true,"_links":{"self":[{"href":"https:\/\/www.public.sn\/index.php\/wp-json\/wp\/v2\/posts\/668","targetHints":{"allow":["GET"]}}],"collection":[{"href":"https:\/\/www.public.sn\/index.php\/wp-json\/wp\/v2\/posts"}],"about":[{"href":"https:\/\/www.public.sn\/index.php\/wp-json\/wp\/v2\/types\/post"}],"author":[{"embeddable":true,"href":"https:\/\/www.public.sn\/index.php\/wp-json\/wp\/v2\/users\/1"}],"replies":[{"embeddable":true,"href":"https:\/\/www.public.sn\/index.php\/wp-json\/wp\/v2\/comments?post=668"}],"version-history":[{"count":1,"href":"https:\/\/www.public.sn\/index.php\/wp-json\/wp\/v2\/posts\/668\/revisions"}],"predecessor-version":[{"id":670,"href":"https:\/\/www.public.sn\/index.php\/wp-json\/wp\/v2\/posts\/668\/revisions\/670"}],"wp:featuredmedia":[{"embeddable":true,"href":"https:\/\/www.public.sn\/index.php\/wp-json\/wp\/v2\/media\/669"}],"wp:attachment":[{"href":"https:\/\/www.public.sn\/index.php\/wp-json\/wp\/v2\/media?parent=668"}],"wp:term":[{"taxonomy":"category","embeddable":true,"href":"https:\/\/www.public.sn\/index.php\/wp-json\/wp\/v2\/categories?post=668"},{"taxonomy":"post_tag","embeddable":true,"href":"https:\/\/www.public.sn\/index.php\/wp-json\/wp\/v2\/tags?post=668"}],"curies":[{"name":"wp","href":"https:\/\/api.w.org\/{rel}","templated":true}]}}