{"id":6710,"date":"2022-11-02T14:33:10","date_gmt":"2022-11-02T14:33:10","guid":{"rendered":"https:\/\/www.public.sn\/?p=6710"},"modified":"2022-11-02T14:33:12","modified_gmt":"2022-11-02T14:33:12","slug":"medias-vers-les-assises-de-la-presse","status":"publish","type":"post","link":"https:\/\/www.public.sn\/index.php\/2022\/11\/02\/medias-vers-les-assises-de-la-presse\/","title":{"rendered":"Media\u015f\u00a0: Vers les Assises de la Presse."},"content":{"rendered":"\n<p><\/p>\n\n\n\n<p><strong>La Coordination des Associations de la Presse (Cap), compte tenir prochainement des assises. L\u2019objectif est de voir les moyens \u00e0 prendre afin de r\u00e9fl\u00e9chir sur le m\u00e9tier.<\/strong><\/p><div class=\"publi-paragraphe1\" style=\"margin-top: 10px;margin-bottom: 10px;margin-left: auto;margin-right: auto;text-align: center;\" id=\"publi-2781699637\"><div class=\"publi-adlabel\">Publicit\u00e9<\/div><script async src=\"\/\/pagead2.googlesyndication.com\/pagead\/js\/adsbygoogle.js?client=ca-pub-4089586018074219\" crossorigin=\"anonymous\"><\/script><ins class=\"adsbygoogle\" style=\"display:block;\" data-ad-client=\"ca-pub-4089586018074219\" \ndata-ad-slot=\"2087940154\" \ndata-ad-format=\"auto\"><\/ins>\n<script> \n(adsbygoogle = window.adsbygoogle || []).push({}); \n<\/script>\n<\/div>\n\n\n\n<p><\/p>\n\n\n\n<p>Un &nbsp;atelier s\u2019est tenu, les 29 et 30 octobre dernier, \u00e0 Toubab Dialaw, a \u00e9t\u00e9 le cadre de r\u00e9flexion sur les probl\u00e9matiques des m\u00e9dias. Voici en int\u00e9gralit\u00e9 la d\u00e9claration du CAP.<\/p>\n\n\n\n<p>Nous, acteurs de la presse s\u00e9n\u00e9galaise, \u00e0 travers la Coordination des Associations de Presse (CAP) qui a organis\u00e9 un atelier de deux jours, les 29 et 30 octobre 2022 \u00e0 Toubab Dialaw, avons men\u00e9 de profondes r\u00e9flexions sur les enjeux et les d\u00e9fis du secteur des m\u00e9dias s\u00e9n\u00e9galais.<\/p>\n\n\n\n<p><\/p>\n\n\n\n<p>T\u00e9moins privil\u00e9gi\u00e9s de la vie sociale, politique, \u00e9conomique, culturelle et religieuse, les acteurs des m\u00e9dias que nous sommes, prenons le soin de partager cette D\u00e9claration de Toubab Dialaw pour \u00e9difier l\u2019opinion sur la situation pr\u00e9caire des m\u00e9dias s\u00e9n\u00e9galais et sur les options de sortie de crise que nous pr\u00e9conisons<\/p>\n\n\n\n<p>La retraite \u00e0 Toubab Dialaw a \u00e9t\u00e9 un moment privil\u00e9gi\u00e9 de r\u00e9flexions et de partage\u00a0 qui a permis de passer en revue les contraintes et les menaces sur les entreprises de presse et sur les journalistes et professionnels des m\u00e9dias au S\u00e9n\u00e9gal.<\/p>\n\n\n\n<p><\/p>\n\n\n\n<p>En effet, la presse s\u00e9n\u00e9galaise est \u00e0 la crois\u00e9e des chemins, \u00e9voluant dans un environnement pr\u00e9caire pour les entreprises de presse et pour les hommes de m\u00e9dia. Secteur important, la presse s\u00e9n\u00e9galaise n\u2019en pr\u00e9sente pas moins des opportunit\u00e9s notamment dans le secteur num\u00e9rique et digital, \u00e9tant d\u00e9j\u00e0 un secteur cr\u00e9ateur d\u2019emplois, de richesses et de valeur ajout\u00e9e, contribuant ainsi \u00e0 la formation du Produit int\u00e9rieur brut.<\/p>\n\n\n\n<p>Pour m\u00e9moire, la CAP est un cadre unitaire regroupant les associations de presse au S\u00e9n\u00e9gal ayant pour objectif, \u00e0 travers la r\u00e9flexion, d\u2019instaurer un cercle d\u2019\u00e9changes sur les probl\u00e9matiques des m\u00e9dias.\u00a0 C\u2019est ainsi que les membres de la CAP ont unanimement d\u00e9cid\u00e9 de tenir prochainement les Assises de la Presse pour, au-del\u00e0 des contraintes du secteur, proposer des solutions durables.<\/p>\n\n\n\n<p><\/p>\n\n\n\n<p>Ces assises de la presse vont permettre d\u2019asseoir une presse libre professionnelle, responsable et libre et faire \u00e9merger des entreprises de presse fortes pour des m\u00e9dias cr\u00e9dibles et respect\u00e9s.&nbsp;<\/p>\n\n\n\n<p>Nous, acteurs de la presse et membres de la CAP, d\u00e9plorons les principaux maux dont souffre aujourd\u2019hui la presse s\u00e9n\u00e9galaise:<\/p>\n\n\n\n<p>&#8211;&nbsp;&nbsp;&nbsp;&nbsp;&nbsp;&nbsp;&nbsp;&nbsp;&nbsp; la situation pr\u00e9caire des entreprises de presse,<\/p>\n\n\n\n<p>&#8211;&nbsp;&nbsp;&nbsp;&nbsp;&nbsp;&nbsp;&nbsp;&nbsp;&nbsp; les difficiles conditions de travail et de vie des acteurs des m\u00e9dias,<\/p>\n\n\n\n<p>&#8211;&nbsp;&nbsp;&nbsp;&nbsp;&nbsp;&nbsp;&nbsp;&nbsp;&nbsp; la probl\u00e9matique de la gouvernance des m\u00e9dias publics,<\/p>\n\n\n\n<p>&#8211;&nbsp;&nbsp;&nbsp;&nbsp;&nbsp;&nbsp;&nbsp;&nbsp;&nbsp; les attaques r\u00e9p\u00e9t\u00e9es contre les journalistes et les techniciens des m\u00e9dias,<\/p>\n\n\n\n<p>&#8211;&nbsp;&nbsp;&nbsp;&nbsp;&nbsp;&nbsp;&nbsp;&nbsp;&nbsp; les d\u00e9fis et enjeux de la formation des hommes et femmes de m\u00e9dias,<\/p>\n\n\n\n<p>&#8211;&nbsp;&nbsp;&nbsp;&nbsp;&nbsp;&nbsp;&nbsp;&nbsp;&nbsp; la faiblesse de la qualit\u00e9 des contenus dans les m\u00e9dias,<\/p>\n\n\n\n<p>&#8211;&nbsp;&nbsp;&nbsp;&nbsp;&nbsp;&nbsp;&nbsp;&nbsp;&nbsp; le non-respect des r\u00e8gles d\u2019\u00e9thique et de d\u00e9ontologie,<\/p>\n\n\n\n<p>&#8211;&nbsp;&nbsp;&nbsp;&nbsp;&nbsp;&nbsp;&nbsp;&nbsp;&nbsp; etc.<\/p>\n\n\n\n<p><\/p>\n\n\n\n<p>Ayant \u00e9valu\u00e9 le niveau alarmant de la situation dans laquelle \u00e9volue la presse s\u00e9n\u00e9galaise, nous membres de la CAP appelons les autorit\u00e9s publiques \u00e0 accompagner les m\u00e9dias pour un environnement plus favorable aux entreprises de presse, publiques comme priv\u00e9es.<\/p>\n\n\n\n<p>Nous, membres de la CAP, exprimons nos profondes pr\u00e9occupations par rapport \u00e0 plusieurs probl\u00e9matiques pour lesquelles il urge de trouver des solutions pertinentes et durables par une prise en charge efficiente et partag\u00e9e par les acteurs de la presse et les autorit\u00e9s publiques. Ces pr\u00e9occupations concernent :<\/p>\n\n\n\n<p><\/p>\n\n\n\n<p>&#8211;&nbsp;&nbsp;&nbsp;&nbsp;&nbsp;&nbsp;&nbsp;&nbsp;&nbsp; la n\u00e9cessaire r\u00e9gulation du secteur par les autorit\u00e9s publiques, notamment concernant le secteur de l\u2019audiovisuel ;<\/p>\n\n\n\n<p>&#8211;&nbsp;&nbsp;&nbsp;&nbsp;&nbsp;&nbsp;&nbsp;&nbsp;&nbsp; l\u2019\u00e9valuation et la r\u00e9forme du Code de la presse, cinq ann\u00e9es apr\u00e8s son adoption ;<\/p>\n\n\n\n<p>&#8211;&nbsp;&nbsp;&nbsp;&nbsp;&nbsp;&nbsp;&nbsp;&nbsp;&nbsp; la mise \u00e0 niveau du cadre l\u00e9gal et r\u00e9glementaire du secteur de la presse ;<\/p>\n\n\n\n<p>&#8211;&nbsp;&nbsp;&nbsp;&nbsp;&nbsp;&nbsp;&nbsp;&nbsp;&nbsp; le financement ad\u00e9quat des entreprises de presse, publiques comme priv\u00e9es ; suivant des mod\u00e8les \u00e9conomiques pertinents et la mutualisation des moyens dans les m\u00e9dias ;<\/p>\n\n\n\n<p>&#8211;&nbsp;&nbsp;&nbsp;&nbsp;&nbsp;&nbsp;&nbsp;&nbsp;&nbsp; la prise en compte des int\u00e9r\u00eats des entreprises de presse dans le futur Code de la publicit\u00e9 ;<\/p>\n\n\n\n<p>&#8211;&nbsp;&nbsp;&nbsp;&nbsp;&nbsp;&nbsp;&nbsp;&nbsp;&nbsp; la n\u00e9cessaire prise en compte de la digitalisation et de la transition num\u00e9riques ;<\/p>\n\n\n\n<p>&#8211;&nbsp;&nbsp;&nbsp;&nbsp;&nbsp;&nbsp; &nbsp;&nbsp;&nbsp;l\u2019auto-r\u00e9gulation par les acteurs du secteur pour une prise en charge des r\u00e9currents probl\u00e8mes d\u2019\u00e9thique et de d\u00e9ontologie;<\/p>\n\n\n\n<p>&#8211;&nbsp;&nbsp;&nbsp;&nbsp;&nbsp;&nbsp;&nbsp;&nbsp;&nbsp; Les menaces que constituent les R\u00e9seaux sociaux comme support d\u2019information ;<\/p>\n\n\n\n<p>&#8211;&nbsp;&nbsp;&nbsp;&nbsp;&nbsp;&nbsp;&nbsp;&nbsp;&nbsp; La prise en charge de la formation dans les m\u00e9tiers des m\u00e9dias, \u00e0 travers la formation acad\u00e9mique et celle pratique de terrain ;<\/p>\n\n\n\n<p>&#8211;&nbsp;&nbsp;&nbsp;&nbsp;&nbsp;&nbsp;&nbsp;&nbsp;&nbsp; la situation pr\u00e9caire des femmes dans les m\u00e9dias ;<\/p>\n\n\n\n<p>&#8211;&nbsp;&nbsp;&nbsp;&nbsp;&nbsp;&nbsp;&nbsp;&nbsp;&nbsp; l\u2019arr\u00eat et la condamnation sans appel des agressions physiques et verbales subies par les entreprises et acteurs de la presse, agressions par des FDS, des militants politiques, etc. ;<\/p>\n\n\n\n<p>&#8211;&nbsp;&nbsp;&nbsp;&nbsp;&nbsp;&nbsp;&nbsp;&nbsp;&nbsp; l\u2019adoption d\u2019un code de conduite pour les m\u00e9dias et une meilleure solidarit\u00e9 entre les acteurs du secteur ;<\/p>\n\n\n\n<p>&#8211;&nbsp;&nbsp;&nbsp;&nbsp;&nbsp;&nbsp;&nbsp;&nbsp;&nbsp; Etc.<\/p>\n\n\n\n<p>Ce diagnostic sans complaisance du paysage m\u00e9diatique s\u00e9n\u00e9galais qui a fini d\u2019inqui\u00e9ter une bonne partie de l\u2019opinion a amen\u00e9 les participants \u00e0 envisager la tenue des Assises de la presse qui permettront de concevoir une strat\u00e9gie globale de prise en charge durable des probl\u00e9matiques soulev\u00e9es.<\/p>\n\n\n\n<p>Ces Assises vont relever d\u2019une d\u00e9marche collective et inclusive de toutes les organisations professionnelles des m\u00e9dias pour d\u00e9finir un plan d\u2019actions strat\u00e9giques du secteur de la presse.<\/p>\n\n\n\n<p>A travers des r\u00e9flexions crois\u00e9es, nous, membres de la CAP, insistons sur l\u2019urgence de :<\/p>\n\n\n\n<p>&#8211;&nbsp;&nbsp;&nbsp;&nbsp;&nbsp; la d\u00e9finition d\u2019un plan d\u2019actions sur les contraintes du secteur et les solutions p\u00e9rennes \u00e0 envisager ;<\/p>\n\n\n\n<p>&#8211;&nbsp;&nbsp;&nbsp;&nbsp;&nbsp; la sensibilisation des pouvoirs publics sur la n\u00e9cessaire augmentation des appuis financiers aux entreprises de presse, publiques comme priv\u00e9es ;<\/p>\n\n\n\n<p>&#8211;&nbsp;&nbsp;&nbsp;&nbsp;&nbsp; l\u2019\u00e9tablissement d\u2019un plan de formation initiale et continue des travailleurs des m\u00e9dias;<\/p>\n\n\n\n<p>&#8211;&nbsp;&nbsp;&nbsp;&nbsp;&nbsp; l\u2019assainissement du secteur de la formation des journalistes notamment \u00e0 travers les&nbsp; \u00e9coles priv\u00e9es qui essaiment au S\u00e9n\u00e9gal.<\/p>\n\n\n\n<p>A ces assises seront convi\u00e9s les pouvoirs publics, la CAP va adopter une d\u00e9marche inclusive, en invitant \u00e0 participer \u00e0 la r\u00e9flexion la soci\u00e9t\u00e9 civile, le secteur priv\u00e9, les cercles religieux, les bailleurs de fonds et les organismes de soutien aux m\u00e9dias.&nbsp; Les bases de la feuille de route de ces assises de la presse ont d\u00e9j\u00e0 \u00e9t\u00e9 d\u00e9clin\u00e9es par les acteurs pour des strat\u00e9gies de sortie de crise largement partag\u00e9es.<\/p>\n\n\n\n<p>Samba SY.<\/p>\n<div class=\"publi-apres-le-contenu\" style=\"margin-top: 10px;margin-bottom: 10px;margin-left: auto;margin-right: auto;text-align: center;\" id=\"publi-1614082960\"><div class=\"publi-adlabel\">Publicit\u00e9<\/div><script async src=\"\/\/pagead2.googlesyndication.com\/pagead\/js\/adsbygoogle.js?client=ca-pub-4089586018074219\" crossorigin=\"anonymous\"><\/script><ins class=\"adsbygoogle\" style=\"display:block;\" data-ad-client=\"ca-pub-4089586018074219\" \ndata-ad-slot=\"2087940154\" \ndata-ad-format=\"auto\"><\/ins>\n<script> \n(adsbygoogle = window.adsbygoogle || []).push({}); \n<\/script>\n<\/div>","protected":false},"excerpt":{"rendered":"<p>La Coordination des Associations de la Presse (Cap), compte tenir prochainement des assises. L\u2019objectif est de voir les moyens \u00e0 prendre afin de r\u00e9fl\u00e9chir sur le m\u00e9tier. Un &nbsp;atelier s\u2019est tenu, les 29 et 30 octobre dernier, \u00e0 Toubab Dialaw, a \u00e9t\u00e9 le cadre de r\u00e9flexion sur les probl\u00e9matiques des m\u00e9dias. Voici en int\u00e9gralit\u00e9 la d\u00e9claration du CAP. Nous, acteurs de la presse s\u00e9n\u00e9galaise, \u00e0 travers la Coordination des Associations de Presse (CAP) qui a organis\u00e9 un atelier de deux jours, les 29 et 30 octobre 2022 \u00e0 Toubab Dialaw, avons men\u00e9 de profondes r\u00e9flexions sur les enjeux et les d\u00e9fis du secteur des m\u00e9dias s\u00e9n\u00e9galais. T\u00e9moins privil\u00e9gi\u00e9s de la vie sociale, politique, \u00e9conomique, culturelle et religieuse, les acteurs des m\u00e9dias que nous sommes, prenons le soin de partager cette D\u00e9claration de Toubab Dialaw pour \u00e9difier l\u2019opinion sur la situation pr\u00e9caire des m\u00e9dias s\u00e9n\u00e9galais et sur les options de sortie de crise que nous pr\u00e9conisons La retraite \u00e0 Toubab Dialaw a \u00e9t\u00e9 un moment privil\u00e9gi\u00e9 de r\u00e9flexions et de partage\u00a0 qui a permis de passer en revue les contraintes et les menaces sur les entreprises de presse et sur les journalistes et professionnels des m\u00e9dias au S\u00e9n\u00e9gal. En effet, la presse s\u00e9n\u00e9galaise est \u00e0 la crois\u00e9e des chemins, \u00e9voluant dans un environnement pr\u00e9caire pour les entreprises de presse et pour les hommes de m\u00e9dia. Secteur important, la presse s\u00e9n\u00e9galaise n\u2019en pr\u00e9sente pas moins des opportunit\u00e9s notamment dans le secteur num\u00e9rique et digital, \u00e9tant d\u00e9j\u00e0 un secteur cr\u00e9ateur d\u2019emplois, de richesses et de valeur ajout\u00e9e, contribuant ainsi \u00e0 la formation du Produit int\u00e9rieur brut. Pour m\u00e9moire, la CAP est un cadre unitaire regroupant les associations de presse au S\u00e9n\u00e9gal ayant pour objectif, \u00e0 travers la r\u00e9flexion, d\u2019instaurer un cercle d\u2019\u00e9changes sur les probl\u00e9matiques des m\u00e9dias.\u00a0 C\u2019est ainsi que les membres de la CAP ont unanimement d\u00e9cid\u00e9 de tenir prochainement les Assises de la Presse pour, au-del\u00e0 des contraintes du secteur, proposer des solutions durables. Ces assises de la presse vont permettre d\u2019asseoir une presse libre professionnelle, responsable et libre et faire \u00e9merger des entreprises de presse fortes pour des m\u00e9dias cr\u00e9dibles et respect\u00e9s.&nbsp; Nous, acteurs de la presse et membres de la CAP, d\u00e9plorons les principaux maux dont souffre aujourd\u2019hui la presse s\u00e9n\u00e9galaise: &#8211;&nbsp;&nbsp;&nbsp;&nbsp;&nbsp;&nbsp;&nbsp;&nbsp;&nbsp; la situation pr\u00e9caire des entreprises de presse, &#8211;&nbsp;&nbsp;&nbsp;&nbsp;&nbsp;&nbsp;&nbsp;&nbsp;&nbsp; les difficiles conditions de travail et de vie des acteurs des m\u00e9dias, &#8211;&nbsp;&nbsp;&nbsp;&nbsp;&nbsp;&nbsp;&nbsp;&nbsp;&nbsp; la probl\u00e9matique de la gouvernance des m\u00e9dias publics, &#8211;&nbsp;&nbsp;&nbsp;&nbsp;&nbsp;&nbsp;&nbsp;&nbsp;&nbsp; les attaques r\u00e9p\u00e9t\u00e9es contre les journalistes et les techniciens des m\u00e9dias, &#8211;&nbsp;&nbsp;&nbsp;&nbsp;&nbsp;&nbsp;&nbsp;&nbsp;&nbsp; les d\u00e9fis et enjeux de la formation des hommes et femmes de m\u00e9dias, &#8211;&nbsp;&nbsp;&nbsp;&nbsp;&nbsp;&nbsp;&nbsp;&nbsp;&nbsp; la faiblesse de la qualit\u00e9 des contenus dans les m\u00e9dias, &#8211;&nbsp;&nbsp;&nbsp;&nbsp;&nbsp;&nbsp;&nbsp;&nbsp;&nbsp; le non-respect des r\u00e8gles d\u2019\u00e9thique et de d\u00e9ontologie, &#8211;&nbsp;&nbsp;&nbsp;&nbsp;&nbsp;&nbsp;&nbsp;&nbsp;&nbsp; etc. Ayant \u00e9valu\u00e9 le niveau alarmant de la situation dans laquelle \u00e9volue la presse s\u00e9n\u00e9galaise, nous membres de la CAP appelons les autorit\u00e9s publiques \u00e0 accompagner les m\u00e9dias pour un environnement plus favorable aux entreprises de presse, publiques comme priv\u00e9es. Nous, membres de la CAP, exprimons nos profondes pr\u00e9occupations par rapport \u00e0 plusieurs probl\u00e9matiques pour lesquelles il urge de trouver des solutions pertinentes et durables par une prise en charge efficiente et partag\u00e9e par les acteurs de la presse et les autorit\u00e9s publiques. Ces pr\u00e9occupations concernent : &#8211;&nbsp;&nbsp;&nbsp;&nbsp;&nbsp;&nbsp;&nbsp;&nbsp;&nbsp; la n\u00e9cessaire r\u00e9gulation du secteur par les autorit\u00e9s publiques, notamment concernant le secteur de l\u2019audiovisuel ; &#8211;&nbsp;&nbsp;&nbsp;&nbsp;&nbsp;&nbsp;&nbsp;&nbsp;&nbsp; l\u2019\u00e9valuation et la r\u00e9forme du Code de la presse, cinq ann\u00e9es apr\u00e8s son adoption ; &#8211;&nbsp;&nbsp;&nbsp;&nbsp;&nbsp;&nbsp;&nbsp;&nbsp;&nbsp; la mise \u00e0 niveau du cadre l\u00e9gal et r\u00e9glementaire du secteur de la presse ; &#8211;&nbsp;&nbsp;&nbsp;&nbsp;&nbsp;&nbsp;&nbsp;&nbsp;&nbsp; le financement ad\u00e9quat des entreprises de presse, publiques comme priv\u00e9es ; suivant des mod\u00e8les \u00e9conomiques pertinents et la mutualisation des moyens dans les m\u00e9dias ; &#8211;&nbsp;&nbsp;&nbsp;&nbsp;&nbsp;&nbsp;&nbsp;&nbsp;&nbsp; la prise en compte des int\u00e9r\u00eats des entreprises de presse dans le futur Code de la publicit\u00e9 ; &#8211;&nbsp;&nbsp;&nbsp;&nbsp;&nbsp;&nbsp;&nbsp;&nbsp;&nbsp; la n\u00e9cessaire prise en compte de la digitalisation et de la transition num\u00e9riques ; &#8211;&nbsp;&nbsp;&nbsp;&nbsp;&nbsp;&nbsp; &nbsp;&nbsp;&nbsp;l\u2019auto-r\u00e9gulation par les acteurs du secteur pour une prise en charge des r\u00e9currents probl\u00e8mes d\u2019\u00e9thique et de d\u00e9ontologie; &#8211;&nbsp;&nbsp;&nbsp;&nbsp;&nbsp;&nbsp;&nbsp;&nbsp;&nbsp; Les menaces que constituent les R\u00e9seaux sociaux comme support d\u2019information ; &#8211;&nbsp;&nbsp;&nbsp;&nbsp;&nbsp;&nbsp;&nbsp;&nbsp;&nbsp; La prise en charge de la formation dans les m\u00e9tiers des m\u00e9dias, \u00e0 travers la formation acad\u00e9mique et celle pratique de terrain ; &#8211;&nbsp;&nbsp;&nbsp;&nbsp;&nbsp;&nbsp;&nbsp;&nbsp;&nbsp; la situation pr\u00e9caire des femmes dans les m\u00e9dias ; &#8211;&nbsp;&nbsp;&nbsp;&nbsp;&nbsp;&nbsp;&nbsp;&nbsp;&nbsp; l\u2019arr\u00eat et la condamnation sans appel des agressions physiques et verbales subies par les entreprises et acteurs de la presse, agressions par des FDS, des militants politiques, etc. ; &#8211;&nbsp;&nbsp;&nbsp;&nbsp;&nbsp;&nbsp;&nbsp;&nbsp;&nbsp; l\u2019adoption d\u2019un code de conduite pour les m\u00e9dias et une meilleure solidarit\u00e9 entre les acteurs du secteur ; &#8211;&nbsp;&nbsp;&nbsp;&nbsp;&nbsp;&nbsp;&nbsp;&nbsp;&nbsp; Etc. Ce diagnostic sans complaisance du paysage m\u00e9diatique s\u00e9n\u00e9galais qui a fini d\u2019inqui\u00e9ter une bonne partie de l\u2019opinion a amen\u00e9 les participants \u00e0 envisager la tenue des Assises de la presse qui permettront de concevoir une strat\u00e9gie globale de prise en charge durable des probl\u00e9matiques soulev\u00e9es. Ces Assises vont relever d\u2019une d\u00e9marche collective et inclusive de toutes les organisations professionnelles des m\u00e9dias pour d\u00e9finir un plan d\u2019actions strat\u00e9giques du secteur de la presse. A travers des r\u00e9flexions crois\u00e9es, nous, membres de la CAP, insistons sur l\u2019urgence de : &#8211;&nbsp;&nbsp;&nbsp;&nbsp;&nbsp; la d\u00e9finition d\u2019un plan d\u2019actions sur les contraintes du secteur et les solutions p\u00e9rennes \u00e0 envisager ; &#8211;&nbsp;&nbsp;&nbsp;&nbsp;&nbsp; la sensibilisation des pouvoirs publics sur la n\u00e9cessaire augmentation des appuis financiers aux entreprises de presse, publiques comme priv\u00e9es ; &#8211;&nbsp;&nbsp;&nbsp;&nbsp;&nbsp; l\u2019\u00e9tablissement d\u2019un plan de formation initiale et continue des travailleurs des m\u00e9dias; &#8211;&nbsp;&nbsp;&nbsp;&nbsp;&nbsp; l\u2019assainissement du secteur de la formation des journalistes notamment \u00e0 travers les&nbsp; \u00e9coles priv\u00e9es qui essaiment au S\u00e9n\u00e9gal. A ces assises seront convi\u00e9s les pouvoirs publics, la CAP va adopter une d\u00e9marche inclusive, en invitant \u00e0 participer \u00e0 la r\u00e9flexion la soci\u00e9t\u00e9 civile, le secteur priv\u00e9, les cercles religieux, les bailleurs de fonds et les organismes de soutien aux m\u00e9dias.&nbsp; Les bases de la feuille de route de ces assises de la presse ont d\u00e9j\u00e0 \u00e9t\u00e9 d\u00e9clin\u00e9es par les acteurs pour des strat\u00e9gies de sortie de crise largement partag\u00e9es. Samba SY.<\/p>\n","protected":false},"author":7,"featured_media":6711,"comment_status":"open","ping_status":"open","sticky":false,"template":"","format":"standard","meta":{"_jetpack_memberships_contains_paid_content":false,"footnotes":""},"categories":[375,961,1],"tags":[1235,1281,2311],"class_list":["post-6710","post","type-post","status-publish","format-standard","has-post-thumbnail","hentry","category-actualites","category-medias","category-non-classe","tag-assises","tag-cap","tag-medias","entry","has-media","owp-thumbs-layout-horizontal","owp-btn-normal","owp-tabs-layout-horizontal","has-no-thumbnails","has-product-nav"],"yoast_head":"<!-- This site is optimized with the Yoast SEO plugin v25.5 - https:\/\/yoast.com\/wordpress\/plugins\/seo\/ -->\n<title>Media\u015f\u00a0: Vers les Assises de la Presse. - LE PUBLIC<\/title>\n<meta name=\"robots\" content=\"index, follow, max-snippet:-1, max-image-preview:large, max-video-preview:-1\" \/>\n<link rel=\"canonical\" href=\"https:\/\/www.public.sn\/index.php\/2022\/11\/02\/medias-vers-les-assises-de-la-presse\/\" \/>\n<meta property=\"og:locale\" content=\"fr_FR\" \/>\n<meta property=\"og:type\" content=\"article\" \/>\n<meta property=\"og:title\" content=\"Media\u015f\u00a0: Vers les Assises de la Presse. - LE PUBLIC\" \/>\n<meta property=\"og:description\" content=\"La Coordination des Associations de la Presse (Cap), compte tenir prochainement des assises. L\u2019objectif est de voir les moyens \u00e0 prendre afin de r\u00e9fl\u00e9chir sur le m\u00e9tier. Un &nbsp;atelier s\u2019est tenu, les 29 et 30 octobre dernier, \u00e0 Toubab Dialaw, a \u00e9t\u00e9 le cadre de r\u00e9flexion sur les probl\u00e9matiques des m\u00e9dias. Voici en int\u00e9gralit\u00e9 la d\u00e9claration du CAP. Nous, acteurs de la presse s\u00e9n\u00e9galaise, \u00e0 travers la Coordination des Associations de Presse (CAP) qui a organis\u00e9 un atelier de deux jours, les 29 et 30 octobre 2022 \u00e0 Toubab Dialaw, avons men\u00e9 de profondes r\u00e9flexions sur les enjeux et les d\u00e9fis du secteur des m\u00e9dias s\u00e9n\u00e9galais. T\u00e9moins privil\u00e9gi\u00e9s de la vie sociale, politique, \u00e9conomique, culturelle et religieuse, les acteurs des m\u00e9dias que nous sommes, prenons le soin de partager cette D\u00e9claration de Toubab Dialaw pour \u00e9difier l\u2019opinion sur la situation pr\u00e9caire des m\u00e9dias s\u00e9n\u00e9galais et sur les options de sortie de crise que nous pr\u00e9conisons La retraite \u00e0 Toubab Dialaw a \u00e9t\u00e9 un moment privil\u00e9gi\u00e9 de r\u00e9flexions et de partage\u00a0 qui a permis de passer en revue les contraintes et les menaces sur les entreprises de presse et sur les journalistes et professionnels des m\u00e9dias au S\u00e9n\u00e9gal. En effet, la presse s\u00e9n\u00e9galaise est \u00e0 la crois\u00e9e des chemins, \u00e9voluant dans un environnement pr\u00e9caire pour les entreprises de presse et pour les hommes de m\u00e9dia. Secteur important, la presse s\u00e9n\u00e9galaise n\u2019en pr\u00e9sente pas moins des opportunit\u00e9s notamment dans le secteur num\u00e9rique et digital, \u00e9tant d\u00e9j\u00e0 un secteur cr\u00e9ateur d\u2019emplois, de richesses et de valeur ajout\u00e9e, contribuant ainsi \u00e0 la formation du Produit int\u00e9rieur brut. Pour m\u00e9moire, la CAP est un cadre unitaire regroupant les associations de presse au S\u00e9n\u00e9gal ayant pour objectif, \u00e0 travers la r\u00e9flexion, d\u2019instaurer un cercle d\u2019\u00e9changes sur les probl\u00e9matiques des m\u00e9dias.\u00a0 C\u2019est ainsi que les membres de la CAP ont unanimement d\u00e9cid\u00e9 de tenir prochainement les Assises de la Presse pour, au-del\u00e0 des contraintes du secteur, proposer des solutions durables. Ces assises de la presse vont permettre d\u2019asseoir une presse libre professionnelle, responsable et libre et faire \u00e9merger des entreprises de presse fortes pour des m\u00e9dias cr\u00e9dibles et respect\u00e9s.&nbsp; Nous, acteurs de la presse et membres de la CAP, d\u00e9plorons les principaux maux dont souffre aujourd\u2019hui la presse s\u00e9n\u00e9galaise: &#8211;&nbsp;&nbsp;&nbsp;&nbsp;&nbsp;&nbsp;&nbsp;&nbsp;&nbsp; la situation pr\u00e9caire des entreprises de presse, &#8211;&nbsp;&nbsp;&nbsp;&nbsp;&nbsp;&nbsp;&nbsp;&nbsp;&nbsp; les difficiles conditions de travail et de vie des acteurs des m\u00e9dias, &#8211;&nbsp;&nbsp;&nbsp;&nbsp;&nbsp;&nbsp;&nbsp;&nbsp;&nbsp; la probl\u00e9matique de la gouvernance des m\u00e9dias publics, &#8211;&nbsp;&nbsp;&nbsp;&nbsp;&nbsp;&nbsp;&nbsp;&nbsp;&nbsp; les attaques r\u00e9p\u00e9t\u00e9es contre les journalistes et les techniciens des m\u00e9dias, &#8211;&nbsp;&nbsp;&nbsp;&nbsp;&nbsp;&nbsp;&nbsp;&nbsp;&nbsp; les d\u00e9fis et enjeux de la formation des hommes et femmes de m\u00e9dias, &#8211;&nbsp;&nbsp;&nbsp;&nbsp;&nbsp;&nbsp;&nbsp;&nbsp;&nbsp; la faiblesse de la qualit\u00e9 des contenus dans les m\u00e9dias, &#8211;&nbsp;&nbsp;&nbsp;&nbsp;&nbsp;&nbsp;&nbsp;&nbsp;&nbsp; le non-respect des r\u00e8gles d\u2019\u00e9thique et de d\u00e9ontologie, &#8211;&nbsp;&nbsp;&nbsp;&nbsp;&nbsp;&nbsp;&nbsp;&nbsp;&nbsp; etc. Ayant \u00e9valu\u00e9 le niveau alarmant de la situation dans laquelle \u00e9volue la presse s\u00e9n\u00e9galaise, nous membres de la CAP appelons les autorit\u00e9s publiques \u00e0 accompagner les m\u00e9dias pour un environnement plus favorable aux entreprises de presse, publiques comme priv\u00e9es. Nous, membres de la CAP, exprimons nos profondes pr\u00e9occupations par rapport \u00e0 plusieurs probl\u00e9matiques pour lesquelles il urge de trouver des solutions pertinentes et durables par une prise en charge efficiente et partag\u00e9e par les acteurs de la presse et les autorit\u00e9s publiques. Ces pr\u00e9occupations concernent : &#8211;&nbsp;&nbsp;&nbsp;&nbsp;&nbsp;&nbsp;&nbsp;&nbsp;&nbsp; la n\u00e9cessaire r\u00e9gulation du secteur par les autorit\u00e9s publiques, notamment concernant le secteur de l\u2019audiovisuel ; &#8211;&nbsp;&nbsp;&nbsp;&nbsp;&nbsp;&nbsp;&nbsp;&nbsp;&nbsp; l\u2019\u00e9valuation et la r\u00e9forme du Code de la presse, cinq ann\u00e9es apr\u00e8s son adoption ; &#8211;&nbsp;&nbsp;&nbsp;&nbsp;&nbsp;&nbsp;&nbsp;&nbsp;&nbsp; la mise \u00e0 niveau du cadre l\u00e9gal et r\u00e9glementaire du secteur de la presse ; &#8211;&nbsp;&nbsp;&nbsp;&nbsp;&nbsp;&nbsp;&nbsp;&nbsp;&nbsp; le financement ad\u00e9quat des entreprises de presse, publiques comme priv\u00e9es ; suivant des mod\u00e8les \u00e9conomiques pertinents et la mutualisation des moyens dans les m\u00e9dias ; &#8211;&nbsp;&nbsp;&nbsp;&nbsp;&nbsp;&nbsp;&nbsp;&nbsp;&nbsp; la prise en compte des int\u00e9r\u00eats des entreprises de presse dans le futur Code de la publicit\u00e9 ; &#8211;&nbsp;&nbsp;&nbsp;&nbsp;&nbsp;&nbsp;&nbsp;&nbsp;&nbsp; la n\u00e9cessaire prise en compte de la digitalisation et de la transition num\u00e9riques ; &#8211;&nbsp;&nbsp;&nbsp;&nbsp;&nbsp;&nbsp; &nbsp;&nbsp;&nbsp;l\u2019auto-r\u00e9gulation par les acteurs du secteur pour une prise en charge des r\u00e9currents probl\u00e8mes d\u2019\u00e9thique et de d\u00e9ontologie; &#8211;&nbsp;&nbsp;&nbsp;&nbsp;&nbsp;&nbsp;&nbsp;&nbsp;&nbsp; Les menaces que constituent les R\u00e9seaux sociaux comme support d\u2019information ; &#8211;&nbsp;&nbsp;&nbsp;&nbsp;&nbsp;&nbsp;&nbsp;&nbsp;&nbsp; La prise en charge de la formation dans les m\u00e9tiers des m\u00e9dias, \u00e0 travers la formation acad\u00e9mique et celle pratique de terrain ; &#8211;&nbsp;&nbsp;&nbsp;&nbsp;&nbsp;&nbsp;&nbsp;&nbsp;&nbsp; la situation pr\u00e9caire des femmes dans les m\u00e9dias ; &#8211;&nbsp;&nbsp;&nbsp;&nbsp;&nbsp;&nbsp;&nbsp;&nbsp;&nbsp; l\u2019arr\u00eat et la condamnation sans appel des agressions physiques et verbales subies par les entreprises et acteurs de la presse, agressions par des FDS, des militants politiques, etc. ; &#8211;&nbsp;&nbsp;&nbsp;&nbsp;&nbsp;&nbsp;&nbsp;&nbsp;&nbsp; l\u2019adoption d\u2019un code de conduite pour les m\u00e9dias et une meilleure solidarit\u00e9 entre les acteurs du secteur ; &#8211;&nbsp;&nbsp;&nbsp;&nbsp;&nbsp;&nbsp;&nbsp;&nbsp;&nbsp; Etc. Ce diagnostic sans complaisance du paysage m\u00e9diatique s\u00e9n\u00e9galais qui a fini d\u2019inqui\u00e9ter une bonne partie de l\u2019opinion a amen\u00e9 les participants \u00e0 envisager la tenue des Assises de la presse qui permettront de concevoir une strat\u00e9gie globale de prise en charge durable des probl\u00e9matiques soulev\u00e9es. Ces Assises vont relever d\u2019une d\u00e9marche collective et inclusive de toutes les organisations professionnelles des m\u00e9dias pour d\u00e9finir un plan d\u2019actions strat\u00e9giques du secteur de la presse. A travers des r\u00e9flexions crois\u00e9es, nous, membres de la CAP, insistons sur l\u2019urgence de : &#8211;&nbsp;&nbsp;&nbsp;&nbsp;&nbsp; la d\u00e9finition d\u2019un plan d\u2019actions sur les contraintes du secteur et les solutions p\u00e9rennes \u00e0 envisager ; &#8211;&nbsp;&nbsp;&nbsp;&nbsp;&nbsp; la sensibilisation des pouvoirs publics sur la n\u00e9cessaire augmentation des appuis financiers aux entreprises de presse, publiques comme priv\u00e9es ; &#8211;&nbsp;&nbsp;&nbsp;&nbsp;&nbsp; l\u2019\u00e9tablissement d\u2019un plan de formation initiale et continue des travailleurs des m\u00e9dias; &#8211;&nbsp;&nbsp;&nbsp;&nbsp;&nbsp; l\u2019assainissement du secteur de la formation des journalistes notamment \u00e0 travers les&nbsp; \u00e9coles priv\u00e9es qui essaiment au S\u00e9n\u00e9gal. A ces assises seront convi\u00e9s les pouvoirs publics, la CAP va adopter une d\u00e9marche inclusive, en invitant \u00e0 participer \u00e0 la r\u00e9flexion la soci\u00e9t\u00e9 civile, le secteur priv\u00e9, les cercles religieux, les bailleurs de fonds et les organismes de soutien aux m\u00e9dias.&nbsp; Les bases de la feuille de route de ces assises de la presse ont d\u00e9j\u00e0 \u00e9t\u00e9 d\u00e9clin\u00e9es par les acteurs pour des strat\u00e9gies de sortie de crise largement partag\u00e9es. Samba SY.\" \/>\n<meta property=\"og:url\" content=\"https:\/\/www.public.sn\/index.php\/2022\/11\/02\/medias-vers-les-assises-de-la-presse\/\" \/>\n<meta property=\"og:site_name\" content=\"LE PUBLIC\" \/>\n<meta property=\"article:published_time\" content=\"2022-11-02T14:33:10+00:00\" \/>\n<meta property=\"article:modified_time\" content=\"2022-11-02T14:33:12+00:00\" \/>\n<meta property=\"og:image\" content=\"https:\/\/www.public.sn\/wp-content\/uploads\/2022\/11\/cap.jpg\" \/>\n\t<meta property=\"og:image:width\" content=\"612\" \/>\n\t<meta property=\"og:image:height\" content=\"298\" \/>\n\t<meta property=\"og:image:type\" content=\"image\/jpeg\" \/>\n<meta name=\"author\" content=\"LA REDACTION\" \/>\n<meta name=\"twitter:card\" content=\"summary_large_image\" \/>\n<meta name=\"twitter:label1\" content=\"\u00c9crit par\" \/>\n\t<meta name=\"twitter:data1\" content=\"LA REDACTION\" \/>\n\t<meta name=\"twitter:label2\" content=\"Dur\u00e9e de lecture estim\u00e9e\" \/>\n\t<meta name=\"twitter:data2\" content=\"5 minutes\" \/>\n<script type=\"application\/ld+json\" class=\"yoast-schema-graph\">{\"@context\":\"https:\/\/schema.org\",\"@graph\":[{\"@type\":\"Article\",\"@id\":\"https:\/\/www.public.sn\/index.php\/2022\/11\/02\/medias-vers-les-assises-de-la-presse\/#article\",\"isPartOf\":{\"@id\":\"https:\/\/www.public.sn\/index.php\/2022\/11\/02\/medias-vers-les-assises-de-la-presse\/\"},\"author\":{\"name\":\"LA REDACTION\",\"@id\":\"https:\/\/www.public.sn\/#\/schema\/person\/cb76c8e1b8becc6be61fb5e92d6d0224\"},\"headline\":\"Media\u015f\u00a0: Vers les Assises de la Presse.\",\"datePublished\":\"2022-11-02T14:33:10+00:00\",\"dateModified\":\"2022-11-02T14:33:12+00:00\",\"mainEntityOfPage\":{\"@id\":\"https:\/\/www.public.sn\/index.php\/2022\/11\/02\/medias-vers-les-assises-de-la-presse\/\"},\"wordCount\":1342,\"commentCount\":0,\"publisher\":{\"@id\":\"https:\/\/www.public.sn\/#organization\"},\"image\":{\"@id\":\"https:\/\/www.public.sn\/index.php\/2022\/11\/02\/medias-vers-les-assises-de-la-presse\/#primaryimage\"},\"thumbnailUrl\":\"https:\/\/www.public.sn\/wp-content\/uploads\/2022\/11\/cap.jpg\",\"keywords\":[\"Assises\",\"cap\",\"medias\"],\"articleSection\":[\"ACTUALIT\u00c9S\",\"M\u00c9DIAS\",\"S\u00c9N\u00c9GAL\"],\"inLanguage\":\"fr-FR\",\"potentialAction\":[{\"@type\":\"CommentAction\",\"name\":\"Comment\",\"target\":[\"https:\/\/www.public.sn\/index.php\/2022\/11\/02\/medias-vers-les-assises-de-la-presse\/#respond\"]}]},{\"@type\":\"WebPage\",\"@id\":\"https:\/\/www.public.sn\/index.php\/2022\/11\/02\/medias-vers-les-assises-de-la-presse\/\",\"url\":\"https:\/\/www.public.sn\/index.php\/2022\/11\/02\/medias-vers-les-assises-de-la-presse\/\",\"name\":\"Media\u015f\u00a0: Vers les Assises de la Presse. - LE PUBLIC\",\"isPartOf\":{\"@id\":\"https:\/\/www.public.sn\/#website\"},\"primaryImageOfPage\":{\"@id\":\"https:\/\/www.public.sn\/index.php\/2022\/11\/02\/medias-vers-les-assises-de-la-presse\/#primaryimage\"},\"image\":{\"@id\":\"https:\/\/www.public.sn\/index.php\/2022\/11\/02\/medias-vers-les-assises-de-la-presse\/#primaryimage\"},\"thumbnailUrl\":\"https:\/\/www.public.sn\/wp-content\/uploads\/2022\/11\/cap.jpg\",\"datePublished\":\"2022-11-02T14:33:10+00:00\",\"dateModified\":\"2022-11-02T14:33:12+00:00\",\"breadcrumb\":{\"@id\":\"https:\/\/www.public.sn\/index.php\/2022\/11\/02\/medias-vers-les-assises-de-la-presse\/#breadcrumb\"},\"inLanguage\":\"fr-FR\",\"potentialAction\":[{\"@type\":\"ReadAction\",\"target\":[\"https:\/\/www.public.sn\/index.php\/2022\/11\/02\/medias-vers-les-assises-de-la-presse\/\"]}]},{\"@type\":\"ImageObject\",\"inLanguage\":\"fr-FR\",\"@id\":\"https:\/\/www.public.sn\/index.php\/2022\/11\/02\/medias-vers-les-assises-de-la-presse\/#primaryimage\",\"url\":\"https:\/\/www.public.sn\/wp-content\/uploads\/2022\/11\/cap.jpg\",\"contentUrl\":\"https:\/\/www.public.sn\/wp-content\/uploads\/2022\/11\/cap.jpg\",\"width\":612,\"height\":298,\"caption\":\"publicsn\"},{\"@type\":\"BreadcrumbList\",\"@id\":\"https:\/\/www.public.sn\/index.php\/2022\/11\/02\/medias-vers-les-assises-de-la-presse\/#breadcrumb\",\"itemListElement\":[{\"@type\":\"ListItem\",\"position\":1,\"name\":\"Accueil\",\"item\":\"https:\/\/www.public.sn\/\"},{\"@type\":\"ListItem\",\"position\":2,\"name\":\"Media\u015f\u00a0: Vers les Assises de la Presse.\"}]},{\"@type\":\"WebSite\",\"@id\":\"https:\/\/www.public.sn\/#website\",\"url\":\"https:\/\/www.public.sn\/\",\"name\":\"LE PUBLIC\",\"description\":\"\",\"publisher\":{\"@id\":\"https:\/\/www.public.sn\/#organization\"},\"potentialAction\":[{\"@type\":\"SearchAction\",\"target\":{\"@type\":\"EntryPoint\",\"urlTemplate\":\"https:\/\/www.public.sn\/?s={search_term_string}\"},\"query-input\":{\"@type\":\"PropertyValueSpecification\",\"valueRequired\":true,\"valueName\":\"search_term_string\"}}],\"inLanguage\":\"fr-FR\"},{\"@type\":\"Organization\",\"@id\":\"https:\/\/www.public.sn\/#organization\",\"name\":\"LE PUBLIC\",\"url\":\"https:\/\/www.public.sn\/\",\"logo\":{\"@type\":\"ImageObject\",\"inLanguage\":\"fr-FR\",\"@id\":\"https:\/\/www.public.sn\/#\/schema\/logo\/image\/\",\"url\":\"https:\/\/www.public.sn\/wp-content\/uploads\/2024\/05\/cropped-LOGO-PUBLIC.SN_.png\",\"contentUrl\":\"https:\/\/www.public.sn\/wp-content\/uploads\/2024\/05\/cropped-LOGO-PUBLIC.SN_.png\",\"width\":682,\"height\":192,\"caption\":\"LE PUBLIC\"},\"image\":{\"@id\":\"https:\/\/www.public.sn\/#\/schema\/logo\/image\/\"}},{\"@type\":\"Person\",\"@id\":\"https:\/\/www.public.sn\/#\/schema\/person\/cb76c8e1b8becc6be61fb5e92d6d0224\",\"name\":\"LA REDACTION\",\"image\":{\"@type\":\"ImageObject\",\"inLanguage\":\"fr-FR\",\"@id\":\"https:\/\/www.public.sn\/#\/schema\/person\/image\/\",\"url\":\"https:\/\/secure.gravatar.com\/avatar\/2dce5ddd34b8fef0180efe03aa2a9bee7d953856048f9a16b298190a3178407c?s=96&d=mm&r=g\",\"contentUrl\":\"https:\/\/secure.gravatar.com\/avatar\/2dce5ddd34b8fef0180efe03aa2a9bee7d953856048f9a16b298190a3178407c?s=96&d=mm&r=g\",\"caption\":\"LA REDACTION\"},\"url\":\"https:\/\/www.public.sn\/index.php\/author\/editeurpsn\/\"}]}<\/script>\n<!-- \/ Yoast SEO plugin. -->","yoast_head_json":{"title":"Media\u015f\u00a0: Vers les Assises de la Presse. - LE PUBLIC","robots":{"index":"index","follow":"follow","max-snippet":"max-snippet:-1","max-image-preview":"max-image-preview:large","max-video-preview":"max-video-preview:-1"},"canonical":"https:\/\/www.public.sn\/index.php\/2022\/11\/02\/medias-vers-les-assises-de-la-presse\/","og_locale":"fr_FR","og_type":"article","og_title":"Media\u015f\u00a0: Vers les Assises de la Presse. - LE PUBLIC","og_description":"La Coordination des Associations de la Presse (Cap), compte tenir prochainement des assises. L\u2019objectif est de voir les moyens \u00e0 prendre afin de r\u00e9fl\u00e9chir sur le m\u00e9tier. Un &nbsp;atelier s\u2019est tenu, les 29 et 30 octobre dernier, \u00e0 Toubab Dialaw, a \u00e9t\u00e9 le cadre de r\u00e9flexion sur les probl\u00e9matiques des m\u00e9dias. Voici en int\u00e9gralit\u00e9 la d\u00e9claration du CAP. Nous, acteurs de la presse s\u00e9n\u00e9galaise, \u00e0 travers la Coordination des Associations de Presse (CAP) qui a organis\u00e9 un atelier de deux jours, les 29 et 30 octobre 2022 \u00e0 Toubab Dialaw, avons men\u00e9 de profondes r\u00e9flexions sur les enjeux et les d\u00e9fis du secteur des m\u00e9dias s\u00e9n\u00e9galais. T\u00e9moins privil\u00e9gi\u00e9s de la vie sociale, politique, \u00e9conomique, culturelle et religieuse, les acteurs des m\u00e9dias que nous sommes, prenons le soin de partager cette D\u00e9claration de Toubab Dialaw pour \u00e9difier l\u2019opinion sur la situation pr\u00e9caire des m\u00e9dias s\u00e9n\u00e9galais et sur les options de sortie de crise que nous pr\u00e9conisons La retraite \u00e0 Toubab Dialaw a \u00e9t\u00e9 un moment privil\u00e9gi\u00e9 de r\u00e9flexions et de partage\u00a0 qui a permis de passer en revue les contraintes et les menaces sur les entreprises de presse et sur les journalistes et professionnels des m\u00e9dias au S\u00e9n\u00e9gal. En effet, la presse s\u00e9n\u00e9galaise est \u00e0 la crois\u00e9e des chemins, \u00e9voluant dans un environnement pr\u00e9caire pour les entreprises de presse et pour les hommes de m\u00e9dia. Secteur important, la presse s\u00e9n\u00e9galaise n\u2019en pr\u00e9sente pas moins des opportunit\u00e9s notamment dans le secteur num\u00e9rique et digital, \u00e9tant d\u00e9j\u00e0 un secteur cr\u00e9ateur d\u2019emplois, de richesses et de valeur ajout\u00e9e, contribuant ainsi \u00e0 la formation du Produit int\u00e9rieur brut. Pour m\u00e9moire, la CAP est un cadre unitaire regroupant les associations de presse au S\u00e9n\u00e9gal ayant pour objectif, \u00e0 travers la r\u00e9flexion, d\u2019instaurer un cercle d\u2019\u00e9changes sur les probl\u00e9matiques des m\u00e9dias.\u00a0 C\u2019est ainsi que les membres de la CAP ont unanimement d\u00e9cid\u00e9 de tenir prochainement les Assises de la Presse pour, au-del\u00e0 des contraintes du secteur, proposer des solutions durables. Ces assises de la presse vont permettre d\u2019asseoir une presse libre professionnelle, responsable et libre et faire \u00e9merger des entreprises de presse fortes pour des m\u00e9dias cr\u00e9dibles et respect\u00e9s.&nbsp; Nous, acteurs de la presse et membres de la CAP, d\u00e9plorons les principaux maux dont souffre aujourd\u2019hui la presse s\u00e9n\u00e9galaise: &#8211;&nbsp;&nbsp;&nbsp;&nbsp;&nbsp;&nbsp;&nbsp;&nbsp;&nbsp; la situation pr\u00e9caire des entreprises de presse, &#8211;&nbsp;&nbsp;&nbsp;&nbsp;&nbsp;&nbsp;&nbsp;&nbsp;&nbsp; les difficiles conditions de travail et de vie des acteurs des m\u00e9dias, &#8211;&nbsp;&nbsp;&nbsp;&nbsp;&nbsp;&nbsp;&nbsp;&nbsp;&nbsp; la probl\u00e9matique de la gouvernance des m\u00e9dias publics, &#8211;&nbsp;&nbsp;&nbsp;&nbsp;&nbsp;&nbsp;&nbsp;&nbsp;&nbsp; les attaques r\u00e9p\u00e9t\u00e9es contre les journalistes et les techniciens des m\u00e9dias, &#8211;&nbsp;&nbsp;&nbsp;&nbsp;&nbsp;&nbsp;&nbsp;&nbsp;&nbsp; les d\u00e9fis et enjeux de la formation des hommes et femmes de m\u00e9dias, &#8211;&nbsp;&nbsp;&nbsp;&nbsp;&nbsp;&nbsp;&nbsp;&nbsp;&nbsp; la faiblesse de la qualit\u00e9 des contenus dans les m\u00e9dias, &#8211;&nbsp;&nbsp;&nbsp;&nbsp;&nbsp;&nbsp;&nbsp;&nbsp;&nbsp; le non-respect des r\u00e8gles d\u2019\u00e9thique et de d\u00e9ontologie, &#8211;&nbsp;&nbsp;&nbsp;&nbsp;&nbsp;&nbsp;&nbsp;&nbsp;&nbsp; etc. Ayant \u00e9valu\u00e9 le niveau alarmant de la situation dans laquelle \u00e9volue la presse s\u00e9n\u00e9galaise, nous membres de la CAP appelons les autorit\u00e9s publiques \u00e0 accompagner les m\u00e9dias pour un environnement plus favorable aux entreprises de presse, publiques comme priv\u00e9es. Nous, membres de la CAP, exprimons nos profondes pr\u00e9occupations par rapport \u00e0 plusieurs probl\u00e9matiques pour lesquelles il urge de trouver des solutions pertinentes et durables par une prise en charge efficiente et partag\u00e9e par les acteurs de la presse et les autorit\u00e9s publiques. Ces pr\u00e9occupations concernent : &#8211;&nbsp;&nbsp;&nbsp;&nbsp;&nbsp;&nbsp;&nbsp;&nbsp;&nbsp; la n\u00e9cessaire r\u00e9gulation du secteur par les autorit\u00e9s publiques, notamment concernant le secteur de l\u2019audiovisuel ; &#8211;&nbsp;&nbsp;&nbsp;&nbsp;&nbsp;&nbsp;&nbsp;&nbsp;&nbsp; l\u2019\u00e9valuation et la r\u00e9forme du Code de la presse, cinq ann\u00e9es apr\u00e8s son adoption ; &#8211;&nbsp;&nbsp;&nbsp;&nbsp;&nbsp;&nbsp;&nbsp;&nbsp;&nbsp; la mise \u00e0 niveau du cadre l\u00e9gal et r\u00e9glementaire du secteur de la presse ; &#8211;&nbsp;&nbsp;&nbsp;&nbsp;&nbsp;&nbsp;&nbsp;&nbsp;&nbsp; le financement ad\u00e9quat des entreprises de presse, publiques comme priv\u00e9es ; suivant des mod\u00e8les \u00e9conomiques pertinents et la mutualisation des moyens dans les m\u00e9dias ; &#8211;&nbsp;&nbsp;&nbsp;&nbsp;&nbsp;&nbsp;&nbsp;&nbsp;&nbsp; la prise en compte des int\u00e9r\u00eats des entreprises de presse dans le futur Code de la publicit\u00e9 ; &#8211;&nbsp;&nbsp;&nbsp;&nbsp;&nbsp;&nbsp;&nbsp;&nbsp;&nbsp; la n\u00e9cessaire prise en compte de la digitalisation et de la transition num\u00e9riques ; &#8211;&nbsp;&nbsp;&nbsp;&nbsp;&nbsp;&nbsp; &nbsp;&nbsp;&nbsp;l\u2019auto-r\u00e9gulation par les acteurs du secteur pour une prise en charge des r\u00e9currents probl\u00e8mes d\u2019\u00e9thique et de d\u00e9ontologie; &#8211;&nbsp;&nbsp;&nbsp;&nbsp;&nbsp;&nbsp;&nbsp;&nbsp;&nbsp; Les menaces que constituent les R\u00e9seaux sociaux comme support d\u2019information ; &#8211;&nbsp;&nbsp;&nbsp;&nbsp;&nbsp;&nbsp;&nbsp;&nbsp;&nbsp; La prise en charge de la formation dans les m\u00e9tiers des m\u00e9dias, \u00e0 travers la formation acad\u00e9mique et celle pratique de terrain ; &#8211;&nbsp;&nbsp;&nbsp;&nbsp;&nbsp;&nbsp;&nbsp;&nbsp;&nbsp; la situation pr\u00e9caire des femmes dans les m\u00e9dias ; &#8211;&nbsp;&nbsp;&nbsp;&nbsp;&nbsp;&nbsp;&nbsp;&nbsp;&nbsp; l\u2019arr\u00eat et la condamnation sans appel des agressions physiques et verbales subies par les entreprises et acteurs de la presse, agressions par des FDS, des militants politiques, etc. ; &#8211;&nbsp;&nbsp;&nbsp;&nbsp;&nbsp;&nbsp;&nbsp;&nbsp;&nbsp; l\u2019adoption d\u2019un code de conduite pour les m\u00e9dias et une meilleure solidarit\u00e9 entre les acteurs du secteur ; &#8211;&nbsp;&nbsp;&nbsp;&nbsp;&nbsp;&nbsp;&nbsp;&nbsp;&nbsp; Etc. Ce diagnostic sans complaisance du paysage m\u00e9diatique s\u00e9n\u00e9galais qui a fini d\u2019inqui\u00e9ter une bonne partie de l\u2019opinion a amen\u00e9 les participants \u00e0 envisager la tenue des Assises de la presse qui permettront de concevoir une strat\u00e9gie globale de prise en charge durable des probl\u00e9matiques soulev\u00e9es. Ces Assises vont relever d\u2019une d\u00e9marche collective et inclusive de toutes les organisations professionnelles des m\u00e9dias pour d\u00e9finir un plan d\u2019actions strat\u00e9giques du secteur de la presse. A travers des r\u00e9flexions crois\u00e9es, nous, membres de la CAP, insistons sur l\u2019urgence de : &#8211;&nbsp;&nbsp;&nbsp;&nbsp;&nbsp; la d\u00e9finition d\u2019un plan d\u2019actions sur les contraintes du secteur et les solutions p\u00e9rennes \u00e0 envisager ; &#8211;&nbsp;&nbsp;&nbsp;&nbsp;&nbsp; la sensibilisation des pouvoirs publics sur la n\u00e9cessaire augmentation des appuis financiers aux entreprises de presse, publiques comme priv\u00e9es ; &#8211;&nbsp;&nbsp;&nbsp;&nbsp;&nbsp; l\u2019\u00e9tablissement d\u2019un plan de formation initiale et continue des travailleurs des m\u00e9dias; &#8211;&nbsp;&nbsp;&nbsp;&nbsp;&nbsp; l\u2019assainissement du secteur de la formation des journalistes notamment \u00e0 travers les&nbsp; \u00e9coles priv\u00e9es qui essaiment au S\u00e9n\u00e9gal. A ces assises seront convi\u00e9s les pouvoirs publics, la CAP va adopter une d\u00e9marche inclusive, en invitant \u00e0 participer \u00e0 la r\u00e9flexion la soci\u00e9t\u00e9 civile, le secteur priv\u00e9, les cercles religieux, les bailleurs de fonds et les organismes de soutien aux m\u00e9dias.&nbsp; Les bases de la feuille de route de ces assises de la presse ont d\u00e9j\u00e0 \u00e9t\u00e9 d\u00e9clin\u00e9es par les acteurs pour des strat\u00e9gies de sortie de crise largement partag\u00e9es. Samba SY.","og_url":"https:\/\/www.public.sn\/index.php\/2022\/11\/02\/medias-vers-les-assises-de-la-presse\/","og_site_name":"LE PUBLIC","article_published_time":"2022-11-02T14:33:10+00:00","article_modified_time":"2022-11-02T14:33:12+00:00","og_image":[{"width":612,"height":298,"url":"https:\/\/www.public.sn\/wp-content\/uploads\/2022\/11\/cap.jpg","type":"image\/jpeg"}],"author":"LA REDACTION","twitter_card":"summary_large_image","twitter_misc":{"\u00c9crit par":"LA REDACTION","Dur\u00e9e de lecture estim\u00e9e":"5 minutes"},"schema":{"@context":"https:\/\/schema.org","@graph":[{"@type":"Article","@id":"https:\/\/www.public.sn\/index.php\/2022\/11\/02\/medias-vers-les-assises-de-la-presse\/#article","isPartOf":{"@id":"https:\/\/www.public.sn\/index.php\/2022\/11\/02\/medias-vers-les-assises-de-la-presse\/"},"author":{"name":"LA REDACTION","@id":"https:\/\/www.public.sn\/#\/schema\/person\/cb76c8e1b8becc6be61fb5e92d6d0224"},"headline":"Media\u015f\u00a0: Vers les Assises de la Presse.","datePublished":"2022-11-02T14:33:10+00:00","dateModified":"2022-11-02T14:33:12+00:00","mainEntityOfPage":{"@id":"https:\/\/www.public.sn\/index.php\/2022\/11\/02\/medias-vers-les-assises-de-la-presse\/"},"wordCount":1342,"commentCount":0,"publisher":{"@id":"https:\/\/www.public.sn\/#organization"},"image":{"@id":"https:\/\/www.public.sn\/index.php\/2022\/11\/02\/medias-vers-les-assises-de-la-presse\/#primaryimage"},"thumbnailUrl":"https:\/\/www.public.sn\/wp-content\/uploads\/2022\/11\/cap.jpg","keywords":["Assises","cap","medias"],"articleSection":["ACTUALIT\u00c9S","M\u00c9DIAS","S\u00c9N\u00c9GAL"],"inLanguage":"fr-FR","potentialAction":[{"@type":"CommentAction","name":"Comment","target":["https:\/\/www.public.sn\/index.php\/2022\/11\/02\/medias-vers-les-assises-de-la-presse\/#respond"]}]},{"@type":"WebPage","@id":"https:\/\/www.public.sn\/index.php\/2022\/11\/02\/medias-vers-les-assises-de-la-presse\/","url":"https:\/\/www.public.sn\/index.php\/2022\/11\/02\/medias-vers-les-assises-de-la-presse\/","name":"Media\u015f\u00a0: Vers les Assises de la Presse. - LE PUBLIC","isPartOf":{"@id":"https:\/\/www.public.sn\/#website"},"primaryImageOfPage":{"@id":"https:\/\/www.public.sn\/index.php\/2022\/11\/02\/medias-vers-les-assises-de-la-presse\/#primaryimage"},"image":{"@id":"https:\/\/www.public.sn\/index.php\/2022\/11\/02\/medias-vers-les-assises-de-la-presse\/#primaryimage"},"thumbnailUrl":"https:\/\/www.public.sn\/wp-content\/uploads\/2022\/11\/cap.jpg","datePublished":"2022-11-02T14:33:10+00:00","dateModified":"2022-11-02T14:33:12+00:00","breadcrumb":{"@id":"https:\/\/www.public.sn\/index.php\/2022\/11\/02\/medias-vers-les-assises-de-la-presse\/#breadcrumb"},"inLanguage":"fr-FR","potentialAction":[{"@type":"ReadAction","target":["https:\/\/www.public.sn\/index.php\/2022\/11\/02\/medias-vers-les-assises-de-la-presse\/"]}]},{"@type":"ImageObject","inLanguage":"fr-FR","@id":"https:\/\/www.public.sn\/index.php\/2022\/11\/02\/medias-vers-les-assises-de-la-presse\/#primaryimage","url":"https:\/\/www.public.sn\/wp-content\/uploads\/2022\/11\/cap.jpg","contentUrl":"https:\/\/www.public.sn\/wp-content\/uploads\/2022\/11\/cap.jpg","width":612,"height":298,"caption":"publicsn"},{"@type":"BreadcrumbList","@id":"https:\/\/www.public.sn\/index.php\/2022\/11\/02\/medias-vers-les-assises-de-la-presse\/#breadcrumb","itemListElement":[{"@type":"ListItem","position":1,"name":"Accueil","item":"https:\/\/www.public.sn\/"},{"@type":"ListItem","position":2,"name":"Media\u015f\u00a0: Vers les Assises de la Presse."}]},{"@type":"WebSite","@id":"https:\/\/www.public.sn\/#website","url":"https:\/\/www.public.sn\/","name":"LE PUBLIC","description":"","publisher":{"@id":"https:\/\/www.public.sn\/#organization"},"potentialAction":[{"@type":"SearchAction","target":{"@type":"EntryPoint","urlTemplate":"https:\/\/www.public.sn\/?s={search_term_string}"},"query-input":{"@type":"PropertyValueSpecification","valueRequired":true,"valueName":"search_term_string"}}],"inLanguage":"fr-FR"},{"@type":"Organization","@id":"https:\/\/www.public.sn\/#organization","name":"LE PUBLIC","url":"https:\/\/www.public.sn\/","logo":{"@type":"ImageObject","inLanguage":"fr-FR","@id":"https:\/\/www.public.sn\/#\/schema\/logo\/image\/","url":"https:\/\/www.public.sn\/wp-content\/uploads\/2024\/05\/cropped-LOGO-PUBLIC.SN_.png","contentUrl":"https:\/\/www.public.sn\/wp-content\/uploads\/2024\/05\/cropped-LOGO-PUBLIC.SN_.png","width":682,"height":192,"caption":"LE PUBLIC"},"image":{"@id":"https:\/\/www.public.sn\/#\/schema\/logo\/image\/"}},{"@type":"Person","@id":"https:\/\/www.public.sn\/#\/schema\/person\/cb76c8e1b8becc6be61fb5e92d6d0224","name":"LA REDACTION","image":{"@type":"ImageObject","inLanguage":"fr-FR","@id":"https:\/\/www.public.sn\/#\/schema\/person\/image\/","url":"https:\/\/secure.gravatar.com\/avatar\/2dce5ddd34b8fef0180efe03aa2a9bee7d953856048f9a16b298190a3178407c?s=96&d=mm&r=g","contentUrl":"https:\/\/secure.gravatar.com\/avatar\/2dce5ddd34b8fef0180efe03aa2a9bee7d953856048f9a16b298190a3178407c?s=96&d=mm&r=g","caption":"LA REDACTION"},"url":"https:\/\/www.public.sn\/index.php\/author\/editeurpsn\/"}]}},"jetpack_featured_media_url":"https:\/\/www.public.sn\/wp-content\/uploads\/2022\/11\/cap.jpg","jetpack_sharing_enabled":true,"_links":{"self":[{"href":"https:\/\/www.public.sn\/index.php\/wp-json\/wp\/v2\/posts\/6710","targetHints":{"allow":["GET"]}}],"collection":[{"href":"https:\/\/www.public.sn\/index.php\/wp-json\/wp\/v2\/posts"}],"about":[{"href":"https:\/\/www.public.sn\/index.php\/wp-json\/wp\/v2\/types\/post"}],"author":[{"embeddable":true,"href":"https:\/\/www.public.sn\/index.php\/wp-json\/wp\/v2\/users\/7"}],"replies":[{"embeddable":true,"href":"https:\/\/www.public.sn\/index.php\/wp-json\/wp\/v2\/comments?post=6710"}],"version-history":[{"count":2,"href":"https:\/\/www.public.sn\/index.php\/wp-json\/wp\/v2\/posts\/6710\/revisions"}],"predecessor-version":[{"id":6713,"href":"https:\/\/www.public.sn\/index.php\/wp-json\/wp\/v2\/posts\/6710\/revisions\/6713"}],"wp:featuredmedia":[{"embeddable":true,"href":"https:\/\/www.public.sn\/index.php\/wp-json\/wp\/v2\/media\/6711"}],"wp:attachment":[{"href":"https:\/\/www.public.sn\/index.php\/wp-json\/wp\/v2\/media?parent=6710"}],"wp:term":[{"taxonomy":"category","embeddable":true,"href":"https:\/\/www.public.sn\/index.php\/wp-json\/wp\/v2\/categories?post=6710"},{"taxonomy":"post_tag","embeddable":true,"href":"https:\/\/www.public.sn\/index.php\/wp-json\/wp\/v2\/tags?post=6710"}],"curies":[{"name":"wp","href":"https:\/\/api.w.org\/{rel}","templated":true}]}}