{"id":6718,"date":"2022-11-02T17:05:54","date_gmt":"2022-11-02T17:05:54","guid":{"rendered":"https:\/\/www.public.sn\/?p=6718"},"modified":"2022-11-02T17:45:37","modified_gmt":"2022-11-02T17:45:37","slug":"ousmane-sonko-au-jeunes-restez-chez-vous","status":"publish","type":"post","link":"https:\/\/www.public.sn\/index.php\/2022\/11\/02\/ousmane-sonko-au-jeunes-restez-chez-vous\/","title":{"rendered":"Ousmane Sonko aux Jeunes\u00a0: \u00ab\u00a0Restez chez vous\u00a0\u00bb"},"content":{"rendered":"\n<p><\/p>\n\n\n\n<p>Ousmane Sonko rassure ses partisans et estime que cette audition est ordinaire et devait se faire depuis fort longtemps. S\u2019il y\u2019a des lenteurs c\u2019est bien du cot\u00e9 des autorit\u00e9s judiciaires. Le leader de Pastef rappelle que c\u2019est en se rendant \u00e0 la convocation du juge que sont survenus les \u00e9v\u00e9nements de Mars 2021.<\/p><div class=\"publi-paragraphe1\" style=\"margin-top: 10px;margin-bottom: 10px;margin-left: auto;margin-right: auto;text-align: center;\" id=\"publi-2932891223\"><div class=\"publi-adlabel\">Publicit\u00e9<\/div><script async src=\"\/\/pagead2.googlesyndication.com\/pagead\/js\/adsbygoogle.js?client=ca-pub-4089586018074219\" crossorigin=\"anonymous\"><\/script><ins class=\"adsbygoogle\" style=\"display:block;\" data-ad-client=\"ca-pub-4089586018074219\" \ndata-ad-slot=\"2087940154\" \ndata-ad-format=\"auto\"><\/ins>\n<script> \n(adsbygoogle = window.adsbygoogle || []).push({}); \n<\/script>\n<\/div>\n\n\n\n<p><\/p>\n\n\n\n<p> Il n\u2019a jamais refus\u00e9 d\u2019aller r\u00e9pondre au juge. Ousmane Sonko avance qu\u2019il ira r\u00e9pondre d\u2019autant plus qu\u2019il n\u2019est pas un peureux. La v\u00e9rit\u00e9 est que Macky Sall est un \u00ab&nbsp;froussard&nbsp;\u00bb et en mobilisant pr\u00e9s de 900 \u00e9l\u00e9ments qui n\u2019ont m\u00eame pas encore fini leur formation, voil\u00e0 pourquoi i y\u2019a toujours des bavures. La ville est bunkeris\u00e9e comme si on \u00e9tait \u00e0 Mogadiscio. Le leader de Pastef appelle tous ses militants d\u2019aller vaquer \u00e0 leurs occupations, de ne pas venir s&rsquo;attrouper  \u00e0 la devanture de sa maison et m\u00eame les leaders de la coalition Yeewi Askan WI &nbsp;n\u2019ont pas besoin de l\u2019accompagner car c&rsquo;est juste une audition qu&rsquo;il r\u00e9clame depuis tr\u00e8s longtemps . <\/p>\n\n\n\n<p><\/p>\n\n\n\n<p>Appel est ainsi lanc\u00e9 aux jeunes de ne pas se rendre au Tribunal. Ils veulent juste provoquer des troubles pour \u00ab&nbsp;avoir un autre dossier dans le m\u00eame dossier. Ce serait une honte pour le pr\u00e9sident si ce Jeudi il ne se passe absolument rien. Ceci n\u2019est qu\u2019une audition et apr\u00e8s il y aura une conf\u00e9rence de presse sur ce complot qui implique de hautes autorit\u00e9s de l\u2019Etat. Apr\u00e8s cette audition, on saura ou se situe la v\u00e9rit\u00e9&nbsp;\u00bb. Sonko reste convaincu que ce dossier ne peut pas l\u2019emp\u00eacher d\u2019\u00eatre candidat \u00e0 la pr\u00e9sidentielle et ne peut pas l\u2019envoyer en prison. <\/p>\n\n\n\n<p><\/p>\n\n\n\n<p>Le pr\u00e9sident sait que les s\u00e9n\u00e9galais lui ont tourn\u00e9 le dos et les r\u00e9sultats des deux derni\u00e8res \u00e9lections le prouve. Cette bataille sera strat\u00e9gique et sa volont\u00e9 est de d\u00e9velopper \u00ab&nbsp;une strat\u00e9gie du chaos&nbsp;\u00bb. \u00ab&nbsp;Nous n\u2019avons jamais brim\u00e9, combattu et mis en prison quelqu\u2019un alors qu\u2019on &nbsp;subit \u00e0 longueur de journ\u00e9e des injustices&nbsp;\u00bb. Le leader de Pastef affirme qu\u2019il cherche la paix malgr\u00e9 les brimades et depuis 10 ans Macky Sall violente, tue et personne ne dit rien. \u00ab&nbsp;Lorsque le temps viendra pour se battre alors on le fera&nbsp;\u00bb dit Ousmane Sonko. <\/p>\n\n\n\n<p><\/p>\n\n\n\n<p>En l\u2019endroit de l\u2019Arm\u00e9, il rappelle lorsque Macky Sall voudra confisquer le pouvoir, elle va agir comme ca a \u00e9t\u00e9 le cas avec Trump et l\u2019Arm\u00e9e am\u00e9ricaine. Il rappelle \u00e0 ses militants qu\u2019il faut de la discipline pour ne pas tomber dans leurs pi\u00e8ges car ce sont des hommes qui font dans des complots. \u00ab&nbsp;Le pr\u00e9sident est au pouvoir depuis 12 ans et en 10 ans on n\u2019a pas \u00e9t\u00e9 pi\u00e8ge. La priorit\u00e9 c\u2019est entre autres le clart\u00e9 et la transparence dans l\u2019achat des armements avec des trafiquants avec 46 Milliards pour les eaux et for\u00eats. <\/p>\n\n\n\n<p><\/p>\n\n\n\n<p>Les priorit\u00e9s sont la lutte contre la pauvret\u00e9, contre la vie ch\u00e8re et la duret\u00e9 de la vie dans le monde rural. Les pl\u00e9ni\u00e8res vont d\u00e9marrer tr\u00e8s bient\u00f4t et il faudra les suivre. \u00ab&nbsp;Les ressources naturelles sont dilapid\u00e9es alors que l\u2019on ne cr\u00e9e que des faits divers. Il faut revenir \u00e0 l\u2019essentiel&nbsp;\u00bb. Ousmane Sonko conclu par dire que ce dossier est simplement politique. \u00ab&nbsp;Et si tout est en phase tant mieux mais au cas contraire, on remettra les m\u00eames choses&nbsp;\u00bb<\/p>\n\n\n\n<p>Samba SY.<\/p>\n<div class=\"publi-apres-le-contenu\" style=\"margin-top: 10px;margin-bottom: 10px;margin-left: auto;margin-right: auto;text-align: center;\" id=\"publi-1224432194\"><div class=\"publi-adlabel\">Publicit\u00e9<\/div><script async src=\"\/\/pagead2.googlesyndication.com\/pagead\/js\/adsbygoogle.js?client=ca-pub-4089586018074219\" crossorigin=\"anonymous\"><\/script><ins class=\"adsbygoogle\" style=\"display:block;\" data-ad-client=\"ca-pub-4089586018074219\" \ndata-ad-slot=\"2087940154\" \ndata-ad-format=\"auto\"><\/ins>\n<script> \n(adsbygoogle = window.adsbygoogle || []).push({}); \n<\/script>\n<\/div>","protected":false},"excerpt":{"rendered":"<p>Ousmane Sonko rassure ses partisans et estime que cette audition est ordinaire et devait se faire depuis fort longtemps. S\u2019il y\u2019a des lenteurs c\u2019est bien du cot\u00e9 des autorit\u00e9s judiciaires. Le leader de Pastef rappelle que c\u2019est en se rendant \u00e0 la convocation du juge que sont survenus les \u00e9v\u00e9nements de Mars 2021. Il n\u2019a jamais refus\u00e9 d\u2019aller r\u00e9pondre au juge. Ousmane Sonko avance qu\u2019il ira r\u00e9pondre d\u2019autant plus qu\u2019il n\u2019est pas un peureux. La v\u00e9rit\u00e9 est que Macky Sall est un \u00ab&nbsp;froussard&nbsp;\u00bb et en mobilisant pr\u00e9s de 900 \u00e9l\u00e9ments qui n\u2019ont m\u00eame pas encore fini leur formation, voil\u00e0 pourquoi i y\u2019a toujours des bavures. La ville est bunkeris\u00e9e comme si on \u00e9tait \u00e0 Mogadiscio. Le leader de Pastef appelle tous ses militants d\u2019aller vaquer \u00e0 leurs occupations, de ne pas venir s&rsquo;attrouper \u00e0 la devanture de sa maison et m\u00eame les leaders de la coalition Yeewi Askan WI &nbsp;n\u2019ont pas besoin de l\u2019accompagner car c&rsquo;est juste une audition qu&rsquo;il r\u00e9clame depuis tr\u00e8s longtemps . Appel est ainsi lanc\u00e9 aux jeunes de ne pas se rendre au Tribunal. Ils veulent juste provoquer des troubles pour \u00ab&nbsp;avoir un autre dossier dans le m\u00eame dossier. Ce serait une honte pour le pr\u00e9sident si ce Jeudi il ne se passe absolument rien. Ceci n\u2019est qu\u2019une audition et apr\u00e8s il y aura une conf\u00e9rence de presse sur ce complot qui implique de hautes autorit\u00e9s de l\u2019Etat. Apr\u00e8s cette audition, on saura ou se situe la v\u00e9rit\u00e9&nbsp;\u00bb. Sonko reste convaincu que ce dossier ne peut pas l\u2019emp\u00eacher d\u2019\u00eatre candidat \u00e0 la pr\u00e9sidentielle et ne peut pas l\u2019envoyer en prison. Le pr\u00e9sident sait que les s\u00e9n\u00e9galais lui ont tourn\u00e9 le dos et les r\u00e9sultats des deux derni\u00e8res \u00e9lections le prouve. Cette bataille sera strat\u00e9gique et sa volont\u00e9 est de d\u00e9velopper \u00ab&nbsp;une strat\u00e9gie du chaos&nbsp;\u00bb. \u00ab&nbsp;Nous n\u2019avons jamais brim\u00e9, combattu et mis en prison quelqu\u2019un alors qu\u2019on &nbsp;subit \u00e0 longueur de journ\u00e9e des injustices&nbsp;\u00bb. Le leader de Pastef affirme qu\u2019il cherche la paix malgr\u00e9 les brimades et depuis 10 ans Macky Sall violente, tue et personne ne dit rien. \u00ab&nbsp;Lorsque le temps viendra pour se battre alors on le fera&nbsp;\u00bb dit Ousmane Sonko. En l\u2019endroit de l\u2019Arm\u00e9, il rappelle lorsque Macky Sall voudra confisquer le pouvoir, elle va agir comme ca a \u00e9t\u00e9 le cas avec Trump et l\u2019Arm\u00e9e am\u00e9ricaine. Il rappelle \u00e0 ses militants qu\u2019il faut de la discipline pour ne pas tomber dans leurs pi\u00e8ges car ce sont des hommes qui font dans des complots. \u00ab&nbsp;Le pr\u00e9sident est au pouvoir depuis 12 ans et en 10 ans on n\u2019a pas \u00e9t\u00e9 pi\u00e8ge. La priorit\u00e9 c\u2019est entre autres le clart\u00e9 et la transparence dans l\u2019achat des armements avec des trafiquants avec 46 Milliards pour les eaux et for\u00eats. Les priorit\u00e9s sont la lutte contre la pauvret\u00e9, contre la vie ch\u00e8re et la duret\u00e9 de la vie dans le monde rural. Les pl\u00e9ni\u00e8res vont d\u00e9marrer tr\u00e8s bient\u00f4t et il faudra les suivre. \u00ab&nbsp;Les ressources naturelles sont dilapid\u00e9es alors que l\u2019on ne cr\u00e9e que des faits divers. Il faut revenir \u00e0 l\u2019essentiel&nbsp;\u00bb. Ousmane Sonko conclu par dire que ce dossier est simplement politique. \u00ab&nbsp;Et si tout est en phase tant mieux mais au cas contraire, on remettra les m\u00eames choses&nbsp;\u00bb Samba SY.<\/p>\n","protected":false},"author":7,"featured_media":6723,"comment_status":"open","ping_status":"open","sticky":false,"template":"","format":"standard","meta":{"_jetpack_memberships_contains_paid_content":false,"footnotes":""},"categories":[375,3,1,372],"tags":[2312,1210,306],"class_list":["post-6718","post","type-post","status-publish","format-standard","has-post-thumbnail","hentry","category-actualites","category-politique","category-non-classe","category-vedette","tag-declaration-2","tag-jeunes","tag-sonko","entry","has-media","owp-thumbs-layout-horizontal","owp-btn-normal","owp-tabs-layout-horizontal","has-no-thumbnails","has-product-nav"],"yoast_head":"<!-- This site is optimized with the Yoast SEO plugin v25.5 - https:\/\/yoast.com\/wordpress\/plugins\/seo\/ -->\n<title>Ousmane Sonko aux Jeunes\u00a0: \u00ab\u00a0Restez chez vous\u00a0\u00bb - LE PUBLIC<\/title>\n<meta name=\"robots\" content=\"index, follow, max-snippet:-1, max-image-preview:large, max-video-preview:-1\" \/>\n<link rel=\"canonical\" href=\"https:\/\/www.public.sn\/index.php\/2022\/11\/02\/ousmane-sonko-au-jeunes-restez-chez-vous\/\" \/>\n<meta property=\"og:locale\" content=\"fr_FR\" \/>\n<meta property=\"og:type\" content=\"article\" \/>\n<meta property=\"og:title\" content=\"Ousmane Sonko aux Jeunes\u00a0: \u00ab\u00a0Restez chez vous\u00a0\u00bb - LE PUBLIC\" \/>\n<meta property=\"og:description\" content=\"Ousmane Sonko rassure ses partisans et estime que cette audition est ordinaire et devait se faire depuis fort longtemps. S\u2019il y\u2019a des lenteurs c\u2019est bien du cot\u00e9 des autorit\u00e9s judiciaires. Le leader de Pastef rappelle que c\u2019est en se rendant \u00e0 la convocation du juge que sont survenus les \u00e9v\u00e9nements de Mars 2021. Il n\u2019a jamais refus\u00e9 d\u2019aller r\u00e9pondre au juge. Ousmane Sonko avance qu\u2019il ira r\u00e9pondre d\u2019autant plus qu\u2019il n\u2019est pas un peureux. La v\u00e9rit\u00e9 est que Macky Sall est un \u00ab&nbsp;froussard&nbsp;\u00bb et en mobilisant pr\u00e9s de 900 \u00e9l\u00e9ments qui n\u2019ont m\u00eame pas encore fini leur formation, voil\u00e0 pourquoi i y\u2019a toujours des bavures. La ville est bunkeris\u00e9e comme si on \u00e9tait \u00e0 Mogadiscio. Le leader de Pastef appelle tous ses militants d\u2019aller vaquer \u00e0 leurs occupations, de ne pas venir s&rsquo;attrouper \u00e0 la devanture de sa maison et m\u00eame les leaders de la coalition Yeewi Askan WI &nbsp;n\u2019ont pas besoin de l\u2019accompagner car c&rsquo;est juste une audition qu&rsquo;il r\u00e9clame depuis tr\u00e8s longtemps . Appel est ainsi lanc\u00e9 aux jeunes de ne pas se rendre au Tribunal. Ils veulent juste provoquer des troubles pour \u00ab&nbsp;avoir un autre dossier dans le m\u00eame dossier. Ce serait une honte pour le pr\u00e9sident si ce Jeudi il ne se passe absolument rien. Ceci n\u2019est qu\u2019une audition et apr\u00e8s il y aura une conf\u00e9rence de presse sur ce complot qui implique de hautes autorit\u00e9s de l\u2019Etat. Apr\u00e8s cette audition, on saura ou se situe la v\u00e9rit\u00e9&nbsp;\u00bb. Sonko reste convaincu que ce dossier ne peut pas l\u2019emp\u00eacher d\u2019\u00eatre candidat \u00e0 la pr\u00e9sidentielle et ne peut pas l\u2019envoyer en prison. Le pr\u00e9sident sait que les s\u00e9n\u00e9galais lui ont tourn\u00e9 le dos et les r\u00e9sultats des deux derni\u00e8res \u00e9lections le prouve. Cette bataille sera strat\u00e9gique et sa volont\u00e9 est de d\u00e9velopper \u00ab&nbsp;une strat\u00e9gie du chaos&nbsp;\u00bb. \u00ab&nbsp;Nous n\u2019avons jamais brim\u00e9, combattu et mis en prison quelqu\u2019un alors qu\u2019on &nbsp;subit \u00e0 longueur de journ\u00e9e des injustices&nbsp;\u00bb. Le leader de Pastef affirme qu\u2019il cherche la paix malgr\u00e9 les brimades et depuis 10 ans Macky Sall violente, tue et personne ne dit rien. \u00ab&nbsp;Lorsque le temps viendra pour se battre alors on le fera&nbsp;\u00bb dit Ousmane Sonko. En l\u2019endroit de l\u2019Arm\u00e9, il rappelle lorsque Macky Sall voudra confisquer le pouvoir, elle va agir comme ca a \u00e9t\u00e9 le cas avec Trump et l\u2019Arm\u00e9e am\u00e9ricaine. Il rappelle \u00e0 ses militants qu\u2019il faut de la discipline pour ne pas tomber dans leurs pi\u00e8ges car ce sont des hommes qui font dans des complots. \u00ab&nbsp;Le pr\u00e9sident est au pouvoir depuis 12 ans et en 10 ans on n\u2019a pas \u00e9t\u00e9 pi\u00e8ge. La priorit\u00e9 c\u2019est entre autres le clart\u00e9 et la transparence dans l\u2019achat des armements avec des trafiquants avec 46 Milliards pour les eaux et for\u00eats. Les priorit\u00e9s sont la lutte contre la pauvret\u00e9, contre la vie ch\u00e8re et la duret\u00e9 de la vie dans le monde rural. Les pl\u00e9ni\u00e8res vont d\u00e9marrer tr\u00e8s bient\u00f4t et il faudra les suivre. \u00ab&nbsp;Les ressources naturelles sont dilapid\u00e9es alors que l\u2019on ne cr\u00e9e que des faits divers. Il faut revenir \u00e0 l\u2019essentiel&nbsp;\u00bb. Ousmane Sonko conclu par dire que ce dossier est simplement politique. \u00ab&nbsp;Et si tout est en phase tant mieux mais au cas contraire, on remettra les m\u00eames choses&nbsp;\u00bb Samba SY.\" \/>\n<meta property=\"og:url\" content=\"https:\/\/www.public.sn\/index.php\/2022\/11\/02\/ousmane-sonko-au-jeunes-restez-chez-vous\/\" \/>\n<meta property=\"og:site_name\" content=\"LE PUBLIC\" \/>\n<meta property=\"article:published_time\" content=\"2022-11-02T17:05:54+00:00\" \/>\n<meta property=\"article:modified_time\" content=\"2022-11-02T17:45:37+00:00\" \/>\n<meta property=\"og:image\" content=\"https:\/\/www.public.sn\/wp-content\/uploads\/2022\/11\/sonkooo.jpg\" \/>\n\t<meta property=\"og:image:width\" content=\"699\" \/>\n\t<meta property=\"og:image:height\" content=\"431\" \/>\n\t<meta property=\"og:image:type\" content=\"image\/jpeg\" \/>\n<meta name=\"author\" content=\"LA REDACTION\" \/>\n<meta name=\"twitter:card\" content=\"summary_large_image\" \/>\n<meta name=\"twitter:label1\" content=\"\u00c9crit par\" \/>\n\t<meta name=\"twitter:data1\" content=\"LA REDACTION\" \/>\n\t<meta name=\"twitter:label2\" content=\"Dur\u00e9e de lecture estim\u00e9e\" \/>\n\t<meta name=\"twitter:data2\" content=\"3 minutes\" \/>\n<script type=\"application\/ld+json\" class=\"yoast-schema-graph\">{\"@context\":\"https:\/\/schema.org\",\"@graph\":[{\"@type\":\"Article\",\"@id\":\"https:\/\/www.public.sn\/index.php\/2022\/11\/02\/ousmane-sonko-au-jeunes-restez-chez-vous\/#article\",\"isPartOf\":{\"@id\":\"https:\/\/www.public.sn\/index.php\/2022\/11\/02\/ousmane-sonko-au-jeunes-restez-chez-vous\/\"},\"author\":{\"name\":\"LA REDACTION\",\"@id\":\"https:\/\/www.public.sn\/#\/schema\/person\/cb76c8e1b8becc6be61fb5e92d6d0224\"},\"headline\":\"Ousmane Sonko aux Jeunes\u00a0: \u00ab\u00a0Restez chez vous\u00a0\u00bb\",\"datePublished\":\"2022-11-02T17:05:54+00:00\",\"dateModified\":\"2022-11-02T17:45:37+00:00\",\"mainEntityOfPage\":{\"@id\":\"https:\/\/www.public.sn\/index.php\/2022\/11\/02\/ousmane-sonko-au-jeunes-restez-chez-vous\/\"},\"wordCount\":623,\"commentCount\":0,\"publisher\":{\"@id\":\"https:\/\/www.public.sn\/#organization\"},\"image\":{\"@id\":\"https:\/\/www.public.sn\/index.php\/2022\/11\/02\/ousmane-sonko-au-jeunes-restez-chez-vous\/#primaryimage\"},\"thumbnailUrl\":\"https:\/\/www.public.sn\/wp-content\/uploads\/2022\/11\/sonkooo.jpg\",\"keywords\":[\"declaration\",\"jeunes\",\"sonko\"],\"articleSection\":[\"ACTUALIT\u00c9S\",\"POLITIQUE\",\"S\u00c9N\u00c9GAL\",\"VEDETTE\"],\"inLanguage\":\"fr-FR\",\"potentialAction\":[{\"@type\":\"CommentAction\",\"name\":\"Comment\",\"target\":[\"https:\/\/www.public.sn\/index.php\/2022\/11\/02\/ousmane-sonko-au-jeunes-restez-chez-vous\/#respond\"]}]},{\"@type\":\"WebPage\",\"@id\":\"https:\/\/www.public.sn\/index.php\/2022\/11\/02\/ousmane-sonko-au-jeunes-restez-chez-vous\/\",\"url\":\"https:\/\/www.public.sn\/index.php\/2022\/11\/02\/ousmane-sonko-au-jeunes-restez-chez-vous\/\",\"name\":\"Ousmane Sonko aux Jeunes\u00a0: \u00ab\u00a0Restez chez vous\u00a0\u00bb - LE PUBLIC\",\"isPartOf\":{\"@id\":\"https:\/\/www.public.sn\/#website\"},\"primaryImageOfPage\":{\"@id\":\"https:\/\/www.public.sn\/index.php\/2022\/11\/02\/ousmane-sonko-au-jeunes-restez-chez-vous\/#primaryimage\"},\"image\":{\"@id\":\"https:\/\/www.public.sn\/index.php\/2022\/11\/02\/ousmane-sonko-au-jeunes-restez-chez-vous\/#primaryimage\"},\"thumbnailUrl\":\"https:\/\/www.public.sn\/wp-content\/uploads\/2022\/11\/sonkooo.jpg\",\"datePublished\":\"2022-11-02T17:05:54+00:00\",\"dateModified\":\"2022-11-02T17:45:37+00:00\",\"breadcrumb\":{\"@id\":\"https:\/\/www.public.sn\/index.php\/2022\/11\/02\/ousmane-sonko-au-jeunes-restez-chez-vous\/#breadcrumb\"},\"inLanguage\":\"fr-FR\",\"potentialAction\":[{\"@type\":\"ReadAction\",\"target\":[\"https:\/\/www.public.sn\/index.php\/2022\/11\/02\/ousmane-sonko-au-jeunes-restez-chez-vous\/\"]}]},{\"@type\":\"ImageObject\",\"inLanguage\":\"fr-FR\",\"@id\":\"https:\/\/www.public.sn\/index.php\/2022\/11\/02\/ousmane-sonko-au-jeunes-restez-chez-vous\/#primaryimage\",\"url\":\"https:\/\/www.public.sn\/wp-content\/uploads\/2022\/11\/sonkooo.jpg\",\"contentUrl\":\"https:\/\/www.public.sn\/wp-content\/uploads\/2022\/11\/sonkooo.jpg\",\"width\":699,\"height\":431,\"caption\":\"publicsn\"},{\"@type\":\"BreadcrumbList\",\"@id\":\"https:\/\/www.public.sn\/index.php\/2022\/11\/02\/ousmane-sonko-au-jeunes-restez-chez-vous\/#breadcrumb\",\"itemListElement\":[{\"@type\":\"ListItem\",\"position\":1,\"name\":\"Accueil\",\"item\":\"https:\/\/www.public.sn\/\"},{\"@type\":\"ListItem\",\"position\":2,\"name\":\"Ousmane Sonko aux Jeunes\u00a0: \u00ab\u00a0Restez chez vous\u00a0\u00bb\"}]},{\"@type\":\"WebSite\",\"@id\":\"https:\/\/www.public.sn\/#website\",\"url\":\"https:\/\/www.public.sn\/\",\"name\":\"LE PUBLIC\",\"description\":\"\",\"publisher\":{\"@id\":\"https:\/\/www.public.sn\/#organization\"},\"potentialAction\":[{\"@type\":\"SearchAction\",\"target\":{\"@type\":\"EntryPoint\",\"urlTemplate\":\"https:\/\/www.public.sn\/?s={search_term_string}\"},\"query-input\":{\"@type\":\"PropertyValueSpecification\",\"valueRequired\":true,\"valueName\":\"search_term_string\"}}],\"inLanguage\":\"fr-FR\"},{\"@type\":\"Organization\",\"@id\":\"https:\/\/www.public.sn\/#organization\",\"name\":\"LE PUBLIC\",\"url\":\"https:\/\/www.public.sn\/\",\"logo\":{\"@type\":\"ImageObject\",\"inLanguage\":\"fr-FR\",\"@id\":\"https:\/\/www.public.sn\/#\/schema\/logo\/image\/\",\"url\":\"https:\/\/www.public.sn\/wp-content\/uploads\/2024\/05\/cropped-LOGO-PUBLIC.SN_.png\",\"contentUrl\":\"https:\/\/www.public.sn\/wp-content\/uploads\/2024\/05\/cropped-LOGO-PUBLIC.SN_.png\",\"width\":682,\"height\":192,\"caption\":\"LE PUBLIC\"},\"image\":{\"@id\":\"https:\/\/www.public.sn\/#\/schema\/logo\/image\/\"}},{\"@type\":\"Person\",\"@id\":\"https:\/\/www.public.sn\/#\/schema\/person\/cb76c8e1b8becc6be61fb5e92d6d0224\",\"name\":\"LA REDACTION\",\"image\":{\"@type\":\"ImageObject\",\"inLanguage\":\"fr-FR\",\"@id\":\"https:\/\/www.public.sn\/#\/schema\/person\/image\/\",\"url\":\"https:\/\/secure.gravatar.com\/avatar\/2dce5ddd34b8fef0180efe03aa2a9bee7d953856048f9a16b298190a3178407c?s=96&d=mm&r=g\",\"contentUrl\":\"https:\/\/secure.gravatar.com\/avatar\/2dce5ddd34b8fef0180efe03aa2a9bee7d953856048f9a16b298190a3178407c?s=96&d=mm&r=g\",\"caption\":\"LA REDACTION\"},\"url\":\"https:\/\/www.public.sn\/index.php\/author\/editeurpsn\/\"}]}<\/script>\n<!-- \/ Yoast SEO plugin. -->","yoast_head_json":{"title":"Ousmane Sonko aux Jeunes\u00a0: \u00ab\u00a0Restez chez vous\u00a0\u00bb - LE PUBLIC","robots":{"index":"index","follow":"follow","max-snippet":"max-snippet:-1","max-image-preview":"max-image-preview:large","max-video-preview":"max-video-preview:-1"},"canonical":"https:\/\/www.public.sn\/index.php\/2022\/11\/02\/ousmane-sonko-au-jeunes-restez-chez-vous\/","og_locale":"fr_FR","og_type":"article","og_title":"Ousmane Sonko aux Jeunes\u00a0: \u00ab\u00a0Restez chez vous\u00a0\u00bb - LE PUBLIC","og_description":"Ousmane Sonko rassure ses partisans et estime que cette audition est ordinaire et devait se faire depuis fort longtemps. S\u2019il y\u2019a des lenteurs c\u2019est bien du cot\u00e9 des autorit\u00e9s judiciaires. Le leader de Pastef rappelle que c\u2019est en se rendant \u00e0 la convocation du juge que sont survenus les \u00e9v\u00e9nements de Mars 2021. Il n\u2019a jamais refus\u00e9 d\u2019aller r\u00e9pondre au juge. Ousmane Sonko avance qu\u2019il ira r\u00e9pondre d\u2019autant plus qu\u2019il n\u2019est pas un peureux. La v\u00e9rit\u00e9 est que Macky Sall est un \u00ab&nbsp;froussard&nbsp;\u00bb et en mobilisant pr\u00e9s de 900 \u00e9l\u00e9ments qui n\u2019ont m\u00eame pas encore fini leur formation, voil\u00e0 pourquoi i y\u2019a toujours des bavures. La ville est bunkeris\u00e9e comme si on \u00e9tait \u00e0 Mogadiscio. Le leader de Pastef appelle tous ses militants d\u2019aller vaquer \u00e0 leurs occupations, de ne pas venir s&rsquo;attrouper \u00e0 la devanture de sa maison et m\u00eame les leaders de la coalition Yeewi Askan WI &nbsp;n\u2019ont pas besoin de l\u2019accompagner car c&rsquo;est juste une audition qu&rsquo;il r\u00e9clame depuis tr\u00e8s longtemps . Appel est ainsi lanc\u00e9 aux jeunes de ne pas se rendre au Tribunal. Ils veulent juste provoquer des troubles pour \u00ab&nbsp;avoir un autre dossier dans le m\u00eame dossier. Ce serait une honte pour le pr\u00e9sident si ce Jeudi il ne se passe absolument rien. Ceci n\u2019est qu\u2019une audition et apr\u00e8s il y aura une conf\u00e9rence de presse sur ce complot qui implique de hautes autorit\u00e9s de l\u2019Etat. Apr\u00e8s cette audition, on saura ou se situe la v\u00e9rit\u00e9&nbsp;\u00bb. Sonko reste convaincu que ce dossier ne peut pas l\u2019emp\u00eacher d\u2019\u00eatre candidat \u00e0 la pr\u00e9sidentielle et ne peut pas l\u2019envoyer en prison. Le pr\u00e9sident sait que les s\u00e9n\u00e9galais lui ont tourn\u00e9 le dos et les r\u00e9sultats des deux derni\u00e8res \u00e9lections le prouve. Cette bataille sera strat\u00e9gique et sa volont\u00e9 est de d\u00e9velopper \u00ab&nbsp;une strat\u00e9gie du chaos&nbsp;\u00bb. \u00ab&nbsp;Nous n\u2019avons jamais brim\u00e9, combattu et mis en prison quelqu\u2019un alors qu\u2019on &nbsp;subit \u00e0 longueur de journ\u00e9e des injustices&nbsp;\u00bb. Le leader de Pastef affirme qu\u2019il cherche la paix malgr\u00e9 les brimades et depuis 10 ans Macky Sall violente, tue et personne ne dit rien. \u00ab&nbsp;Lorsque le temps viendra pour se battre alors on le fera&nbsp;\u00bb dit Ousmane Sonko. En l\u2019endroit de l\u2019Arm\u00e9, il rappelle lorsque Macky Sall voudra confisquer le pouvoir, elle va agir comme ca a \u00e9t\u00e9 le cas avec Trump et l\u2019Arm\u00e9e am\u00e9ricaine. Il rappelle \u00e0 ses militants qu\u2019il faut de la discipline pour ne pas tomber dans leurs pi\u00e8ges car ce sont des hommes qui font dans des complots. \u00ab&nbsp;Le pr\u00e9sident est au pouvoir depuis 12 ans et en 10 ans on n\u2019a pas \u00e9t\u00e9 pi\u00e8ge. La priorit\u00e9 c\u2019est entre autres le clart\u00e9 et la transparence dans l\u2019achat des armements avec des trafiquants avec 46 Milliards pour les eaux et for\u00eats. Les priorit\u00e9s sont la lutte contre la pauvret\u00e9, contre la vie ch\u00e8re et la duret\u00e9 de la vie dans le monde rural. Les pl\u00e9ni\u00e8res vont d\u00e9marrer tr\u00e8s bient\u00f4t et il faudra les suivre. \u00ab&nbsp;Les ressources naturelles sont dilapid\u00e9es alors que l\u2019on ne cr\u00e9e que des faits divers. Il faut revenir \u00e0 l\u2019essentiel&nbsp;\u00bb. Ousmane Sonko conclu par dire que ce dossier est simplement politique. \u00ab&nbsp;Et si tout est en phase tant mieux mais au cas contraire, on remettra les m\u00eames choses&nbsp;\u00bb Samba SY.","og_url":"https:\/\/www.public.sn\/index.php\/2022\/11\/02\/ousmane-sonko-au-jeunes-restez-chez-vous\/","og_site_name":"LE PUBLIC","article_published_time":"2022-11-02T17:05:54+00:00","article_modified_time":"2022-11-02T17:45:37+00:00","og_image":[{"width":699,"height":431,"url":"https:\/\/www.public.sn\/wp-content\/uploads\/2022\/11\/sonkooo.jpg","type":"image\/jpeg"}],"author":"LA REDACTION","twitter_card":"summary_large_image","twitter_misc":{"\u00c9crit par":"LA REDACTION","Dur\u00e9e de lecture estim\u00e9e":"3 minutes"},"schema":{"@context":"https:\/\/schema.org","@graph":[{"@type":"Article","@id":"https:\/\/www.public.sn\/index.php\/2022\/11\/02\/ousmane-sonko-au-jeunes-restez-chez-vous\/#article","isPartOf":{"@id":"https:\/\/www.public.sn\/index.php\/2022\/11\/02\/ousmane-sonko-au-jeunes-restez-chez-vous\/"},"author":{"name":"LA REDACTION","@id":"https:\/\/www.public.sn\/#\/schema\/person\/cb76c8e1b8becc6be61fb5e92d6d0224"},"headline":"Ousmane Sonko aux Jeunes\u00a0: \u00ab\u00a0Restez chez vous\u00a0\u00bb","datePublished":"2022-11-02T17:05:54+00:00","dateModified":"2022-11-02T17:45:37+00:00","mainEntityOfPage":{"@id":"https:\/\/www.public.sn\/index.php\/2022\/11\/02\/ousmane-sonko-au-jeunes-restez-chez-vous\/"},"wordCount":623,"commentCount":0,"publisher":{"@id":"https:\/\/www.public.sn\/#organization"},"image":{"@id":"https:\/\/www.public.sn\/index.php\/2022\/11\/02\/ousmane-sonko-au-jeunes-restez-chez-vous\/#primaryimage"},"thumbnailUrl":"https:\/\/www.public.sn\/wp-content\/uploads\/2022\/11\/sonkooo.jpg","keywords":["declaration","jeunes","sonko"],"articleSection":["ACTUALIT\u00c9S","POLITIQUE","S\u00c9N\u00c9GAL","VEDETTE"],"inLanguage":"fr-FR","potentialAction":[{"@type":"CommentAction","name":"Comment","target":["https:\/\/www.public.sn\/index.php\/2022\/11\/02\/ousmane-sonko-au-jeunes-restez-chez-vous\/#respond"]}]},{"@type":"WebPage","@id":"https:\/\/www.public.sn\/index.php\/2022\/11\/02\/ousmane-sonko-au-jeunes-restez-chez-vous\/","url":"https:\/\/www.public.sn\/index.php\/2022\/11\/02\/ousmane-sonko-au-jeunes-restez-chez-vous\/","name":"Ousmane Sonko aux Jeunes\u00a0: \u00ab\u00a0Restez chez vous\u00a0\u00bb - LE PUBLIC","isPartOf":{"@id":"https:\/\/www.public.sn\/#website"},"primaryImageOfPage":{"@id":"https:\/\/www.public.sn\/index.php\/2022\/11\/02\/ousmane-sonko-au-jeunes-restez-chez-vous\/#primaryimage"},"image":{"@id":"https:\/\/www.public.sn\/index.php\/2022\/11\/02\/ousmane-sonko-au-jeunes-restez-chez-vous\/#primaryimage"},"thumbnailUrl":"https:\/\/www.public.sn\/wp-content\/uploads\/2022\/11\/sonkooo.jpg","datePublished":"2022-11-02T17:05:54+00:00","dateModified":"2022-11-02T17:45:37+00:00","breadcrumb":{"@id":"https:\/\/www.public.sn\/index.php\/2022\/11\/02\/ousmane-sonko-au-jeunes-restez-chez-vous\/#breadcrumb"},"inLanguage":"fr-FR","potentialAction":[{"@type":"ReadAction","target":["https:\/\/www.public.sn\/index.php\/2022\/11\/02\/ousmane-sonko-au-jeunes-restez-chez-vous\/"]}]},{"@type":"ImageObject","inLanguage":"fr-FR","@id":"https:\/\/www.public.sn\/index.php\/2022\/11\/02\/ousmane-sonko-au-jeunes-restez-chez-vous\/#primaryimage","url":"https:\/\/www.public.sn\/wp-content\/uploads\/2022\/11\/sonkooo.jpg","contentUrl":"https:\/\/www.public.sn\/wp-content\/uploads\/2022\/11\/sonkooo.jpg","width":699,"height":431,"caption":"publicsn"},{"@type":"BreadcrumbList","@id":"https:\/\/www.public.sn\/index.php\/2022\/11\/02\/ousmane-sonko-au-jeunes-restez-chez-vous\/#breadcrumb","itemListElement":[{"@type":"ListItem","position":1,"name":"Accueil","item":"https:\/\/www.public.sn\/"},{"@type":"ListItem","position":2,"name":"Ousmane Sonko aux Jeunes\u00a0: \u00ab\u00a0Restez chez vous\u00a0\u00bb"}]},{"@type":"WebSite","@id":"https:\/\/www.public.sn\/#website","url":"https:\/\/www.public.sn\/","name":"LE PUBLIC","description":"","publisher":{"@id":"https:\/\/www.public.sn\/#organization"},"potentialAction":[{"@type":"SearchAction","target":{"@type":"EntryPoint","urlTemplate":"https:\/\/www.public.sn\/?s={search_term_string}"},"query-input":{"@type":"PropertyValueSpecification","valueRequired":true,"valueName":"search_term_string"}}],"inLanguage":"fr-FR"},{"@type":"Organization","@id":"https:\/\/www.public.sn\/#organization","name":"LE PUBLIC","url":"https:\/\/www.public.sn\/","logo":{"@type":"ImageObject","inLanguage":"fr-FR","@id":"https:\/\/www.public.sn\/#\/schema\/logo\/image\/","url":"https:\/\/www.public.sn\/wp-content\/uploads\/2024\/05\/cropped-LOGO-PUBLIC.SN_.png","contentUrl":"https:\/\/www.public.sn\/wp-content\/uploads\/2024\/05\/cropped-LOGO-PUBLIC.SN_.png","width":682,"height":192,"caption":"LE PUBLIC"},"image":{"@id":"https:\/\/www.public.sn\/#\/schema\/logo\/image\/"}},{"@type":"Person","@id":"https:\/\/www.public.sn\/#\/schema\/person\/cb76c8e1b8becc6be61fb5e92d6d0224","name":"LA REDACTION","image":{"@type":"ImageObject","inLanguage":"fr-FR","@id":"https:\/\/www.public.sn\/#\/schema\/person\/image\/","url":"https:\/\/secure.gravatar.com\/avatar\/2dce5ddd34b8fef0180efe03aa2a9bee7d953856048f9a16b298190a3178407c?s=96&d=mm&r=g","contentUrl":"https:\/\/secure.gravatar.com\/avatar\/2dce5ddd34b8fef0180efe03aa2a9bee7d953856048f9a16b298190a3178407c?s=96&d=mm&r=g","caption":"LA REDACTION"},"url":"https:\/\/www.public.sn\/index.php\/author\/editeurpsn\/"}]}},"jetpack_featured_media_url":"https:\/\/www.public.sn\/wp-content\/uploads\/2022\/11\/sonkooo.jpg","jetpack_sharing_enabled":true,"_links":{"self":[{"href":"https:\/\/www.public.sn\/index.php\/wp-json\/wp\/v2\/posts\/6718","targetHints":{"allow":["GET"]}}],"collection":[{"href":"https:\/\/www.public.sn\/index.php\/wp-json\/wp\/v2\/posts"}],"about":[{"href":"https:\/\/www.public.sn\/index.php\/wp-json\/wp\/v2\/types\/post"}],"author":[{"embeddable":true,"href":"https:\/\/www.public.sn\/index.php\/wp-json\/wp\/v2\/users\/7"}],"replies":[{"embeddable":true,"href":"https:\/\/www.public.sn\/index.php\/wp-json\/wp\/v2\/comments?post=6718"}],"version-history":[{"count":3,"href":"https:\/\/www.public.sn\/index.php\/wp-json\/wp\/v2\/posts\/6718\/revisions"}],"predecessor-version":[{"id":6724,"href":"https:\/\/www.public.sn\/index.php\/wp-json\/wp\/v2\/posts\/6718\/revisions\/6724"}],"wp:featuredmedia":[{"embeddable":true,"href":"https:\/\/www.public.sn\/index.php\/wp-json\/wp\/v2\/media\/6723"}],"wp:attachment":[{"href":"https:\/\/www.public.sn\/index.php\/wp-json\/wp\/v2\/media?parent=6718"}],"wp:term":[{"taxonomy":"category","embeddable":true,"href":"https:\/\/www.public.sn\/index.php\/wp-json\/wp\/v2\/categories?post=6718"},{"taxonomy":"post_tag","embeddable":true,"href":"https:\/\/www.public.sn\/index.php\/wp-json\/wp\/v2\/tags?post=6718"}],"curies":[{"name":"wp","href":"https:\/\/api.w.org\/{rel}","templated":true}]}}