{"id":6728,"date":"2022-11-07T19:58:21","date_gmt":"2022-11-07T19:58:21","guid":{"rendered":"https:\/\/www.public.sn\/?p=6728"},"modified":"2022-11-07T19:58:47","modified_gmt":"2022-11-07T19:58:47","slug":"affaire-pape-a-niang-la-cap-exige-sa-liberation-et-sonne-la-mobilisation","status":"publish","type":"post","link":"https:\/\/www.public.sn\/index.php\/2022\/11\/07\/affaire-pape-a-niang-la-cap-exige-sa-liberation-et-sonne-la-mobilisation\/","title":{"rendered":"Affaire Pape A. Niang: La CAP exige sa lib\u00e9ration et sonne la mobilisation."},"content":{"rendered":"\n<p><br><strong>Le journaliste Pape Al\u00e9 Niang arr\u00eat\u00e9 hier dimanche pour les d\u00e9lits de divulgation de documents militaires sans autorisation de la hi\u00e9rarchie de nature \u00e0 nuire \u00e0 la d\u00e9fense nationale ; appel \u00e0 la subversion ; recel et diffusion de documents administratifs estampill\u00e9s  secrets et propagation de fausses nouvelles. La presse nationale \u00e0 travers la coordination des associations de presse (CAP) exige sa lib\u00e9ration. <\/strong><br>     <br>        La coordination des associations de presse(CAP) condamne avec la derni\u00e8re \u00e9nergie l\u2019arrestation du journaliste Pape Al\u00e9 Niang et exige sa lib\u00e9ration. D\u2019apr\u00e8s les camarades de Bamba Ciss\u00e9 du Synpics, les articles 60,80 et 363 du code p\u00e9nal sont vis\u00e9s en l\u2019encontre du chroniqueur et critique du r\u00e9gime. Aussi, la CAP rappelle \u00e0 l\u2019Etat du S\u00e9n\u00e9gal, le respect de la constitution notamment en ses articles 8 et 10 mais aussi ses engagements internationaux relatifs \u00e0 la d\u00e9p\u00e9nalisation des d\u00e9lits de presse.<\/p><div class=\"publi-paragraphe1\" style=\"margin-top: 10px;margin-bottom: 10px;margin-left: auto;margin-right: auto;text-align: center;\" id=\"publi-3604339276\"><div class=\"publi-adlabel\">Publicit\u00e9<\/div><script async src=\"\/\/pagead2.googlesyndication.com\/pagead\/js\/adsbygoogle.js?client=ca-pub-4089586018074219\" crossorigin=\"anonymous\"><\/script><ins class=\"adsbygoogle\" style=\"display:block;\" data-ad-client=\"ca-pub-4089586018074219\" \ndata-ad-slot=\"2087940154\" \ndata-ad-format=\"auto\"><\/ins>\n<script> \n(adsbygoogle = window.adsbygoogle || []).push({}); \n<\/script>\n<\/div>\n\n\n\n<p>               La coordination des associations de presse (CAP) rappelle l\u2019\u00e9tat au respect  de ses engagements par rapport au respect de la libert\u00e9 de la presse et \u00e9galement aux conventions garantissant aux journalistes des droits et libert\u00e9s. Le pr\u00e9sident de la presse en ligne APPEL Ibrahima Lissa Faye, a d\u00e9nonc\u00e9 vigoureusement la r\u00e9pression et la diabolisation de la presse autant par le pouvoir que par l\u2019opposition. La CAP appelle tous les d\u00e9fenseurs des Libert\u00e9s \u00e0 se mobiliser et \u00e0 faire face aux tentatives d\u2019intimidations et de musellement de la presse. Elle saisit les organisations de d\u00e9fense de libert\u00e9s de presse nationales et internationales  sur les d\u00e9rives totalitaires de l\u2019Etat du S\u00e9n\u00e9gal. La CAP r\u00e9it\u00e8re que la libert\u00e9 de presse, d\u2019investiguer et d\u2019informer n\u2019est pas n\u00e9gociable et finalise son  plan d\u2019action.<br><br>Falil Gadio <br>      <br><\/p>\n\n\n<p><iframe width=\"868\" height=\"488\" src=\"https:\/\/www.youtube.com\/embed\/aJSs8RPUX1E\" title=\"Affaire Pape A. Niang: La CAP exige sa lib\u00e9ration et sonne la mobilisation.\" frameborder=\"0\" allow=\"accelerometer; autoplay; clipboard-write; encrypted-media; gyroscope; picture-in-picture\" allowfullscreen=\"\"><\/iframe><\/p><div class=\"publi-apres-le-contenu\" style=\"margin-top: 10px;margin-bottom: 10px;margin-left: auto;margin-right: auto;text-align: center;\" id=\"publi-2374271537\"><div class=\"publi-adlabel\">Publicit\u00e9<\/div><script async src=\"\/\/pagead2.googlesyndication.com\/pagead\/js\/adsbygoogle.js?client=ca-pub-4089586018074219\" crossorigin=\"anonymous\"><\/script><ins class=\"adsbygoogle\" style=\"display:block;\" data-ad-client=\"ca-pub-4089586018074219\" \ndata-ad-slot=\"2087940154\" \ndata-ad-format=\"auto\"><\/ins>\n<script> \n(adsbygoogle = window.adsbygoogle || []).push({}); \n<\/script>\n<\/div>","protected":false},"excerpt":{"rendered":"<p>Le journaliste Pape Al\u00e9 Niang arr\u00eat\u00e9 hier dimanche pour les d\u00e9lits de divulgation de documents militaires sans autorisation de la hi\u00e9rarchie de nature \u00e0 nuire \u00e0 la d\u00e9fense nationale ; appel \u00e0 la subversion ; recel et diffusion de documents administratifs estampill\u00e9s secrets et propagation de fausses nouvelles. La presse nationale \u00e0 travers la coordination des associations de presse (CAP) exige sa lib\u00e9ration. La coordination des associations de presse(CAP) condamne avec la derni\u00e8re \u00e9nergie l\u2019arrestation du journaliste Pape Al\u00e9 Niang et exige sa lib\u00e9ration. D\u2019apr\u00e8s les camarades de Bamba Ciss\u00e9 du Synpics, les articles 60,80 et 363 du code p\u00e9nal sont vis\u00e9s en l\u2019encontre du chroniqueur et critique du r\u00e9gime. Aussi, la CAP rappelle \u00e0 l\u2019Etat du S\u00e9n\u00e9gal, le respect de la constitution notamment en ses articles 8 et 10 mais aussi ses engagements internationaux relatifs \u00e0 la d\u00e9p\u00e9nalisation des d\u00e9lits de presse. La coordination des associations de presse (CAP) rappelle l\u2019\u00e9tat au respect de ses engagements par rapport au respect de la libert\u00e9 de la presse et \u00e9galement aux conventions garantissant aux journalistes des droits et libert\u00e9s. Le pr\u00e9sident de la presse en ligne APPEL Ibrahima Lissa Faye, a d\u00e9nonc\u00e9 vigoureusement la r\u00e9pression et la diabolisation de la presse autant par le pouvoir que par l\u2019opposition. La CAP appelle tous les d\u00e9fenseurs des Libert\u00e9s \u00e0 se mobiliser et \u00e0 faire face aux tentatives d\u2019intimidations et de musellement de la presse. Elle saisit les organisations de d\u00e9fense de libert\u00e9s de presse nationales et internationales sur les d\u00e9rives totalitaires de l\u2019Etat du S\u00e9n\u00e9gal. La CAP r\u00e9it\u00e8re que la libert\u00e9 de presse, d\u2019investiguer et d\u2019informer n\u2019est pas n\u00e9gociable et finalise son plan d\u2019action. Falil Gadio<\/p>\n","protected":false},"author":7,"featured_media":7326,"comment_status":"open","ping_status":"open","sticky":false,"template":"","format":"standard","meta":{"_jetpack_memberships_contains_paid_content":false,"footnotes":""},"categories":[375,961,8,1,6],"tags":[1473,2489,1828],"class_list":["post-6728","post","type-post","status-publish","format-standard","has-post-thumbnail","hentry","category-actualites","category-medias","category-public-tv","category-non-classe","category-videos","tag-arrestation","tag-pape-ale-niang","tag-presse","entry","has-media","owp-thumbs-layout-horizontal","owp-btn-normal","owp-tabs-layout-horizontal","has-no-thumbnails","has-product-nav"],"yoast_head":"<!-- This site is optimized with the Yoast SEO plugin v25.5 - https:\/\/yoast.com\/wordpress\/plugins\/seo\/ -->\n<title>Affaire Pape A. Niang: La CAP exige sa lib\u00e9ration et sonne la mobilisation. - LE PUBLIC<\/title>\n<meta name=\"robots\" content=\"index, follow, max-snippet:-1, max-image-preview:large, max-video-preview:-1\" \/>\n<link rel=\"canonical\" href=\"https:\/\/www.public.sn\/index.php\/2022\/11\/07\/affaire-pape-a-niang-la-cap-exige-sa-liberation-et-sonne-la-mobilisation\/\" \/>\n<meta property=\"og:locale\" content=\"fr_FR\" \/>\n<meta property=\"og:type\" content=\"article\" \/>\n<meta property=\"og:title\" content=\"Affaire Pape A. Niang: La CAP exige sa lib\u00e9ration et sonne la mobilisation. - LE PUBLIC\" \/>\n<meta property=\"og:description\" content=\"Le journaliste Pape Al\u00e9 Niang arr\u00eat\u00e9 hier dimanche pour les d\u00e9lits de divulgation de documents militaires sans autorisation de la hi\u00e9rarchie de nature \u00e0 nuire \u00e0 la d\u00e9fense nationale ; appel \u00e0 la subversion ; recel et diffusion de documents administratifs estampill\u00e9s secrets et propagation de fausses nouvelles. La presse nationale \u00e0 travers la coordination des associations de presse (CAP) exige sa lib\u00e9ration. La coordination des associations de presse(CAP) condamne avec la derni\u00e8re \u00e9nergie l\u2019arrestation du journaliste Pape Al\u00e9 Niang et exige sa lib\u00e9ration. D\u2019apr\u00e8s les camarades de Bamba Ciss\u00e9 du Synpics, les articles 60,80 et 363 du code p\u00e9nal sont vis\u00e9s en l\u2019encontre du chroniqueur et critique du r\u00e9gime. Aussi, la CAP rappelle \u00e0 l\u2019Etat du S\u00e9n\u00e9gal, le respect de la constitution notamment en ses articles 8 et 10 mais aussi ses engagements internationaux relatifs \u00e0 la d\u00e9p\u00e9nalisation des d\u00e9lits de presse. La coordination des associations de presse (CAP) rappelle l\u2019\u00e9tat au respect de ses engagements par rapport au respect de la libert\u00e9 de la presse et \u00e9galement aux conventions garantissant aux journalistes des droits et libert\u00e9s. Le pr\u00e9sident de la presse en ligne APPEL Ibrahima Lissa Faye, a d\u00e9nonc\u00e9 vigoureusement la r\u00e9pression et la diabolisation de la presse autant par le pouvoir que par l\u2019opposition. La CAP appelle tous les d\u00e9fenseurs des Libert\u00e9s \u00e0 se mobiliser et \u00e0 faire face aux tentatives d\u2019intimidations et de musellement de la presse. Elle saisit les organisations de d\u00e9fense de libert\u00e9s de presse nationales et internationales sur les d\u00e9rives totalitaires de l\u2019Etat du S\u00e9n\u00e9gal. La CAP r\u00e9it\u00e8re que la libert\u00e9 de presse, d\u2019investiguer et d\u2019informer n\u2019est pas n\u00e9gociable et finalise son plan d\u2019action. Falil Gadio\" \/>\n<meta property=\"og:url\" content=\"https:\/\/www.public.sn\/index.php\/2022\/11\/07\/affaire-pape-a-niang-la-cap-exige-sa-liberation-et-sonne-la-mobilisation\/\" \/>\n<meta property=\"og:site_name\" content=\"LE PUBLIC\" \/>\n<meta property=\"article:published_time\" content=\"2022-11-07T19:58:21+00:00\" \/>\n<meta property=\"article:modified_time\" content=\"2022-11-07T19:58:47+00:00\" \/>\n<meta property=\"og:image\" content=\"https:\/\/www.public.sn\/wp-content\/uploads\/2022\/11\/CAP-1.jpg\" \/>\n\t<meta property=\"og:image:width\" content=\"275\" \/>\n\t<meta property=\"og:image:height\" content=\"183\" \/>\n\t<meta property=\"og:image:type\" content=\"image\/jpeg\" \/>\n<meta name=\"author\" content=\"LA REDACTION\" \/>\n<meta name=\"twitter:card\" content=\"summary_large_image\" \/>\n<meta name=\"twitter:label1\" content=\"\u00c9crit par\" \/>\n\t<meta name=\"twitter:data1\" content=\"LA REDACTION\" \/>\n\t<meta name=\"twitter:label2\" content=\"Dur\u00e9e de lecture estim\u00e9e\" \/>\n\t<meta name=\"twitter:data2\" content=\"2 minutes\" \/>\n<script type=\"application\/ld+json\" class=\"yoast-schema-graph\">{\"@context\":\"https:\/\/schema.org\",\"@graph\":[{\"@type\":\"Article\",\"@id\":\"https:\/\/www.public.sn\/index.php\/2022\/11\/07\/affaire-pape-a-niang-la-cap-exige-sa-liberation-et-sonne-la-mobilisation\/#article\",\"isPartOf\":{\"@id\":\"https:\/\/www.public.sn\/index.php\/2022\/11\/07\/affaire-pape-a-niang-la-cap-exige-sa-liberation-et-sonne-la-mobilisation\/\"},\"author\":{\"name\":\"LA REDACTION\",\"@id\":\"https:\/\/www.public.sn\/#\/schema\/person\/cb76c8e1b8becc6be61fb5e92d6d0224\"},\"headline\":\"Affaire Pape A. Niang: La CAP exige sa lib\u00e9ration et sonne la mobilisation.\",\"datePublished\":\"2022-11-07T19:58:21+00:00\",\"dateModified\":\"2022-11-07T19:58:47+00:00\",\"mainEntityOfPage\":{\"@id\":\"https:\/\/www.public.sn\/index.php\/2022\/11\/07\/affaire-pape-a-niang-la-cap-exige-sa-liberation-et-sonne-la-mobilisation\/\"},\"wordCount\":317,\"commentCount\":0,\"publisher\":{\"@id\":\"https:\/\/www.public.sn\/#organization\"},\"image\":{\"@id\":\"https:\/\/www.public.sn\/index.php\/2022\/11\/07\/affaire-pape-a-niang-la-cap-exige-sa-liberation-et-sonne-la-mobilisation\/#primaryimage\"},\"thumbnailUrl\":\"https:\/\/www.public.sn\/wp-content\/uploads\/2022\/11\/CAP-1.jpg\",\"keywords\":[\"arrestation\",\"Pape Al\u00e9 Niang\",\"presse\"],\"articleSection\":[\"ACTUALIT\u00c9S\",\"M\u00c9DIAS\",\"PUBLIC TV\",\"S\u00c9N\u00c9GAL\",\"VIDEOS\"],\"inLanguage\":\"fr-FR\",\"potentialAction\":[{\"@type\":\"CommentAction\",\"name\":\"Comment\",\"target\":[\"https:\/\/www.public.sn\/index.php\/2022\/11\/07\/affaire-pape-a-niang-la-cap-exige-sa-liberation-et-sonne-la-mobilisation\/#respond\"]}]},{\"@type\":\"WebPage\",\"@id\":\"https:\/\/www.public.sn\/index.php\/2022\/11\/07\/affaire-pape-a-niang-la-cap-exige-sa-liberation-et-sonne-la-mobilisation\/\",\"url\":\"https:\/\/www.public.sn\/index.php\/2022\/11\/07\/affaire-pape-a-niang-la-cap-exige-sa-liberation-et-sonne-la-mobilisation\/\",\"name\":\"Affaire Pape A. Niang: La CAP exige sa lib\u00e9ration et sonne la mobilisation. - LE PUBLIC\",\"isPartOf\":{\"@id\":\"https:\/\/www.public.sn\/#website\"},\"primaryImageOfPage\":{\"@id\":\"https:\/\/www.public.sn\/index.php\/2022\/11\/07\/affaire-pape-a-niang-la-cap-exige-sa-liberation-et-sonne-la-mobilisation\/#primaryimage\"},\"image\":{\"@id\":\"https:\/\/www.public.sn\/index.php\/2022\/11\/07\/affaire-pape-a-niang-la-cap-exige-sa-liberation-et-sonne-la-mobilisation\/#primaryimage\"},\"thumbnailUrl\":\"https:\/\/www.public.sn\/wp-content\/uploads\/2022\/11\/CAP-1.jpg\",\"datePublished\":\"2022-11-07T19:58:21+00:00\",\"dateModified\":\"2022-11-07T19:58:47+00:00\",\"breadcrumb\":{\"@id\":\"https:\/\/www.public.sn\/index.php\/2022\/11\/07\/affaire-pape-a-niang-la-cap-exige-sa-liberation-et-sonne-la-mobilisation\/#breadcrumb\"},\"inLanguage\":\"fr-FR\",\"potentialAction\":[{\"@type\":\"ReadAction\",\"target\":[\"https:\/\/www.public.sn\/index.php\/2022\/11\/07\/affaire-pape-a-niang-la-cap-exige-sa-liberation-et-sonne-la-mobilisation\/\"]}]},{\"@type\":\"ImageObject\",\"inLanguage\":\"fr-FR\",\"@id\":\"https:\/\/www.public.sn\/index.php\/2022\/11\/07\/affaire-pape-a-niang-la-cap-exige-sa-liberation-et-sonne-la-mobilisation\/#primaryimage\",\"url\":\"https:\/\/www.public.sn\/wp-content\/uploads\/2022\/11\/CAP-1.jpg\",\"contentUrl\":\"https:\/\/www.public.sn\/wp-content\/uploads\/2022\/11\/CAP-1.jpg\",\"width\":275,\"height\":183,\"caption\":\"Public Sn\"},{\"@type\":\"BreadcrumbList\",\"@id\":\"https:\/\/www.public.sn\/index.php\/2022\/11\/07\/affaire-pape-a-niang-la-cap-exige-sa-liberation-et-sonne-la-mobilisation\/#breadcrumb\",\"itemListElement\":[{\"@type\":\"ListItem\",\"position\":1,\"name\":\"Accueil\",\"item\":\"https:\/\/www.public.sn\/\"},{\"@type\":\"ListItem\",\"position\":2,\"name\":\"Affaire Pape A. Niang: La CAP exige sa lib\u00e9ration et sonne la mobilisation.\"}]},{\"@type\":\"WebSite\",\"@id\":\"https:\/\/www.public.sn\/#website\",\"url\":\"https:\/\/www.public.sn\/\",\"name\":\"LE PUBLIC\",\"description\":\"\",\"publisher\":{\"@id\":\"https:\/\/www.public.sn\/#organization\"},\"potentialAction\":[{\"@type\":\"SearchAction\",\"target\":{\"@type\":\"EntryPoint\",\"urlTemplate\":\"https:\/\/www.public.sn\/?s={search_term_string}\"},\"query-input\":{\"@type\":\"PropertyValueSpecification\",\"valueRequired\":true,\"valueName\":\"search_term_string\"}}],\"inLanguage\":\"fr-FR\"},{\"@type\":\"Organization\",\"@id\":\"https:\/\/www.public.sn\/#organization\",\"name\":\"LE PUBLIC\",\"url\":\"https:\/\/www.public.sn\/\",\"logo\":{\"@type\":\"ImageObject\",\"inLanguage\":\"fr-FR\",\"@id\":\"https:\/\/www.public.sn\/#\/schema\/logo\/image\/\",\"url\":\"https:\/\/www.public.sn\/wp-content\/uploads\/2024\/05\/cropped-LOGO-PUBLIC.SN_.png\",\"contentUrl\":\"https:\/\/www.public.sn\/wp-content\/uploads\/2024\/05\/cropped-LOGO-PUBLIC.SN_.png\",\"width\":682,\"height\":192,\"caption\":\"LE PUBLIC\"},\"image\":{\"@id\":\"https:\/\/www.public.sn\/#\/schema\/logo\/image\/\"}},{\"@type\":\"Person\",\"@id\":\"https:\/\/www.public.sn\/#\/schema\/person\/cb76c8e1b8becc6be61fb5e92d6d0224\",\"name\":\"LA REDACTION\",\"image\":{\"@type\":\"ImageObject\",\"inLanguage\":\"fr-FR\",\"@id\":\"https:\/\/www.public.sn\/#\/schema\/person\/image\/\",\"url\":\"https:\/\/secure.gravatar.com\/avatar\/2dce5ddd34b8fef0180efe03aa2a9bee7d953856048f9a16b298190a3178407c?s=96&d=mm&r=g\",\"contentUrl\":\"https:\/\/secure.gravatar.com\/avatar\/2dce5ddd34b8fef0180efe03aa2a9bee7d953856048f9a16b298190a3178407c?s=96&d=mm&r=g\",\"caption\":\"LA REDACTION\"},\"url\":\"https:\/\/www.public.sn\/index.php\/author\/editeurpsn\/\"}]}<\/script>\n<!-- \/ Yoast SEO plugin. -->","yoast_head_json":{"title":"Affaire Pape A. Niang: La CAP exige sa lib\u00e9ration et sonne la mobilisation. - LE PUBLIC","robots":{"index":"index","follow":"follow","max-snippet":"max-snippet:-1","max-image-preview":"max-image-preview:large","max-video-preview":"max-video-preview:-1"},"canonical":"https:\/\/www.public.sn\/index.php\/2022\/11\/07\/affaire-pape-a-niang-la-cap-exige-sa-liberation-et-sonne-la-mobilisation\/","og_locale":"fr_FR","og_type":"article","og_title":"Affaire Pape A. Niang: La CAP exige sa lib\u00e9ration et sonne la mobilisation. - LE PUBLIC","og_description":"Le journaliste Pape Al\u00e9 Niang arr\u00eat\u00e9 hier dimanche pour les d\u00e9lits de divulgation de documents militaires sans autorisation de la hi\u00e9rarchie de nature \u00e0 nuire \u00e0 la d\u00e9fense nationale ; appel \u00e0 la subversion ; recel et diffusion de documents administratifs estampill\u00e9s secrets et propagation de fausses nouvelles. La presse nationale \u00e0 travers la coordination des associations de presse (CAP) exige sa lib\u00e9ration. La coordination des associations de presse(CAP) condamne avec la derni\u00e8re \u00e9nergie l\u2019arrestation du journaliste Pape Al\u00e9 Niang et exige sa lib\u00e9ration. D\u2019apr\u00e8s les camarades de Bamba Ciss\u00e9 du Synpics, les articles 60,80 et 363 du code p\u00e9nal sont vis\u00e9s en l\u2019encontre du chroniqueur et critique du r\u00e9gime. Aussi, la CAP rappelle \u00e0 l\u2019Etat du S\u00e9n\u00e9gal, le respect de la constitution notamment en ses articles 8 et 10 mais aussi ses engagements internationaux relatifs \u00e0 la d\u00e9p\u00e9nalisation des d\u00e9lits de presse. La coordination des associations de presse (CAP) rappelle l\u2019\u00e9tat au respect de ses engagements par rapport au respect de la libert\u00e9 de la presse et \u00e9galement aux conventions garantissant aux journalistes des droits et libert\u00e9s. Le pr\u00e9sident de la presse en ligne APPEL Ibrahima Lissa Faye, a d\u00e9nonc\u00e9 vigoureusement la r\u00e9pression et la diabolisation de la presse autant par le pouvoir que par l\u2019opposition. La CAP appelle tous les d\u00e9fenseurs des Libert\u00e9s \u00e0 se mobiliser et \u00e0 faire face aux tentatives d\u2019intimidations et de musellement de la presse. Elle saisit les organisations de d\u00e9fense de libert\u00e9s de presse nationales et internationales sur les d\u00e9rives totalitaires de l\u2019Etat du S\u00e9n\u00e9gal. La CAP r\u00e9it\u00e8re que la libert\u00e9 de presse, d\u2019investiguer et d\u2019informer n\u2019est pas n\u00e9gociable et finalise son plan d\u2019action. Falil Gadio","og_url":"https:\/\/www.public.sn\/index.php\/2022\/11\/07\/affaire-pape-a-niang-la-cap-exige-sa-liberation-et-sonne-la-mobilisation\/","og_site_name":"LE PUBLIC","article_published_time":"2022-11-07T19:58:21+00:00","article_modified_time":"2022-11-07T19:58:47+00:00","og_image":[{"width":275,"height":183,"url":"https:\/\/www.public.sn\/wp-content\/uploads\/2022\/11\/CAP-1.jpg","type":"image\/jpeg"}],"author":"LA REDACTION","twitter_card":"summary_large_image","twitter_misc":{"\u00c9crit par":"LA REDACTION","Dur\u00e9e de lecture estim\u00e9e":"2 minutes"},"schema":{"@context":"https:\/\/schema.org","@graph":[{"@type":"Article","@id":"https:\/\/www.public.sn\/index.php\/2022\/11\/07\/affaire-pape-a-niang-la-cap-exige-sa-liberation-et-sonne-la-mobilisation\/#article","isPartOf":{"@id":"https:\/\/www.public.sn\/index.php\/2022\/11\/07\/affaire-pape-a-niang-la-cap-exige-sa-liberation-et-sonne-la-mobilisation\/"},"author":{"name":"LA REDACTION","@id":"https:\/\/www.public.sn\/#\/schema\/person\/cb76c8e1b8becc6be61fb5e92d6d0224"},"headline":"Affaire Pape A. Niang: La CAP exige sa lib\u00e9ration et sonne la mobilisation.","datePublished":"2022-11-07T19:58:21+00:00","dateModified":"2022-11-07T19:58:47+00:00","mainEntityOfPage":{"@id":"https:\/\/www.public.sn\/index.php\/2022\/11\/07\/affaire-pape-a-niang-la-cap-exige-sa-liberation-et-sonne-la-mobilisation\/"},"wordCount":317,"commentCount":0,"publisher":{"@id":"https:\/\/www.public.sn\/#organization"},"image":{"@id":"https:\/\/www.public.sn\/index.php\/2022\/11\/07\/affaire-pape-a-niang-la-cap-exige-sa-liberation-et-sonne-la-mobilisation\/#primaryimage"},"thumbnailUrl":"https:\/\/www.public.sn\/wp-content\/uploads\/2022\/11\/CAP-1.jpg","keywords":["arrestation","Pape Al\u00e9 Niang","presse"],"articleSection":["ACTUALIT\u00c9S","M\u00c9DIAS","PUBLIC TV","S\u00c9N\u00c9GAL","VIDEOS"],"inLanguage":"fr-FR","potentialAction":[{"@type":"CommentAction","name":"Comment","target":["https:\/\/www.public.sn\/index.php\/2022\/11\/07\/affaire-pape-a-niang-la-cap-exige-sa-liberation-et-sonne-la-mobilisation\/#respond"]}]},{"@type":"WebPage","@id":"https:\/\/www.public.sn\/index.php\/2022\/11\/07\/affaire-pape-a-niang-la-cap-exige-sa-liberation-et-sonne-la-mobilisation\/","url":"https:\/\/www.public.sn\/index.php\/2022\/11\/07\/affaire-pape-a-niang-la-cap-exige-sa-liberation-et-sonne-la-mobilisation\/","name":"Affaire Pape A. Niang: La CAP exige sa lib\u00e9ration et sonne la mobilisation. - LE PUBLIC","isPartOf":{"@id":"https:\/\/www.public.sn\/#website"},"primaryImageOfPage":{"@id":"https:\/\/www.public.sn\/index.php\/2022\/11\/07\/affaire-pape-a-niang-la-cap-exige-sa-liberation-et-sonne-la-mobilisation\/#primaryimage"},"image":{"@id":"https:\/\/www.public.sn\/index.php\/2022\/11\/07\/affaire-pape-a-niang-la-cap-exige-sa-liberation-et-sonne-la-mobilisation\/#primaryimage"},"thumbnailUrl":"https:\/\/www.public.sn\/wp-content\/uploads\/2022\/11\/CAP-1.jpg","datePublished":"2022-11-07T19:58:21+00:00","dateModified":"2022-11-07T19:58:47+00:00","breadcrumb":{"@id":"https:\/\/www.public.sn\/index.php\/2022\/11\/07\/affaire-pape-a-niang-la-cap-exige-sa-liberation-et-sonne-la-mobilisation\/#breadcrumb"},"inLanguage":"fr-FR","potentialAction":[{"@type":"ReadAction","target":["https:\/\/www.public.sn\/index.php\/2022\/11\/07\/affaire-pape-a-niang-la-cap-exige-sa-liberation-et-sonne-la-mobilisation\/"]}]},{"@type":"ImageObject","inLanguage":"fr-FR","@id":"https:\/\/www.public.sn\/index.php\/2022\/11\/07\/affaire-pape-a-niang-la-cap-exige-sa-liberation-et-sonne-la-mobilisation\/#primaryimage","url":"https:\/\/www.public.sn\/wp-content\/uploads\/2022\/11\/CAP-1.jpg","contentUrl":"https:\/\/www.public.sn\/wp-content\/uploads\/2022\/11\/CAP-1.jpg","width":275,"height":183,"caption":"Public Sn"},{"@type":"BreadcrumbList","@id":"https:\/\/www.public.sn\/index.php\/2022\/11\/07\/affaire-pape-a-niang-la-cap-exige-sa-liberation-et-sonne-la-mobilisation\/#breadcrumb","itemListElement":[{"@type":"ListItem","position":1,"name":"Accueil","item":"https:\/\/www.public.sn\/"},{"@type":"ListItem","position":2,"name":"Affaire Pape A. Niang: La CAP exige sa lib\u00e9ration et sonne la mobilisation."}]},{"@type":"WebSite","@id":"https:\/\/www.public.sn\/#website","url":"https:\/\/www.public.sn\/","name":"LE PUBLIC","description":"","publisher":{"@id":"https:\/\/www.public.sn\/#organization"},"potentialAction":[{"@type":"SearchAction","target":{"@type":"EntryPoint","urlTemplate":"https:\/\/www.public.sn\/?s={search_term_string}"},"query-input":{"@type":"PropertyValueSpecification","valueRequired":true,"valueName":"search_term_string"}}],"inLanguage":"fr-FR"},{"@type":"Organization","@id":"https:\/\/www.public.sn\/#organization","name":"LE PUBLIC","url":"https:\/\/www.public.sn\/","logo":{"@type":"ImageObject","inLanguage":"fr-FR","@id":"https:\/\/www.public.sn\/#\/schema\/logo\/image\/","url":"https:\/\/www.public.sn\/wp-content\/uploads\/2024\/05\/cropped-LOGO-PUBLIC.SN_.png","contentUrl":"https:\/\/www.public.sn\/wp-content\/uploads\/2024\/05\/cropped-LOGO-PUBLIC.SN_.png","width":682,"height":192,"caption":"LE PUBLIC"},"image":{"@id":"https:\/\/www.public.sn\/#\/schema\/logo\/image\/"}},{"@type":"Person","@id":"https:\/\/www.public.sn\/#\/schema\/person\/cb76c8e1b8becc6be61fb5e92d6d0224","name":"LA REDACTION","image":{"@type":"ImageObject","inLanguage":"fr-FR","@id":"https:\/\/www.public.sn\/#\/schema\/person\/image\/","url":"https:\/\/secure.gravatar.com\/avatar\/2dce5ddd34b8fef0180efe03aa2a9bee7d953856048f9a16b298190a3178407c?s=96&d=mm&r=g","contentUrl":"https:\/\/secure.gravatar.com\/avatar\/2dce5ddd34b8fef0180efe03aa2a9bee7d953856048f9a16b298190a3178407c?s=96&d=mm&r=g","caption":"LA REDACTION"},"url":"https:\/\/www.public.sn\/index.php\/author\/editeurpsn\/"}]}},"jetpack_featured_media_url":"https:\/\/www.public.sn\/wp-content\/uploads\/2022\/11\/CAP-1.jpg","jetpack_sharing_enabled":true,"_links":{"self":[{"href":"https:\/\/www.public.sn\/index.php\/wp-json\/wp\/v2\/posts\/6728","targetHints":{"allow":["GET"]}}],"collection":[{"href":"https:\/\/www.public.sn\/index.php\/wp-json\/wp\/v2\/posts"}],"about":[{"href":"https:\/\/www.public.sn\/index.php\/wp-json\/wp\/v2\/types\/post"}],"author":[{"embeddable":true,"href":"https:\/\/www.public.sn\/index.php\/wp-json\/wp\/v2\/users\/7"}],"replies":[{"embeddable":true,"href":"https:\/\/www.public.sn\/index.php\/wp-json\/wp\/v2\/comments?post=6728"}],"version-history":[{"count":3,"href":"https:\/\/www.public.sn\/index.php\/wp-json\/wp\/v2\/posts\/6728\/revisions"}],"predecessor-version":[{"id":7362,"href":"https:\/\/www.public.sn\/index.php\/wp-json\/wp\/v2\/posts\/6728\/revisions\/7362"}],"wp:featuredmedia":[{"embeddable":true,"href":"https:\/\/www.public.sn\/index.php\/wp-json\/wp\/v2\/media\/7326"}],"wp:attachment":[{"href":"https:\/\/www.public.sn\/index.php\/wp-json\/wp\/v2\/media?parent=6728"}],"wp:term":[{"taxonomy":"category","embeddable":true,"href":"https:\/\/www.public.sn\/index.php\/wp-json\/wp\/v2\/categories?post=6728"},{"taxonomy":"post_tag","embeddable":true,"href":"https:\/\/www.public.sn\/index.php\/wp-json\/wp\/v2\/tags?post=6728"}],"curies":[{"name":"wp","href":"https:\/\/api.w.org\/{rel}","templated":true}]}}