{"id":6729,"date":"2022-11-03T08:59:02","date_gmt":"2022-11-03T08:59:02","guid":{"rendered":"https:\/\/www.public.sn\/?p=6729"},"modified":"2022-11-03T09:17:59","modified_gmt":"2022-11-03T09:17:59","slug":"affaire-sweet-beauty-chronologie-dune-histoire-de-moeurs-entre-sonko-et-adji-sarr","status":"publish","type":"post","link":"https:\/\/www.public.sn\/index.php\/2022\/11\/03\/affaire-sweet-beauty-chronologie-dune-histoire-de-moeurs-entre-sonko-et-adji-sarr\/","title":{"rendered":"Affaire Sweet Beauty : Chronologie d&rsquo;une histoire de m\u0153urs entre Sonko et Adji Sarr."},"content":{"rendered":"\n<p><\/p>\n\n\n\n<p><em>Tout avait commen\u00e7ait le 06 fevrier lorsque le quotidien les ECHOS \u00e0 sa Une avance que Ousmane Sonko est poursuivi pour viols et menaces e mort par une masseuse du nom de Adji Sarr, une jeune fille de 20ans.<\/em><\/p><div class=\"publi-paragraphe1\" style=\"margin-top: 10px;margin-bottom: 10px;margin-left: auto;margin-right: auto;text-align: center;\" id=\"publi-2606825502\"><div class=\"publi-adlabel\">Publicit\u00e9<\/div><script async src=\"\/\/pagead2.googlesyndication.com\/pagead\/js\/adsbygoogle.js?client=ca-pub-4089586018074219\" crossorigin=\"anonymous\"><\/script><ins class=\"adsbygoogle\" style=\"display:block;\" data-ad-client=\"ca-pub-4089586018074219\" \ndata-ad-slot=\"2087940154\" \ndata-ad-format=\"auto\"><\/ins>\n<script> \n(adsbygoogle = window.adsbygoogle || []).push({}); \n<\/script>\n<\/div>\n\n\n\n<p><em>En ce temps Ousmane Sonko le leader des <\/em>Patriotes du S\u00e9n\u00e9gal pour le travail, l\u2019\u00e9thique et la fraternit\u00e9<em> \u00e9tait l\u2019un des plus t\u00e9m\u00e9raires opposants au pr\u00e9sident Macky Sall. Devant les gendarmes il ne nie pas \u00eatre all\u00e9 \u00e0 Sweet Beauty mais r\u00e9fute tout acte de viol car il y \u00e9tait all\u00e9 pour soigner son maux de dos.<\/em><\/p>\n\n\n\n<p><\/p>\n\n\n\n<p><em>Convoqu\u00e9 par la gendarmerie, il refuse de d\u00e9f\u00e9rer du fait de son immunit\u00e9 parlementaire que lui conf\u00e8re son statut de parlementaire.<\/em><\/p>\n\n\n\n<p>Avec le soutien de\u00a0 ses partisans, le leader de Pastef crie au \u00ab\u00a0complot politique ourdi par le pouvoir du pr\u00e9sident Macky Sall\u00a0\u00bb pour \u00ab\u00a0le liquider politiquement\u00a0\u00bb.<\/p>\n\n\n\n<p><\/p>\n\n\n\n<p>Les choses commencent \u00e0 s\u2019emballer. Des politiques, la soci\u00e9t\u00e9 civile ainsi que des activistes commencent \u00e9galement \u00e0 crier au complot politique et avance que tout ceci n\u2019est qu\u2019une volont\u00e9 de liquider un adversaire politique apr\u00e8s les exemples de Karim Wade et de Khalifa Sall. Le pouvoir r\u00e9torque que c\u2019est une affaire publique qui oppose deux citoyens.<\/p>\n\n\n\n<p>Le 26 f\u00e9vrier 2021, l\u2019Assembl\u00e9e Nationale, tenue majoritairement par la mouvance pr\u00e9sidentielle, l\u00e8ve l\u2019immunit\u00e9 parlementaire du d\u00e9put\u00e9 arriv\u00e9 3\u00e8 \u00e0 l\u2019\u00e9lection de f\u00e9vrier 2019.<\/p>\n\n\n\n<p><\/p>\n\n\n\n<p>Et c\u2019est le 03 mars 2021 que Ousmane Sonko d\u00e9cide de d\u00e9f\u00e9rer \u00e0 la convocation du juge d\u2019instruction. Mais cela va se passer dans la douleur car le cort\u00e8ge du leader de Pastef avait cat\u00e9goriquement refus\u00e9 d\u2019emprunter l\u2019itin\u00e9raire du pr\u00e9fet de Dakar.des troubles sont not\u00e9s et Ousmane Sonko n\u2019a pas p\u00fb \u00eatre entendu par le juge.<\/p>\n\n\n\n<p><\/p>\n\n\n\n<p>\u00a0Le 3 mars 2021, Ousmane Sonko est plac\u00e9 en garde \u00e0 vue et devrait \u00eatre auditionn\u00e9 le 8 Mars et cela va accentuer la tension et des sc\u00e8nes de pillage et de violence sont not\u00e9s \u00e0 travers le S\u00e9n\u00e9gal. Des commissariats, des \u00e9difices publics, des gendarmeries ainsi que des commerces priv\u00e9s dont les enseignes fran\u00e7ais tels que Auchan et Total sont vis\u00e9s. Des manifestations qui ont \u00e9t\u00e9 tr\u00e8s meurtri\u00e8re avec une dizaine de morts et des centaines de bless\u00e9s et d\u2019arrestation.<\/p>\n\n\n\n<p><\/p>\n\n\n\n<p>Et c\u2019est le 8 Mars que Ousmane Sonko est lib\u00e9r\u00e9 et plac\u00e9 sous contr\u00f4le judiciaire par le Doyen des juges car le juge Mamadou Seck du huiti\u00e8me cabinet s\u2019\u00e9tait dessaisi du dossier pour \u00ab\u00a0raisons personnelles\u00a0\u00bb.<\/p>\n\n\n\n<p><\/p>\n\n\n\n<p>Le m\u00eame soir, le pr\u00e9sident d\u00e9cr\u00e8te un couvre feu en raison du Covid de 00h du matin au lieu de 21H \u00e0\u00a0 H du matin.<\/p>\n\n\n\n<p><strong>E<\/strong>ntretemps plusieurs d\u00e9marches sont faites afin de ramener le calme et d\u2019apaiser la tension. Le M2D mouvement compos\u00e9 de partis politiques et d\u2019acteurs de la soci\u00e9t\u00e9 civile d\u00e9cide de surseoir \u00e0 toutes ses manifestations.<\/p>\n\n\n\n<p><\/p>\n\n\n\n<p>Au mois de Mars 2021, la masseuse Adji Sarr sort de son silence et estime qu\u2019elle ne veut qu\u2019une seule chose, la tenue de son proc\u00e8s pour que la v\u00e9rit\u00e9 soit dite.<\/p>\n\n\n\n<p>Un dossier qui a mobilis\u00e9 toutes les formations politiques du S\u00e9n\u00e9gal. Et craignant de nouvelles troubles, Ousmane Sonko a appel\u00e9 ses militants ce \u00a02 Novembre \u00e0 ne pas se d\u00e9placer ni chez lui encore moins au tribunal. Les autorit\u00e9s veulent selon lui profiter de cette audition pour parler de \u00ab\u00a0troubles \u00e0 l\u2019ordre public et appel \u00e0 la s\u00e9dition\u00a0\u00bb<strong>.<\/strong><\/p>\n\n\n\n<p>Samba SY.<\/p>\n<div class=\"publi-apres-le-contenu\" style=\"margin-top: 10px;margin-bottom: 10px;margin-left: auto;margin-right: auto;text-align: center;\" id=\"publi-3549982167\"><div class=\"publi-adlabel\">Publicit\u00e9<\/div><script async src=\"\/\/pagead2.googlesyndication.com\/pagead\/js\/adsbygoogle.js?client=ca-pub-4089586018074219\" crossorigin=\"anonymous\"><\/script><ins class=\"adsbygoogle\" style=\"display:block;\" data-ad-client=\"ca-pub-4089586018074219\" \ndata-ad-slot=\"2087940154\" \ndata-ad-format=\"auto\"><\/ins>\n<script> \n(adsbygoogle = window.adsbygoogle || []).push({}); \n<\/script>\n<\/div>","protected":false},"excerpt":{"rendered":"<p>Tout avait commen\u00e7ait le 06 fevrier lorsque le quotidien les ECHOS \u00e0 sa Une avance que Ousmane Sonko est poursuivi pour viols et menaces e mort par une masseuse du nom de Adji Sarr, une jeune fille de 20ans. En ce temps Ousmane Sonko le leader des Patriotes du S\u00e9n\u00e9gal pour le travail, l\u2019\u00e9thique et la fraternit\u00e9 \u00e9tait l\u2019un des plus t\u00e9m\u00e9raires opposants au pr\u00e9sident Macky Sall. Devant les gendarmes il ne nie pas \u00eatre all\u00e9 \u00e0 Sweet Beauty mais r\u00e9fute tout acte de viol car il y \u00e9tait all\u00e9 pour soigner son maux de dos. Convoqu\u00e9 par la gendarmerie, il refuse de d\u00e9f\u00e9rer du fait de son immunit\u00e9 parlementaire que lui conf\u00e8re son statut de parlementaire. Avec le soutien de\u00a0 ses partisans, le leader de Pastef crie au \u00ab\u00a0complot politique ourdi par le pouvoir du pr\u00e9sident Macky Sall\u00a0\u00bb pour \u00ab\u00a0le liquider politiquement\u00a0\u00bb. Les choses commencent \u00e0 s\u2019emballer. Des politiques, la soci\u00e9t\u00e9 civile ainsi que des activistes commencent \u00e9galement \u00e0 crier au complot politique et avance que tout ceci n\u2019est qu\u2019une volont\u00e9 de liquider un adversaire politique apr\u00e8s les exemples de Karim Wade et de Khalifa Sall. Le pouvoir r\u00e9torque que c\u2019est une affaire publique qui oppose deux citoyens. Le 26 f\u00e9vrier 2021, l\u2019Assembl\u00e9e Nationale, tenue majoritairement par la mouvance pr\u00e9sidentielle, l\u00e8ve l\u2019immunit\u00e9 parlementaire du d\u00e9put\u00e9 arriv\u00e9 3\u00e8 \u00e0 l\u2019\u00e9lection de f\u00e9vrier 2019. Et c\u2019est le 03 mars 2021 que Ousmane Sonko d\u00e9cide de d\u00e9f\u00e9rer \u00e0 la convocation du juge d\u2019instruction. Mais cela va se passer dans la douleur car le cort\u00e8ge du leader de Pastef avait cat\u00e9goriquement refus\u00e9 d\u2019emprunter l\u2019itin\u00e9raire du pr\u00e9fet de Dakar.des troubles sont not\u00e9s et Ousmane Sonko n\u2019a pas p\u00fb \u00eatre entendu par le juge. \u00a0Le 3 mars 2021, Ousmane Sonko est plac\u00e9 en garde \u00e0 vue et devrait \u00eatre auditionn\u00e9 le 8 Mars et cela va accentuer la tension et des sc\u00e8nes de pillage et de violence sont not\u00e9s \u00e0 travers le S\u00e9n\u00e9gal. Des commissariats, des \u00e9difices publics, des gendarmeries ainsi que des commerces priv\u00e9s dont les enseignes fran\u00e7ais tels que Auchan et Total sont vis\u00e9s. Des manifestations qui ont \u00e9t\u00e9 tr\u00e8s meurtri\u00e8re avec une dizaine de morts et des centaines de bless\u00e9s et d\u2019arrestation. Et c\u2019est le 8 Mars que Ousmane Sonko est lib\u00e9r\u00e9 et plac\u00e9 sous contr\u00f4le judiciaire par le Doyen des juges car le juge Mamadou Seck du huiti\u00e8me cabinet s\u2019\u00e9tait dessaisi du dossier pour \u00ab\u00a0raisons personnelles\u00a0\u00bb. Le m\u00eame soir, le pr\u00e9sident d\u00e9cr\u00e8te un couvre feu en raison du Covid de 00h du matin au lieu de 21H \u00e0\u00a0 H du matin. Entretemps plusieurs d\u00e9marches sont faites afin de ramener le calme et d\u2019apaiser la tension. Le M2D mouvement compos\u00e9 de partis politiques et d\u2019acteurs de la soci\u00e9t\u00e9 civile d\u00e9cide de surseoir \u00e0 toutes ses manifestations. Au mois de Mars 2021, la masseuse Adji Sarr sort de son silence et estime qu\u2019elle ne veut qu\u2019une seule chose, la tenue de son proc\u00e8s pour que la v\u00e9rit\u00e9 soit dite. Un dossier qui a mobilis\u00e9 toutes les formations politiques du S\u00e9n\u00e9gal. Et craignant de nouvelles troubles, Ousmane Sonko a appel\u00e9 ses militants ce \u00a02 Novembre \u00e0 ne pas se d\u00e9placer ni chez lui encore moins au tribunal. Les autorit\u00e9s veulent selon lui profiter de cette audition pour parler de \u00ab\u00a0troubles \u00e0 l\u2019ordre public et appel \u00e0 la s\u00e9dition\u00a0\u00bb. Samba SY.<\/p>\n","protected":false},"author":7,"featured_media":6730,"comment_status":"open","ping_status":"open","sticky":false,"template":"","format":"standard","meta":{"_jetpack_memberships_contains_paid_content":false,"footnotes":""},"categories":[375,3,1],"tags":[99,2358,306],"class_list":["post-6729","post","type-post","status-publish","format-standard","has-post-thumbnail","hentry","category-actualites","category-politique","category-non-classe","tag-adji-sarr","tag-affaire-sweet-beauty","tag-sonko","entry","has-media","owp-thumbs-layout-horizontal","owp-btn-normal","owp-tabs-layout-horizontal","has-no-thumbnails","has-product-nav"],"yoast_head":"<!-- This site is optimized with the Yoast SEO plugin v25.5 - https:\/\/yoast.com\/wordpress\/plugins\/seo\/ -->\n<title>Affaire Sweet Beauty : Chronologie d&#039;une histoire de m\u0153urs entre Sonko et Adji Sarr. - LE PUBLIC<\/title>\n<meta name=\"robots\" content=\"index, follow, max-snippet:-1, max-image-preview:large, max-video-preview:-1\" \/>\n<link rel=\"canonical\" href=\"https:\/\/www.public.sn\/index.php\/2022\/11\/03\/affaire-sweet-beauty-chronologie-dune-histoire-de-moeurs-entre-sonko-et-adji-sarr\/\" \/>\n<meta property=\"og:locale\" content=\"fr_FR\" \/>\n<meta property=\"og:type\" content=\"article\" \/>\n<meta property=\"og:title\" content=\"Affaire Sweet Beauty : Chronologie d&#039;une histoire de m\u0153urs entre Sonko et Adji Sarr. - LE PUBLIC\" \/>\n<meta property=\"og:description\" content=\"Tout avait commen\u00e7ait le 06 fevrier lorsque le quotidien les ECHOS \u00e0 sa Une avance que Ousmane Sonko est poursuivi pour viols et menaces e mort par une masseuse du nom de Adji Sarr, une jeune fille de 20ans. En ce temps Ousmane Sonko le leader des Patriotes du S\u00e9n\u00e9gal pour le travail, l\u2019\u00e9thique et la fraternit\u00e9 \u00e9tait l\u2019un des plus t\u00e9m\u00e9raires opposants au pr\u00e9sident Macky Sall. Devant les gendarmes il ne nie pas \u00eatre all\u00e9 \u00e0 Sweet Beauty mais r\u00e9fute tout acte de viol car il y \u00e9tait all\u00e9 pour soigner son maux de dos. Convoqu\u00e9 par la gendarmerie, il refuse de d\u00e9f\u00e9rer du fait de son immunit\u00e9 parlementaire que lui conf\u00e8re son statut de parlementaire. Avec le soutien de\u00a0 ses partisans, le leader de Pastef crie au \u00ab\u00a0complot politique ourdi par le pouvoir du pr\u00e9sident Macky Sall\u00a0\u00bb pour \u00ab\u00a0le liquider politiquement\u00a0\u00bb. Les choses commencent \u00e0 s\u2019emballer. Des politiques, la soci\u00e9t\u00e9 civile ainsi que des activistes commencent \u00e9galement \u00e0 crier au complot politique et avance que tout ceci n\u2019est qu\u2019une volont\u00e9 de liquider un adversaire politique apr\u00e8s les exemples de Karim Wade et de Khalifa Sall. Le pouvoir r\u00e9torque que c\u2019est une affaire publique qui oppose deux citoyens. Le 26 f\u00e9vrier 2021, l\u2019Assembl\u00e9e Nationale, tenue majoritairement par la mouvance pr\u00e9sidentielle, l\u00e8ve l\u2019immunit\u00e9 parlementaire du d\u00e9put\u00e9 arriv\u00e9 3\u00e8 \u00e0 l\u2019\u00e9lection de f\u00e9vrier 2019. Et c\u2019est le 03 mars 2021 que Ousmane Sonko d\u00e9cide de d\u00e9f\u00e9rer \u00e0 la convocation du juge d\u2019instruction. Mais cela va se passer dans la douleur car le cort\u00e8ge du leader de Pastef avait cat\u00e9goriquement refus\u00e9 d\u2019emprunter l\u2019itin\u00e9raire du pr\u00e9fet de Dakar.des troubles sont not\u00e9s et Ousmane Sonko n\u2019a pas p\u00fb \u00eatre entendu par le juge. \u00a0Le 3 mars 2021, Ousmane Sonko est plac\u00e9 en garde \u00e0 vue et devrait \u00eatre auditionn\u00e9 le 8 Mars et cela va accentuer la tension et des sc\u00e8nes de pillage et de violence sont not\u00e9s \u00e0 travers le S\u00e9n\u00e9gal. Des commissariats, des \u00e9difices publics, des gendarmeries ainsi que des commerces priv\u00e9s dont les enseignes fran\u00e7ais tels que Auchan et Total sont vis\u00e9s. Des manifestations qui ont \u00e9t\u00e9 tr\u00e8s meurtri\u00e8re avec une dizaine de morts et des centaines de bless\u00e9s et d\u2019arrestation. Et c\u2019est le 8 Mars que Ousmane Sonko est lib\u00e9r\u00e9 et plac\u00e9 sous contr\u00f4le judiciaire par le Doyen des juges car le juge Mamadou Seck du huiti\u00e8me cabinet s\u2019\u00e9tait dessaisi du dossier pour \u00ab\u00a0raisons personnelles\u00a0\u00bb. Le m\u00eame soir, le pr\u00e9sident d\u00e9cr\u00e8te un couvre feu en raison du Covid de 00h du matin au lieu de 21H \u00e0\u00a0 H du matin. Entretemps plusieurs d\u00e9marches sont faites afin de ramener le calme et d\u2019apaiser la tension. Le M2D mouvement compos\u00e9 de partis politiques et d\u2019acteurs de la soci\u00e9t\u00e9 civile d\u00e9cide de surseoir \u00e0 toutes ses manifestations. Au mois de Mars 2021, la masseuse Adji Sarr sort de son silence et estime qu\u2019elle ne veut qu\u2019une seule chose, la tenue de son proc\u00e8s pour que la v\u00e9rit\u00e9 soit dite. Un dossier qui a mobilis\u00e9 toutes les formations politiques du S\u00e9n\u00e9gal. Et craignant de nouvelles troubles, Ousmane Sonko a appel\u00e9 ses militants ce \u00a02 Novembre \u00e0 ne pas se d\u00e9placer ni chez lui encore moins au tribunal. Les autorit\u00e9s veulent selon lui profiter de cette audition pour parler de \u00ab\u00a0troubles \u00e0 l\u2019ordre public et appel \u00e0 la s\u00e9dition\u00a0\u00bb. Samba SY.\" \/>\n<meta property=\"og:url\" content=\"https:\/\/www.public.sn\/index.php\/2022\/11\/03\/affaire-sweet-beauty-chronologie-dune-histoire-de-moeurs-entre-sonko-et-adji-sarr\/\" \/>\n<meta property=\"og:site_name\" content=\"LE PUBLIC\" \/>\n<meta property=\"article:published_time\" content=\"2022-11-03T08:59:02+00:00\" \/>\n<meta property=\"article:modified_time\" content=\"2022-11-03T09:17:59+00:00\" \/>\n<meta property=\"og:image\" content=\"https:\/\/www.public.sn\/wp-content\/uploads\/2022\/11\/adji-sonko.png\" \/>\n\t<meta property=\"og:image:width\" content=\"719\" \/>\n\t<meta property=\"og:image:height\" content=\"371\" \/>\n\t<meta property=\"og:image:type\" content=\"image\/png\" \/>\n<meta name=\"author\" content=\"LA REDACTION\" \/>\n<meta name=\"twitter:card\" content=\"summary_large_image\" \/>\n<meta name=\"twitter:label1\" content=\"\u00c9crit par\" \/>\n\t<meta name=\"twitter:data1\" content=\"LA REDACTION\" \/>\n\t<meta name=\"twitter:label2\" content=\"Dur\u00e9e de lecture estim\u00e9e\" \/>\n\t<meta name=\"twitter:data2\" content=\"3 minutes\" \/>\n<script type=\"application\/ld+json\" class=\"yoast-schema-graph\">{\"@context\":\"https:\/\/schema.org\",\"@graph\":[{\"@type\":\"Article\",\"@id\":\"https:\/\/www.public.sn\/index.php\/2022\/11\/03\/affaire-sweet-beauty-chronologie-dune-histoire-de-moeurs-entre-sonko-et-adji-sarr\/#article\",\"isPartOf\":{\"@id\":\"https:\/\/www.public.sn\/index.php\/2022\/11\/03\/affaire-sweet-beauty-chronologie-dune-histoire-de-moeurs-entre-sonko-et-adji-sarr\/\"},\"author\":{\"name\":\"LA REDACTION\",\"@id\":\"https:\/\/www.public.sn\/#\/schema\/person\/cb76c8e1b8becc6be61fb5e92d6d0224\"},\"headline\":\"Affaire Sweet Beauty : Chronologie d&rsquo;une histoire de m\u0153urs entre Sonko et Adji Sarr.\",\"datePublished\":\"2022-11-03T08:59:02+00:00\",\"dateModified\":\"2022-11-03T09:17:59+00:00\",\"mainEntityOfPage\":{\"@id\":\"https:\/\/www.public.sn\/index.php\/2022\/11\/03\/affaire-sweet-beauty-chronologie-dune-histoire-de-moeurs-entre-sonko-et-adji-sarr\/\"},\"wordCount\":613,\"commentCount\":0,\"publisher\":{\"@id\":\"https:\/\/www.public.sn\/#organization\"},\"image\":{\"@id\":\"https:\/\/www.public.sn\/index.php\/2022\/11\/03\/affaire-sweet-beauty-chronologie-dune-histoire-de-moeurs-entre-sonko-et-adji-sarr\/#primaryimage\"},\"thumbnailUrl\":\"https:\/\/www.public.sn\/wp-content\/uploads\/2022\/11\/adji-sonko.png\",\"keywords\":[\"Adji Sarr\",\"affaire sweet beauty\",\"sonko\"],\"articleSection\":[\"ACTUALIT\u00c9S\",\"POLITIQUE\",\"S\u00c9N\u00c9GAL\"],\"inLanguage\":\"fr-FR\",\"potentialAction\":[{\"@type\":\"CommentAction\",\"name\":\"Comment\",\"target\":[\"https:\/\/www.public.sn\/index.php\/2022\/11\/03\/affaire-sweet-beauty-chronologie-dune-histoire-de-moeurs-entre-sonko-et-adji-sarr\/#respond\"]}]},{\"@type\":\"WebPage\",\"@id\":\"https:\/\/www.public.sn\/index.php\/2022\/11\/03\/affaire-sweet-beauty-chronologie-dune-histoire-de-moeurs-entre-sonko-et-adji-sarr\/\",\"url\":\"https:\/\/www.public.sn\/index.php\/2022\/11\/03\/affaire-sweet-beauty-chronologie-dune-histoire-de-moeurs-entre-sonko-et-adji-sarr\/\",\"name\":\"Affaire Sweet Beauty : Chronologie d'une histoire de m\u0153urs entre Sonko et Adji Sarr. - LE PUBLIC\",\"isPartOf\":{\"@id\":\"https:\/\/www.public.sn\/#website\"},\"primaryImageOfPage\":{\"@id\":\"https:\/\/www.public.sn\/index.php\/2022\/11\/03\/affaire-sweet-beauty-chronologie-dune-histoire-de-moeurs-entre-sonko-et-adji-sarr\/#primaryimage\"},\"image\":{\"@id\":\"https:\/\/www.public.sn\/index.php\/2022\/11\/03\/affaire-sweet-beauty-chronologie-dune-histoire-de-moeurs-entre-sonko-et-adji-sarr\/#primaryimage\"},\"thumbnailUrl\":\"https:\/\/www.public.sn\/wp-content\/uploads\/2022\/11\/adji-sonko.png\",\"datePublished\":\"2022-11-03T08:59:02+00:00\",\"dateModified\":\"2022-11-03T09:17:59+00:00\",\"breadcrumb\":{\"@id\":\"https:\/\/www.public.sn\/index.php\/2022\/11\/03\/affaire-sweet-beauty-chronologie-dune-histoire-de-moeurs-entre-sonko-et-adji-sarr\/#breadcrumb\"},\"inLanguage\":\"fr-FR\",\"potentialAction\":[{\"@type\":\"ReadAction\",\"target\":[\"https:\/\/www.public.sn\/index.php\/2022\/11\/03\/affaire-sweet-beauty-chronologie-dune-histoire-de-moeurs-entre-sonko-et-adji-sarr\/\"]}]},{\"@type\":\"ImageObject\",\"inLanguage\":\"fr-FR\",\"@id\":\"https:\/\/www.public.sn\/index.php\/2022\/11\/03\/affaire-sweet-beauty-chronologie-dune-histoire-de-moeurs-entre-sonko-et-adji-sarr\/#primaryimage\",\"url\":\"https:\/\/www.public.sn\/wp-content\/uploads\/2022\/11\/adji-sonko.png\",\"contentUrl\":\"https:\/\/www.public.sn\/wp-content\/uploads\/2022\/11\/adji-sonko.png\",\"width\":719,\"height\":371,\"caption\":\"publicsn\"},{\"@type\":\"BreadcrumbList\",\"@id\":\"https:\/\/www.public.sn\/index.php\/2022\/11\/03\/affaire-sweet-beauty-chronologie-dune-histoire-de-moeurs-entre-sonko-et-adji-sarr\/#breadcrumb\",\"itemListElement\":[{\"@type\":\"ListItem\",\"position\":1,\"name\":\"Accueil\",\"item\":\"https:\/\/www.public.sn\/\"},{\"@type\":\"ListItem\",\"position\":2,\"name\":\"Affaire Sweet Beauty : Chronologie d&rsquo;une histoire de m\u0153urs entre Sonko et Adji Sarr.\"}]},{\"@type\":\"WebSite\",\"@id\":\"https:\/\/www.public.sn\/#website\",\"url\":\"https:\/\/www.public.sn\/\",\"name\":\"LE PUBLIC\",\"description\":\"\",\"publisher\":{\"@id\":\"https:\/\/www.public.sn\/#organization\"},\"potentialAction\":[{\"@type\":\"SearchAction\",\"target\":{\"@type\":\"EntryPoint\",\"urlTemplate\":\"https:\/\/www.public.sn\/?s={search_term_string}\"},\"query-input\":{\"@type\":\"PropertyValueSpecification\",\"valueRequired\":true,\"valueName\":\"search_term_string\"}}],\"inLanguage\":\"fr-FR\"},{\"@type\":\"Organization\",\"@id\":\"https:\/\/www.public.sn\/#organization\",\"name\":\"LE PUBLIC\",\"url\":\"https:\/\/www.public.sn\/\",\"logo\":{\"@type\":\"ImageObject\",\"inLanguage\":\"fr-FR\",\"@id\":\"https:\/\/www.public.sn\/#\/schema\/logo\/image\/\",\"url\":\"https:\/\/www.public.sn\/wp-content\/uploads\/2024\/05\/cropped-LOGO-PUBLIC.SN_.png\",\"contentUrl\":\"https:\/\/www.public.sn\/wp-content\/uploads\/2024\/05\/cropped-LOGO-PUBLIC.SN_.png\",\"width\":682,\"height\":192,\"caption\":\"LE PUBLIC\"},\"image\":{\"@id\":\"https:\/\/www.public.sn\/#\/schema\/logo\/image\/\"}},{\"@type\":\"Person\",\"@id\":\"https:\/\/www.public.sn\/#\/schema\/person\/cb76c8e1b8becc6be61fb5e92d6d0224\",\"name\":\"LA REDACTION\",\"image\":{\"@type\":\"ImageObject\",\"inLanguage\":\"fr-FR\",\"@id\":\"https:\/\/www.public.sn\/#\/schema\/person\/image\/\",\"url\":\"https:\/\/secure.gravatar.com\/avatar\/2dce5ddd34b8fef0180efe03aa2a9bee7d953856048f9a16b298190a3178407c?s=96&d=mm&r=g\",\"contentUrl\":\"https:\/\/secure.gravatar.com\/avatar\/2dce5ddd34b8fef0180efe03aa2a9bee7d953856048f9a16b298190a3178407c?s=96&d=mm&r=g\",\"caption\":\"LA REDACTION\"},\"url\":\"https:\/\/www.public.sn\/index.php\/author\/editeurpsn\/\"}]}<\/script>\n<!-- \/ Yoast SEO plugin. -->","yoast_head_json":{"title":"Affaire Sweet Beauty : Chronologie d'une histoire de m\u0153urs entre Sonko et Adji Sarr. - LE PUBLIC","robots":{"index":"index","follow":"follow","max-snippet":"max-snippet:-1","max-image-preview":"max-image-preview:large","max-video-preview":"max-video-preview:-1"},"canonical":"https:\/\/www.public.sn\/index.php\/2022\/11\/03\/affaire-sweet-beauty-chronologie-dune-histoire-de-moeurs-entre-sonko-et-adji-sarr\/","og_locale":"fr_FR","og_type":"article","og_title":"Affaire Sweet Beauty : Chronologie d'une histoire de m\u0153urs entre Sonko et Adji Sarr. - LE PUBLIC","og_description":"Tout avait commen\u00e7ait le 06 fevrier lorsque le quotidien les ECHOS \u00e0 sa Une avance que Ousmane Sonko est poursuivi pour viols et menaces e mort par une masseuse du nom de Adji Sarr, une jeune fille de 20ans. En ce temps Ousmane Sonko le leader des Patriotes du S\u00e9n\u00e9gal pour le travail, l\u2019\u00e9thique et la fraternit\u00e9 \u00e9tait l\u2019un des plus t\u00e9m\u00e9raires opposants au pr\u00e9sident Macky Sall. Devant les gendarmes il ne nie pas \u00eatre all\u00e9 \u00e0 Sweet Beauty mais r\u00e9fute tout acte de viol car il y \u00e9tait all\u00e9 pour soigner son maux de dos. Convoqu\u00e9 par la gendarmerie, il refuse de d\u00e9f\u00e9rer du fait de son immunit\u00e9 parlementaire que lui conf\u00e8re son statut de parlementaire. Avec le soutien de\u00a0 ses partisans, le leader de Pastef crie au \u00ab\u00a0complot politique ourdi par le pouvoir du pr\u00e9sident Macky Sall\u00a0\u00bb pour \u00ab\u00a0le liquider politiquement\u00a0\u00bb. Les choses commencent \u00e0 s\u2019emballer. Des politiques, la soci\u00e9t\u00e9 civile ainsi que des activistes commencent \u00e9galement \u00e0 crier au complot politique et avance que tout ceci n\u2019est qu\u2019une volont\u00e9 de liquider un adversaire politique apr\u00e8s les exemples de Karim Wade et de Khalifa Sall. Le pouvoir r\u00e9torque que c\u2019est une affaire publique qui oppose deux citoyens. Le 26 f\u00e9vrier 2021, l\u2019Assembl\u00e9e Nationale, tenue majoritairement par la mouvance pr\u00e9sidentielle, l\u00e8ve l\u2019immunit\u00e9 parlementaire du d\u00e9put\u00e9 arriv\u00e9 3\u00e8 \u00e0 l\u2019\u00e9lection de f\u00e9vrier 2019. Et c\u2019est le 03 mars 2021 que Ousmane Sonko d\u00e9cide de d\u00e9f\u00e9rer \u00e0 la convocation du juge d\u2019instruction. Mais cela va se passer dans la douleur car le cort\u00e8ge du leader de Pastef avait cat\u00e9goriquement refus\u00e9 d\u2019emprunter l\u2019itin\u00e9raire du pr\u00e9fet de Dakar.des troubles sont not\u00e9s et Ousmane Sonko n\u2019a pas p\u00fb \u00eatre entendu par le juge. \u00a0Le 3 mars 2021, Ousmane Sonko est plac\u00e9 en garde \u00e0 vue et devrait \u00eatre auditionn\u00e9 le 8 Mars et cela va accentuer la tension et des sc\u00e8nes de pillage et de violence sont not\u00e9s \u00e0 travers le S\u00e9n\u00e9gal. Des commissariats, des \u00e9difices publics, des gendarmeries ainsi que des commerces priv\u00e9s dont les enseignes fran\u00e7ais tels que Auchan et Total sont vis\u00e9s. Des manifestations qui ont \u00e9t\u00e9 tr\u00e8s meurtri\u00e8re avec une dizaine de morts et des centaines de bless\u00e9s et d\u2019arrestation. Et c\u2019est le 8 Mars que Ousmane Sonko est lib\u00e9r\u00e9 et plac\u00e9 sous contr\u00f4le judiciaire par le Doyen des juges car le juge Mamadou Seck du huiti\u00e8me cabinet s\u2019\u00e9tait dessaisi du dossier pour \u00ab\u00a0raisons personnelles\u00a0\u00bb. Le m\u00eame soir, le pr\u00e9sident d\u00e9cr\u00e8te un couvre feu en raison du Covid de 00h du matin au lieu de 21H \u00e0\u00a0 H du matin. Entretemps plusieurs d\u00e9marches sont faites afin de ramener le calme et d\u2019apaiser la tension. Le M2D mouvement compos\u00e9 de partis politiques et d\u2019acteurs de la soci\u00e9t\u00e9 civile d\u00e9cide de surseoir \u00e0 toutes ses manifestations. Au mois de Mars 2021, la masseuse Adji Sarr sort de son silence et estime qu\u2019elle ne veut qu\u2019une seule chose, la tenue de son proc\u00e8s pour que la v\u00e9rit\u00e9 soit dite. Un dossier qui a mobilis\u00e9 toutes les formations politiques du S\u00e9n\u00e9gal. Et craignant de nouvelles troubles, Ousmane Sonko a appel\u00e9 ses militants ce \u00a02 Novembre \u00e0 ne pas se d\u00e9placer ni chez lui encore moins au tribunal. Les autorit\u00e9s veulent selon lui profiter de cette audition pour parler de \u00ab\u00a0troubles \u00e0 l\u2019ordre public et appel \u00e0 la s\u00e9dition\u00a0\u00bb. Samba SY.","og_url":"https:\/\/www.public.sn\/index.php\/2022\/11\/03\/affaire-sweet-beauty-chronologie-dune-histoire-de-moeurs-entre-sonko-et-adji-sarr\/","og_site_name":"LE PUBLIC","article_published_time":"2022-11-03T08:59:02+00:00","article_modified_time":"2022-11-03T09:17:59+00:00","og_image":[{"width":719,"height":371,"url":"https:\/\/www.public.sn\/wp-content\/uploads\/2022\/11\/adji-sonko.png","type":"image\/png"}],"author":"LA REDACTION","twitter_card":"summary_large_image","twitter_misc":{"\u00c9crit par":"LA REDACTION","Dur\u00e9e de lecture estim\u00e9e":"3 minutes"},"schema":{"@context":"https:\/\/schema.org","@graph":[{"@type":"Article","@id":"https:\/\/www.public.sn\/index.php\/2022\/11\/03\/affaire-sweet-beauty-chronologie-dune-histoire-de-moeurs-entre-sonko-et-adji-sarr\/#article","isPartOf":{"@id":"https:\/\/www.public.sn\/index.php\/2022\/11\/03\/affaire-sweet-beauty-chronologie-dune-histoire-de-moeurs-entre-sonko-et-adji-sarr\/"},"author":{"name":"LA REDACTION","@id":"https:\/\/www.public.sn\/#\/schema\/person\/cb76c8e1b8becc6be61fb5e92d6d0224"},"headline":"Affaire Sweet Beauty : Chronologie d&rsquo;une histoire de m\u0153urs entre Sonko et Adji Sarr.","datePublished":"2022-11-03T08:59:02+00:00","dateModified":"2022-11-03T09:17:59+00:00","mainEntityOfPage":{"@id":"https:\/\/www.public.sn\/index.php\/2022\/11\/03\/affaire-sweet-beauty-chronologie-dune-histoire-de-moeurs-entre-sonko-et-adji-sarr\/"},"wordCount":613,"commentCount":0,"publisher":{"@id":"https:\/\/www.public.sn\/#organization"},"image":{"@id":"https:\/\/www.public.sn\/index.php\/2022\/11\/03\/affaire-sweet-beauty-chronologie-dune-histoire-de-moeurs-entre-sonko-et-adji-sarr\/#primaryimage"},"thumbnailUrl":"https:\/\/www.public.sn\/wp-content\/uploads\/2022\/11\/adji-sonko.png","keywords":["Adji Sarr","affaire sweet beauty","sonko"],"articleSection":["ACTUALIT\u00c9S","POLITIQUE","S\u00c9N\u00c9GAL"],"inLanguage":"fr-FR","potentialAction":[{"@type":"CommentAction","name":"Comment","target":["https:\/\/www.public.sn\/index.php\/2022\/11\/03\/affaire-sweet-beauty-chronologie-dune-histoire-de-moeurs-entre-sonko-et-adji-sarr\/#respond"]}]},{"@type":"WebPage","@id":"https:\/\/www.public.sn\/index.php\/2022\/11\/03\/affaire-sweet-beauty-chronologie-dune-histoire-de-moeurs-entre-sonko-et-adji-sarr\/","url":"https:\/\/www.public.sn\/index.php\/2022\/11\/03\/affaire-sweet-beauty-chronologie-dune-histoire-de-moeurs-entre-sonko-et-adji-sarr\/","name":"Affaire Sweet Beauty : Chronologie d'une histoire de m\u0153urs entre Sonko et Adji Sarr. - LE PUBLIC","isPartOf":{"@id":"https:\/\/www.public.sn\/#website"},"primaryImageOfPage":{"@id":"https:\/\/www.public.sn\/index.php\/2022\/11\/03\/affaire-sweet-beauty-chronologie-dune-histoire-de-moeurs-entre-sonko-et-adji-sarr\/#primaryimage"},"image":{"@id":"https:\/\/www.public.sn\/index.php\/2022\/11\/03\/affaire-sweet-beauty-chronologie-dune-histoire-de-moeurs-entre-sonko-et-adji-sarr\/#primaryimage"},"thumbnailUrl":"https:\/\/www.public.sn\/wp-content\/uploads\/2022\/11\/adji-sonko.png","datePublished":"2022-11-03T08:59:02+00:00","dateModified":"2022-11-03T09:17:59+00:00","breadcrumb":{"@id":"https:\/\/www.public.sn\/index.php\/2022\/11\/03\/affaire-sweet-beauty-chronologie-dune-histoire-de-moeurs-entre-sonko-et-adji-sarr\/#breadcrumb"},"inLanguage":"fr-FR","potentialAction":[{"@type":"ReadAction","target":["https:\/\/www.public.sn\/index.php\/2022\/11\/03\/affaire-sweet-beauty-chronologie-dune-histoire-de-moeurs-entre-sonko-et-adji-sarr\/"]}]},{"@type":"ImageObject","inLanguage":"fr-FR","@id":"https:\/\/www.public.sn\/index.php\/2022\/11\/03\/affaire-sweet-beauty-chronologie-dune-histoire-de-moeurs-entre-sonko-et-adji-sarr\/#primaryimage","url":"https:\/\/www.public.sn\/wp-content\/uploads\/2022\/11\/adji-sonko.png","contentUrl":"https:\/\/www.public.sn\/wp-content\/uploads\/2022\/11\/adji-sonko.png","width":719,"height":371,"caption":"publicsn"},{"@type":"BreadcrumbList","@id":"https:\/\/www.public.sn\/index.php\/2022\/11\/03\/affaire-sweet-beauty-chronologie-dune-histoire-de-moeurs-entre-sonko-et-adji-sarr\/#breadcrumb","itemListElement":[{"@type":"ListItem","position":1,"name":"Accueil","item":"https:\/\/www.public.sn\/"},{"@type":"ListItem","position":2,"name":"Affaire Sweet Beauty : Chronologie d&rsquo;une histoire de m\u0153urs entre Sonko et Adji Sarr."}]},{"@type":"WebSite","@id":"https:\/\/www.public.sn\/#website","url":"https:\/\/www.public.sn\/","name":"LE PUBLIC","description":"","publisher":{"@id":"https:\/\/www.public.sn\/#organization"},"potentialAction":[{"@type":"SearchAction","target":{"@type":"EntryPoint","urlTemplate":"https:\/\/www.public.sn\/?s={search_term_string}"},"query-input":{"@type":"PropertyValueSpecification","valueRequired":true,"valueName":"search_term_string"}}],"inLanguage":"fr-FR"},{"@type":"Organization","@id":"https:\/\/www.public.sn\/#organization","name":"LE PUBLIC","url":"https:\/\/www.public.sn\/","logo":{"@type":"ImageObject","inLanguage":"fr-FR","@id":"https:\/\/www.public.sn\/#\/schema\/logo\/image\/","url":"https:\/\/www.public.sn\/wp-content\/uploads\/2024\/05\/cropped-LOGO-PUBLIC.SN_.png","contentUrl":"https:\/\/www.public.sn\/wp-content\/uploads\/2024\/05\/cropped-LOGO-PUBLIC.SN_.png","width":682,"height":192,"caption":"LE PUBLIC"},"image":{"@id":"https:\/\/www.public.sn\/#\/schema\/logo\/image\/"}},{"@type":"Person","@id":"https:\/\/www.public.sn\/#\/schema\/person\/cb76c8e1b8becc6be61fb5e92d6d0224","name":"LA REDACTION","image":{"@type":"ImageObject","inLanguage":"fr-FR","@id":"https:\/\/www.public.sn\/#\/schema\/person\/image\/","url":"https:\/\/secure.gravatar.com\/avatar\/2dce5ddd34b8fef0180efe03aa2a9bee7d953856048f9a16b298190a3178407c?s=96&d=mm&r=g","contentUrl":"https:\/\/secure.gravatar.com\/avatar\/2dce5ddd34b8fef0180efe03aa2a9bee7d953856048f9a16b298190a3178407c?s=96&d=mm&r=g","caption":"LA REDACTION"},"url":"https:\/\/www.public.sn\/index.php\/author\/editeurpsn\/"}]}},"jetpack_featured_media_url":"https:\/\/www.public.sn\/wp-content\/uploads\/2022\/11\/adji-sonko.png","jetpack_sharing_enabled":true,"_links":{"self":[{"href":"https:\/\/www.public.sn\/index.php\/wp-json\/wp\/v2\/posts\/6729","targetHints":{"allow":["GET"]}}],"collection":[{"href":"https:\/\/www.public.sn\/index.php\/wp-json\/wp\/v2\/posts"}],"about":[{"href":"https:\/\/www.public.sn\/index.php\/wp-json\/wp\/v2\/types\/post"}],"author":[{"embeddable":true,"href":"https:\/\/www.public.sn\/index.php\/wp-json\/wp\/v2\/users\/7"}],"replies":[{"embeddable":true,"href":"https:\/\/www.public.sn\/index.php\/wp-json\/wp\/v2\/comments?post=6729"}],"version-history":[{"count":1,"href":"https:\/\/www.public.sn\/index.php\/wp-json\/wp\/v2\/posts\/6729\/revisions"}],"predecessor-version":[{"id":6731,"href":"https:\/\/www.public.sn\/index.php\/wp-json\/wp\/v2\/posts\/6729\/revisions\/6731"}],"wp:featuredmedia":[{"embeddable":true,"href":"https:\/\/www.public.sn\/index.php\/wp-json\/wp\/v2\/media\/6730"}],"wp:attachment":[{"href":"https:\/\/www.public.sn\/index.php\/wp-json\/wp\/v2\/media?parent=6729"}],"wp:term":[{"taxonomy":"category","embeddable":true,"href":"https:\/\/www.public.sn\/index.php\/wp-json\/wp\/v2\/categories?post=6729"},{"taxonomy":"post_tag","embeddable":true,"href":"https:\/\/www.public.sn\/index.php\/wp-json\/wp\/v2\/tags?post=6729"}],"curies":[{"name":"wp","href":"https:\/\/api.w.org\/{rel}","templated":true}]}}