{"id":674,"date":"2022-08-26T13:27:38","date_gmt":"2022-08-26T11:27:38","guid":{"rendered":"https:\/\/www.public.sn\/?p=674"},"modified":"2022-08-26T13:27:39","modified_gmt":"2022-08-26T11:27:39","slug":"assemblee-nationale-des-millions-de-francs-cfa-proposes-aux-deputes-de-wallu-senegal-pour-leur-ralliement","status":"publish","type":"post","link":"https:\/\/www.public.sn\/index.php\/2022\/08\/26\/assemblee-nationale-des-millions-de-francs-cfa-proposes-aux-deputes-de-wallu-senegal-pour-leur-ralliement\/","title":{"rendered":"Assembl\u00e9e nationale : \u00ab\u00a0Des millions de francs CFA propos\u00e9s aux d\u00e9put\u00e9s de Wallu S\u00e9n\u00e9gal pour leur ralliement\u00a0\u00bb."},"content":{"rendered":"\n<p><strong><em>Depuis l publication officielle des r\u00e9sultats d\u00e9finitifs par le conseil constitutionnel, le public politique est orient\u00e9 sur le prochain bureau de l&rsquo;Assembl\u00e9e nationale et la majorit\u00e9 absolue sur un nombre total 165 d\u00e9put\u00e9s pour une dur\u00e9e de cinq (05). Cette r\u00e9partition des membres s&rsquo;est faite selon un mode de scrutin parall\u00e8le dans cinquante-quatre (54) circonscriptions \u00e9lectorales reparties ainsi qu\u2019il suit : quarante-six (46) d\u00e9partements du S\u00e9n\u00e9gal et huit (8) circonscriptions de la diaspora.<\/em><\/strong><\/p><div class=\"publi-paragraphe1\" style=\"margin-top: 10px;margin-bottom: 10px;margin-left: auto;margin-right: auto;text-align: center;\" id=\"publi-1135446000\"><div class=\"publi-adlabel\">Publicit\u00e9<\/div><script async src=\"\/\/pagead2.googlesyndication.com\/pagead\/js\/adsbygoogle.js?client=ca-pub-4089586018074219\" crossorigin=\"anonymous\"><\/script><ins class=\"adsbygoogle\" style=\"display:block;\" data-ad-client=\"ca-pub-4089586018074219\" \ndata-ad-slot=\"2087940154\" \ndata-ad-format=\"auto\"><\/ins>\n<script> \n(adsbygoogle = window.adsbygoogle || []).push({}); \n<\/script>\n<\/div>\n\n\n\n<p>Apr\u00e8s les r\u00e9sultats, place \u00e0 la convocation de la premi\u00e8re session parlementaire pr\u00e9vue lundi 12 septembre 2022 \u00e0 12 heures. Cependant pour avoir la majorit\u00e9 de son camp, pouvoir comme opposition, tous sont en op\u00e9rations de s\u00e9duction de d\u00e9put\u00e9s pour s&rsquo;assurer d&rsquo;un confort parlementaire. D&rsquo;o\u00f9 les d\u00e9marches du pouvoir qui a propos\u00e9 plusieurs millions de francs CFA au d\u00e9put\u00e9s de la coalition Wallu S\u00e9n\u00e9gal dirig\u00e9 par l&rsquo;ancien pr\u00e9sident de la R\u00e9publique, Me Abdouaye Wade. <\/p>\n\n\n\n<p>L&rsquo;information a \u00e9t\u00e9 donn\u00e9e par Mamadou Lamine Thiam, membre du PDS. <em>\u00ab\u00a0Les d\u00e9put\u00e9s de Wallu S\u00e9n\u00e9gal feraient l\u2019objet d\u2019une cour assidue de la part du camp pr\u00e9sidentiel, qui souhaite les attirer dans le camp de Benno Bokk Yakaar \u00e0 l\u2019Assembl\u00e9e nationale. \u00ab\u00a0Beaucoup de nos d\u00e9put\u00e9s nous ont inform\u00e9s qu\u2019ils ont \u00e9t\u00e9 approch\u00e9s par le pouvoir. Ils font remonter l\u2019information d\u00e8s qu\u2019ils re\u00e7oivent un coup de fil<\/em>\u00ab\u00a0, r\u00e9v\u00e8le dans L\u2019Observateur de ce vendredi le responsable du PDS, \u00e9lu lors des L\u00e9gislatives du 31 juillet dernier.<\/p>\n\n\n\n<p>Le dernier \u00e9pisode de ces tentatives de d\u00e9bauchage a eu lieu mardi dernier, selon Mamadou Lamine Thiam. Les membres de Wallu \u00e9taient \u00e0 bord du bus qui les transportait pour leur tourn\u00e9e dans les foyers religieux. <em>\u00ab\u00a0Quelqu\u2019un m\u2019a montr\u00e9 des appels \u00e9manant de gens du pouvoir et les messages qui ont suivi\u00a0\u00bb<\/em>, r\u00e9v\u00e8le le responsable lib\u00e9ral.<\/p>\n\n\n\n<p>Quid des propositions faites aux d\u00e9put\u00e9s cibl\u00e9s ? Elles sont all\u00e9chantes. <em>\u00ab\u00a0On leur propose de rejoindre le pouvoir, d\u2019\u00eatre re\u00e7us par tel ou tel autre responsable, souffle Mamadou Lamine Thiam. On leur dit : \u2018On va te donner tant de millions de francs CFA, on va te faire tel et tel recrutement. On peut recruter 20 personnes pour toi\u00a0\u00bb.<\/em><\/p>\n\n\n\n<p><em>\u00ab\u00a0Ils ont pris des renseignements autour des d\u00e9put\u00e9s. Je suppose que la plupart sont des courtiers. Rares ont \u00e9t\u00e9 ceux qui m\u2019ont donn\u00e9 le nom d\u2019une haute personnalit\u00e9. Les hautes personnalit\u00e9s ont appel\u00e9 au tout d\u00e9but. Mais l\u00e0, ce sont des courtiers qui circulent pour proposer de faciliter des audiences. Mais nous restons sereins parce que nous avons affaire \u00e0 des gens d\u2019honneur\u00a0\u00bb<\/em>, ajoute t-il.<\/p>\n\n\n\n<p><em>R\u00e9dactions Public SN<\/em><\/p>\n<div class=\"publi-apres-le-contenu\" style=\"margin-top: 10px;margin-bottom: 10px;margin-left: auto;margin-right: auto;text-align: center;\" id=\"publi-672496405\"><div class=\"publi-adlabel\">Publicit\u00e9<\/div><script async src=\"\/\/pagead2.googlesyndication.com\/pagead\/js\/adsbygoogle.js?client=ca-pub-4089586018074219\" crossorigin=\"anonymous\"><\/script><ins class=\"adsbygoogle\" style=\"display:block;\" data-ad-client=\"ca-pub-4089586018074219\" \ndata-ad-slot=\"2087940154\" \ndata-ad-format=\"auto\"><\/ins>\n<script> \n(adsbygoogle = window.adsbygoogle || []).push({}); \n<\/script>\n<\/div>","protected":false},"excerpt":{"rendered":"<p>Depuis l publication officielle des r\u00e9sultats d\u00e9finitifs par le conseil constitutionnel, le public politique est orient\u00e9 sur le prochain bureau de l&rsquo;Assembl\u00e9e nationale et la majorit\u00e9 absolue sur un nombre total 165 d\u00e9put\u00e9s pour une dur\u00e9e de cinq (05). Cette r\u00e9partition des membres s&rsquo;est faite selon un mode de scrutin parall\u00e8le dans cinquante-quatre (54) circonscriptions \u00e9lectorales reparties ainsi qu\u2019il suit : quarante-six (46) d\u00e9partements du S\u00e9n\u00e9gal et huit (8) circonscriptions de la diaspora. Apr\u00e8s les r\u00e9sultats, place \u00e0 la convocation de la premi\u00e8re session parlementaire pr\u00e9vue lundi 12 septembre 2022 \u00e0 12 heures. Cependant pour avoir la majorit\u00e9 de son camp, pouvoir comme opposition, tous sont en op\u00e9rations de s\u00e9duction de d\u00e9put\u00e9s pour s&rsquo;assurer d&rsquo;un confort parlementaire. D&rsquo;o\u00f9 les d\u00e9marches du pouvoir qui a propos\u00e9 plusieurs millions de francs CFA au d\u00e9put\u00e9s de la coalition Wallu S\u00e9n\u00e9gal dirig\u00e9 par l&rsquo;ancien pr\u00e9sident de la R\u00e9publique, Me Abdouaye Wade. L&rsquo;information a \u00e9t\u00e9 donn\u00e9e par Mamadou Lamine Thiam, membre du PDS. \u00ab\u00a0Les d\u00e9put\u00e9s de Wallu S\u00e9n\u00e9gal feraient l\u2019objet d\u2019une cour assidue de la part du camp pr\u00e9sidentiel, qui souhaite les attirer dans le camp de Benno Bokk Yakaar \u00e0 l\u2019Assembl\u00e9e nationale. \u00ab\u00a0Beaucoup de nos d\u00e9put\u00e9s nous ont inform\u00e9s qu\u2019ils ont \u00e9t\u00e9 approch\u00e9s par le pouvoir. Ils font remonter l\u2019information d\u00e8s qu\u2019ils re\u00e7oivent un coup de fil\u00ab\u00a0, r\u00e9v\u00e8le dans L\u2019Observateur de ce vendredi le responsable du PDS, \u00e9lu lors des L\u00e9gislatives du 31 juillet dernier. Le dernier \u00e9pisode de ces tentatives de d\u00e9bauchage a eu lieu mardi dernier, selon Mamadou Lamine Thiam. Les membres de Wallu \u00e9taient \u00e0 bord du bus qui les transportait pour leur tourn\u00e9e dans les foyers religieux. \u00ab\u00a0Quelqu\u2019un m\u2019a montr\u00e9 des appels \u00e9manant de gens du pouvoir et les messages qui ont suivi\u00a0\u00bb, r\u00e9v\u00e8le le responsable lib\u00e9ral. Quid des propositions faites aux d\u00e9put\u00e9s cibl\u00e9s ? Elles sont all\u00e9chantes. \u00ab\u00a0On leur propose de rejoindre le pouvoir, d\u2019\u00eatre re\u00e7us par tel ou tel autre responsable, souffle Mamadou Lamine Thiam. On leur dit : \u2018On va te donner tant de millions de francs CFA, on va te faire tel et tel recrutement. On peut recruter 20 personnes pour toi\u00a0\u00bb. \u00ab\u00a0Ils ont pris des renseignements autour des d\u00e9put\u00e9s. Je suppose que la plupart sont des courtiers. Rares ont \u00e9t\u00e9 ceux qui m\u2019ont donn\u00e9 le nom d\u2019une haute personnalit\u00e9. Les hautes personnalit\u00e9s ont appel\u00e9 au tout d\u00e9but. Mais l\u00e0, ce sont des courtiers qui circulent pour proposer de faciliter des audiences. Mais nous restons sereins parce que nous avons affaire \u00e0 des gens d\u2019honneur\u00a0\u00bb, ajoute t-il. R\u00e9dactions Public SN<\/p>\n","protected":false},"author":1,"featured_media":675,"comment_status":"open","ping_status":"open","sticky":false,"template":"","format":"standard","meta":{"_jetpack_memberships_contains_paid_content":false,"footnotes":""},"categories":[3],"tags":[],"class_list":["post-674","post","type-post","status-publish","format-standard","has-post-thumbnail","hentry","category-politique","entry","has-media","owp-thumbs-layout-horizontal","owp-btn-normal","owp-tabs-layout-horizontal","has-no-thumbnails","has-product-nav"],"yoast_head":"<!-- This site is optimized with the Yoast SEO plugin v25.5 - https:\/\/yoast.com\/wordpress\/plugins\/seo\/ -->\n<title>Assembl\u00e9e nationale : &quot;Des millions de francs CFA propos\u00e9s aux d\u00e9put\u00e9s de Wallu S\u00e9n\u00e9gal pour leur ralliement&quot;. - LE PUBLIC<\/title>\n<meta name=\"robots\" content=\"index, follow, max-snippet:-1, max-image-preview:large, max-video-preview:-1\" \/>\n<link rel=\"canonical\" href=\"https:\/\/www.public.sn\/index.php\/2022\/08\/26\/assemblee-nationale-des-millions-de-francs-cfa-proposes-aux-deputes-de-wallu-senegal-pour-leur-ralliement\/\" \/>\n<meta property=\"og:locale\" content=\"fr_FR\" \/>\n<meta property=\"og:type\" content=\"article\" \/>\n<meta property=\"og:title\" content=\"Assembl\u00e9e nationale : &quot;Des millions de francs CFA propos\u00e9s aux d\u00e9put\u00e9s de Wallu S\u00e9n\u00e9gal pour leur ralliement&quot;. - LE PUBLIC\" \/>\n<meta property=\"og:description\" content=\"Depuis l publication officielle des r\u00e9sultats d\u00e9finitifs par le conseil constitutionnel, le public politique est orient\u00e9 sur le prochain bureau de l&rsquo;Assembl\u00e9e nationale et la majorit\u00e9 absolue sur un nombre total 165 d\u00e9put\u00e9s pour une dur\u00e9e de cinq (05). Cette r\u00e9partition des membres s&rsquo;est faite selon un mode de scrutin parall\u00e8le dans cinquante-quatre (54) circonscriptions \u00e9lectorales reparties ainsi qu\u2019il suit : quarante-six (46) d\u00e9partements du S\u00e9n\u00e9gal et huit (8) circonscriptions de la diaspora. Apr\u00e8s les r\u00e9sultats, place \u00e0 la convocation de la premi\u00e8re session parlementaire pr\u00e9vue lundi 12 septembre 2022 \u00e0 12 heures. Cependant pour avoir la majorit\u00e9 de son camp, pouvoir comme opposition, tous sont en op\u00e9rations de s\u00e9duction de d\u00e9put\u00e9s pour s&rsquo;assurer d&rsquo;un confort parlementaire. D&rsquo;o\u00f9 les d\u00e9marches du pouvoir qui a propos\u00e9 plusieurs millions de francs CFA au d\u00e9put\u00e9s de la coalition Wallu S\u00e9n\u00e9gal dirig\u00e9 par l&rsquo;ancien pr\u00e9sident de la R\u00e9publique, Me Abdouaye Wade. L&rsquo;information a \u00e9t\u00e9 donn\u00e9e par Mamadou Lamine Thiam, membre du PDS. \u00ab\u00a0Les d\u00e9put\u00e9s de Wallu S\u00e9n\u00e9gal feraient l\u2019objet d\u2019une cour assidue de la part du camp pr\u00e9sidentiel, qui souhaite les attirer dans le camp de Benno Bokk Yakaar \u00e0 l\u2019Assembl\u00e9e nationale. \u00ab\u00a0Beaucoup de nos d\u00e9put\u00e9s nous ont inform\u00e9s qu\u2019ils ont \u00e9t\u00e9 approch\u00e9s par le pouvoir. Ils font remonter l\u2019information d\u00e8s qu\u2019ils re\u00e7oivent un coup de fil\u00ab\u00a0, r\u00e9v\u00e8le dans L\u2019Observateur de ce vendredi le responsable du PDS, \u00e9lu lors des L\u00e9gislatives du 31 juillet dernier. Le dernier \u00e9pisode de ces tentatives de d\u00e9bauchage a eu lieu mardi dernier, selon Mamadou Lamine Thiam. Les membres de Wallu \u00e9taient \u00e0 bord du bus qui les transportait pour leur tourn\u00e9e dans les foyers religieux. \u00ab\u00a0Quelqu\u2019un m\u2019a montr\u00e9 des appels \u00e9manant de gens du pouvoir et les messages qui ont suivi\u00a0\u00bb, r\u00e9v\u00e8le le responsable lib\u00e9ral. Quid des propositions faites aux d\u00e9put\u00e9s cibl\u00e9s ? Elles sont all\u00e9chantes. \u00ab\u00a0On leur propose de rejoindre le pouvoir, d\u2019\u00eatre re\u00e7us par tel ou tel autre responsable, souffle Mamadou Lamine Thiam. On leur dit : \u2018On va te donner tant de millions de francs CFA, on va te faire tel et tel recrutement. On peut recruter 20 personnes pour toi\u00a0\u00bb. \u00ab\u00a0Ils ont pris des renseignements autour des d\u00e9put\u00e9s. Je suppose que la plupart sont des courtiers. Rares ont \u00e9t\u00e9 ceux qui m\u2019ont donn\u00e9 le nom d\u2019une haute personnalit\u00e9. Les hautes personnalit\u00e9s ont appel\u00e9 au tout d\u00e9but. Mais l\u00e0, ce sont des courtiers qui circulent pour proposer de faciliter des audiences. Mais nous restons sereins parce que nous avons affaire \u00e0 des gens d\u2019honneur\u00a0\u00bb, ajoute t-il. R\u00e9dactions Public SN\" \/>\n<meta property=\"og:url\" content=\"https:\/\/www.public.sn\/index.php\/2022\/08\/26\/assemblee-nationale-des-millions-de-francs-cfa-proposes-aux-deputes-de-wallu-senegal-pour-leur-ralliement\/\" \/>\n<meta property=\"og:site_name\" content=\"LE PUBLIC\" \/>\n<meta property=\"article:published_time\" content=\"2022-08-26T11:27:38+00:00\" \/>\n<meta property=\"article:modified_time\" content=\"2022-08-26T11:27:39+00:00\" \/>\n<meta property=\"og:image\" content=\"https:\/\/www.public.sn\/wp-content\/uploads\/2022\/08\/66934157-47445806.png\" \/>\n\t<meta property=\"og:image:width\" content=\"1407\" \/>\n\t<meta property=\"og:image:height\" content=\"772\" \/>\n\t<meta property=\"og:image:type\" content=\"image\/png\" \/>\n<meta name=\"author\" content=\"LA REDACTION\" \/>\n<meta name=\"twitter:card\" content=\"summary_large_image\" \/>\n<meta name=\"twitter:label1\" content=\"\u00c9crit par\" \/>\n\t<meta name=\"twitter:data1\" content=\"LA REDACTION\" \/>\n\t<meta name=\"twitter:label2\" content=\"Dur\u00e9e de lecture estim\u00e9e\" \/>\n\t<meta name=\"twitter:data2\" content=\"3 minutes\" \/>\n<script type=\"application\/ld+json\" class=\"yoast-schema-graph\">{\"@context\":\"https:\/\/schema.org\",\"@graph\":[{\"@type\":\"Article\",\"@id\":\"https:\/\/www.public.sn\/index.php\/2022\/08\/26\/assemblee-nationale-des-millions-de-francs-cfa-proposes-aux-deputes-de-wallu-senegal-pour-leur-ralliement\/#article\",\"isPartOf\":{\"@id\":\"https:\/\/www.public.sn\/index.php\/2022\/08\/26\/assemblee-nationale-des-millions-de-francs-cfa-proposes-aux-deputes-de-wallu-senegal-pour-leur-ralliement\/\"},\"author\":{\"name\":\"LA REDACTION\",\"@id\":\"https:\/\/www.public.sn\/#\/schema\/person\/e3f4a11b037d4203902db148f9bc8d5a\"},\"headline\":\"Assembl\u00e9e nationale : \u00ab\u00a0Des millions de francs CFA propos\u00e9s aux d\u00e9put\u00e9s de Wallu S\u00e9n\u00e9gal pour leur ralliement\u00a0\u00bb.\",\"datePublished\":\"2022-08-26T11:27:38+00:00\",\"dateModified\":\"2022-08-26T11:27:39+00:00\",\"mainEntityOfPage\":{\"@id\":\"https:\/\/www.public.sn\/index.php\/2022\/08\/26\/assemblee-nationale-des-millions-de-francs-cfa-proposes-aux-deputes-de-wallu-senegal-pour-leur-ralliement\/\"},\"wordCount\":489,\"commentCount\":0,\"publisher\":{\"@id\":\"https:\/\/www.public.sn\/#organization\"},\"image\":{\"@id\":\"https:\/\/www.public.sn\/index.php\/2022\/08\/26\/assemblee-nationale-des-millions-de-francs-cfa-proposes-aux-deputes-de-wallu-senegal-pour-leur-ralliement\/#primaryimage\"},\"thumbnailUrl\":\"https:\/\/www.public.sn\/wp-content\/uploads\/2022\/08\/66934157-47445806.png\",\"articleSection\":[\"POLITIQUE\"],\"inLanguage\":\"fr-FR\",\"potentialAction\":[{\"@type\":\"CommentAction\",\"name\":\"Comment\",\"target\":[\"https:\/\/www.public.sn\/index.php\/2022\/08\/26\/assemblee-nationale-des-millions-de-francs-cfa-proposes-aux-deputes-de-wallu-senegal-pour-leur-ralliement\/#respond\"]}]},{\"@type\":\"WebPage\",\"@id\":\"https:\/\/www.public.sn\/index.php\/2022\/08\/26\/assemblee-nationale-des-millions-de-francs-cfa-proposes-aux-deputes-de-wallu-senegal-pour-leur-ralliement\/\",\"url\":\"https:\/\/www.public.sn\/index.php\/2022\/08\/26\/assemblee-nationale-des-millions-de-francs-cfa-proposes-aux-deputes-de-wallu-senegal-pour-leur-ralliement\/\",\"name\":\"Assembl\u00e9e nationale : \\\"Des millions de francs CFA propos\u00e9s aux d\u00e9put\u00e9s de Wallu S\u00e9n\u00e9gal pour leur ralliement\\\". - LE PUBLIC\",\"isPartOf\":{\"@id\":\"https:\/\/www.public.sn\/#website\"},\"primaryImageOfPage\":{\"@id\":\"https:\/\/www.public.sn\/index.php\/2022\/08\/26\/assemblee-nationale-des-millions-de-francs-cfa-proposes-aux-deputes-de-wallu-senegal-pour-leur-ralliement\/#primaryimage\"},\"image\":{\"@id\":\"https:\/\/www.public.sn\/index.php\/2022\/08\/26\/assemblee-nationale-des-millions-de-francs-cfa-proposes-aux-deputes-de-wallu-senegal-pour-leur-ralliement\/#primaryimage\"},\"thumbnailUrl\":\"https:\/\/www.public.sn\/wp-content\/uploads\/2022\/08\/66934157-47445806.png\",\"datePublished\":\"2022-08-26T11:27:38+00:00\",\"dateModified\":\"2022-08-26T11:27:39+00:00\",\"breadcrumb\":{\"@id\":\"https:\/\/www.public.sn\/index.php\/2022\/08\/26\/assemblee-nationale-des-millions-de-francs-cfa-proposes-aux-deputes-de-wallu-senegal-pour-leur-ralliement\/#breadcrumb\"},\"inLanguage\":\"fr-FR\",\"potentialAction\":[{\"@type\":\"ReadAction\",\"target\":[\"https:\/\/www.public.sn\/index.php\/2022\/08\/26\/assemblee-nationale-des-millions-de-francs-cfa-proposes-aux-deputes-de-wallu-senegal-pour-leur-ralliement\/\"]}]},{\"@type\":\"ImageObject\",\"inLanguage\":\"fr-FR\",\"@id\":\"https:\/\/www.public.sn\/index.php\/2022\/08\/26\/assemblee-nationale-des-millions-de-francs-cfa-proposes-aux-deputes-de-wallu-senegal-pour-leur-ralliement\/#primaryimage\",\"url\":\"https:\/\/www.public.sn\/wp-content\/uploads\/2022\/08\/66934157-47445806.png\",\"contentUrl\":\"https:\/\/www.public.sn\/wp-content\/uploads\/2022\/08\/66934157-47445806.png\",\"width\":1407,\"height\":772},{\"@type\":\"BreadcrumbList\",\"@id\":\"https:\/\/www.public.sn\/index.php\/2022\/08\/26\/assemblee-nationale-des-millions-de-francs-cfa-proposes-aux-deputes-de-wallu-senegal-pour-leur-ralliement\/#breadcrumb\",\"itemListElement\":[{\"@type\":\"ListItem\",\"position\":1,\"name\":\"Accueil\",\"item\":\"https:\/\/www.public.sn\/\"},{\"@type\":\"ListItem\",\"position\":2,\"name\":\"Assembl\u00e9e nationale : \u00ab\u00a0Des millions de francs CFA propos\u00e9s aux d\u00e9put\u00e9s de Wallu S\u00e9n\u00e9gal pour leur ralliement\u00a0\u00bb.\"}]},{\"@type\":\"WebSite\",\"@id\":\"https:\/\/www.public.sn\/#website\",\"url\":\"https:\/\/www.public.sn\/\",\"name\":\"LE PUBLIC\",\"description\":\"\",\"publisher\":{\"@id\":\"https:\/\/www.public.sn\/#organization\"},\"potentialAction\":[{\"@type\":\"SearchAction\",\"target\":{\"@type\":\"EntryPoint\",\"urlTemplate\":\"https:\/\/www.public.sn\/?s={search_term_string}\"},\"query-input\":{\"@type\":\"PropertyValueSpecification\",\"valueRequired\":true,\"valueName\":\"search_term_string\"}}],\"inLanguage\":\"fr-FR\"},{\"@type\":\"Organization\",\"@id\":\"https:\/\/www.public.sn\/#organization\",\"name\":\"LE PUBLIC\",\"url\":\"https:\/\/www.public.sn\/\",\"logo\":{\"@type\":\"ImageObject\",\"inLanguage\":\"fr-FR\",\"@id\":\"https:\/\/www.public.sn\/#\/schema\/logo\/image\/\",\"url\":\"https:\/\/www.public.sn\/wp-content\/uploads\/2024\/05\/cropped-LOGO-PUBLIC.SN_.png\",\"contentUrl\":\"https:\/\/www.public.sn\/wp-content\/uploads\/2024\/05\/cropped-LOGO-PUBLIC.SN_.png\",\"width\":682,\"height\":192,\"caption\":\"LE PUBLIC\"},\"image\":{\"@id\":\"https:\/\/www.public.sn\/#\/schema\/logo\/image\/\"}},{\"@type\":\"Person\",\"@id\":\"https:\/\/www.public.sn\/#\/schema\/person\/e3f4a11b037d4203902db148f9bc8d5a\",\"name\":\"LA REDACTION\",\"image\":{\"@type\":\"ImageObject\",\"inLanguage\":\"fr-FR\",\"@id\":\"https:\/\/www.public.sn\/#\/schema\/person\/image\/\",\"url\":\"https:\/\/secure.gravatar.com\/avatar\/d6c030db45db2883c075085c5d6c6258654a801a93766b49af0b82d4f454e2a5?s=96&d=mm&r=g\",\"contentUrl\":\"https:\/\/secure.gravatar.com\/avatar\/d6c030db45db2883c075085c5d6c6258654a801a93766b49af0b82d4f454e2a5?s=96&d=mm&r=g\",\"caption\":\"LA REDACTION\"},\"sameAs\":[\"http:\/\/www.public.sn\"],\"url\":\"https:\/\/www.public.sn\/index.php\/author\/admin7324\/\"}]}<\/script>\n<!-- \/ Yoast SEO plugin. -->","yoast_head_json":{"title":"Assembl\u00e9e nationale : \"Des millions de francs CFA propos\u00e9s aux d\u00e9put\u00e9s de Wallu S\u00e9n\u00e9gal pour leur ralliement\". - LE PUBLIC","robots":{"index":"index","follow":"follow","max-snippet":"max-snippet:-1","max-image-preview":"max-image-preview:large","max-video-preview":"max-video-preview:-1"},"canonical":"https:\/\/www.public.sn\/index.php\/2022\/08\/26\/assemblee-nationale-des-millions-de-francs-cfa-proposes-aux-deputes-de-wallu-senegal-pour-leur-ralliement\/","og_locale":"fr_FR","og_type":"article","og_title":"Assembl\u00e9e nationale : \"Des millions de francs CFA propos\u00e9s aux d\u00e9put\u00e9s de Wallu S\u00e9n\u00e9gal pour leur ralliement\". - LE PUBLIC","og_description":"Depuis l publication officielle des r\u00e9sultats d\u00e9finitifs par le conseil constitutionnel, le public politique est orient\u00e9 sur le prochain bureau de l&rsquo;Assembl\u00e9e nationale et la majorit\u00e9 absolue sur un nombre total 165 d\u00e9put\u00e9s pour une dur\u00e9e de cinq (05). Cette r\u00e9partition des membres s&rsquo;est faite selon un mode de scrutin parall\u00e8le dans cinquante-quatre (54) circonscriptions \u00e9lectorales reparties ainsi qu\u2019il suit : quarante-six (46) d\u00e9partements du S\u00e9n\u00e9gal et huit (8) circonscriptions de la diaspora. Apr\u00e8s les r\u00e9sultats, place \u00e0 la convocation de la premi\u00e8re session parlementaire pr\u00e9vue lundi 12 septembre 2022 \u00e0 12 heures. Cependant pour avoir la majorit\u00e9 de son camp, pouvoir comme opposition, tous sont en op\u00e9rations de s\u00e9duction de d\u00e9put\u00e9s pour s&rsquo;assurer d&rsquo;un confort parlementaire. D&rsquo;o\u00f9 les d\u00e9marches du pouvoir qui a propos\u00e9 plusieurs millions de francs CFA au d\u00e9put\u00e9s de la coalition Wallu S\u00e9n\u00e9gal dirig\u00e9 par l&rsquo;ancien pr\u00e9sident de la R\u00e9publique, Me Abdouaye Wade. L&rsquo;information a \u00e9t\u00e9 donn\u00e9e par Mamadou Lamine Thiam, membre du PDS. \u00ab\u00a0Les d\u00e9put\u00e9s de Wallu S\u00e9n\u00e9gal feraient l\u2019objet d\u2019une cour assidue de la part du camp pr\u00e9sidentiel, qui souhaite les attirer dans le camp de Benno Bokk Yakaar \u00e0 l\u2019Assembl\u00e9e nationale. \u00ab\u00a0Beaucoup de nos d\u00e9put\u00e9s nous ont inform\u00e9s qu\u2019ils ont \u00e9t\u00e9 approch\u00e9s par le pouvoir. Ils font remonter l\u2019information d\u00e8s qu\u2019ils re\u00e7oivent un coup de fil\u00ab\u00a0, r\u00e9v\u00e8le dans L\u2019Observateur de ce vendredi le responsable du PDS, \u00e9lu lors des L\u00e9gislatives du 31 juillet dernier. Le dernier \u00e9pisode de ces tentatives de d\u00e9bauchage a eu lieu mardi dernier, selon Mamadou Lamine Thiam. Les membres de Wallu \u00e9taient \u00e0 bord du bus qui les transportait pour leur tourn\u00e9e dans les foyers religieux. \u00ab\u00a0Quelqu\u2019un m\u2019a montr\u00e9 des appels \u00e9manant de gens du pouvoir et les messages qui ont suivi\u00a0\u00bb, r\u00e9v\u00e8le le responsable lib\u00e9ral. Quid des propositions faites aux d\u00e9put\u00e9s cibl\u00e9s ? Elles sont all\u00e9chantes. \u00ab\u00a0On leur propose de rejoindre le pouvoir, d\u2019\u00eatre re\u00e7us par tel ou tel autre responsable, souffle Mamadou Lamine Thiam. On leur dit : \u2018On va te donner tant de millions de francs CFA, on va te faire tel et tel recrutement. On peut recruter 20 personnes pour toi\u00a0\u00bb. \u00ab\u00a0Ils ont pris des renseignements autour des d\u00e9put\u00e9s. Je suppose que la plupart sont des courtiers. Rares ont \u00e9t\u00e9 ceux qui m\u2019ont donn\u00e9 le nom d\u2019une haute personnalit\u00e9. Les hautes personnalit\u00e9s ont appel\u00e9 au tout d\u00e9but. Mais l\u00e0, ce sont des courtiers qui circulent pour proposer de faciliter des audiences. Mais nous restons sereins parce que nous avons affaire \u00e0 des gens d\u2019honneur\u00a0\u00bb, ajoute t-il. R\u00e9dactions Public SN","og_url":"https:\/\/www.public.sn\/index.php\/2022\/08\/26\/assemblee-nationale-des-millions-de-francs-cfa-proposes-aux-deputes-de-wallu-senegal-pour-leur-ralliement\/","og_site_name":"LE PUBLIC","article_published_time":"2022-08-26T11:27:38+00:00","article_modified_time":"2022-08-26T11:27:39+00:00","og_image":[{"width":1407,"height":772,"url":"https:\/\/www.public.sn\/wp-content\/uploads\/2022\/08\/66934157-47445806.png","type":"image\/png"}],"author":"LA REDACTION","twitter_card":"summary_large_image","twitter_misc":{"\u00c9crit par":"LA REDACTION","Dur\u00e9e de lecture estim\u00e9e":"3 minutes"},"schema":{"@context":"https:\/\/schema.org","@graph":[{"@type":"Article","@id":"https:\/\/www.public.sn\/index.php\/2022\/08\/26\/assemblee-nationale-des-millions-de-francs-cfa-proposes-aux-deputes-de-wallu-senegal-pour-leur-ralliement\/#article","isPartOf":{"@id":"https:\/\/www.public.sn\/index.php\/2022\/08\/26\/assemblee-nationale-des-millions-de-francs-cfa-proposes-aux-deputes-de-wallu-senegal-pour-leur-ralliement\/"},"author":{"name":"LA REDACTION","@id":"https:\/\/www.public.sn\/#\/schema\/person\/e3f4a11b037d4203902db148f9bc8d5a"},"headline":"Assembl\u00e9e nationale : \u00ab\u00a0Des millions de francs CFA propos\u00e9s aux d\u00e9put\u00e9s de Wallu S\u00e9n\u00e9gal pour leur ralliement\u00a0\u00bb.","datePublished":"2022-08-26T11:27:38+00:00","dateModified":"2022-08-26T11:27:39+00:00","mainEntityOfPage":{"@id":"https:\/\/www.public.sn\/index.php\/2022\/08\/26\/assemblee-nationale-des-millions-de-francs-cfa-proposes-aux-deputes-de-wallu-senegal-pour-leur-ralliement\/"},"wordCount":489,"commentCount":0,"publisher":{"@id":"https:\/\/www.public.sn\/#organization"},"image":{"@id":"https:\/\/www.public.sn\/index.php\/2022\/08\/26\/assemblee-nationale-des-millions-de-francs-cfa-proposes-aux-deputes-de-wallu-senegal-pour-leur-ralliement\/#primaryimage"},"thumbnailUrl":"https:\/\/www.public.sn\/wp-content\/uploads\/2022\/08\/66934157-47445806.png","articleSection":["POLITIQUE"],"inLanguage":"fr-FR","potentialAction":[{"@type":"CommentAction","name":"Comment","target":["https:\/\/www.public.sn\/index.php\/2022\/08\/26\/assemblee-nationale-des-millions-de-francs-cfa-proposes-aux-deputes-de-wallu-senegal-pour-leur-ralliement\/#respond"]}]},{"@type":"WebPage","@id":"https:\/\/www.public.sn\/index.php\/2022\/08\/26\/assemblee-nationale-des-millions-de-francs-cfa-proposes-aux-deputes-de-wallu-senegal-pour-leur-ralliement\/","url":"https:\/\/www.public.sn\/index.php\/2022\/08\/26\/assemblee-nationale-des-millions-de-francs-cfa-proposes-aux-deputes-de-wallu-senegal-pour-leur-ralliement\/","name":"Assembl\u00e9e nationale : \"Des millions de francs CFA propos\u00e9s aux d\u00e9put\u00e9s de Wallu S\u00e9n\u00e9gal pour leur ralliement\". - LE PUBLIC","isPartOf":{"@id":"https:\/\/www.public.sn\/#website"},"primaryImageOfPage":{"@id":"https:\/\/www.public.sn\/index.php\/2022\/08\/26\/assemblee-nationale-des-millions-de-francs-cfa-proposes-aux-deputes-de-wallu-senegal-pour-leur-ralliement\/#primaryimage"},"image":{"@id":"https:\/\/www.public.sn\/index.php\/2022\/08\/26\/assemblee-nationale-des-millions-de-francs-cfa-proposes-aux-deputes-de-wallu-senegal-pour-leur-ralliement\/#primaryimage"},"thumbnailUrl":"https:\/\/www.public.sn\/wp-content\/uploads\/2022\/08\/66934157-47445806.png","datePublished":"2022-08-26T11:27:38+00:00","dateModified":"2022-08-26T11:27:39+00:00","breadcrumb":{"@id":"https:\/\/www.public.sn\/index.php\/2022\/08\/26\/assemblee-nationale-des-millions-de-francs-cfa-proposes-aux-deputes-de-wallu-senegal-pour-leur-ralliement\/#breadcrumb"},"inLanguage":"fr-FR","potentialAction":[{"@type":"ReadAction","target":["https:\/\/www.public.sn\/index.php\/2022\/08\/26\/assemblee-nationale-des-millions-de-francs-cfa-proposes-aux-deputes-de-wallu-senegal-pour-leur-ralliement\/"]}]},{"@type":"ImageObject","inLanguage":"fr-FR","@id":"https:\/\/www.public.sn\/index.php\/2022\/08\/26\/assemblee-nationale-des-millions-de-francs-cfa-proposes-aux-deputes-de-wallu-senegal-pour-leur-ralliement\/#primaryimage","url":"https:\/\/www.public.sn\/wp-content\/uploads\/2022\/08\/66934157-47445806.png","contentUrl":"https:\/\/www.public.sn\/wp-content\/uploads\/2022\/08\/66934157-47445806.png","width":1407,"height":772},{"@type":"BreadcrumbList","@id":"https:\/\/www.public.sn\/index.php\/2022\/08\/26\/assemblee-nationale-des-millions-de-francs-cfa-proposes-aux-deputes-de-wallu-senegal-pour-leur-ralliement\/#breadcrumb","itemListElement":[{"@type":"ListItem","position":1,"name":"Accueil","item":"https:\/\/www.public.sn\/"},{"@type":"ListItem","position":2,"name":"Assembl\u00e9e nationale : \u00ab\u00a0Des millions de francs CFA propos\u00e9s aux d\u00e9put\u00e9s de Wallu S\u00e9n\u00e9gal pour leur ralliement\u00a0\u00bb."}]},{"@type":"WebSite","@id":"https:\/\/www.public.sn\/#website","url":"https:\/\/www.public.sn\/","name":"LE PUBLIC","description":"","publisher":{"@id":"https:\/\/www.public.sn\/#organization"},"potentialAction":[{"@type":"SearchAction","target":{"@type":"EntryPoint","urlTemplate":"https:\/\/www.public.sn\/?s={search_term_string}"},"query-input":{"@type":"PropertyValueSpecification","valueRequired":true,"valueName":"search_term_string"}}],"inLanguage":"fr-FR"},{"@type":"Organization","@id":"https:\/\/www.public.sn\/#organization","name":"LE PUBLIC","url":"https:\/\/www.public.sn\/","logo":{"@type":"ImageObject","inLanguage":"fr-FR","@id":"https:\/\/www.public.sn\/#\/schema\/logo\/image\/","url":"https:\/\/www.public.sn\/wp-content\/uploads\/2024\/05\/cropped-LOGO-PUBLIC.SN_.png","contentUrl":"https:\/\/www.public.sn\/wp-content\/uploads\/2024\/05\/cropped-LOGO-PUBLIC.SN_.png","width":682,"height":192,"caption":"LE PUBLIC"},"image":{"@id":"https:\/\/www.public.sn\/#\/schema\/logo\/image\/"}},{"@type":"Person","@id":"https:\/\/www.public.sn\/#\/schema\/person\/e3f4a11b037d4203902db148f9bc8d5a","name":"LA REDACTION","image":{"@type":"ImageObject","inLanguage":"fr-FR","@id":"https:\/\/www.public.sn\/#\/schema\/person\/image\/","url":"https:\/\/secure.gravatar.com\/avatar\/d6c030db45db2883c075085c5d6c6258654a801a93766b49af0b82d4f454e2a5?s=96&d=mm&r=g","contentUrl":"https:\/\/secure.gravatar.com\/avatar\/d6c030db45db2883c075085c5d6c6258654a801a93766b49af0b82d4f454e2a5?s=96&d=mm&r=g","caption":"LA REDACTION"},"sameAs":["http:\/\/www.public.sn"],"url":"https:\/\/www.public.sn\/index.php\/author\/admin7324\/"}]}},"jetpack_featured_media_url":"https:\/\/www.public.sn\/wp-content\/uploads\/2022\/08\/66934157-47445806.png","jetpack_sharing_enabled":true,"_links":{"self":[{"href":"https:\/\/www.public.sn\/index.php\/wp-json\/wp\/v2\/posts\/674","targetHints":{"allow":["GET"]}}],"collection":[{"href":"https:\/\/www.public.sn\/index.php\/wp-json\/wp\/v2\/posts"}],"about":[{"href":"https:\/\/www.public.sn\/index.php\/wp-json\/wp\/v2\/types\/post"}],"author":[{"embeddable":true,"href":"https:\/\/www.public.sn\/index.php\/wp-json\/wp\/v2\/users\/1"}],"replies":[{"embeddable":true,"href":"https:\/\/www.public.sn\/index.php\/wp-json\/wp\/v2\/comments?post=674"}],"version-history":[{"count":1,"href":"https:\/\/www.public.sn\/index.php\/wp-json\/wp\/v2\/posts\/674\/revisions"}],"predecessor-version":[{"id":676,"href":"https:\/\/www.public.sn\/index.php\/wp-json\/wp\/v2\/posts\/674\/revisions\/676"}],"wp:featuredmedia":[{"embeddable":true,"href":"https:\/\/www.public.sn\/index.php\/wp-json\/wp\/v2\/media\/675"}],"wp:attachment":[{"href":"https:\/\/www.public.sn\/index.php\/wp-json\/wp\/v2\/media?parent=674"}],"wp:term":[{"taxonomy":"category","embeddable":true,"href":"https:\/\/www.public.sn\/index.php\/wp-json\/wp\/v2\/categories?post=674"},{"taxonomy":"post_tag","embeddable":true,"href":"https:\/\/www.public.sn\/index.php\/wp-json\/wp\/v2\/tags?post=674"}],"curies":[{"name":"wp","href":"https:\/\/api.w.org\/{rel}","templated":true}]}}