{"id":6773,"date":"2022-11-03T13:47:30","date_gmt":"2022-11-03T13:47:30","guid":{"rendered":"https:\/\/www.public.sn\/?p=6773"},"modified":"2022-11-03T13:47:33","modified_gmt":"2022-11-03T13:47:33","slug":"mouhamadou-massaly-sonko-doit-aller-repondre-sans-bruit","status":"publish","type":"post","link":"https:\/\/www.public.sn\/index.php\/2022\/11\/03\/mouhamadou-massaly-sonko-doit-aller-repondre-sans-bruit\/","title":{"rendered":"<strong>Mouhamadou &nbsp;Massaly&nbsp;: \u00ab&nbsp;Sonko doit aller r\u00e9pondre sans bruit&nbsp;\u00bb<\/strong>"},"content":{"rendered":"\n<p>Pour Mouhamadou Lamine Massaly de l&rsquo;UNR, le leader de Pastef, \u00e0 l&rsquo;image de Sitor Ndour, Khaliphone Sall etc., doit r\u00e9pondre \u00e0 cette convocation sans tambour ni trompette.<\/p><div class=\"publi-paragraphe1\" style=\"margin-top: 10px;margin-bottom: 10px;margin-left: auto;margin-right: auto;text-align: center;\" id=\"publi-4079386528\"><div class=\"publi-adlabel\">Publicit\u00e9<\/div><script async src=\"\/\/pagead2.googlesyndication.com\/pagead\/js\/adsbygoogle.js?client=ca-pub-4089586018074219\" crossorigin=\"anonymous\"><\/script><ins class=\"adsbygoogle\" style=\"display:block;\" data-ad-client=\"ca-pub-4089586018074219\" \ndata-ad-slot=\"2087940154\" \ndata-ad-format=\"auto\"><\/ins>\n<script> \n(adsbygoogle = window.adsbygoogle || []).push({}); \n<\/script>\n<\/div>\n\n\n\n<p>\u00a0Selon le journal Vox Populi,\u00a0\u00ab\u00a0Sonko n&rsquo;est pas un intouchable. Il est m\u00eal\u00e9, pour ne pas dire, cit\u00e9 dans un dossier de viol par la jeune fille Adji Raby Sarr. Quoi donc de plus normal pour lui que d&rsquo;aller prouver son innocence s&rsquo;il en a les preuves. Il ne sert vraiment \u00e0 rien d&rsquo;ameuter toute l&rsquo;humanit\u00e9 si on n&rsquo;a rien \u00e0 se reprocher. Et les Sitor Ndour, Khaliphone Sall et bien d&rsquo;autres anonymes ou inconnus ont d\u00e9f\u00e9r\u00e9 devant la justice pour viol et la suite est connue. Ousmane Sonko n&rsquo;est pas plus s\u00e9n\u00e9galais qu&rsquo;eux. Du moins, \u00e0 ce que je sache. Le droit doit \u00eatre dit \u00e0 son endroit\u00a0\u00bb, a-t-il d\u00e9clar\u00e9.<\/p>\n\n\n\n<p>Maimouna Niang.<\/p>\n<div class=\"publi-apres-le-contenu\" style=\"margin-top: 10px;margin-bottom: 10px;margin-left: auto;margin-right: auto;text-align: center;\" id=\"publi-2990400540\"><div class=\"publi-adlabel\">Publicit\u00e9<\/div><script async src=\"\/\/pagead2.googlesyndication.com\/pagead\/js\/adsbygoogle.js?client=ca-pub-4089586018074219\" crossorigin=\"anonymous\"><\/script><ins class=\"adsbygoogle\" style=\"display:block;\" data-ad-client=\"ca-pub-4089586018074219\" \ndata-ad-slot=\"2087940154\" \ndata-ad-format=\"auto\"><\/ins>\n<script> \n(adsbygoogle = window.adsbygoogle || []).push({}); \n<\/script>\n<\/div>","protected":false},"excerpt":{"rendered":"<p>Pour Mouhamadou Lamine Massaly de l&rsquo;UNR, le leader de Pastef, \u00e0 l&rsquo;image de Sitor Ndour, Khaliphone Sall etc., doit r\u00e9pondre \u00e0 cette convocation sans tambour ni trompette. \u00a0Selon le journal Vox Populi,\u00a0\u00ab\u00a0Sonko n&rsquo;est pas un intouchable. Il est m\u00eal\u00e9, pour ne pas dire, cit\u00e9 dans un dossier de viol par la jeune fille Adji Raby Sarr. Quoi donc de plus normal pour lui que d&rsquo;aller prouver son innocence s&rsquo;il en a les preuves. Il ne sert vraiment \u00e0 rien d&rsquo;ameuter toute l&rsquo;humanit\u00e9 si on n&rsquo;a rien \u00e0 se reprocher. Et les Sitor Ndour, Khaliphone Sall et bien d&rsquo;autres anonymes ou inconnus ont d\u00e9f\u00e9r\u00e9 devant la justice pour viol et la suite est connue. Ousmane Sonko n&rsquo;est pas plus s\u00e9n\u00e9galais qu&rsquo;eux. Du moins, \u00e0 ce que je sache. Le droit doit \u00eatre dit \u00e0 son endroit\u00a0\u00bb, a-t-il d\u00e9clar\u00e9. Maimouna Niang.<\/p>\n","protected":false},"author":1,"featured_media":6774,"comment_status":"open","ping_status":"open","sticky":false,"template":"","format":"standard","meta":{"_jetpack_memberships_contains_paid_content":false,"footnotes":""},"categories":[375,3,1],"tags":[24,2372,306],"class_list":["post-6773","post","type-post","status-publish","format-standard","has-post-thumbnail","hentry","category-actualites","category-politique","category-non-classe","tag-justice","tag-massaly","tag-sonko","entry","has-media","owp-thumbs-layout-horizontal","owp-btn-normal","owp-tabs-layout-horizontal","has-no-thumbnails","has-product-nav"],"yoast_head":"<!-- This site is optimized with the Yoast SEO plugin v25.5 - https:\/\/yoast.com\/wordpress\/plugins\/seo\/ -->\n<title>Mouhamadou &nbsp;Massaly&nbsp;: \u00ab&nbsp;Sonko doit aller r\u00e9pondre sans bruit&nbsp;\u00bb - LE PUBLIC<\/title>\n<meta name=\"robots\" content=\"index, follow, max-snippet:-1, max-image-preview:large, max-video-preview:-1\" \/>\n<link rel=\"canonical\" href=\"https:\/\/www.public.sn\/index.php\/2022\/11\/03\/mouhamadou-massaly-sonko-doit-aller-repondre-sans-bruit\/\" \/>\n<meta property=\"og:locale\" content=\"fr_FR\" \/>\n<meta property=\"og:type\" content=\"article\" \/>\n<meta property=\"og:title\" content=\"Mouhamadou &nbsp;Massaly&nbsp;: \u00ab&nbsp;Sonko doit aller r\u00e9pondre sans bruit&nbsp;\u00bb - LE PUBLIC\" \/>\n<meta property=\"og:description\" content=\"Pour Mouhamadou Lamine Massaly de l&rsquo;UNR, le leader de Pastef, \u00e0 l&rsquo;image de Sitor Ndour, Khaliphone Sall etc., doit r\u00e9pondre \u00e0 cette convocation sans tambour ni trompette. \u00a0Selon le journal Vox Populi,\u00a0\u00ab\u00a0Sonko n&rsquo;est pas un intouchable. Il est m\u00eal\u00e9, pour ne pas dire, cit\u00e9 dans un dossier de viol par la jeune fille Adji Raby Sarr. Quoi donc de plus normal pour lui que d&rsquo;aller prouver son innocence s&rsquo;il en a les preuves. Il ne sert vraiment \u00e0 rien d&rsquo;ameuter toute l&rsquo;humanit\u00e9 si on n&rsquo;a rien \u00e0 se reprocher. Et les Sitor Ndour, Khaliphone Sall et bien d&rsquo;autres anonymes ou inconnus ont d\u00e9f\u00e9r\u00e9 devant la justice pour viol et la suite est connue. Ousmane Sonko n&rsquo;est pas plus s\u00e9n\u00e9galais qu&rsquo;eux. Du moins, \u00e0 ce que je sache. Le droit doit \u00eatre dit \u00e0 son endroit\u00a0\u00bb, a-t-il d\u00e9clar\u00e9. Maimouna Niang.\" \/>\n<meta property=\"og:url\" content=\"https:\/\/www.public.sn\/index.php\/2022\/11\/03\/mouhamadou-massaly-sonko-doit-aller-repondre-sans-bruit\/\" \/>\n<meta property=\"og:site_name\" content=\"LE PUBLIC\" \/>\n<meta property=\"article:published_time\" content=\"2022-11-03T13:47:30+00:00\" \/>\n<meta property=\"article:modified_time\" content=\"2022-11-03T13:47:33+00:00\" \/>\n<meta property=\"og:image\" content=\"https:\/\/www.public.sn\/wp-content\/uploads\/2022\/11\/mass.webp\" \/>\n\t<meta property=\"og:image:width\" content=\"299\" \/>\n\t<meta property=\"og:image:height\" content=\"168\" \/>\n\t<meta property=\"og:image:type\" content=\"image\/webp\" \/>\n<meta name=\"author\" content=\"LA REDACTION\" \/>\n<meta name=\"twitter:card\" content=\"summary_large_image\" \/>\n<meta name=\"twitter:label1\" content=\"\u00c9crit par\" \/>\n\t<meta name=\"twitter:data1\" content=\"LA REDACTION\" \/>\n\t<meta name=\"twitter:label2\" content=\"Dur\u00e9e de lecture estim\u00e9e\" \/>\n\t<meta name=\"twitter:data2\" content=\"1 minute\" \/>\n<script type=\"application\/ld+json\" class=\"yoast-schema-graph\">{\"@context\":\"https:\/\/schema.org\",\"@graph\":[{\"@type\":\"Article\",\"@id\":\"https:\/\/www.public.sn\/index.php\/2022\/11\/03\/mouhamadou-massaly-sonko-doit-aller-repondre-sans-bruit\/#article\",\"isPartOf\":{\"@id\":\"https:\/\/www.public.sn\/index.php\/2022\/11\/03\/mouhamadou-massaly-sonko-doit-aller-repondre-sans-bruit\/\"},\"author\":{\"name\":\"LA REDACTION\",\"@id\":\"https:\/\/www.public.sn\/#\/schema\/person\/e3f4a11b037d4203902db148f9bc8d5a\"},\"headline\":\"Mouhamadou &nbsp;Massaly&nbsp;: \u00ab&nbsp;Sonko doit aller r\u00e9pondre sans bruit&nbsp;\u00bb\",\"datePublished\":\"2022-11-03T13:47:30+00:00\",\"dateModified\":\"2022-11-03T13:47:33+00:00\",\"mainEntityOfPage\":{\"@id\":\"https:\/\/www.public.sn\/index.php\/2022\/11\/03\/mouhamadou-massaly-sonko-doit-aller-repondre-sans-bruit\/\"},\"wordCount\":154,\"commentCount\":0,\"publisher\":{\"@id\":\"https:\/\/www.public.sn\/#organization\"},\"image\":{\"@id\":\"https:\/\/www.public.sn\/index.php\/2022\/11\/03\/mouhamadou-massaly-sonko-doit-aller-repondre-sans-bruit\/#primaryimage\"},\"thumbnailUrl\":\"https:\/\/www.public.sn\/wp-content\/uploads\/2022\/11\/mass.webp\",\"keywords\":[\"Justice\",\"Massaly\",\"sonko\"],\"articleSection\":[\"ACTUALIT\u00c9S\",\"POLITIQUE\",\"S\u00c9N\u00c9GAL\"],\"inLanguage\":\"fr-FR\",\"potentialAction\":[{\"@type\":\"CommentAction\",\"name\":\"Comment\",\"target\":[\"https:\/\/www.public.sn\/index.php\/2022\/11\/03\/mouhamadou-massaly-sonko-doit-aller-repondre-sans-bruit\/#respond\"]}]},{\"@type\":\"WebPage\",\"@id\":\"https:\/\/www.public.sn\/index.php\/2022\/11\/03\/mouhamadou-massaly-sonko-doit-aller-repondre-sans-bruit\/\",\"url\":\"https:\/\/www.public.sn\/index.php\/2022\/11\/03\/mouhamadou-massaly-sonko-doit-aller-repondre-sans-bruit\/\",\"name\":\"Mouhamadou &nbsp;Massaly&nbsp;: \u00ab&nbsp;Sonko doit aller r\u00e9pondre sans bruit&nbsp;\u00bb - LE PUBLIC\",\"isPartOf\":{\"@id\":\"https:\/\/www.public.sn\/#website\"},\"primaryImageOfPage\":{\"@id\":\"https:\/\/www.public.sn\/index.php\/2022\/11\/03\/mouhamadou-massaly-sonko-doit-aller-repondre-sans-bruit\/#primaryimage\"},\"image\":{\"@id\":\"https:\/\/www.public.sn\/index.php\/2022\/11\/03\/mouhamadou-massaly-sonko-doit-aller-repondre-sans-bruit\/#primaryimage\"},\"thumbnailUrl\":\"https:\/\/www.public.sn\/wp-content\/uploads\/2022\/11\/mass.webp\",\"datePublished\":\"2022-11-03T13:47:30+00:00\",\"dateModified\":\"2022-11-03T13:47:33+00:00\",\"breadcrumb\":{\"@id\":\"https:\/\/www.public.sn\/index.php\/2022\/11\/03\/mouhamadou-massaly-sonko-doit-aller-repondre-sans-bruit\/#breadcrumb\"},\"inLanguage\":\"fr-FR\",\"potentialAction\":[{\"@type\":\"ReadAction\",\"target\":[\"https:\/\/www.public.sn\/index.php\/2022\/11\/03\/mouhamadou-massaly-sonko-doit-aller-repondre-sans-bruit\/\"]}]},{\"@type\":\"ImageObject\",\"inLanguage\":\"fr-FR\",\"@id\":\"https:\/\/www.public.sn\/index.php\/2022\/11\/03\/mouhamadou-massaly-sonko-doit-aller-repondre-sans-bruit\/#primaryimage\",\"url\":\"https:\/\/www.public.sn\/wp-content\/uploads\/2022\/11\/mass.webp\",\"contentUrl\":\"https:\/\/www.public.sn\/wp-content\/uploads\/2022\/11\/mass.webp\",\"width\":299,\"height\":168,\"caption\":\"publicsn\"},{\"@type\":\"BreadcrumbList\",\"@id\":\"https:\/\/www.public.sn\/index.php\/2022\/11\/03\/mouhamadou-massaly-sonko-doit-aller-repondre-sans-bruit\/#breadcrumb\",\"itemListElement\":[{\"@type\":\"ListItem\",\"position\":1,\"name\":\"Accueil\",\"item\":\"https:\/\/www.public.sn\/\"},{\"@type\":\"ListItem\",\"position\":2,\"name\":\"Mouhamadou &nbsp;Massaly&nbsp;: \u00ab&nbsp;Sonko doit aller r\u00e9pondre sans bruit&nbsp;\u00bb\"}]},{\"@type\":\"WebSite\",\"@id\":\"https:\/\/www.public.sn\/#website\",\"url\":\"https:\/\/www.public.sn\/\",\"name\":\"LE PUBLIC\",\"description\":\"\",\"publisher\":{\"@id\":\"https:\/\/www.public.sn\/#organization\"},\"potentialAction\":[{\"@type\":\"SearchAction\",\"target\":{\"@type\":\"EntryPoint\",\"urlTemplate\":\"https:\/\/www.public.sn\/?s={search_term_string}\"},\"query-input\":{\"@type\":\"PropertyValueSpecification\",\"valueRequired\":true,\"valueName\":\"search_term_string\"}}],\"inLanguage\":\"fr-FR\"},{\"@type\":\"Organization\",\"@id\":\"https:\/\/www.public.sn\/#organization\",\"name\":\"LE PUBLIC\",\"url\":\"https:\/\/www.public.sn\/\",\"logo\":{\"@type\":\"ImageObject\",\"inLanguage\":\"fr-FR\",\"@id\":\"https:\/\/www.public.sn\/#\/schema\/logo\/image\/\",\"url\":\"https:\/\/www.public.sn\/wp-content\/uploads\/2024\/05\/cropped-LOGO-PUBLIC.SN_.png\",\"contentUrl\":\"https:\/\/www.public.sn\/wp-content\/uploads\/2024\/05\/cropped-LOGO-PUBLIC.SN_.png\",\"width\":682,\"height\":192,\"caption\":\"LE PUBLIC\"},\"image\":{\"@id\":\"https:\/\/www.public.sn\/#\/schema\/logo\/image\/\"}},{\"@type\":\"Person\",\"@id\":\"https:\/\/www.public.sn\/#\/schema\/person\/e3f4a11b037d4203902db148f9bc8d5a\",\"name\":\"LA REDACTION\",\"image\":{\"@type\":\"ImageObject\",\"inLanguage\":\"fr-FR\",\"@id\":\"https:\/\/www.public.sn\/#\/schema\/person\/image\/\",\"url\":\"https:\/\/secure.gravatar.com\/avatar\/d6c030db45db2883c075085c5d6c6258654a801a93766b49af0b82d4f454e2a5?s=96&d=mm&r=g\",\"contentUrl\":\"https:\/\/secure.gravatar.com\/avatar\/d6c030db45db2883c075085c5d6c6258654a801a93766b49af0b82d4f454e2a5?s=96&d=mm&r=g\",\"caption\":\"LA REDACTION\"},\"sameAs\":[\"http:\/\/www.public.sn\"],\"url\":\"https:\/\/www.public.sn\/index.php\/author\/admin7324\/\"}]}<\/script>\n<!-- \/ Yoast SEO plugin. -->","yoast_head_json":{"title":"Mouhamadou &nbsp;Massaly&nbsp;: \u00ab&nbsp;Sonko doit aller r\u00e9pondre sans bruit&nbsp;\u00bb - LE PUBLIC","robots":{"index":"index","follow":"follow","max-snippet":"max-snippet:-1","max-image-preview":"max-image-preview:large","max-video-preview":"max-video-preview:-1"},"canonical":"https:\/\/www.public.sn\/index.php\/2022\/11\/03\/mouhamadou-massaly-sonko-doit-aller-repondre-sans-bruit\/","og_locale":"fr_FR","og_type":"article","og_title":"Mouhamadou &nbsp;Massaly&nbsp;: \u00ab&nbsp;Sonko doit aller r\u00e9pondre sans bruit&nbsp;\u00bb - LE PUBLIC","og_description":"Pour Mouhamadou Lamine Massaly de l&rsquo;UNR, le leader de Pastef, \u00e0 l&rsquo;image de Sitor Ndour, Khaliphone Sall etc., doit r\u00e9pondre \u00e0 cette convocation sans tambour ni trompette. \u00a0Selon le journal Vox Populi,\u00a0\u00ab\u00a0Sonko n&rsquo;est pas un intouchable. Il est m\u00eal\u00e9, pour ne pas dire, cit\u00e9 dans un dossier de viol par la jeune fille Adji Raby Sarr. Quoi donc de plus normal pour lui que d&rsquo;aller prouver son innocence s&rsquo;il en a les preuves. Il ne sert vraiment \u00e0 rien d&rsquo;ameuter toute l&rsquo;humanit\u00e9 si on n&rsquo;a rien \u00e0 se reprocher. Et les Sitor Ndour, Khaliphone Sall et bien d&rsquo;autres anonymes ou inconnus ont d\u00e9f\u00e9r\u00e9 devant la justice pour viol et la suite est connue. Ousmane Sonko n&rsquo;est pas plus s\u00e9n\u00e9galais qu&rsquo;eux. Du moins, \u00e0 ce que je sache. Le droit doit \u00eatre dit \u00e0 son endroit\u00a0\u00bb, a-t-il d\u00e9clar\u00e9. Maimouna Niang.","og_url":"https:\/\/www.public.sn\/index.php\/2022\/11\/03\/mouhamadou-massaly-sonko-doit-aller-repondre-sans-bruit\/","og_site_name":"LE PUBLIC","article_published_time":"2022-11-03T13:47:30+00:00","article_modified_time":"2022-11-03T13:47:33+00:00","og_image":[{"width":299,"height":168,"url":"https:\/\/www.public.sn\/wp-content\/uploads\/2022\/11\/mass.webp","type":"image\/webp"}],"author":"LA REDACTION","twitter_card":"summary_large_image","twitter_misc":{"\u00c9crit par":"LA REDACTION","Dur\u00e9e de lecture estim\u00e9e":"1 minute"},"schema":{"@context":"https:\/\/schema.org","@graph":[{"@type":"Article","@id":"https:\/\/www.public.sn\/index.php\/2022\/11\/03\/mouhamadou-massaly-sonko-doit-aller-repondre-sans-bruit\/#article","isPartOf":{"@id":"https:\/\/www.public.sn\/index.php\/2022\/11\/03\/mouhamadou-massaly-sonko-doit-aller-repondre-sans-bruit\/"},"author":{"name":"LA REDACTION","@id":"https:\/\/www.public.sn\/#\/schema\/person\/e3f4a11b037d4203902db148f9bc8d5a"},"headline":"Mouhamadou &nbsp;Massaly&nbsp;: \u00ab&nbsp;Sonko doit aller r\u00e9pondre sans bruit&nbsp;\u00bb","datePublished":"2022-11-03T13:47:30+00:00","dateModified":"2022-11-03T13:47:33+00:00","mainEntityOfPage":{"@id":"https:\/\/www.public.sn\/index.php\/2022\/11\/03\/mouhamadou-massaly-sonko-doit-aller-repondre-sans-bruit\/"},"wordCount":154,"commentCount":0,"publisher":{"@id":"https:\/\/www.public.sn\/#organization"},"image":{"@id":"https:\/\/www.public.sn\/index.php\/2022\/11\/03\/mouhamadou-massaly-sonko-doit-aller-repondre-sans-bruit\/#primaryimage"},"thumbnailUrl":"https:\/\/www.public.sn\/wp-content\/uploads\/2022\/11\/mass.webp","keywords":["Justice","Massaly","sonko"],"articleSection":["ACTUALIT\u00c9S","POLITIQUE","S\u00c9N\u00c9GAL"],"inLanguage":"fr-FR","potentialAction":[{"@type":"CommentAction","name":"Comment","target":["https:\/\/www.public.sn\/index.php\/2022\/11\/03\/mouhamadou-massaly-sonko-doit-aller-repondre-sans-bruit\/#respond"]}]},{"@type":"WebPage","@id":"https:\/\/www.public.sn\/index.php\/2022\/11\/03\/mouhamadou-massaly-sonko-doit-aller-repondre-sans-bruit\/","url":"https:\/\/www.public.sn\/index.php\/2022\/11\/03\/mouhamadou-massaly-sonko-doit-aller-repondre-sans-bruit\/","name":"Mouhamadou &nbsp;Massaly&nbsp;: \u00ab&nbsp;Sonko doit aller r\u00e9pondre sans bruit&nbsp;\u00bb - LE PUBLIC","isPartOf":{"@id":"https:\/\/www.public.sn\/#website"},"primaryImageOfPage":{"@id":"https:\/\/www.public.sn\/index.php\/2022\/11\/03\/mouhamadou-massaly-sonko-doit-aller-repondre-sans-bruit\/#primaryimage"},"image":{"@id":"https:\/\/www.public.sn\/index.php\/2022\/11\/03\/mouhamadou-massaly-sonko-doit-aller-repondre-sans-bruit\/#primaryimage"},"thumbnailUrl":"https:\/\/www.public.sn\/wp-content\/uploads\/2022\/11\/mass.webp","datePublished":"2022-11-03T13:47:30+00:00","dateModified":"2022-11-03T13:47:33+00:00","breadcrumb":{"@id":"https:\/\/www.public.sn\/index.php\/2022\/11\/03\/mouhamadou-massaly-sonko-doit-aller-repondre-sans-bruit\/#breadcrumb"},"inLanguage":"fr-FR","potentialAction":[{"@type":"ReadAction","target":["https:\/\/www.public.sn\/index.php\/2022\/11\/03\/mouhamadou-massaly-sonko-doit-aller-repondre-sans-bruit\/"]}]},{"@type":"ImageObject","inLanguage":"fr-FR","@id":"https:\/\/www.public.sn\/index.php\/2022\/11\/03\/mouhamadou-massaly-sonko-doit-aller-repondre-sans-bruit\/#primaryimage","url":"https:\/\/www.public.sn\/wp-content\/uploads\/2022\/11\/mass.webp","contentUrl":"https:\/\/www.public.sn\/wp-content\/uploads\/2022\/11\/mass.webp","width":299,"height":168,"caption":"publicsn"},{"@type":"BreadcrumbList","@id":"https:\/\/www.public.sn\/index.php\/2022\/11\/03\/mouhamadou-massaly-sonko-doit-aller-repondre-sans-bruit\/#breadcrumb","itemListElement":[{"@type":"ListItem","position":1,"name":"Accueil","item":"https:\/\/www.public.sn\/"},{"@type":"ListItem","position":2,"name":"Mouhamadou &nbsp;Massaly&nbsp;: \u00ab&nbsp;Sonko doit aller r\u00e9pondre sans bruit&nbsp;\u00bb"}]},{"@type":"WebSite","@id":"https:\/\/www.public.sn\/#website","url":"https:\/\/www.public.sn\/","name":"LE PUBLIC","description":"","publisher":{"@id":"https:\/\/www.public.sn\/#organization"},"potentialAction":[{"@type":"SearchAction","target":{"@type":"EntryPoint","urlTemplate":"https:\/\/www.public.sn\/?s={search_term_string}"},"query-input":{"@type":"PropertyValueSpecification","valueRequired":true,"valueName":"search_term_string"}}],"inLanguage":"fr-FR"},{"@type":"Organization","@id":"https:\/\/www.public.sn\/#organization","name":"LE PUBLIC","url":"https:\/\/www.public.sn\/","logo":{"@type":"ImageObject","inLanguage":"fr-FR","@id":"https:\/\/www.public.sn\/#\/schema\/logo\/image\/","url":"https:\/\/www.public.sn\/wp-content\/uploads\/2024\/05\/cropped-LOGO-PUBLIC.SN_.png","contentUrl":"https:\/\/www.public.sn\/wp-content\/uploads\/2024\/05\/cropped-LOGO-PUBLIC.SN_.png","width":682,"height":192,"caption":"LE PUBLIC"},"image":{"@id":"https:\/\/www.public.sn\/#\/schema\/logo\/image\/"}},{"@type":"Person","@id":"https:\/\/www.public.sn\/#\/schema\/person\/e3f4a11b037d4203902db148f9bc8d5a","name":"LA REDACTION","image":{"@type":"ImageObject","inLanguage":"fr-FR","@id":"https:\/\/www.public.sn\/#\/schema\/person\/image\/","url":"https:\/\/secure.gravatar.com\/avatar\/d6c030db45db2883c075085c5d6c6258654a801a93766b49af0b82d4f454e2a5?s=96&d=mm&r=g","contentUrl":"https:\/\/secure.gravatar.com\/avatar\/d6c030db45db2883c075085c5d6c6258654a801a93766b49af0b82d4f454e2a5?s=96&d=mm&r=g","caption":"LA REDACTION"},"sameAs":["http:\/\/www.public.sn"],"url":"https:\/\/www.public.sn\/index.php\/author\/admin7324\/"}]}},"jetpack_featured_media_url":"https:\/\/www.public.sn\/wp-content\/uploads\/2022\/11\/mass.webp","jetpack_sharing_enabled":true,"_links":{"self":[{"href":"https:\/\/www.public.sn\/index.php\/wp-json\/wp\/v2\/posts\/6773","targetHints":{"allow":["GET"]}}],"collection":[{"href":"https:\/\/www.public.sn\/index.php\/wp-json\/wp\/v2\/posts"}],"about":[{"href":"https:\/\/www.public.sn\/index.php\/wp-json\/wp\/v2\/types\/post"}],"author":[{"embeddable":true,"href":"https:\/\/www.public.sn\/index.php\/wp-json\/wp\/v2\/users\/1"}],"replies":[{"embeddable":true,"href":"https:\/\/www.public.sn\/index.php\/wp-json\/wp\/v2\/comments?post=6773"}],"version-history":[{"count":2,"href":"https:\/\/www.public.sn\/index.php\/wp-json\/wp\/v2\/posts\/6773\/revisions"}],"predecessor-version":[{"id":6776,"href":"https:\/\/www.public.sn\/index.php\/wp-json\/wp\/v2\/posts\/6773\/revisions\/6776"}],"wp:featuredmedia":[{"embeddable":true,"href":"https:\/\/www.public.sn\/index.php\/wp-json\/wp\/v2\/media\/6774"}],"wp:attachment":[{"href":"https:\/\/www.public.sn\/index.php\/wp-json\/wp\/v2\/media?parent=6773"}],"wp:term":[{"taxonomy":"category","embeddable":true,"href":"https:\/\/www.public.sn\/index.php\/wp-json\/wp\/v2\/categories?post=6773"},{"taxonomy":"post_tag","embeddable":true,"href":"https:\/\/www.public.sn\/index.php\/wp-json\/wp\/v2\/tags?post=6773"}],"curies":[{"name":"wp","href":"https:\/\/api.w.org\/{rel}","templated":true}]}}