{"id":6795,"date":"2022-11-03T15:07:59","date_gmt":"2022-11-03T15:07:59","guid":{"rendered":"https:\/\/www.public.sn\/?p=6795"},"modified":"2022-11-03T15:11:59","modified_gmt":"2022-11-03T15:11:59","slug":"urgent-six-gardes-de-corps-dousmane-sonko-arretes","status":"publish","type":"post","link":"https:\/\/www.public.sn\/index.php\/2022\/11\/03\/urgent-six-gardes-de-corps-dousmane-sonko-arretes\/","title":{"rendered":"Urgent\u00a0: Six gardes de corps d\u2019Ousmane Sonko arr\u00eat\u00e9s."},"content":{"rendered":"\n<p><\/p>\n\n\n\n<p>Les membres de la s\u00e9curit\u00e9 du leader du Pastef Ousmane Sonko ont \u00e9t\u00e9 arr\u00eat\u00e9s. Ces derniers ont \u00e9t\u00e9 impliqu\u00e9s&nbsp; dans des affrontements survenus \u00e0 Thicky dans la commune de Diass.<\/p><div class=\"publi-paragraphe1\" style=\"margin-top: 10px;margin-bottom: 10px;margin-left: auto;margin-right: auto;text-align: center;\" id=\"publi-2211178155\"><div class=\"publi-adlabel\">Publicit\u00e9<\/div><script async src=\"\/\/pagead2.googlesyndication.com\/pagead\/js\/adsbygoogle.js?client=ca-pub-4089586018074219\" crossorigin=\"anonymous\"><\/script><ins class=\"adsbygoogle\" style=\"display:block;\" data-ad-client=\"ca-pub-4089586018074219\" \ndata-ad-slot=\"2087940154\" \ndata-ad-format=\"auto\"><\/ins>\n<script> \n(adsbygoogle = window.adsbygoogle || []).push({}); \n<\/script>\n<\/div>\n\n\n\n<p><\/p>\n\n\n\n<p>En effet, c est dans le cadre du \u00ab\u00a0N\u00e9m\u00e9kou Tour\u00a0\u00bb de Ousmane Sonko que des affrontements ont \u00e9clat\u00e9s entres les jeunes et les gardes rapproch\u00e9es o\u00f9\u00a0 il y a eu plusieurs bless\u00e9s au c\u00f4t\u00e9 de la population. A rappeler \u00e9galement que la responsable de l\u2019APR de Tchiky Fatou Dione avait affirm\u00e9 qu\u2019elle allait porter plainte contre les agissements des hommes de Ousmane Sonko et contre lui-m\u00eame apr\u00e8s le saccage de sa maison familiale\u00a0. Publicsn Tv \u00a0va y revenir pour plus de d\u00e9tails.<\/p>\n\n\n\n<p>Maimouna Niang.<\/p>\n<div class=\"publi-apres-le-contenu\" style=\"margin-top: 10px;margin-bottom: 10px;margin-left: auto;margin-right: auto;text-align: center;\" id=\"publi-3925706079\"><div class=\"publi-adlabel\">Publicit\u00e9<\/div><script async src=\"\/\/pagead2.googlesyndication.com\/pagead\/js\/adsbygoogle.js?client=ca-pub-4089586018074219\" crossorigin=\"anonymous\"><\/script><ins class=\"adsbygoogle\" style=\"display:block;\" data-ad-client=\"ca-pub-4089586018074219\" \ndata-ad-slot=\"2087940154\" \ndata-ad-format=\"auto\"><\/ins>\n<script> \n(adsbygoogle = window.adsbygoogle || []).push({}); \n<\/script>\n<\/div>","protected":false},"excerpt":{"rendered":"<p>Les membres de la s\u00e9curit\u00e9 du leader du Pastef Ousmane Sonko ont \u00e9t\u00e9 arr\u00eat\u00e9s. Ces derniers ont \u00e9t\u00e9 impliqu\u00e9s&nbsp; dans des affrontements survenus \u00e0 Thicky dans la commune de Diass. En effet, c est dans le cadre du \u00ab\u00a0N\u00e9m\u00e9kou Tour\u00a0\u00bb de Ousmane Sonko que des affrontements ont \u00e9clat\u00e9s entres les jeunes et les gardes rapproch\u00e9es o\u00f9\u00a0 il y a eu plusieurs bless\u00e9s au c\u00f4t\u00e9 de la population. A rappeler \u00e9galement que la responsable de l\u2019APR de Tchiky Fatou Dione avait affirm\u00e9 qu\u2019elle allait porter plainte contre les agissements des hommes de Ousmane Sonko et contre lui-m\u00eame apr\u00e8s le saccage de sa maison familiale\u00a0. Publicsn Tv \u00a0va y revenir pour plus de d\u00e9tails. Maimouna Niang.<\/p>\n","protected":false},"author":1,"featured_media":6797,"comment_status":"open","ping_status":"open","sticky":false,"template":"","format":"standard","meta":{"_jetpack_memberships_contains_paid_content":false,"footnotes":""},"categories":[375,1,4],"tags":[2381,2380,306],"class_list":["post-6795","post","type-post","status-publish","format-standard","has-post-thumbnail","hentry","category-actualites","category-non-classe","category-societe","tag-arretes-2","tag-garde-de-corps","tag-sonko","entry","has-media","owp-thumbs-layout-horizontal","owp-btn-normal","owp-tabs-layout-horizontal","has-no-thumbnails","has-product-nav"],"yoast_head":"<!-- This site is optimized with the Yoast SEO plugin v25.5 - https:\/\/yoast.com\/wordpress\/plugins\/seo\/ -->\n<title>Urgent\u00a0: Six gardes de corps d\u2019Ousmane Sonko arr\u00eat\u00e9s. - LE PUBLIC<\/title>\n<meta name=\"robots\" content=\"index, follow, max-snippet:-1, max-image-preview:large, max-video-preview:-1\" \/>\n<link rel=\"canonical\" href=\"https:\/\/www.public.sn\/index.php\/2022\/11\/03\/urgent-six-gardes-de-corps-dousmane-sonko-arretes\/\" \/>\n<meta property=\"og:locale\" content=\"fr_FR\" \/>\n<meta property=\"og:type\" content=\"article\" \/>\n<meta property=\"og:title\" content=\"Urgent\u00a0: Six gardes de corps d\u2019Ousmane Sonko arr\u00eat\u00e9s. - LE PUBLIC\" \/>\n<meta property=\"og:description\" content=\"Les membres de la s\u00e9curit\u00e9 du leader du Pastef Ousmane Sonko ont \u00e9t\u00e9 arr\u00eat\u00e9s. Ces derniers ont \u00e9t\u00e9 impliqu\u00e9s&nbsp; dans des affrontements survenus \u00e0 Thicky dans la commune de Diass. En effet, c est dans le cadre du \u00ab\u00a0N\u00e9m\u00e9kou Tour\u00a0\u00bb de Ousmane Sonko que des affrontements ont \u00e9clat\u00e9s entres les jeunes et les gardes rapproch\u00e9es o\u00f9\u00a0 il y a eu plusieurs bless\u00e9s au c\u00f4t\u00e9 de la population. A rappeler \u00e9galement que la responsable de l\u2019APR de Tchiky Fatou Dione avait affirm\u00e9 qu\u2019elle allait porter plainte contre les agissements des hommes de Ousmane Sonko et contre lui-m\u00eame apr\u00e8s le saccage de sa maison familiale\u00a0. Publicsn Tv \u00a0va y revenir pour plus de d\u00e9tails. Maimouna Niang.\" \/>\n<meta property=\"og:url\" content=\"https:\/\/www.public.sn\/index.php\/2022\/11\/03\/urgent-six-gardes-de-corps-dousmane-sonko-arretes\/\" \/>\n<meta property=\"og:site_name\" content=\"LE PUBLIC\" \/>\n<meta property=\"article:published_time\" content=\"2022-11-03T15:07:59+00:00\" \/>\n<meta property=\"article:modified_time\" content=\"2022-11-03T15:11:59+00:00\" \/>\n<meta property=\"og:image\" content=\"https:\/\/www.public.sn\/wp-content\/uploads\/2022\/11\/garde.jpeg\" \/>\n\t<meta property=\"og:image:width\" content=\"550\" \/>\n\t<meta property=\"og:image:height\" content=\"400\" \/>\n\t<meta property=\"og:image:type\" content=\"image\/jpeg\" \/>\n<meta name=\"author\" content=\"LA REDACTION\" \/>\n<meta name=\"twitter:card\" content=\"summary_large_image\" \/>\n<meta name=\"twitter:label1\" content=\"\u00c9crit par\" \/>\n\t<meta name=\"twitter:data1\" content=\"LA REDACTION\" \/>\n\t<meta name=\"twitter:label2\" content=\"Dur\u00e9e de lecture estim\u00e9e\" \/>\n\t<meta name=\"twitter:data2\" content=\"1 minute\" \/>\n<script type=\"application\/ld+json\" class=\"yoast-schema-graph\">{\"@context\":\"https:\/\/schema.org\",\"@graph\":[{\"@type\":\"Article\",\"@id\":\"https:\/\/www.public.sn\/index.php\/2022\/11\/03\/urgent-six-gardes-de-corps-dousmane-sonko-arretes\/#article\",\"isPartOf\":{\"@id\":\"https:\/\/www.public.sn\/index.php\/2022\/11\/03\/urgent-six-gardes-de-corps-dousmane-sonko-arretes\/\"},\"author\":{\"name\":\"LA REDACTION\",\"@id\":\"https:\/\/www.public.sn\/#\/schema\/person\/e3f4a11b037d4203902db148f9bc8d5a\"},\"headline\":\"Urgent\u00a0: Six gardes de corps d\u2019Ousmane Sonko arr\u00eat\u00e9s.\",\"datePublished\":\"2022-11-03T15:07:59+00:00\",\"dateModified\":\"2022-11-03T15:11:59+00:00\",\"mainEntityOfPage\":{\"@id\":\"https:\/\/www.public.sn\/index.php\/2022\/11\/03\/urgent-six-gardes-de-corps-dousmane-sonko-arretes\/\"},\"wordCount\":140,\"commentCount\":0,\"publisher\":{\"@id\":\"https:\/\/www.public.sn\/#organization\"},\"image\":{\"@id\":\"https:\/\/www.public.sn\/index.php\/2022\/11\/03\/urgent-six-gardes-de-corps-dousmane-sonko-arretes\/#primaryimage\"},\"thumbnailUrl\":\"https:\/\/www.public.sn\/wp-content\/uploads\/2022\/11\/garde.jpeg\",\"keywords\":[\"arret\u00e9s\",\"garde de corps\",\"sonko\"],\"articleSection\":[\"ACTUALIT\u00c9S\",\"S\u00c9N\u00c9GAL\",\"SOCIETE\"],\"inLanguage\":\"fr-FR\",\"potentialAction\":[{\"@type\":\"CommentAction\",\"name\":\"Comment\",\"target\":[\"https:\/\/www.public.sn\/index.php\/2022\/11\/03\/urgent-six-gardes-de-corps-dousmane-sonko-arretes\/#respond\"]}]},{\"@type\":\"WebPage\",\"@id\":\"https:\/\/www.public.sn\/index.php\/2022\/11\/03\/urgent-six-gardes-de-corps-dousmane-sonko-arretes\/\",\"url\":\"https:\/\/www.public.sn\/index.php\/2022\/11\/03\/urgent-six-gardes-de-corps-dousmane-sonko-arretes\/\",\"name\":\"Urgent\u00a0: Six gardes de corps d\u2019Ousmane Sonko arr\u00eat\u00e9s. - LE PUBLIC\",\"isPartOf\":{\"@id\":\"https:\/\/www.public.sn\/#website\"},\"primaryImageOfPage\":{\"@id\":\"https:\/\/www.public.sn\/index.php\/2022\/11\/03\/urgent-six-gardes-de-corps-dousmane-sonko-arretes\/#primaryimage\"},\"image\":{\"@id\":\"https:\/\/www.public.sn\/index.php\/2022\/11\/03\/urgent-six-gardes-de-corps-dousmane-sonko-arretes\/#primaryimage\"},\"thumbnailUrl\":\"https:\/\/www.public.sn\/wp-content\/uploads\/2022\/11\/garde.jpeg\",\"datePublished\":\"2022-11-03T15:07:59+00:00\",\"dateModified\":\"2022-11-03T15:11:59+00:00\",\"breadcrumb\":{\"@id\":\"https:\/\/www.public.sn\/index.php\/2022\/11\/03\/urgent-six-gardes-de-corps-dousmane-sonko-arretes\/#breadcrumb\"},\"inLanguage\":\"fr-FR\",\"potentialAction\":[{\"@type\":\"ReadAction\",\"target\":[\"https:\/\/www.public.sn\/index.php\/2022\/11\/03\/urgent-six-gardes-de-corps-dousmane-sonko-arretes\/\"]}]},{\"@type\":\"ImageObject\",\"inLanguage\":\"fr-FR\",\"@id\":\"https:\/\/www.public.sn\/index.php\/2022\/11\/03\/urgent-six-gardes-de-corps-dousmane-sonko-arretes\/#primaryimage\",\"url\":\"https:\/\/www.public.sn\/wp-content\/uploads\/2022\/11\/garde.jpeg\",\"contentUrl\":\"https:\/\/www.public.sn\/wp-content\/uploads\/2022\/11\/garde.jpeg\",\"width\":550,\"height\":400,\"caption\":\"publicsn\"},{\"@type\":\"BreadcrumbList\",\"@id\":\"https:\/\/www.public.sn\/index.php\/2022\/11\/03\/urgent-six-gardes-de-corps-dousmane-sonko-arretes\/#breadcrumb\",\"itemListElement\":[{\"@type\":\"ListItem\",\"position\":1,\"name\":\"Accueil\",\"item\":\"https:\/\/www.public.sn\/\"},{\"@type\":\"ListItem\",\"position\":2,\"name\":\"Urgent\u00a0: Six gardes de corps d\u2019Ousmane Sonko arr\u00eat\u00e9s.\"}]},{\"@type\":\"WebSite\",\"@id\":\"https:\/\/www.public.sn\/#website\",\"url\":\"https:\/\/www.public.sn\/\",\"name\":\"LE PUBLIC\",\"description\":\"\",\"publisher\":{\"@id\":\"https:\/\/www.public.sn\/#organization\"},\"potentialAction\":[{\"@type\":\"SearchAction\",\"target\":{\"@type\":\"EntryPoint\",\"urlTemplate\":\"https:\/\/www.public.sn\/?s={search_term_string}\"},\"query-input\":{\"@type\":\"PropertyValueSpecification\",\"valueRequired\":true,\"valueName\":\"search_term_string\"}}],\"inLanguage\":\"fr-FR\"},{\"@type\":\"Organization\",\"@id\":\"https:\/\/www.public.sn\/#organization\",\"name\":\"LE PUBLIC\",\"url\":\"https:\/\/www.public.sn\/\",\"logo\":{\"@type\":\"ImageObject\",\"inLanguage\":\"fr-FR\",\"@id\":\"https:\/\/www.public.sn\/#\/schema\/logo\/image\/\",\"url\":\"https:\/\/www.public.sn\/wp-content\/uploads\/2024\/05\/cropped-LOGO-PUBLIC.SN_.png\",\"contentUrl\":\"https:\/\/www.public.sn\/wp-content\/uploads\/2024\/05\/cropped-LOGO-PUBLIC.SN_.png\",\"width\":682,\"height\":192,\"caption\":\"LE PUBLIC\"},\"image\":{\"@id\":\"https:\/\/www.public.sn\/#\/schema\/logo\/image\/\"}},{\"@type\":\"Person\",\"@id\":\"https:\/\/www.public.sn\/#\/schema\/person\/e3f4a11b037d4203902db148f9bc8d5a\",\"name\":\"LA REDACTION\",\"image\":{\"@type\":\"ImageObject\",\"inLanguage\":\"fr-FR\",\"@id\":\"https:\/\/www.public.sn\/#\/schema\/person\/image\/\",\"url\":\"https:\/\/secure.gravatar.com\/avatar\/d6c030db45db2883c075085c5d6c6258654a801a93766b49af0b82d4f454e2a5?s=96&d=mm&r=g\",\"contentUrl\":\"https:\/\/secure.gravatar.com\/avatar\/d6c030db45db2883c075085c5d6c6258654a801a93766b49af0b82d4f454e2a5?s=96&d=mm&r=g\",\"caption\":\"LA REDACTION\"},\"sameAs\":[\"http:\/\/www.public.sn\"],\"url\":\"https:\/\/www.public.sn\/index.php\/author\/admin7324\/\"}]}<\/script>\n<!-- \/ Yoast SEO plugin. -->","yoast_head_json":{"title":"Urgent\u00a0: Six gardes de corps d\u2019Ousmane Sonko arr\u00eat\u00e9s. - LE PUBLIC","robots":{"index":"index","follow":"follow","max-snippet":"max-snippet:-1","max-image-preview":"max-image-preview:large","max-video-preview":"max-video-preview:-1"},"canonical":"https:\/\/www.public.sn\/index.php\/2022\/11\/03\/urgent-six-gardes-de-corps-dousmane-sonko-arretes\/","og_locale":"fr_FR","og_type":"article","og_title":"Urgent\u00a0: Six gardes de corps d\u2019Ousmane Sonko arr\u00eat\u00e9s. - LE PUBLIC","og_description":"Les membres de la s\u00e9curit\u00e9 du leader du Pastef Ousmane Sonko ont \u00e9t\u00e9 arr\u00eat\u00e9s. Ces derniers ont \u00e9t\u00e9 impliqu\u00e9s&nbsp; dans des affrontements survenus \u00e0 Thicky dans la commune de Diass. En effet, c est dans le cadre du \u00ab\u00a0N\u00e9m\u00e9kou Tour\u00a0\u00bb de Ousmane Sonko que des affrontements ont \u00e9clat\u00e9s entres les jeunes et les gardes rapproch\u00e9es o\u00f9\u00a0 il y a eu plusieurs bless\u00e9s au c\u00f4t\u00e9 de la population. A rappeler \u00e9galement que la responsable de l\u2019APR de Tchiky Fatou Dione avait affirm\u00e9 qu\u2019elle allait porter plainte contre les agissements des hommes de Ousmane Sonko et contre lui-m\u00eame apr\u00e8s le saccage de sa maison familiale\u00a0. Publicsn Tv \u00a0va y revenir pour plus de d\u00e9tails. Maimouna Niang.","og_url":"https:\/\/www.public.sn\/index.php\/2022\/11\/03\/urgent-six-gardes-de-corps-dousmane-sonko-arretes\/","og_site_name":"LE PUBLIC","article_published_time":"2022-11-03T15:07:59+00:00","article_modified_time":"2022-11-03T15:11:59+00:00","og_image":[{"width":550,"height":400,"url":"https:\/\/www.public.sn\/wp-content\/uploads\/2022\/11\/garde.jpeg","type":"image\/jpeg"}],"author":"LA REDACTION","twitter_card":"summary_large_image","twitter_misc":{"\u00c9crit par":"LA REDACTION","Dur\u00e9e de lecture estim\u00e9e":"1 minute"},"schema":{"@context":"https:\/\/schema.org","@graph":[{"@type":"Article","@id":"https:\/\/www.public.sn\/index.php\/2022\/11\/03\/urgent-six-gardes-de-corps-dousmane-sonko-arretes\/#article","isPartOf":{"@id":"https:\/\/www.public.sn\/index.php\/2022\/11\/03\/urgent-six-gardes-de-corps-dousmane-sonko-arretes\/"},"author":{"name":"LA REDACTION","@id":"https:\/\/www.public.sn\/#\/schema\/person\/e3f4a11b037d4203902db148f9bc8d5a"},"headline":"Urgent\u00a0: Six gardes de corps d\u2019Ousmane Sonko arr\u00eat\u00e9s.","datePublished":"2022-11-03T15:07:59+00:00","dateModified":"2022-11-03T15:11:59+00:00","mainEntityOfPage":{"@id":"https:\/\/www.public.sn\/index.php\/2022\/11\/03\/urgent-six-gardes-de-corps-dousmane-sonko-arretes\/"},"wordCount":140,"commentCount":0,"publisher":{"@id":"https:\/\/www.public.sn\/#organization"},"image":{"@id":"https:\/\/www.public.sn\/index.php\/2022\/11\/03\/urgent-six-gardes-de-corps-dousmane-sonko-arretes\/#primaryimage"},"thumbnailUrl":"https:\/\/www.public.sn\/wp-content\/uploads\/2022\/11\/garde.jpeg","keywords":["arret\u00e9s","garde de corps","sonko"],"articleSection":["ACTUALIT\u00c9S","S\u00c9N\u00c9GAL","SOCIETE"],"inLanguage":"fr-FR","potentialAction":[{"@type":"CommentAction","name":"Comment","target":["https:\/\/www.public.sn\/index.php\/2022\/11\/03\/urgent-six-gardes-de-corps-dousmane-sonko-arretes\/#respond"]}]},{"@type":"WebPage","@id":"https:\/\/www.public.sn\/index.php\/2022\/11\/03\/urgent-six-gardes-de-corps-dousmane-sonko-arretes\/","url":"https:\/\/www.public.sn\/index.php\/2022\/11\/03\/urgent-six-gardes-de-corps-dousmane-sonko-arretes\/","name":"Urgent\u00a0: Six gardes de corps d\u2019Ousmane Sonko arr\u00eat\u00e9s. - LE PUBLIC","isPartOf":{"@id":"https:\/\/www.public.sn\/#website"},"primaryImageOfPage":{"@id":"https:\/\/www.public.sn\/index.php\/2022\/11\/03\/urgent-six-gardes-de-corps-dousmane-sonko-arretes\/#primaryimage"},"image":{"@id":"https:\/\/www.public.sn\/index.php\/2022\/11\/03\/urgent-six-gardes-de-corps-dousmane-sonko-arretes\/#primaryimage"},"thumbnailUrl":"https:\/\/www.public.sn\/wp-content\/uploads\/2022\/11\/garde.jpeg","datePublished":"2022-11-03T15:07:59+00:00","dateModified":"2022-11-03T15:11:59+00:00","breadcrumb":{"@id":"https:\/\/www.public.sn\/index.php\/2022\/11\/03\/urgent-six-gardes-de-corps-dousmane-sonko-arretes\/#breadcrumb"},"inLanguage":"fr-FR","potentialAction":[{"@type":"ReadAction","target":["https:\/\/www.public.sn\/index.php\/2022\/11\/03\/urgent-six-gardes-de-corps-dousmane-sonko-arretes\/"]}]},{"@type":"ImageObject","inLanguage":"fr-FR","@id":"https:\/\/www.public.sn\/index.php\/2022\/11\/03\/urgent-six-gardes-de-corps-dousmane-sonko-arretes\/#primaryimage","url":"https:\/\/www.public.sn\/wp-content\/uploads\/2022\/11\/garde.jpeg","contentUrl":"https:\/\/www.public.sn\/wp-content\/uploads\/2022\/11\/garde.jpeg","width":550,"height":400,"caption":"publicsn"},{"@type":"BreadcrumbList","@id":"https:\/\/www.public.sn\/index.php\/2022\/11\/03\/urgent-six-gardes-de-corps-dousmane-sonko-arretes\/#breadcrumb","itemListElement":[{"@type":"ListItem","position":1,"name":"Accueil","item":"https:\/\/www.public.sn\/"},{"@type":"ListItem","position":2,"name":"Urgent\u00a0: Six gardes de corps d\u2019Ousmane Sonko arr\u00eat\u00e9s."}]},{"@type":"WebSite","@id":"https:\/\/www.public.sn\/#website","url":"https:\/\/www.public.sn\/","name":"LE PUBLIC","description":"","publisher":{"@id":"https:\/\/www.public.sn\/#organization"},"potentialAction":[{"@type":"SearchAction","target":{"@type":"EntryPoint","urlTemplate":"https:\/\/www.public.sn\/?s={search_term_string}"},"query-input":{"@type":"PropertyValueSpecification","valueRequired":true,"valueName":"search_term_string"}}],"inLanguage":"fr-FR"},{"@type":"Organization","@id":"https:\/\/www.public.sn\/#organization","name":"LE PUBLIC","url":"https:\/\/www.public.sn\/","logo":{"@type":"ImageObject","inLanguage":"fr-FR","@id":"https:\/\/www.public.sn\/#\/schema\/logo\/image\/","url":"https:\/\/www.public.sn\/wp-content\/uploads\/2024\/05\/cropped-LOGO-PUBLIC.SN_.png","contentUrl":"https:\/\/www.public.sn\/wp-content\/uploads\/2024\/05\/cropped-LOGO-PUBLIC.SN_.png","width":682,"height":192,"caption":"LE PUBLIC"},"image":{"@id":"https:\/\/www.public.sn\/#\/schema\/logo\/image\/"}},{"@type":"Person","@id":"https:\/\/www.public.sn\/#\/schema\/person\/e3f4a11b037d4203902db148f9bc8d5a","name":"LA REDACTION","image":{"@type":"ImageObject","inLanguage":"fr-FR","@id":"https:\/\/www.public.sn\/#\/schema\/person\/image\/","url":"https:\/\/secure.gravatar.com\/avatar\/d6c030db45db2883c075085c5d6c6258654a801a93766b49af0b82d4f454e2a5?s=96&d=mm&r=g","contentUrl":"https:\/\/secure.gravatar.com\/avatar\/d6c030db45db2883c075085c5d6c6258654a801a93766b49af0b82d4f454e2a5?s=96&d=mm&r=g","caption":"LA REDACTION"},"sameAs":["http:\/\/www.public.sn"],"url":"https:\/\/www.public.sn\/index.php\/author\/admin7324\/"}]}},"jetpack_featured_media_url":"https:\/\/www.public.sn\/wp-content\/uploads\/2022\/11\/garde.jpeg","jetpack_sharing_enabled":true,"_links":{"self":[{"href":"https:\/\/www.public.sn\/index.php\/wp-json\/wp\/v2\/posts\/6795","targetHints":{"allow":["GET"]}}],"collection":[{"href":"https:\/\/www.public.sn\/index.php\/wp-json\/wp\/v2\/posts"}],"about":[{"href":"https:\/\/www.public.sn\/index.php\/wp-json\/wp\/v2\/types\/post"}],"author":[{"embeddable":true,"href":"https:\/\/www.public.sn\/index.php\/wp-json\/wp\/v2\/users\/1"}],"replies":[{"embeddable":true,"href":"https:\/\/www.public.sn\/index.php\/wp-json\/wp\/v2\/comments?post=6795"}],"version-history":[{"count":2,"href":"https:\/\/www.public.sn\/index.php\/wp-json\/wp\/v2\/posts\/6795\/revisions"}],"predecessor-version":[{"id":6806,"href":"https:\/\/www.public.sn\/index.php\/wp-json\/wp\/v2\/posts\/6795\/revisions\/6806"}],"wp:featuredmedia":[{"embeddable":true,"href":"https:\/\/www.public.sn\/index.php\/wp-json\/wp\/v2\/media\/6797"}],"wp:attachment":[{"href":"https:\/\/www.public.sn\/index.php\/wp-json\/wp\/v2\/media?parent=6795"}],"wp:term":[{"taxonomy":"category","embeddable":true,"href":"https:\/\/www.public.sn\/index.php\/wp-json\/wp\/v2\/categories?post=6795"},{"taxonomy":"post_tag","embeddable":true,"href":"https:\/\/www.public.sn\/index.php\/wp-json\/wp\/v2\/tags?post=6795"}],"curies":[{"name":"wp","href":"https:\/\/api.w.org\/{rel}","templated":true}]}}