{"id":6811,"date":"2022-11-03T15:35:08","date_gmt":"2022-11-03T15:35:08","guid":{"rendered":"https:\/\/www.public.sn\/?p=6811"},"modified":"2022-11-03T15:35:10","modified_gmt":"2022-11-03T15:35:10","slug":"palais-de-justice-sonko-exige-la-liberation-de-sa-garde-rapprochee","status":"publish","type":"post","link":"https:\/\/www.public.sn\/index.php\/2022\/11\/03\/palais-de-justice-sonko-exige-la-liberation-de-sa-garde-rapprochee\/","title":{"rendered":"Palais de Justice\u00a0: Sonko exige la lib\u00e9ration de sa garde rapproch\u00e9e."},"content":{"rendered":"\n<p><\/p>\n\n\n\n<p>Dans un post le leader de Pastef annonce qu\u2019il ne quittera pas le palais de Justice sans sa garde rapproch\u00e9e. Ils auraient \u00e9t\u00e9 arr\u00eat\u00e9s par la gendarmerie et envoy\u00e9 \u00e0 Mbour.<\/p><div class=\"publi-paragraphe1\" style=\"margin-top: 10px;margin-bottom: 10px;margin-left: auto;margin-right: auto;text-align: center;\" id=\"publi-2469934416\"><div class=\"publi-adlabel\">Publicit\u00e9<\/div><script async src=\"\/\/pagead2.googlesyndication.com\/pagead\/js\/adsbygoogle.js?client=ca-pub-4089586018074219\" crossorigin=\"anonymous\"><\/script><ins class=\"adsbygoogle\" style=\"display:block;\" data-ad-client=\"ca-pub-4089586018074219\" \ndata-ad-slot=\"2087940154\" \ndata-ad-format=\"auto\"><\/ins>\n<script> \n(adsbygoogle = window.adsbygoogle || []).push({}); \n<\/script>\n<\/div>\n\n\n\n<p><\/p>\n\n\n\n<p>Voici le post de Ousmane Sonko.<\/p>\n\n\n\n<p><\/p>\n\n\n\n<p>\u00ab&nbsp;Mon audition a pris fin et s\u2019est tr\u00e8s tr\u00e8s bien d\u00e9roul\u00e9e. Cependant la gendarmerie de Macky Sall et Moussa Fall a attendu que je sois dans le bureau du doyen des juges avec mes avocats pour kidnapper les \u00e9l\u00e9ments de ma s\u00e9curit\u00e9 et les conduire \u00e0 Mbour, me laissant sans protection. Cette \u00e9ni\u00e8me forfaiture ne passera pas&nbsp;\u00bb.<\/p>\n\n\n\n<p>Samba SY.<\/p>\n<div class=\"publi-apres-le-contenu\" style=\"margin-top: 10px;margin-bottom: 10px;margin-left: auto;margin-right: auto;text-align: center;\" id=\"publi-2165592853\"><div class=\"publi-adlabel\">Publicit\u00e9<\/div><script async src=\"\/\/pagead2.googlesyndication.com\/pagead\/js\/adsbygoogle.js?client=ca-pub-4089586018074219\" crossorigin=\"anonymous\"><\/script><ins class=\"adsbygoogle\" style=\"display:block;\" data-ad-client=\"ca-pub-4089586018074219\" \ndata-ad-slot=\"2087940154\" \ndata-ad-format=\"auto\"><\/ins>\n<script> \n(adsbygoogle = window.adsbygoogle || []).push({}); \n<\/script>\n<\/div>","protected":false},"excerpt":{"rendered":"<p>Dans un post le leader de Pastef annonce qu\u2019il ne quittera pas le palais de Justice sans sa garde rapproch\u00e9e. Ils auraient \u00e9t\u00e9 arr\u00eat\u00e9s par la gendarmerie et envoy\u00e9 \u00e0 Mbour. Voici le post de Ousmane Sonko. \u00ab&nbsp;Mon audition a pris fin et s\u2019est tr\u00e8s tr\u00e8s bien d\u00e9roul\u00e9e. Cependant la gendarmerie de Macky Sall et Moussa Fall a attendu que je sois dans le bureau du doyen des juges avec mes avocats pour kidnapper les \u00e9l\u00e9ments de ma s\u00e9curit\u00e9 et les conduire \u00e0 Mbour, me laissant sans protection. Cette \u00e9ni\u00e8me forfaiture ne passera pas&nbsp;\u00bb. Samba SY.<\/p>\n","protected":false},"author":7,"featured_media":6812,"comment_status":"open","ping_status":"open","sticky":false,"template":"","format":"standard","meta":{"_jetpack_memberships_contains_paid_content":false,"footnotes":""},"categories":[375,3,1],"tags":[2384,2067,306],"class_list":["post-6811","post","type-post","status-publish","format-standard","has-post-thumbnail","hentry","category-actualites","category-politique","category-non-classe","tag-garde-rapprochee","tag-liberation","tag-sonko","entry","has-media","owp-thumbs-layout-horizontal","owp-btn-normal","owp-tabs-layout-horizontal","has-no-thumbnails","has-product-nav"],"yoast_head":"<!-- This site is optimized with the Yoast SEO plugin v25.5 - https:\/\/yoast.com\/wordpress\/plugins\/seo\/ -->\n<title>Palais de Justice\u00a0: Sonko exige la lib\u00e9ration de sa garde rapproch\u00e9e. - LE PUBLIC<\/title>\n<meta name=\"robots\" content=\"index, follow, max-snippet:-1, max-image-preview:large, max-video-preview:-1\" \/>\n<link rel=\"canonical\" href=\"https:\/\/www.public.sn\/index.php\/2022\/11\/03\/palais-de-justice-sonko-exige-la-liberation-de-sa-garde-rapprochee\/\" \/>\n<meta property=\"og:locale\" content=\"fr_FR\" \/>\n<meta property=\"og:type\" content=\"article\" \/>\n<meta property=\"og:title\" content=\"Palais de Justice\u00a0: Sonko exige la lib\u00e9ration de sa garde rapproch\u00e9e. - LE PUBLIC\" \/>\n<meta property=\"og:description\" content=\"Dans un post le leader de Pastef annonce qu\u2019il ne quittera pas le palais de Justice sans sa garde rapproch\u00e9e. Ils auraient \u00e9t\u00e9 arr\u00eat\u00e9s par la gendarmerie et envoy\u00e9 \u00e0 Mbour. Voici le post de Ousmane Sonko. \u00ab&nbsp;Mon audition a pris fin et s\u2019est tr\u00e8s tr\u00e8s bien d\u00e9roul\u00e9e. Cependant la gendarmerie de Macky Sall et Moussa Fall a attendu que je sois dans le bureau du doyen des juges avec mes avocats pour kidnapper les \u00e9l\u00e9ments de ma s\u00e9curit\u00e9 et les conduire \u00e0 Mbour, me laissant sans protection. Cette \u00e9ni\u00e8me forfaiture ne passera pas&nbsp;\u00bb. Samba SY.\" \/>\n<meta property=\"og:url\" content=\"https:\/\/www.public.sn\/index.php\/2022\/11\/03\/palais-de-justice-sonko-exige-la-liberation-de-sa-garde-rapprochee\/\" \/>\n<meta property=\"og:site_name\" content=\"LE PUBLIC\" \/>\n<meta property=\"article:published_time\" content=\"2022-11-03T15:35:08+00:00\" \/>\n<meta property=\"article:modified_time\" content=\"2022-11-03T15:35:10+00:00\" \/>\n<meta property=\"og:image\" content=\"https:\/\/www.public.sn\/wp-content\/uploads\/2022\/11\/garde-rapprochee.jpg\" \/>\n\t<meta property=\"og:image:width\" content=\"700\" \/>\n\t<meta property=\"og:image:height\" content=\"379\" \/>\n\t<meta property=\"og:image:type\" content=\"image\/jpeg\" \/>\n<meta name=\"author\" content=\"LA REDACTION\" \/>\n<meta name=\"twitter:card\" content=\"summary_large_image\" \/>\n<meta name=\"twitter:label1\" content=\"\u00c9crit par\" \/>\n\t<meta name=\"twitter:data1\" content=\"LA REDACTION\" \/>\n\t<meta name=\"twitter:label2\" content=\"Dur\u00e9e de lecture estim\u00e9e\" \/>\n\t<meta name=\"twitter:data2\" content=\"1 minute\" \/>\n<script type=\"application\/ld+json\" class=\"yoast-schema-graph\">{\"@context\":\"https:\/\/schema.org\",\"@graph\":[{\"@type\":\"Article\",\"@id\":\"https:\/\/www.public.sn\/index.php\/2022\/11\/03\/palais-de-justice-sonko-exige-la-liberation-de-sa-garde-rapprochee\/#article\",\"isPartOf\":{\"@id\":\"https:\/\/www.public.sn\/index.php\/2022\/11\/03\/palais-de-justice-sonko-exige-la-liberation-de-sa-garde-rapprochee\/\"},\"author\":{\"name\":\"LA REDACTION\",\"@id\":\"https:\/\/www.public.sn\/#\/schema\/person\/cb76c8e1b8becc6be61fb5e92d6d0224\"},\"headline\":\"Palais de Justice\u00a0: Sonko exige la lib\u00e9ration de sa garde rapproch\u00e9e.\",\"datePublished\":\"2022-11-03T15:35:08+00:00\",\"dateModified\":\"2022-11-03T15:35:10+00:00\",\"mainEntityOfPage\":{\"@id\":\"https:\/\/www.public.sn\/index.php\/2022\/11\/03\/palais-de-justice-sonko-exige-la-liberation-de-sa-garde-rapprochee\/\"},\"wordCount\":121,\"commentCount\":0,\"publisher\":{\"@id\":\"https:\/\/www.public.sn\/#organization\"},\"image\":{\"@id\":\"https:\/\/www.public.sn\/index.php\/2022\/11\/03\/palais-de-justice-sonko-exige-la-liberation-de-sa-garde-rapprochee\/#primaryimage\"},\"thumbnailUrl\":\"https:\/\/www.public.sn\/wp-content\/uploads\/2022\/11\/garde-rapprochee.jpg\",\"keywords\":[\"garde rapproch\u00e9e\",\"liberation\",\"sonko\"],\"articleSection\":[\"ACTUALIT\u00c9S\",\"POLITIQUE\",\"S\u00c9N\u00c9GAL\"],\"inLanguage\":\"fr-FR\",\"potentialAction\":[{\"@type\":\"CommentAction\",\"name\":\"Comment\",\"target\":[\"https:\/\/www.public.sn\/index.php\/2022\/11\/03\/palais-de-justice-sonko-exige-la-liberation-de-sa-garde-rapprochee\/#respond\"]}]},{\"@type\":\"WebPage\",\"@id\":\"https:\/\/www.public.sn\/index.php\/2022\/11\/03\/palais-de-justice-sonko-exige-la-liberation-de-sa-garde-rapprochee\/\",\"url\":\"https:\/\/www.public.sn\/index.php\/2022\/11\/03\/palais-de-justice-sonko-exige-la-liberation-de-sa-garde-rapprochee\/\",\"name\":\"Palais de Justice\u00a0: Sonko exige la lib\u00e9ration de sa garde rapproch\u00e9e. - LE PUBLIC\",\"isPartOf\":{\"@id\":\"https:\/\/www.public.sn\/#website\"},\"primaryImageOfPage\":{\"@id\":\"https:\/\/www.public.sn\/index.php\/2022\/11\/03\/palais-de-justice-sonko-exige-la-liberation-de-sa-garde-rapprochee\/#primaryimage\"},\"image\":{\"@id\":\"https:\/\/www.public.sn\/index.php\/2022\/11\/03\/palais-de-justice-sonko-exige-la-liberation-de-sa-garde-rapprochee\/#primaryimage\"},\"thumbnailUrl\":\"https:\/\/www.public.sn\/wp-content\/uploads\/2022\/11\/garde-rapprochee.jpg\",\"datePublished\":\"2022-11-03T15:35:08+00:00\",\"dateModified\":\"2022-11-03T15:35:10+00:00\",\"breadcrumb\":{\"@id\":\"https:\/\/www.public.sn\/index.php\/2022\/11\/03\/palais-de-justice-sonko-exige-la-liberation-de-sa-garde-rapprochee\/#breadcrumb\"},\"inLanguage\":\"fr-FR\",\"potentialAction\":[{\"@type\":\"ReadAction\",\"target\":[\"https:\/\/www.public.sn\/index.php\/2022\/11\/03\/palais-de-justice-sonko-exige-la-liberation-de-sa-garde-rapprochee\/\"]}]},{\"@type\":\"ImageObject\",\"inLanguage\":\"fr-FR\",\"@id\":\"https:\/\/www.public.sn\/index.php\/2022\/11\/03\/palais-de-justice-sonko-exige-la-liberation-de-sa-garde-rapprochee\/#primaryimage\",\"url\":\"https:\/\/www.public.sn\/wp-content\/uploads\/2022\/11\/garde-rapprochee.jpg\",\"contentUrl\":\"https:\/\/www.public.sn\/wp-content\/uploads\/2022\/11\/garde-rapprochee.jpg\",\"width\":700,\"height\":379,\"caption\":\"publicsn\"},{\"@type\":\"BreadcrumbList\",\"@id\":\"https:\/\/www.public.sn\/index.php\/2022\/11\/03\/palais-de-justice-sonko-exige-la-liberation-de-sa-garde-rapprochee\/#breadcrumb\",\"itemListElement\":[{\"@type\":\"ListItem\",\"position\":1,\"name\":\"Accueil\",\"item\":\"https:\/\/www.public.sn\/\"},{\"@type\":\"ListItem\",\"position\":2,\"name\":\"Palais de Justice\u00a0: Sonko exige la lib\u00e9ration de sa garde rapproch\u00e9e.\"}]},{\"@type\":\"WebSite\",\"@id\":\"https:\/\/www.public.sn\/#website\",\"url\":\"https:\/\/www.public.sn\/\",\"name\":\"LE PUBLIC\",\"description\":\"\",\"publisher\":{\"@id\":\"https:\/\/www.public.sn\/#organization\"},\"potentialAction\":[{\"@type\":\"SearchAction\",\"target\":{\"@type\":\"EntryPoint\",\"urlTemplate\":\"https:\/\/www.public.sn\/?s={search_term_string}\"},\"query-input\":{\"@type\":\"PropertyValueSpecification\",\"valueRequired\":true,\"valueName\":\"search_term_string\"}}],\"inLanguage\":\"fr-FR\"},{\"@type\":\"Organization\",\"@id\":\"https:\/\/www.public.sn\/#organization\",\"name\":\"LE PUBLIC\",\"url\":\"https:\/\/www.public.sn\/\",\"logo\":{\"@type\":\"ImageObject\",\"inLanguage\":\"fr-FR\",\"@id\":\"https:\/\/www.public.sn\/#\/schema\/logo\/image\/\",\"url\":\"https:\/\/www.public.sn\/wp-content\/uploads\/2024\/05\/cropped-LOGO-PUBLIC.SN_.png\",\"contentUrl\":\"https:\/\/www.public.sn\/wp-content\/uploads\/2024\/05\/cropped-LOGO-PUBLIC.SN_.png\",\"width\":682,\"height\":192,\"caption\":\"LE PUBLIC\"},\"image\":{\"@id\":\"https:\/\/www.public.sn\/#\/schema\/logo\/image\/\"}},{\"@type\":\"Person\",\"@id\":\"https:\/\/www.public.sn\/#\/schema\/person\/cb76c8e1b8becc6be61fb5e92d6d0224\",\"name\":\"LA REDACTION\",\"image\":{\"@type\":\"ImageObject\",\"inLanguage\":\"fr-FR\",\"@id\":\"https:\/\/www.public.sn\/#\/schema\/person\/image\/\",\"url\":\"https:\/\/secure.gravatar.com\/avatar\/2dce5ddd34b8fef0180efe03aa2a9bee7d953856048f9a16b298190a3178407c?s=96&d=mm&r=g\",\"contentUrl\":\"https:\/\/secure.gravatar.com\/avatar\/2dce5ddd34b8fef0180efe03aa2a9bee7d953856048f9a16b298190a3178407c?s=96&d=mm&r=g\",\"caption\":\"LA REDACTION\"},\"url\":\"https:\/\/www.public.sn\/index.php\/author\/editeurpsn\/\"}]}<\/script>\n<!-- \/ Yoast SEO plugin. -->","yoast_head_json":{"title":"Palais de Justice\u00a0: Sonko exige la lib\u00e9ration de sa garde rapproch\u00e9e. - LE PUBLIC","robots":{"index":"index","follow":"follow","max-snippet":"max-snippet:-1","max-image-preview":"max-image-preview:large","max-video-preview":"max-video-preview:-1"},"canonical":"https:\/\/www.public.sn\/index.php\/2022\/11\/03\/palais-de-justice-sonko-exige-la-liberation-de-sa-garde-rapprochee\/","og_locale":"fr_FR","og_type":"article","og_title":"Palais de Justice\u00a0: Sonko exige la lib\u00e9ration de sa garde rapproch\u00e9e. - LE PUBLIC","og_description":"Dans un post le leader de Pastef annonce qu\u2019il ne quittera pas le palais de Justice sans sa garde rapproch\u00e9e. Ils auraient \u00e9t\u00e9 arr\u00eat\u00e9s par la gendarmerie et envoy\u00e9 \u00e0 Mbour. Voici le post de Ousmane Sonko. \u00ab&nbsp;Mon audition a pris fin et s\u2019est tr\u00e8s tr\u00e8s bien d\u00e9roul\u00e9e. Cependant la gendarmerie de Macky Sall et Moussa Fall a attendu que je sois dans le bureau du doyen des juges avec mes avocats pour kidnapper les \u00e9l\u00e9ments de ma s\u00e9curit\u00e9 et les conduire \u00e0 Mbour, me laissant sans protection. Cette \u00e9ni\u00e8me forfaiture ne passera pas&nbsp;\u00bb. Samba SY.","og_url":"https:\/\/www.public.sn\/index.php\/2022\/11\/03\/palais-de-justice-sonko-exige-la-liberation-de-sa-garde-rapprochee\/","og_site_name":"LE PUBLIC","article_published_time":"2022-11-03T15:35:08+00:00","article_modified_time":"2022-11-03T15:35:10+00:00","og_image":[{"width":700,"height":379,"url":"https:\/\/www.public.sn\/wp-content\/uploads\/2022\/11\/garde-rapprochee.jpg","type":"image\/jpeg"}],"author":"LA REDACTION","twitter_card":"summary_large_image","twitter_misc":{"\u00c9crit par":"LA REDACTION","Dur\u00e9e de lecture estim\u00e9e":"1 minute"},"schema":{"@context":"https:\/\/schema.org","@graph":[{"@type":"Article","@id":"https:\/\/www.public.sn\/index.php\/2022\/11\/03\/palais-de-justice-sonko-exige-la-liberation-de-sa-garde-rapprochee\/#article","isPartOf":{"@id":"https:\/\/www.public.sn\/index.php\/2022\/11\/03\/palais-de-justice-sonko-exige-la-liberation-de-sa-garde-rapprochee\/"},"author":{"name":"LA REDACTION","@id":"https:\/\/www.public.sn\/#\/schema\/person\/cb76c8e1b8becc6be61fb5e92d6d0224"},"headline":"Palais de Justice\u00a0: Sonko exige la lib\u00e9ration de sa garde rapproch\u00e9e.","datePublished":"2022-11-03T15:35:08+00:00","dateModified":"2022-11-03T15:35:10+00:00","mainEntityOfPage":{"@id":"https:\/\/www.public.sn\/index.php\/2022\/11\/03\/palais-de-justice-sonko-exige-la-liberation-de-sa-garde-rapprochee\/"},"wordCount":121,"commentCount":0,"publisher":{"@id":"https:\/\/www.public.sn\/#organization"},"image":{"@id":"https:\/\/www.public.sn\/index.php\/2022\/11\/03\/palais-de-justice-sonko-exige-la-liberation-de-sa-garde-rapprochee\/#primaryimage"},"thumbnailUrl":"https:\/\/www.public.sn\/wp-content\/uploads\/2022\/11\/garde-rapprochee.jpg","keywords":["garde rapproch\u00e9e","liberation","sonko"],"articleSection":["ACTUALIT\u00c9S","POLITIQUE","S\u00c9N\u00c9GAL"],"inLanguage":"fr-FR","potentialAction":[{"@type":"CommentAction","name":"Comment","target":["https:\/\/www.public.sn\/index.php\/2022\/11\/03\/palais-de-justice-sonko-exige-la-liberation-de-sa-garde-rapprochee\/#respond"]}]},{"@type":"WebPage","@id":"https:\/\/www.public.sn\/index.php\/2022\/11\/03\/palais-de-justice-sonko-exige-la-liberation-de-sa-garde-rapprochee\/","url":"https:\/\/www.public.sn\/index.php\/2022\/11\/03\/palais-de-justice-sonko-exige-la-liberation-de-sa-garde-rapprochee\/","name":"Palais de Justice\u00a0: Sonko exige la lib\u00e9ration de sa garde rapproch\u00e9e. - LE PUBLIC","isPartOf":{"@id":"https:\/\/www.public.sn\/#website"},"primaryImageOfPage":{"@id":"https:\/\/www.public.sn\/index.php\/2022\/11\/03\/palais-de-justice-sonko-exige-la-liberation-de-sa-garde-rapprochee\/#primaryimage"},"image":{"@id":"https:\/\/www.public.sn\/index.php\/2022\/11\/03\/palais-de-justice-sonko-exige-la-liberation-de-sa-garde-rapprochee\/#primaryimage"},"thumbnailUrl":"https:\/\/www.public.sn\/wp-content\/uploads\/2022\/11\/garde-rapprochee.jpg","datePublished":"2022-11-03T15:35:08+00:00","dateModified":"2022-11-03T15:35:10+00:00","breadcrumb":{"@id":"https:\/\/www.public.sn\/index.php\/2022\/11\/03\/palais-de-justice-sonko-exige-la-liberation-de-sa-garde-rapprochee\/#breadcrumb"},"inLanguage":"fr-FR","potentialAction":[{"@type":"ReadAction","target":["https:\/\/www.public.sn\/index.php\/2022\/11\/03\/palais-de-justice-sonko-exige-la-liberation-de-sa-garde-rapprochee\/"]}]},{"@type":"ImageObject","inLanguage":"fr-FR","@id":"https:\/\/www.public.sn\/index.php\/2022\/11\/03\/palais-de-justice-sonko-exige-la-liberation-de-sa-garde-rapprochee\/#primaryimage","url":"https:\/\/www.public.sn\/wp-content\/uploads\/2022\/11\/garde-rapprochee.jpg","contentUrl":"https:\/\/www.public.sn\/wp-content\/uploads\/2022\/11\/garde-rapprochee.jpg","width":700,"height":379,"caption":"publicsn"},{"@type":"BreadcrumbList","@id":"https:\/\/www.public.sn\/index.php\/2022\/11\/03\/palais-de-justice-sonko-exige-la-liberation-de-sa-garde-rapprochee\/#breadcrumb","itemListElement":[{"@type":"ListItem","position":1,"name":"Accueil","item":"https:\/\/www.public.sn\/"},{"@type":"ListItem","position":2,"name":"Palais de Justice\u00a0: Sonko exige la lib\u00e9ration de sa garde rapproch\u00e9e."}]},{"@type":"WebSite","@id":"https:\/\/www.public.sn\/#website","url":"https:\/\/www.public.sn\/","name":"LE PUBLIC","description":"","publisher":{"@id":"https:\/\/www.public.sn\/#organization"},"potentialAction":[{"@type":"SearchAction","target":{"@type":"EntryPoint","urlTemplate":"https:\/\/www.public.sn\/?s={search_term_string}"},"query-input":{"@type":"PropertyValueSpecification","valueRequired":true,"valueName":"search_term_string"}}],"inLanguage":"fr-FR"},{"@type":"Organization","@id":"https:\/\/www.public.sn\/#organization","name":"LE PUBLIC","url":"https:\/\/www.public.sn\/","logo":{"@type":"ImageObject","inLanguage":"fr-FR","@id":"https:\/\/www.public.sn\/#\/schema\/logo\/image\/","url":"https:\/\/www.public.sn\/wp-content\/uploads\/2024\/05\/cropped-LOGO-PUBLIC.SN_.png","contentUrl":"https:\/\/www.public.sn\/wp-content\/uploads\/2024\/05\/cropped-LOGO-PUBLIC.SN_.png","width":682,"height":192,"caption":"LE PUBLIC"},"image":{"@id":"https:\/\/www.public.sn\/#\/schema\/logo\/image\/"}},{"@type":"Person","@id":"https:\/\/www.public.sn\/#\/schema\/person\/cb76c8e1b8becc6be61fb5e92d6d0224","name":"LA REDACTION","image":{"@type":"ImageObject","inLanguage":"fr-FR","@id":"https:\/\/www.public.sn\/#\/schema\/person\/image\/","url":"https:\/\/secure.gravatar.com\/avatar\/2dce5ddd34b8fef0180efe03aa2a9bee7d953856048f9a16b298190a3178407c?s=96&d=mm&r=g","contentUrl":"https:\/\/secure.gravatar.com\/avatar\/2dce5ddd34b8fef0180efe03aa2a9bee7d953856048f9a16b298190a3178407c?s=96&d=mm&r=g","caption":"LA REDACTION"},"url":"https:\/\/www.public.sn\/index.php\/author\/editeurpsn\/"}]}},"jetpack_featured_media_url":"https:\/\/www.public.sn\/wp-content\/uploads\/2022\/11\/garde-rapprochee.jpg","jetpack_sharing_enabled":true,"_links":{"self":[{"href":"https:\/\/www.public.sn\/index.php\/wp-json\/wp\/v2\/posts\/6811","targetHints":{"allow":["GET"]}}],"collection":[{"href":"https:\/\/www.public.sn\/index.php\/wp-json\/wp\/v2\/posts"}],"about":[{"href":"https:\/\/www.public.sn\/index.php\/wp-json\/wp\/v2\/types\/post"}],"author":[{"embeddable":true,"href":"https:\/\/www.public.sn\/index.php\/wp-json\/wp\/v2\/users\/7"}],"replies":[{"embeddable":true,"href":"https:\/\/www.public.sn\/index.php\/wp-json\/wp\/v2\/comments?post=6811"}],"version-history":[{"count":2,"href":"https:\/\/www.public.sn\/index.php\/wp-json\/wp\/v2\/posts\/6811\/revisions"}],"predecessor-version":[{"id":6814,"href":"https:\/\/www.public.sn\/index.php\/wp-json\/wp\/v2\/posts\/6811\/revisions\/6814"}],"wp:featuredmedia":[{"embeddable":true,"href":"https:\/\/www.public.sn\/index.php\/wp-json\/wp\/v2\/media\/6812"}],"wp:attachment":[{"href":"https:\/\/www.public.sn\/index.php\/wp-json\/wp\/v2\/media?parent=6811"}],"wp:term":[{"taxonomy":"category","embeddable":true,"href":"https:\/\/www.public.sn\/index.php\/wp-json\/wp\/v2\/categories?post=6811"},{"taxonomy":"post_tag","embeddable":true,"href":"https:\/\/www.public.sn\/index.php\/wp-json\/wp\/v2\/tags?post=6811"}],"curies":[{"name":"wp","href":"https:\/\/api.w.org\/{rel}","templated":true}]}}