{"id":6815,"date":"2022-11-03T15:55:22","date_gmt":"2022-11-03T15:55:22","guid":{"rendered":"https:\/\/www.public.sn\/?p=6815"},"modified":"2022-11-03T15:55:24","modified_gmt":"2022-11-03T15:55:24","slug":"affrontements-de-tchiky-le-procureur-de-mbour-va-se-prononcer-cet-apres-midi","status":"publish","type":"post","link":"https:\/\/www.public.sn\/index.php\/2022\/11\/03\/affrontements-de-tchiky-le-procureur-de-mbour-va-se-prononcer-cet-apres-midi\/","title":{"rendered":"Affrontements de Tchiky\u00a0: Le procureur de Mbour va se prononcer cet apr\u00e8s midi."},"content":{"rendered":"\n<p><\/p>\n\n\n\n<p>Le procureur de la R\u00e9publique pr\u00e8s le Tribunal de grande instance (TGI), Mamadou Diop, va faire face \u00e0 la presse, ce jeudi 3 novembre dans l\u2019apr\u00e8s midi.<\/p><div class=\"publi-paragraphe1\" style=\"margin-top: 10px;margin-bottom: 10px;margin-left: auto;margin-right: auto;text-align: center;\" id=\"publi-2526508832\"><div class=\"publi-adlabel\">Publicit\u00e9<\/div><script async src=\"\/\/pagead2.googlesyndication.com\/pagead\/js\/adsbygoogle.js?client=ca-pub-4089586018074219\" crossorigin=\"anonymous\"><\/script><ins class=\"adsbygoogle\" style=\"display:block;\" data-ad-client=\"ca-pub-4089586018074219\" \ndata-ad-slot=\"2087940154\" \ndata-ad-format=\"auto\"><\/ins>\n<script> \n(adsbygoogle = window.adsbygoogle || []).push({}); \n<\/script>\n<\/div>\n\n\n\n<p><\/p>\n\n\n\n<p>Cette rencontre avec la presse entre dans le cadre des \u00e9v\u00e9nements de Tckiky o\u00f9 des \u00e9l\u00e9ments de la garde rapproch\u00e9e de Ousmane Sonko avait \u00e9t\u00e9 accus\u00e9e de violence contre des citoyens du village et d\u2019avoir tabass\u00e9 des personnes qui scandaient le nom de Adji Sarr.<\/p>\n\n\n\n<p><\/p>\n\n\n\n<p>Ce Jeudi, 6 gardes du corps de Ousmane Sonko ont \u00e9t\u00e9 appr\u00e9hend\u00e9s et conduits \u00e0 Mbour. Le procureur de Mbour va ainsi se prononcer sur les affrontements de Tchiky entre pastefiens et jeunes de l\u2019APR. L\u2019on annonce que le procureur va ouvrir une proc\u00e9dure d\u2019enqu\u00eate.<\/p>\n\n\n\n<p>Samba SY.<\/p>\n<div class=\"publi-apres-le-contenu\" style=\"margin-top: 10px;margin-bottom: 10px;margin-left: auto;margin-right: auto;text-align: center;\" id=\"publi-3502698683\"><div class=\"publi-adlabel\">Publicit\u00e9<\/div><script async src=\"\/\/pagead2.googlesyndication.com\/pagead\/js\/adsbygoogle.js?client=ca-pub-4089586018074219\" crossorigin=\"anonymous\"><\/script><ins class=\"adsbygoogle\" style=\"display:block;\" data-ad-client=\"ca-pub-4089586018074219\" \ndata-ad-slot=\"2087940154\" \ndata-ad-format=\"auto\"><\/ins>\n<script> \n(adsbygoogle = window.adsbygoogle || []).push({}); \n<\/script>\n<\/div>","protected":false},"excerpt":{"rendered":"<p>Le procureur de la R\u00e9publique pr\u00e8s le Tribunal de grande instance (TGI), Mamadou Diop, va faire face \u00e0 la presse, ce jeudi 3 novembre dans l\u2019apr\u00e8s midi. Cette rencontre avec la presse entre dans le cadre des \u00e9v\u00e9nements de Tckiky o\u00f9 des \u00e9l\u00e9ments de la garde rapproch\u00e9e de Ousmane Sonko avait \u00e9t\u00e9 accus\u00e9e de violence contre des citoyens du village et d\u2019avoir tabass\u00e9 des personnes qui scandaient le nom de Adji Sarr. Ce Jeudi, 6 gardes du corps de Ousmane Sonko ont \u00e9t\u00e9 appr\u00e9hend\u00e9s et conduits \u00e0 Mbour. Le procureur de Mbour va ainsi se prononcer sur les affrontements de Tchiky entre pastefiens et jeunes de l\u2019APR. L\u2019on annonce que le procureur va ouvrir une proc\u00e9dure d\u2019enqu\u00eate. Samba SY.<\/p>\n","protected":false},"author":7,"featured_media":6816,"comment_status":"open","ping_status":"open","sticky":false,"template":"","format":"standard","meta":{"_jetpack_memberships_contains_paid_content":false,"footnotes":""},"categories":[375,1,4],"tags":[2385,899,103],"class_list":["post-6815","post","type-post","status-publish","format-standard","has-post-thumbnail","hentry","category-actualites","category-non-classe","category-societe","tag-affaire-garde-rapprochee","tag-mbour","tag-procureur","entry","has-media","owp-thumbs-layout-horizontal","owp-btn-normal","owp-tabs-layout-horizontal","has-no-thumbnails","has-product-nav"],"yoast_head":"<!-- This site is optimized with the Yoast SEO plugin v25.5 - https:\/\/yoast.com\/wordpress\/plugins\/seo\/ -->\n<title>Affrontements de Tchiky\u00a0: Le procureur de Mbour va se prononcer cet apr\u00e8s midi. - LE PUBLIC<\/title>\n<meta name=\"robots\" content=\"index, follow, max-snippet:-1, max-image-preview:large, max-video-preview:-1\" \/>\n<link rel=\"canonical\" href=\"https:\/\/www.public.sn\/index.php\/2022\/11\/03\/affrontements-de-tchiky-le-procureur-de-mbour-va-se-prononcer-cet-apres-midi\/\" \/>\n<meta property=\"og:locale\" content=\"fr_FR\" \/>\n<meta property=\"og:type\" content=\"article\" \/>\n<meta property=\"og:title\" content=\"Affrontements de Tchiky\u00a0: Le procureur de Mbour va se prononcer cet apr\u00e8s midi. - LE PUBLIC\" \/>\n<meta property=\"og:description\" content=\"Le procureur de la R\u00e9publique pr\u00e8s le Tribunal de grande instance (TGI), Mamadou Diop, va faire face \u00e0 la presse, ce jeudi 3 novembre dans l\u2019apr\u00e8s midi. Cette rencontre avec la presse entre dans le cadre des \u00e9v\u00e9nements de Tckiky o\u00f9 des \u00e9l\u00e9ments de la garde rapproch\u00e9e de Ousmane Sonko avait \u00e9t\u00e9 accus\u00e9e de violence contre des citoyens du village et d\u2019avoir tabass\u00e9 des personnes qui scandaient le nom de Adji Sarr. Ce Jeudi, 6 gardes du corps de Ousmane Sonko ont \u00e9t\u00e9 appr\u00e9hend\u00e9s et conduits \u00e0 Mbour. Le procureur de Mbour va ainsi se prononcer sur les affrontements de Tchiky entre pastefiens et jeunes de l\u2019APR. L\u2019on annonce que le procureur va ouvrir une proc\u00e9dure d\u2019enqu\u00eate. Samba SY.\" \/>\n<meta property=\"og:url\" content=\"https:\/\/www.public.sn\/index.php\/2022\/11\/03\/affrontements-de-tchiky-le-procureur-de-mbour-va-se-prononcer-cet-apres-midi\/\" \/>\n<meta property=\"og:site_name\" content=\"LE PUBLIC\" \/>\n<meta property=\"article:published_time\" content=\"2022-11-03T15:55:22+00:00\" \/>\n<meta property=\"article:modified_time\" content=\"2022-11-03T15:55:24+00:00\" \/>\n<meta property=\"og:image\" content=\"https:\/\/www.public.sn\/wp-content\/uploads\/2022\/11\/mamadou-diop.jpg\" \/>\n\t<meta property=\"og:image:width\" content=\"960\" \/>\n\t<meta property=\"og:image:height\" content=\"960\" \/>\n\t<meta property=\"og:image:type\" content=\"image\/jpeg\" \/>\n<meta name=\"author\" content=\"LA REDACTION\" \/>\n<meta name=\"twitter:card\" content=\"summary_large_image\" \/>\n<meta name=\"twitter:label1\" content=\"\u00c9crit par\" \/>\n\t<meta name=\"twitter:data1\" content=\"LA REDACTION\" \/>\n\t<meta name=\"twitter:label2\" content=\"Dur\u00e9e de lecture estim\u00e9e\" \/>\n\t<meta name=\"twitter:data2\" content=\"1 minute\" \/>\n<script type=\"application\/ld+json\" class=\"yoast-schema-graph\">{\"@context\":\"https:\/\/schema.org\",\"@graph\":[{\"@type\":\"Article\",\"@id\":\"https:\/\/www.public.sn\/index.php\/2022\/11\/03\/affrontements-de-tchiky-le-procureur-de-mbour-va-se-prononcer-cet-apres-midi\/#article\",\"isPartOf\":{\"@id\":\"https:\/\/www.public.sn\/index.php\/2022\/11\/03\/affrontements-de-tchiky-le-procureur-de-mbour-va-se-prononcer-cet-apres-midi\/\"},\"author\":{\"name\":\"LA REDACTION\",\"@id\":\"https:\/\/www.public.sn\/#\/schema\/person\/cb76c8e1b8becc6be61fb5e92d6d0224\"},\"headline\":\"Affrontements de Tchiky\u00a0: Le procureur de Mbour va se prononcer cet apr\u00e8s midi.\",\"datePublished\":\"2022-11-03T15:55:22+00:00\",\"dateModified\":\"2022-11-03T15:55:24+00:00\",\"mainEntityOfPage\":{\"@id\":\"https:\/\/www.public.sn\/index.php\/2022\/11\/03\/affrontements-de-tchiky-le-procureur-de-mbour-va-se-prononcer-cet-apres-midi\/\"},\"wordCount\":145,\"commentCount\":0,\"publisher\":{\"@id\":\"https:\/\/www.public.sn\/#organization\"},\"image\":{\"@id\":\"https:\/\/www.public.sn\/index.php\/2022\/11\/03\/affrontements-de-tchiky-le-procureur-de-mbour-va-se-prononcer-cet-apres-midi\/#primaryimage\"},\"thumbnailUrl\":\"https:\/\/www.public.sn\/wp-content\/uploads\/2022\/11\/mamadou-diop.jpg\",\"keywords\":[\"affaire garde rapprochee\",\"Mbour\",\"Procureur\"],\"articleSection\":[\"ACTUALIT\u00c9S\",\"S\u00c9N\u00c9GAL\",\"SOCIETE\"],\"inLanguage\":\"fr-FR\",\"potentialAction\":[{\"@type\":\"CommentAction\",\"name\":\"Comment\",\"target\":[\"https:\/\/www.public.sn\/index.php\/2022\/11\/03\/affrontements-de-tchiky-le-procureur-de-mbour-va-se-prononcer-cet-apres-midi\/#respond\"]}]},{\"@type\":\"WebPage\",\"@id\":\"https:\/\/www.public.sn\/index.php\/2022\/11\/03\/affrontements-de-tchiky-le-procureur-de-mbour-va-se-prononcer-cet-apres-midi\/\",\"url\":\"https:\/\/www.public.sn\/index.php\/2022\/11\/03\/affrontements-de-tchiky-le-procureur-de-mbour-va-se-prononcer-cet-apres-midi\/\",\"name\":\"Affrontements de Tchiky\u00a0: Le procureur de Mbour va se prononcer cet apr\u00e8s midi. - LE PUBLIC\",\"isPartOf\":{\"@id\":\"https:\/\/www.public.sn\/#website\"},\"primaryImageOfPage\":{\"@id\":\"https:\/\/www.public.sn\/index.php\/2022\/11\/03\/affrontements-de-tchiky-le-procureur-de-mbour-va-se-prononcer-cet-apres-midi\/#primaryimage\"},\"image\":{\"@id\":\"https:\/\/www.public.sn\/index.php\/2022\/11\/03\/affrontements-de-tchiky-le-procureur-de-mbour-va-se-prononcer-cet-apres-midi\/#primaryimage\"},\"thumbnailUrl\":\"https:\/\/www.public.sn\/wp-content\/uploads\/2022\/11\/mamadou-diop.jpg\",\"datePublished\":\"2022-11-03T15:55:22+00:00\",\"dateModified\":\"2022-11-03T15:55:24+00:00\",\"breadcrumb\":{\"@id\":\"https:\/\/www.public.sn\/index.php\/2022\/11\/03\/affrontements-de-tchiky-le-procureur-de-mbour-va-se-prononcer-cet-apres-midi\/#breadcrumb\"},\"inLanguage\":\"fr-FR\",\"potentialAction\":[{\"@type\":\"ReadAction\",\"target\":[\"https:\/\/www.public.sn\/index.php\/2022\/11\/03\/affrontements-de-tchiky-le-procureur-de-mbour-va-se-prononcer-cet-apres-midi\/\"]}]},{\"@type\":\"ImageObject\",\"inLanguage\":\"fr-FR\",\"@id\":\"https:\/\/www.public.sn\/index.php\/2022\/11\/03\/affrontements-de-tchiky-le-procureur-de-mbour-va-se-prononcer-cet-apres-midi\/#primaryimage\",\"url\":\"https:\/\/www.public.sn\/wp-content\/uploads\/2022\/11\/mamadou-diop.jpg\",\"contentUrl\":\"https:\/\/www.public.sn\/wp-content\/uploads\/2022\/11\/mamadou-diop.jpg\",\"width\":960,\"height\":960,\"caption\":\"publicsn\"},{\"@type\":\"BreadcrumbList\",\"@id\":\"https:\/\/www.public.sn\/index.php\/2022\/11\/03\/affrontements-de-tchiky-le-procureur-de-mbour-va-se-prononcer-cet-apres-midi\/#breadcrumb\",\"itemListElement\":[{\"@type\":\"ListItem\",\"position\":1,\"name\":\"Accueil\",\"item\":\"https:\/\/www.public.sn\/\"},{\"@type\":\"ListItem\",\"position\":2,\"name\":\"Affrontements de Tchiky\u00a0: Le procureur de Mbour va se prononcer cet apr\u00e8s midi.\"}]},{\"@type\":\"WebSite\",\"@id\":\"https:\/\/www.public.sn\/#website\",\"url\":\"https:\/\/www.public.sn\/\",\"name\":\"LE PUBLIC\",\"description\":\"\",\"publisher\":{\"@id\":\"https:\/\/www.public.sn\/#organization\"},\"potentialAction\":[{\"@type\":\"SearchAction\",\"target\":{\"@type\":\"EntryPoint\",\"urlTemplate\":\"https:\/\/www.public.sn\/?s={search_term_string}\"},\"query-input\":{\"@type\":\"PropertyValueSpecification\",\"valueRequired\":true,\"valueName\":\"search_term_string\"}}],\"inLanguage\":\"fr-FR\"},{\"@type\":\"Organization\",\"@id\":\"https:\/\/www.public.sn\/#organization\",\"name\":\"LE PUBLIC\",\"url\":\"https:\/\/www.public.sn\/\",\"logo\":{\"@type\":\"ImageObject\",\"inLanguage\":\"fr-FR\",\"@id\":\"https:\/\/www.public.sn\/#\/schema\/logo\/image\/\",\"url\":\"https:\/\/www.public.sn\/wp-content\/uploads\/2024\/05\/cropped-LOGO-PUBLIC.SN_.png\",\"contentUrl\":\"https:\/\/www.public.sn\/wp-content\/uploads\/2024\/05\/cropped-LOGO-PUBLIC.SN_.png\",\"width\":682,\"height\":192,\"caption\":\"LE PUBLIC\"},\"image\":{\"@id\":\"https:\/\/www.public.sn\/#\/schema\/logo\/image\/\"}},{\"@type\":\"Person\",\"@id\":\"https:\/\/www.public.sn\/#\/schema\/person\/cb76c8e1b8becc6be61fb5e92d6d0224\",\"name\":\"LA REDACTION\",\"image\":{\"@type\":\"ImageObject\",\"inLanguage\":\"fr-FR\",\"@id\":\"https:\/\/www.public.sn\/#\/schema\/person\/image\/\",\"url\":\"https:\/\/secure.gravatar.com\/avatar\/2dce5ddd34b8fef0180efe03aa2a9bee7d953856048f9a16b298190a3178407c?s=96&d=mm&r=g\",\"contentUrl\":\"https:\/\/secure.gravatar.com\/avatar\/2dce5ddd34b8fef0180efe03aa2a9bee7d953856048f9a16b298190a3178407c?s=96&d=mm&r=g\",\"caption\":\"LA REDACTION\"},\"url\":\"https:\/\/www.public.sn\/index.php\/author\/editeurpsn\/\"}]}<\/script>\n<!-- \/ Yoast SEO plugin. -->","yoast_head_json":{"title":"Affrontements de Tchiky\u00a0: Le procureur de Mbour va se prononcer cet apr\u00e8s midi. - LE PUBLIC","robots":{"index":"index","follow":"follow","max-snippet":"max-snippet:-1","max-image-preview":"max-image-preview:large","max-video-preview":"max-video-preview:-1"},"canonical":"https:\/\/www.public.sn\/index.php\/2022\/11\/03\/affrontements-de-tchiky-le-procureur-de-mbour-va-se-prononcer-cet-apres-midi\/","og_locale":"fr_FR","og_type":"article","og_title":"Affrontements de Tchiky\u00a0: Le procureur de Mbour va se prononcer cet apr\u00e8s midi. - LE PUBLIC","og_description":"Le procureur de la R\u00e9publique pr\u00e8s le Tribunal de grande instance (TGI), Mamadou Diop, va faire face \u00e0 la presse, ce jeudi 3 novembre dans l\u2019apr\u00e8s midi. Cette rencontre avec la presse entre dans le cadre des \u00e9v\u00e9nements de Tckiky o\u00f9 des \u00e9l\u00e9ments de la garde rapproch\u00e9e de Ousmane Sonko avait \u00e9t\u00e9 accus\u00e9e de violence contre des citoyens du village et d\u2019avoir tabass\u00e9 des personnes qui scandaient le nom de Adji Sarr. Ce Jeudi, 6 gardes du corps de Ousmane Sonko ont \u00e9t\u00e9 appr\u00e9hend\u00e9s et conduits \u00e0 Mbour. Le procureur de Mbour va ainsi se prononcer sur les affrontements de Tchiky entre pastefiens et jeunes de l\u2019APR. L\u2019on annonce que le procureur va ouvrir une proc\u00e9dure d\u2019enqu\u00eate. Samba SY.","og_url":"https:\/\/www.public.sn\/index.php\/2022\/11\/03\/affrontements-de-tchiky-le-procureur-de-mbour-va-se-prononcer-cet-apres-midi\/","og_site_name":"LE PUBLIC","article_published_time":"2022-11-03T15:55:22+00:00","article_modified_time":"2022-11-03T15:55:24+00:00","og_image":[{"width":960,"height":960,"url":"https:\/\/www.public.sn\/wp-content\/uploads\/2022\/11\/mamadou-diop.jpg","type":"image\/jpeg"}],"author":"LA REDACTION","twitter_card":"summary_large_image","twitter_misc":{"\u00c9crit par":"LA REDACTION","Dur\u00e9e de lecture estim\u00e9e":"1 minute"},"schema":{"@context":"https:\/\/schema.org","@graph":[{"@type":"Article","@id":"https:\/\/www.public.sn\/index.php\/2022\/11\/03\/affrontements-de-tchiky-le-procureur-de-mbour-va-se-prononcer-cet-apres-midi\/#article","isPartOf":{"@id":"https:\/\/www.public.sn\/index.php\/2022\/11\/03\/affrontements-de-tchiky-le-procureur-de-mbour-va-se-prononcer-cet-apres-midi\/"},"author":{"name":"LA REDACTION","@id":"https:\/\/www.public.sn\/#\/schema\/person\/cb76c8e1b8becc6be61fb5e92d6d0224"},"headline":"Affrontements de Tchiky\u00a0: Le procureur de Mbour va se prononcer cet apr\u00e8s midi.","datePublished":"2022-11-03T15:55:22+00:00","dateModified":"2022-11-03T15:55:24+00:00","mainEntityOfPage":{"@id":"https:\/\/www.public.sn\/index.php\/2022\/11\/03\/affrontements-de-tchiky-le-procureur-de-mbour-va-se-prononcer-cet-apres-midi\/"},"wordCount":145,"commentCount":0,"publisher":{"@id":"https:\/\/www.public.sn\/#organization"},"image":{"@id":"https:\/\/www.public.sn\/index.php\/2022\/11\/03\/affrontements-de-tchiky-le-procureur-de-mbour-va-se-prononcer-cet-apres-midi\/#primaryimage"},"thumbnailUrl":"https:\/\/www.public.sn\/wp-content\/uploads\/2022\/11\/mamadou-diop.jpg","keywords":["affaire garde rapprochee","Mbour","Procureur"],"articleSection":["ACTUALIT\u00c9S","S\u00c9N\u00c9GAL","SOCIETE"],"inLanguage":"fr-FR","potentialAction":[{"@type":"CommentAction","name":"Comment","target":["https:\/\/www.public.sn\/index.php\/2022\/11\/03\/affrontements-de-tchiky-le-procureur-de-mbour-va-se-prononcer-cet-apres-midi\/#respond"]}]},{"@type":"WebPage","@id":"https:\/\/www.public.sn\/index.php\/2022\/11\/03\/affrontements-de-tchiky-le-procureur-de-mbour-va-se-prononcer-cet-apres-midi\/","url":"https:\/\/www.public.sn\/index.php\/2022\/11\/03\/affrontements-de-tchiky-le-procureur-de-mbour-va-se-prononcer-cet-apres-midi\/","name":"Affrontements de Tchiky\u00a0: Le procureur de Mbour va se prononcer cet apr\u00e8s midi. - LE PUBLIC","isPartOf":{"@id":"https:\/\/www.public.sn\/#website"},"primaryImageOfPage":{"@id":"https:\/\/www.public.sn\/index.php\/2022\/11\/03\/affrontements-de-tchiky-le-procureur-de-mbour-va-se-prononcer-cet-apres-midi\/#primaryimage"},"image":{"@id":"https:\/\/www.public.sn\/index.php\/2022\/11\/03\/affrontements-de-tchiky-le-procureur-de-mbour-va-se-prononcer-cet-apres-midi\/#primaryimage"},"thumbnailUrl":"https:\/\/www.public.sn\/wp-content\/uploads\/2022\/11\/mamadou-diop.jpg","datePublished":"2022-11-03T15:55:22+00:00","dateModified":"2022-11-03T15:55:24+00:00","breadcrumb":{"@id":"https:\/\/www.public.sn\/index.php\/2022\/11\/03\/affrontements-de-tchiky-le-procureur-de-mbour-va-se-prononcer-cet-apres-midi\/#breadcrumb"},"inLanguage":"fr-FR","potentialAction":[{"@type":"ReadAction","target":["https:\/\/www.public.sn\/index.php\/2022\/11\/03\/affrontements-de-tchiky-le-procureur-de-mbour-va-se-prononcer-cet-apres-midi\/"]}]},{"@type":"ImageObject","inLanguage":"fr-FR","@id":"https:\/\/www.public.sn\/index.php\/2022\/11\/03\/affrontements-de-tchiky-le-procureur-de-mbour-va-se-prononcer-cet-apres-midi\/#primaryimage","url":"https:\/\/www.public.sn\/wp-content\/uploads\/2022\/11\/mamadou-diop.jpg","contentUrl":"https:\/\/www.public.sn\/wp-content\/uploads\/2022\/11\/mamadou-diop.jpg","width":960,"height":960,"caption":"publicsn"},{"@type":"BreadcrumbList","@id":"https:\/\/www.public.sn\/index.php\/2022\/11\/03\/affrontements-de-tchiky-le-procureur-de-mbour-va-se-prononcer-cet-apres-midi\/#breadcrumb","itemListElement":[{"@type":"ListItem","position":1,"name":"Accueil","item":"https:\/\/www.public.sn\/"},{"@type":"ListItem","position":2,"name":"Affrontements de Tchiky\u00a0: Le procureur de Mbour va se prononcer cet apr\u00e8s midi."}]},{"@type":"WebSite","@id":"https:\/\/www.public.sn\/#website","url":"https:\/\/www.public.sn\/","name":"LE PUBLIC","description":"","publisher":{"@id":"https:\/\/www.public.sn\/#organization"},"potentialAction":[{"@type":"SearchAction","target":{"@type":"EntryPoint","urlTemplate":"https:\/\/www.public.sn\/?s={search_term_string}"},"query-input":{"@type":"PropertyValueSpecification","valueRequired":true,"valueName":"search_term_string"}}],"inLanguage":"fr-FR"},{"@type":"Organization","@id":"https:\/\/www.public.sn\/#organization","name":"LE PUBLIC","url":"https:\/\/www.public.sn\/","logo":{"@type":"ImageObject","inLanguage":"fr-FR","@id":"https:\/\/www.public.sn\/#\/schema\/logo\/image\/","url":"https:\/\/www.public.sn\/wp-content\/uploads\/2024\/05\/cropped-LOGO-PUBLIC.SN_.png","contentUrl":"https:\/\/www.public.sn\/wp-content\/uploads\/2024\/05\/cropped-LOGO-PUBLIC.SN_.png","width":682,"height":192,"caption":"LE PUBLIC"},"image":{"@id":"https:\/\/www.public.sn\/#\/schema\/logo\/image\/"}},{"@type":"Person","@id":"https:\/\/www.public.sn\/#\/schema\/person\/cb76c8e1b8becc6be61fb5e92d6d0224","name":"LA REDACTION","image":{"@type":"ImageObject","inLanguage":"fr-FR","@id":"https:\/\/www.public.sn\/#\/schema\/person\/image\/","url":"https:\/\/secure.gravatar.com\/avatar\/2dce5ddd34b8fef0180efe03aa2a9bee7d953856048f9a16b298190a3178407c?s=96&d=mm&r=g","contentUrl":"https:\/\/secure.gravatar.com\/avatar\/2dce5ddd34b8fef0180efe03aa2a9bee7d953856048f9a16b298190a3178407c?s=96&d=mm&r=g","caption":"LA REDACTION"},"url":"https:\/\/www.public.sn\/index.php\/author\/editeurpsn\/"}]}},"jetpack_featured_media_url":"https:\/\/www.public.sn\/wp-content\/uploads\/2022\/11\/mamadou-diop.jpg","jetpack_sharing_enabled":true,"_links":{"self":[{"href":"https:\/\/www.public.sn\/index.php\/wp-json\/wp\/v2\/posts\/6815","targetHints":{"allow":["GET"]}}],"collection":[{"href":"https:\/\/www.public.sn\/index.php\/wp-json\/wp\/v2\/posts"}],"about":[{"href":"https:\/\/www.public.sn\/index.php\/wp-json\/wp\/v2\/types\/post"}],"author":[{"embeddable":true,"href":"https:\/\/www.public.sn\/index.php\/wp-json\/wp\/v2\/users\/7"}],"replies":[{"embeddable":true,"href":"https:\/\/www.public.sn\/index.php\/wp-json\/wp\/v2\/comments?post=6815"}],"version-history":[{"count":2,"href":"https:\/\/www.public.sn\/index.php\/wp-json\/wp\/v2\/posts\/6815\/revisions"}],"predecessor-version":[{"id":6818,"href":"https:\/\/www.public.sn\/index.php\/wp-json\/wp\/v2\/posts\/6815\/revisions\/6818"}],"wp:featuredmedia":[{"embeddable":true,"href":"https:\/\/www.public.sn\/index.php\/wp-json\/wp\/v2\/media\/6816"}],"wp:attachment":[{"href":"https:\/\/www.public.sn\/index.php\/wp-json\/wp\/v2\/media?parent=6815"}],"wp:term":[{"taxonomy":"category","embeddable":true,"href":"https:\/\/www.public.sn\/index.php\/wp-json\/wp\/v2\/categories?post=6815"},{"taxonomy":"post_tag","embeddable":true,"href":"https:\/\/www.public.sn\/index.php\/wp-json\/wp\/v2\/tags?post=6815"}],"curies":[{"name":"wp","href":"https:\/\/api.w.org\/{rel}","templated":true}]}}